{"id":1013482,"date":"2020-06-03T19:02:35","date_gmt":"2020-06-03T16:02:35","guid":{"rendered":"https:\/\/darkamazi.info\/?p=1013482"},"modified":"2020-06-03T19:02:35","modified_gmt":"2020-06-03T16:02:35","slug":"ismail-qaani-u-lahor-sex-cengi-de-kom-bin","status":"publish","type":"post","link":"https:\/\/darkamazi.info\/archives\/1013482","title":{"rendered":"\u00cesma&#8217;\u00eel Qaan\u00ee \u00fb Lahor \u015e\u00eax Ceng\u00ee d\u00ea kom bin"},"content":{"rendered":"<h3 style=\"text-align: justify\"><span style=\"font-family: 'arial black', sans-serif\">Fermandar\u00ea gi\u015ft\u00ee y\u00ea feyleqa Quds\u00ea a ser bi spay\u00ea pasdar\u00ean \u00ceran\u00ea, \u00eero gihi\u015ft\u00eeye Bexday\u00ea, ev yek hemwexte li gel serdana Lahor \u015e\u00eax Ceng\u00ee, hevserok\u00ea Yek\u00eet\u00eeya Ni\u015ft\u00eeman\u00ee ya Kurdistan\u00ea.<\/span><\/h3>\n<h3 style=\"text-align: justify\">\u00cesma&#8217;\u00eel Qaan\u00ee, fermandar\u00ea feyleqa Quds\u00ea a gir\u00eaday\u00ee spay\u00ea pasdar\u00ean \u00ceran\u00ea, \u00eero roja \u00e7ar\u015fem\u00ee 3\/6\/2020an gihi\u015ft\u00eeye Bexda paytexta \u00ceraq\u00ea, Qaan\u00ee li gel w\u00ee \u015fand\u00ea \u00ceran\u00ea hat\u00eeye ku \u00eero bi serokt\u00eeya wez\u00eer\u00ea wuz\u00ea gih\u00ee\u015ftine.<\/h3>\n<h3 style=\"text-align: justify\">Medyaya \u00ceraq\u00ea dest n\u00ee\u015fan kirine ku Qaan\u00ee bi ferm\u00ee daxwaza v\u00eezeya \u00ceraq\u00ea ji wezareta kar\u00ean derve kirb\u00fb.<\/h3>\n<h3 style=\"text-align: justify\">Li gor \u00e7avkaniy\u00ean p\u00eageha &#8220;Darka Maz\u00ee&#8221; li Ba\u015f\u00fbr\u00ea Kurdistan\u00ea, Lahor \u015e\u00eax Ceng\u00ee Hevserok\u00ea Yek\u00eet\u00eeya Ni\u015ft\u00eeman\u00ee ya Kurdistan\u00ea j\u00ee \u00eero serdana Bexday\u00ea kir\u00eeye, ev serdan hemwexta gih\u00ee\u015ftina \u00cesma\u2019\u00eel Qaan\u00ee b\u00fb.<\/h3>\n<h3 style=\"text-align: justify\">Lahor \u015f\u00eax ceng\u00ee li Bexday\u00ea li gel Serok\u00ea parlamentoya \u00ceraq\u00ea Mihemed Helb\u00fbs\u00ee civ\u00eeyaye \u00fb herweha w\u00ea li gel hinek rayedar\u00ean din y\u00ean \u00ceraq\u00ea bicive.<\/h3>\n<h3 style=\"text-align: justify\">\u00c7avkaniy\u00ean p\u00eageha &#8220;Darka Maz\u00ee&#8221; li Ba\u015f\u00fbr\u00ea Kurdistan\u00ea e\u015fkere kirine, Lahor \u015e\u00eax Ceng\u00ee \u00fb \u00cesma\u2019\u00eel Qaan\u00ee w\u00ea li Bexday\u00ea bicivin.<\/h3>\n<h3 style=\"text-align: justify\">Pa\u015f ku\u015ftina Qasim Suleyman\u00ee, fermandar\u00ea ber\u00ea y\u00ea spay\u00ea pasdaran li n\u00eaz\u00ee balefirxaneya Bexday\u00ea, raber\u00ea \u015eore\u015fa \u00ceslam\u00ee ya \u00ceran\u00ea Ayetullah El\u00ee Xameney\u00ee, \u00cesma\u2019\u00eel Qaan\u00ee li w\u00ea post\u00ea wez\u00eefedar kir, ev j\u00ee dibe serdana duyem ya v\u00ee Rayedar\u00ea berz \u00ea \u00eeran\u00ee ji bo \u00ceraq\u00ea.<\/h3>\n","protected":false},"excerpt":{"rendered":"<p>Fermandar\u00ea gi\u015ft\u00ee y\u00ea feyleqa Quds\u00ea a ser bi spay\u00ea pasdar\u00ean \u00ceran\u00ea, \u00eero gihi\u015ft\u00eeye Bexday\u00ea, ev yek hemwexte li gel serdana Lahor \u015e\u00eax Ceng\u00ee, hevserok\u00ea Yek\u00eet\u00eeya Ni\u015ft\u00eeman\u00ee ya Kurdistan\u00ea. \u00cesma&#8217;\u00eel Qaan\u00ee, fermandar\u00ea feyleqa Quds\u00ea a gir\u00eaday\u00ee spay\u00ea pasdar\u00ean \u00ceran\u00ea, \u00eero roja \u00e7ar\u015fem\u00ee 3\/6\/2020an gihi\u015ft\u00eeye Bexda paytexta \u00ceraq\u00ea, Qaan\u00ee li gel w\u00ee \u015fand\u00ea \u00ceran\u00ea hat\u00eeye ku \u00eero [&hellip;]<\/p>\n","protected":false},"author":2,"featured_media":1013483,"comment_status":"closed","ping_status":"closed","sticky":false,"template":"","format":"standard","meta":{"footnotes":""},"categories":[29],"tags":[37],"class_list":["post-1013482","post","type-post","status-publish","format-standard","has-post-thumbnail","hentry","category-kurdistan","tag-sereke"],"blocksy_meta":[],"seo_head":"<!-- This site is optimized with the Yoast SEO plugin v27.5 - https:\/\/yoast.com\/product\/yoast-seo-wordpress\/ -->\n<title>\u00cesma&#039;\u00eel Qaan\u00ee \u00fb Lahor \u015e\u00eax Ceng\u00ee d\u00ea kom bin - Darka Maz\u00ee<\/title>\n<meta name=\"robots\" content=\"index, follow, max-snippet:-1, max-image-preview:large, max-video-preview:-1\" \/>\n<link rel=\"canonical\" href=\"https:\/\/darkamazi.info\/archives\/1013482\" \/>\n<meta property=\"og:locale\" content=\"en_US\" \/>\n<meta property=\"og:type\" content=\"article\" \/>\n<meta property=\"og:title\" content=\"\u00cesma&#039;\u00eel Qaan\u00ee \u00fb Lahor \u015e\u00eax Ceng\u00ee d\u00ea kom bin - Darka Maz\u00ee\" \/>\n<meta property=\"og:description\" content=\"Fermandar\u00ea gi\u015ft\u00ee y\u00ea feyleqa Quds\u00ea a ser bi spay\u00ea pasdar\u00ean \u00ceran\u00ea, \u00eero gihi\u015ft\u00eeye Bexday\u00ea, ev yek hemwexte li gel serdana Lahor \u015e\u00eax Ceng\u00ee, hevserok\u00ea Yek\u00eet\u00eeya Ni\u015ft\u00eeman\u00ee ya Kurdistan\u00ea. \u00cesma&#8217;\u00eel Qaan\u00ee, fermandar\u00ea feyleqa Quds\u00ea a gir\u00eaday\u00ee spay\u00ea pasdar\u00ean \u00ceran\u00ea, \u00eero roja \u00e7ar\u015fem\u00ee 3\/6\/2020an gihi\u015ft\u00eeye Bexda paytexta \u00ceraq\u00ea, Qaan\u00ee li gel w\u00ee \u015fand\u00ea \u00ceran\u00ea hat\u00eeye ku \u00eero [&hellip;]\" \/>\n<meta property=\"og:url\" content=\"https:\/\/darkamazi.info\/archives\/1013482\" \/>\n<meta property=\"og:site_name\" content=\"Darka Maz\u00ee\" \/>\n<meta property=\"article:publisher\" content=\"https:\/\/www.facebook.com\/DarMaziKurmanci\" \/>\n<meta property=\"article:published_time\" content=\"2020-06-03T16:02:35+00:00\" \/>\n<meta property=\"og:image\" content=\"https:\/\/darkamazi.info\/file\/2020\/06\/Lahur-qaani.jpg\" \/>\n\t<meta property=\"og:image:width\" content=\"822\" \/>\n\t<meta property=\"og:image:height\" content=\"454\" \/>\n\t<meta property=\"og:image:type\" content=\"image\/jpeg\" \/>\n<meta name=\"author\" content=\"darka mazi\" \/>\n<meta name=\"twitter:card\" content=\"summary_large_image\" \/>\n<meta name=\"twitter:creator\" content=\"@DarkaMaziLatini\" \/>\n<meta name=\"twitter:site\" content=\"@DarkaMaziLatini\" \/>\n<meta name=\"twitter:label1\" content=\"Written by\" \/>\n\t<meta name=\"twitter:data1\" content=\"darka mazi\" \/>\n\t<meta name=\"twitter:label2\" content=\"Est. reading time\" \/>\n\t<meta name=\"twitter:data2\" content=\"1 minute\" \/>\n<script type=\"application\/ld+json\" class=\"seo-schema-graph\">{\"@context\":\"https:\\\/\\\/schema.org\",\"@graph\":[{\"@type\":\"Article\",\"@id\":\"https:\\\/\\\/darkamazi.info\\\/archives\\\/1013482#article\",\"isPartOf\":{\"@id\":\"https:\\\/\\\/darkamazi.info\\\/archives\\\/1013482\"},\"author\":{\"name\":\"darka mazi\",\"@id\":\"https:\\\/\\\/darkamazi.info\\\/#\\\/schema\\\/person\\\/5ad3e24553a0567993fa8ed4bd0a776c\"},\"headline\":\"\u00cesma&#8217;\u00eel Qaan\u00ee \u00fb Lahor \u015e\u00eax Ceng\u00ee d\u00ea kom bin\",\"datePublished\":\"2020-06-03T16:02:35+00:00\",\"mainEntityOfPage\":{\"@id\":\"https:\\\/\\\/darkamazi.info\\\/archives\\\/1013482\"},\"wordCount\":242,\"publisher\":{\"@id\":\"https:\\\/\\\/darkamazi.info\\\/#organization\"},\"image\":{\"@id\":\"https:\\\/\\\/darkamazi.info\\\/archives\\\/1013482#primaryimage\"},\"thumbnailUrl\":\"https:\\\/\\\/darkamazi.info\\\/darka-content\\\/uploads\\\/2020\\\/06\\\/Lahur-qaani.jpg\",\"keywords\":[\"sereke\"],\"articleSection\":[\"Kurdistan\"],\"inLanguage\":\"en-US\"},{\"@type\":\"WebPage\",\"@id\":\"https:\\\/\\\/darkamazi.info\\\/archives\\\/1013482\",\"url\":\"https:\\\/\\\/darkamazi.info\\\/archives\\\/1013482\",\"name\":\"\u00cesma'\u00eel Qaan\u00ee \u00fb Lahor \u015e\u00eax Ceng\u00ee d\u00ea kom bin - Darka Maz\u00ee\",\"isPartOf\":{\"@id\":\"https:\\\/\\\/darkamazi.info\\\/#website\"},\"primaryImageOfPage\":{\"@id\":\"https:\\\/\\\/darkamazi.info\\\/archives\\\/1013482#primaryimage\"},\"image\":{\"@id\":\"https:\\\/\\\/darkamazi.info\\\/archives\\\/1013482#primaryimage\"},\"thumbnailUrl\":\"https:\\\/\\\/darkamazi.info\\\/darka-content\\\/uploads\\\/2020\\\/06\\\/Lahur-qaani.jpg\",\"datePublished\":\"2020-06-03T16:02:35+00:00\",\"breadcrumb\":{\"@id\":\"https:\\\/\\\/darkamazi.info\\\/archives\\\/1013482#breadcrumb\"},\"inLanguage\":\"en-US\",\"potentialAction\":[{\"@type\":\"ReadAction\",\"target\":[\"https:\\\/\\\/darkamazi.info\\\/archives\\\/1013482\"]}]},{\"@type\":\"ImageObject\",\"inLanguage\":\"en-US\",\"@id\":\"https:\\\/\\\/darkamazi.info\\\/archives\\\/1013482#primaryimage\",\"url\":\"https:\\\/\\\/darkamazi.info\\\/darka-content\\\/uploads\\\/2020\\\/06\\\/Lahur-qaani.jpg\",\"contentUrl\":\"https:\\\/\\\/darkamazi.info\\\/darka-content\\\/uploads\\\/2020\\\/06\\\/Lahur-qaani.jpg\",\"width\":822,\"height\":454,\"caption\":\"\u00cesma'\u00eel Qaan\u00ee \u00fb Lahor \u015e\u00eax Ceng\u00ee d\u00ea kom bin\"},{\"@type\":\"BreadcrumbList\",\"@id\":\"https:\\\/\\\/darkamazi.info\\\/archives\\\/1013482#breadcrumb\",\"itemListElement\":[{\"@type\":\"ListItem\",\"position\":1,\"name\":\"Home\",\"item\":\"https:\\\/\\\/darkamazi.info\\\/\"},{\"@type\":\"ListItem\",\"position\":2,\"name\":\"\u00cesma&#8217;\u00eel Qaan\u00ee \u00fb Lahor \u015e\u00eax Ceng\u00ee d\u00ea kom bin\"}]},{\"@type\":\"WebSite\",\"@id\":\"https:\\\/\\\/darkamazi.info\\\/#website\",\"url\":\"https:\\\/\\\/darkamazi.info\\\/\",\"name\":\"Darka Maz\u00ee\",\"description\":\"P\u00eageha Zanyariy\u00ean Nebih\u00eest\u00ee\",\"publisher\":{\"@id\":\"https:\\\/\\\/darkamazi.info\\\/#organization\"},\"potentialAction\":[{\"@type\":\"SearchAction\",\"target\":{\"@type\":\"EntryPoint\",\"urlTemplate\":\"https:\\\/\\\/darkamazi.info\\\/?s={search_term_string}\"},\"query-input\":{\"@type\":\"PropertyValueSpecification\",\"valueRequired\":true,\"valueName\":\"search_term_string\"}}],\"inLanguage\":\"en-US\"},{\"@type\":\"Organization\",\"@id\":\"https:\\\/\\\/darkamazi.info\\\/#organization\",\"name\":\"Darka Maz\u00ee\",\"url\":\"https:\\\/\\\/darkamazi.info\\\/\",\"logo\":{\"@type\":\"ImageObject\",\"inLanguage\":\"en-US\",\"@id\":\"https:\\\/\\\/darkamazi.info\\\/#\\\/schema\\\/logo\\\/image\\\/\",\"url\":\"https:\\\/\\\/darkamazi.info\\\/darka-content\\\/uploads\\\/2017\\\/12\\\/darka-mazi-logo.png\",\"contentUrl\":\"https:\\\/\\\/darkamazi.info\\\/darka-content\\\/uploads\\\/2017\\\/12\\\/darka-mazi-logo.png\",\"width\":151,\"height\":75,\"caption\":\"Darka Maz\u00ee\"},\"image\":{\"@id\":\"https:\\\/\\\/darkamazi.info\\\/#\\\/schema\\\/logo\\\/image\\\/\"},\"sameAs\":[\"https:\\\/\\\/www.facebook.com\\\/DarMaziKurmanci\",\"https:\\\/\\\/x.com\\\/DarkaMaziLatini\",\"https:\\\/\\\/www.instagram.com\\\/darkamazi.kurmanci\\\/\",\"https:\\\/\\\/www.youtube.com\\\/channel\\\/UCa5HkTdmI8U1qCUFuTw8B2g\"]},{\"@type\":\"Person\",\"@id\":\"https:\\\/\\\/darkamazi.info\\\/#\\\/schema\\\/person\\\/5ad3e24553a0567993fa8ed4bd0a776c\",\"name\":\"darka mazi\",\"sameAs\":[\"https:\\\/\\\/darkamazi.info\\\/\"],\"url\":\"https:\\\/\\\/darkamazi.info\\\/archives\\\/author\\\/kurdi\"}]}<\/script>\n<!-- \/ Yoast SEO plugin. -->","seo_head_json":{"title":"\u00cesma'\u00eel Qaan\u00ee \u00fb Lahor \u015e\u00eax Ceng\u00ee d\u00ea kom bin - Darka Maz\u00ee","robots":{"index":"index","follow":"follow","max-snippet":"max-snippet:-1","max-image-preview":"max-image-preview:large","max-video-preview":"max-video-preview:-1"},"canonical":"https:\/\/darkamazi.info\/archives\/1013482","og_locale":"en_US","og_type":"article","og_title":"\u00cesma'\u00eel Qaan\u00ee \u00fb Lahor \u015e\u00eax Ceng\u00ee d\u00ea kom bin - Darka Maz\u00ee","og_description":"Fermandar\u00ea gi\u015ft\u00ee y\u00ea feyleqa Quds\u00ea a ser bi spay\u00ea pasdar\u00ean \u00ceran\u00ea, \u00eero gihi\u015ft\u00eeye Bexday\u00ea, ev yek hemwexte li gel serdana Lahor \u015e\u00eax Ceng\u00ee, hevserok\u00ea Yek\u00eet\u00eeya Ni\u015ft\u00eeman\u00ee ya Kurdistan\u00ea. \u00cesma&#8217;\u00eel Qaan\u00ee, fermandar\u00ea feyleqa Quds\u00ea a gir\u00eaday\u00ee spay\u00ea pasdar\u00ean \u00ceran\u00ea, \u00eero roja \u00e7ar\u015fem\u00ee 3\/6\/2020an gihi\u015ft\u00eeye Bexda paytexta \u00ceraq\u00ea, Qaan\u00ee li gel w\u00ee \u015fand\u00ea \u00ceran\u00ea hat\u00eeye ku \u00eero [&hellip;]","og_url":"https:\/\/darkamazi.info\/archives\/1013482","og_site_name":"Darka Maz\u00ee","article_publisher":"https:\/\/www.facebook.com\/DarMaziKurmanci","article_published_time":"2020-06-03T16:02:35+00:00","og_image":[{"width":822,"height":454,"url":"https:\/\/darkamazi.info\/file\/2020\/06\/Lahur-qaani.jpg","type":"image\/jpeg"}],"author":"darka mazi","twitter_card":"summary_large_image","twitter_creator":"@DarkaMaziLatini","twitter_site":"@DarkaMaziLatini","twitter_misc":{"Written by":"darka mazi","Est. reading time":"1 minute"},"schema":{"@context":"https:\/\/schema.org","@graph":[{"@type":"Article","@id":"https:\/\/darkamazi.info\/archives\/1013482#article","isPartOf":{"@id":"https:\/\/darkamazi.info\/archives\/1013482"},"author":{"name":"darka mazi","@id":"https:\/\/darkamazi.info\/#\/schema\/person\/5ad3e24553a0567993fa8ed4bd0a776c"},"headline":"\u00cesma&#8217;\u00eel Qaan\u00ee \u00fb Lahor \u015e\u00eax Ceng\u00ee d\u00ea kom bin","datePublished":"2020-06-03T16:02:35+00:00","mainEntityOfPage":{"@id":"https:\/\/darkamazi.info\/archives\/1013482"},"wordCount":242,"publisher":{"@id":"https:\/\/darkamazi.info\/#organization"},"image":{"@id":"https:\/\/darkamazi.info\/archives\/1013482#primaryimage"},"thumbnailUrl":"https:\/\/darkamazi.info\/file\/2020\/06\/Lahur-qaani.jpg","keywords":["sereke"],"articleSection":["Kurdistan"],"inLanguage":"en-US"},{"@type":"WebPage","@id":"https:\/\/darkamazi.info\/archives\/1013482","url":"https:\/\/darkamazi.info\/archives\/1013482","name":"\u00cesma'\u00eel Qaan\u00ee \u00fb Lahor \u015e\u00eax Ceng\u00ee d\u00ea kom bin - Darka Maz\u00ee","isPartOf":{"@id":"https:\/\/darkamazi.info\/#website"},"primaryImageOfPage":{"@id":"https:\/\/darkamazi.info\/archives\/1013482#primaryimage"},"image":{"@id":"https:\/\/darkamazi.info\/archives\/1013482#primaryimage"},"thumbnailUrl":"https:\/\/darkamazi.info\/file\/2020\/06\/Lahur-qaani.jpg","datePublished":"2020-06-03T16:02:35+00:00","breadcrumb":{"@id":"https:\/\/darkamazi.info\/archives\/1013482#breadcrumb"},"inLanguage":"en-US","potentialAction":[{"@type":"ReadAction","target":["https:\/\/darkamazi.info\/archives\/1013482"]}]},{"@type":"ImageObject","inLanguage":"en-US","@id":"https:\/\/darkamazi.info\/archives\/1013482#primaryimage","url":"https:\/\/darkamazi.info\/file\/2020\/06\/Lahur-qaani.jpg","contentUrl":"https:\/\/darkamazi.info\/file\/2020\/06\/Lahur-qaani.jpg","width":822,"height":454,"caption":"\u00cesma'\u00eel Qaan\u00ee \u00fb Lahor \u015e\u00eax Ceng\u00ee d\u00ea kom bin"},{"@type":"BreadcrumbList","@id":"https:\/\/darkamazi.info\/archives\/1013482#breadcrumb","itemListElement":[{"@type":"ListItem","position":1,"name":"Home","item":"https:\/\/darkamazi.info\/"},{"@type":"ListItem","position":2,"name":"\u00cesma&#8217;\u00eel Qaan\u00ee \u00fb Lahor \u015e\u00eax Ceng\u00ee d\u00ea kom bin"}]},{"@type":"WebSite","@id":"https:\/\/darkamazi.info\/#website","url":"https:\/\/darkamazi.info\/","name":"Darka Maz\u00ee","description":"P\u00eageha Zanyariy\u00ean Nebih\u00eest\u00ee","publisher":{"@id":"https:\/\/darkamazi.info\/#organization"},"potentialAction":[{"@type":"SearchAction","target":{"@type":"EntryPoint","urlTemplate":"https:\/\/darkamazi.info\/?s={search_term_string}"},"query-input":{"@type":"PropertyValueSpecification","valueRequired":true,"valueName":"search_term_string"}}],"inLanguage":"en-US"},{"@type":"Organization","@id":"https:\/\/darkamazi.info\/#organization","name":"Darka Maz\u00ee","url":"https:\/\/darkamazi.info\/","logo":{"@type":"ImageObject","inLanguage":"en-US","@id":"https:\/\/darkamazi.info\/#\/schema\/logo\/image\/","url":"https:\/\/darkamazi.info\/file\/2017\/12\/darka-mazi-logo.png","contentUrl":"https:\/\/darkamazi.info\/file\/2017\/12\/darka-mazi-logo.png","width":151,"height":75,"caption":"Darka Maz\u00ee"},"image":{"@id":"https:\/\/darkamazi.info\/#\/schema\/logo\/image\/"},"sameAs":["https:\/\/www.facebook.com\/DarMaziKurmanci","https:\/\/x.com\/DarkaMaziLatini","https:\/\/www.instagram.com\/darkamazi.kurmanci\/","https:\/\/www.youtube.com\/channel\/UCa5HkTdmI8U1qCUFuTw8B2g"]},{"@type":"Person","@id":"https:\/\/darkamazi.info\/#\/schema\/person\/5ad3e24553a0567993fa8ed4bd0a776c","name":"darka mazi","sameAs":["https:\/\/darkamazi.info\/"],"url":"https:\/\/darkamazi.info\/archives\/author\/kurdi"}]}},"_links":{"self":[{"href":"https:\/\/darkamazi.info\/funavuv\/wp\/v2\/posts\/1013482","targetHints":{"allow":["GET"]}}],"collection":[{"href":"https:\/\/darkamazi.info\/funavuv\/wp\/v2\/posts"}],"about":[{"href":"https:\/\/darkamazi.info\/funavuv\/wp\/v2\/types\/post"}],"author":[{"embeddable":true,"href":"https:\/\/darkamazi.info\/funavuv\/wp\/v2\/users\/2"}],"replies":[{"embeddable":true,"href":"https:\/\/darkamazi.info\/funavuv\/wp\/v2\/comments?post=1013482"}],"version-history":[{"count":0,"href":"https:\/\/darkamazi.info\/funavuv\/wp\/v2\/posts\/1013482\/revisions"}],"wp:featuredmedia":[{"embeddable":true,"href":"https:\/\/darkamazi.info\/funavuv\/wp\/v2\/media\/1013483"}],"wp:attachment":[{"href":"https:\/\/darkamazi.info\/funavuv\/wp\/v2\/media?parent=1013482"}],"wp:term":[{"taxonomy":"category","embeddable":true,"href":"https:\/\/darkamazi.info\/funavuv\/wp\/v2\/categories?post=1013482"},{"taxonomy":"post_tag","embeddable":true,"href":"https:\/\/darkamazi.info\/funavuv\/wp\/v2\/tags?post=1013482"}],"curies":[{"name":"wp","href":"https:\/\/api.w.org\/{rel}","templated":true}]}}