{"id":1014132,"date":"2021-01-16T20:00:01","date_gmt":"2021-01-16T17:00:01","guid":{"rendered":"https:\/\/darkamazi.info\/?p=1014132"},"modified":"2021-08-03T22:44:42","modified_gmt":"2021-08-03T19:44:42","slug":"ji-lahor-cengi-qehreman-avakirin","status":"publish","type":"post","link":"https:\/\/darkamazi.info\/archives\/1014132","title":{"rendered":"Ji Lahor Ceng\u00ee qehreman avakirin &#8211; Be\u015f\u00ea 1"},"content":{"rendered":"<div class=\"wpb-content-wrapper\"><p>[darkamazi_row][darkamazi_column][darkamazi_video link=&#8221;https:\/\/www.youtube.com\/watch?v=-jPSdc6RODY&#8221; align=&#8221;center&#8221;][darkamazi_column_text]<\/p>\n<h3 style=\"text-align: justify;\"><span style=\"font-family: 'arial black', sans-serif;\">Be\u015f\u00ea yek\u00ea:<\/span><\/h3>\n<h3 style=\"text-align: center;\"><span style=\"font-family: 'arial black', sans-serif; color: #8c0303;\">LI YNK \u00ca DA SER B\u00dbNE LING, LING B\u00dbNE SER<\/span><\/h3>\n<h3 style=\"text-align: justify;\">Kurd van dem\u00ean dawiy\u00ea nav\u00ea Lahor Ceng\u00ee pirr gul\u00ea dibin, gel\u00ea ba\u015f\u00fbr bi taybet\u00ee j\u00ee gel\u00ea Sil\u00eamaniy\u00ea bi salane Lahor Ceng\u00ee nas dikin, kurdistan\u00ee y\u00ean Ba\u015f\u00fbr Lahor Ceng\u00ee weke kesek\u00ee ku li gomirk\u00ean s\u00eenor\u00ee y\u00ean dinavbera Her\u00eama Ba\u015f\u00fbr\u00ea Kurdistan\u00ea \u00fb Rojhilat\u00ea Kurdistan\u00ea dest didan\u00ee ser dahat\u00ea wan gomirkan, kesek\u00ee ku di gel hik\u00fbmeta navend\u00ee ya &#8216;\u00ceraq\u00ea li ser firotina Kerk\u00fbk\u00ea peyman \u00e7\u00eakir\u00ee \u00fb li \u015fer\u00eeke \u00fb \u00eehalan kom\u00eesyon wergirt\u00ee, wek kesayet\u00ee j\u00ee kesek\u00ee bi kerb\u00fbk\u00een \u00fb lawaz t\u00ea naskirin \u00fb jiyana w\u00ee hem\u00fb megez\u00eenek rengawrenge, l\u00ea bel\u00ea hinek layen dixwazin Lahor \u015f\u00eax Ceng\u00ee bi v\u00ea pirofayl\u00ea ve weke kesek\u00ee wilatpar\u00eaz, qehreman \u00fb har\u00eekarxwaz ji bo Rojava bidin n\u00ee\u015fandan, gelo rastiya Lahor \u015f\u00eax Ceng\u00ee k\u00eejan ji vane ye.<\/h3>\n<h3 style=\"text-align: center;\"><span style=\"color: #8c0303; font-family: 'arial black', sans-serif;\">LAHOR CENG\u00ce K\u00ceYE?<\/span><\/h3>\n<h3 style=\"text-align: justify;\">Lahor \u015f\u00eax Ceng\u00ee sala 1976an li bajar\u00ea Hewl\u00ear\u00ea ji dayk b\u00fbye, ew j\u00ee weke hem\u00fb malbata talebaniyan heya demek\u00ee li \u00ceran\u00ea jiya ye \u00fb mezin b\u00fbye \u00fb perwerda xwe li Ber\u00eetanya wergirtiye, erka w\u00ee cara yekem di nava YNK \u00ea de sala 1999-2000 b\u00fb dema ku weke n\u00fbner\u00ea YNK \u00ea li Tirkiy\u00ea dest b kar b\u00fby, wan salan di navbera YNK \u00ea \u00fb PKK\u00ea de peywend\u00ee pirr aloz b\u00fbn, ev aloz\u00ee li meha Eylola 2000\u00ea b\u00fbne sedema \u015ferek\u00ee ku 5 mehan berdewam kir, di v\u00ee \u015fer\u00ee de PKK\u00ea n\u00eaz\u00ee 250 \u00fb YNK \u00ea j\u00ee n\u00eaz\u00ee 500 wenday\u00ee dan, li w\u00ea dem\u00ea PKK\u00ea peywendiy\u00ean dinavbera Tirkiy\u00ea \u00fb YNK \u00ea rexne dikir \u00fb digot YNK e \u00eestixbarata derbar\u00ea PKK\u00ea de dide Tirkiy\u00ea, ev peywendiy\u00ean\u00a0 Lahor Ceng\u00ee digel Tirkiy\u00ea bingeh\u00ea xwe h\u00eajan li wan salan werdigire, ew h\u00eaza li ser Tirkiy\u00ea ya ku li Sil\u00eamaniy\u00ea c\u00ee b\u00fby TIT &#8220;t\u00eema \u00eestixbarata Tirkiy\u00ea&#8221; li ser dema n\u00fbneratiya Lahor \u015f\u00eax Ceng\u00ee li Tirkiy\u00ea hatb\u00fb avakirin, sala 2002\u00ea ji b\u00fby kom kirina h\u00eaz\u00ean taybet y\u00ean ser bi YNK \u00ea ve Lahor hat erkdar kirin l\u00ea bel\u00ea pi\u015ft\u00ee demek\u00ee Lahor ev h\u00eaze ji b\u00fb berjewendiy\u00ean xwe y\u00ean \u015fexs\u00ee bikar an\u00ee \u00fb ket dinava hinek tenz\u00eem\u00ean mafyawar\u00ee bi zor\u00ee ji xelk\u00ea bac standin \u00fb karek\u00ee ne bin fermana YNK \u00ea de me\u015fand, li ser v\u00ea xebata w\u00ee raste rast Mam Celal mudaxele kir \u00fb bi tund\u00ee Lahor rexne kir, Lahor Ceng\u00ee heya ku Mam Celal li ser erka xwe ya partiy\u00ea b\u00fb ne xwed\u00ee tu desthilatek\u00ee ber\u00e7av b\u00fb, ber\u00ee ku Mam Celal li sala 2012an nexwe\u015f bibe ev kes\u00ean ku dixwest dinava YNK \u00ea de wez\u00eefeya xwe ji bo diz\u00eeyan bikar b\u00eenin ne bes ten\u00ea ev kese belku Bav\u00eal taleban\u00ee j\u00ee ku niha digel Lahor hevserok e tu pileyek h\u00eezb\u00ee p\u00ea nedihat day\u00een, gel\u00ea Sil\u00eamaniy\u00ea bi xwe dib\u00eaje ku dema Mam Celal di rew\u015feke ba\u015f de b\u00fb, kesek pirs\u00ea ji Mam Celal dike te \u00e7end kur hene? Mam weke nokte di bersiv\u00ea de dib\u00eaje: &#8220;min kurek \u00fb kerek hene&#8221;, li virr mebesta Mam Celal bi ker Bav\u00eal \u00ea kur\u00ea w\u00ee b\u00fb ku niha b\u00fbye hevserok\u00ea YNK \u00ea, ew kes\u00ean Mam Celal li d\u00fbr\u00ee partiya xwe dih\u00ee\u015ftin niha b\u00fbne hevserok\u00ean part\u00eeya w\u00ee.<\/h3>\n<h3 style=\"text-align: center;\"><span style=\"color: #8c0303; font-family: 'arial black', sans-serif;\">LING BO SER, SER BO LING<\/span><\/h3>\n<h3 style=\"text-align: justify;\">Pi\u015ft\u00ee sala 2005an Mam Celal b\u00fby Serok Komar\u00ea \u00ceraq\u00ea, kar\u00ea partiy\u00ea pi\u015ft guh xist \u00fb p\u00eatir gir\u00eeng\u00ee bi kar\u00ea xwe weke serok komar\u00ea \u00ceraq\u00ea da, \u00ead\u00ee YNK e bi kar\u00eezma Mam Celal \u00fb hevalr\u00eay\u00ean w\u00ee weke Kosret Res\u00fbl, Mela Bext\u00eeyar, \u015e\u00eax Cehfer, Berhem Salih dihat me\u015fandin, ev ek\u00eeb di xeta YNK \u00ea de bi biryar b\u00fbn, xwed\u00ee mebde b\u00fbn \u00fb di war\u00ea hizr\u00ee de j\u00ee Kurdistan\u00ee b\u00fbn, v\u00ea navber\u00ea da H\u00earo \u00cebrah\u00eem xwe wek c\u00eag\u00eera Mam Celal erkdar kir, H\u00earo y\u00ea \u00eemt\u00eeyaz\u00ean malbat\u00ea \u00fb nav\u00ea Mam Celal \u00fb malbata w\u00ee ji bo xwe weke fersend bikar an\u00een ji bo ku YNK \u00ea b\u00eaxe bin \u00e7eng\u00ean xwe, heman dem li ser dahat \u00fb asay\u00ee\u015f\u00ea j\u00ee xwe kir l\u00eavegera YNK \u00ea, ev qadroy\u00ean kevin ji v\u00ee kar\u00ee pirr neraz\u00ee b\u00fbn, jiberku H\u00earo y\u00ea yek\u00eetiya h\u00eezb\u00ee \u00e7\u00eanedikir, di nava helwest\u00ean malbat\u00ee de b\u00fb, dixwest hem\u00fb biryaran ew bi xwe bide, ev j\u00ee bo sedem ku di nava partiy\u00ea da nakok\u00ee \u00e7\u00eabibe, hev ne kirina van du gr\u00fbpa mecal\u00ea avakirina gr\u00fbpa s\u00eayem\u00een da, ev gr\u00fbpa s\u00eayem\u00een bi al\u00eekarya hinek h\u00eaz\u00ean din ava b\u00fb, sala 2013an Lahor \u015f\u00eax Ceng\u00ee did nava YNK \u00ea de bo berpirs\u00ea saziya her\u00ee gir\u00eeng ku bi saziya \u00eestixbarat\u00ee ya &#8220;Zanyar\u00ee&#8221; t\u00ea naskirin, her weha biray\u00ea w\u00ee \u00ea bi nav\u00ea Polat \u015e\u00eax Ceng\u00ee bo berpirs\u00ea h\u00eaz\u00ean taybet ku p\u00ea\u015f w\u00ee Lahor berpirs b\u00fb, erkdarkirina Lahor ne weke erkdar kirineke siru\u015ft\u00ee b\u00fb bi v\u00ea erkdar kirin\u00ea tifaqek\u00ee siyas\u00ee a kevin hat z\u00eend\u00ee kirin, ew gr\u00fbpa ku serk\u00ea\u015fiya w\u00ea H\u00earo xan \u00fb xu\u015fka w\u00ea \u015eanaz \u00cebrah\u00eem\u00ea dikir yan\u00ee malbata \u00cebrah\u00eem Ehmed ku li sala 75an YNK e damezrand b\u00fb peymana w\u00ea dem\u00ea ji n\u00fb ve z\u00eend\u00ee kir. Ev s\u00eestema hevserok\u00ee ya YNK \u00ea di bingeh\u00ea xwe de li ser mebde\u00ean hevsengiya dinavbera van du malbatan hatye avakirin, mirov dikare bib\u00eaje Bav\u00eal Taleban\u00ee bi ten\u00ea n\u00fbner\u00ea H\u00earo xan\u00ea \u00fb \u015eanaz\u00ea ye \u00fb bi ten\u00ea \u015fekle.<\/h3>\n<h3 style=\"text-align: center;\"><span style=\"color: #8c0303; font-family: 'arial black', sans-serif;\">QADROY\u00caN KEVIN DIH\u00caN TESFIYE KIRIN<\/span><\/h3>\n<h3 style=\"text-align: justify;\">Ew r\u00eaka Lahor ku ew ber bi Hevseroktiya YNK \u00ea bir\u00ee h\u00eaza \u00ceran\u00ea ye, \u00ceran\u00ea dizan\u00ee ku ew gr\u00fbpa kevin heya radeyek\u00ee w\u00ea bi mebde\u00ee n\u00eaz\u00ee pirsgir\u00eak\u00ean siyas\u00ee bibe lewra j\u00ee \u00ceran\u00ea xwest v\u00ea gr\u00fbpa han bide aliyek\u00ea \u00fb li \u015f\u00fbna wan kes\u00ean ku rojane bikarin p\u00eawendiyan digel \u00ceran\u00ea \u00e7\u00eabiken \u00fb bikare wan bime\u015f\u00eene di nava YNK \u00ea de serdest bike, \u00ceran dixwaze berpirs\u00ea yek\u00ea y\u00ea YNK \u00ea weke par\u00eazger\u00ea bajarek\u00ee \u00ceran\u00ea tevbigere ji ber w\u00ea j\u00ee gr\u00fbpa qadroy\u00ean kevin hat tesfiye kirin.<\/h3>\n<h3 style=\"text-align: justify;\">\u00ceran\u00ea nav\u00ean n\u00fb derxistin p\u00ea\u015f, \u00ceran\u00ea ev kese erkdar kirin \u00fb xistin nava xebat\u00ea, &#8216;Adil Murad li ser be\u015f\u00ea siyas\u00ee, Mela Bext\u00eeyar b\u00ea bandor kir d\u00eesan li Hewl\u00ear\u00ea Ar\u00eaz &#8216;Ebdulle li c\u00eeh\u00ea kesek\u00ee weke Kosret Res\u00fbl bi h\u00eaz derxistin p\u00ea\u015f, heman dem ala taleban\u00ee j\u00ee weke f\u00eegoreke siyas\u00ee derxist p\u00ea\u015f, hosta Res\u00fbl \u00fb Dixtor Xisrew Gol erka d\u00fbrxistina qadroy\u00ean kevin ji Mela Bext\u00eeyar da ser mil\u00ea xwe, \u015eanaz \u00cebrah\u00eem j\u00ee weke \u00e7avd\u00earek hat erkdar kirin, b\u00ea goman Lahor \u015f\u00eax Ceng\u00ee j\u00ee ji ber pa\u015fnav\u00ea xwe, ciwaniya xwe \u00fb h\u00eaza ab\u00fbr\u00ee \u00fb le\u015fkir\u00ee ya di dest w\u00ee de hat ber\u00e7av kirin.<\/h3>\n<h3 style=\"text-align: center;\"><span style=\"color: #8c0303; font-family: 'arial black', sans-serif;\">BANDORA PKK\u00ca LI SER LAHOR CENG\u00ce<\/span><\/h3>\n<h3 style=\"text-align: justify;\">Bi rast\u00ee hilbijartin\u00ean 2012an YNK \u00ea dirbeke mezin xwar b\u00fb \u00fb li dor xwe dizivir\u00ee, \u00ceran\u00ea xwest YNK \u00ea bi dest\u00ea wan nav\u00ean me li ser\u00ee bas kir\u00ee ji n\u00fb ve tenz\u00eem bike, ji bo kom\u00ee ser hevkirina YNK \u00ea, \u00ceran\u00ea PKK \u00fb Cem\u00eel Bayik j\u00ee erkdar kir, ji bo ew gr\u00fbpa \u00ceran\u00ea di nava YNK \u00ea de diyar kir\u00ee bih\u00eaz bibe Cem\u00eel Bayik xebatek mezin da me\u015fandin bi taybet\u00ee j\u00ee kes\u00ea di nava YNK \u00ea de Lahor Ceng\u00ee kr\u00ee xwed\u00ee h\u00eaz Cem\u00eel Bayik b\u00fb, ew p\u00eavajoya radest kirina Kerk\u00fbk\u00ea ji bo \u00ceraq\u00ea, Cem\u00eel Bayik \u00fb Lahor Ceng\u00ee bi hevre me\u015fandin, PKK\u00ea ew h\u00eaza xwe ya Daq\u00fbq \u00fb Tozxormato, p\u00ea\u015f ku \u00ear\u00ee\u015f dest p\u00ea bike bi 5 saetan li gel yek\u00eetiy\u00ea dinava kord\u00eeneyek\u00ea de pa\u015fve k\u00ea\u015fa, \u00eexaneta 16\u00ea Oktobera sala 2017an ya gr\u00fbpa Lahor \u015f\u00eax Ceng\u00ee \u00fb Bav\u00eal taleban\u00ee di d\u00eeroka Kurdistan\u00ea de \u00eexanetek\u00ee her\u00ee gemar \u00fb bi \u00ea\u015fe, ber\u00eeya \u00eexaneta Kerk\u00fbk\u00ea bi 4 rojan bi h\u00eeceta z\u00eeyaretkirina tirba Mam Celal Qasim Suleyman\u00ee hat Sil\u00eamaniy\u00ea, li Sil\u00eamaniy\u00ea digel YNK \u00ea \u00fb PKK\u00ea civ\u00eenek \u00e7\u00eakir, ji YNK \u00ea di civ\u00een\u00ea de Lahor \u015f\u00eax Ceng\u00ee, Hosta Res\u00fbl, Dixtor Xisro be\u015fdar bib\u00fbn, aliy\u00ea PKK\u00ea de Riza Alton endam\u00ea Konseya R\u00eaveber ya KCK\u00ea, ku yeke ji qadroy\u00ean kevin di nava KCK\u00ea da \u00fb Demhat &#8216;Eg\u00eed (Sey\u00eedxan Ayaz) endam\u00ea kom\u00eeteya d\u00eeplomas\u00ee ya PKK\u00ea, ku li 23\/10\/2019an li Sil\u00eamaniy\u00ea li \u00e7iyay\u00ea Ezmer ji aliy\u00ea balefir\u00ean dewleta Tirkiy\u00ea ve hat armanc kirin \u00fb jiyana xwe ji dest da be\u015fdar bib\u00fbn, di w\u00ea civ\u00een\u00ea de plan\u00ean p\u00ea\u015feroja ba\u015f\u00fbr\u00ea kurdistan\u00ea hat \u00e7\u00eakirin, \u015eengal, Mexm\u00fbr \u00fb hatin \u00fb \u00e7\u00fbna di nava h\u00eazan de \u00fb peywend\u00ee digel rojava avakirin hem\u00fb di w\u00ea civ\u00een\u00ea de hatin avakirin, yan\u00ee van aliyan s\u00fbnd li ser peymanek\u00ea xwar ji bo dijat\u00ee kirina PDK \u00ea \u00fb malbata Barzan\u00ee, \u015fir\u00eekatiyek stratej\u00eek li ser qederek hevbe\u015f hat \u00e7\u00eakirin, heman dem roja ku kurdan referandom \u00e7\u00eadikir li roja 25\/9\/2017an Lahor Ceng\u00ee digel taqma xwe bi firokeyek\u00ee &#8220;Karbo&#8221; a barhelgir ku tu kurs\u00eeyek j\u00ee ji bo r\u00fbni\u015ftin\u00ea t\u00eade n\u00eene, \u00e7\u00fbn daku li gel Bexday\u00ea hevd\u00eetinan \u00e7\u00eaken, ev \u00e7\u00fbna xwe j\u00ee bi w\u00eaneyek\u00ea di sosyal medyay\u00ea de parve kirin, ev w\u00eane w\u00eaney\u00ea \u00eexanet\u00ea b\u00fb.<\/h3>\n<p>[\/darkamazi_column_text][\/darkamazi_column][\/darkamazi_row][darkamazi_row css=&#8221;.darkamazi_custom_1623766742117{padding-bottom: 10px !important;}&#8221;][darkamazi_column][mpc_alert preset=&#8221;mpc_preset_24&#8243; icon=&#8221;eti eti_link&#8221; icon_color=&#8221;#ffffff&#8221; icon_size=&#8221;30&#8243; icon_background_color=&#8221;#df5461&#8243; icon_padding_divider=&#8221;true&#8221; icon_padding_css=&#8221;padding-top:25px;padding-right:25px;padding-bottom:25px;padding-left:25px;&#8221; font_preset=&#8221;mpc_preset_13&#8243; font_color=&#8221;#ffffff&#8221; font_size=&#8221;20&#8243; font_transform=&#8221;none&#8221; font_align=&#8221;center&#8221; content_padding_divider=&#8221;true&#8221; content_padding_css=&#8221;padding-top:10px;padding-right:15px;padding-bottom:0px;padding-left:15px;&#8221; background_type=&#8221;gradient&#8221; background_gradient=&#8221;#d14945||#e5825e||0;100||90||linear&#8221; border_divider=&#8221;true&#8221; border_css=&#8221;border-top:0px;border-right:0px;border-bottom:3px;border-left:0px;border-color:#bc3a5d;border-style:solid;border-radius:5px;&#8221; padding_divider=&#8221;true&#8221; margin_divider=&#8221;true&#8221;]<\/p>\n<h1 style=\"direction: ltr; text-align: center;\"><span style=\"font-size: 18pt;\"><a href=\"https:\/\/darkamazi.info\/archives\/1014150\" rel=\"noopener\"><span style=\"font-family: 'arial black', sans-serif; color: #ffffff;\">Ji bo d\u00eetina be\u015f\u00ea 2 kil\u00eek bike<\/span><\/a><\/span><\/h1>\n<p>[\/mpc_alert][\/darkamazi_column][\/darkamazi_row]<\/p>\n<\/div>","protected":false},"excerpt":{"rendered":"<p>[darkamazi_row][darkamazi_column][darkamazi_video link=&#8221;https:\/\/www.youtube.com\/watch?v=-jPSdc6RODY&#8221; align=&#8221;center&#8221;][darkamazi_column_text] Be\u015f\u00ea yek\u00ea: LI YNK \u00ca DA SER B\u00dbNE LING, LING B\u00dbNE SER Kurd van dem\u00ean dawiy\u00ea nav\u00ea Lahor Ceng\u00ee pirr gul\u00ea dibin, gel\u00ea ba\u015f\u00fbr bi taybet\u00ee j\u00ee gel\u00ea Sil\u00eamaniy\u00ea bi salane Lahor Ceng\u00ee nas dikin, kurdistan\u00ee y\u00ean Ba\u015f\u00fbr Lahor Ceng\u00ee weke kesek\u00ee ku li gomirk\u00ean s\u00eenor\u00ee y\u00ean dinavbera Her\u00eama Ba\u015f\u00fbr\u00ea Kurdistan\u00ea \u00fb [&hellip;]<\/p>\n","protected":false},"author":2,"featured_media":1014133,"comment_status":"closed","ping_status":"closed","sticky":false,"template":"epic_custom_post_template-1006382","format":"video","meta":{"footnotes":""},"categories":[65],"tags":[43],"class_list":["post-1014132","post","type-post","status-publish","format-video","has-post-thumbnail","hentry","category-vidiyo","tag-lahur-cengi","post_format-post-format-video"],"blocksy_meta":[],"seo_head":"<!-- This site is optimized with the Yoast SEO plugin v27.5 - https:\/\/yoast.com\/product\/yoast-seo-wordpress\/ -->\n<title>Ji Lahor Ceng\u00ee qehreman avakirin - Be\u015f\u00ea 1 - Darka Maz\u00ee<\/title>\n<meta name=\"robots\" content=\"index, follow, max-snippet:-1, max-image-preview:large, max-video-preview:-1\" \/>\n<link rel=\"canonical\" href=\"https:\/\/darkamazi.info\/archives\/1014132\" \/>\n<meta property=\"og:locale\" content=\"en_US\" \/>\n<meta property=\"og:type\" content=\"article\" \/>\n<meta property=\"og:title\" content=\"Ji Lahor Ceng\u00ee qehreman avakirin - Be\u015f\u00ea 1 - Darka Maz\u00ee\" \/>\n<meta property=\"og:description\" content=\"[darkamazi_row][darkamazi_column][darkamazi_video link=&#8221;https:\/\/www.youtube.com\/watch?v=-jPSdc6RODY&#8221; align=&#8221;center&#8221;][darkamazi_column_text] Be\u015f\u00ea yek\u00ea: LI YNK \u00ca DA SER B\u00dbNE LING, LING B\u00dbNE SER Kurd van dem\u00ean dawiy\u00ea nav\u00ea Lahor Ceng\u00ee pirr gul\u00ea dibin, gel\u00ea ba\u015f\u00fbr bi taybet\u00ee j\u00ee gel\u00ea Sil\u00eamaniy\u00ea bi salane Lahor Ceng\u00ee nas dikin, kurdistan\u00ee y\u00ean Ba\u015f\u00fbr Lahor Ceng\u00ee weke kesek\u00ee ku li gomirk\u00ean s\u00eenor\u00ee y\u00ean dinavbera Her\u00eama Ba\u015f\u00fbr\u00ea Kurdistan\u00ea \u00fb [&hellip;]\" \/>\n<meta property=\"og:url\" content=\"https:\/\/darkamazi.info\/archives\/1014132\" \/>\n<meta property=\"og:site_name\" content=\"Darka Maz\u00ee\" \/>\n<meta property=\"article:publisher\" content=\"https:\/\/www.facebook.com\/DarMaziKurmanci\" \/>\n<meta property=\"article:published_time\" content=\"2021-01-16T17:00:01+00:00\" \/>\n<meta property=\"article:modified_time\" content=\"2021-08-03T19:44:42+00:00\" \/>\n<meta property=\"og:image\" content=\"https:\/\/darkamazi.info\/file\/2020\/06\/Lahor-Besha-1.jpg\" \/>\n\t<meta property=\"og:image:width\" content=\"822\" \/>\n\t<meta property=\"og:image:height\" content=\"454\" \/>\n\t<meta property=\"og:image:type\" content=\"image\/jpeg\" \/>\n<meta name=\"author\" content=\"darka mazi\" \/>\n<meta name=\"twitter:card\" content=\"summary_large_image\" \/>\n<meta name=\"twitter:creator\" content=\"@DarkaMaziLatini\" \/>\n<meta name=\"twitter:site\" content=\"@DarkaMaziLatini\" \/>\n<meta name=\"twitter:label1\" content=\"Written by\" \/>\n\t<meta name=\"twitter:data1\" content=\"darka mazi\" \/>\n\t<meta name=\"twitter:label2\" content=\"Est. reading time\" \/>\n\t<meta name=\"twitter:data2\" content=\"7 minutes\" \/>\n<script type=\"application\/ld+json\" class=\"seo-schema-graph\">{\"@context\":\"https:\\\/\\\/schema.org\",\"@graph\":[{\"@type\":\"Article\",\"@id\":\"https:\\\/\\\/darkamazi.info\\\/archives\\\/1014132#article\",\"isPartOf\":{\"@id\":\"https:\\\/\\\/darkamazi.info\\\/archives\\\/1014132\"},\"author\":{\"name\":\"darka mazi\",\"@id\":\"https:\\\/\\\/darkamazi.info\\\/#\\\/schema\\\/person\\\/5ad3e24553a0567993fa8ed4bd0a776c\"},\"headline\":\"Ji Lahor Ceng\u00ee qehreman avakirin &#8211; Be\u015f\u00ea 1\",\"datePublished\":\"2021-01-16T17:00:01+00:00\",\"dateModified\":\"2021-08-03T19:44:42+00:00\",\"mainEntityOfPage\":{\"@id\":\"https:\\\/\\\/darkamazi.info\\\/archives\\\/1014132\"},\"wordCount\":1666,\"publisher\":{\"@id\":\"https:\\\/\\\/darkamazi.info\\\/#organization\"},\"image\":{\"@id\":\"https:\\\/\\\/darkamazi.info\\\/archives\\\/1014132#primaryimage\"},\"thumbnailUrl\":\"https:\\\/\\\/darkamazi.info\\\/darka-content\\\/uploads\\\/2020\\\/06\\\/Lahor-Besha-1.jpg\",\"keywords\":[\"Lahur Ceng\u00ee\"],\"articleSection\":[\"V\u00eed\u00eeyo\"],\"inLanguage\":\"en-US\"},{\"@type\":\"WebPage\",\"@id\":\"https:\\\/\\\/darkamazi.info\\\/archives\\\/1014132\",\"url\":\"https:\\\/\\\/darkamazi.info\\\/archives\\\/1014132\",\"name\":\"Ji Lahor Ceng\u00ee qehreman avakirin - Be\u015f\u00ea 1 - Darka Maz\u00ee\",\"isPartOf\":{\"@id\":\"https:\\\/\\\/darkamazi.info\\\/#website\"},\"primaryImageOfPage\":{\"@id\":\"https:\\\/\\\/darkamazi.info\\\/archives\\\/1014132#primaryimage\"},\"image\":{\"@id\":\"https:\\\/\\\/darkamazi.info\\\/archives\\\/1014132#primaryimage\"},\"thumbnailUrl\":\"https:\\\/\\\/darkamazi.info\\\/darka-content\\\/uploads\\\/2020\\\/06\\\/Lahor-Besha-1.jpg\",\"datePublished\":\"2021-01-16T17:00:01+00:00\",\"dateModified\":\"2021-08-03T19:44:42+00:00\",\"breadcrumb\":{\"@id\":\"https:\\\/\\\/darkamazi.info\\\/archives\\\/1014132#breadcrumb\"},\"inLanguage\":\"en-US\",\"potentialAction\":[{\"@type\":\"ReadAction\",\"target\":[\"https:\\\/\\\/darkamazi.info\\\/archives\\\/1014132\"]}]},{\"@type\":\"ImageObject\",\"inLanguage\":\"en-US\",\"@id\":\"https:\\\/\\\/darkamazi.info\\\/archives\\\/1014132#primaryimage\",\"url\":\"https:\\\/\\\/darkamazi.info\\\/darka-content\\\/uploads\\\/2020\\\/06\\\/Lahor-Besha-1.jpg\",\"contentUrl\":\"https:\\\/\\\/darkamazi.info\\\/darka-content\\\/uploads\\\/2020\\\/06\\\/Lahor-Besha-1.jpg\",\"width\":822,\"height\":454,\"caption\":\"Ji Lahor Ceng\u00ee qehreman avakirin\"},{\"@type\":\"BreadcrumbList\",\"@id\":\"https:\\\/\\\/darkamazi.info\\\/archives\\\/1014132#breadcrumb\",\"itemListElement\":[{\"@type\":\"ListItem\",\"position\":1,\"name\":\"Home\",\"item\":\"https:\\\/\\\/darkamazi.info\\\/\"},{\"@type\":\"ListItem\",\"position\":2,\"name\":\"Ji Lahor Ceng\u00ee qehreman avakirin &#8211; Be\u015f\u00ea 1\"}]},{\"@type\":\"WebSite\",\"@id\":\"https:\\\/\\\/darkamazi.info\\\/#website\",\"url\":\"https:\\\/\\\/darkamazi.info\\\/\",\"name\":\"Darka Maz\u00ee\",\"description\":\"P\u00eageha Zanyariy\u00ean Nebih\u00eest\u00ee\",\"publisher\":{\"@id\":\"https:\\\/\\\/darkamazi.info\\\/#organization\"},\"potentialAction\":[{\"@type\":\"SearchAction\",\"target\":{\"@type\":\"EntryPoint\",\"urlTemplate\":\"https:\\\/\\\/darkamazi.info\\\/?s={search_term_string}\"},\"query-input\":{\"@type\":\"PropertyValueSpecification\",\"valueRequired\":true,\"valueName\":\"search_term_string\"}}],\"inLanguage\":\"en-US\"},{\"@type\":\"Organization\",\"@id\":\"https:\\\/\\\/darkamazi.info\\\/#organization\",\"name\":\"Darka Maz\u00ee\",\"url\":\"https:\\\/\\\/darkamazi.info\\\/\",\"logo\":{\"@type\":\"ImageObject\",\"inLanguage\":\"en-US\",\"@id\":\"https:\\\/\\\/darkamazi.info\\\/#\\\/schema\\\/logo\\\/image\\\/\",\"url\":\"https:\\\/\\\/darkamazi.info\\\/darka-content\\\/uploads\\\/2017\\\/12\\\/darka-mazi-logo.png\",\"contentUrl\":\"https:\\\/\\\/darkamazi.info\\\/darka-content\\\/uploads\\\/2017\\\/12\\\/darka-mazi-logo.png\",\"width\":151,\"height\":75,\"caption\":\"Darka Maz\u00ee\"},\"image\":{\"@id\":\"https:\\\/\\\/darkamazi.info\\\/#\\\/schema\\\/logo\\\/image\\\/\"},\"sameAs\":[\"https:\\\/\\\/www.facebook.com\\\/DarMaziKurmanci\",\"https:\\\/\\\/x.com\\\/DarkaMaziLatini\",\"https:\\\/\\\/www.instagram.com\\\/darkamazi.kurmanci\\\/\",\"https:\\\/\\\/www.youtube.com\\\/channel\\\/UCa5HkTdmI8U1qCUFuTw8B2g\"]},{\"@type\":\"Person\",\"@id\":\"https:\\\/\\\/darkamazi.info\\\/#\\\/schema\\\/person\\\/5ad3e24553a0567993fa8ed4bd0a776c\",\"name\":\"darka mazi\",\"sameAs\":[\"https:\\\/\\\/darkamazi.info\\\/\"],\"url\":\"https:\\\/\\\/darkamazi.info\\\/archives\\\/author\\\/kurdi\"}]}<\/script>\n<!-- \/ Yoast SEO plugin. -->","seo_head_json":{"title":"Ji Lahor Ceng\u00ee qehreman avakirin - Be\u015f\u00ea 1 - Darka Maz\u00ee","robots":{"index":"index","follow":"follow","max-snippet":"max-snippet:-1","max-image-preview":"max-image-preview:large","max-video-preview":"max-video-preview:-1"},"canonical":"https:\/\/darkamazi.info\/archives\/1014132","og_locale":"en_US","og_type":"article","og_title":"Ji Lahor Ceng\u00ee qehreman avakirin - Be\u015f\u00ea 1 - Darka Maz\u00ee","og_description":"[darkamazi_row][darkamazi_column][darkamazi_video link=&#8221;https:\/\/www.youtube.com\/watch?v=-jPSdc6RODY&#8221; align=&#8221;center&#8221;][darkamazi_column_text] Be\u015f\u00ea yek\u00ea: LI YNK \u00ca DA SER B\u00dbNE LING, LING B\u00dbNE SER Kurd van dem\u00ean dawiy\u00ea nav\u00ea Lahor Ceng\u00ee pirr gul\u00ea dibin, gel\u00ea ba\u015f\u00fbr bi taybet\u00ee j\u00ee gel\u00ea Sil\u00eamaniy\u00ea bi salane Lahor Ceng\u00ee nas dikin, kurdistan\u00ee y\u00ean Ba\u015f\u00fbr Lahor Ceng\u00ee weke kesek\u00ee ku li gomirk\u00ean s\u00eenor\u00ee y\u00ean dinavbera Her\u00eama Ba\u015f\u00fbr\u00ea Kurdistan\u00ea \u00fb [&hellip;]","og_url":"https:\/\/darkamazi.info\/archives\/1014132","og_site_name":"Darka Maz\u00ee","article_publisher":"https:\/\/www.facebook.com\/DarMaziKurmanci","article_published_time":"2021-01-16T17:00:01+00:00","article_modified_time":"2021-08-03T19:44:42+00:00","og_image":[{"width":822,"height":454,"url":"https:\/\/darkamazi.info\/file\/2020\/06\/Lahor-Besha-1.jpg","type":"image\/jpeg"}],"author":"darka mazi","twitter_card":"summary_large_image","twitter_creator":"@DarkaMaziLatini","twitter_site":"@DarkaMaziLatini","twitter_misc":{"Written by":"darka mazi","Est. reading time":"7 minutes"},"schema":{"@context":"https:\/\/schema.org","@graph":[{"@type":"Article","@id":"https:\/\/darkamazi.info\/archives\/1014132#article","isPartOf":{"@id":"https:\/\/darkamazi.info\/archives\/1014132"},"author":{"name":"darka mazi","@id":"https:\/\/darkamazi.info\/#\/schema\/person\/5ad3e24553a0567993fa8ed4bd0a776c"},"headline":"Ji Lahor Ceng\u00ee qehreman avakirin &#8211; Be\u015f\u00ea 1","datePublished":"2021-01-16T17:00:01+00:00","dateModified":"2021-08-03T19:44:42+00:00","mainEntityOfPage":{"@id":"https:\/\/darkamazi.info\/archives\/1014132"},"wordCount":1666,"publisher":{"@id":"https:\/\/darkamazi.info\/#organization"},"image":{"@id":"https:\/\/darkamazi.info\/archives\/1014132#primaryimage"},"thumbnailUrl":"https:\/\/darkamazi.info\/file\/2020\/06\/Lahor-Besha-1.jpg","keywords":["Lahur Ceng\u00ee"],"articleSection":["V\u00eed\u00eeyo"],"inLanguage":"en-US"},{"@type":"WebPage","@id":"https:\/\/darkamazi.info\/archives\/1014132","url":"https:\/\/darkamazi.info\/archives\/1014132","name":"Ji Lahor Ceng\u00ee qehreman avakirin - Be\u015f\u00ea 1 - Darka Maz\u00ee","isPartOf":{"@id":"https:\/\/darkamazi.info\/#website"},"primaryImageOfPage":{"@id":"https:\/\/darkamazi.info\/archives\/1014132#primaryimage"},"image":{"@id":"https:\/\/darkamazi.info\/archives\/1014132#primaryimage"},"thumbnailUrl":"https:\/\/darkamazi.info\/file\/2020\/06\/Lahor-Besha-1.jpg","datePublished":"2021-01-16T17:00:01+00:00","dateModified":"2021-08-03T19:44:42+00:00","breadcrumb":{"@id":"https:\/\/darkamazi.info\/archives\/1014132#breadcrumb"},"inLanguage":"en-US","potentialAction":[{"@type":"ReadAction","target":["https:\/\/darkamazi.info\/archives\/1014132"]}]},{"@type":"ImageObject","inLanguage":"en-US","@id":"https:\/\/darkamazi.info\/archives\/1014132#primaryimage","url":"https:\/\/darkamazi.info\/file\/2020\/06\/Lahor-Besha-1.jpg","contentUrl":"https:\/\/darkamazi.info\/file\/2020\/06\/Lahor-Besha-1.jpg","width":822,"height":454,"caption":"Ji Lahor Ceng\u00ee qehreman avakirin"},{"@type":"BreadcrumbList","@id":"https:\/\/darkamazi.info\/archives\/1014132#breadcrumb","itemListElement":[{"@type":"ListItem","position":1,"name":"Home","item":"https:\/\/darkamazi.info\/"},{"@type":"ListItem","position":2,"name":"Ji Lahor Ceng\u00ee qehreman avakirin &#8211; Be\u015f\u00ea 1"}]},{"@type":"WebSite","@id":"https:\/\/darkamazi.info\/#website","url":"https:\/\/darkamazi.info\/","name":"Darka Maz\u00ee","description":"P\u00eageha Zanyariy\u00ean Nebih\u00eest\u00ee","publisher":{"@id":"https:\/\/darkamazi.info\/#organization"},"potentialAction":[{"@type":"SearchAction","target":{"@type":"EntryPoint","urlTemplate":"https:\/\/darkamazi.info\/?s={search_term_string}"},"query-input":{"@type":"PropertyValueSpecification","valueRequired":true,"valueName":"search_term_string"}}],"inLanguage":"en-US"},{"@type":"Organization","@id":"https:\/\/darkamazi.info\/#organization","name":"Darka Maz\u00ee","url":"https:\/\/darkamazi.info\/","logo":{"@type":"ImageObject","inLanguage":"en-US","@id":"https:\/\/darkamazi.info\/#\/schema\/logo\/image\/","url":"https:\/\/darkamazi.info\/file\/2017\/12\/darka-mazi-logo.png","contentUrl":"https:\/\/darkamazi.info\/file\/2017\/12\/darka-mazi-logo.png","width":151,"height":75,"caption":"Darka Maz\u00ee"},"image":{"@id":"https:\/\/darkamazi.info\/#\/schema\/logo\/image\/"},"sameAs":["https:\/\/www.facebook.com\/DarMaziKurmanci","https:\/\/x.com\/DarkaMaziLatini","https:\/\/www.instagram.com\/darkamazi.kurmanci\/","https:\/\/www.youtube.com\/channel\/UCa5HkTdmI8U1qCUFuTw8B2g"]},{"@type":"Person","@id":"https:\/\/darkamazi.info\/#\/schema\/person\/5ad3e24553a0567993fa8ed4bd0a776c","name":"darka mazi","sameAs":["https:\/\/darkamazi.info\/"],"url":"https:\/\/darkamazi.info\/archives\/author\/kurdi"}]}},"_links":{"self":[{"href":"https:\/\/darkamazi.info\/funavuv\/wp\/v2\/posts\/1014132","targetHints":{"allow":["GET"]}}],"collection":[{"href":"https:\/\/darkamazi.info\/funavuv\/wp\/v2\/posts"}],"about":[{"href":"https:\/\/darkamazi.info\/funavuv\/wp\/v2\/types\/post"}],"author":[{"embeddable":true,"href":"https:\/\/darkamazi.info\/funavuv\/wp\/v2\/users\/2"}],"replies":[{"embeddable":true,"href":"https:\/\/darkamazi.info\/funavuv\/wp\/v2\/comments?post=1014132"}],"version-history":[{"count":0,"href":"https:\/\/darkamazi.info\/funavuv\/wp\/v2\/posts\/1014132\/revisions"}],"wp:featuredmedia":[{"embeddable":true,"href":"https:\/\/darkamazi.info\/funavuv\/wp\/v2\/media\/1014133"}],"wp:attachment":[{"href":"https:\/\/darkamazi.info\/funavuv\/wp\/v2\/media?parent=1014132"}],"wp:term":[{"taxonomy":"category","embeddable":true,"href":"https:\/\/darkamazi.info\/funavuv\/wp\/v2\/categories?post=1014132"},{"taxonomy":"post_tag","embeddable":true,"href":"https:\/\/darkamazi.info\/funavuv\/wp\/v2\/tags?post=1014132"}],"curies":[{"name":"wp","href":"https:\/\/api.w.org\/{rel}","templated":true}]}}