{"id":1016850,"date":"2020-11-07T11:48:14","date_gmt":"2020-11-07T08:48:14","guid":{"rendered":"https:\/\/darkamazi.info\/?p=1016850"},"modified":"2020-11-07T11:48:14","modified_gmt":"2020-11-07T08:48:14","slug":"pkk-e-ji-bo-tekdana-asayisa-basur-kar-dike","status":"publish","type":"post","link":"https:\/\/darkamazi.info\/archives\/1016850","title":{"rendered":"PKK e ji bo t\u00eakdana asay\u00ee\u015fa Ba\u015f\u00fbr kar dike"},"content":{"rendered":"<h3 style=\"text-align: justify\"><span style=\"font-family: 'arial black', sans-serif\">C\u00eegir\u00ea wez\u00eer\u00ea P\u00ea\u015fmerge y\u00ea Hik\u00fbmeta Ba\u015f\u00fbr\u00ea Kurdistan\u00ea, \u00eari\u015fa PKK \u00ea li ser h\u00eaz\u00ean P\u00ea\u015fmerge \u015fermezar kir \u00fb da zan\u00een ev \u00eari\u015f li dij\u00ee hem\u00fb destkeftiy\u00ean Her\u00eama Kurdistan\u00ea ye.<\/span><\/h3>\n<h3 style=\"text-align: justify\">Serbest Lezg\u00een derbar\u00ea tevger \u00fb \u00ear\u00ee\u015fa PKK \u00ea bo ser P\u00ea\u015fmergey\u00ean Kurdistan\u00ea\u00a0 daxuyaniyek belav kir \u00fb ragihand \u00ear\u00ee\u015fa PKK \u00ea bo ser P\u00ea\u015fmergey\u00ean Kurdistan\u00ea \u00eesbat dike ku PKK ji bo t\u00eakdana asay\u00ee\u015fa Her\u00eama Kurdistan\u00ea kar dike.<\/h3>\n<h3 style=\"text-align: justify\">Lezg\u00een amaje bi w\u00ea yek\u00ea j\u00ee kir ku bi \u00ear\u00ee\u015f\u00ean xwe bo ser P\u00ea\u015fmergey\u00ean Her\u00eama Kurdistan\u00ea rastiya PKK \u00ea derketiye hol\u00ea ku ew kar ji bo t\u00eakana asayi\u015f \u00fb ewlehiya Her\u00eama Kurdistan\u00ea dike.<\/h3>\n<h3 style=\"text-align: justify\">Herwiha Serbest Lezg\u00een tekez kir ku \u00ear\u00ee\u015fa PKK \u00ea, ne li dij\u00ee Partiya Demokrat a Kurdistan\u00ea ye, li dij\u00ee hem\u00fb destkeft \u00fb xebat \u00fb qurban\u00eedana xelk\u00ea Her\u00eama Kurdistan\u00ea ye.<\/h3>\n<h3 style=\"text-align: justify\">C\u00eegir\u00ea Wez\u00eer\u00ea P\u00ea\u015fmerge destn\u00ee\u015fan kir: \u201c\u00car\u00ee\u015f\u00ean PKK \u00ea bo ser P\u00ea\u015fmerge \u00fb Her\u00eama Kurdistan\u00ea bertek\u00ean cuda cuda \u00fb berfireh li pey xwe an\u00ee, li ser v\u00ea mijar\u00ea Wezareta Derve ya Amer\u00eekay\u00ea \u00fb Serokatiya Her\u00eama Kurdistan\u00ea \u00fb Serokatiya Enc\u00fbmena Wez\u00eeran \u00fb Parlementoya Kurdistan\u00ea \u00fb Parlementoya Iraq\u00ea, \u00ear\u00ee\u015fa PKK \u00ea bo ser h\u00eaz\u00ean P\u00ea\u015fmerge ya li \u00c7emank\u00ea \u015fermezar kirin.\u201d<\/h3>\n<h3 style=\"text-align: justify\">Di \u00e7end roj\u00ean derbasb\u00fby\u00ee de \u00e7ekdar\u00ean Partiya Karker\u00ean Kurdistan\u00ea li s\u00eenor\u00ea nahiya \u00c7emank\u00ea ya ser bi nav\u00e7eya Am\u00eadiy\u00ea, s\u00ea \u00ear\u00ee\u015f\u00ean cuda birin ser h\u00eaz\u00ean P\u00ea\u015fmergey\u00ea Kurdistan\u00ea \u00fb pol\u00ees\u00ea parastina petrol \u00fb gaz\u00ea, di encama wan \u00ear\u00ee\u015fan de p\u00ea\u015fmergeyek \u015feh\u00eed b\u00fb \u00fb hejmarek p\u00ea\u015fmerge \u00fb pol\u00ees bir\u00eendar b\u00fbn.<\/h3>\n<h3 style=\"text-align: justify\">Herwiha \u00e7end roj ber\u00ea j\u00ee \u00e7ekdar\u00ean PKK \u00ea boriya petrol\u00ea ya Her\u00eama Kurdistan\u00ea ya li s\u00eenor\u00ea Tirkiy\u00ea teqandib\u00fbn \u00fb zirareke mezin bi Her\u00eama Kurdistan\u00ea xist.<\/h3>\n","protected":false},"excerpt":{"rendered":"<p>C\u00eegir\u00ea wez\u00eer\u00ea P\u00ea\u015fmerge y\u00ea Hik\u00fbmeta Ba\u015f\u00fbr\u00ea Kurdistan\u00ea, \u00eari\u015fa PKK \u00ea li ser h\u00eaz\u00ean P\u00ea\u015fmerge \u015fermezar kir \u00fb da zan\u00een ev \u00eari\u015f li dij\u00ee hem\u00fb destkeftiy\u00ean Her\u00eama Kurdistan\u00ea ye. Serbest Lezg\u00een derbar\u00ea tevger \u00fb \u00ear\u00ee\u015fa PKK \u00ea bo ser P\u00ea\u015fmergey\u00ean Kurdistan\u00ea\u00a0 daxuyaniyek belav kir \u00fb ragihand \u00ear\u00ee\u015fa PKK \u00ea bo ser P\u00ea\u015fmergey\u00ean Kurdistan\u00ea \u00eesbat dike ku [&hellip;]<\/p>\n","protected":false},"author":2,"featured_media":1016853,"comment_status":"closed","ping_status":"closed","sticky":false,"template":"","format":"standard","meta":{"footnotes":""},"categories":[29],"tags":[37],"class_list":["post-1016850","post","type-post","status-publish","format-standard","has-post-thumbnail","hentry","category-kurdistan","tag-sereke"],"blocksy_meta":[],"seo_head":"<!-- This site is optimized with the Yoast SEO plugin v27.5 - https:\/\/yoast.com\/product\/yoast-seo-wordpress\/ -->\n<title>PKK e ji bo t\u00eakdana asay\u00ee\u015fa Ba\u015f\u00fbr kar dike - Darka Maz\u00ee<\/title>\n<meta name=\"robots\" content=\"index, follow, max-snippet:-1, max-image-preview:large, max-video-preview:-1\" \/>\n<link rel=\"canonical\" href=\"https:\/\/darkamazi.info\/archives\/1016850\" \/>\n<meta property=\"og:locale\" content=\"en_US\" \/>\n<meta property=\"og:type\" content=\"article\" \/>\n<meta property=\"og:title\" content=\"PKK e ji bo t\u00eakdana asay\u00ee\u015fa Ba\u015f\u00fbr kar dike - Darka Maz\u00ee\" \/>\n<meta property=\"og:description\" content=\"C\u00eegir\u00ea wez\u00eer\u00ea P\u00ea\u015fmerge y\u00ea Hik\u00fbmeta Ba\u015f\u00fbr\u00ea Kurdistan\u00ea, \u00eari\u015fa PKK \u00ea li ser h\u00eaz\u00ean P\u00ea\u015fmerge \u015fermezar kir \u00fb da zan\u00een ev \u00eari\u015f li dij\u00ee hem\u00fb destkeftiy\u00ean Her\u00eama Kurdistan\u00ea ye. Serbest Lezg\u00een derbar\u00ea tevger \u00fb \u00ear\u00ee\u015fa PKK \u00ea bo ser P\u00ea\u015fmergey\u00ean Kurdistan\u00ea\u00a0 daxuyaniyek belav kir \u00fb ragihand \u00ear\u00ee\u015fa PKK \u00ea bo ser P\u00ea\u015fmergey\u00ean Kurdistan\u00ea \u00eesbat dike ku [&hellip;]\" \/>\n<meta property=\"og:url\" content=\"https:\/\/darkamazi.info\/archives\/1016850\" \/>\n<meta property=\"og:site_name\" content=\"Darka Maz\u00ee\" \/>\n<meta property=\"article:publisher\" content=\"https:\/\/www.facebook.com\/DarMaziKurmanci\" \/>\n<meta property=\"article:published_time\" content=\"2020-11-07T08:48:14+00:00\" \/>\n<meta property=\"og:image\" content=\"https:\/\/darkamazi.info\/file\/2020\/11\/Pesmerg-Serbest-Lezgin-PKK-1.jpg\" \/>\n\t<meta property=\"og:image:width\" content=\"822\" \/>\n\t<meta property=\"og:image:height\" content=\"454\" \/>\n\t<meta property=\"og:image:type\" content=\"image\/jpeg\" \/>\n<meta name=\"author\" content=\"darka mazi\" \/>\n<meta name=\"twitter:card\" content=\"summary_large_image\" \/>\n<meta name=\"twitter:creator\" content=\"@DarkaMaziLatini\" \/>\n<meta name=\"twitter:site\" content=\"@DarkaMaziLatini\" \/>\n<meta name=\"twitter:label1\" content=\"Written by\" \/>\n\t<meta name=\"twitter:data1\" content=\"darka mazi\" \/>\n\t<meta name=\"twitter:label2\" content=\"Est. reading time\" \/>\n\t<meta name=\"twitter:data2\" content=\"2 minutes\" \/>\n<script type=\"application\/ld+json\" class=\"seo-schema-graph\">{\"@context\":\"https:\\\/\\\/schema.org\",\"@graph\":[{\"@type\":\"Article\",\"@id\":\"https:\\\/\\\/darkamazi.info\\\/archives\\\/1016850#article\",\"isPartOf\":{\"@id\":\"https:\\\/\\\/darkamazi.info\\\/archives\\\/1016850\"},\"author\":{\"name\":\"darka mazi\",\"@id\":\"https:\\\/\\\/darkamazi.info\\\/#\\\/schema\\\/person\\\/5ad3e24553a0567993fa8ed4bd0a776c\"},\"headline\":\"PKK e ji bo t\u00eakdana asay\u00ee\u015fa Ba\u015f\u00fbr kar dike\",\"datePublished\":\"2020-11-07T08:48:14+00:00\",\"mainEntityOfPage\":{\"@id\":\"https:\\\/\\\/darkamazi.info\\\/archives\\\/1016850\"},\"wordCount\":315,\"publisher\":{\"@id\":\"https:\\\/\\\/darkamazi.info\\\/#organization\"},\"image\":{\"@id\":\"https:\\\/\\\/darkamazi.info\\\/archives\\\/1016850#primaryimage\"},\"thumbnailUrl\":\"https:\\\/\\\/darkamazi.info\\\/darka-content\\\/uploads\\\/2020\\\/11\\\/Pesmerg-Serbest-Lezgin-PKK-1.jpg\",\"keywords\":[\"sereke\"],\"articleSection\":[\"Kurdistan\"],\"inLanguage\":\"en-US\"},{\"@type\":\"WebPage\",\"@id\":\"https:\\\/\\\/darkamazi.info\\\/archives\\\/1016850\",\"url\":\"https:\\\/\\\/darkamazi.info\\\/archives\\\/1016850\",\"name\":\"PKK e ji bo t\u00eakdana asay\u00ee\u015fa Ba\u015f\u00fbr kar dike - Darka Maz\u00ee\",\"isPartOf\":{\"@id\":\"https:\\\/\\\/darkamazi.info\\\/#website\"},\"primaryImageOfPage\":{\"@id\":\"https:\\\/\\\/darkamazi.info\\\/archives\\\/1016850#primaryimage\"},\"image\":{\"@id\":\"https:\\\/\\\/darkamazi.info\\\/archives\\\/1016850#primaryimage\"},\"thumbnailUrl\":\"https:\\\/\\\/darkamazi.info\\\/darka-content\\\/uploads\\\/2020\\\/11\\\/Pesmerg-Serbest-Lezgin-PKK-1.jpg\",\"datePublished\":\"2020-11-07T08:48:14+00:00\",\"breadcrumb\":{\"@id\":\"https:\\\/\\\/darkamazi.info\\\/archives\\\/1016850#breadcrumb\"},\"inLanguage\":\"en-US\",\"potentialAction\":[{\"@type\":\"ReadAction\",\"target\":[\"https:\\\/\\\/darkamazi.info\\\/archives\\\/1016850\"]}]},{\"@type\":\"ImageObject\",\"inLanguage\":\"en-US\",\"@id\":\"https:\\\/\\\/darkamazi.info\\\/archives\\\/1016850#primaryimage\",\"url\":\"https:\\\/\\\/darkamazi.info\\\/darka-content\\\/uploads\\\/2020\\\/11\\\/Pesmerg-Serbest-Lezgin-PKK-1.jpg\",\"contentUrl\":\"https:\\\/\\\/darkamazi.info\\\/darka-content\\\/uploads\\\/2020\\\/11\\\/Pesmerg-Serbest-Lezgin-PKK-1.jpg\",\"width\":822,\"height\":454,\"caption\":\"P\u00ea\u015fmerg-Serbest Lezg\u00een-PKK\"},{\"@type\":\"BreadcrumbList\",\"@id\":\"https:\\\/\\\/darkamazi.info\\\/archives\\\/1016850#breadcrumb\",\"itemListElement\":[{\"@type\":\"ListItem\",\"position\":1,\"name\":\"Home\",\"item\":\"https:\\\/\\\/darkamazi.info\\\/\"},{\"@type\":\"ListItem\",\"position\":2,\"name\":\"PKK e ji bo t\u00eakdana asay\u00ee\u015fa Ba\u015f\u00fbr kar dike\"}]},{\"@type\":\"WebSite\",\"@id\":\"https:\\\/\\\/darkamazi.info\\\/#website\",\"url\":\"https:\\\/\\\/darkamazi.info\\\/\",\"name\":\"Darka Maz\u00ee\",\"description\":\"P\u00eageha Zanyariy\u00ean Nebih\u00eest\u00ee\",\"publisher\":{\"@id\":\"https:\\\/\\\/darkamazi.info\\\/#organization\"},\"potentialAction\":[{\"@type\":\"SearchAction\",\"target\":{\"@type\":\"EntryPoint\",\"urlTemplate\":\"https:\\\/\\\/darkamazi.info\\\/?s={search_term_string}\"},\"query-input\":{\"@type\":\"PropertyValueSpecification\",\"valueRequired\":true,\"valueName\":\"search_term_string\"}}],\"inLanguage\":\"en-US\"},{\"@type\":\"Organization\",\"@id\":\"https:\\\/\\\/darkamazi.info\\\/#organization\",\"name\":\"Darka Maz\u00ee\",\"url\":\"https:\\\/\\\/darkamazi.info\\\/\",\"logo\":{\"@type\":\"ImageObject\",\"inLanguage\":\"en-US\",\"@id\":\"https:\\\/\\\/darkamazi.info\\\/#\\\/schema\\\/logo\\\/image\\\/\",\"url\":\"https:\\\/\\\/darkamazi.info\\\/darka-content\\\/uploads\\\/2017\\\/12\\\/darka-mazi-logo.png\",\"contentUrl\":\"https:\\\/\\\/darkamazi.info\\\/darka-content\\\/uploads\\\/2017\\\/12\\\/darka-mazi-logo.png\",\"width\":151,\"height\":75,\"caption\":\"Darka Maz\u00ee\"},\"image\":{\"@id\":\"https:\\\/\\\/darkamazi.info\\\/#\\\/schema\\\/logo\\\/image\\\/\"},\"sameAs\":[\"https:\\\/\\\/www.facebook.com\\\/DarMaziKurmanci\",\"https:\\\/\\\/x.com\\\/DarkaMaziLatini\",\"https:\\\/\\\/www.instagram.com\\\/darkamazi.kurmanci\\\/\",\"https:\\\/\\\/www.youtube.com\\\/channel\\\/UCa5HkTdmI8U1qCUFuTw8B2g\"]},{\"@type\":\"Person\",\"@id\":\"https:\\\/\\\/darkamazi.info\\\/#\\\/schema\\\/person\\\/5ad3e24553a0567993fa8ed4bd0a776c\",\"name\":\"darka mazi\",\"sameAs\":[\"https:\\\/\\\/darkamazi.info\\\/\"],\"url\":\"https:\\\/\\\/darkamazi.info\\\/archives\\\/author\\\/kurdi\"}]}<\/script>\n<!-- \/ Yoast SEO plugin. -->","seo_head_json":{"title":"PKK e ji bo t\u00eakdana asay\u00ee\u015fa Ba\u015f\u00fbr kar dike - Darka Maz\u00ee","robots":{"index":"index","follow":"follow","max-snippet":"max-snippet:-1","max-image-preview":"max-image-preview:large","max-video-preview":"max-video-preview:-1"},"canonical":"https:\/\/darkamazi.info\/archives\/1016850","og_locale":"en_US","og_type":"article","og_title":"PKK e ji bo t\u00eakdana asay\u00ee\u015fa Ba\u015f\u00fbr kar dike - Darka Maz\u00ee","og_description":"C\u00eegir\u00ea wez\u00eer\u00ea P\u00ea\u015fmerge y\u00ea Hik\u00fbmeta Ba\u015f\u00fbr\u00ea Kurdistan\u00ea, \u00eari\u015fa PKK \u00ea li ser h\u00eaz\u00ean P\u00ea\u015fmerge \u015fermezar kir \u00fb da zan\u00een ev \u00eari\u015f li dij\u00ee hem\u00fb destkeftiy\u00ean Her\u00eama Kurdistan\u00ea ye. Serbest Lezg\u00een derbar\u00ea tevger \u00fb \u00ear\u00ee\u015fa PKK \u00ea bo ser P\u00ea\u015fmergey\u00ean Kurdistan\u00ea\u00a0 daxuyaniyek belav kir \u00fb ragihand \u00ear\u00ee\u015fa PKK \u00ea bo ser P\u00ea\u015fmergey\u00ean Kurdistan\u00ea \u00eesbat dike ku [&hellip;]","og_url":"https:\/\/darkamazi.info\/archives\/1016850","og_site_name":"Darka Maz\u00ee","article_publisher":"https:\/\/www.facebook.com\/DarMaziKurmanci","article_published_time":"2020-11-07T08:48:14+00:00","og_image":[{"width":822,"height":454,"url":"https:\/\/darkamazi.info\/file\/2020\/11\/Pesmerg-Serbest-Lezgin-PKK-1.jpg","type":"image\/jpeg"}],"author":"darka mazi","twitter_card":"summary_large_image","twitter_creator":"@DarkaMaziLatini","twitter_site":"@DarkaMaziLatini","twitter_misc":{"Written by":"darka mazi","Est. reading time":"2 minutes"},"schema":{"@context":"https:\/\/schema.org","@graph":[{"@type":"Article","@id":"https:\/\/darkamazi.info\/archives\/1016850#article","isPartOf":{"@id":"https:\/\/darkamazi.info\/archives\/1016850"},"author":{"name":"darka mazi","@id":"https:\/\/darkamazi.info\/#\/schema\/person\/5ad3e24553a0567993fa8ed4bd0a776c"},"headline":"PKK e ji bo t\u00eakdana asay\u00ee\u015fa Ba\u015f\u00fbr kar dike","datePublished":"2020-11-07T08:48:14+00:00","mainEntityOfPage":{"@id":"https:\/\/darkamazi.info\/archives\/1016850"},"wordCount":315,"publisher":{"@id":"https:\/\/darkamazi.info\/#organization"},"image":{"@id":"https:\/\/darkamazi.info\/archives\/1016850#primaryimage"},"thumbnailUrl":"https:\/\/darkamazi.info\/file\/2020\/11\/Pesmerg-Serbest-Lezgin-PKK-1.jpg","keywords":["sereke"],"articleSection":["Kurdistan"],"inLanguage":"en-US"},{"@type":"WebPage","@id":"https:\/\/darkamazi.info\/archives\/1016850","url":"https:\/\/darkamazi.info\/archives\/1016850","name":"PKK e ji bo t\u00eakdana asay\u00ee\u015fa Ba\u015f\u00fbr kar dike - Darka Maz\u00ee","isPartOf":{"@id":"https:\/\/darkamazi.info\/#website"},"primaryImageOfPage":{"@id":"https:\/\/darkamazi.info\/archives\/1016850#primaryimage"},"image":{"@id":"https:\/\/darkamazi.info\/archives\/1016850#primaryimage"},"thumbnailUrl":"https:\/\/darkamazi.info\/file\/2020\/11\/Pesmerg-Serbest-Lezgin-PKK-1.jpg","datePublished":"2020-11-07T08:48:14+00:00","breadcrumb":{"@id":"https:\/\/darkamazi.info\/archives\/1016850#breadcrumb"},"inLanguage":"en-US","potentialAction":[{"@type":"ReadAction","target":["https:\/\/darkamazi.info\/archives\/1016850"]}]},{"@type":"ImageObject","inLanguage":"en-US","@id":"https:\/\/darkamazi.info\/archives\/1016850#primaryimage","url":"https:\/\/darkamazi.info\/file\/2020\/11\/Pesmerg-Serbest-Lezgin-PKK-1.jpg","contentUrl":"https:\/\/darkamazi.info\/file\/2020\/11\/Pesmerg-Serbest-Lezgin-PKK-1.jpg","width":822,"height":454,"caption":"P\u00ea\u015fmerg-Serbest Lezg\u00een-PKK"},{"@type":"BreadcrumbList","@id":"https:\/\/darkamazi.info\/archives\/1016850#breadcrumb","itemListElement":[{"@type":"ListItem","position":1,"name":"Home","item":"https:\/\/darkamazi.info\/"},{"@type":"ListItem","position":2,"name":"PKK e ji bo t\u00eakdana asay\u00ee\u015fa Ba\u015f\u00fbr kar dike"}]},{"@type":"WebSite","@id":"https:\/\/darkamazi.info\/#website","url":"https:\/\/darkamazi.info\/","name":"Darka Maz\u00ee","description":"P\u00eageha Zanyariy\u00ean Nebih\u00eest\u00ee","publisher":{"@id":"https:\/\/darkamazi.info\/#organization"},"potentialAction":[{"@type":"SearchAction","target":{"@type":"EntryPoint","urlTemplate":"https:\/\/darkamazi.info\/?s={search_term_string}"},"query-input":{"@type":"PropertyValueSpecification","valueRequired":true,"valueName":"search_term_string"}}],"inLanguage":"en-US"},{"@type":"Organization","@id":"https:\/\/darkamazi.info\/#organization","name":"Darka Maz\u00ee","url":"https:\/\/darkamazi.info\/","logo":{"@type":"ImageObject","inLanguage":"en-US","@id":"https:\/\/darkamazi.info\/#\/schema\/logo\/image\/","url":"https:\/\/darkamazi.info\/file\/2017\/12\/darka-mazi-logo.png","contentUrl":"https:\/\/darkamazi.info\/file\/2017\/12\/darka-mazi-logo.png","width":151,"height":75,"caption":"Darka Maz\u00ee"},"image":{"@id":"https:\/\/darkamazi.info\/#\/schema\/logo\/image\/"},"sameAs":["https:\/\/www.facebook.com\/DarMaziKurmanci","https:\/\/x.com\/DarkaMaziLatini","https:\/\/www.instagram.com\/darkamazi.kurmanci\/","https:\/\/www.youtube.com\/channel\/UCa5HkTdmI8U1qCUFuTw8B2g"]},{"@type":"Person","@id":"https:\/\/darkamazi.info\/#\/schema\/person\/5ad3e24553a0567993fa8ed4bd0a776c","name":"darka mazi","sameAs":["https:\/\/darkamazi.info\/"],"url":"https:\/\/darkamazi.info\/archives\/author\/kurdi"}]}},"_links":{"self":[{"href":"https:\/\/darkamazi.info\/funavuv\/wp\/v2\/posts\/1016850","targetHints":{"allow":["GET"]}}],"collection":[{"href":"https:\/\/darkamazi.info\/funavuv\/wp\/v2\/posts"}],"about":[{"href":"https:\/\/darkamazi.info\/funavuv\/wp\/v2\/types\/post"}],"author":[{"embeddable":true,"href":"https:\/\/darkamazi.info\/funavuv\/wp\/v2\/users\/2"}],"replies":[{"embeddable":true,"href":"https:\/\/darkamazi.info\/funavuv\/wp\/v2\/comments?post=1016850"}],"version-history":[{"count":0,"href":"https:\/\/darkamazi.info\/funavuv\/wp\/v2\/posts\/1016850\/revisions"}],"wp:featuredmedia":[{"embeddable":true,"href":"https:\/\/darkamazi.info\/funavuv\/wp\/v2\/media\/1016853"}],"wp:attachment":[{"href":"https:\/\/darkamazi.info\/funavuv\/wp\/v2\/media?parent=1016850"}],"wp:term":[{"taxonomy":"category","embeddable":true,"href":"https:\/\/darkamazi.info\/funavuv\/wp\/v2\/categories?post=1016850"},{"taxonomy":"post_tag","embeddable":true,"href":"https:\/\/darkamazi.info\/funavuv\/wp\/v2\/tags?post=1016850"}],"curies":[{"name":"wp","href":"https:\/\/api.w.org\/{rel}","templated":true}]}}