{"id":1016856,"date":"2020-11-07T12:40:39","date_gmt":"2020-11-07T09:40:39","guid":{"rendered":"https:\/\/darkamazi.info\/?p=1016856"},"modified":"2021-04-10T17:34:09","modified_gmt":"2021-04-10T14:34:09","slug":"keseke-nezi-duran-kalkan-hat-desteser-kirin","status":"publish","type":"post","link":"https:\/\/darkamazi.info\/archives\/1016856","title":{"rendered":"Kesek\u00ea n\u00eaz\u00ee Duran Kalkan hat desteser kirin"},"content":{"rendered":"<h3 style=\"text-align: justify;\"><span style=\"font-family: 'arial black', sans-serif;\">Li Edeney\u00ea Kes\u00ea hat tesb\u00eetkirin ku kar\u00ean medya \u00fb b\u00eat\u00eal\u00ea y\u00ean Duran Kalkan\u00ea ji serk\u00ea\u015f\u00ean\u00a0PKK \u00ea dime\u015fand bi operasyona pol\u00easan hat bin\u00e7avkirin.<\/span><\/h3>\n<h3 style=\"text-align: justify;\">Ek\u00eeb\u00ean \u015eaxa T\u00eako\u015f\u00eena Dij\u00ee Teror\u00ea ya Mid\u00fbriyeta Ewlekariya Baj\u00ear tesb\u00eet kirin ku \u00ce.K.y\u00ea (30) di sal\u00ean 2016-2017an da \u00e7\u00fbye kamp\u00ean li Iraq\u00ea y\u00ean\u00a0PKK \u00ea ji vir mehek\u00ea ber\u00ea vegeriyaye Edeney\u00ea.<\/h3>\n<h3 style=\"text-align: justify;\">Li ser v\u00ea ek\u00eeb\u00ean pol\u00easan dest bi xebatan kirin \u00fb bi operasyon\u00ea \u00ce.K. bin\u00e7av kirin.<\/h3>\n<h3 style=\"text-align: justify;\">Hat tesb\u00eetkirin ku \u00ce.K. kar\u00ean medya \u00fb b\u00eat\u00eal\u00ea y\u00ean Duran Kalkan di me\u015fandiye.<\/h3>\n<h3 style=\"text-align: justify;\">Hat diyakirin ku \u015fikbar li ser nav\u00ea Duran Kalkan midaxeley\u00ee axaftin\u00ean b\u00eat\u00eal\u00ea kiriye, w\u00eaney\u00ean li kamp\u00ean\u00a0PKK \u00ea \u00fb hin her\u00eam\u00ean pev\u00e7\u00fbn\u00ea j\u00ee ji saziy\u00ean medyay\u00ea y\u00ean n\u00eaz\u00ee r\u00eaxistin\u00ea ra serw\u00ees kiriye.<\/h3>\n<h3 style=\"text-align: justify;\">Pi\u015ft\u00ee kar\u00fbbar\u00ean li ewlekariy\u00ea \u00ce.K. sewq\u00ee dadgeh\u00ea kirin \u00fb bi biryara hakimtiya silh ceza ya nobedar hat girtin.<\/h3>\n","protected":false},"excerpt":{"rendered":"<p>Li Edeney\u00ea Kes\u00ea hat tesb\u00eetkirin ku kar\u00ean medya \u00fb b\u00eat\u00eal\u00ea y\u00ean Duran Kalkan\u00ea ji serk\u00ea\u015f\u00ean\u00a0PKK \u00ea dime\u015fand bi operasyona pol\u00easan hat bin\u00e7avkirin. Ek\u00eeb\u00ean \u015eaxa T\u00eako\u015f\u00eena Dij\u00ee Teror\u00ea ya Mid\u00fbriyeta Ewlekariya Baj\u00ear tesb\u00eet kirin ku \u00ce.K.y\u00ea (30) di sal\u00ean 2016-2017an da \u00e7\u00fbye kamp\u00ean li Iraq\u00ea y\u00ean\u00a0PKK \u00ea ji vir mehek\u00ea ber\u00ea vegeriyaye Edeney\u00ea. Li ser v\u00ea [&hellip;]<\/p>\n","protected":false},"author":2,"featured_media":1016858,"comment_status":"closed","ping_status":"closed","sticky":false,"template":"","format":"standard","meta":{"footnotes":""},"categories":[29],"tags":[42],"class_list":["post-1016856","post","type-post","status-publish","format-standard","has-post-thumbnail","hentry","category-kurdistan","tag-duran-kalkan"],"blocksy_meta":[],"seo_head":"<!-- This site is optimized with the Yoast SEO plugin v27.5 - https:\/\/yoast.com\/product\/yoast-seo-wordpress\/ -->\n<title>Kesek\u00ea n\u00eaz\u00ee Duran Kalkan hat desteser kirin - Darka Maz\u00ee<\/title>\n<meta name=\"robots\" content=\"index, follow, max-snippet:-1, max-image-preview:large, max-video-preview:-1\" \/>\n<link rel=\"canonical\" href=\"https:\/\/darkamazi.info\/archives\/1016856\" \/>\n<meta property=\"og:locale\" content=\"en_US\" \/>\n<meta property=\"og:type\" content=\"article\" \/>\n<meta property=\"og:title\" content=\"Kesek\u00ea n\u00eaz\u00ee Duran Kalkan hat desteser kirin - Darka Maz\u00ee\" \/>\n<meta property=\"og:description\" content=\"Li Edeney\u00ea Kes\u00ea hat tesb\u00eetkirin ku kar\u00ean medya \u00fb b\u00eat\u00eal\u00ea y\u00ean Duran Kalkan\u00ea ji serk\u00ea\u015f\u00ean\u00a0PKK \u00ea dime\u015fand bi operasyona pol\u00easan hat bin\u00e7avkirin. Ek\u00eeb\u00ean \u015eaxa T\u00eako\u015f\u00eena Dij\u00ee Teror\u00ea ya Mid\u00fbriyeta Ewlekariya Baj\u00ear tesb\u00eet kirin ku \u00ce.K.y\u00ea (30) di sal\u00ean 2016-2017an da \u00e7\u00fbye kamp\u00ean li Iraq\u00ea y\u00ean\u00a0PKK \u00ea ji vir mehek\u00ea ber\u00ea vegeriyaye Edeney\u00ea. Li ser v\u00ea [&hellip;]\" \/>\n<meta property=\"og:url\" content=\"https:\/\/darkamazi.info\/archives\/1016856\" \/>\n<meta property=\"og:site_name\" content=\"Darka Maz\u00ee\" \/>\n<meta property=\"article:publisher\" content=\"https:\/\/www.facebook.com\/DarMaziKurmanci\" \/>\n<meta property=\"article:published_time\" content=\"2020-11-07T09:40:39+00:00\" \/>\n<meta property=\"article:modified_time\" content=\"2021-04-10T14:34:09+00:00\" \/>\n<meta property=\"og:image\" content=\"https:\/\/darkamazi.info\/file\/2020\/11\/Duran-Kalkan-pkk-edene-2.jpg\" \/>\n\t<meta property=\"og:image:width\" content=\"822\" \/>\n\t<meta property=\"og:image:height\" content=\"454\" \/>\n\t<meta property=\"og:image:type\" content=\"image\/jpeg\" \/>\n<meta name=\"author\" content=\"darka mazi\" \/>\n<meta name=\"twitter:card\" content=\"summary_large_image\" \/>\n<meta name=\"twitter:creator\" content=\"@DarkaMaziLatini\" \/>\n<meta name=\"twitter:site\" content=\"@DarkaMaziLatini\" \/>\n<meta name=\"twitter:label1\" content=\"Written by\" \/>\n\t<meta name=\"twitter:data1\" content=\"darka mazi\" \/>\n\t<meta name=\"twitter:label2\" content=\"Est. reading time\" \/>\n\t<meta name=\"twitter:data2\" content=\"1 minute\" \/>\n<script type=\"application\/ld+json\" class=\"seo-schema-graph\">{\"@context\":\"https:\\\/\\\/schema.org\",\"@graph\":[{\"@type\":\"Article\",\"@id\":\"https:\\\/\\\/darkamazi.info\\\/archives\\\/1016856#article\",\"isPartOf\":{\"@id\":\"https:\\\/\\\/darkamazi.info\\\/archives\\\/1016856\"},\"author\":{\"name\":\"darka mazi\",\"@id\":\"https:\\\/\\\/darkamazi.info\\\/#\\\/schema\\\/person\\\/5ad3e24553a0567993fa8ed4bd0a776c\"},\"headline\":\"Kesek\u00ea n\u00eaz\u00ee Duran Kalkan hat desteser kirin\",\"datePublished\":\"2020-11-07T09:40:39+00:00\",\"dateModified\":\"2021-04-10T14:34:09+00:00\",\"mainEntityOfPage\":{\"@id\":\"https:\\\/\\\/darkamazi.info\\\/archives\\\/1016856\"},\"wordCount\":179,\"publisher\":{\"@id\":\"https:\\\/\\\/darkamazi.info\\\/#organization\"},\"image\":{\"@id\":\"https:\\\/\\\/darkamazi.info\\\/archives\\\/1016856#primaryimage\"},\"thumbnailUrl\":\"https:\\\/\\\/darkamazi.info\\\/darka-content\\\/uploads\\\/2020\\\/11\\\/Duran-Kalkan-pkk-edene-2.jpg\",\"keywords\":[\"Duran Kalkan\"],\"articleSection\":[\"Kurdistan\"],\"inLanguage\":\"en-US\"},{\"@type\":\"WebPage\",\"@id\":\"https:\\\/\\\/darkamazi.info\\\/archives\\\/1016856\",\"url\":\"https:\\\/\\\/darkamazi.info\\\/archives\\\/1016856\",\"name\":\"Kesek\u00ea n\u00eaz\u00ee Duran Kalkan hat desteser kirin - Darka Maz\u00ee\",\"isPartOf\":{\"@id\":\"https:\\\/\\\/darkamazi.info\\\/#website\"},\"primaryImageOfPage\":{\"@id\":\"https:\\\/\\\/darkamazi.info\\\/archives\\\/1016856#primaryimage\"},\"image\":{\"@id\":\"https:\\\/\\\/darkamazi.info\\\/archives\\\/1016856#primaryimage\"},\"thumbnailUrl\":\"https:\\\/\\\/darkamazi.info\\\/darka-content\\\/uploads\\\/2020\\\/11\\\/Duran-Kalkan-pkk-edene-2.jpg\",\"datePublished\":\"2020-11-07T09:40:39+00:00\",\"dateModified\":\"2021-04-10T14:34:09+00:00\",\"breadcrumb\":{\"@id\":\"https:\\\/\\\/darkamazi.info\\\/archives\\\/1016856#breadcrumb\"},\"inLanguage\":\"en-US\",\"potentialAction\":[{\"@type\":\"ReadAction\",\"target\":[\"https:\\\/\\\/darkamazi.info\\\/archives\\\/1016856\"]}]},{\"@type\":\"ImageObject\",\"inLanguage\":\"en-US\",\"@id\":\"https:\\\/\\\/darkamazi.info\\\/archives\\\/1016856#primaryimage\",\"url\":\"https:\\\/\\\/darkamazi.info\\\/darka-content\\\/uploads\\\/2020\\\/11\\\/Duran-Kalkan-pkk-edene-2.jpg\",\"contentUrl\":\"https:\\\/\\\/darkamazi.info\\\/darka-content\\\/uploads\\\/2020\\\/11\\\/Duran-Kalkan-pkk-edene-2.jpg\",\"width\":822,\"height\":454},{\"@type\":\"BreadcrumbList\",\"@id\":\"https:\\\/\\\/darkamazi.info\\\/archives\\\/1016856#breadcrumb\",\"itemListElement\":[{\"@type\":\"ListItem\",\"position\":1,\"name\":\"Home\",\"item\":\"https:\\\/\\\/darkamazi.info\\\/\"},{\"@type\":\"ListItem\",\"position\":2,\"name\":\"Kesek\u00ea n\u00eaz\u00ee Duran Kalkan hat desteser kirin\"}]},{\"@type\":\"WebSite\",\"@id\":\"https:\\\/\\\/darkamazi.info\\\/#website\",\"url\":\"https:\\\/\\\/darkamazi.info\\\/\",\"name\":\"Darka Maz\u00ee\",\"description\":\"P\u00eageha Zanyariy\u00ean Nebih\u00eest\u00ee\",\"publisher\":{\"@id\":\"https:\\\/\\\/darkamazi.info\\\/#organization\"},\"potentialAction\":[{\"@type\":\"SearchAction\",\"target\":{\"@type\":\"EntryPoint\",\"urlTemplate\":\"https:\\\/\\\/darkamazi.info\\\/?s={search_term_string}\"},\"query-input\":{\"@type\":\"PropertyValueSpecification\",\"valueRequired\":true,\"valueName\":\"search_term_string\"}}],\"inLanguage\":\"en-US\"},{\"@type\":\"Organization\",\"@id\":\"https:\\\/\\\/darkamazi.info\\\/#organization\",\"name\":\"Darka Maz\u00ee\",\"url\":\"https:\\\/\\\/darkamazi.info\\\/\",\"logo\":{\"@type\":\"ImageObject\",\"inLanguage\":\"en-US\",\"@id\":\"https:\\\/\\\/darkamazi.info\\\/#\\\/schema\\\/logo\\\/image\\\/\",\"url\":\"https:\\\/\\\/darkamazi.info\\\/darka-content\\\/uploads\\\/2017\\\/12\\\/darka-mazi-logo.png\",\"contentUrl\":\"https:\\\/\\\/darkamazi.info\\\/darka-content\\\/uploads\\\/2017\\\/12\\\/darka-mazi-logo.png\",\"width\":151,\"height\":75,\"caption\":\"Darka Maz\u00ee\"},\"image\":{\"@id\":\"https:\\\/\\\/darkamazi.info\\\/#\\\/schema\\\/logo\\\/image\\\/\"},\"sameAs\":[\"https:\\\/\\\/www.facebook.com\\\/DarMaziKurmanci\",\"https:\\\/\\\/x.com\\\/DarkaMaziLatini\",\"https:\\\/\\\/www.instagram.com\\\/darkamazi.kurmanci\\\/\",\"https:\\\/\\\/www.youtube.com\\\/channel\\\/UCa5HkTdmI8U1qCUFuTw8B2g\"]},{\"@type\":\"Person\",\"@id\":\"https:\\\/\\\/darkamazi.info\\\/#\\\/schema\\\/person\\\/5ad3e24553a0567993fa8ed4bd0a776c\",\"name\":\"darka mazi\",\"sameAs\":[\"https:\\\/\\\/darkamazi.info\\\/\"],\"url\":\"https:\\\/\\\/darkamazi.info\\\/archives\\\/author\\\/kurdi\"}]}<\/script>\n<!-- \/ Yoast SEO plugin. -->","seo_head_json":{"title":"Kesek\u00ea n\u00eaz\u00ee Duran Kalkan hat desteser kirin - Darka Maz\u00ee","robots":{"index":"index","follow":"follow","max-snippet":"max-snippet:-1","max-image-preview":"max-image-preview:large","max-video-preview":"max-video-preview:-1"},"canonical":"https:\/\/darkamazi.info\/archives\/1016856","og_locale":"en_US","og_type":"article","og_title":"Kesek\u00ea n\u00eaz\u00ee Duran Kalkan hat desteser kirin - Darka Maz\u00ee","og_description":"Li Edeney\u00ea Kes\u00ea hat tesb\u00eetkirin ku kar\u00ean medya \u00fb b\u00eat\u00eal\u00ea y\u00ean Duran Kalkan\u00ea ji serk\u00ea\u015f\u00ean\u00a0PKK \u00ea dime\u015fand bi operasyona pol\u00easan hat bin\u00e7avkirin. Ek\u00eeb\u00ean \u015eaxa T\u00eako\u015f\u00eena Dij\u00ee Teror\u00ea ya Mid\u00fbriyeta Ewlekariya Baj\u00ear tesb\u00eet kirin ku \u00ce.K.y\u00ea (30) di sal\u00ean 2016-2017an da \u00e7\u00fbye kamp\u00ean li Iraq\u00ea y\u00ean\u00a0PKK \u00ea ji vir mehek\u00ea ber\u00ea vegeriyaye Edeney\u00ea. Li ser v\u00ea [&hellip;]","og_url":"https:\/\/darkamazi.info\/archives\/1016856","og_site_name":"Darka Maz\u00ee","article_publisher":"https:\/\/www.facebook.com\/DarMaziKurmanci","article_published_time":"2020-11-07T09:40:39+00:00","article_modified_time":"2021-04-10T14:34:09+00:00","og_image":[{"width":822,"height":454,"url":"https:\/\/darkamazi.info\/file\/2020\/11\/Duran-Kalkan-pkk-edene-2.jpg","type":"image\/jpeg"}],"author":"darka mazi","twitter_card":"summary_large_image","twitter_creator":"@DarkaMaziLatini","twitter_site":"@DarkaMaziLatini","twitter_misc":{"Written by":"darka mazi","Est. reading time":"1 minute"},"schema":{"@context":"https:\/\/schema.org","@graph":[{"@type":"Article","@id":"https:\/\/darkamazi.info\/archives\/1016856#article","isPartOf":{"@id":"https:\/\/darkamazi.info\/archives\/1016856"},"author":{"name":"darka mazi","@id":"https:\/\/darkamazi.info\/#\/schema\/person\/5ad3e24553a0567993fa8ed4bd0a776c"},"headline":"Kesek\u00ea n\u00eaz\u00ee Duran Kalkan hat desteser kirin","datePublished":"2020-11-07T09:40:39+00:00","dateModified":"2021-04-10T14:34:09+00:00","mainEntityOfPage":{"@id":"https:\/\/darkamazi.info\/archives\/1016856"},"wordCount":179,"publisher":{"@id":"https:\/\/darkamazi.info\/#organization"},"image":{"@id":"https:\/\/darkamazi.info\/archives\/1016856#primaryimage"},"thumbnailUrl":"https:\/\/darkamazi.info\/file\/2020\/11\/Duran-Kalkan-pkk-edene-2.jpg","keywords":["Duran Kalkan"],"articleSection":["Kurdistan"],"inLanguage":"en-US"},{"@type":"WebPage","@id":"https:\/\/darkamazi.info\/archives\/1016856","url":"https:\/\/darkamazi.info\/archives\/1016856","name":"Kesek\u00ea n\u00eaz\u00ee Duran Kalkan hat desteser kirin - Darka Maz\u00ee","isPartOf":{"@id":"https:\/\/darkamazi.info\/#website"},"primaryImageOfPage":{"@id":"https:\/\/darkamazi.info\/archives\/1016856#primaryimage"},"image":{"@id":"https:\/\/darkamazi.info\/archives\/1016856#primaryimage"},"thumbnailUrl":"https:\/\/darkamazi.info\/file\/2020\/11\/Duran-Kalkan-pkk-edene-2.jpg","datePublished":"2020-11-07T09:40:39+00:00","dateModified":"2021-04-10T14:34:09+00:00","breadcrumb":{"@id":"https:\/\/darkamazi.info\/archives\/1016856#breadcrumb"},"inLanguage":"en-US","potentialAction":[{"@type":"ReadAction","target":["https:\/\/darkamazi.info\/archives\/1016856"]}]},{"@type":"ImageObject","inLanguage":"en-US","@id":"https:\/\/darkamazi.info\/archives\/1016856#primaryimage","url":"https:\/\/darkamazi.info\/file\/2020\/11\/Duran-Kalkan-pkk-edene-2.jpg","contentUrl":"https:\/\/darkamazi.info\/file\/2020\/11\/Duran-Kalkan-pkk-edene-2.jpg","width":822,"height":454},{"@type":"BreadcrumbList","@id":"https:\/\/darkamazi.info\/archives\/1016856#breadcrumb","itemListElement":[{"@type":"ListItem","position":1,"name":"Home","item":"https:\/\/darkamazi.info\/"},{"@type":"ListItem","position":2,"name":"Kesek\u00ea n\u00eaz\u00ee Duran Kalkan hat desteser kirin"}]},{"@type":"WebSite","@id":"https:\/\/darkamazi.info\/#website","url":"https:\/\/darkamazi.info\/","name":"Darka Maz\u00ee","description":"P\u00eageha Zanyariy\u00ean Nebih\u00eest\u00ee","publisher":{"@id":"https:\/\/darkamazi.info\/#organization"},"potentialAction":[{"@type":"SearchAction","target":{"@type":"EntryPoint","urlTemplate":"https:\/\/darkamazi.info\/?s={search_term_string}"},"query-input":{"@type":"PropertyValueSpecification","valueRequired":true,"valueName":"search_term_string"}}],"inLanguage":"en-US"},{"@type":"Organization","@id":"https:\/\/darkamazi.info\/#organization","name":"Darka Maz\u00ee","url":"https:\/\/darkamazi.info\/","logo":{"@type":"ImageObject","inLanguage":"en-US","@id":"https:\/\/darkamazi.info\/#\/schema\/logo\/image\/","url":"https:\/\/darkamazi.info\/file\/2017\/12\/darka-mazi-logo.png","contentUrl":"https:\/\/darkamazi.info\/file\/2017\/12\/darka-mazi-logo.png","width":151,"height":75,"caption":"Darka Maz\u00ee"},"image":{"@id":"https:\/\/darkamazi.info\/#\/schema\/logo\/image\/"},"sameAs":["https:\/\/www.facebook.com\/DarMaziKurmanci","https:\/\/x.com\/DarkaMaziLatini","https:\/\/www.instagram.com\/darkamazi.kurmanci\/","https:\/\/www.youtube.com\/channel\/UCa5HkTdmI8U1qCUFuTw8B2g"]},{"@type":"Person","@id":"https:\/\/darkamazi.info\/#\/schema\/person\/5ad3e24553a0567993fa8ed4bd0a776c","name":"darka mazi","sameAs":["https:\/\/darkamazi.info\/"],"url":"https:\/\/darkamazi.info\/archives\/author\/kurdi"}]}},"_links":{"self":[{"href":"https:\/\/darkamazi.info\/funavuv\/wp\/v2\/posts\/1016856","targetHints":{"allow":["GET"]}}],"collection":[{"href":"https:\/\/darkamazi.info\/funavuv\/wp\/v2\/posts"}],"about":[{"href":"https:\/\/darkamazi.info\/funavuv\/wp\/v2\/types\/post"}],"author":[{"embeddable":true,"href":"https:\/\/darkamazi.info\/funavuv\/wp\/v2\/users\/2"}],"replies":[{"embeddable":true,"href":"https:\/\/darkamazi.info\/funavuv\/wp\/v2\/comments?post=1016856"}],"version-history":[{"count":0,"href":"https:\/\/darkamazi.info\/funavuv\/wp\/v2\/posts\/1016856\/revisions"}],"wp:featuredmedia":[{"embeddable":true,"href":"https:\/\/darkamazi.info\/funavuv\/wp\/v2\/media\/1016858"}],"wp:attachment":[{"href":"https:\/\/darkamazi.info\/funavuv\/wp\/v2\/media?parent=1016856"}],"wp:term":[{"taxonomy":"category","embeddable":true,"href":"https:\/\/darkamazi.info\/funavuv\/wp\/v2\/categories?post=1016856"},{"taxonomy":"post_tag","embeddable":true,"href":"https:\/\/darkamazi.info\/funavuv\/wp\/v2\/tags?post=1016856"}],"curies":[{"name":"wp","href":"https:\/\/api.w.org\/{rel}","templated":true}]}}