{"id":1016860,"date":"2020-11-07T13:58:58","date_gmt":"2020-11-07T10:58:58","guid":{"rendered":"https:\/\/darkamazi.info\/?p=1016860"},"modified":"2021-04-10T17:03:30","modified_gmt":"2021-04-10T14:03:30","slug":"servan-bersiva-mezlum-li-derbara-sitema-pkk-e-li-ser-basur-dixwazin","status":"publish","type":"post","link":"https:\/\/darkamazi.info\/archives\/1016860","title":{"rendered":"\u015eervan bersiva Mezl\u00fbm li derbara sitema PKK \u00ea li ser Ba\u015f\u00fbr dixwazin"},"content":{"rendered":"<h3 style=\"text-align: justify;\"><span style=\"font-family: 'arial black', sans-serif;\">Hejmareke \u015eervan\u00ean H\u00eaz\u00ean S\u00fbryaya Demokrat\u00eek, nameyek ji bo fermandar\u00ea xwe Mezl\u00fbm Ebd\u00ee \u015fand\u00eeye \u00fb t\u00eade daxwaz kirine Mezl\u00fbm Ebd\u00ee berisveka zelal li derbara \u00ear\u00ee\u015f\u00ean v\u00ea dawiy\u00ea y\u00ean PKK \u00ea li Ba\u015f\u00fbr\u00ea Kurdistan\u00ea bide.<\/span><\/h3>\n<h3 style=\"text-align: justify;\">Li gor agahiy\u00ean dest\u00ea me, hejmareke \u015eervan\u00ean H\u00eaz\u00ean S\u00fbrya ya Demokrat\u00eek HSD \u00ea, li roja 5\/11\/2020an, nameyek ji bo Mezl\u00fbm Ebd\u00ee y\u00ea fermandar\u00ea HSD \u00ea \u015fand\u00eeye \u00fb t\u00eade wan xwest\u00eeye ku Mezl\u00fbm helwest \u00fb bersiveke zelal li derbara \u00ear\u00ee\u015f\u00ean PKK \u00ea y\u00ean li ser borya petrola Kurdistan\u00ea \u00fb \u00ear\u00ee\u015fa ser P\u00ea\u015fmergey\u00ean ba\u015f\u00fbr bide.<\/h3>\n<h3 style=\"text-align: justify;\"><span style=\"font-family: 'arial black', sans-serif;\">Nameya \u015eervanan wihaye:<\/span><\/h3>\n<h3 style=\"text-align: justify;\">Em hejmareke \u015eervan\u00ean H\u00eaz\u00ean S\u00fbrya ya Demokrat\u00eek, v\u00ea nameya vekr\u00ee ji bo Mezl\u00fbm Ebd\u00ee fermandar\u00ea HSD \u00ea di \u015f\u00eenin, h\u00eav\u00eeya me bersiveke zelal li derbara b\u00fbyer\u00ean &#8220;Ba\u015f\u00fbr\u00ea Kurdistan\u00ea&#8221; Kurdistan\u00ea \u00ceraq\u00ea bide.<\/h3>\n<h3 style=\"text-align: justify;\"><span style=\"font-family: 'arial black', sans-serif;\">Heval Mezl\u00fbm<\/span><\/h3>\n<h3 style=\"text-align: justify;\">Em ji bo parastina xaka xwe tevl\u00ee YPG \u00ea \u00fb YPJ \u00ea b\u00fbne, me xw\u00een ji bo v\u00ea amanc\u00ea daye, me bawer\u00ee bi Kurdistan\u00ea weke welat\u00ea Kurdan heye, em gelek bi \u00ear\u00ee\u015f\u00ean roj\u00ean rab\u00fbr\u00ee y\u00ean PKK \u00ea li ser Ba\u015f\u00fbr\u00ea Kurdistan\u00ea \u00ea\u015fan \u00fb xemg\u00een b\u00fbne, dil\u00ea me di \u015fewite wexta ku em li ser ekran\u00ean kenal\u00ean as\u00eeman\u00ee dib\u00eenin ku r\u00eaveber\u00ean PKK \u00ea bi \u015fanaz\u00ee ve dib\u00eajin me boriya petrola Tirkiy\u00ea teqand, l\u00ea bel\u00ea em dizanin ew \u00ear\u00ee\u015f li ser berjewendiy\u00ean gel\u00ea me y\u00ea Ba\u015f\u00fbr\u00ea Kurdistan\u00ea p\u00eakhat\u00eeye ku bi hezar\u00ean dolaran ziyan \u00e7\u00eakirine, em li v\u00ear\u00ea dipirs\u00een er\u00ea ev kar di berjewend\u00eeya Kurd \u00fb Kurdistan\u00ea de b\u00fb yan PKK \u00ea ec\u00eanday\u00ean dewlet\u00ean dijmin\u00ean Kurdistan\u00ea bic\u00ee kirine?<\/h3>\n<h3 style=\"text-align: justify;\">Em ba\u015f dizanin mayt\u00eakrin\u00ean ku PKK e dke, ne li v\u00ea dawiy\u00ea dest p\u00ea kirine, belku ev dema 28 salane berdewamin, serok Mes\u2019\u00fbd Barzan\u00ee hertim r\u00eagir\u00ee li \u00e7\u00eab\u00fbna \u015fer kir\u00eeye \u00fb \u015fer\u00ea birakujiy\u00ea bi h\u00eala sor danaye, herwiha PKK e li dema \u00ear\u00ee\u015fa DA\u00ce\u015e \u00ea be\u015fdar\u00ee di \u015fer\u00ea teror\u00ea de kir \u00fb Hik\u00fbmeta Ba\u015f\u00fbr\u00ea Kurdistan\u00ea sipas\u00eeya wan kir, l\u00ea bel\u00ea pa\u015f nemana DA\u00ce\u015e \u00ea PKK \u00ea li nav\u00e7ey\u00ea maye \u00fb s\u00eestema r\u00eaxistina xwe li ser gel\u00ea nav\u00e7ey\u00ea feriz kir\u00eeye, wan ew nav\u00e7e li \u015f\u00fbna DA\u00ce\u015e \u00ea dag\u00eer kir\u00eeye.<\/h3>\n<h3 style=\"text-align: justify;\"><span style=\"font-family: 'arial black', sans-serif;\">Heval Mezl\u00fbm<\/span><\/h3>\n<h3 style=\"text-align: justify;\">Em gelek \u00ea\u015fan wexta ku \u00e7ekdar\u00ean PKK \u00ea li roja \u00e7ar\u015femiy\u00ea 4\/11\/2020an \u00ear\u00ee\u015f\u00ee h\u00eaz\u00ean P\u00ea\u015fmerge \u00fb pol\u00ees\u00ean neft \u00fb xaz\u00ea li nav\u00e7eya \u00c7emank\u00ea a par\u00eazgeha Dihok\u00ea kir\u00ee ku di w\u00ea \u00ear\u00ee\u015f\u00ea de P\u00ea\u015fmergeyek bi nav\u00ea H\u00eari\u015f Cewher \u015feh\u00eed b\u00fb \u00fb hejmareke din bir\u00eendar b\u00fbn.<\/h3>\n<h3 style=\"text-align: justify;\">Her wiha roja 5\/11\/2020an PKK \u00ea \u00ear\u00ee\u015feke din li nav\u00e7eya \u00c7emank\u00ea p\u00eakan\u00ee, lewma li v\u00ear em heyr\u00ee mane, \u00e7ima h\u00fbn b\u00eadengin li ser wan tawan\u00ean ku heval\u00ean me y\u00ean PKK \u00ea di rasta gel\u00ea Ba\u015f\u00fbr\u00ea Kurdistan\u00ea da encam didin? Gelo em v\u00ea b\u00eadeng\u00eeya hewe bi tu away\u00ee \u015f\u00eerove bikin? Gelo h\u00fbn li ser w\u00ea naheq\u00eeya di rasta gel\u00ea me de t\u00ea kirin raz\u00ee ne?<\/h3>\n<h3 style=\"text-align: justify;\"><span style=\"font-family: 'arial black', sans-serif;\">Evan pirsan em heyr\u00ee h\u00ealane, dixwaz\u00een h\u00fbn bersiveke zelal \u00fb e\u015fkere li ser bidin<\/span><\/h3>\n<h3 style=\"text-align: justify;\"><span style=\"font-family: 'arial black', sans-serif;\">\u015eervan\u00ean H\u00eaz\u00ean S\u00fbryaya demokrat\u00eek HSD e<\/span><\/h3>\n<h3 style=\"text-align: justify;\"><span style=\"font-family: 'arial black', sans-serif;\">5\/11\/2020<\/span><\/h3>\n","protected":false},"excerpt":{"rendered":"<p>Hejmareke \u015eervan\u00ean H\u00eaz\u00ean S\u00fbryaya Demokrat\u00eek, nameyek ji bo fermandar\u00ea xwe Mezl\u00fbm Ebd\u00ee \u015fand\u00eeye \u00fb t\u00eade daxwaz kirine Mezl\u00fbm Ebd\u00ee berisveka zelal li derbara \u00ear\u00ee\u015f\u00ean v\u00ea dawiy\u00ea y\u00ean PKK \u00ea li Ba\u015f\u00fbr\u00ea Kurdistan\u00ea bide. Li gor agahiy\u00ean dest\u00ea me, hejmareke \u015eervan\u00ean H\u00eaz\u00ean S\u00fbrya ya Demokrat\u00eek HSD \u00ea, li roja 5\/11\/2020an, nameyek ji bo Mezl\u00fbm Ebd\u00ee y\u00ea [&hellip;]<\/p>\n","protected":false},"author":2,"featured_media":1016862,"comment_status":"closed","ping_status":"closed","sticky":false,"template":"","format":"standard","meta":{"footnotes":""},"categories":[29],"tags":[54],"class_list":["post-1016860","post","type-post","status-publish","format-standard","has-post-thumbnail","hentry","category-kurdistan","tag-mezlum-dogan"],"blocksy_meta":[],"seo_head":"<!-- This site is optimized with the Yoast SEO plugin v27.5 - https:\/\/yoast.com\/product\/yoast-seo-wordpress\/ -->\n<title>\u015eervan bersiva Mezl\u00fbm li derbara sitema PKK \u00ea li ser Ba\u015f\u00fbr dixwazin - Darka Maz\u00ee<\/title>\n<meta name=\"robots\" content=\"index, follow, max-snippet:-1, max-image-preview:large, max-video-preview:-1\" \/>\n<link rel=\"canonical\" href=\"https:\/\/darkamazi.info\/archives\/1016860\" \/>\n<meta property=\"og:locale\" content=\"en_US\" \/>\n<meta property=\"og:type\" content=\"article\" \/>\n<meta property=\"og:title\" content=\"\u015eervan bersiva Mezl\u00fbm li derbara sitema PKK \u00ea li ser Ba\u015f\u00fbr dixwazin - Darka Maz\u00ee\" \/>\n<meta property=\"og:description\" content=\"Hejmareke \u015eervan\u00ean H\u00eaz\u00ean S\u00fbryaya Demokrat\u00eek, nameyek ji bo fermandar\u00ea xwe Mezl\u00fbm Ebd\u00ee \u015fand\u00eeye \u00fb t\u00eade daxwaz kirine Mezl\u00fbm Ebd\u00ee berisveka zelal li derbara \u00ear\u00ee\u015f\u00ean v\u00ea dawiy\u00ea y\u00ean PKK \u00ea li Ba\u015f\u00fbr\u00ea Kurdistan\u00ea bide. Li gor agahiy\u00ean dest\u00ea me, hejmareke \u015eervan\u00ean H\u00eaz\u00ean S\u00fbrya ya Demokrat\u00eek HSD \u00ea, li roja 5\/11\/2020an, nameyek ji bo Mezl\u00fbm Ebd\u00ee y\u00ea [&hellip;]\" \/>\n<meta property=\"og:url\" content=\"https:\/\/darkamazi.info\/archives\/1016860\" \/>\n<meta property=\"og:site_name\" content=\"Darka Maz\u00ee\" \/>\n<meta property=\"article:publisher\" content=\"https:\/\/www.facebook.com\/DarMaziKurmanci\" \/>\n<meta property=\"article:published_time\" content=\"2020-11-07T10:58:58+00:00\" \/>\n<meta property=\"article:modified_time\" content=\"2021-04-10T14:03:30+00:00\" \/>\n<meta property=\"og:image\" content=\"https:\/\/darkamazi.info\/file\/2020\/11\/mazlom-bdi-qsd-hsd-pkk-kurd-2.jpg\" \/>\n\t<meta property=\"og:image:width\" content=\"822\" \/>\n\t<meta property=\"og:image:height\" content=\"454\" \/>\n\t<meta property=\"og:image:type\" content=\"image\/jpeg\" \/>\n<meta name=\"author\" content=\"darka mazi\" \/>\n<meta name=\"twitter:card\" content=\"summary_large_image\" \/>\n<meta name=\"twitter:creator\" content=\"@DarkaMaziLatini\" \/>\n<meta name=\"twitter:site\" content=\"@DarkaMaziLatini\" \/>\n<meta name=\"twitter:label1\" content=\"Written by\" \/>\n\t<meta name=\"twitter:data1\" content=\"darka mazi\" \/>\n\t<meta name=\"twitter:label2\" content=\"Est. reading time\" \/>\n\t<meta name=\"twitter:data2\" content=\"3 minutes\" \/>\n<script type=\"application\/ld+json\" class=\"seo-schema-graph\">{\"@context\":\"https:\\\/\\\/schema.org\",\"@graph\":[{\"@type\":\"Article\",\"@id\":\"https:\\\/\\\/darkamazi.info\\\/archives\\\/1016860#article\",\"isPartOf\":{\"@id\":\"https:\\\/\\\/darkamazi.info\\\/archives\\\/1016860\"},\"author\":{\"name\":\"darka mazi\",\"@id\":\"https:\\\/\\\/darkamazi.info\\\/#\\\/schema\\\/person\\\/5ad3e24553a0567993fa8ed4bd0a776c\"},\"headline\":\"\u015eervan bersiva Mezl\u00fbm li derbara sitema PKK \u00ea li ser Ba\u015f\u00fbr dixwazin\",\"datePublished\":\"2020-11-07T10:58:58+00:00\",\"dateModified\":\"2021-04-10T14:03:30+00:00\",\"mainEntityOfPage\":{\"@id\":\"https:\\\/\\\/darkamazi.info\\\/archives\\\/1016860\"},\"wordCount\":563,\"publisher\":{\"@id\":\"https:\\\/\\\/darkamazi.info\\\/#organization\"},\"image\":{\"@id\":\"https:\\\/\\\/darkamazi.info\\\/archives\\\/1016860#primaryimage\"},\"thumbnailUrl\":\"https:\\\/\\\/darkamazi.info\\\/darka-content\\\/uploads\\\/2020\\\/11\\\/mazlom-bdi-qsd-hsd-pkk-kurd-2.jpg\",\"keywords\":[\"Mezl\u00fbm Dogan\"],\"articleSection\":[\"Kurdistan\"],\"inLanguage\":\"en-US\"},{\"@type\":\"WebPage\",\"@id\":\"https:\\\/\\\/darkamazi.info\\\/archives\\\/1016860\",\"url\":\"https:\\\/\\\/darkamazi.info\\\/archives\\\/1016860\",\"name\":\"\u015eervan bersiva Mezl\u00fbm li derbara sitema PKK \u00ea li ser Ba\u015f\u00fbr dixwazin - Darka Maz\u00ee\",\"isPartOf\":{\"@id\":\"https:\\\/\\\/darkamazi.info\\\/#website\"},\"primaryImageOfPage\":{\"@id\":\"https:\\\/\\\/darkamazi.info\\\/archives\\\/1016860#primaryimage\"},\"image\":{\"@id\":\"https:\\\/\\\/darkamazi.info\\\/archives\\\/1016860#primaryimage\"},\"thumbnailUrl\":\"https:\\\/\\\/darkamazi.info\\\/darka-content\\\/uploads\\\/2020\\\/11\\\/mazlom-bdi-qsd-hsd-pkk-kurd-2.jpg\",\"datePublished\":\"2020-11-07T10:58:58+00:00\",\"dateModified\":\"2021-04-10T14:03:30+00:00\",\"breadcrumb\":{\"@id\":\"https:\\\/\\\/darkamazi.info\\\/archives\\\/1016860#breadcrumb\"},\"inLanguage\":\"en-US\",\"potentialAction\":[{\"@type\":\"ReadAction\",\"target\":[\"https:\\\/\\\/darkamazi.info\\\/archives\\\/1016860\"]}]},{\"@type\":\"ImageObject\",\"inLanguage\":\"en-US\",\"@id\":\"https:\\\/\\\/darkamazi.info\\\/archives\\\/1016860#primaryimage\",\"url\":\"https:\\\/\\\/darkamazi.info\\\/darka-content\\\/uploads\\\/2020\\\/11\\\/mazlom-bdi-qsd-hsd-pkk-kurd-2.jpg\",\"contentUrl\":\"https:\\\/\\\/darkamazi.info\\\/darka-content\\\/uploads\\\/2020\\\/11\\\/mazlom-bdi-qsd-hsd-pkk-kurd-2.jpg\",\"width\":822,\"height\":454,\"caption\":\"\u015eervan bersiva Mezl\u00fbm li derbara sitema PKK \u00ea li ser Ba\u015f\u00fbr dixwazin\"},{\"@type\":\"BreadcrumbList\",\"@id\":\"https:\\\/\\\/darkamazi.info\\\/archives\\\/1016860#breadcrumb\",\"itemListElement\":[{\"@type\":\"ListItem\",\"position\":1,\"name\":\"Home\",\"item\":\"https:\\\/\\\/darkamazi.info\\\/\"},{\"@type\":\"ListItem\",\"position\":2,\"name\":\"\u015eervan bersiva Mezl\u00fbm li derbara sitema PKK \u00ea li ser Ba\u015f\u00fbr dixwazin\"}]},{\"@type\":\"WebSite\",\"@id\":\"https:\\\/\\\/darkamazi.info\\\/#website\",\"url\":\"https:\\\/\\\/darkamazi.info\\\/\",\"name\":\"Darka Maz\u00ee\",\"description\":\"P\u00eageha Zanyariy\u00ean Nebih\u00eest\u00ee\",\"publisher\":{\"@id\":\"https:\\\/\\\/darkamazi.info\\\/#organization\"},\"potentialAction\":[{\"@type\":\"SearchAction\",\"target\":{\"@type\":\"EntryPoint\",\"urlTemplate\":\"https:\\\/\\\/darkamazi.info\\\/?s={search_term_string}\"},\"query-input\":{\"@type\":\"PropertyValueSpecification\",\"valueRequired\":true,\"valueName\":\"search_term_string\"}}],\"inLanguage\":\"en-US\"},{\"@type\":\"Organization\",\"@id\":\"https:\\\/\\\/darkamazi.info\\\/#organization\",\"name\":\"Darka Maz\u00ee\",\"url\":\"https:\\\/\\\/darkamazi.info\\\/\",\"logo\":{\"@type\":\"ImageObject\",\"inLanguage\":\"en-US\",\"@id\":\"https:\\\/\\\/darkamazi.info\\\/#\\\/schema\\\/logo\\\/image\\\/\",\"url\":\"https:\\\/\\\/darkamazi.info\\\/darka-content\\\/uploads\\\/2017\\\/12\\\/darka-mazi-logo.png\",\"contentUrl\":\"https:\\\/\\\/darkamazi.info\\\/darka-content\\\/uploads\\\/2017\\\/12\\\/darka-mazi-logo.png\",\"width\":151,\"height\":75,\"caption\":\"Darka Maz\u00ee\"},\"image\":{\"@id\":\"https:\\\/\\\/darkamazi.info\\\/#\\\/schema\\\/logo\\\/image\\\/\"},\"sameAs\":[\"https:\\\/\\\/www.facebook.com\\\/DarMaziKurmanci\",\"https:\\\/\\\/x.com\\\/DarkaMaziLatini\",\"https:\\\/\\\/www.instagram.com\\\/darkamazi.kurmanci\\\/\",\"https:\\\/\\\/www.youtube.com\\\/channel\\\/UCa5HkTdmI8U1qCUFuTw8B2g\"]},{\"@type\":\"Person\",\"@id\":\"https:\\\/\\\/darkamazi.info\\\/#\\\/schema\\\/person\\\/5ad3e24553a0567993fa8ed4bd0a776c\",\"name\":\"darka mazi\",\"sameAs\":[\"https:\\\/\\\/darkamazi.info\\\/\"],\"url\":\"https:\\\/\\\/darkamazi.info\\\/archives\\\/author\\\/kurdi\"}]}<\/script>\n<!-- \/ Yoast SEO plugin. -->","seo_head_json":{"title":"\u015eervan bersiva Mezl\u00fbm li derbara sitema PKK \u00ea li ser Ba\u015f\u00fbr dixwazin - Darka Maz\u00ee","robots":{"index":"index","follow":"follow","max-snippet":"max-snippet:-1","max-image-preview":"max-image-preview:large","max-video-preview":"max-video-preview:-1"},"canonical":"https:\/\/darkamazi.info\/archives\/1016860","og_locale":"en_US","og_type":"article","og_title":"\u015eervan bersiva Mezl\u00fbm li derbara sitema PKK \u00ea li ser Ba\u015f\u00fbr dixwazin - Darka Maz\u00ee","og_description":"Hejmareke \u015eervan\u00ean H\u00eaz\u00ean S\u00fbryaya Demokrat\u00eek, nameyek ji bo fermandar\u00ea xwe Mezl\u00fbm Ebd\u00ee \u015fand\u00eeye \u00fb t\u00eade daxwaz kirine Mezl\u00fbm Ebd\u00ee berisveka zelal li derbara \u00ear\u00ee\u015f\u00ean v\u00ea dawiy\u00ea y\u00ean PKK \u00ea li Ba\u015f\u00fbr\u00ea Kurdistan\u00ea bide. Li gor agahiy\u00ean dest\u00ea me, hejmareke \u015eervan\u00ean H\u00eaz\u00ean S\u00fbrya ya Demokrat\u00eek HSD \u00ea, li roja 5\/11\/2020an, nameyek ji bo Mezl\u00fbm Ebd\u00ee y\u00ea [&hellip;]","og_url":"https:\/\/darkamazi.info\/archives\/1016860","og_site_name":"Darka Maz\u00ee","article_publisher":"https:\/\/www.facebook.com\/DarMaziKurmanci","article_published_time":"2020-11-07T10:58:58+00:00","article_modified_time":"2021-04-10T14:03:30+00:00","og_image":[{"width":822,"height":454,"url":"https:\/\/darkamazi.info\/file\/2020\/11\/mazlom-bdi-qsd-hsd-pkk-kurd-2.jpg","type":"image\/jpeg"}],"author":"darka mazi","twitter_card":"summary_large_image","twitter_creator":"@DarkaMaziLatini","twitter_site":"@DarkaMaziLatini","twitter_misc":{"Written by":"darka mazi","Est. reading time":"3 minutes"},"schema":{"@context":"https:\/\/schema.org","@graph":[{"@type":"Article","@id":"https:\/\/darkamazi.info\/archives\/1016860#article","isPartOf":{"@id":"https:\/\/darkamazi.info\/archives\/1016860"},"author":{"name":"darka mazi","@id":"https:\/\/darkamazi.info\/#\/schema\/person\/5ad3e24553a0567993fa8ed4bd0a776c"},"headline":"\u015eervan bersiva Mezl\u00fbm li derbara sitema PKK \u00ea li ser Ba\u015f\u00fbr dixwazin","datePublished":"2020-11-07T10:58:58+00:00","dateModified":"2021-04-10T14:03:30+00:00","mainEntityOfPage":{"@id":"https:\/\/darkamazi.info\/archives\/1016860"},"wordCount":563,"publisher":{"@id":"https:\/\/darkamazi.info\/#organization"},"image":{"@id":"https:\/\/darkamazi.info\/archives\/1016860#primaryimage"},"thumbnailUrl":"https:\/\/darkamazi.info\/file\/2020\/11\/mazlom-bdi-qsd-hsd-pkk-kurd-2.jpg","keywords":["Mezl\u00fbm Dogan"],"articleSection":["Kurdistan"],"inLanguage":"en-US"},{"@type":"WebPage","@id":"https:\/\/darkamazi.info\/archives\/1016860","url":"https:\/\/darkamazi.info\/archives\/1016860","name":"\u015eervan bersiva Mezl\u00fbm li derbara sitema PKK \u00ea li ser Ba\u015f\u00fbr dixwazin - Darka Maz\u00ee","isPartOf":{"@id":"https:\/\/darkamazi.info\/#website"},"primaryImageOfPage":{"@id":"https:\/\/darkamazi.info\/archives\/1016860#primaryimage"},"image":{"@id":"https:\/\/darkamazi.info\/archives\/1016860#primaryimage"},"thumbnailUrl":"https:\/\/darkamazi.info\/file\/2020\/11\/mazlom-bdi-qsd-hsd-pkk-kurd-2.jpg","datePublished":"2020-11-07T10:58:58+00:00","dateModified":"2021-04-10T14:03:30+00:00","breadcrumb":{"@id":"https:\/\/darkamazi.info\/archives\/1016860#breadcrumb"},"inLanguage":"en-US","potentialAction":[{"@type":"ReadAction","target":["https:\/\/darkamazi.info\/archives\/1016860"]}]},{"@type":"ImageObject","inLanguage":"en-US","@id":"https:\/\/darkamazi.info\/archives\/1016860#primaryimage","url":"https:\/\/darkamazi.info\/file\/2020\/11\/mazlom-bdi-qsd-hsd-pkk-kurd-2.jpg","contentUrl":"https:\/\/darkamazi.info\/file\/2020\/11\/mazlom-bdi-qsd-hsd-pkk-kurd-2.jpg","width":822,"height":454,"caption":"\u015eervan bersiva Mezl\u00fbm li derbara sitema PKK \u00ea li ser Ba\u015f\u00fbr dixwazin"},{"@type":"BreadcrumbList","@id":"https:\/\/darkamazi.info\/archives\/1016860#breadcrumb","itemListElement":[{"@type":"ListItem","position":1,"name":"Home","item":"https:\/\/darkamazi.info\/"},{"@type":"ListItem","position":2,"name":"\u015eervan bersiva Mezl\u00fbm li derbara sitema PKK \u00ea li ser Ba\u015f\u00fbr dixwazin"}]},{"@type":"WebSite","@id":"https:\/\/darkamazi.info\/#website","url":"https:\/\/darkamazi.info\/","name":"Darka Maz\u00ee","description":"P\u00eageha Zanyariy\u00ean Nebih\u00eest\u00ee","publisher":{"@id":"https:\/\/darkamazi.info\/#organization"},"potentialAction":[{"@type":"SearchAction","target":{"@type":"EntryPoint","urlTemplate":"https:\/\/darkamazi.info\/?s={search_term_string}"},"query-input":{"@type":"PropertyValueSpecification","valueRequired":true,"valueName":"search_term_string"}}],"inLanguage":"en-US"},{"@type":"Organization","@id":"https:\/\/darkamazi.info\/#organization","name":"Darka Maz\u00ee","url":"https:\/\/darkamazi.info\/","logo":{"@type":"ImageObject","inLanguage":"en-US","@id":"https:\/\/darkamazi.info\/#\/schema\/logo\/image\/","url":"https:\/\/darkamazi.info\/file\/2017\/12\/darka-mazi-logo.png","contentUrl":"https:\/\/darkamazi.info\/file\/2017\/12\/darka-mazi-logo.png","width":151,"height":75,"caption":"Darka Maz\u00ee"},"image":{"@id":"https:\/\/darkamazi.info\/#\/schema\/logo\/image\/"},"sameAs":["https:\/\/www.facebook.com\/DarMaziKurmanci","https:\/\/x.com\/DarkaMaziLatini","https:\/\/www.instagram.com\/darkamazi.kurmanci\/","https:\/\/www.youtube.com\/channel\/UCa5HkTdmI8U1qCUFuTw8B2g"]},{"@type":"Person","@id":"https:\/\/darkamazi.info\/#\/schema\/person\/5ad3e24553a0567993fa8ed4bd0a776c","name":"darka mazi","sameAs":["https:\/\/darkamazi.info\/"],"url":"https:\/\/darkamazi.info\/archives\/author\/kurdi"}]}},"_links":{"self":[{"href":"https:\/\/darkamazi.info\/funavuv\/wp\/v2\/posts\/1016860","targetHints":{"allow":["GET"]}}],"collection":[{"href":"https:\/\/darkamazi.info\/funavuv\/wp\/v2\/posts"}],"about":[{"href":"https:\/\/darkamazi.info\/funavuv\/wp\/v2\/types\/post"}],"author":[{"embeddable":true,"href":"https:\/\/darkamazi.info\/funavuv\/wp\/v2\/users\/2"}],"replies":[{"embeddable":true,"href":"https:\/\/darkamazi.info\/funavuv\/wp\/v2\/comments?post=1016860"}],"version-history":[{"count":0,"href":"https:\/\/darkamazi.info\/funavuv\/wp\/v2\/posts\/1016860\/revisions"}],"wp:featuredmedia":[{"embeddable":true,"href":"https:\/\/darkamazi.info\/funavuv\/wp\/v2\/media\/1016862"}],"wp:attachment":[{"href":"https:\/\/darkamazi.info\/funavuv\/wp\/v2\/media?parent=1016860"}],"wp:term":[{"taxonomy":"category","embeddable":true,"href":"https:\/\/darkamazi.info\/funavuv\/wp\/v2\/categories?post=1016860"},{"taxonomy":"post_tag","embeddable":true,"href":"https:\/\/darkamazi.info\/funavuv\/wp\/v2\/tags?post=1016860"}],"curies":[{"name":"wp","href":"https:\/\/api.w.org\/{rel}","templated":true}]}}