{"id":1016906,"date":"2020-11-09T14:02:12","date_gmt":"2020-11-09T11:02:12","guid":{"rendered":"https:\/\/darkamazi.info\/?p=1016906"},"modified":"2020-11-09T14:02:12","modified_gmt":"2020-11-09T11:02:12","slug":"pkk-e-ezidiyen-sengale-ber-bi-helakete-dibe","status":"publish","type":"post","link":"https:\/\/darkamazi.info\/archives\/1016906","title":{"rendered":"PKK e \u00cazidiy\u00ean \u015eengal\u00ea ber bi helaket\u00ea dibe"},"content":{"rendered":"<h3 style=\"text-align: justify\"><span style=\"font-family: 'arial black', sans-serif\">Balefir\u00ean b\u00ea p\u00eelot y\u00ean dewleta Tirkiy\u00ea, duh liv \u00fb tevger\u00ean \u00e7ekdar\u00ean PKK \u00ea li dorbera \u015eengal\u00ea hedef kir, hejmarek j\u00ea qetil kirin, pi\u015ftre PKK \u00ea hinek \u015f\u00eaniy\u00ean nav\u00e7ey\u00ea li ciy\u00ea \u00ear\u00ee\u015f\u00ea kom kirin \u00fb daxuyan\u00ee bi wan da gotin, daxuyan\u00ee p\u00eawend\u00eeya w\u00ea bi gel\u00ea \u00cazid\u00ee ve tune b\u00fb, bi kurtas\u00ee ew peyama PKK \u00ea b\u00fb, \u015f\u00eaniy\u00ean ku di r\u00eaz\u00ea de rawestay\u00ee b\u00fbn, s\u00eemay\u00ea wan xweya dikir ku PKK \u00ea ew bi dar\u00ea zor\u00ea k\u00ea\u015f\u00ee ciy\u00ea \u00ear\u00ee\u015f\u00ea kirine.<\/span><\/h3>\n<h3 style=\"text-align: justify\">PKK e ku niha \u015eengal \u00fb 8 gund\u00ean dorbera baj\u00ear dag\u00eer kirine, sedema sereke a bordoman \u00fb \u00ear\u00ee\u015f\u00ean heway\u00ee ye, dewleta Tirkiy\u00ea e\u015fkere \u00eelan kir ku ew bi tu away\u00ee r\u00eanadin \u015eengal bibe Qend\u00eela d\u00fbyem\u00een, l\u00ea bel\u00ea PKK e mukre \u015eengal\u00ea bike Qend\u00eel \u00fb pi\u015ftre bi derd\u00ea Efr\u00een\u00ea, Ser\u00ea Kaniy\u00ea \u00fb Gir\u00ea Sipiy\u00ea bibe.<\/h3>\n<h1 style=\"text-align: center\"><span style=\"font-family: 'arial black', sans-serif;color: #8c0303\">Pence\u015f\u00eara \u015eengal\u00ea<\/span><\/h1>\n<h3 style=\"text-align: justify\">\u00cazidiy\u00ean \u015eengal ji pa\u015f fermana 2014an ku ji dest\u00ea terora DA\u00ce\u015e \u00ea b\u00fb, ketine di dojeha PKK \u00ea de \u00fb \u00eancam \u015eengal w\u00earan hi\u015ft\u00eeye, 80% a \u015f\u00eaniy\u00ean w\u00ea di kampan de mane, nav\u00e7e dewam li j\u00ear \u00ear\u00ee\u015f\u00ean Tirkiy\u00ea deye, zaro \u00fb ciwanan t\u00ean revandin, kom\u00ean \u00e7ekdar li j\u00ear nav\u00ean cuda \u00e7\u00eakirine \u00fb mej\u00eek\u00ea wan bi aydoloj\u00eeya r\u00eaxistina xwe \u015f\u00fb\u015ft\u00ee ye, heger PKK e rast dib\u00eaje ku ew ji bo parastina \u00cazid\u00eeyan li \u015eengal\u00ea ne, bila bersiva van pirsan bide:<\/h3>\n<h3 style=\"text-align: justify\"><span style=\"font-family: 'arial black', sans-serif;color: #808080\">Gelo h\u00fbn \u00cazid\u00eeyan ji k\u00ea di par\u00eazin?<\/span><\/h3>\n<h3 style=\"text-align: justify\"><span style=\"font-family: 'arial black', sans-serif;color: #808080\">Mane h\u00fbn ne sedema \u00ear\u00ee\u015f\u00ean berdewam \u00ean Tirkiy\u00ea ne?<\/span><\/h3>\n<h3 style=\"text-align: justify\"><span style=\"font-family: 'arial black', sans-serif;color: #808080\">Heya niha hewe \u00e7end ciwan\u00ean \u00cazid\u00ee bi dest\u00ea dewleta Tirk qetil kirine?<\/span><\/h3>\n<h3 style=\"text-align: justify\"><span style=\"font-family: 'arial black', sans-serif;color: #808080\">\u00c7ima h\u00fbn r\u00eanadin ko\u00e7ber\u00ean \u015eengal\u00ea vegerin?<\/span><\/h3>\n<h3 style=\"text-align: justify\"><span style=\"font-family: 'arial black', sans-serif;color: #808080\">\u00c7ima h\u00fbn dixwazin \u015eengal w\u00earan \u00fb neavedan bim\u00eene?<\/span><\/h3>\n<h3 style=\"text-align: justify\"><span style=\"font-family: 'arial black', sans-serif;color: #808080\">\u00c7ima \u00cazid\u00ee ku Kurd\u00ean resenin, PKK e dixwaze nasnameya wan bi guher\u00eene?<\/span><\/h3>\n<h3 style=\"text-align: justify\"><span style=\"font-family: 'arial black', sans-serif;color: #808080\">\u00c7ima PKK e r\u00eaz\u00ea li ola \u00cazid\u00eeyan nagire \u00fb her kes dizane ku li \u015eengal\u00ea ew henekan bi ola wan dike?<\/span><\/h3>\n<h1 style=\"text-align: center\"><span style=\"color: #8c0303;font-family: 'arial black', sans-serif\">PKK\u00ea di 40 sal\u00ea \u015fer\u00ea xwe y\u00ea \u00e7ekdar\u00ee de \u00e7end metroy\u00ean xaka Bakur\u00ea Kurdistan\u00ea parastine, w\u00ea ew qas \u015eengal\u00ea \u00fb \u00cazidiy\u00ean \u015eengal\u00ea par\u00eaze<\/span><\/h1>\n<h3 style=\"text-align: justify\">Ya rast bila gel\u00ea \u00cazid\u00ee ba\u015f bizanbe, sedema sereke a \u00eesrara PKK \u00ea ku di \u015eengal\u00ea de bim\u00eene, bi c\u00ee kirina ec\u00eanday\u00ean dewlet\u00ean Tirkiy\u00ea, \u00ceran\u00ea \u00fb \u00ceraq\u00ea ye, Peymana \u015eengal\u00ea j\u00ee ku tam di berjewend\u00eeya \u00cazid\u00eeyan de ye, PKK e naxwaze were bi c\u00ee kirin ji ber ku ew Peyman w\u00ea PKK \u00ea na\u00e7ar bike \u015eengal\u00ea \u00e7\u00fbl bike, bi gotineke din, PKK e li ser bir\u00een\u00ean gel\u00ea \u00cazid\u00ee destkeft\u00eeyan bi dest t\u00eaxe \u00fb xwe di par\u00eaze.<\/h3>\n<h3 style=\"text-align: justify\">Li dawiy\u00ea em dib\u00eajin, p\u00eaw\u00eeste gel\u00ea \u015eengal\u00ea nebe dardest \u00fb leystoka dest\u00ea PKK \u00ea, PKK e w\u00ea wan ber bi helaket\u00ea bibe, \u00eero be ya sibe li gel PKK \u00ea w\u00ea \u00e7areniv\u00eesa \u015eengal\u00ea weke Efr\u00een\u00ea \u00fb Ser\u00ea Kaniy\u00ea be,\u00a0 xebata dehan sal\u00ean PKK \u00ea \u015fahid\u00ea her\u00ee mezine ji bo v\u00ea axaftina me, kan\u00ea PKK \u00ea di 40 sal\u00ean \u015fer\u00ea xwe y\u00ea \u00e7ekdar\u00ee de \u00e7end metroy\u00ean xaka Bakur\u00ea Kurdistan\u00ea serbest kirine, w\u00ea ew qas \u015eengal\u00ea \u00fb \u00cazidiy\u00ean \u015eengal\u00ea serbest bike.<\/h3>\n","protected":false},"excerpt":{"rendered":"<p>Balefir\u00ean b\u00ea p\u00eelot y\u00ean dewleta Tirkiy\u00ea, duh liv \u00fb tevger\u00ean \u00e7ekdar\u00ean PKK \u00ea li dorbera \u015eengal\u00ea hedef kir, hejmarek j\u00ea qetil kirin, pi\u015ftre PKK \u00ea hinek \u015f\u00eaniy\u00ean nav\u00e7ey\u00ea li ciy\u00ea \u00ear\u00ee\u015f\u00ea kom kirin \u00fb daxuyan\u00ee bi wan da gotin, daxuyan\u00ee p\u00eawend\u00eeya w\u00ea bi gel\u00ea \u00cazid\u00ee ve tune b\u00fb, bi kurtas\u00ee ew peyama PKK \u00ea b\u00fb, [&hellip;]<\/p>\n","protected":false},"author":2,"featured_media":1016908,"comment_status":"closed","ping_status":"closed","sticky":false,"template":"","format":"standard","meta":{"footnotes":""},"categories":[29],"tags":[37],"class_list":["post-1016906","post","type-post","status-publish","format-standard","has-post-thumbnail","hentry","category-kurdistan","tag-sereke"],"blocksy_meta":[],"seo_head":"<!-- This site is optimized with the Yoast SEO plugin v27.5 - https:\/\/yoast.com\/product\/yoast-seo-wordpress\/ -->\n<title>PKK e \u00cazidiy\u00ean \u015eengal\u00ea ber bi helaket\u00ea dibe - Darka Maz\u00ee<\/title>\n<meta name=\"robots\" content=\"index, follow, max-snippet:-1, max-image-preview:large, max-video-preview:-1\" \/>\n<link rel=\"canonical\" href=\"https:\/\/darkamazi.info\/archives\/1016906\" \/>\n<meta property=\"og:locale\" content=\"en_US\" \/>\n<meta property=\"og:type\" content=\"article\" \/>\n<meta property=\"og:title\" content=\"PKK e \u00cazidiy\u00ean \u015eengal\u00ea ber bi helaket\u00ea dibe - Darka Maz\u00ee\" \/>\n<meta property=\"og:description\" content=\"Balefir\u00ean b\u00ea p\u00eelot y\u00ean dewleta Tirkiy\u00ea, duh liv \u00fb tevger\u00ean \u00e7ekdar\u00ean PKK \u00ea li dorbera \u015eengal\u00ea hedef kir, hejmarek j\u00ea qetil kirin, pi\u015ftre PKK \u00ea hinek \u015f\u00eaniy\u00ean nav\u00e7ey\u00ea li ciy\u00ea \u00ear\u00ee\u015f\u00ea kom kirin \u00fb daxuyan\u00ee bi wan da gotin, daxuyan\u00ee p\u00eawend\u00eeya w\u00ea bi gel\u00ea \u00cazid\u00ee ve tune b\u00fb, bi kurtas\u00ee ew peyama PKK \u00ea b\u00fb, [&hellip;]\" \/>\n<meta property=\"og:url\" content=\"https:\/\/darkamazi.info\/archives\/1016906\" \/>\n<meta property=\"og:site_name\" content=\"Darka Maz\u00ee\" \/>\n<meta property=\"article:publisher\" content=\"https:\/\/www.facebook.com\/DarMaziKurmanci\" \/>\n<meta property=\"article:published_time\" content=\"2020-11-09T11:02:12+00:00\" \/>\n<meta property=\"og:image\" content=\"https:\/\/darkamazi.info\/file\/2020\/11\/PKK-Sengal-turk-kurd-2.jpg\" \/>\n\t<meta property=\"og:image:width\" content=\"822\" \/>\n\t<meta property=\"og:image:height\" content=\"454\" \/>\n\t<meta property=\"og:image:type\" content=\"image\/jpeg\" \/>\n<meta name=\"author\" content=\"darka mazi\" \/>\n<meta name=\"twitter:card\" content=\"summary_large_image\" \/>\n<meta name=\"twitter:creator\" content=\"@DarkaMaziLatini\" \/>\n<meta name=\"twitter:site\" content=\"@DarkaMaziLatini\" \/>\n<meta name=\"twitter:label1\" content=\"Written by\" \/>\n\t<meta name=\"twitter:data1\" content=\"darka mazi\" \/>\n\t<meta name=\"twitter:label2\" content=\"Est. reading time\" \/>\n\t<meta name=\"twitter:data2\" content=\"3 minutes\" \/>\n<script type=\"application\/ld+json\" class=\"seo-schema-graph\">{\"@context\":\"https:\\\/\\\/schema.org\",\"@graph\":[{\"@type\":\"Article\",\"@id\":\"https:\\\/\\\/darkamazi.info\\\/archives\\\/1016906#article\",\"isPartOf\":{\"@id\":\"https:\\\/\\\/darkamazi.info\\\/archives\\\/1016906\"},\"author\":{\"name\":\"darka mazi\",\"@id\":\"https:\\\/\\\/darkamazi.info\\\/#\\\/schema\\\/person\\\/5ad3e24553a0567993fa8ed4bd0a776c\"},\"headline\":\"PKK e \u00cazidiy\u00ean \u015eengal\u00ea ber bi helaket\u00ea dibe\",\"datePublished\":\"2020-11-09T11:02:12+00:00\",\"mainEntityOfPage\":{\"@id\":\"https:\\\/\\\/darkamazi.info\\\/archives\\\/1016906\"},\"wordCount\":526,\"publisher\":{\"@id\":\"https:\\\/\\\/darkamazi.info\\\/#organization\"},\"image\":{\"@id\":\"https:\\\/\\\/darkamazi.info\\\/archives\\\/1016906#primaryimage\"},\"thumbnailUrl\":\"https:\\\/\\\/darkamazi.info\\\/darka-content\\\/uploads\\\/2020\\\/11\\\/PKK-Sengal-turk-kurd-2.jpg\",\"keywords\":[\"sereke\"],\"articleSection\":[\"Kurdistan\"],\"inLanguage\":\"en-US\"},{\"@type\":\"WebPage\",\"@id\":\"https:\\\/\\\/darkamazi.info\\\/archives\\\/1016906\",\"url\":\"https:\\\/\\\/darkamazi.info\\\/archives\\\/1016906\",\"name\":\"PKK e \u00cazidiy\u00ean \u015eengal\u00ea ber bi helaket\u00ea dibe - Darka Maz\u00ee\",\"isPartOf\":{\"@id\":\"https:\\\/\\\/darkamazi.info\\\/#website\"},\"primaryImageOfPage\":{\"@id\":\"https:\\\/\\\/darkamazi.info\\\/archives\\\/1016906#primaryimage\"},\"image\":{\"@id\":\"https:\\\/\\\/darkamazi.info\\\/archives\\\/1016906#primaryimage\"},\"thumbnailUrl\":\"https:\\\/\\\/darkamazi.info\\\/darka-content\\\/uploads\\\/2020\\\/11\\\/PKK-Sengal-turk-kurd-2.jpg\",\"datePublished\":\"2020-11-09T11:02:12+00:00\",\"breadcrumb\":{\"@id\":\"https:\\\/\\\/darkamazi.info\\\/archives\\\/1016906#breadcrumb\"},\"inLanguage\":\"en-US\",\"potentialAction\":[{\"@type\":\"ReadAction\",\"target\":[\"https:\\\/\\\/darkamazi.info\\\/archives\\\/1016906\"]}]},{\"@type\":\"ImageObject\",\"inLanguage\":\"en-US\",\"@id\":\"https:\\\/\\\/darkamazi.info\\\/archives\\\/1016906#primaryimage\",\"url\":\"https:\\\/\\\/darkamazi.info\\\/darka-content\\\/uploads\\\/2020\\\/11\\\/PKK-Sengal-turk-kurd-2.jpg\",\"contentUrl\":\"https:\\\/\\\/darkamazi.info\\\/darka-content\\\/uploads\\\/2020\\\/11\\\/PKK-Sengal-turk-kurd-2.jpg\",\"width\":822,\"height\":454,\"caption\":\"PKK e \u00cazidiy\u00ean \u015eengal\u00ea ber bi helaket\u00ea dibe\"},{\"@type\":\"BreadcrumbList\",\"@id\":\"https:\\\/\\\/darkamazi.info\\\/archives\\\/1016906#breadcrumb\",\"itemListElement\":[{\"@type\":\"ListItem\",\"position\":1,\"name\":\"Home\",\"item\":\"https:\\\/\\\/darkamazi.info\\\/\"},{\"@type\":\"ListItem\",\"position\":2,\"name\":\"PKK e \u00cazidiy\u00ean \u015eengal\u00ea ber bi helaket\u00ea dibe\"}]},{\"@type\":\"WebSite\",\"@id\":\"https:\\\/\\\/darkamazi.info\\\/#website\",\"url\":\"https:\\\/\\\/darkamazi.info\\\/\",\"name\":\"Darka Maz\u00ee\",\"description\":\"P\u00eageha Zanyariy\u00ean Nebih\u00eest\u00ee\",\"publisher\":{\"@id\":\"https:\\\/\\\/darkamazi.info\\\/#organization\"},\"potentialAction\":[{\"@type\":\"SearchAction\",\"target\":{\"@type\":\"EntryPoint\",\"urlTemplate\":\"https:\\\/\\\/darkamazi.info\\\/?s={search_term_string}\"},\"query-input\":{\"@type\":\"PropertyValueSpecification\",\"valueRequired\":true,\"valueName\":\"search_term_string\"}}],\"inLanguage\":\"en-US\"},{\"@type\":\"Organization\",\"@id\":\"https:\\\/\\\/darkamazi.info\\\/#organization\",\"name\":\"Darka Maz\u00ee\",\"url\":\"https:\\\/\\\/darkamazi.info\\\/\",\"logo\":{\"@type\":\"ImageObject\",\"inLanguage\":\"en-US\",\"@id\":\"https:\\\/\\\/darkamazi.info\\\/#\\\/schema\\\/logo\\\/image\\\/\",\"url\":\"https:\\\/\\\/darkamazi.info\\\/darka-content\\\/uploads\\\/2017\\\/12\\\/darka-mazi-logo.png\",\"contentUrl\":\"https:\\\/\\\/darkamazi.info\\\/darka-content\\\/uploads\\\/2017\\\/12\\\/darka-mazi-logo.png\",\"width\":151,\"height\":75,\"caption\":\"Darka Maz\u00ee\"},\"image\":{\"@id\":\"https:\\\/\\\/darkamazi.info\\\/#\\\/schema\\\/logo\\\/image\\\/\"},\"sameAs\":[\"https:\\\/\\\/www.facebook.com\\\/DarMaziKurmanci\",\"https:\\\/\\\/x.com\\\/DarkaMaziLatini\",\"https:\\\/\\\/www.instagram.com\\\/darkamazi.kurmanci\\\/\",\"https:\\\/\\\/www.youtube.com\\\/channel\\\/UCa5HkTdmI8U1qCUFuTw8B2g\"]},{\"@type\":\"Person\",\"@id\":\"https:\\\/\\\/darkamazi.info\\\/#\\\/schema\\\/person\\\/5ad3e24553a0567993fa8ed4bd0a776c\",\"name\":\"darka mazi\",\"sameAs\":[\"https:\\\/\\\/darkamazi.info\\\/\"],\"url\":\"https:\\\/\\\/darkamazi.info\\\/archives\\\/author\\\/kurdi\"}]}<\/script>\n<!-- \/ Yoast SEO plugin. -->","seo_head_json":{"title":"PKK e \u00cazidiy\u00ean \u015eengal\u00ea ber bi helaket\u00ea dibe - Darka Maz\u00ee","robots":{"index":"index","follow":"follow","max-snippet":"max-snippet:-1","max-image-preview":"max-image-preview:large","max-video-preview":"max-video-preview:-1"},"canonical":"https:\/\/darkamazi.info\/archives\/1016906","og_locale":"en_US","og_type":"article","og_title":"PKK e \u00cazidiy\u00ean \u015eengal\u00ea ber bi helaket\u00ea dibe - Darka Maz\u00ee","og_description":"Balefir\u00ean b\u00ea p\u00eelot y\u00ean dewleta Tirkiy\u00ea, duh liv \u00fb tevger\u00ean \u00e7ekdar\u00ean PKK \u00ea li dorbera \u015eengal\u00ea hedef kir, hejmarek j\u00ea qetil kirin, pi\u015ftre PKK \u00ea hinek \u015f\u00eaniy\u00ean nav\u00e7ey\u00ea li ciy\u00ea \u00ear\u00ee\u015f\u00ea kom kirin \u00fb daxuyan\u00ee bi wan da gotin, daxuyan\u00ee p\u00eawend\u00eeya w\u00ea bi gel\u00ea \u00cazid\u00ee ve tune b\u00fb, bi kurtas\u00ee ew peyama PKK \u00ea b\u00fb, [&hellip;]","og_url":"https:\/\/darkamazi.info\/archives\/1016906","og_site_name":"Darka Maz\u00ee","article_publisher":"https:\/\/www.facebook.com\/DarMaziKurmanci","article_published_time":"2020-11-09T11:02:12+00:00","og_image":[{"width":822,"height":454,"url":"https:\/\/darkamazi.info\/file\/2020\/11\/PKK-Sengal-turk-kurd-2.jpg","type":"image\/jpeg"}],"author":"darka mazi","twitter_card":"summary_large_image","twitter_creator":"@DarkaMaziLatini","twitter_site":"@DarkaMaziLatini","twitter_misc":{"Written by":"darka mazi","Est. reading time":"3 minutes"},"schema":{"@context":"https:\/\/schema.org","@graph":[{"@type":"Article","@id":"https:\/\/darkamazi.info\/archives\/1016906#article","isPartOf":{"@id":"https:\/\/darkamazi.info\/archives\/1016906"},"author":{"name":"darka mazi","@id":"https:\/\/darkamazi.info\/#\/schema\/person\/5ad3e24553a0567993fa8ed4bd0a776c"},"headline":"PKK e \u00cazidiy\u00ean \u015eengal\u00ea ber bi helaket\u00ea dibe","datePublished":"2020-11-09T11:02:12+00:00","mainEntityOfPage":{"@id":"https:\/\/darkamazi.info\/archives\/1016906"},"wordCount":526,"publisher":{"@id":"https:\/\/darkamazi.info\/#organization"},"image":{"@id":"https:\/\/darkamazi.info\/archives\/1016906#primaryimage"},"thumbnailUrl":"https:\/\/darkamazi.info\/file\/2020\/11\/PKK-Sengal-turk-kurd-2.jpg","keywords":["sereke"],"articleSection":["Kurdistan"],"inLanguage":"en-US"},{"@type":"WebPage","@id":"https:\/\/darkamazi.info\/archives\/1016906","url":"https:\/\/darkamazi.info\/archives\/1016906","name":"PKK e \u00cazidiy\u00ean \u015eengal\u00ea ber bi helaket\u00ea dibe - Darka Maz\u00ee","isPartOf":{"@id":"https:\/\/darkamazi.info\/#website"},"primaryImageOfPage":{"@id":"https:\/\/darkamazi.info\/archives\/1016906#primaryimage"},"image":{"@id":"https:\/\/darkamazi.info\/archives\/1016906#primaryimage"},"thumbnailUrl":"https:\/\/darkamazi.info\/file\/2020\/11\/PKK-Sengal-turk-kurd-2.jpg","datePublished":"2020-11-09T11:02:12+00:00","breadcrumb":{"@id":"https:\/\/darkamazi.info\/archives\/1016906#breadcrumb"},"inLanguage":"en-US","potentialAction":[{"@type":"ReadAction","target":["https:\/\/darkamazi.info\/archives\/1016906"]}]},{"@type":"ImageObject","inLanguage":"en-US","@id":"https:\/\/darkamazi.info\/archives\/1016906#primaryimage","url":"https:\/\/darkamazi.info\/file\/2020\/11\/PKK-Sengal-turk-kurd-2.jpg","contentUrl":"https:\/\/darkamazi.info\/file\/2020\/11\/PKK-Sengal-turk-kurd-2.jpg","width":822,"height":454,"caption":"PKK e \u00cazidiy\u00ean \u015eengal\u00ea ber bi helaket\u00ea dibe"},{"@type":"BreadcrumbList","@id":"https:\/\/darkamazi.info\/archives\/1016906#breadcrumb","itemListElement":[{"@type":"ListItem","position":1,"name":"Home","item":"https:\/\/darkamazi.info\/"},{"@type":"ListItem","position":2,"name":"PKK e \u00cazidiy\u00ean \u015eengal\u00ea ber bi helaket\u00ea dibe"}]},{"@type":"WebSite","@id":"https:\/\/darkamazi.info\/#website","url":"https:\/\/darkamazi.info\/","name":"Darka Maz\u00ee","description":"P\u00eageha Zanyariy\u00ean Nebih\u00eest\u00ee","publisher":{"@id":"https:\/\/darkamazi.info\/#organization"},"potentialAction":[{"@type":"SearchAction","target":{"@type":"EntryPoint","urlTemplate":"https:\/\/darkamazi.info\/?s={search_term_string}"},"query-input":{"@type":"PropertyValueSpecification","valueRequired":true,"valueName":"search_term_string"}}],"inLanguage":"en-US"},{"@type":"Organization","@id":"https:\/\/darkamazi.info\/#organization","name":"Darka Maz\u00ee","url":"https:\/\/darkamazi.info\/","logo":{"@type":"ImageObject","inLanguage":"en-US","@id":"https:\/\/darkamazi.info\/#\/schema\/logo\/image\/","url":"https:\/\/darkamazi.info\/file\/2017\/12\/darka-mazi-logo.png","contentUrl":"https:\/\/darkamazi.info\/file\/2017\/12\/darka-mazi-logo.png","width":151,"height":75,"caption":"Darka Maz\u00ee"},"image":{"@id":"https:\/\/darkamazi.info\/#\/schema\/logo\/image\/"},"sameAs":["https:\/\/www.facebook.com\/DarMaziKurmanci","https:\/\/x.com\/DarkaMaziLatini","https:\/\/www.instagram.com\/darkamazi.kurmanci\/","https:\/\/www.youtube.com\/channel\/UCa5HkTdmI8U1qCUFuTw8B2g"]},{"@type":"Person","@id":"https:\/\/darkamazi.info\/#\/schema\/person\/5ad3e24553a0567993fa8ed4bd0a776c","name":"darka mazi","sameAs":["https:\/\/darkamazi.info\/"],"url":"https:\/\/darkamazi.info\/archives\/author\/kurdi"}]}},"_links":{"self":[{"href":"https:\/\/darkamazi.info\/funavuv\/wp\/v2\/posts\/1016906","targetHints":{"allow":["GET"]}}],"collection":[{"href":"https:\/\/darkamazi.info\/funavuv\/wp\/v2\/posts"}],"about":[{"href":"https:\/\/darkamazi.info\/funavuv\/wp\/v2\/types\/post"}],"author":[{"embeddable":true,"href":"https:\/\/darkamazi.info\/funavuv\/wp\/v2\/users\/2"}],"replies":[{"embeddable":true,"href":"https:\/\/darkamazi.info\/funavuv\/wp\/v2\/comments?post=1016906"}],"version-history":[{"count":0,"href":"https:\/\/darkamazi.info\/funavuv\/wp\/v2\/posts\/1016906\/revisions"}],"wp:featuredmedia":[{"embeddable":true,"href":"https:\/\/darkamazi.info\/funavuv\/wp\/v2\/media\/1016908"}],"wp:attachment":[{"href":"https:\/\/darkamazi.info\/funavuv\/wp\/v2\/media?parent=1016906"}],"wp:term":[{"taxonomy":"category","embeddable":true,"href":"https:\/\/darkamazi.info\/funavuv\/wp\/v2\/categories?post=1016906"},{"taxonomy":"post_tag","embeddable":true,"href":"https:\/\/darkamazi.info\/funavuv\/wp\/v2\/tags?post=1016906"}],"curies":[{"name":"wp","href":"https:\/\/api.w.org\/{rel}","templated":true}]}}