{"id":1017092,"date":"2020-11-16T13:25:30","date_gmt":"2020-11-16T10:25:30","guid":{"rendered":"https:\/\/darkamazi.info\/?p=1017092"},"modified":"2020-11-16T13:25:30","modified_gmt":"2020-11-16T10:25:30","slug":"cekdaran-11-welatiyen-efrine-revandin","status":"publish","type":"post","link":"https:\/\/darkamazi.info\/archives\/1017092","title":{"rendered":"\u00c7ekdaran 11 welatiy\u00ean Efr\u00een\u00ea\u00a0 revandin"},"content":{"rendered":"<h3 style=\"text-align: justify\"><span style=\"font-family: 'arial black', sans-serif\">Kom\u00ean \u00e7ekdaran y\u00ean li j\u00ear fermana Tirkiy\u00ea di daw\u00ee c\u00eenayeta xwe de li himber\u00ee welatiy\u00ean Kurd \u00ean Efr\u00een\u00ea, 11 kes ji 2 gund\u00ean w\u00ea her\u00eama Rojava Kurdistan\u00ea revandin.<\/span><\/h3>\n<h3 style=\"text-align: justify\">\u00c7avkaniy\u00ean p\u00eageha Darka Maz\u00ee\u00a0 li Rojava Kurdistan\u00ea e\u015fker kir, kom\u00ean \u00e7ekdar\u00ean gir\u00eaday Tirkiy\u00ea ji roj\u00ean rab\u00fbr\u00ee ve, 11 kes ji d\u00fb gund\u00ean Efr\u00een\u00ea\u00a0 revandine \u00fb heya niha \u00e7areniv\u00eesa wan nediyare.<\/h3>\n<h3 style=\"text-align: justify\">Dest n\u00ee\u015fa kir, ev welat\u00ee ji gund\u00ea Behd\u00eena \u00ea nav\u00e7eya Raco \u00fb gund\u00ea B\u00eak\u00ea y\u00ea nav\u00e7eya Bilbil\u00ea revandine, hinek ji wan pa\u015f dana fidiy\u00ea serbest hatine berdan, l\u00ea bel\u00ea h\u00eajan piran\u00ee j\u00ea \u00e7areniv\u00eesa wan nediyare.<\/h3>\n<h3 style=\"text-align: justify\">Gir\u00fbpa bi nav\u00ea El Hemzat a gir\u00eaday arte\u015fa Tirkiy\u00ea, li roj\u00ean 8 \u00fb 12\/11\/2020an ev c\u00eenayet encam daye.<\/h3>\n<h3 style=\"text-align: justify\">Revandina welatiy\u00ean Kurd\u00ean Efr\u00een\u00ea\u00a0 ji aliy\u00ea gir\u00fbp\u00ean \u00e7ekdar ve berdewame, li gor r\u00eaxistin\u00ean maf\u00ean mirovan, heta niha bi hezaran kes hatine revandin \u00fb \u00e7areniv\u00eesa be\u015feke mezin j\u00ee nediyare.<\/h3>\n","protected":false},"excerpt":{"rendered":"<p>Kom\u00ean \u00e7ekdaran y\u00ean li j\u00ear fermana Tirkiy\u00ea di daw\u00ee c\u00eenayeta xwe de li himber\u00ee welatiy\u00ean Kurd \u00ean Efr\u00een\u00ea, 11 kes ji 2 gund\u00ean w\u00ea her\u00eama Rojava Kurdistan\u00ea revandin. \u00c7avkaniy\u00ean p\u00eageha Darka Maz\u00ee\u00a0 li Rojava Kurdistan\u00ea e\u015fker kir, kom\u00ean \u00e7ekdar\u00ean gir\u00eaday Tirkiy\u00ea ji roj\u00ean rab\u00fbr\u00ee ve, 11 kes ji d\u00fb gund\u00ean Efr\u00een\u00ea\u00a0 revandine \u00fb heya niha [&hellip;]<\/p>\n","protected":false},"author":2,"featured_media":1017094,"comment_status":"closed","ping_status":"closed","sticky":false,"template":"","format":"standard","meta":{"footnotes":""},"categories":[29],"tags":[37],"class_list":["post-1017092","post","type-post","status-publish","format-standard","has-post-thumbnail","hentry","category-kurdistan","tag-sereke"],"blocksy_meta":[],"seo_head":"<!-- This site is optimized with the Yoast SEO plugin v27.5 - https:\/\/yoast.com\/product\/yoast-seo-wordpress\/ -->\n<title>\u00c7ekdaran 11 welatiy\u00ean Efr\u00een\u00ea\u00a0 revandin - Darka Maz\u00ee<\/title>\n<meta name=\"robots\" content=\"index, follow, max-snippet:-1, max-image-preview:large, max-video-preview:-1\" \/>\n<link rel=\"canonical\" href=\"https:\/\/darkamazi.info\/archives\/1017092\" \/>\n<meta property=\"og:locale\" content=\"en_US\" \/>\n<meta property=\"og:type\" content=\"article\" \/>\n<meta property=\"og:title\" content=\"\u00c7ekdaran 11 welatiy\u00ean Efr\u00een\u00ea\u00a0 revandin - Darka Maz\u00ee\" \/>\n<meta property=\"og:description\" content=\"Kom\u00ean \u00e7ekdaran y\u00ean li j\u00ear fermana Tirkiy\u00ea di daw\u00ee c\u00eenayeta xwe de li himber\u00ee welatiy\u00ean Kurd \u00ean Efr\u00een\u00ea, 11 kes ji 2 gund\u00ean w\u00ea her\u00eama Rojava Kurdistan\u00ea revandin. \u00c7avkaniy\u00ean p\u00eageha Darka Maz\u00ee\u00a0 li Rojava Kurdistan\u00ea e\u015fker kir, kom\u00ean \u00e7ekdar\u00ean gir\u00eaday Tirkiy\u00ea ji roj\u00ean rab\u00fbr\u00ee ve, 11 kes ji d\u00fb gund\u00ean Efr\u00een\u00ea\u00a0 revandine \u00fb heya niha [&hellip;]\" \/>\n<meta property=\"og:url\" content=\"https:\/\/darkamazi.info\/archives\/1017092\" \/>\n<meta property=\"og:site_name\" content=\"Darka Maz\u00ee\" \/>\n<meta property=\"article:publisher\" content=\"https:\/\/www.facebook.com\/DarMaziKurmanci\" \/>\n<meta property=\"article:published_time\" content=\"2020-11-16T10:25:30+00:00\" \/>\n<meta property=\"og:image\" content=\"https:\/\/darkamazi.info\/file\/2020\/11\/Komen-cekdaran-tirk-2.jpg\" \/>\n\t<meta property=\"og:image:width\" content=\"822\" \/>\n\t<meta property=\"og:image:height\" content=\"454\" \/>\n\t<meta property=\"og:image:type\" content=\"image\/jpeg\" \/>\n<meta name=\"author\" content=\"darka mazi\" \/>\n<meta name=\"twitter:card\" content=\"summary_large_image\" \/>\n<meta name=\"twitter:creator\" content=\"@DarkaMaziLatini\" \/>\n<meta name=\"twitter:site\" content=\"@DarkaMaziLatini\" \/>\n<meta name=\"twitter:label1\" content=\"Written by\" \/>\n\t<meta name=\"twitter:data1\" content=\"darka mazi\" \/>\n\t<meta name=\"twitter:label2\" content=\"Est. reading time\" \/>\n\t<meta name=\"twitter:data2\" content=\"1 minute\" \/>\n<script type=\"application\/ld+json\" class=\"seo-schema-graph\">{\"@context\":\"https:\\\/\\\/schema.org\",\"@graph\":[{\"@type\":\"Article\",\"@id\":\"https:\\\/\\\/darkamazi.info\\\/archives\\\/1017092#article\",\"isPartOf\":{\"@id\":\"https:\\\/\\\/darkamazi.info\\\/archives\\\/1017092\"},\"author\":{\"name\":\"darka mazi\",\"@id\":\"https:\\\/\\\/darkamazi.info\\\/#\\\/schema\\\/person\\\/5ad3e24553a0567993fa8ed4bd0a776c\"},\"headline\":\"\u00c7ekdaran 11 welatiy\u00ean Efr\u00een\u00ea\u00a0 revandin\",\"datePublished\":\"2020-11-16T10:25:30+00:00\",\"mainEntityOfPage\":{\"@id\":\"https:\\\/\\\/darkamazi.info\\\/archives\\\/1017092\"},\"wordCount\":177,\"publisher\":{\"@id\":\"https:\\\/\\\/darkamazi.info\\\/#organization\"},\"image\":{\"@id\":\"https:\\\/\\\/darkamazi.info\\\/archives\\\/1017092#primaryimage\"},\"thumbnailUrl\":\"https:\\\/\\\/darkamazi.info\\\/darka-content\\\/uploads\\\/2020\\\/11\\\/Komen-cekdaran-tirk-2.jpg\",\"keywords\":[\"sereke\"],\"articleSection\":[\"Kurdistan\"],\"inLanguage\":\"en-US\"},{\"@type\":\"WebPage\",\"@id\":\"https:\\\/\\\/darkamazi.info\\\/archives\\\/1017092\",\"url\":\"https:\\\/\\\/darkamazi.info\\\/archives\\\/1017092\",\"name\":\"\u00c7ekdaran 11 welatiy\u00ean Efr\u00een\u00ea\u00a0 revandin - Darka Maz\u00ee\",\"isPartOf\":{\"@id\":\"https:\\\/\\\/darkamazi.info\\\/#website\"},\"primaryImageOfPage\":{\"@id\":\"https:\\\/\\\/darkamazi.info\\\/archives\\\/1017092#primaryimage\"},\"image\":{\"@id\":\"https:\\\/\\\/darkamazi.info\\\/archives\\\/1017092#primaryimage\"},\"thumbnailUrl\":\"https:\\\/\\\/darkamazi.info\\\/darka-content\\\/uploads\\\/2020\\\/11\\\/Komen-cekdaran-tirk-2.jpg\",\"datePublished\":\"2020-11-16T10:25:30+00:00\",\"breadcrumb\":{\"@id\":\"https:\\\/\\\/darkamazi.info\\\/archives\\\/1017092#breadcrumb\"},\"inLanguage\":\"en-US\",\"potentialAction\":[{\"@type\":\"ReadAction\",\"target\":[\"https:\\\/\\\/darkamazi.info\\\/archives\\\/1017092\"]}]},{\"@type\":\"ImageObject\",\"inLanguage\":\"en-US\",\"@id\":\"https:\\\/\\\/darkamazi.info\\\/archives\\\/1017092#primaryimage\",\"url\":\"https:\\\/\\\/darkamazi.info\\\/darka-content\\\/uploads\\\/2020\\\/11\\\/Komen-cekdaran-tirk-2.jpg\",\"contentUrl\":\"https:\\\/\\\/darkamazi.info\\\/darka-content\\\/uploads\\\/2020\\\/11\\\/Komen-cekdaran-tirk-2.jpg\",\"width\":822,\"height\":454},{\"@type\":\"BreadcrumbList\",\"@id\":\"https:\\\/\\\/darkamazi.info\\\/archives\\\/1017092#breadcrumb\",\"itemListElement\":[{\"@type\":\"ListItem\",\"position\":1,\"name\":\"Home\",\"item\":\"https:\\\/\\\/darkamazi.info\\\/\"},{\"@type\":\"ListItem\",\"position\":2,\"name\":\"\u00c7ekdaran 11 welatiy\u00ean Efr\u00een\u00ea\u00a0 revandin\"}]},{\"@type\":\"WebSite\",\"@id\":\"https:\\\/\\\/darkamazi.info\\\/#website\",\"url\":\"https:\\\/\\\/darkamazi.info\\\/\",\"name\":\"Darka Maz\u00ee\",\"description\":\"P\u00eageha Zanyariy\u00ean Nebih\u00eest\u00ee\",\"publisher\":{\"@id\":\"https:\\\/\\\/darkamazi.info\\\/#organization\"},\"potentialAction\":[{\"@type\":\"SearchAction\",\"target\":{\"@type\":\"EntryPoint\",\"urlTemplate\":\"https:\\\/\\\/darkamazi.info\\\/?s={search_term_string}\"},\"query-input\":{\"@type\":\"PropertyValueSpecification\",\"valueRequired\":true,\"valueName\":\"search_term_string\"}}],\"inLanguage\":\"en-US\"},{\"@type\":\"Organization\",\"@id\":\"https:\\\/\\\/darkamazi.info\\\/#organization\",\"name\":\"Darka Maz\u00ee\",\"url\":\"https:\\\/\\\/darkamazi.info\\\/\",\"logo\":{\"@type\":\"ImageObject\",\"inLanguage\":\"en-US\",\"@id\":\"https:\\\/\\\/darkamazi.info\\\/#\\\/schema\\\/logo\\\/image\\\/\",\"url\":\"https:\\\/\\\/darkamazi.info\\\/darka-content\\\/uploads\\\/2017\\\/12\\\/darka-mazi-logo.png\",\"contentUrl\":\"https:\\\/\\\/darkamazi.info\\\/darka-content\\\/uploads\\\/2017\\\/12\\\/darka-mazi-logo.png\",\"width\":151,\"height\":75,\"caption\":\"Darka Maz\u00ee\"},\"image\":{\"@id\":\"https:\\\/\\\/darkamazi.info\\\/#\\\/schema\\\/logo\\\/image\\\/\"},\"sameAs\":[\"https:\\\/\\\/www.facebook.com\\\/DarMaziKurmanci\",\"https:\\\/\\\/x.com\\\/DarkaMaziLatini\",\"https:\\\/\\\/www.instagram.com\\\/darkamazi.kurmanci\\\/\",\"https:\\\/\\\/www.youtube.com\\\/channel\\\/UCa5HkTdmI8U1qCUFuTw8B2g\"]},{\"@type\":\"Person\",\"@id\":\"https:\\\/\\\/darkamazi.info\\\/#\\\/schema\\\/person\\\/5ad3e24553a0567993fa8ed4bd0a776c\",\"name\":\"darka mazi\",\"sameAs\":[\"https:\\\/\\\/darkamazi.info\\\/\"],\"url\":\"https:\\\/\\\/darkamazi.info\\\/archives\\\/author\\\/kurdi\"}]}<\/script>\n<!-- \/ Yoast SEO plugin. -->","seo_head_json":{"title":"\u00c7ekdaran 11 welatiy\u00ean Efr\u00een\u00ea\u00a0 revandin - Darka Maz\u00ee","robots":{"index":"index","follow":"follow","max-snippet":"max-snippet:-1","max-image-preview":"max-image-preview:large","max-video-preview":"max-video-preview:-1"},"canonical":"https:\/\/darkamazi.info\/archives\/1017092","og_locale":"en_US","og_type":"article","og_title":"\u00c7ekdaran 11 welatiy\u00ean Efr\u00een\u00ea\u00a0 revandin - Darka Maz\u00ee","og_description":"Kom\u00ean \u00e7ekdaran y\u00ean li j\u00ear fermana Tirkiy\u00ea di daw\u00ee c\u00eenayeta xwe de li himber\u00ee welatiy\u00ean Kurd \u00ean Efr\u00een\u00ea, 11 kes ji 2 gund\u00ean w\u00ea her\u00eama Rojava Kurdistan\u00ea revandin. \u00c7avkaniy\u00ean p\u00eageha Darka Maz\u00ee\u00a0 li Rojava Kurdistan\u00ea e\u015fker kir, kom\u00ean \u00e7ekdar\u00ean gir\u00eaday Tirkiy\u00ea ji roj\u00ean rab\u00fbr\u00ee ve, 11 kes ji d\u00fb gund\u00ean Efr\u00een\u00ea\u00a0 revandine \u00fb heya niha [&hellip;]","og_url":"https:\/\/darkamazi.info\/archives\/1017092","og_site_name":"Darka Maz\u00ee","article_publisher":"https:\/\/www.facebook.com\/DarMaziKurmanci","article_published_time":"2020-11-16T10:25:30+00:00","og_image":[{"width":822,"height":454,"url":"https:\/\/darkamazi.info\/file\/2020\/11\/Komen-cekdaran-tirk-2.jpg","type":"image\/jpeg"}],"author":"darka mazi","twitter_card":"summary_large_image","twitter_creator":"@DarkaMaziLatini","twitter_site":"@DarkaMaziLatini","twitter_misc":{"Written by":"darka mazi","Est. reading time":"1 minute"},"schema":{"@context":"https:\/\/schema.org","@graph":[{"@type":"Article","@id":"https:\/\/darkamazi.info\/archives\/1017092#article","isPartOf":{"@id":"https:\/\/darkamazi.info\/archives\/1017092"},"author":{"name":"darka mazi","@id":"https:\/\/darkamazi.info\/#\/schema\/person\/5ad3e24553a0567993fa8ed4bd0a776c"},"headline":"\u00c7ekdaran 11 welatiy\u00ean Efr\u00een\u00ea\u00a0 revandin","datePublished":"2020-11-16T10:25:30+00:00","mainEntityOfPage":{"@id":"https:\/\/darkamazi.info\/archives\/1017092"},"wordCount":177,"publisher":{"@id":"https:\/\/darkamazi.info\/#organization"},"image":{"@id":"https:\/\/darkamazi.info\/archives\/1017092#primaryimage"},"thumbnailUrl":"https:\/\/darkamazi.info\/file\/2020\/11\/Komen-cekdaran-tirk-2.jpg","keywords":["sereke"],"articleSection":["Kurdistan"],"inLanguage":"en-US"},{"@type":"WebPage","@id":"https:\/\/darkamazi.info\/archives\/1017092","url":"https:\/\/darkamazi.info\/archives\/1017092","name":"\u00c7ekdaran 11 welatiy\u00ean Efr\u00een\u00ea\u00a0 revandin - Darka Maz\u00ee","isPartOf":{"@id":"https:\/\/darkamazi.info\/#website"},"primaryImageOfPage":{"@id":"https:\/\/darkamazi.info\/archives\/1017092#primaryimage"},"image":{"@id":"https:\/\/darkamazi.info\/archives\/1017092#primaryimage"},"thumbnailUrl":"https:\/\/darkamazi.info\/file\/2020\/11\/Komen-cekdaran-tirk-2.jpg","datePublished":"2020-11-16T10:25:30+00:00","breadcrumb":{"@id":"https:\/\/darkamazi.info\/archives\/1017092#breadcrumb"},"inLanguage":"en-US","potentialAction":[{"@type":"ReadAction","target":["https:\/\/darkamazi.info\/archives\/1017092"]}]},{"@type":"ImageObject","inLanguage":"en-US","@id":"https:\/\/darkamazi.info\/archives\/1017092#primaryimage","url":"https:\/\/darkamazi.info\/file\/2020\/11\/Komen-cekdaran-tirk-2.jpg","contentUrl":"https:\/\/darkamazi.info\/file\/2020\/11\/Komen-cekdaran-tirk-2.jpg","width":822,"height":454},{"@type":"BreadcrumbList","@id":"https:\/\/darkamazi.info\/archives\/1017092#breadcrumb","itemListElement":[{"@type":"ListItem","position":1,"name":"Home","item":"https:\/\/darkamazi.info\/"},{"@type":"ListItem","position":2,"name":"\u00c7ekdaran 11 welatiy\u00ean Efr\u00een\u00ea\u00a0 revandin"}]},{"@type":"WebSite","@id":"https:\/\/darkamazi.info\/#website","url":"https:\/\/darkamazi.info\/","name":"Darka Maz\u00ee","description":"P\u00eageha Zanyariy\u00ean Nebih\u00eest\u00ee","publisher":{"@id":"https:\/\/darkamazi.info\/#organization"},"potentialAction":[{"@type":"SearchAction","target":{"@type":"EntryPoint","urlTemplate":"https:\/\/darkamazi.info\/?s={search_term_string}"},"query-input":{"@type":"PropertyValueSpecification","valueRequired":true,"valueName":"search_term_string"}}],"inLanguage":"en-US"},{"@type":"Organization","@id":"https:\/\/darkamazi.info\/#organization","name":"Darka Maz\u00ee","url":"https:\/\/darkamazi.info\/","logo":{"@type":"ImageObject","inLanguage":"en-US","@id":"https:\/\/darkamazi.info\/#\/schema\/logo\/image\/","url":"https:\/\/darkamazi.info\/file\/2017\/12\/darka-mazi-logo.png","contentUrl":"https:\/\/darkamazi.info\/file\/2017\/12\/darka-mazi-logo.png","width":151,"height":75,"caption":"Darka Maz\u00ee"},"image":{"@id":"https:\/\/darkamazi.info\/#\/schema\/logo\/image\/"},"sameAs":["https:\/\/www.facebook.com\/DarMaziKurmanci","https:\/\/x.com\/DarkaMaziLatini","https:\/\/www.instagram.com\/darkamazi.kurmanci\/","https:\/\/www.youtube.com\/channel\/UCa5HkTdmI8U1qCUFuTw8B2g"]},{"@type":"Person","@id":"https:\/\/darkamazi.info\/#\/schema\/person\/5ad3e24553a0567993fa8ed4bd0a776c","name":"darka mazi","sameAs":["https:\/\/darkamazi.info\/"],"url":"https:\/\/darkamazi.info\/archives\/author\/kurdi"}]}},"_links":{"self":[{"href":"https:\/\/darkamazi.info\/funavuv\/wp\/v2\/posts\/1017092","targetHints":{"allow":["GET"]}}],"collection":[{"href":"https:\/\/darkamazi.info\/funavuv\/wp\/v2\/posts"}],"about":[{"href":"https:\/\/darkamazi.info\/funavuv\/wp\/v2\/types\/post"}],"author":[{"embeddable":true,"href":"https:\/\/darkamazi.info\/funavuv\/wp\/v2\/users\/2"}],"replies":[{"embeddable":true,"href":"https:\/\/darkamazi.info\/funavuv\/wp\/v2\/comments?post=1017092"}],"version-history":[{"count":0,"href":"https:\/\/darkamazi.info\/funavuv\/wp\/v2\/posts\/1017092\/revisions"}],"wp:featuredmedia":[{"embeddable":true,"href":"https:\/\/darkamazi.info\/funavuv\/wp\/v2\/media\/1017094"}],"wp:attachment":[{"href":"https:\/\/darkamazi.info\/funavuv\/wp\/v2\/media?parent=1017092"}],"wp:term":[{"taxonomy":"category","embeddable":true,"href":"https:\/\/darkamazi.info\/funavuv\/wp\/v2\/categories?post=1017092"},{"taxonomy":"post_tag","embeddable":true,"href":"https:\/\/darkamazi.info\/funavuv\/wp\/v2\/tags?post=1017092"}],"curies":[{"name":"wp","href":"https:\/\/api.w.org\/{rel}","templated":true}]}}