{"id":1017098,"date":"2020-11-16T16:52:46","date_gmt":"2020-11-16T13:52:46","guid":{"rendered":"https:\/\/darkamazi.info\/?p=1017098"},"modified":"2020-11-16T16:55:31","modified_gmt":"2020-11-16T13:55:31","slug":"ehmet-kaya-20-sal-bere-hat-bin-ax-kirin-le-bele-heya-niha-ew-zindi-ye","status":"publish","type":"post","link":"https:\/\/darkamazi.info\/archives\/1017098","title":{"rendered":"Ehmet kaya 20 sal ber\u00ea hat bin ax kirin l\u00ea bel\u00ea heya niha ew zind\u00ee ye"},"content":{"rendered":"<h3 style=\"text-align: center\"><span style=\"color: #8c0808;font-family: 'arial black', sans-serif\"><strong>\u201cw\u00ee bi jiyan \u00fb sitran\u00ean xwe \u015fore\u015fek \u00a0li dij\u00ee Sitem\u00ea encam da\u201d<\/strong><\/span><\/h3>\n<h3 style=\"text-align: justify\"><span style=\"font-family: 'arial black', sans-serif\">20 salin ku min Ehmet Kaya ji dest daye, h\u00eajan ew \u00ea\u015f \u00fb azar\u00ean bi r\u00eaya sitran\u00ean xwe weke kevaleke huner\u00ee \u00ea b\u00eahempa w\u00eane kir\u00ee dib\u00eenim, h\u00eajan sitran\u00ean w\u00ee bi E\u015fq \u00fb Ev\u00een t\u00ean guhdar\u00ee kirin.<\/span><\/h3>\n<h3 style=\"text-align: justify\">20 salin ku min Ehmet Kaya ji dest da ye, Ehmet Kaya ku bi sedema celteya dil li Par\u00ees\u00ea, li 16 \u00e7ir\u00eeya duy\u00ea 2000an de can\u00ea xwe ji dest da, di goristana \u201cPer\u00e9 Lachaise\u201d a Par\u00ees\u00ea hat ve\u015fartin, n\u00eaz\u00ee 35000 \u00eensanan be\u015fdar\u00ee meras\u00eema bin ax kirina w\u00ee b\u00fbn, Ehmet Kaya ku heya niha sitran\u00ean w\u00ee zind\u00ee ne, w\u00ee bi jiyan \u00fb sitran\u00ean xwe \u015fore\u015fek li himber\u00ee sitem\u00ea encam da.<\/h3>\n<h3 style=\"text-align: center\"><span style=\"color: #8c0808;font-family: 'arial black', sans-serif\"><strong>Kaya bi sedema kurd b\u00fbn\u00ea t\u00fb\u015f\u00ee stem \u00fb nef\u00ee kirin\u00ea b\u00fb<\/strong><\/span><\/h3>\n<h3 style=\"text-align: justify\">W\u00ee di jiyana xwe a 43 salan de her ji Adyaman heya Par\u00ees\u00ea, di nava \u00ea\u015f \u00fb azar\u00ean gel de jiyan dikir, ew bi sedema kurd b\u00fbn\u00ea \u00fb hejariy\u00ea, t\u00fb\u015f\u00ee stem \u00fb nef\u00ee kirin\u00ea b\u00fb, jiber v\u00ea yek\u00ea ba\u015f hate p\u00ea\u015f \u00e7av\u00ean gel.<\/h3>\n<h3 style=\"text-align: justify\">Ew di sala 1957an de weke p\u00eancem\u00een zaroy\u00ea malbateke ku ko\u00e7ber\u00ea Malatya bib\u00fbn hate ser dinyay\u00ea, bav\u00ea w\u00ee karker\u00ea kargeha dirist kirina per\u00e7ey\u00ean Sumir bank b\u00fb, ew \u00e7\u00fb b\u00fb dibistana bineret\u00ee li Malatya, di temen\u00ea 6 salan de bi r\u00eaya Cewal\u00ea xelat\u00ean bav\u00ea xwe digel huner\u00ea a\u015f\u00eena b\u00fb, pi\u015ftre \u00fb li sal\u00ean may\u00ee ji xwendina xwe di tomargeheke tomar kirin \u00fb firo\u015ftina kas\u00eatan de dest bi kar b\u00fb, li sala 1972an de malbata Ehmet Kaya ji egera hejariy\u00ea ko\u00e7ber\u00ea Sitenbol\u00ea b\u00fbn \u00fb jiber v\u00ea eger\u00ea Kaya ne\u00e7ar ma dibistan\u00ea bic\u00ee bih\u00eale, w\u00ee weke xwendkar di Bax\u00e7e \u00fb ciy\u00ean din \u00ean cuda cuda de kar kiriye, w\u00ee di v\u00ea dem\u00ea de, pisgir\u00eaka ko\u00e7ber b\u00fbn\u00ea ji bajareke bi\u00e7\u00fbk ji bo bajareke mezin ezm\u00fbn kir.<\/h3>\n<h3 style=\"text-align: center\"><span style=\"color: #8c0808;font-family: 'arial black', sans-serif\"><strong>Kaya heya daw\u00ee jiyana xwe azara kurd b\u00fbn\u00ea ezm\u00fbn kir<\/strong><\/span><\/h3>\n<h3 style=\"text-align: justify\">Ehmet Kaya her ji destp\u00eak\u00ea heya daw\u00ee sat\u00ean jiyana xwe, \u00ea\u015f \u00fb azar\u00ean kurd b\u00fbn\u00ea ezm\u00fbn kirin, di zarokatiya xwe de ew hinek\u00ee bi ziman\u00ea Tirk\u00ee dipeyv\u00ee.<\/h3>\n<h3 style=\"text-align: justify\">Ehmet Kaya ku di jiyana xwe a zaroktiy\u00ea de bi ziman\u00ea kurd\u00ee nedikar\u00ee bi peyve, ji bo dirist kirina Alb\u00fbm\u00ean kurd\u00ee \u00fb gotna awaz \u00fb sitran\u00ean kurd\u00ee xem dixwarin.<\/h3>\n<h3 style=\"text-align: justify\">Yekem\u00een Alb\u00fbma w\u00ee bi nav\u00ea \u201cGir\u00eeya zaroyek\u00ea\u201d li sala 1985an de hat parve kirin, pa\u015f salek\u00ea anku li sala 1986an w\u00ee r\u00eav\u00eeng\u00ee ya xwe weke hunermendeke nasyar bi Sitrana \u015eafak T\u00fcrik\u00fcsi journey continued berdewam kir, heya sala 1999an de Ehmet Kaya 10 Alb\u00fbm yek li pey yek dirist kirin.<\/h3>\n<h3 style=\"text-align: justify\">Hinek ji kas\u00eat\u00ean w\u00ee dih\u00ean girtin \u00fb hinek caran konsert\u00ean w\u00ee dih\u00ean qedexe kirin, TV dest bi we\u015fana xwe dike l\u00ea bel\u00ea pa\u015f demeke kurt we\u015fana xwe qut dike, Ehmet Kaya h\u00ead\u00ee h\u00ead\u00ee ber bi kurdistan\u00ea dime\u015fe.<\/h3>\n<h3 style=\"text-align: justify\">Ehmet Kaya: \u201cdixwazim Sitraneke kurd\u00ee bib\u00eajim \u00fb kil\u00eep bikim, pi\u015ftrastim kes\u00ean w\u00earek di nava hewe da hene ku v\u00ea kil\u00eep\u00ea parve bikin\u201d<\/h3>\n<h3 style=\"text-align: justify\">Li 10 \u015eubata sala 1999an di konvanisyona \u015fahzade Hot\u00eal de bi amadeb\u00fbna enc\u00fbmen\u00ean rojnamevanan ku her sal di meras\u00eem\u00ean p\u00eadana xelatan de li v\u00ea Hot\u00eal\u00ea amade dibin xelatek\u00ea werdigre \u00fb di axaftina xwe de pa\u015f wergirtina xelat\u00ea dib\u00eaje: ez v\u00ea xelat\u00ea bi nav\u00ee r\u00eaxistin\u00ean maf\u00ean \u00eensanan, bi nav\u00ea Dayik\u00ean \u015eem\u00ee y\u00ea \u201cew Dayik\u00ean zaroy\u00ean wan nediyar \u00fb hem\u00fb roj\u00ean \u015fem\u00ee li dibistana Galatasara girevan digrin\u201d bi nav\u00ea hem\u00fb hunermendan, bi nav\u00ea hem\u00fb Gel\u00ea Tirkiy\u00ea dist\u00eenim, \u00fb min div\u00ea ti\u015ftek din j\u00ee bib\u00eajim jiberku ez bi regez kurdim, ez dixwazim di Alb\u00fbma xwe a n\u00fb de Sitraneke bi ziman\u00ea kurd\u00ee bib\u00eajim \u00fb v\u00ea Sitran\u00ea kil\u00eep bikim, ez bi bawerim ku kes\u00ean w\u00earek di nava hewe da hene ku v\u00ea kil\u00eep\u00ea parve bikin, ger parve nakin j\u00ee nizanim w\u00ee \u00e7i b\u00eajin li himber Gel\u00ea kurd de \u00fb p\u00eadv\u00ee dike gel\u00ea Tirkiy\u00ea h\u00eesab\u00ea bi were bike, ez spas dikim.<\/h3>\n<h3 style=\"text-align: justify\">Pa\u015f v\u00ea axaftina Ehmet Kaya hinek ji m\u00eahvanan karvedana xwe n\u00ee\u015fan dan, wan Ehmet Kaya nefr\u00een kir \u00fb alav\u00ean li ber dest av\u00eatin Ehmet Kaya, ev hinek ji wan axaftina ne y\u00ean ku kes\u00ean di meras\u00eema p\u00eadana xelat\u00ea de amade b\u00fby bi Ehmet Kaya got\u00ee: tu Rojnamevanek n\u00eeye berisva v\u00ee kes\u00ee bide? V\u00ee zelam\u00ee der bikin, tu ti\u015ftek li Tirkiy\u00ea n\u00eene bi nav\u00ee kurd.<\/h3>\n<h3 style=\"text-align: justify\">Ev Sitranb\u00eaj\u00ean Tirkiy\u00ea serk\u00ea\u015f\u00ean wan \u00ear\u00ee\u015fa b\u00fbn y\u00ean li ser Ehmet Kaya hatine kirin: \u00cebru Gunde\u015f, Serdar Orta\u00e7 \u00fb Reha Muhtar.<\/h3>\n<h3 style=\"text-align: center\"><span style=\"color: #8c0808;font-family: 'arial black', sans-serif\"><strong>Ehmet Kaya: \u201cnabe kes\u00ean Sitranan dib\u00eajin ji tirs\u00ea bitirsin\u201d<\/strong><\/span><\/h3>\n<h3 style=\"text-align: justify\">Ehmet pa\u015f v\u00ea yek\u00ea bi ten\u00ea ma di nava Tirkiy\u00ea de, pa\u015f ku rojnameya H\u00fcrriyet hinek n\u00fb\u00e7e li ser navbir\u00ee di ropel\u00ean rojnamey\u00ea de niv\u00eesand\u00ee, ku b\u00fb sedema vekirina dos\u00eeyeke yasay\u00ee li dadgeh\u00ea, bi v\u00ee away\u00ee Ehmet Kaya bi 3 sal \u00fb 9 mehan z\u00eendan kirin\u00ea t\u00ea hukim kirin.<\/h3>\n<h3 style=\"text-align: justify\">\u00a0Ehmet Kaya na\u00e7ar dibe ko\u00e7ber\u00ee Ewropay\u00ea bibe, ew pa\u015f demek kurt ji celteya dil di nava mala xwe de li Par\u00ees\u00ea wexera dawy\u00ea dike \u00fb v\u00ea c\u00eehan\u00ea bi c\u00ee dih\u00eale.<\/h3>\n<h3 style=\"text-align: justify\">Ehmet Kaya di axaftineke xwe da li Ewropay\u00ea dib\u00eaje: rojek w\u00ea were kesek v\u00ea serp\u00eahat\u00eey\u00ea binv\u00eese ku zelamek\u00ea dixwest Sitraneke kurd\u00ee bib\u00eaje l\u00ea jiberku ew kurd b\u00fb r\u00ea bi w\u00ee nehat day\u00een, ew tu wilatan per\u00e7e per\u00e7e nake, \u00fb ew kes\u00ean v\u00ea serp\u00eahat\u00eey\u00ea dixw\u00eenin, w\u00ea bizanin ku ew kes\u00ean Sitrana dib\u00eajin nabe ji tirs\u00ea, bitirsin.<\/h3>\n<div style=\"width: 480px;\" class=\"darka-video\"><video class=\"darka-video-shortcode\" id=\"video-1017098-1\" width=\"480\" height=\"368\" preload=\"metadata\" controls=\"controls\"><source type=\"video\/mp4\" src=\"https:\/\/darkamazi.info\/file\/2020\/11\/Ahmed-Kaya.mp4?_=1\" \/><a href=\"https:\/\/darkamazi.info\/file\/2020\/11\/Ahmed-Kaya.mp4\">https:\/\/darkamazi.info\/file\/2020\/11\/Ahmed-Kaya.mp4<\/a><\/video><\/div>\n","protected":false},"excerpt":{"rendered":"<p>\u201cw\u00ee bi jiyan \u00fb sitran\u00ean xwe \u015fore\u015fek \u00a0li dij\u00ee Sitem\u00ea encam da\u201d 20 salin ku min Ehmet Kaya ji dest daye, h\u00eajan ew \u00ea\u015f \u00fb azar\u00ean bi r\u00eaya sitran\u00ean xwe weke kevaleke huner\u00ee \u00ea b\u00eahempa w\u00eane kir\u00ee dib\u00eenim, h\u00eajan sitran\u00ean w\u00ee bi E\u015fq \u00fb Ev\u00een t\u00ean guhdar\u00ee kirin. 20 salin ku min Ehmet Kaya ji [&hellip;]<\/p>\n","protected":false},"author":2,"featured_media":1017099,"comment_status":"closed","ping_status":"closed","sticky":false,"template":"","format":"standard","meta":{"footnotes":""},"categories":[28],"tags":[37],"class_list":["post-1017098","post","type-post","status-publish","format-standard","has-post-thumbnail","hentry","category-nerin","tag-sereke"],"blocksy_meta":[],"seo_head":"<!-- This site is optimized with the Yoast SEO plugin v27.5 - https:\/\/yoast.com\/product\/yoast-seo-wordpress\/ -->\n<title>Ehmet kaya 20 sal ber\u00ea hat bin ax kirin l\u00ea bel\u00ea heya niha ew zind\u00ee ye - Darka Maz\u00ee<\/title>\n<meta name=\"robots\" content=\"index, follow, max-snippet:-1, max-image-preview:large, max-video-preview:-1\" \/>\n<link rel=\"canonical\" href=\"https:\/\/darkamazi.info\/archives\/1017098\" \/>\n<meta property=\"og:locale\" content=\"en_US\" \/>\n<meta property=\"og:type\" content=\"article\" \/>\n<meta property=\"og:title\" content=\"Ehmet kaya 20 sal ber\u00ea hat bin ax kirin l\u00ea bel\u00ea heya niha ew zind\u00ee ye - Darka Maz\u00ee\" \/>\n<meta property=\"og:description\" content=\"\u201cw\u00ee bi jiyan \u00fb sitran\u00ean xwe \u015fore\u015fek \u00a0li dij\u00ee Sitem\u00ea encam da\u201d 20 salin ku min Ehmet Kaya ji dest daye, h\u00eajan ew \u00ea\u015f \u00fb azar\u00ean bi r\u00eaya sitran\u00ean xwe weke kevaleke huner\u00ee \u00ea b\u00eahempa w\u00eane kir\u00ee dib\u00eenim, h\u00eajan sitran\u00ean w\u00ee bi E\u015fq \u00fb Ev\u00een t\u00ean guhdar\u00ee kirin. 20 salin ku min Ehmet Kaya ji [&hellip;]\" \/>\n<meta property=\"og:url\" content=\"https:\/\/darkamazi.info\/archives\/1017098\" \/>\n<meta property=\"og:site_name\" content=\"Darka Maz\u00ee\" \/>\n<meta property=\"article:publisher\" content=\"https:\/\/www.facebook.com\/DarMaziKurmanci\" \/>\n<meta property=\"article:published_time\" content=\"2020-11-16T13:52:46+00:00\" \/>\n<meta property=\"article:modified_time\" content=\"2020-11-16T13:55:31+00:00\" \/>\n<meta property=\"og:image\" content=\"https:\/\/darkamazi.info\/file\/2020\/11\/AHMET-KAYA-1.jpg\" \/>\n\t<meta property=\"og:image:width\" content=\"822\" \/>\n\t<meta property=\"og:image:height\" content=\"454\" \/>\n\t<meta property=\"og:image:type\" content=\"image\/jpeg\" \/>\n<meta name=\"author\" content=\"darka mazi\" \/>\n<meta name=\"twitter:card\" content=\"summary_large_image\" \/>\n<meta name=\"twitter:creator\" content=\"@DarkaMaziLatini\" \/>\n<meta name=\"twitter:site\" content=\"@DarkaMaziLatini\" \/>\n<meta name=\"twitter:label1\" content=\"Written by\" \/>\n\t<meta name=\"twitter:data1\" content=\"darka mazi\" \/>\n\t<meta name=\"twitter:label2\" content=\"Est. reading time\" \/>\n\t<meta name=\"twitter:data2\" content=\"5 minutes\" \/>\n<script type=\"application\/ld+json\" class=\"seo-schema-graph\">{\"@context\":\"https:\\\/\\\/schema.org\",\"@graph\":[{\"@type\":\"Article\",\"@id\":\"https:\\\/\\\/darkamazi.info\\\/archives\\\/1017098#article\",\"isPartOf\":{\"@id\":\"https:\\\/\\\/darkamazi.info\\\/archives\\\/1017098\"},\"author\":{\"name\":\"darka mazi\",\"@id\":\"https:\\\/\\\/darkamazi.info\\\/#\\\/schema\\\/person\\\/5ad3e24553a0567993fa8ed4bd0a776c\"},\"headline\":\"Ehmet kaya 20 sal ber\u00ea hat bin ax kirin l\u00ea bel\u00ea heya niha ew zind\u00ee ye\",\"datePublished\":\"2020-11-16T13:52:46+00:00\",\"dateModified\":\"2020-11-16T13:55:31+00:00\",\"mainEntityOfPage\":{\"@id\":\"https:\\\/\\\/darkamazi.info\\\/archives\\\/1017098\"},\"wordCount\":988,\"publisher\":{\"@id\":\"https:\\\/\\\/darkamazi.info\\\/#organization\"},\"image\":{\"@id\":\"https:\\\/\\\/darkamazi.info\\\/archives\\\/1017098#primaryimage\"},\"thumbnailUrl\":\"https:\\\/\\\/darkamazi.info\\\/darka-content\\\/uploads\\\/2020\\\/11\\\/AHMET-KAYA-1.jpg\",\"keywords\":[\"sereke\"],\"articleSection\":[\"Ner\u00een\"],\"inLanguage\":\"en-US\"},{\"@type\":\"WebPage\",\"@id\":\"https:\\\/\\\/darkamazi.info\\\/archives\\\/1017098\",\"url\":\"https:\\\/\\\/darkamazi.info\\\/archives\\\/1017098\",\"name\":\"Ehmet kaya 20 sal ber\u00ea hat bin ax kirin l\u00ea bel\u00ea heya niha ew zind\u00ee ye - Darka Maz\u00ee\",\"isPartOf\":{\"@id\":\"https:\\\/\\\/darkamazi.info\\\/#website\"},\"primaryImageOfPage\":{\"@id\":\"https:\\\/\\\/darkamazi.info\\\/archives\\\/1017098#primaryimage\"},\"image\":{\"@id\":\"https:\\\/\\\/darkamazi.info\\\/archives\\\/1017098#primaryimage\"},\"thumbnailUrl\":\"https:\\\/\\\/darkamazi.info\\\/darka-content\\\/uploads\\\/2020\\\/11\\\/AHMET-KAYA-1.jpg\",\"datePublished\":\"2020-11-16T13:52:46+00:00\",\"dateModified\":\"2020-11-16T13:55:31+00:00\",\"breadcrumb\":{\"@id\":\"https:\\\/\\\/darkamazi.info\\\/archives\\\/1017098#breadcrumb\"},\"inLanguage\":\"en-US\",\"potentialAction\":[{\"@type\":\"ReadAction\",\"target\":[\"https:\\\/\\\/darkamazi.info\\\/archives\\\/1017098\"]}]},{\"@type\":\"ImageObject\",\"inLanguage\":\"en-US\",\"@id\":\"https:\\\/\\\/darkamazi.info\\\/archives\\\/1017098#primaryimage\",\"url\":\"https:\\\/\\\/darkamazi.info\\\/darka-content\\\/uploads\\\/2020\\\/11\\\/AHMET-KAYA-1.jpg\",\"contentUrl\":\"https:\\\/\\\/darkamazi.info\\\/darka-content\\\/uploads\\\/2020\\\/11\\\/AHMET-KAYA-1.jpg\",\"width\":822,\"height\":454,\"caption\":\"Ehmet kaya 20 sal ber\u00ea hat bin ax kirin l\u00ea bel\u00ea heya niha ew zind\u00ee ye\"},{\"@type\":\"BreadcrumbList\",\"@id\":\"https:\\\/\\\/darkamazi.info\\\/archives\\\/1017098#breadcrumb\",\"itemListElement\":[{\"@type\":\"ListItem\",\"position\":1,\"name\":\"Home\",\"item\":\"https:\\\/\\\/darkamazi.info\\\/\"},{\"@type\":\"ListItem\",\"position\":2,\"name\":\"Ehmet kaya 20 sal ber\u00ea hat bin ax kirin l\u00ea bel\u00ea heya niha ew zind\u00ee ye\"}]},{\"@type\":\"WebSite\",\"@id\":\"https:\\\/\\\/darkamazi.info\\\/#website\",\"url\":\"https:\\\/\\\/darkamazi.info\\\/\",\"name\":\"Darka Maz\u00ee\",\"description\":\"P\u00eageha Zanyariy\u00ean Nebih\u00eest\u00ee\",\"publisher\":{\"@id\":\"https:\\\/\\\/darkamazi.info\\\/#organization\"},\"potentialAction\":[{\"@type\":\"SearchAction\",\"target\":{\"@type\":\"EntryPoint\",\"urlTemplate\":\"https:\\\/\\\/darkamazi.info\\\/?s={search_term_string}\"},\"query-input\":{\"@type\":\"PropertyValueSpecification\",\"valueRequired\":true,\"valueName\":\"search_term_string\"}}],\"inLanguage\":\"en-US\"},{\"@type\":\"Organization\",\"@id\":\"https:\\\/\\\/darkamazi.info\\\/#organization\",\"name\":\"Darka Maz\u00ee\",\"url\":\"https:\\\/\\\/darkamazi.info\\\/\",\"logo\":{\"@type\":\"ImageObject\",\"inLanguage\":\"en-US\",\"@id\":\"https:\\\/\\\/darkamazi.info\\\/#\\\/schema\\\/logo\\\/image\\\/\",\"url\":\"https:\\\/\\\/darkamazi.info\\\/darka-content\\\/uploads\\\/2017\\\/12\\\/darka-mazi-logo.png\",\"contentUrl\":\"https:\\\/\\\/darkamazi.info\\\/darka-content\\\/uploads\\\/2017\\\/12\\\/darka-mazi-logo.png\",\"width\":151,\"height\":75,\"caption\":\"Darka Maz\u00ee\"},\"image\":{\"@id\":\"https:\\\/\\\/darkamazi.info\\\/#\\\/schema\\\/logo\\\/image\\\/\"},\"sameAs\":[\"https:\\\/\\\/www.facebook.com\\\/DarMaziKurmanci\",\"https:\\\/\\\/x.com\\\/DarkaMaziLatini\",\"https:\\\/\\\/www.instagram.com\\\/darkamazi.kurmanci\\\/\",\"https:\\\/\\\/www.youtube.com\\\/channel\\\/UCa5HkTdmI8U1qCUFuTw8B2g\"]},{\"@type\":\"Person\",\"@id\":\"https:\\\/\\\/darkamazi.info\\\/#\\\/schema\\\/person\\\/5ad3e24553a0567993fa8ed4bd0a776c\",\"name\":\"darka mazi\",\"sameAs\":[\"https:\\\/\\\/darkamazi.info\\\/\"],\"url\":\"https:\\\/\\\/darkamazi.info\\\/archives\\\/author\\\/kurdi\"}]}<\/script>\n<!-- \/ Yoast SEO plugin. -->","seo_head_json":{"title":"Ehmet kaya 20 sal ber\u00ea hat bin ax kirin l\u00ea bel\u00ea heya niha ew zind\u00ee ye - Darka Maz\u00ee","robots":{"index":"index","follow":"follow","max-snippet":"max-snippet:-1","max-image-preview":"max-image-preview:large","max-video-preview":"max-video-preview:-1"},"canonical":"https:\/\/darkamazi.info\/archives\/1017098","og_locale":"en_US","og_type":"article","og_title":"Ehmet kaya 20 sal ber\u00ea hat bin ax kirin l\u00ea bel\u00ea heya niha ew zind\u00ee ye - Darka Maz\u00ee","og_description":"\u201cw\u00ee bi jiyan \u00fb sitran\u00ean xwe \u015fore\u015fek \u00a0li dij\u00ee Sitem\u00ea encam da\u201d 20 salin ku min Ehmet Kaya ji dest daye, h\u00eajan ew \u00ea\u015f \u00fb azar\u00ean bi r\u00eaya sitran\u00ean xwe weke kevaleke huner\u00ee \u00ea b\u00eahempa w\u00eane kir\u00ee dib\u00eenim, h\u00eajan sitran\u00ean w\u00ee bi E\u015fq \u00fb Ev\u00een t\u00ean guhdar\u00ee kirin. 20 salin ku min Ehmet Kaya ji [&hellip;]","og_url":"https:\/\/darkamazi.info\/archives\/1017098","og_site_name":"Darka Maz\u00ee","article_publisher":"https:\/\/www.facebook.com\/DarMaziKurmanci","article_published_time":"2020-11-16T13:52:46+00:00","article_modified_time":"2020-11-16T13:55:31+00:00","og_image":[{"width":822,"height":454,"url":"https:\/\/darkamazi.info\/file\/2020\/11\/AHMET-KAYA-1.jpg","type":"image\/jpeg"}],"author":"darka mazi","twitter_card":"summary_large_image","twitter_creator":"@DarkaMaziLatini","twitter_site":"@DarkaMaziLatini","twitter_misc":{"Written by":"darka mazi","Est. reading time":"5 minutes"},"schema":{"@context":"https:\/\/schema.org","@graph":[{"@type":"Article","@id":"https:\/\/darkamazi.info\/archives\/1017098#article","isPartOf":{"@id":"https:\/\/darkamazi.info\/archives\/1017098"},"author":{"name":"darka mazi","@id":"https:\/\/darkamazi.info\/#\/schema\/person\/5ad3e24553a0567993fa8ed4bd0a776c"},"headline":"Ehmet kaya 20 sal ber\u00ea hat bin ax kirin l\u00ea bel\u00ea heya niha ew zind\u00ee ye","datePublished":"2020-11-16T13:52:46+00:00","dateModified":"2020-11-16T13:55:31+00:00","mainEntityOfPage":{"@id":"https:\/\/darkamazi.info\/archives\/1017098"},"wordCount":988,"publisher":{"@id":"https:\/\/darkamazi.info\/#organization"},"image":{"@id":"https:\/\/darkamazi.info\/archives\/1017098#primaryimage"},"thumbnailUrl":"https:\/\/darkamazi.info\/file\/2020\/11\/AHMET-KAYA-1.jpg","keywords":["sereke"],"articleSection":["Ner\u00een"],"inLanguage":"en-US"},{"@type":"WebPage","@id":"https:\/\/darkamazi.info\/archives\/1017098","url":"https:\/\/darkamazi.info\/archives\/1017098","name":"Ehmet kaya 20 sal ber\u00ea hat bin ax kirin l\u00ea bel\u00ea heya niha ew zind\u00ee ye - Darka Maz\u00ee","isPartOf":{"@id":"https:\/\/darkamazi.info\/#website"},"primaryImageOfPage":{"@id":"https:\/\/darkamazi.info\/archives\/1017098#primaryimage"},"image":{"@id":"https:\/\/darkamazi.info\/archives\/1017098#primaryimage"},"thumbnailUrl":"https:\/\/darkamazi.info\/file\/2020\/11\/AHMET-KAYA-1.jpg","datePublished":"2020-11-16T13:52:46+00:00","dateModified":"2020-11-16T13:55:31+00:00","breadcrumb":{"@id":"https:\/\/darkamazi.info\/archives\/1017098#breadcrumb"},"inLanguage":"en-US","potentialAction":[{"@type":"ReadAction","target":["https:\/\/darkamazi.info\/archives\/1017098"]}]},{"@type":"ImageObject","inLanguage":"en-US","@id":"https:\/\/darkamazi.info\/archives\/1017098#primaryimage","url":"https:\/\/darkamazi.info\/file\/2020\/11\/AHMET-KAYA-1.jpg","contentUrl":"https:\/\/darkamazi.info\/file\/2020\/11\/AHMET-KAYA-1.jpg","width":822,"height":454,"caption":"Ehmet kaya 20 sal ber\u00ea hat bin ax kirin l\u00ea bel\u00ea heya niha ew zind\u00ee ye"},{"@type":"BreadcrumbList","@id":"https:\/\/darkamazi.info\/archives\/1017098#breadcrumb","itemListElement":[{"@type":"ListItem","position":1,"name":"Home","item":"https:\/\/darkamazi.info\/"},{"@type":"ListItem","position":2,"name":"Ehmet kaya 20 sal ber\u00ea hat bin ax kirin l\u00ea bel\u00ea heya niha ew zind\u00ee ye"}]},{"@type":"WebSite","@id":"https:\/\/darkamazi.info\/#website","url":"https:\/\/darkamazi.info\/","name":"Darka Maz\u00ee","description":"P\u00eageha Zanyariy\u00ean Nebih\u00eest\u00ee","publisher":{"@id":"https:\/\/darkamazi.info\/#organization"},"potentialAction":[{"@type":"SearchAction","target":{"@type":"EntryPoint","urlTemplate":"https:\/\/darkamazi.info\/?s={search_term_string}"},"query-input":{"@type":"PropertyValueSpecification","valueRequired":true,"valueName":"search_term_string"}}],"inLanguage":"en-US"},{"@type":"Organization","@id":"https:\/\/darkamazi.info\/#organization","name":"Darka Maz\u00ee","url":"https:\/\/darkamazi.info\/","logo":{"@type":"ImageObject","inLanguage":"en-US","@id":"https:\/\/darkamazi.info\/#\/schema\/logo\/image\/","url":"https:\/\/darkamazi.info\/file\/2017\/12\/darka-mazi-logo.png","contentUrl":"https:\/\/darkamazi.info\/file\/2017\/12\/darka-mazi-logo.png","width":151,"height":75,"caption":"Darka Maz\u00ee"},"image":{"@id":"https:\/\/darkamazi.info\/#\/schema\/logo\/image\/"},"sameAs":["https:\/\/www.facebook.com\/DarMaziKurmanci","https:\/\/x.com\/DarkaMaziLatini","https:\/\/www.instagram.com\/darkamazi.kurmanci\/","https:\/\/www.youtube.com\/channel\/UCa5HkTdmI8U1qCUFuTw8B2g"]},{"@type":"Person","@id":"https:\/\/darkamazi.info\/#\/schema\/person\/5ad3e24553a0567993fa8ed4bd0a776c","name":"darka mazi","sameAs":["https:\/\/darkamazi.info\/"],"url":"https:\/\/darkamazi.info\/archives\/author\/kurdi"}]}},"_links":{"self":[{"href":"https:\/\/darkamazi.info\/funavuv\/wp\/v2\/posts\/1017098","targetHints":{"allow":["GET"]}}],"collection":[{"href":"https:\/\/darkamazi.info\/funavuv\/wp\/v2\/posts"}],"about":[{"href":"https:\/\/darkamazi.info\/funavuv\/wp\/v2\/types\/post"}],"author":[{"embeddable":true,"href":"https:\/\/darkamazi.info\/funavuv\/wp\/v2\/users\/2"}],"replies":[{"embeddable":true,"href":"https:\/\/darkamazi.info\/funavuv\/wp\/v2\/comments?post=1017098"}],"version-history":[{"count":0,"href":"https:\/\/darkamazi.info\/funavuv\/wp\/v2\/posts\/1017098\/revisions"}],"wp:featuredmedia":[{"embeddable":true,"href":"https:\/\/darkamazi.info\/funavuv\/wp\/v2\/media\/1017099"}],"wp:attachment":[{"href":"https:\/\/darkamazi.info\/funavuv\/wp\/v2\/media?parent=1017098"}],"wp:term":[{"taxonomy":"category","embeddable":true,"href":"https:\/\/darkamazi.info\/funavuv\/wp\/v2\/categories?post=1017098"},{"taxonomy":"post_tag","embeddable":true,"href":"https:\/\/darkamazi.info\/funavuv\/wp\/v2\/tags?post=1017098"}],"curies":[{"name":"wp","href":"https:\/\/api.w.org\/{rel}","templated":true}]}}