{"id":1017223,"date":"2020-11-22T14:33:38","date_gmt":"2020-11-22T11:33:38","guid":{"rendered":"https:\/\/darkamazi.info\/?p=1017223"},"modified":"2020-11-22T14:33:38","modified_gmt":"2020-11-22T11:33:38","slug":"mercana-saxte-a-ezidiyan-u-qesmere-deste-pkk-e","status":"publish","type":"post","link":"https:\/\/darkamazi.info\/archives\/1017223","title":{"rendered":"Mercana saxte a \u00cazid\u00eeyan \u00fb qe\u015fmer\u00ea dest\u00ea PKK \u00ea"},"content":{"rendered":"<div class=\"wpb-content-wrapper\"><p>[darkamazi_row][darkamazi_column][darkamazi_column_text]<\/p>\n<h3 style=\"text-align: justify\"><span style=\"font-family: 'arial black', sans-serif\">Kesat\u00eeyek \u00cazid\u00ee ye, di \u015fer\u00ea dij\u00ee DA\u00ce\u015e \u00ea de weke mercaneke ge\u015f nav \u00fb deng\u00ee \u00fb \u015fuhret ji bo \u00e7\u00eab\u00fb, merovek pirr ec\u00eabe her car\u00ea bi bil\u00fblek\u00ea re di leyze, gotin\u00ean w\u00ee y\u00ean \u015fev \u00fb roj\u00ea nakevin pey hev, pare per\u00ease \u00fb ji bo destketiy\u00ean xwe dikare bi h\u00easan\u00ea milet\u00ea xwe bi xap\u00eene \u00fb li ser bir\u00een\u00ean wan berjewend\u00eeyan bi dest bixe, tu kar nemane ku encam nedane, carna li pey r\u00eabaza Apo, carna li pey r\u00eabaza Mam \u00fb carna li pey Wel\u00ee El Feq\u00eeh tev digere, ji hem\u00fb kasan tam kir\u00eeye, hinek\u00ee maye bi endaziyar\u00ea per\u00e7ekirina civak\u00ea \u00cazid\u00ee were nas kirin, gelo ew\u00ee k\u00ee ye, ew Heyder \u015ee\u015fo ye, mercana saxte ya \u00cazid\u00eeyan \u00fb leyistoka dest\u00ea PKK \u00ea ye.<\/span><\/h3>\n<p>[\/darkamazi_column_text][\/darkamazi_column][\/darkamazi_row][darkamazi_row][darkamazi_column][darkamazi_message message_box_style=&#8221;3d&#8221; message_box_color=&#8221;orange&#8221;]<\/p>\n<ul style=\"list-style-type: disc\">\n<li>\n<h3><span style=\"font-family: 'arial black', sans-serif;color: #808080\">Gelo Heyder \u015ee\u015fo k\u00ee ye?<\/span><\/h3>\n<\/li>\n<li>\n<h3><span style=\"font-family: 'arial black', sans-serif;color: #808080\">Tu gir\u00eeng\u00eeya w\u00ee li cem civaka \u00cazid\u00ee heye?<\/span><\/h3>\n<\/li>\n<li>\n<h3><span style=\"font-family: 'arial black', sans-serif;color: #808080\">T\u00eakil\u00eeya w\u00ee bi k\u00eejan hizb\u00ea ye?<\/span><\/h3>\n<\/li>\n<li>\n<h3><span style=\"font-family: 'arial black', sans-serif;color: #808080\">Ew dixwaze \u00e7i bike?<\/span><\/h3>\n<\/li>\n<li>\n<h3><span style=\"font-family: 'arial black', sans-serif;color: #808080\">\u00c7ima hewla gir\u00eadana \u00e7ekdar\u00ean \u00cazid\u00ee bi He\u015fda \u015eab\u00ee ve dike?<\/span><\/h3>\n<\/li>\n<li>\n<h3><span style=\"font-family: 'arial black', sans-serif;color: #808080\">\u00c7ima dev ji YNK \u00ea berda \u00fb pi\u015ftre careke din bazda Sil\u00eamaniy\u00ea \u00fb go ez li pey r\u00eabaza Mam tev digerim?<\/span><\/h3>\n<\/li>\n<li>\n<h3><span style=\"font-family: 'arial black', sans-serif;color: #808080\">\u00a0PKK \u00ea Heyder \u015ee\u015fo bi t away\u00ee bikaran\u00eeye?<\/span><\/h3>\n<\/li>\n<li>\n<h3><span style=\"font-family: 'arial black', sans-serif;color: #808080\">\u00c7ma ew dixwaze guman\u00ea bixe ser biryar\u00ean civaka \u00cazid\u00eeyan?<\/span><\/h3>\n<\/li>\n<\/ul>\n<h3 style=\"direction: ltr\"><span style=\"font-family: 'arial black', sans-serif;color: #808080\">Em\u00ea di v\u00ea rapor\u00ea de bersiva van pirsan bidin \u00fb hinek\u00ee bas li hewl\u00ean Heyder \u015ee\u015fo bikin, ev hewl\u00ean ku ji h\u00eala PKK \u00ea ve li ser civaka \u00cazid\u00ee t\u00ean me\u015fandin.<\/span><\/h3>\n<p>[\/darkamazi_message][darkamazi_column_text]<\/p>\n<h3 style=\"text-align: justify\">Heyder \u015ee\u015fo, pa\u015f drebasb\u00fbna k\u00eamtir\u00ee salek\u00ea ji \u015fer\u00ea terora DA\u00ce\u015e \u00ea, hewl dan h\u00eazeke \u00cazid\u00eeyan a xweser ava bike, li j\u00ear v\u00ea slogan\u00ea n\u00eaz\u00ee 2 hezar \u00e7ekdaran li xwe kom kirin, ya rast ew h\u00eaza ku bange\u015fe ji bo dikir\u00ee, ne h\u00eazeke xweser b\u00fb, l\u00ea bel\u00ea ji h\u00eala \u00ceran\u00ea, He\u015fda \u015eab\u00ee \u00fb PKK \u00ea j\u00ear bi j\u00ear pi\u015ftigr\u00ee ji bo dihat kirin, ev h\u00eaz pirojeya be\u015feka He\u015fda \u015eab\u00ee b\u00fb ji bo devera \u015eengal\u00ea, amanca w\u00ea ya yekem parastina berjewendiy\u00ean \u00ceran\u00ea b\u00fb li \u015eengal\u00ea, m\u00eena hevalbend\u00ean w\u00ea PKK \u00ea \u00fb He\u015fda \u015eab\u00ee, l\u00ea li j\u00ear nav \u00fb kiras\u00ea \u015fer\u00ea dij\u00ee teror\u00ea \u00fb parastina rometa \u00cazid\u00eeyan.<\/h3>\n<h3 style=\"text-align: justify\">Heyder \u015ee\u015fo her rast qesta Bexday\u00ea kir \u00fb pi\u015ftigr\u00eeya daray\u00ee ji fermandar\u00eeya He\u015fda \u015eab\u00ee ji bo h\u00eaza xwe ya n\u00fb ku nav\u00ea &#8220;H\u00eaz\u00ean Parastina \u00cazid\u00eexan\u00ea&#8221; l\u00ea kirb\u00fb, dab\u00een kir.<\/h3>\n<h3 style=\"text-align: justify\">Heyder \u015ee\u015fo li w\u00ea dem\u00ea endam\u00ea Yek\u00eat\u00eeya N\u00ee\u015ft\u00eeman\u00ee Kurdistan\u00ea b\u00fb, pa\u015f ku ev h\u00eaz ava kir\u00ee dest berdana xwe ji YNK \u00ea \u00eelan kir, heyama mehek\u00ea li ser \u00e7\u00eakirina v\u00ea h\u00eaz\u00ee derbas neb\u00fb \u00fb li meha gulana sala 2015an, h\u00eaz\u00ean ewlekariy\u00ea y\u00ean Ba\u015f\u00fbr\u00ea Kurdistan\u00ea, Heyder \u015ee\u015fo bi c\u00eenayeta \u00e7\u00eakirina h\u00eazeke deryasay\u00ea \u00fb \u00e7ekdar kirina gel\u00ea \u00cazid\u00ee di \u00e7ar\u00e7\u00fbveya He\u015fda \u015eib\u00ee de, desteser kir.<\/h3>\n<h3 style=\"text-align: justify\">Heyder \u015ee\u015fo li vir her di z\u00fb de dev ji helwesta xwe ya pi\u015ftigr\u00ee kirin\u00ea li He\u015fda \u015eab\u00ee berda \u00fb pa\u015f ku ji bo demek\u00ea di z\u00eendan\u00ea de may\u00ee, careke din derket \u00fb bi gel\u00ea \u00cazid\u00ee re go ku ev karek\u00ee \u015fa\u015f b\u00fb w\u00ee encam day \u00fb \u00ead\u00ee &#8220;H\u00eaz\u00ean Parastina \u00cazid\u00eexan\u00ea&#8221; w\u00ea di \u00e7ar\u00e7\u00fbveya wezareta P\u00ea\u015fmerge de li dij\u00ee teror\u00ea tev bigerin.<\/h3>\n<h3 style=\"text-align: justify\">YNK \u00ea desteser kirina Heyder \u015ee\u015fo \u015fermezar kir \u00fb pa\u015f ku ji z\u00eendan\u00ea derket\u00ee \u00fb \u00eelan kir\u00ee ku ew b\u00fbne be\u015fek ji h\u00eaz\u00ean P\u00ea\u015fmerge, YNK \u00ea ew vexwande Sil\u00eamaniy\u00ea \u00fb li wir li p\u00ea\u015f\u00eeya medyay\u00ea got: &#8220;Ez\u00ea li pey r\u00eabaza Mam Celal bim\u00eenim&#8221;, w\u00ee di n\u00eavbera \u015fev \u00fb rojekan de xwe direwand, ji ber ku wexta \u00e7\u00eakirina h\u00eaz\u00ean \u00cazid\u00eexan\u00ea w\u00ea gotb\u00fb ku tu p\u00eawend\u00eeya w\u00ee bi YNK \u00ea ve nemaye.<\/h3>\n<h1 style=\"text-align: center\"><span style=\"font-family: 'arial black', sans-serif;color: #8c0101\">Heyder \u015ee\u015fo li ser bir\u00een\u00ean \u00cazid\u00eeyan berjewend\u00eeyan bi dest t\u00eaxe<\/span><\/h1>\n<h3 style=\"text-align: justify\">Li dema ku Heyder \u015ee\u015fo derket\u00ee \u00fb xwe weke cengawer\u00ea parastina &#8220;\u00cazid\u00eexan\u00ea&#8221; n\u00ee\u015fan\u00ee gel\u00ea xwe day, h\u00eajan bir\u00een\u00ean gel\u00ea \u00cazid\u00ee y\u00ean ji sedema terora DA\u00ce\u015e \u00ea \u00fb qetil&#8217;ama \u015eengal\u00ea gerim \u00fb gor b\u00fbn, Heyder \u015ee\u015fo hewl dan li ser bir\u00een \u00fb belengaz\u00eeya gel\u00ea xwe berjewend\u00eeyan bi dest bixe, amanca w\u00ee bi destxistina pereyan \u00fb h\u00eaz\u00ea b\u00fb, li cem w\u00ee gir\u00eeng neb\u00fb k\u00eejan al\u00ee w\u00ea pi\u015ftgir\u00eeya w\u00ee bike, xwe heger dujmin\u00ean milet\u00ea w\u00ee \u00fb \u00eecaxa w\u00ee bi xwe j\u00ee bin.<\/h3>\n<h3 style=\"text-align: justify\">Ya rast Heyder \u015ee\u015fo ev y\u00eak encam da \u00fb li gor\u00ee dukyoment\u00ean kom\u00eeta bergiriy\u00ea ya Parlimena \u00ceraq\u00ea, w\u00ee n\u00eaz\u00ee 2 hezar \u00e7ekdaran ji nav\u00e7eya Reb\u00ee&#8217;e \u00fb devera \u015eengal\u00ea kom kirin, qas\u00ee milyarek \u00fb 630 milyon d\u00eenar pere ji fermandar\u00eat\u00eeya He\u015fda \u015eab\u00ee bi dest xistin.<\/h3>\n<h3 style=\"text-align: justify\">Di rapora kom\u00eeteya bergiriy\u00ea ya Parlimena \u00eeraq\u00ea de hatb\u00fb: &#8220;Rej\u00eema \u00ceran\u00ea bi r\u00eaya Part\u00eeya Karker\u00ean Kurdistan\u00ea, hewla xapandina hinek kesaty\u00ean, \u00cazid\u00ee li devera \u015eengal\u00ea dikir, ji bo ku tevl\u00ee He\u015fda \u015eab\u00ee bibin \u00fb ji bo berijwend\u00eeya \u00ceran\u00ea tev bigerin&#8221;.<\/h3>\n<p>[\/darkamazi_column_text][\/darkamazi_column][\/darkamazi_row][darkamazi_row][darkamazi_column][darkamazi_message message_box_style=&#8221;3d&#8221; message_box_color=&#8221;orange&#8221;]<\/p>\n<h3 style=\"text-align: center\"><span style=\"font-family: 'arial black', sans-serif;color: #808080\">Pirsa li vir t\u00ea kirin eve:<\/span><\/h3>\n<ul style=\"list-style-type: disc\">\n<li>\n<h3><span style=\"font-family: 'arial black', sans-serif;color: #808080\">\u00c7ima \u00ceran\u00ea ev hewl didan?<\/span><\/h3>\n<\/li>\n<li>\n<h3><span style=\"font-family: 'arial black', sans-serif;color: #808080\">Gelo \u00ceran\u00ea \u00e7i sodek li \u015eengal\u00ea heye?<\/span><\/h3>\n<\/li>\n<\/ul>\n<p>[\/darkamazi_message][darkamazi_column_text]<\/p>\n<h3 style=\"text-align: justify\">Bersiv pir h\u00easane, nav\u00e7ey\u00ean s\u00eenor y\u00ean bakur\u00ea \u00ceraq\u00ea \u00fb S\u00fbriy\u00ea ji bo \u00ceran\u00ea c\u00eeyek\u00ea her\u00ee sitratec\u00eeke, ji ber ku \u00ceran\u00ea raste rast bi S\u00fbriy\u00ea ve gir\u00eadide, \u015eengal\u00ea dikeve di v\u00ea xet\u00ea de \u00fb &#8220;H\u00eelala \u015e\u00ee&#8217;\u00ee&#8221; ya \u00ceran\u00ee ji bo nav\u00e7ey\u00ea temam dike, ev nav\u00e7e li j\u00ear desthilata Kurdan \u00fb hoz\u00ean sunne mezhebin, ev herdu j\u00ee naxwazin ji bo berjewnid\u00eeya \u00ceran\u00ea tev bigerin, lewma ji bo \u00ceran\u00ea gir\u00eenge h\u00eaz\u00ean ku li \u015eengal\u00ea c\u00ee bigrin li j\u00ear bandora w\u00ea bin, Heyder \u015ee\u015fo, PKK \u00ea \u00fb He\u015fda \u015eab\u00ee di xwestin v\u00ea yek\u00ea encam bidin, dixwestin gel\u00ea \u00cazid\u00ee di v\u00ea leyistoka qir\u00eaj de bi kar b\u00eenin, heger na, heb\u00fbna parastina rometa gel\u00ea \u00cazid\u00ee di hesaba Heyder \u015ee\u015fo de xeyaleke tuneye.<\/h3>\n<h1 style=\"text-align: center\"><span style=\"color: #8c0303;font-family: 'arial black', sans-serif\">\u00cazid\u00eeyan li \u00e7i demek\u00ea Heyder \u015ee\u015fo nas kir?<\/span><\/h1>\n<h3 style=\"text-align: justify\">Heyder \u015ee\u015fo, ji dema hewla tevl\u00eekirina \u00e7ekdar\u00ean \u00cazid\u00ee li gel He\u015fda \u015eab\u00ee, hevalbendek\u00ea bi h\u00eaz y\u00ea PKK \u00ea b\u00fb, pa\u015f desteser kirina w\u00ee, li dij\u00ee PKK \u00ea \u00fb He\u015fda \u015eab\u00ee derket \u00fb daxuyan\u00ee dan, carna li gel YNK \u00ea b\u00fb \u00fb carna li dij\u00ee r\u00eabaza Mam, carna xwe n\u00eaz\u00ee PDK \u00ea dikir, carna li dij\u00ee PDK \u00ea di axiv\u00ee, l\u00ea bel\u00ea ev hewl\u00ean w\u00ee b\u00ea \u00eancam man, ji ber ku gel\u00ea \u00cazid\u00ee Heyder \u015ee\u015fo y\u00ea b\u00ea mask nas kir, wan f\u00eam kir ku ev kes berjewend\u00ee xwaze \u00fb \u00cazid\u00eexan\u00ea tu gir\u00eeng\u00eeya xwe li cem n\u00eene, bi gotineke din Heyder \u015ee\u015fo y\u00ea ku be\u015feka \u00cazid\u00eeyan h\u00eav\u00ee p\u00eare ava kirb\u00fbn, ji bo wan xweya b\u00fb ku ew Mercaneke saxteye \u00fb bi k\u00ear\u00ee wan nay\u00ea.<\/h3>\n<h3 style=\"text-align: justify\">Pa\u015f bi daw\u00ee b\u00fbna \u015fer\u00ea dij\u00ee terora DA\u00ce\u015e \u00ea, Heyder \u015ee\u015fo \u00ead\u00ee bi awayek\u00ea cuda tev ger\u00eeya, w\u00ee xwest senga xwe ya caran li nava civaka \u00cazid\u00ee de veger\u00eene, PKK e j\u00ee ji bo v\u00ea amanc\u00ea kete di xet\u00ea de \u00fb hem\u00fb pi\u015ftigr\u00ee ji bo per\u00e7ekirina civaka \u00cazid\u00ee da Heyder \u015ee\u015fo.<\/h3>\n<h1 style=\"text-align: center\"><span style=\"color: #8c0303;font-family: 'arial black', sans-serif\">Yekem hengava per\u00e7ekirina \u00cazid\u00eeyan<\/span><\/h1>\n<h3 style=\"text-align: justify\">Yekem hengava \u00e7\u00eakirina duberekiy\u00ea di civaka \u00cazid\u00ee de, pa\u015f ko\u00e7a dawiy\u00ea a M\u00eer Tehs\u00een Beg, M\u00eer\u00ea \u00cazid\u00eeyan bi zelal\u00ee derket, wexta ku civaka \u00cazid\u00ee M\u00eer Hazim weke M\u00eer\u00ea n\u00fb hilbijart\u00ee, Heyder \u015ee\u015fo \u00fb seyd\u00ean w\u00ee y\u00ean koma &#8220;Birat\u00eeya Gelan&#8221;, \u00eelan kir ku ew danp\u00eadan\u00ea bi m\u00eer\u00ea n\u00fb nakin \u00fb xwest bi v\u00ea yek\u00ea rojev\u00ea bi guher\u00eene \u00fb \u00eeradeya gel\u00ea \u00cazid\u00ee bixe j\u00ear bandora PKK \u00ea de.<\/h3>\n<h3 style=\"text-align: justify\">Heyder \u015ee\u015fo serk\u00ea\u015f\u00eeya s\u00eenaryoyeke hemawa kir wexta ku \u00cextiyar\u00ea mergeh\u00ea Xirto Hac\u00ee \u00cesma\u2019\u00eel Babe\u015f\u00eax\u00ea \u00cazid\u00eeyan Xirto ko\u00e7a dawiy\u00ea kir\u00ee, gel\u00ea \u00cazid\u00ee Babe\u015f\u00eax\u00ea n\u00fb hilbijart \u00fb d\u00eesan Heyder \u015ee\u015fo hewla \u00e7\u00eakirina doberekiy\u00ea kir \u00fb got: &#8220;Me di ber\u00ea de dan p\u00eadan bi M\u00eer\u00ea n\u00fb nekir, evca bi tu awa em\u00ea dan p\u00eadan\u00ea bi Babe\u015f\u00eaxek\u00ee bikin ku m\u00eerek\u00ea ne mu&#8217;teref ew dest n\u00ee\u015fan kirbe.&#8221;<\/h3>\n<h3 style=\"text-align: justify\">Ya rast li roja 14 meha 11 ya sala 2020an, M\u00eer Hazim M\u00eer\u00ea \u00cazid\u00eeyan li gel Mecl\u00eesa Rohan\u00ee \u00fb n\u00eaz\u00ee 200 serok e\u015f\u00eer, oldar, muxtar\u00ean gund\u00ean \u00cazid\u00eeyan de civ\u00eeya \u00fb Babe\u015f\u00eax\u00ea n\u00fb y\u00ea \u00cazid\u00eeyan hilbijartin.<\/h3>\n<h3 style=\"text-align: justify\">Heyder \u015ee\u015fo di w\u00ea civ\u00een\u00ea de be\u015fdar b\u00fb \u00fb neraz\u00eeb\u00fbna xwe \u00eelan kir, pi\u015ftre veger\u00ee \u015eengal\u00ea \u00fb roja pa\u015ftir bi al\u00eekar\u00eeya PKK \u00ea \u00fb YNK \u00ea, hejmareke serok e\u015f\u00eer\u00ean \u00cazid\u00eeyan li \u015eengal\u00ea kom kirin \u00fb ji bo wan axiv\u00ee \u00fb got: &#8220;Ev M\u00eer \u00fb Babe\u015f\u00eax ji h\u00eala layenk\u00ee siyas\u00ee hatine dest n\u00ee\u015fan kirin&#8221; \u00fb bi v\u00ee away\u00ee \u00eeradeya gel\u00ea xwe y\u00ea \u00cazid\u00ee j\u00ear p\u00ea kir.<\/h3>\n<h1 style=\"text-align: center\"><span style=\"font-family: 'arial black', sans-serif;color: #8c0303\">Heyder \u015ee\u015fo \u00fb Qasm \u015ee\u015fo li ser nav\u00ea PDK \u00ea \u00cazid\u00ee li dij\u00ee hev radkirin<\/span><\/h1>\n<h3 style=\"text-align: justify\">Li gor agahiy\u00ean p\u00eageha Darka Maz\u00ee, pa\u015f civ\u00eena Heyder \u015ee\u015fo \u00fb PKK \u00ea li gel serok e\u015f\u00eer\u00ean \u00cazid\u00ee y\u00ean \u015eengal\u00ea, li roja 16 meha 11 ya 2020an, kes\u00ea bi nav\u00ea &#8220;Ferec Sil\u00eaman&#8221; ku berpirsek\u00ea YNK \u00ea ye li komelgeha Mehet\u00ea, form li ser muxtar\u00ean gund\u00ean \u00cazid\u00eeyan bi nav\u00ean &#8220;Mehm\u00fbd Mam Re\u015fa, Muqbil\u00ea, Kendal\u00ee, B\u00eatnar\u00ea, Mosekan \u00fb Mehet\u00ea&#8221; li derbara hilbijartna Babe\u015f\u00eax\u00ee parve kirin \u00fb ji wan xwest w\u00ea form\u00ea ji bo pi\u015ftigr\u00eeya Ferhad Xirto Hec\u00ee \u00calyas \u00eemze bikin.&#8221;<\/h3>\n<h3 style=\"text-align: justify\">Heyder \u015ee\u015fo rasterast form li ser kesayetiy\u00ean \u00cazid\u00ee bi r\u00eaya &#8220;WhatsApp&#8221;\u00ea li ser nav\u00ea PDK \u00ea \u015fandine \u00fb heman daxwaz ji wan kirine pi\u015ftgiry\u00ea bidnin &#8220;Ferhad Xirto&#8221;, Qasim \u015ee\u015fo heman kar encam daye \u00fb li ser nav\u00ea PDK \u00ea ev form \u015fandine.<\/h3>\n<p>[\/darkamazi_column_text][\/darkamazi_column][\/darkamazi_row][darkamazi_row][darkamazi_column][darkamazi_message message_box_style=&#8221;3d&#8221; message_box_color=&#8221;orange&#8221;]<\/p>\n<h3><span style=\"font-family: 'arial black', sans-serif;color: #808080\">Herweha her y\u00eak j:<\/span><\/h3>\n<ul style=\"list-style-type: disc\">\n<li>\n<h3><span style=\"font-family: 'arial black', sans-serif;color: #808080\">Umer Geb&#8217;u, Serok\u00ea e\u015f\u00eera \u015eerkan, berpirs\u00ea civak\u00ee y\u00ea \u015eengal\u00ea y\u00ea ser bi YNK \u00ea ve.<\/span><\/h3>\n<\/li>\n<li>\n<h3><span style=\"font-family: 'arial black', sans-serif;color: #808080\">Ehmed \u00cesma\u2019\u00eel Mito- Serok\u00ea e\u015f\u00eera Simoq\u00eeya ser bi YNK \u00ea ve.<\/span><\/h3>\n<\/li>\n<li>\n<h3><span style=\"font-family: 'arial black', sans-serif;color: #808080\">Mehd\u00ee Kimo- Roni\u015ftvan\u00ea kampa Xank\u00ea ser bi qeza S\u00eam\u00eal\u00ea \u00fb xw\u015fka w\u00ee ku dibe hevj\u00eena Heyder \u015ee\u015fo, ev form li ser gel\u00ea \u00cazid\u00ee parve dikirin \u00fb daxwaza pi\u015ftigr\u00ee dan\u00ea bo Ferhad Xirto ji bo posta Babe\u015f\u00eax\u00ee dixwestin.<\/span><\/h3>\n<\/li>\n<\/ul>\n<p>[\/darkamazi_message][darkamazi_column_text]<\/p>\n<h1 style=\"text-align: center\"><span style=\"font-family: 'arial black', sans-serif;color: #8c0101\">Gelo Heyder \u015ee\u015fo dixwaze \u00e7i bike?<\/span><\/h1>\n<h3 style=\"text-align: justify\">Pa\u015f \u015fekestin\u00ean Heyder \u015ee\u015fo y\u00ean bi c\u00ee kirina p\u00eelan\u00ean \u00ceran\u00ea, He\u015fda \u015eab\u00ee \u00fb PKK \u00ea, niha ew ket\u00eeye nava hewl\u00ean mezin de ji bo per\u00e7e kirina civaka \u00cazid\u00ee, ji ber ku her ku di\u00e7e p\u00eelan\u00ean w\u00ee y\u00ean ne diberjewend\u00eeya \u00cazid\u00eeyan de p\u00eatir zelal dibin, lewma p\u00eaw\u00eeste li vir \u00cazid\u00ee van tuxme kes\u00ean weke Heyder \u015ee\u015fo ba\u015f nas bikin, p\u00eaw\u00eeste bizanbin ku ev ne ji bo civaka \u00cazid\u00ee \u00fb \u00cazid\u00eexan\u00ea tev digerin, belku m\u00eena &#8220;T\u00fbtyan&#8221; anko&#8221;bebexayan&#8221; l\u00ea hatine ten\u00ea w\u00ea ti\u015ft\u00ea dib\u00eajn ya ku bi guh\u00ea wan de t\u00ea bang kirin, bi gotine din, kan\u00ea bi tu awa karta &#8220;\u00ceskamb\u00eel\u00ea&#8221; anko karta Joker ku w\u00eaneya qe\u015fmerek\u00ee li sere \u00fb carna li \u015f\u00fbna her kart\u00ea, dikare b\u00ea bikaran\u00een, Heyder \u015ee\u015fo j\u00ee niha bi w\u00ee away\u00ee ji bal dijber\u00ea civaka \u00cazid\u00ee ve li dij\u00ee \u00cazid\u00eeyan t\u00ea bikaran\u00een.<\/h3>\n<p>[\/darkamazi_column_text][\/darkamazi_column][\/darkamazi_row]<\/p>\n<\/div>","protected":false},"excerpt":{"rendered":"<p>[darkamazi_row][darkamazi_column][darkamazi_column_text] Kesat\u00eeyek \u00cazid\u00ee ye, di \u015fer\u00ea dij\u00ee DA\u00ce\u015e \u00ea de weke mercaneke ge\u015f nav \u00fb deng\u00ee \u00fb \u015fuhret ji bo \u00e7\u00eab\u00fb, merovek pirr ec\u00eabe her car\u00ea bi bil\u00fblek\u00ea re di leyze, gotin\u00ean w\u00ee y\u00ean \u015fev \u00fb roj\u00ea nakevin pey hev, pare per\u00ease \u00fb ji bo destketiy\u00ean xwe dikare bi h\u00easan\u00ea milet\u00ea xwe bi xap\u00eene \u00fb [&hellip;]<\/p>\n","protected":false},"author":2,"featured_media":1017224,"comment_status":"closed","ping_status":"closed","sticky":false,"template":"","format":"standard","meta":{"footnotes":""},"categories":[29],"tags":[37],"class_list":["post-1017223","post","type-post","status-publish","format-standard","has-post-thumbnail","hentry","category-kurdistan","tag-sereke"],"blocksy_meta":[],"seo_head":"<!-- This site is optimized with the Yoast SEO plugin v27.5 - https:\/\/yoast.com\/product\/yoast-seo-wordpress\/ -->\n<title>Mercana saxte a \u00cazid\u00eeyan \u00fb qe\u015fmer\u00ea dest\u00ea PKK \u00ea - Darka Maz\u00ee<\/title>\n<meta name=\"robots\" content=\"index, follow, max-snippet:-1, max-image-preview:large, max-video-preview:-1\" \/>\n<link rel=\"canonical\" href=\"https:\/\/darkamazi.info\/archives\/1017223\" \/>\n<meta property=\"og:locale\" content=\"en_US\" \/>\n<meta property=\"og:type\" content=\"article\" \/>\n<meta property=\"og:title\" content=\"Mercana saxte a \u00cazid\u00eeyan \u00fb qe\u015fmer\u00ea dest\u00ea PKK \u00ea - Darka Maz\u00ee\" \/>\n<meta property=\"og:description\" content=\"[darkamazi_row][darkamazi_column][darkamazi_column_text] Kesat\u00eeyek \u00cazid\u00ee ye, di \u015fer\u00ea dij\u00ee DA\u00ce\u015e \u00ea de weke mercaneke ge\u015f nav \u00fb deng\u00ee \u00fb \u015fuhret ji bo \u00e7\u00eab\u00fb, merovek pirr ec\u00eabe her car\u00ea bi bil\u00fblek\u00ea re di leyze, gotin\u00ean w\u00ee y\u00ean \u015fev \u00fb roj\u00ea nakevin pey hev, pare per\u00ease \u00fb ji bo destketiy\u00ean xwe dikare bi h\u00easan\u00ea milet\u00ea xwe bi xap\u00eene \u00fb [&hellip;]\" \/>\n<meta property=\"og:url\" content=\"https:\/\/darkamazi.info\/archives\/1017223\" \/>\n<meta property=\"og:site_name\" content=\"Darka Maz\u00ee\" \/>\n<meta property=\"article:publisher\" content=\"https:\/\/www.facebook.com\/DarMaziKurmanci\" \/>\n<meta property=\"article:published_time\" content=\"2020-11-22T11:33:38+00:00\" \/>\n<meta property=\"og:image\" content=\"https:\/\/darkamazi.info\/file\/2020\/11\/\u062d\u0647\u200c\u06cc\u062f\u0647\u200c\u0631-\u0634\u0647\u200c\u0634\u06c6-\u062d\u064a\u062f\u0631-\u0634\u0634\u0648-Heyder-Seso-joker-1.jpg\" \/>\n\t<meta property=\"og:image:width\" content=\"900\" \/>\n\t<meta property=\"og:image:height\" content=\"497\" \/>\n\t<meta property=\"og:image:type\" content=\"image\/jpeg\" \/>\n<meta name=\"author\" content=\"darka mazi\" \/>\n<meta name=\"twitter:card\" content=\"summary_large_image\" \/>\n<meta name=\"twitter:creator\" content=\"@DarkaMaziLatini\" \/>\n<meta name=\"twitter:site\" content=\"@DarkaMaziLatini\" \/>\n<meta name=\"twitter:label1\" content=\"Written by\" \/>\n\t<meta name=\"twitter:data1\" content=\"darka mazi\" \/>\n\t<meta name=\"twitter:label2\" content=\"Est. reading time\" \/>\n\t<meta name=\"twitter:data2\" content=\"10 minutes\" \/>\n<script type=\"application\/ld+json\" class=\"seo-schema-graph\">{\"@context\":\"https:\\\/\\\/schema.org\",\"@graph\":[{\"@type\":\"Article\",\"@id\":\"https:\\\/\\\/darkamazi.info\\\/archives\\\/1017223#article\",\"isPartOf\":{\"@id\":\"https:\\\/\\\/darkamazi.info\\\/archives\\\/1017223\"},\"author\":{\"name\":\"darka mazi\",\"@id\":\"https:\\\/\\\/darkamazi.info\\\/#\\\/schema\\\/person\\\/5ad3e24553a0567993fa8ed4bd0a776c\"},\"headline\":\"Mercana saxte a \u00cazid\u00eeyan \u00fb qe\u015fmer\u00ea dest\u00ea PKK \u00ea\",\"datePublished\":\"2020-11-22T11:33:38+00:00\",\"mainEntityOfPage\":{\"@id\":\"https:\\\/\\\/darkamazi.info\\\/archives\\\/1017223\"},\"wordCount\":1959,\"publisher\":{\"@id\":\"https:\\\/\\\/darkamazi.info\\\/#organization\"},\"image\":{\"@id\":\"https:\\\/\\\/darkamazi.info\\\/archives\\\/1017223#primaryimage\"},\"thumbnailUrl\":\"https:\\\/\\\/darkamazi.info\\\/darka-content\\\/uploads\\\/2020\\\/11\\\/\u062d\u0647\u200c\u06cc\u062f\u0647\u200c\u0631-\u0634\u0647\u200c\u0634\u06c6-\u062d\u064a\u062f\u0631-\u0634\u0634\u0648-Heyder-Seso-joker-1.jpg\",\"keywords\":[\"sereke\"],\"articleSection\":[\"Kurdistan\"],\"inLanguage\":\"en-US\"},{\"@type\":\"WebPage\",\"@id\":\"https:\\\/\\\/darkamazi.info\\\/archives\\\/1017223\",\"url\":\"https:\\\/\\\/darkamazi.info\\\/archives\\\/1017223\",\"name\":\"Mercana saxte a \u00cazid\u00eeyan \u00fb qe\u015fmer\u00ea dest\u00ea PKK \u00ea - Darka Maz\u00ee\",\"isPartOf\":{\"@id\":\"https:\\\/\\\/darkamazi.info\\\/#website\"},\"primaryImageOfPage\":{\"@id\":\"https:\\\/\\\/darkamazi.info\\\/archives\\\/1017223#primaryimage\"},\"image\":{\"@id\":\"https:\\\/\\\/darkamazi.info\\\/archives\\\/1017223#primaryimage\"},\"thumbnailUrl\":\"https:\\\/\\\/darkamazi.info\\\/darka-content\\\/uploads\\\/2020\\\/11\\\/\u062d\u0647\u200c\u06cc\u062f\u0647\u200c\u0631-\u0634\u0647\u200c\u0634\u06c6-\u062d\u064a\u062f\u0631-\u0634\u0634\u0648-Heyder-Seso-joker-1.jpg\",\"datePublished\":\"2020-11-22T11:33:38+00:00\",\"breadcrumb\":{\"@id\":\"https:\\\/\\\/darkamazi.info\\\/archives\\\/1017223#breadcrumb\"},\"inLanguage\":\"en-US\",\"potentialAction\":[{\"@type\":\"ReadAction\",\"target\":[\"https:\\\/\\\/darkamazi.info\\\/archives\\\/1017223\"]}]},{\"@type\":\"ImageObject\",\"inLanguage\":\"en-US\",\"@id\":\"https:\\\/\\\/darkamazi.info\\\/archives\\\/1017223#primaryimage\",\"url\":\"https:\\\/\\\/darkamazi.info\\\/darka-content\\\/uploads\\\/2020\\\/11\\\/\u062d\u0647\u200c\u06cc\u062f\u0647\u200c\u0631-\u0634\u0647\u200c\u0634\u06c6-\u062d\u064a\u062f\u0631-\u0634\u0634\u0648-Heyder-Seso-joker-1.jpg\",\"contentUrl\":\"https:\\\/\\\/darkamazi.info\\\/darka-content\\\/uploads\\\/2020\\\/11\\\/\u062d\u0647\u200c\u06cc\u062f\u0647\u200c\u0631-\u0634\u0647\u200c\u0634\u06c6-\u062d\u064a\u062f\u0631-\u0634\u0634\u0648-Heyder-Seso-joker-1.jpg\",\"width\":900,\"height\":497,\"caption\":\"Mercana saxte a \u00cazid\u00eeyan \u00fb qe\u015fmer\u00ea dest\u00ea PKK \u00ea\"},{\"@type\":\"BreadcrumbList\",\"@id\":\"https:\\\/\\\/darkamazi.info\\\/archives\\\/1017223#breadcrumb\",\"itemListElement\":[{\"@type\":\"ListItem\",\"position\":1,\"name\":\"Home\",\"item\":\"https:\\\/\\\/darkamazi.info\\\/\"},{\"@type\":\"ListItem\",\"position\":2,\"name\":\"Mercana saxte a \u00cazid\u00eeyan \u00fb qe\u015fmer\u00ea dest\u00ea PKK \u00ea\"}]},{\"@type\":\"WebSite\",\"@id\":\"https:\\\/\\\/darkamazi.info\\\/#website\",\"url\":\"https:\\\/\\\/darkamazi.info\\\/\",\"name\":\"Darka Maz\u00ee\",\"description\":\"P\u00eageha Zanyariy\u00ean Nebih\u00eest\u00ee\",\"publisher\":{\"@id\":\"https:\\\/\\\/darkamazi.info\\\/#organization\"},\"potentialAction\":[{\"@type\":\"SearchAction\",\"target\":{\"@type\":\"EntryPoint\",\"urlTemplate\":\"https:\\\/\\\/darkamazi.info\\\/?s={search_term_string}\"},\"query-input\":{\"@type\":\"PropertyValueSpecification\",\"valueRequired\":true,\"valueName\":\"search_term_string\"}}],\"inLanguage\":\"en-US\"},{\"@type\":\"Organization\",\"@id\":\"https:\\\/\\\/darkamazi.info\\\/#organization\",\"name\":\"Darka Maz\u00ee\",\"url\":\"https:\\\/\\\/darkamazi.info\\\/\",\"logo\":{\"@type\":\"ImageObject\",\"inLanguage\":\"en-US\",\"@id\":\"https:\\\/\\\/darkamazi.info\\\/#\\\/schema\\\/logo\\\/image\\\/\",\"url\":\"https:\\\/\\\/darkamazi.info\\\/darka-content\\\/uploads\\\/2017\\\/12\\\/darka-mazi-logo.png\",\"contentUrl\":\"https:\\\/\\\/darkamazi.info\\\/darka-content\\\/uploads\\\/2017\\\/12\\\/darka-mazi-logo.png\",\"width\":151,\"height\":75,\"caption\":\"Darka Maz\u00ee\"},\"image\":{\"@id\":\"https:\\\/\\\/darkamazi.info\\\/#\\\/schema\\\/logo\\\/image\\\/\"},\"sameAs\":[\"https:\\\/\\\/www.facebook.com\\\/DarMaziKurmanci\",\"https:\\\/\\\/x.com\\\/DarkaMaziLatini\",\"https:\\\/\\\/www.instagram.com\\\/darkamazi.kurmanci\\\/\",\"https:\\\/\\\/www.youtube.com\\\/channel\\\/UCa5HkTdmI8U1qCUFuTw8B2g\"]},{\"@type\":\"Person\",\"@id\":\"https:\\\/\\\/darkamazi.info\\\/#\\\/schema\\\/person\\\/5ad3e24553a0567993fa8ed4bd0a776c\",\"name\":\"darka mazi\",\"sameAs\":[\"https:\\\/\\\/darkamazi.info\\\/\"],\"url\":\"https:\\\/\\\/darkamazi.info\\\/archives\\\/author\\\/kurdi\"}]}<\/script>\n<!-- \/ Yoast SEO plugin. -->","seo_head_json":{"title":"Mercana saxte a \u00cazid\u00eeyan \u00fb qe\u015fmer\u00ea dest\u00ea PKK \u00ea - Darka Maz\u00ee","robots":{"index":"index","follow":"follow","max-snippet":"max-snippet:-1","max-image-preview":"max-image-preview:large","max-video-preview":"max-video-preview:-1"},"canonical":"https:\/\/darkamazi.info\/archives\/1017223","og_locale":"en_US","og_type":"article","og_title":"Mercana saxte a \u00cazid\u00eeyan \u00fb qe\u015fmer\u00ea dest\u00ea PKK \u00ea - Darka Maz\u00ee","og_description":"[darkamazi_row][darkamazi_column][darkamazi_column_text] Kesat\u00eeyek \u00cazid\u00ee ye, di \u015fer\u00ea dij\u00ee DA\u00ce\u015e \u00ea de weke mercaneke ge\u015f nav \u00fb deng\u00ee \u00fb \u015fuhret ji bo \u00e7\u00eab\u00fb, merovek pirr ec\u00eabe her car\u00ea bi bil\u00fblek\u00ea re di leyze, gotin\u00ean w\u00ee y\u00ean \u015fev \u00fb roj\u00ea nakevin pey hev, pare per\u00ease \u00fb ji bo destketiy\u00ean xwe dikare bi h\u00easan\u00ea milet\u00ea xwe bi xap\u00eene \u00fb [&hellip;]","og_url":"https:\/\/darkamazi.info\/archives\/1017223","og_site_name":"Darka Maz\u00ee","article_publisher":"https:\/\/www.facebook.com\/DarMaziKurmanci","article_published_time":"2020-11-22T11:33:38+00:00","og_image":[{"width":900,"height":497,"url":"https:\/\/darkamazi.info\/file\/2020\/11\/\u062d\u0647\u200c\u06cc\u062f\u0647\u200c\u0631-\u0634\u0647\u200c\u0634\u06c6-\u062d\u064a\u062f\u0631-\u0634\u0634\u0648-Heyder-Seso-joker-1.jpg","type":"image\/jpeg"}],"author":"darka mazi","twitter_card":"summary_large_image","twitter_creator":"@DarkaMaziLatini","twitter_site":"@DarkaMaziLatini","twitter_misc":{"Written by":"darka mazi","Est. reading time":"10 minutes"},"schema":{"@context":"https:\/\/schema.org","@graph":[{"@type":"Article","@id":"https:\/\/darkamazi.info\/archives\/1017223#article","isPartOf":{"@id":"https:\/\/darkamazi.info\/archives\/1017223"},"author":{"name":"darka mazi","@id":"https:\/\/darkamazi.info\/#\/schema\/person\/5ad3e24553a0567993fa8ed4bd0a776c"},"headline":"Mercana saxte a \u00cazid\u00eeyan \u00fb qe\u015fmer\u00ea dest\u00ea PKK \u00ea","datePublished":"2020-11-22T11:33:38+00:00","mainEntityOfPage":{"@id":"https:\/\/darkamazi.info\/archives\/1017223"},"wordCount":1959,"publisher":{"@id":"https:\/\/darkamazi.info\/#organization"},"image":{"@id":"https:\/\/darkamazi.info\/archives\/1017223#primaryimage"},"thumbnailUrl":"https:\/\/darkamazi.info\/file\/2020\/11\/\u062d\u0647\u200c\u06cc\u062f\u0647\u200c\u0631-\u0634\u0647\u200c\u0634\u06c6-\u062d\u064a\u062f\u0631-\u0634\u0634\u0648-Heyder-Seso-joker-1.jpg","keywords":["sereke"],"articleSection":["Kurdistan"],"inLanguage":"en-US"},{"@type":"WebPage","@id":"https:\/\/darkamazi.info\/archives\/1017223","url":"https:\/\/darkamazi.info\/archives\/1017223","name":"Mercana saxte a \u00cazid\u00eeyan \u00fb qe\u015fmer\u00ea dest\u00ea PKK \u00ea - Darka Maz\u00ee","isPartOf":{"@id":"https:\/\/darkamazi.info\/#website"},"primaryImageOfPage":{"@id":"https:\/\/darkamazi.info\/archives\/1017223#primaryimage"},"image":{"@id":"https:\/\/darkamazi.info\/archives\/1017223#primaryimage"},"thumbnailUrl":"https:\/\/darkamazi.info\/file\/2020\/11\/\u062d\u0647\u200c\u06cc\u062f\u0647\u200c\u0631-\u0634\u0647\u200c\u0634\u06c6-\u062d\u064a\u062f\u0631-\u0634\u0634\u0648-Heyder-Seso-joker-1.jpg","datePublished":"2020-11-22T11:33:38+00:00","breadcrumb":{"@id":"https:\/\/darkamazi.info\/archives\/1017223#breadcrumb"},"inLanguage":"en-US","potentialAction":[{"@type":"ReadAction","target":["https:\/\/darkamazi.info\/archives\/1017223"]}]},{"@type":"ImageObject","inLanguage":"en-US","@id":"https:\/\/darkamazi.info\/archives\/1017223#primaryimage","url":"https:\/\/darkamazi.info\/file\/2020\/11\/\u062d\u0647\u200c\u06cc\u062f\u0647\u200c\u0631-\u0634\u0647\u200c\u0634\u06c6-\u062d\u064a\u062f\u0631-\u0634\u0634\u0648-Heyder-Seso-joker-1.jpg","contentUrl":"https:\/\/darkamazi.info\/file\/2020\/11\/\u062d\u0647\u200c\u06cc\u062f\u0647\u200c\u0631-\u0634\u0647\u200c\u0634\u06c6-\u062d\u064a\u062f\u0631-\u0634\u0634\u0648-Heyder-Seso-joker-1.jpg","width":900,"height":497,"caption":"Mercana saxte a \u00cazid\u00eeyan \u00fb qe\u015fmer\u00ea dest\u00ea PKK \u00ea"},{"@type":"BreadcrumbList","@id":"https:\/\/darkamazi.info\/archives\/1017223#breadcrumb","itemListElement":[{"@type":"ListItem","position":1,"name":"Home","item":"https:\/\/darkamazi.info\/"},{"@type":"ListItem","position":2,"name":"Mercana saxte a \u00cazid\u00eeyan \u00fb qe\u015fmer\u00ea dest\u00ea PKK \u00ea"}]},{"@type":"WebSite","@id":"https:\/\/darkamazi.info\/#website","url":"https:\/\/darkamazi.info\/","name":"Darka Maz\u00ee","description":"P\u00eageha Zanyariy\u00ean Nebih\u00eest\u00ee","publisher":{"@id":"https:\/\/darkamazi.info\/#organization"},"potentialAction":[{"@type":"SearchAction","target":{"@type":"EntryPoint","urlTemplate":"https:\/\/darkamazi.info\/?s={search_term_string}"},"query-input":{"@type":"PropertyValueSpecification","valueRequired":true,"valueName":"search_term_string"}}],"inLanguage":"en-US"},{"@type":"Organization","@id":"https:\/\/darkamazi.info\/#organization","name":"Darka Maz\u00ee","url":"https:\/\/darkamazi.info\/","logo":{"@type":"ImageObject","inLanguage":"en-US","@id":"https:\/\/darkamazi.info\/#\/schema\/logo\/image\/","url":"https:\/\/darkamazi.info\/file\/2017\/12\/darka-mazi-logo.png","contentUrl":"https:\/\/darkamazi.info\/file\/2017\/12\/darka-mazi-logo.png","width":151,"height":75,"caption":"Darka Maz\u00ee"},"image":{"@id":"https:\/\/darkamazi.info\/#\/schema\/logo\/image\/"},"sameAs":["https:\/\/www.facebook.com\/DarMaziKurmanci","https:\/\/x.com\/DarkaMaziLatini","https:\/\/www.instagram.com\/darkamazi.kurmanci\/","https:\/\/www.youtube.com\/channel\/UCa5HkTdmI8U1qCUFuTw8B2g"]},{"@type":"Person","@id":"https:\/\/darkamazi.info\/#\/schema\/person\/5ad3e24553a0567993fa8ed4bd0a776c","name":"darka mazi","sameAs":["https:\/\/darkamazi.info\/"],"url":"https:\/\/darkamazi.info\/archives\/author\/kurdi"}]}},"_links":{"self":[{"href":"https:\/\/darkamazi.info\/funavuv\/wp\/v2\/posts\/1017223","targetHints":{"allow":["GET"]}}],"collection":[{"href":"https:\/\/darkamazi.info\/funavuv\/wp\/v2\/posts"}],"about":[{"href":"https:\/\/darkamazi.info\/funavuv\/wp\/v2\/types\/post"}],"author":[{"embeddable":true,"href":"https:\/\/darkamazi.info\/funavuv\/wp\/v2\/users\/2"}],"replies":[{"embeddable":true,"href":"https:\/\/darkamazi.info\/funavuv\/wp\/v2\/comments?post=1017223"}],"version-history":[{"count":0,"href":"https:\/\/darkamazi.info\/funavuv\/wp\/v2\/posts\/1017223\/revisions"}],"wp:featuredmedia":[{"embeddable":true,"href":"https:\/\/darkamazi.info\/funavuv\/wp\/v2\/media\/1017224"}],"wp:attachment":[{"href":"https:\/\/darkamazi.info\/funavuv\/wp\/v2\/media?parent=1017223"}],"wp:term":[{"taxonomy":"category","embeddable":true,"href":"https:\/\/darkamazi.info\/funavuv\/wp\/v2\/categories?post=1017223"},{"taxonomy":"post_tag","embeddable":true,"href":"https:\/\/darkamazi.info\/funavuv\/wp\/v2\/tags?post=1017223"}],"curies":[{"name":"wp","href":"https:\/\/api.w.org\/{rel}","templated":true}]}}