{"id":1017257,"date":"2020-11-23T12:31:07","date_gmt":"2020-11-23T09:31:07","guid":{"rendered":"https:\/\/darkamazi.info\/?p=1017257"},"modified":"2020-11-23T12:31:07","modified_gmt":"2020-11-23T09:31:07","slug":"qaymeqame-amediye-198-gund-ji-ber-pkke-hatine-vala-kirin","status":"publish","type":"post","link":"https:\/\/darkamazi.info\/archives\/1017257","title":{"rendered":"Qaymeqam\u00ea Am\u00eadiy\u00ea: 198 gund ji ber PKK\u00ea hatine vala kirin"},"content":{"rendered":"<h3 style=\"text-align: justify\"><span style=\"font-family: 'arial black', sans-serif\">Qaymeqam\u00ea Am\u00eadiy\u00ea \u00cesma&#8217;\u00eel mistefa got ku ji ber heb\u00fbna \u00e7ekdar\u00ean r\u00eaxistina PKK\u00ea li her\u00eam\u00ea 198 gund\u00ean nav\u00e7eya Am\u00eadiy\u00ea hatine vala kirin.<\/span><\/h3>\n<h3 style=\"text-align: justify\">Qaymeqam\u00ea Am\u00ead\u00eey\u00ea, \u00cesma&#8217;\u00eel Mistefa, ji bo p\u00eageha Bas News \u00ea axv\u00ee \u00fb diyar kir ku ji 348 gund\u00ean dikevin devera Am\u00eadiy\u00ea 198 gund bi sedema heb\u00fbna \u00e7ekdar\u00ean r\u00eaxistna PKK\u00ea hatine vala kirin, \u00fb gund\u00ee ne\u00e7ar mane ko\u00e7\u00ee nav\u00e7e \u00fb navenda baj\u00ear bikin.<\/h3>\n<h3 style=\"text-align: justify\">\u00cesma&#8217;\u00eel mistefa destn\u00ee\u015fan kir ku ji ber helwesta h\u00eaz\u00ean \u00e7ekdar\u00ean PKK\u00ea li n\u00eaz\u00ee wargehan, zeviy\u00ean \u00e7andin\u00ee \u00fb bax\u00e7ey\u00ean gel zirar d\u00eetine.<\/h3>\n<h3 style=\"text-align: justify\">\u00cesma\u00eel Mistefa gotin\u00ean xwe wiha domand: &#8220;sedema van bombebaran \u00fb ko\u00e7ber b\u00fbn \u00fb zirar\u00ean gel heb\u00fbna PKK\u00ea ye. Ew pir n\u00eaz\u00ee gundanin \u00fb li hinek dever\u00ean din ketine nava gundan de. Ev rew\u015f ji bo siv\u00eel\u00ean li her\u00eam\u00ea dij\u00een xeteryek mezin \u00e7\u00eadike. &#8220;<\/h3>\n<h3 style=\"text-align: justify\">Diyar kir ku gund\u00ee ji tirsa bombebaran\u00ea \u00fb PKK\u00ea nikarin bi\u00e7in gund\u00ean xwe, \u00cesma&#8217;\u00eel Mistefa got, &#8220;li hin gundan ten\u00ea yek-du xan\u00ee mane. Gund\u00ean din hem\u00ee vala ne \u201d.<\/h3>\n<h3 style=\"text-align: justify\">Qaymeqam\u00ee Am\u00eadiy\u00ea destn\u00ee\u015fan kir ku gund\u00ean li her\u00eam\u00ean Berwar\u00ee Bala, Bamern\u00ea, Werm\u00eal\u00ea \u00fb Bab\u00eer\u00ea ji ber pev\u00e7\u00fbn\u00ean di navbera art\u00ea\u015fa Tirk \u00fb PKK\u00ea de bi mehan ber\u00ee niha vala b\u00fbne.<\/h3>\n","protected":false},"excerpt":{"rendered":"<p>Qaymeqam\u00ea Am\u00eadiy\u00ea \u00cesma&#8217;\u00eel mistefa got ku ji ber heb\u00fbna \u00e7ekdar\u00ean r\u00eaxistina PKK\u00ea li her\u00eam\u00ea 198 gund\u00ean nav\u00e7eya Am\u00eadiy\u00ea hatine vala kirin. Qaymeqam\u00ea Am\u00ead\u00eey\u00ea, \u00cesma&#8217;\u00eel Mistefa, ji bo p\u00eageha Bas News \u00ea axv\u00ee \u00fb diyar kir ku ji 348 gund\u00ean dikevin devera Am\u00eadiy\u00ea 198 gund bi sedema heb\u00fbna \u00e7ekdar\u00ean r\u00eaxistna PKK\u00ea hatine vala kirin, \u00fb gund\u00ee [&hellip;]<\/p>\n","protected":false},"author":2,"featured_media":1017258,"comment_status":"closed","ping_status":"closed","sticky":false,"template":"","format":"standard","meta":{"footnotes":""},"categories":[29],"tags":[37],"class_list":["post-1017257","post","type-post","status-publish","format-standard","has-post-thumbnail","hentry","category-kurdistan","tag-sereke"],"blocksy_meta":[],"seo_head":"<!-- This site is optimized with the Yoast SEO plugin v27.5 - https:\/\/yoast.com\/product\/yoast-seo-wordpress\/ -->\n<title>Qaymeqam\u00ea Am\u00eadiy\u00ea: 198 gund ji ber PKK\u00ea hatine vala kirin - Darka Maz\u00ee<\/title>\n<meta name=\"robots\" content=\"index, follow, max-snippet:-1, max-image-preview:large, max-video-preview:-1\" \/>\n<link rel=\"canonical\" href=\"https:\/\/darkamazi.info\/archives\/1017257\" \/>\n<meta property=\"og:locale\" content=\"en_US\" \/>\n<meta property=\"og:type\" content=\"article\" \/>\n<meta property=\"og:title\" content=\"Qaymeqam\u00ea Am\u00eadiy\u00ea: 198 gund ji ber PKK\u00ea hatine vala kirin - Darka Maz\u00ee\" \/>\n<meta property=\"og:description\" content=\"Qaymeqam\u00ea Am\u00eadiy\u00ea \u00cesma&#8217;\u00eel mistefa got ku ji ber heb\u00fbna \u00e7ekdar\u00ean r\u00eaxistina PKK\u00ea li her\u00eam\u00ea 198 gund\u00ean nav\u00e7eya Am\u00eadiy\u00ea hatine vala kirin. Qaymeqam\u00ea Am\u00ead\u00eey\u00ea, \u00cesma&#8217;\u00eel Mistefa, ji bo p\u00eageha Bas News \u00ea axv\u00ee \u00fb diyar kir ku ji 348 gund\u00ean dikevin devera Am\u00eadiy\u00ea 198 gund bi sedema heb\u00fbna \u00e7ekdar\u00ean r\u00eaxistna PKK\u00ea hatine vala kirin, \u00fb gund\u00ee [&hellip;]\" \/>\n<meta property=\"og:url\" content=\"https:\/\/darkamazi.info\/archives\/1017257\" \/>\n<meta property=\"og:site_name\" content=\"Darka Maz\u00ee\" \/>\n<meta property=\"article:publisher\" content=\"https:\/\/www.facebook.com\/DarMaziKurmanci\" \/>\n<meta property=\"article:published_time\" content=\"2020-11-23T09:31:07+00:00\" \/>\n<meta property=\"og:image\" content=\"https:\/\/darkamazi.info\/file\/2020\/11\/amediye-amedi-basur-kurdistan.jpg\" \/>\n\t<meta property=\"og:image:width\" content=\"822\" \/>\n\t<meta property=\"og:image:height\" content=\"454\" \/>\n\t<meta property=\"og:image:type\" content=\"image\/jpeg\" \/>\n<meta name=\"author\" content=\"darka mazi\" \/>\n<meta name=\"twitter:card\" content=\"summary_large_image\" \/>\n<meta name=\"twitter:creator\" content=\"@DarkaMaziLatini\" \/>\n<meta name=\"twitter:site\" content=\"@DarkaMaziLatini\" \/>\n<meta name=\"twitter:label1\" content=\"Written by\" \/>\n\t<meta name=\"twitter:data1\" content=\"darka mazi\" \/>\n\t<meta name=\"twitter:label2\" content=\"Est. reading time\" \/>\n\t<meta name=\"twitter:data2\" content=\"1 minute\" \/>\n<script type=\"application\/ld+json\" class=\"seo-schema-graph\">{\"@context\":\"https:\\\/\\\/schema.org\",\"@graph\":[{\"@type\":\"Article\",\"@id\":\"https:\\\/\\\/darkamazi.info\\\/archives\\\/1017257#article\",\"isPartOf\":{\"@id\":\"https:\\\/\\\/darkamazi.info\\\/archives\\\/1017257\"},\"author\":{\"name\":\"darka mazi\",\"@id\":\"https:\\\/\\\/darkamazi.info\\\/#\\\/schema\\\/person\\\/5ad3e24553a0567993fa8ed4bd0a776c\"},\"headline\":\"Qaymeqam\u00ea Am\u00eadiy\u00ea: 198 gund ji ber PKK\u00ea hatine vala kirin\",\"datePublished\":\"2020-11-23T09:31:07+00:00\",\"mainEntityOfPage\":{\"@id\":\"https:\\\/\\\/darkamazi.info\\\/archives\\\/1017257\"},\"wordCount\":238,\"publisher\":{\"@id\":\"https:\\\/\\\/darkamazi.info\\\/#organization\"},\"image\":{\"@id\":\"https:\\\/\\\/darkamazi.info\\\/archives\\\/1017257#primaryimage\"},\"thumbnailUrl\":\"https:\\\/\\\/darkamazi.info\\\/darka-content\\\/uploads\\\/2020\\\/11\\\/amediye-amedi-basur-kurdistan.jpg\",\"keywords\":[\"sereke\"],\"articleSection\":[\"Kurdistan\"],\"inLanguage\":\"en-US\"},{\"@type\":\"WebPage\",\"@id\":\"https:\\\/\\\/darkamazi.info\\\/archives\\\/1017257\",\"url\":\"https:\\\/\\\/darkamazi.info\\\/archives\\\/1017257\",\"name\":\"Qaymeqam\u00ea Am\u00eadiy\u00ea: 198 gund ji ber PKK\u00ea hatine vala kirin - Darka Maz\u00ee\",\"isPartOf\":{\"@id\":\"https:\\\/\\\/darkamazi.info\\\/#website\"},\"primaryImageOfPage\":{\"@id\":\"https:\\\/\\\/darkamazi.info\\\/archives\\\/1017257#primaryimage\"},\"image\":{\"@id\":\"https:\\\/\\\/darkamazi.info\\\/archives\\\/1017257#primaryimage\"},\"thumbnailUrl\":\"https:\\\/\\\/darkamazi.info\\\/darka-content\\\/uploads\\\/2020\\\/11\\\/amediye-amedi-basur-kurdistan.jpg\",\"datePublished\":\"2020-11-23T09:31:07+00:00\",\"breadcrumb\":{\"@id\":\"https:\\\/\\\/darkamazi.info\\\/archives\\\/1017257#breadcrumb\"},\"inLanguage\":\"en-US\",\"potentialAction\":[{\"@type\":\"ReadAction\",\"target\":[\"https:\\\/\\\/darkamazi.info\\\/archives\\\/1017257\"]}]},{\"@type\":\"ImageObject\",\"inLanguage\":\"en-US\",\"@id\":\"https:\\\/\\\/darkamazi.info\\\/archives\\\/1017257#primaryimage\",\"url\":\"https:\\\/\\\/darkamazi.info\\\/darka-content\\\/uploads\\\/2020\\\/11\\\/amediye-amedi-basur-kurdistan.jpg\",\"contentUrl\":\"https:\\\/\\\/darkamazi.info\\\/darka-content\\\/uploads\\\/2020\\\/11\\\/amediye-amedi-basur-kurdistan.jpg\",\"width\":822,\"height\":454,\"caption\":\"Qaymeqam\u00ea Am\u00eadiy\u00ea: 198 gund ji ber PKK\u00ea hatine vala kirin\"},{\"@type\":\"BreadcrumbList\",\"@id\":\"https:\\\/\\\/darkamazi.info\\\/archives\\\/1017257#breadcrumb\",\"itemListElement\":[{\"@type\":\"ListItem\",\"position\":1,\"name\":\"Home\",\"item\":\"https:\\\/\\\/darkamazi.info\\\/\"},{\"@type\":\"ListItem\",\"position\":2,\"name\":\"Qaymeqam\u00ea Am\u00eadiy\u00ea: 198 gund ji ber PKK\u00ea hatine vala kirin\"}]},{\"@type\":\"WebSite\",\"@id\":\"https:\\\/\\\/darkamazi.info\\\/#website\",\"url\":\"https:\\\/\\\/darkamazi.info\\\/\",\"name\":\"Darka Maz\u00ee\",\"description\":\"P\u00eageha Zanyariy\u00ean Nebih\u00eest\u00ee\",\"publisher\":{\"@id\":\"https:\\\/\\\/darkamazi.info\\\/#organization\"},\"potentialAction\":[{\"@type\":\"SearchAction\",\"target\":{\"@type\":\"EntryPoint\",\"urlTemplate\":\"https:\\\/\\\/darkamazi.info\\\/?s={search_term_string}\"},\"query-input\":{\"@type\":\"PropertyValueSpecification\",\"valueRequired\":true,\"valueName\":\"search_term_string\"}}],\"inLanguage\":\"en-US\"},{\"@type\":\"Organization\",\"@id\":\"https:\\\/\\\/darkamazi.info\\\/#organization\",\"name\":\"Darka Maz\u00ee\",\"url\":\"https:\\\/\\\/darkamazi.info\\\/\",\"logo\":{\"@type\":\"ImageObject\",\"inLanguage\":\"en-US\",\"@id\":\"https:\\\/\\\/darkamazi.info\\\/#\\\/schema\\\/logo\\\/image\\\/\",\"url\":\"https:\\\/\\\/darkamazi.info\\\/darka-content\\\/uploads\\\/2017\\\/12\\\/darka-mazi-logo.png\",\"contentUrl\":\"https:\\\/\\\/darkamazi.info\\\/darka-content\\\/uploads\\\/2017\\\/12\\\/darka-mazi-logo.png\",\"width\":151,\"height\":75,\"caption\":\"Darka Maz\u00ee\"},\"image\":{\"@id\":\"https:\\\/\\\/darkamazi.info\\\/#\\\/schema\\\/logo\\\/image\\\/\"},\"sameAs\":[\"https:\\\/\\\/www.facebook.com\\\/DarMaziKurmanci\",\"https:\\\/\\\/x.com\\\/DarkaMaziLatini\",\"https:\\\/\\\/www.instagram.com\\\/darkamazi.kurmanci\\\/\",\"https:\\\/\\\/www.youtube.com\\\/channel\\\/UCa5HkTdmI8U1qCUFuTw8B2g\"]},{\"@type\":\"Person\",\"@id\":\"https:\\\/\\\/darkamazi.info\\\/#\\\/schema\\\/person\\\/5ad3e24553a0567993fa8ed4bd0a776c\",\"name\":\"darka mazi\",\"sameAs\":[\"https:\\\/\\\/darkamazi.info\\\/\"],\"url\":\"https:\\\/\\\/darkamazi.info\\\/archives\\\/author\\\/kurdi\"}]}<\/script>\n<!-- \/ Yoast SEO plugin. -->","seo_head_json":{"title":"Qaymeqam\u00ea Am\u00eadiy\u00ea: 198 gund ji ber PKK\u00ea hatine vala kirin - Darka Maz\u00ee","robots":{"index":"index","follow":"follow","max-snippet":"max-snippet:-1","max-image-preview":"max-image-preview:large","max-video-preview":"max-video-preview:-1"},"canonical":"https:\/\/darkamazi.info\/archives\/1017257","og_locale":"en_US","og_type":"article","og_title":"Qaymeqam\u00ea Am\u00eadiy\u00ea: 198 gund ji ber PKK\u00ea hatine vala kirin - Darka Maz\u00ee","og_description":"Qaymeqam\u00ea Am\u00eadiy\u00ea \u00cesma&#8217;\u00eel mistefa got ku ji ber heb\u00fbna \u00e7ekdar\u00ean r\u00eaxistina PKK\u00ea li her\u00eam\u00ea 198 gund\u00ean nav\u00e7eya Am\u00eadiy\u00ea hatine vala kirin. Qaymeqam\u00ea Am\u00ead\u00eey\u00ea, \u00cesma&#8217;\u00eel Mistefa, ji bo p\u00eageha Bas News \u00ea axv\u00ee \u00fb diyar kir ku ji 348 gund\u00ean dikevin devera Am\u00eadiy\u00ea 198 gund bi sedema heb\u00fbna \u00e7ekdar\u00ean r\u00eaxistna PKK\u00ea hatine vala kirin, \u00fb gund\u00ee [&hellip;]","og_url":"https:\/\/darkamazi.info\/archives\/1017257","og_site_name":"Darka Maz\u00ee","article_publisher":"https:\/\/www.facebook.com\/DarMaziKurmanci","article_published_time":"2020-11-23T09:31:07+00:00","og_image":[{"width":822,"height":454,"url":"https:\/\/darkamazi.info\/file\/2020\/11\/amediye-amedi-basur-kurdistan.jpg","type":"image\/jpeg"}],"author":"darka mazi","twitter_card":"summary_large_image","twitter_creator":"@DarkaMaziLatini","twitter_site":"@DarkaMaziLatini","twitter_misc":{"Written by":"darka mazi","Est. reading time":"1 minute"},"schema":{"@context":"https:\/\/schema.org","@graph":[{"@type":"Article","@id":"https:\/\/darkamazi.info\/archives\/1017257#article","isPartOf":{"@id":"https:\/\/darkamazi.info\/archives\/1017257"},"author":{"name":"darka mazi","@id":"https:\/\/darkamazi.info\/#\/schema\/person\/5ad3e24553a0567993fa8ed4bd0a776c"},"headline":"Qaymeqam\u00ea Am\u00eadiy\u00ea: 198 gund ji ber PKK\u00ea hatine vala kirin","datePublished":"2020-11-23T09:31:07+00:00","mainEntityOfPage":{"@id":"https:\/\/darkamazi.info\/archives\/1017257"},"wordCount":238,"publisher":{"@id":"https:\/\/darkamazi.info\/#organization"},"image":{"@id":"https:\/\/darkamazi.info\/archives\/1017257#primaryimage"},"thumbnailUrl":"https:\/\/darkamazi.info\/file\/2020\/11\/amediye-amedi-basur-kurdistan.jpg","keywords":["sereke"],"articleSection":["Kurdistan"],"inLanguage":"en-US"},{"@type":"WebPage","@id":"https:\/\/darkamazi.info\/archives\/1017257","url":"https:\/\/darkamazi.info\/archives\/1017257","name":"Qaymeqam\u00ea Am\u00eadiy\u00ea: 198 gund ji ber PKK\u00ea hatine vala kirin - Darka Maz\u00ee","isPartOf":{"@id":"https:\/\/darkamazi.info\/#website"},"primaryImageOfPage":{"@id":"https:\/\/darkamazi.info\/archives\/1017257#primaryimage"},"image":{"@id":"https:\/\/darkamazi.info\/archives\/1017257#primaryimage"},"thumbnailUrl":"https:\/\/darkamazi.info\/file\/2020\/11\/amediye-amedi-basur-kurdistan.jpg","datePublished":"2020-11-23T09:31:07+00:00","breadcrumb":{"@id":"https:\/\/darkamazi.info\/archives\/1017257#breadcrumb"},"inLanguage":"en-US","potentialAction":[{"@type":"ReadAction","target":["https:\/\/darkamazi.info\/archives\/1017257"]}]},{"@type":"ImageObject","inLanguage":"en-US","@id":"https:\/\/darkamazi.info\/archives\/1017257#primaryimage","url":"https:\/\/darkamazi.info\/file\/2020\/11\/amediye-amedi-basur-kurdistan.jpg","contentUrl":"https:\/\/darkamazi.info\/file\/2020\/11\/amediye-amedi-basur-kurdistan.jpg","width":822,"height":454,"caption":"Qaymeqam\u00ea Am\u00eadiy\u00ea: 198 gund ji ber PKK\u00ea hatine vala kirin"},{"@type":"BreadcrumbList","@id":"https:\/\/darkamazi.info\/archives\/1017257#breadcrumb","itemListElement":[{"@type":"ListItem","position":1,"name":"Home","item":"https:\/\/darkamazi.info\/"},{"@type":"ListItem","position":2,"name":"Qaymeqam\u00ea Am\u00eadiy\u00ea: 198 gund ji ber PKK\u00ea hatine vala kirin"}]},{"@type":"WebSite","@id":"https:\/\/darkamazi.info\/#website","url":"https:\/\/darkamazi.info\/","name":"Darka Maz\u00ee","description":"P\u00eageha Zanyariy\u00ean Nebih\u00eest\u00ee","publisher":{"@id":"https:\/\/darkamazi.info\/#organization"},"potentialAction":[{"@type":"SearchAction","target":{"@type":"EntryPoint","urlTemplate":"https:\/\/darkamazi.info\/?s={search_term_string}"},"query-input":{"@type":"PropertyValueSpecification","valueRequired":true,"valueName":"search_term_string"}}],"inLanguage":"en-US"},{"@type":"Organization","@id":"https:\/\/darkamazi.info\/#organization","name":"Darka Maz\u00ee","url":"https:\/\/darkamazi.info\/","logo":{"@type":"ImageObject","inLanguage":"en-US","@id":"https:\/\/darkamazi.info\/#\/schema\/logo\/image\/","url":"https:\/\/darkamazi.info\/file\/2017\/12\/darka-mazi-logo.png","contentUrl":"https:\/\/darkamazi.info\/file\/2017\/12\/darka-mazi-logo.png","width":151,"height":75,"caption":"Darka Maz\u00ee"},"image":{"@id":"https:\/\/darkamazi.info\/#\/schema\/logo\/image\/"},"sameAs":["https:\/\/www.facebook.com\/DarMaziKurmanci","https:\/\/x.com\/DarkaMaziLatini","https:\/\/www.instagram.com\/darkamazi.kurmanci\/","https:\/\/www.youtube.com\/channel\/UCa5HkTdmI8U1qCUFuTw8B2g"]},{"@type":"Person","@id":"https:\/\/darkamazi.info\/#\/schema\/person\/5ad3e24553a0567993fa8ed4bd0a776c","name":"darka mazi","sameAs":["https:\/\/darkamazi.info\/"],"url":"https:\/\/darkamazi.info\/archives\/author\/kurdi"}]}},"_links":{"self":[{"href":"https:\/\/darkamazi.info\/funavuv\/wp\/v2\/posts\/1017257","targetHints":{"allow":["GET"]}}],"collection":[{"href":"https:\/\/darkamazi.info\/funavuv\/wp\/v2\/posts"}],"about":[{"href":"https:\/\/darkamazi.info\/funavuv\/wp\/v2\/types\/post"}],"author":[{"embeddable":true,"href":"https:\/\/darkamazi.info\/funavuv\/wp\/v2\/users\/2"}],"replies":[{"embeddable":true,"href":"https:\/\/darkamazi.info\/funavuv\/wp\/v2\/comments?post=1017257"}],"version-history":[{"count":0,"href":"https:\/\/darkamazi.info\/funavuv\/wp\/v2\/posts\/1017257\/revisions"}],"wp:featuredmedia":[{"embeddable":true,"href":"https:\/\/darkamazi.info\/funavuv\/wp\/v2\/media\/1017258"}],"wp:attachment":[{"href":"https:\/\/darkamazi.info\/funavuv\/wp\/v2\/media?parent=1017257"}],"wp:term":[{"taxonomy":"category","embeddable":true,"href":"https:\/\/darkamazi.info\/funavuv\/wp\/v2\/categories?post=1017257"},{"taxonomy":"post_tag","embeddable":true,"href":"https:\/\/darkamazi.info\/funavuv\/wp\/v2\/tags?post=1017257"}],"curies":[{"name":"wp","href":"https:\/\/api.w.org\/{rel}","templated":true}]}}