{"id":1017344,"date":"2020-11-26T12:22:19","date_gmt":"2020-11-26T09:22:19","guid":{"rendered":"https:\/\/darkamazi.info\/?p=1017344"},"modified":"2020-11-26T12:22:19","modified_gmt":"2020-11-26T09:22:19","slug":"19-endamen-pkk-e-hatin-desteser-kirin","status":"publish","type":"post","link":"https:\/\/darkamazi.info\/archives\/1017344","title":{"rendered":"19 endam\u00ean PKK \u00ea hatin desteser kirin"},"content":{"rendered":"<h3 style=\"text-align: justify\"><span style=\"font-family: 'arial black', sans-serif\">Li Stanbol\u00ea di operasyona li dij\u00ee endam\u00ean r\u00eaxistina PKK \u00ea de,\u00a0 19 kes hatin desteser kirin, yek j\u00ea pileya berpirs di nava r\u00eaxistin\u00ea de heye.<\/span><\/h3>\n<h3 style=\"text-align: justify\">Li gor agahiy\u00ean dest\u00ea me, \u00eero roja p\u00eanc\u015fem\u00ee 26\/11\/2020an, di \u00e7ar\u00e7\u00fbveya l\u00eapiris\u00eena ku serdozger\u00eeya komar\u00ea ya Stanbol\u00ea bir\u00eave dibe, der heq\u00ea 25 gumanbaran da ku kar \u00fb \u00e7alakiy\u00ean PKK \u00ea li baj\u00ear di me\u015f\u00eenin, biryara bin\u00e7avkirin\u00ea hat day\u00een.<\/h3>\n<h3 style=\"text-align: justify\">H\u00eaz\u00ean dij\u00ee teror\u00ea y\u00ean Stanbol\u00ea ji bo bin\u00e7avkirina gumanbaran, operasyon birin ser 28 navun\u00ee\u015fanan \u00fb 19 gumanbar hatin bin\u00e7avkirin, yek j\u00ea berpirse bi nav\u00ea &#8220;C.Y&#8221;.<\/h3>\n<h3 style=\"text-align: justify\">Di l\u00eager\u00een\u00ean li navun\u00ee\u015fanan de, hinek \u00e7ek \u00fb p\u00eaw\u00eestiy\u00ean din y\u00ean wan gumanbaran dest bi ser de hatin girtin.<\/h3>\n","protected":false},"excerpt":{"rendered":"<p>Li Stanbol\u00ea di operasyona li dij\u00ee endam\u00ean r\u00eaxistina PKK \u00ea de,\u00a0 19 kes hatin desteser kirin, yek j\u00ea pileya berpirs di nava r\u00eaxistin\u00ea de heye. Li gor agahiy\u00ean dest\u00ea me, \u00eero roja p\u00eanc\u015fem\u00ee 26\/11\/2020an, di \u00e7ar\u00e7\u00fbveya l\u00eapiris\u00eena ku serdozger\u00eeya komar\u00ea ya Stanbol\u00ea bir\u00eave dibe, der heq\u00ea 25 gumanbaran da ku kar \u00fb \u00e7alakiy\u00ean PKK \u00ea [&hellip;]<\/p>\n","protected":false},"author":2,"featured_media":1017346,"comment_status":"closed","ping_status":"closed","sticky":false,"template":"","format":"standard","meta":{"footnotes":""},"categories":[31],"tags":[37],"class_list":["post-1017344","post","type-post","status-publish","format-standard","has-post-thumbnail","hentry","category-rojhelata-navin","tag-sereke"],"blocksy_meta":[],"seo_head":"<!-- This site is optimized with the Yoast SEO plugin v27.5 - https:\/\/yoast.com\/product\/yoast-seo-wordpress\/ -->\n<title>19 endam\u00ean PKK \u00ea hatin desteser kirin - Darka Maz\u00ee<\/title>\n<meta name=\"robots\" content=\"index, follow, max-snippet:-1, max-image-preview:large, max-video-preview:-1\" \/>\n<link rel=\"canonical\" href=\"https:\/\/darkamazi.info\/archives\/1017344\" \/>\n<meta property=\"og:locale\" content=\"en_US\" \/>\n<meta property=\"og:type\" content=\"article\" \/>\n<meta property=\"og:title\" content=\"19 endam\u00ean PKK \u00ea hatin desteser kirin - Darka Maz\u00ee\" \/>\n<meta property=\"og:description\" content=\"Li Stanbol\u00ea di operasyona li dij\u00ee endam\u00ean r\u00eaxistina PKK \u00ea de,\u00a0 19 kes hatin desteser kirin, yek j\u00ea pileya berpirs di nava r\u00eaxistin\u00ea de heye. Li gor agahiy\u00ean dest\u00ea me, \u00eero roja p\u00eanc\u015fem\u00ee 26\/11\/2020an, di \u00e7ar\u00e7\u00fbveya l\u00eapiris\u00eena ku serdozger\u00eeya komar\u00ea ya Stanbol\u00ea bir\u00eave dibe, der heq\u00ea 25 gumanbaran da ku kar \u00fb \u00e7alakiy\u00ean PKK \u00ea [&hellip;]\" \/>\n<meta property=\"og:url\" content=\"https:\/\/darkamazi.info\/archives\/1017344\" \/>\n<meta property=\"og:site_name\" content=\"Darka Maz\u00ee\" \/>\n<meta property=\"article:publisher\" content=\"https:\/\/www.facebook.com\/DarMaziKurmanci\" \/>\n<meta property=\"article:published_time\" content=\"2020-11-26T09:22:19+00:00\" \/>\n<meta property=\"og:image\" content=\"https:\/\/darkamazi.info\/file\/2020\/11\/ISTANBUL-pkk-2.jpg\" \/>\n\t<meta property=\"og:image:width\" content=\"900\" \/>\n\t<meta property=\"og:image:height\" content=\"497\" \/>\n\t<meta property=\"og:image:type\" content=\"image\/jpeg\" \/>\n<meta name=\"author\" content=\"darka mazi\" \/>\n<meta name=\"twitter:card\" content=\"summary_large_image\" \/>\n<meta name=\"twitter:creator\" content=\"@DarkaMaziLatini\" \/>\n<meta name=\"twitter:site\" content=\"@DarkaMaziLatini\" \/>\n<meta name=\"twitter:label1\" content=\"Written by\" \/>\n\t<meta name=\"twitter:data1\" content=\"darka mazi\" \/>\n\t<meta name=\"twitter:label2\" content=\"Est. reading time\" \/>\n\t<meta name=\"twitter:data2\" content=\"1 minute\" \/>\n<script type=\"application\/ld+json\" class=\"seo-schema-graph\">{\"@context\":\"https:\\\/\\\/schema.org\",\"@graph\":[{\"@type\":\"Article\",\"@id\":\"https:\\\/\\\/darkamazi.info\\\/archives\\\/1017344#article\",\"isPartOf\":{\"@id\":\"https:\\\/\\\/darkamazi.info\\\/archives\\\/1017344\"},\"author\":{\"name\":\"darka mazi\",\"@id\":\"https:\\\/\\\/darkamazi.info\\\/#\\\/schema\\\/person\\\/5ad3e24553a0567993fa8ed4bd0a776c\"},\"headline\":\"19 endam\u00ean PKK \u00ea hatin desteser kirin\",\"datePublished\":\"2020-11-26T09:22:19+00:00\",\"mainEntityOfPage\":{\"@id\":\"https:\\\/\\\/darkamazi.info\\\/archives\\\/1017344\"},\"wordCount\":135,\"publisher\":{\"@id\":\"https:\\\/\\\/darkamazi.info\\\/#organization\"},\"image\":{\"@id\":\"https:\\\/\\\/darkamazi.info\\\/archives\\\/1017344#primaryimage\"},\"thumbnailUrl\":\"https:\\\/\\\/darkamazi.info\\\/darka-content\\\/uploads\\\/2020\\\/11\\\/ISTANBUL-pkk-2.jpg\",\"keywords\":[\"sereke\"],\"articleSection\":[\"Rojhelata nav\u00een\"],\"inLanguage\":\"en-US\"},{\"@type\":\"WebPage\",\"@id\":\"https:\\\/\\\/darkamazi.info\\\/archives\\\/1017344\",\"url\":\"https:\\\/\\\/darkamazi.info\\\/archives\\\/1017344\",\"name\":\"19 endam\u00ean PKK \u00ea hatin desteser kirin - Darka Maz\u00ee\",\"isPartOf\":{\"@id\":\"https:\\\/\\\/darkamazi.info\\\/#website\"},\"primaryImageOfPage\":{\"@id\":\"https:\\\/\\\/darkamazi.info\\\/archives\\\/1017344#primaryimage\"},\"image\":{\"@id\":\"https:\\\/\\\/darkamazi.info\\\/archives\\\/1017344#primaryimage\"},\"thumbnailUrl\":\"https:\\\/\\\/darkamazi.info\\\/darka-content\\\/uploads\\\/2020\\\/11\\\/ISTANBUL-pkk-2.jpg\",\"datePublished\":\"2020-11-26T09:22:19+00:00\",\"breadcrumb\":{\"@id\":\"https:\\\/\\\/darkamazi.info\\\/archives\\\/1017344#breadcrumb\"},\"inLanguage\":\"en-US\",\"potentialAction\":[{\"@type\":\"ReadAction\",\"target\":[\"https:\\\/\\\/darkamazi.info\\\/archives\\\/1017344\"]}]},{\"@type\":\"ImageObject\",\"inLanguage\":\"en-US\",\"@id\":\"https:\\\/\\\/darkamazi.info\\\/archives\\\/1017344#primaryimage\",\"url\":\"https:\\\/\\\/darkamazi.info\\\/darka-content\\\/uploads\\\/2020\\\/11\\\/ISTANBUL-pkk-2.jpg\",\"contentUrl\":\"https:\\\/\\\/darkamazi.info\\\/darka-content\\\/uploads\\\/2020\\\/11\\\/ISTANBUL-pkk-2.jpg\",\"width\":900,\"height\":497,\"caption\":\"19 endam\u00ean PKK\u00ea hatin desteser kirin\"},{\"@type\":\"BreadcrumbList\",\"@id\":\"https:\\\/\\\/darkamazi.info\\\/archives\\\/1017344#breadcrumb\",\"itemListElement\":[{\"@type\":\"ListItem\",\"position\":1,\"name\":\"Home\",\"item\":\"https:\\\/\\\/darkamazi.info\\\/\"},{\"@type\":\"ListItem\",\"position\":2,\"name\":\"19 endam\u00ean PKK \u00ea hatin desteser kirin\"}]},{\"@type\":\"WebSite\",\"@id\":\"https:\\\/\\\/darkamazi.info\\\/#website\",\"url\":\"https:\\\/\\\/darkamazi.info\\\/\",\"name\":\"Darka Maz\u00ee\",\"description\":\"P\u00eageha Zanyariy\u00ean Nebih\u00eest\u00ee\",\"publisher\":{\"@id\":\"https:\\\/\\\/darkamazi.info\\\/#organization\"},\"potentialAction\":[{\"@type\":\"SearchAction\",\"target\":{\"@type\":\"EntryPoint\",\"urlTemplate\":\"https:\\\/\\\/darkamazi.info\\\/?s={search_term_string}\"},\"query-input\":{\"@type\":\"PropertyValueSpecification\",\"valueRequired\":true,\"valueName\":\"search_term_string\"}}],\"inLanguage\":\"en-US\"},{\"@type\":\"Organization\",\"@id\":\"https:\\\/\\\/darkamazi.info\\\/#organization\",\"name\":\"Darka Maz\u00ee\",\"url\":\"https:\\\/\\\/darkamazi.info\\\/\",\"logo\":{\"@type\":\"ImageObject\",\"inLanguage\":\"en-US\",\"@id\":\"https:\\\/\\\/darkamazi.info\\\/#\\\/schema\\\/logo\\\/image\\\/\",\"url\":\"https:\\\/\\\/darkamazi.info\\\/darka-content\\\/uploads\\\/2017\\\/12\\\/darka-mazi-logo.png\",\"contentUrl\":\"https:\\\/\\\/darkamazi.info\\\/darka-content\\\/uploads\\\/2017\\\/12\\\/darka-mazi-logo.png\",\"width\":151,\"height\":75,\"caption\":\"Darka Maz\u00ee\"},\"image\":{\"@id\":\"https:\\\/\\\/darkamazi.info\\\/#\\\/schema\\\/logo\\\/image\\\/\"},\"sameAs\":[\"https:\\\/\\\/www.facebook.com\\\/DarMaziKurmanci\",\"https:\\\/\\\/x.com\\\/DarkaMaziLatini\",\"https:\\\/\\\/www.instagram.com\\\/darkamazi.kurmanci\\\/\",\"https:\\\/\\\/www.youtube.com\\\/channel\\\/UCa5HkTdmI8U1qCUFuTw8B2g\"]},{\"@type\":\"Person\",\"@id\":\"https:\\\/\\\/darkamazi.info\\\/#\\\/schema\\\/person\\\/5ad3e24553a0567993fa8ed4bd0a776c\",\"name\":\"darka mazi\",\"sameAs\":[\"https:\\\/\\\/darkamazi.info\\\/\"],\"url\":\"https:\\\/\\\/darkamazi.info\\\/archives\\\/author\\\/kurdi\"}]}<\/script>\n<!-- \/ Yoast SEO plugin. -->","seo_head_json":{"title":"19 endam\u00ean PKK \u00ea hatin desteser kirin - Darka Maz\u00ee","robots":{"index":"index","follow":"follow","max-snippet":"max-snippet:-1","max-image-preview":"max-image-preview:large","max-video-preview":"max-video-preview:-1"},"canonical":"https:\/\/darkamazi.info\/archives\/1017344","og_locale":"en_US","og_type":"article","og_title":"19 endam\u00ean PKK \u00ea hatin desteser kirin - Darka Maz\u00ee","og_description":"Li Stanbol\u00ea di operasyona li dij\u00ee endam\u00ean r\u00eaxistina PKK \u00ea de,\u00a0 19 kes hatin desteser kirin, yek j\u00ea pileya berpirs di nava r\u00eaxistin\u00ea de heye. Li gor agahiy\u00ean dest\u00ea me, \u00eero roja p\u00eanc\u015fem\u00ee 26\/11\/2020an, di \u00e7ar\u00e7\u00fbveya l\u00eapiris\u00eena ku serdozger\u00eeya komar\u00ea ya Stanbol\u00ea bir\u00eave dibe, der heq\u00ea 25 gumanbaran da ku kar \u00fb \u00e7alakiy\u00ean PKK \u00ea [&hellip;]","og_url":"https:\/\/darkamazi.info\/archives\/1017344","og_site_name":"Darka Maz\u00ee","article_publisher":"https:\/\/www.facebook.com\/DarMaziKurmanci","article_published_time":"2020-11-26T09:22:19+00:00","og_image":[{"width":900,"height":497,"url":"https:\/\/darkamazi.info\/file\/2020\/11\/ISTANBUL-pkk-2.jpg","type":"image\/jpeg"}],"author":"darka mazi","twitter_card":"summary_large_image","twitter_creator":"@DarkaMaziLatini","twitter_site":"@DarkaMaziLatini","twitter_misc":{"Written by":"darka mazi","Est. reading time":"1 minute"},"schema":{"@context":"https:\/\/schema.org","@graph":[{"@type":"Article","@id":"https:\/\/darkamazi.info\/archives\/1017344#article","isPartOf":{"@id":"https:\/\/darkamazi.info\/archives\/1017344"},"author":{"name":"darka mazi","@id":"https:\/\/darkamazi.info\/#\/schema\/person\/5ad3e24553a0567993fa8ed4bd0a776c"},"headline":"19 endam\u00ean PKK \u00ea hatin desteser kirin","datePublished":"2020-11-26T09:22:19+00:00","mainEntityOfPage":{"@id":"https:\/\/darkamazi.info\/archives\/1017344"},"wordCount":135,"publisher":{"@id":"https:\/\/darkamazi.info\/#organization"},"image":{"@id":"https:\/\/darkamazi.info\/archives\/1017344#primaryimage"},"thumbnailUrl":"https:\/\/darkamazi.info\/file\/2020\/11\/ISTANBUL-pkk-2.jpg","keywords":["sereke"],"articleSection":["Rojhelata nav\u00een"],"inLanguage":"en-US"},{"@type":"WebPage","@id":"https:\/\/darkamazi.info\/archives\/1017344","url":"https:\/\/darkamazi.info\/archives\/1017344","name":"19 endam\u00ean PKK \u00ea hatin desteser kirin - Darka Maz\u00ee","isPartOf":{"@id":"https:\/\/darkamazi.info\/#website"},"primaryImageOfPage":{"@id":"https:\/\/darkamazi.info\/archives\/1017344#primaryimage"},"image":{"@id":"https:\/\/darkamazi.info\/archives\/1017344#primaryimage"},"thumbnailUrl":"https:\/\/darkamazi.info\/file\/2020\/11\/ISTANBUL-pkk-2.jpg","datePublished":"2020-11-26T09:22:19+00:00","breadcrumb":{"@id":"https:\/\/darkamazi.info\/archives\/1017344#breadcrumb"},"inLanguage":"en-US","potentialAction":[{"@type":"ReadAction","target":["https:\/\/darkamazi.info\/archives\/1017344"]}]},{"@type":"ImageObject","inLanguage":"en-US","@id":"https:\/\/darkamazi.info\/archives\/1017344#primaryimage","url":"https:\/\/darkamazi.info\/file\/2020\/11\/ISTANBUL-pkk-2.jpg","contentUrl":"https:\/\/darkamazi.info\/file\/2020\/11\/ISTANBUL-pkk-2.jpg","width":900,"height":497,"caption":"19 endam\u00ean PKK\u00ea hatin desteser kirin"},{"@type":"BreadcrumbList","@id":"https:\/\/darkamazi.info\/archives\/1017344#breadcrumb","itemListElement":[{"@type":"ListItem","position":1,"name":"Home","item":"https:\/\/darkamazi.info\/"},{"@type":"ListItem","position":2,"name":"19 endam\u00ean PKK \u00ea hatin desteser kirin"}]},{"@type":"WebSite","@id":"https:\/\/darkamazi.info\/#website","url":"https:\/\/darkamazi.info\/","name":"Darka Maz\u00ee","description":"P\u00eageha Zanyariy\u00ean Nebih\u00eest\u00ee","publisher":{"@id":"https:\/\/darkamazi.info\/#organization"},"potentialAction":[{"@type":"SearchAction","target":{"@type":"EntryPoint","urlTemplate":"https:\/\/darkamazi.info\/?s={search_term_string}"},"query-input":{"@type":"PropertyValueSpecification","valueRequired":true,"valueName":"search_term_string"}}],"inLanguage":"en-US"},{"@type":"Organization","@id":"https:\/\/darkamazi.info\/#organization","name":"Darka Maz\u00ee","url":"https:\/\/darkamazi.info\/","logo":{"@type":"ImageObject","inLanguage":"en-US","@id":"https:\/\/darkamazi.info\/#\/schema\/logo\/image\/","url":"https:\/\/darkamazi.info\/file\/2017\/12\/darka-mazi-logo.png","contentUrl":"https:\/\/darkamazi.info\/file\/2017\/12\/darka-mazi-logo.png","width":151,"height":75,"caption":"Darka Maz\u00ee"},"image":{"@id":"https:\/\/darkamazi.info\/#\/schema\/logo\/image\/"},"sameAs":["https:\/\/www.facebook.com\/DarMaziKurmanci","https:\/\/x.com\/DarkaMaziLatini","https:\/\/www.instagram.com\/darkamazi.kurmanci\/","https:\/\/www.youtube.com\/channel\/UCa5HkTdmI8U1qCUFuTw8B2g"]},{"@type":"Person","@id":"https:\/\/darkamazi.info\/#\/schema\/person\/5ad3e24553a0567993fa8ed4bd0a776c","name":"darka mazi","sameAs":["https:\/\/darkamazi.info\/"],"url":"https:\/\/darkamazi.info\/archives\/author\/kurdi"}]}},"_links":{"self":[{"href":"https:\/\/darkamazi.info\/funavuv\/wp\/v2\/posts\/1017344","targetHints":{"allow":["GET"]}}],"collection":[{"href":"https:\/\/darkamazi.info\/funavuv\/wp\/v2\/posts"}],"about":[{"href":"https:\/\/darkamazi.info\/funavuv\/wp\/v2\/types\/post"}],"author":[{"embeddable":true,"href":"https:\/\/darkamazi.info\/funavuv\/wp\/v2\/users\/2"}],"replies":[{"embeddable":true,"href":"https:\/\/darkamazi.info\/funavuv\/wp\/v2\/comments?post=1017344"}],"version-history":[{"count":0,"href":"https:\/\/darkamazi.info\/funavuv\/wp\/v2\/posts\/1017344\/revisions"}],"wp:featuredmedia":[{"embeddable":true,"href":"https:\/\/darkamazi.info\/funavuv\/wp\/v2\/media\/1017346"}],"wp:attachment":[{"href":"https:\/\/darkamazi.info\/funavuv\/wp\/v2\/media?parent=1017344"}],"wp:term":[{"taxonomy":"category","embeddable":true,"href":"https:\/\/darkamazi.info\/funavuv\/wp\/v2\/categories?post=1017344"},{"taxonomy":"post_tag","embeddable":true,"href":"https:\/\/darkamazi.info\/funavuv\/wp\/v2\/tags?post=1017344"}],"curies":[{"name":"wp","href":"https:\/\/api.w.org\/{rel}","templated":true}]}}