{"id":1017373,"date":"2020-11-28T12:43:34","date_gmt":"2020-11-28T09:43:34","guid":{"rendered":"https:\/\/darkamazi.info\/?p=1017373"},"modified":"2020-11-28T12:43:34","modified_gmt":"2020-11-28T09:43:34","slug":"tirkye-bajaroke-eyn-isaye-topbaran-kir","status":"publish","type":"post","link":"https:\/\/darkamazi.info\/archives\/1017373","title":{"rendered":"Tirky\u00ea bajarok\u00ea Eyn \u00cesay\u00ea topbaran kir"},"content":{"rendered":"<h3 style=\"text-align: justify\"><span style=\"font-family: 'arial black', sans-serif\">Arte\u015fa Tirkiy\u00ea \u00eero ser\u00ea sib\u00ea careke din bajarok\u00ea Eyn \u00cesay\u00ea topbaran kir \u00fb zirar\u00ean can\u00ee li pey \u00ear\u00ee\u015f\u00ea hatin.<\/span><\/h3>\n<h3 style=\"text-align: justify\">Ner\u00eengeha S\u00fbr\u00ee a maf\u00ean mirovan e\u015fkere kir, \u00eero roja \u015fem\u00ee 28\/11\/2020an, arte\u015fa Tirkiy\u00ea bi \u00e7ek\u00ea giran bajarok\u00ea Eyn \u00cesay\u00ea topbaran kir, gulle top bi mal\u00ean \u015f\u00ean\u00eeyan ketine, \u00fb bir\u00eendar li pey \u00ear\u00ee\u015f\u00ea hatine.<\/h3>\n<h3 style=\"text-align: justify\">Dest n\u00ee\u015fan kir, tev\u00ee ku hejmareka xan\u00eeyan zirar\u00ean mezin p\u00ea ketine, jinek \u00fb d\u00fb zaroy\u00ean w\u00ea bi giran\u00ee bir\u00eendar b\u00fbne.<\/h3>\n<h3 style=\"text-align: justify\">\u00car\u00ee\u015fa \u00eero ya ser bajarok\u00ea Eyn \u00cesay\u00ea, hem wexta \u00ear\u00ee\u015fa duh ya h\u00eaz\u00ean S\u00fbrya ya Demokrat\u00eek HSD \u00ea t\u00ea wexta ku nuqtey\u00ean kom\u00ean \u00e7ekdar\u00ean gir\u00eaday Tirkiy\u00ea li s\u00eenor\u00ea Eyn \u00cesay\u00ea top baran kir\u00een.<\/h3>\n","protected":false},"excerpt":{"rendered":"<p>Arte\u015fa Tirkiy\u00ea \u00eero ser\u00ea sib\u00ea careke din bajarok\u00ea Eyn \u00cesay\u00ea topbaran kir \u00fb zirar\u00ean can\u00ee li pey \u00ear\u00ee\u015f\u00ea hatin. Ner\u00eengeha S\u00fbr\u00ee a maf\u00ean mirovan e\u015fkere kir, \u00eero roja \u015fem\u00ee 28\/11\/2020an, arte\u015fa Tirkiy\u00ea bi \u00e7ek\u00ea giran bajarok\u00ea Eyn \u00cesay\u00ea topbaran kir, gulle top bi mal\u00ean \u015f\u00ean\u00eeyan ketine, \u00fb bir\u00eendar li pey \u00ear\u00ee\u015f\u00ea hatine. Dest n\u00ee\u015fan kir, [&hellip;]<\/p>\n","protected":false},"author":2,"featured_media":1017375,"comment_status":"closed","ping_status":"closed","sticky":false,"template":"","format":"standard","meta":{"footnotes":""},"categories":[29],"tags":[37],"class_list":["post-1017373","post","type-post","status-publish","format-standard","has-post-thumbnail","hentry","category-kurdistan","tag-sereke"],"blocksy_meta":[],"seo_head":"<!-- This site is optimized with the Yoast SEO plugin v27.5 - https:\/\/yoast.com\/product\/yoast-seo-wordpress\/ -->\n<title>Tirky\u00ea bajarok\u00ea Eyn \u00cesay\u00ea topbaran kir - Darka Maz\u00ee<\/title>\n<meta name=\"robots\" content=\"index, follow, max-snippet:-1, max-image-preview:large, max-video-preview:-1\" \/>\n<link rel=\"canonical\" href=\"https:\/\/darkamazi.info\/archives\/1017373\" \/>\n<meta property=\"og:locale\" content=\"en_US\" \/>\n<meta property=\"og:type\" content=\"article\" \/>\n<meta property=\"og:title\" content=\"Tirky\u00ea bajarok\u00ea Eyn \u00cesay\u00ea topbaran kir - Darka Maz\u00ee\" \/>\n<meta property=\"og:description\" content=\"Arte\u015fa Tirkiy\u00ea \u00eero ser\u00ea sib\u00ea careke din bajarok\u00ea Eyn \u00cesay\u00ea topbaran kir \u00fb zirar\u00ean can\u00ee li pey \u00ear\u00ee\u015f\u00ea hatin. Ner\u00eengeha S\u00fbr\u00ee a maf\u00ean mirovan e\u015fkere kir, \u00eero roja \u015fem\u00ee 28\/11\/2020an, arte\u015fa Tirkiy\u00ea bi \u00e7ek\u00ea giran bajarok\u00ea Eyn \u00cesay\u00ea topbaran kir, gulle top bi mal\u00ean \u015f\u00ean\u00eeyan ketine, \u00fb bir\u00eendar li pey \u00ear\u00ee\u015f\u00ea hatine. Dest n\u00ee\u015fan kir, [&hellip;]\" \/>\n<meta property=\"og:url\" content=\"https:\/\/darkamazi.info\/archives\/1017373\" \/>\n<meta property=\"og:site_name\" content=\"Darka Maz\u00ee\" \/>\n<meta property=\"article:publisher\" content=\"https:\/\/www.facebook.com\/DarMaziKurmanci\" \/>\n<meta property=\"article:published_time\" content=\"2020-11-28T09:43:34+00:00\" \/>\n<meta property=\"og:image\" content=\"https:\/\/darkamazi.info\/file\/2020\/11\/Eyn-Isa-turk-hsd-qsd-2.jpg\" \/>\n\t<meta property=\"og:image:width\" content=\"900\" \/>\n\t<meta property=\"og:image:height\" content=\"497\" \/>\n\t<meta property=\"og:image:type\" content=\"image\/jpeg\" \/>\n<meta name=\"author\" content=\"darka mazi\" \/>\n<meta name=\"twitter:card\" content=\"summary_large_image\" \/>\n<meta name=\"twitter:creator\" content=\"@DarkaMaziLatini\" \/>\n<meta name=\"twitter:site\" content=\"@DarkaMaziLatini\" \/>\n<meta name=\"twitter:label1\" content=\"Written by\" \/>\n\t<meta name=\"twitter:data1\" content=\"darka mazi\" \/>\n\t<meta name=\"twitter:label2\" content=\"Est. reading time\" \/>\n\t<meta name=\"twitter:data2\" content=\"1 minute\" \/>\n<script type=\"application\/ld+json\" class=\"seo-schema-graph\">{\"@context\":\"https:\\\/\\\/schema.org\",\"@graph\":[{\"@type\":\"Article\",\"@id\":\"https:\\\/\\\/darkamazi.info\\\/archives\\\/1017373#article\",\"isPartOf\":{\"@id\":\"https:\\\/\\\/darkamazi.info\\\/archives\\\/1017373\"},\"author\":{\"name\":\"darka mazi\",\"@id\":\"https:\\\/\\\/darkamazi.info\\\/#\\\/schema\\\/person\\\/5ad3e24553a0567993fa8ed4bd0a776c\"},\"headline\":\"Tirky\u00ea bajarok\u00ea Eyn \u00cesay\u00ea topbaran kir\",\"datePublished\":\"2020-11-28T09:43:34+00:00\",\"mainEntityOfPage\":{\"@id\":\"https:\\\/\\\/darkamazi.info\\\/archives\\\/1017373\"},\"wordCount\":135,\"publisher\":{\"@id\":\"https:\\\/\\\/darkamazi.info\\\/#organization\"},\"image\":{\"@id\":\"https:\\\/\\\/darkamazi.info\\\/archives\\\/1017373#primaryimage\"},\"thumbnailUrl\":\"https:\\\/\\\/darkamazi.info\\\/darka-content\\\/uploads\\\/2020\\\/11\\\/Eyn-Isa-turk-hsd-qsd-2.jpg\",\"keywords\":[\"sereke\"],\"articleSection\":[\"Kurdistan\"],\"inLanguage\":\"en-US\"},{\"@type\":\"WebPage\",\"@id\":\"https:\\\/\\\/darkamazi.info\\\/archives\\\/1017373\",\"url\":\"https:\\\/\\\/darkamazi.info\\\/archives\\\/1017373\",\"name\":\"Tirky\u00ea bajarok\u00ea Eyn \u00cesay\u00ea topbaran kir - Darka Maz\u00ee\",\"isPartOf\":{\"@id\":\"https:\\\/\\\/darkamazi.info\\\/#website\"},\"primaryImageOfPage\":{\"@id\":\"https:\\\/\\\/darkamazi.info\\\/archives\\\/1017373#primaryimage\"},\"image\":{\"@id\":\"https:\\\/\\\/darkamazi.info\\\/archives\\\/1017373#primaryimage\"},\"thumbnailUrl\":\"https:\\\/\\\/darkamazi.info\\\/darka-content\\\/uploads\\\/2020\\\/11\\\/Eyn-Isa-turk-hsd-qsd-2.jpg\",\"datePublished\":\"2020-11-28T09:43:34+00:00\",\"breadcrumb\":{\"@id\":\"https:\\\/\\\/darkamazi.info\\\/archives\\\/1017373#breadcrumb\"},\"inLanguage\":\"en-US\",\"potentialAction\":[{\"@type\":\"ReadAction\",\"target\":[\"https:\\\/\\\/darkamazi.info\\\/archives\\\/1017373\"]}]},{\"@type\":\"ImageObject\",\"inLanguage\":\"en-US\",\"@id\":\"https:\\\/\\\/darkamazi.info\\\/archives\\\/1017373#primaryimage\",\"url\":\"https:\\\/\\\/darkamazi.info\\\/darka-content\\\/uploads\\\/2020\\\/11\\\/Eyn-Isa-turk-hsd-qsd-2.jpg\",\"contentUrl\":\"https:\\\/\\\/darkamazi.info\\\/darka-content\\\/uploads\\\/2020\\\/11\\\/Eyn-Isa-turk-hsd-qsd-2.jpg\",\"width\":900,\"height\":497,\"caption\":\"Tirky\u00ea bajarok\u00ea Eyn \u00cesay\u00ea topbaran kir\"},{\"@type\":\"BreadcrumbList\",\"@id\":\"https:\\\/\\\/darkamazi.info\\\/archives\\\/1017373#breadcrumb\",\"itemListElement\":[{\"@type\":\"ListItem\",\"position\":1,\"name\":\"Home\",\"item\":\"https:\\\/\\\/darkamazi.info\\\/\"},{\"@type\":\"ListItem\",\"position\":2,\"name\":\"Tirky\u00ea bajarok\u00ea Eyn \u00cesay\u00ea topbaran kir\"}]},{\"@type\":\"WebSite\",\"@id\":\"https:\\\/\\\/darkamazi.info\\\/#website\",\"url\":\"https:\\\/\\\/darkamazi.info\\\/\",\"name\":\"Darka Maz\u00ee\",\"description\":\"P\u00eageha Zanyariy\u00ean Nebih\u00eest\u00ee\",\"publisher\":{\"@id\":\"https:\\\/\\\/darkamazi.info\\\/#organization\"},\"potentialAction\":[{\"@type\":\"SearchAction\",\"target\":{\"@type\":\"EntryPoint\",\"urlTemplate\":\"https:\\\/\\\/darkamazi.info\\\/?s={search_term_string}\"},\"query-input\":{\"@type\":\"PropertyValueSpecification\",\"valueRequired\":true,\"valueName\":\"search_term_string\"}}],\"inLanguage\":\"en-US\"},{\"@type\":\"Organization\",\"@id\":\"https:\\\/\\\/darkamazi.info\\\/#organization\",\"name\":\"Darka Maz\u00ee\",\"url\":\"https:\\\/\\\/darkamazi.info\\\/\",\"logo\":{\"@type\":\"ImageObject\",\"inLanguage\":\"en-US\",\"@id\":\"https:\\\/\\\/darkamazi.info\\\/#\\\/schema\\\/logo\\\/image\\\/\",\"url\":\"https:\\\/\\\/darkamazi.info\\\/darka-content\\\/uploads\\\/2017\\\/12\\\/darka-mazi-logo.png\",\"contentUrl\":\"https:\\\/\\\/darkamazi.info\\\/darka-content\\\/uploads\\\/2017\\\/12\\\/darka-mazi-logo.png\",\"width\":151,\"height\":75,\"caption\":\"Darka Maz\u00ee\"},\"image\":{\"@id\":\"https:\\\/\\\/darkamazi.info\\\/#\\\/schema\\\/logo\\\/image\\\/\"},\"sameAs\":[\"https:\\\/\\\/www.facebook.com\\\/DarMaziKurmanci\",\"https:\\\/\\\/x.com\\\/DarkaMaziLatini\",\"https:\\\/\\\/www.instagram.com\\\/darkamazi.kurmanci\\\/\",\"https:\\\/\\\/www.youtube.com\\\/channel\\\/UCa5HkTdmI8U1qCUFuTw8B2g\"]},{\"@type\":\"Person\",\"@id\":\"https:\\\/\\\/darkamazi.info\\\/#\\\/schema\\\/person\\\/5ad3e24553a0567993fa8ed4bd0a776c\",\"name\":\"darka mazi\",\"sameAs\":[\"https:\\\/\\\/darkamazi.info\\\/\"],\"url\":\"https:\\\/\\\/darkamazi.info\\\/archives\\\/author\\\/kurdi\"}]}<\/script>\n<!-- \/ Yoast SEO plugin. -->","seo_head_json":{"title":"Tirky\u00ea bajarok\u00ea Eyn \u00cesay\u00ea topbaran kir - Darka Maz\u00ee","robots":{"index":"index","follow":"follow","max-snippet":"max-snippet:-1","max-image-preview":"max-image-preview:large","max-video-preview":"max-video-preview:-1"},"canonical":"https:\/\/darkamazi.info\/archives\/1017373","og_locale":"en_US","og_type":"article","og_title":"Tirky\u00ea bajarok\u00ea Eyn \u00cesay\u00ea topbaran kir - Darka Maz\u00ee","og_description":"Arte\u015fa Tirkiy\u00ea \u00eero ser\u00ea sib\u00ea careke din bajarok\u00ea Eyn \u00cesay\u00ea topbaran kir \u00fb zirar\u00ean can\u00ee li pey \u00ear\u00ee\u015f\u00ea hatin. Ner\u00eengeha S\u00fbr\u00ee a maf\u00ean mirovan e\u015fkere kir, \u00eero roja \u015fem\u00ee 28\/11\/2020an, arte\u015fa Tirkiy\u00ea bi \u00e7ek\u00ea giran bajarok\u00ea Eyn \u00cesay\u00ea topbaran kir, gulle top bi mal\u00ean \u015f\u00ean\u00eeyan ketine, \u00fb bir\u00eendar li pey \u00ear\u00ee\u015f\u00ea hatine. Dest n\u00ee\u015fan kir, [&hellip;]","og_url":"https:\/\/darkamazi.info\/archives\/1017373","og_site_name":"Darka Maz\u00ee","article_publisher":"https:\/\/www.facebook.com\/DarMaziKurmanci","article_published_time":"2020-11-28T09:43:34+00:00","og_image":[{"width":900,"height":497,"url":"https:\/\/darkamazi.info\/file\/2020\/11\/Eyn-Isa-turk-hsd-qsd-2.jpg","type":"image\/jpeg"}],"author":"darka mazi","twitter_card":"summary_large_image","twitter_creator":"@DarkaMaziLatini","twitter_site":"@DarkaMaziLatini","twitter_misc":{"Written by":"darka mazi","Est. reading time":"1 minute"},"schema":{"@context":"https:\/\/schema.org","@graph":[{"@type":"Article","@id":"https:\/\/darkamazi.info\/archives\/1017373#article","isPartOf":{"@id":"https:\/\/darkamazi.info\/archives\/1017373"},"author":{"name":"darka mazi","@id":"https:\/\/darkamazi.info\/#\/schema\/person\/5ad3e24553a0567993fa8ed4bd0a776c"},"headline":"Tirky\u00ea bajarok\u00ea Eyn \u00cesay\u00ea topbaran kir","datePublished":"2020-11-28T09:43:34+00:00","mainEntityOfPage":{"@id":"https:\/\/darkamazi.info\/archives\/1017373"},"wordCount":135,"publisher":{"@id":"https:\/\/darkamazi.info\/#organization"},"image":{"@id":"https:\/\/darkamazi.info\/archives\/1017373#primaryimage"},"thumbnailUrl":"https:\/\/darkamazi.info\/file\/2020\/11\/Eyn-Isa-turk-hsd-qsd-2.jpg","keywords":["sereke"],"articleSection":["Kurdistan"],"inLanguage":"en-US"},{"@type":"WebPage","@id":"https:\/\/darkamazi.info\/archives\/1017373","url":"https:\/\/darkamazi.info\/archives\/1017373","name":"Tirky\u00ea bajarok\u00ea Eyn \u00cesay\u00ea topbaran kir - Darka Maz\u00ee","isPartOf":{"@id":"https:\/\/darkamazi.info\/#website"},"primaryImageOfPage":{"@id":"https:\/\/darkamazi.info\/archives\/1017373#primaryimage"},"image":{"@id":"https:\/\/darkamazi.info\/archives\/1017373#primaryimage"},"thumbnailUrl":"https:\/\/darkamazi.info\/file\/2020\/11\/Eyn-Isa-turk-hsd-qsd-2.jpg","datePublished":"2020-11-28T09:43:34+00:00","breadcrumb":{"@id":"https:\/\/darkamazi.info\/archives\/1017373#breadcrumb"},"inLanguage":"en-US","potentialAction":[{"@type":"ReadAction","target":["https:\/\/darkamazi.info\/archives\/1017373"]}]},{"@type":"ImageObject","inLanguage":"en-US","@id":"https:\/\/darkamazi.info\/archives\/1017373#primaryimage","url":"https:\/\/darkamazi.info\/file\/2020\/11\/Eyn-Isa-turk-hsd-qsd-2.jpg","contentUrl":"https:\/\/darkamazi.info\/file\/2020\/11\/Eyn-Isa-turk-hsd-qsd-2.jpg","width":900,"height":497,"caption":"Tirky\u00ea bajarok\u00ea Eyn \u00cesay\u00ea topbaran kir"},{"@type":"BreadcrumbList","@id":"https:\/\/darkamazi.info\/archives\/1017373#breadcrumb","itemListElement":[{"@type":"ListItem","position":1,"name":"Home","item":"https:\/\/darkamazi.info\/"},{"@type":"ListItem","position":2,"name":"Tirky\u00ea bajarok\u00ea Eyn \u00cesay\u00ea topbaran kir"}]},{"@type":"WebSite","@id":"https:\/\/darkamazi.info\/#website","url":"https:\/\/darkamazi.info\/","name":"Darka Maz\u00ee","description":"P\u00eageha Zanyariy\u00ean Nebih\u00eest\u00ee","publisher":{"@id":"https:\/\/darkamazi.info\/#organization"},"potentialAction":[{"@type":"SearchAction","target":{"@type":"EntryPoint","urlTemplate":"https:\/\/darkamazi.info\/?s={search_term_string}"},"query-input":{"@type":"PropertyValueSpecification","valueRequired":true,"valueName":"search_term_string"}}],"inLanguage":"en-US"},{"@type":"Organization","@id":"https:\/\/darkamazi.info\/#organization","name":"Darka Maz\u00ee","url":"https:\/\/darkamazi.info\/","logo":{"@type":"ImageObject","inLanguage":"en-US","@id":"https:\/\/darkamazi.info\/#\/schema\/logo\/image\/","url":"https:\/\/darkamazi.info\/file\/2017\/12\/darka-mazi-logo.png","contentUrl":"https:\/\/darkamazi.info\/file\/2017\/12\/darka-mazi-logo.png","width":151,"height":75,"caption":"Darka Maz\u00ee"},"image":{"@id":"https:\/\/darkamazi.info\/#\/schema\/logo\/image\/"},"sameAs":["https:\/\/www.facebook.com\/DarMaziKurmanci","https:\/\/x.com\/DarkaMaziLatini","https:\/\/www.instagram.com\/darkamazi.kurmanci\/","https:\/\/www.youtube.com\/channel\/UCa5HkTdmI8U1qCUFuTw8B2g"]},{"@type":"Person","@id":"https:\/\/darkamazi.info\/#\/schema\/person\/5ad3e24553a0567993fa8ed4bd0a776c","name":"darka mazi","sameAs":["https:\/\/darkamazi.info\/"],"url":"https:\/\/darkamazi.info\/archives\/author\/kurdi"}]}},"_links":{"self":[{"href":"https:\/\/darkamazi.info\/funavuv\/wp\/v2\/posts\/1017373","targetHints":{"allow":["GET"]}}],"collection":[{"href":"https:\/\/darkamazi.info\/funavuv\/wp\/v2\/posts"}],"about":[{"href":"https:\/\/darkamazi.info\/funavuv\/wp\/v2\/types\/post"}],"author":[{"embeddable":true,"href":"https:\/\/darkamazi.info\/funavuv\/wp\/v2\/users\/2"}],"replies":[{"embeddable":true,"href":"https:\/\/darkamazi.info\/funavuv\/wp\/v2\/comments?post=1017373"}],"version-history":[{"count":0,"href":"https:\/\/darkamazi.info\/funavuv\/wp\/v2\/posts\/1017373\/revisions"}],"wp:featuredmedia":[{"embeddable":true,"href":"https:\/\/darkamazi.info\/funavuv\/wp\/v2\/media\/1017375"}],"wp:attachment":[{"href":"https:\/\/darkamazi.info\/funavuv\/wp\/v2\/media?parent=1017373"}],"wp:term":[{"taxonomy":"category","embeddable":true,"href":"https:\/\/darkamazi.info\/funavuv\/wp\/v2\/categories?post=1017373"},{"taxonomy":"post_tag","embeddable":true,"href":"https:\/\/darkamazi.info\/funavuv\/wp\/v2\/tags?post=1017373"}],"curies":[{"name":"wp","href":"https:\/\/api.w.org\/{rel}","templated":true}]}}