{"id":1017405,"date":"2020-11-29T13:33:11","date_gmt":"2020-11-29T10:33:11","guid":{"rendered":"https:\/\/darkamazi.info\/?p=1017405"},"modified":"2020-11-29T13:33:11","modified_gmt":"2020-11-29T10:33:11","slug":"demirtas-dibeje-ez-ne-endame-pkk-e-me","status":"publish","type":"post","link":"https:\/\/darkamazi.info\/archives\/1017405","title":{"rendered":"Dem\u00eerta\u015f dib\u00eaje ez ne endam\u00ea PKK \u00ea me"},"content":{"rendered":"<h3 style=\"text-align: justify\"><span style=\"font-family: 'arial black', sans-serif\">Hevserok\u00ea ber\u00ea y\u00ea HDP \u00ea Selahed\u00een Dem\u00eerta\u015f ragihand, eger Tirkiye dewleta Kurdan e j\u00ee, div\u00ea astengiy\u00ean li p\u00ea\u015fiya ziman\u00ea Kurd\u00ee b\u00ean rakirin. Dem\u00eerta\u015f got ku ew ne endam an j\u00ee r\u00eaveber\u00ea PKK&#8217;\u00ea ye.<\/span><\/h3>\n<h3 style=\"text-align: justify\">Selahed\u00een Dem\u00eerta\u015f li girt\u00eegeh\u00ea bersiva pirsyar\u00ean 45 kesayet\u00ee, rojnamevan \u00fb niv\u00eeskar\u00ean Kurd \u00fb Tirk da.<\/h3>\n<h3 style=\"text-align: justify\">Dem\u00eerta\u015f li ser pirsa civaknas\u00a0\u00cesma\u00eel Be\u015f\u00eek\u00e7\u00ee\u00a0ya di derbar\u00ea ziman\u00ea Kurd\u00ee de \u00fb pa\u015fguhxistina w\u00ea ji aliy\u00ea berpirs\u00ean Kurd\u00ee ve wiha got: &#8220;H\u00ea ji bo \u00e7areserkirina v\u00ea mijar\u00ea dem heye, div\u00ea ji bo parastin\u00ea, ziman b\u00ea bikaran\u00een, Eger Tirkiye dewleta Kurdan e j\u00ee, div\u00ea astengiy\u00ean li p\u00ea\u015fiya ziman\u00ea Kurd\u00ee b\u00ean rakirin \u00fb bibe al\u00eekar.<\/h3>\n<h3 style=\"text-align: justify\">Dem\u00eerta\u015f li ser tometbarkirina w\u00ee bi endamtiya PKK \u00ea j\u00ee axiv\u00ee \u00fb diyar kir ku ti p\u00eawendiya w\u00ee bi PKK \u00ea ve n\u00eene \u00fb wiha got: Eger ez endam an j\u00ee r\u00eaveber\u00ea PKK \u00ea b\u00fbma, min ev yek ji dadgeh\u00ea venedi\u015fart, ti\u015ftek\u00ee min \u00ea b\u00ea ve\u015fartin n\u00eene.<\/h3>\n<h3 style=\"text-align: justify\">Dem\u00eerta\u015f tekez kir j\u00ee ku ji bil\u00ee HDP \u00ea, ew ne gir\u00eaday\u00ee ti part\u00ee \u00fb aliyek\u00ee dine.<\/h3>\n<h3 style=\"text-align: justify\">Hevserok\u00ea HDP \u00ea y\u00ea ber\u00ea Selahed\u00een Demirta\u015f ji 4\u00ea Mijdara 2016an ve bi \u00e7end\u00een tohmet\u00ean cuda li\u00a0Ed\u00eerney\u00ea\u00a0z\u00eendankir\u00ee ye.<\/h3>\n","protected":false},"excerpt":{"rendered":"<p>Hevserok\u00ea ber\u00ea y\u00ea HDP \u00ea Selahed\u00een Dem\u00eerta\u015f ragihand, eger Tirkiye dewleta Kurdan e j\u00ee, div\u00ea astengiy\u00ean li p\u00ea\u015fiya ziman\u00ea Kurd\u00ee b\u00ean rakirin. Dem\u00eerta\u015f got ku ew ne endam an j\u00ee r\u00eaveber\u00ea PKK&#8217;\u00ea ye. Selahed\u00een Dem\u00eerta\u015f li girt\u00eegeh\u00ea bersiva pirsyar\u00ean 45 kesayet\u00ee, rojnamevan \u00fb niv\u00eeskar\u00ean Kurd \u00fb Tirk da. Dem\u00eerta\u015f li ser pirsa civaknas\u00a0\u00cesma\u00eel Be\u015f\u00eek\u00e7\u00ee\u00a0ya di [&hellip;]<\/p>\n","protected":false},"author":2,"featured_media":1017407,"comment_status":"closed","ping_status":"closed","sticky":false,"template":"","format":"standard","meta":{"footnotes":""},"categories":[29],"tags":[37],"class_list":["post-1017405","post","type-post","status-publish","format-standard","has-post-thumbnail","hentry","category-kurdistan","tag-sereke"],"blocksy_meta":[],"seo_head":"<!-- This site is optimized with the Yoast SEO plugin v27.5 - https:\/\/yoast.com\/product\/yoast-seo-wordpress\/ -->\n<title>Dem\u00eerta\u015f dib\u00eaje ez ne endam\u00ea PKK \u00ea me - Darka Maz\u00ee<\/title>\n<meta name=\"robots\" content=\"index, follow, max-snippet:-1, max-image-preview:large, max-video-preview:-1\" \/>\n<link rel=\"canonical\" href=\"https:\/\/darkamazi.info\/archives\/1017405\" \/>\n<meta property=\"og:locale\" content=\"en_US\" \/>\n<meta property=\"og:type\" content=\"article\" \/>\n<meta property=\"og:title\" content=\"Dem\u00eerta\u015f dib\u00eaje ez ne endam\u00ea PKK \u00ea me - Darka Maz\u00ee\" \/>\n<meta property=\"og:description\" content=\"Hevserok\u00ea ber\u00ea y\u00ea HDP \u00ea Selahed\u00een Dem\u00eerta\u015f ragihand, eger Tirkiye dewleta Kurdan e j\u00ee, div\u00ea astengiy\u00ean li p\u00ea\u015fiya ziman\u00ea Kurd\u00ee b\u00ean rakirin. Dem\u00eerta\u015f got ku ew ne endam an j\u00ee r\u00eaveber\u00ea PKK&#8217;\u00ea ye. Selahed\u00een Dem\u00eerta\u015f li girt\u00eegeh\u00ea bersiva pirsyar\u00ean 45 kesayet\u00ee, rojnamevan \u00fb niv\u00eeskar\u00ean Kurd \u00fb Tirk da. Dem\u00eerta\u015f li ser pirsa civaknas\u00a0\u00cesma\u00eel Be\u015f\u00eek\u00e7\u00ee\u00a0ya di [&hellip;]\" \/>\n<meta property=\"og:url\" content=\"https:\/\/darkamazi.info\/archives\/1017405\" \/>\n<meta property=\"og:site_name\" content=\"Darka Maz\u00ee\" \/>\n<meta property=\"article:publisher\" content=\"https:\/\/www.facebook.com\/DarMaziKurmanci\" \/>\n<meta property=\"article:published_time\" content=\"2020-11-29T10:33:11+00:00\" \/>\n<meta property=\"og:image\" content=\"https:\/\/darkamazi.info\/file\/2020\/11\/selahattin-demirtas-2.jpg\" \/>\n\t<meta property=\"og:image:width\" content=\"900\" \/>\n\t<meta property=\"og:image:height\" content=\"497\" \/>\n\t<meta property=\"og:image:type\" content=\"image\/jpeg\" \/>\n<meta name=\"author\" content=\"darka mazi\" \/>\n<meta name=\"twitter:card\" content=\"summary_large_image\" \/>\n<meta name=\"twitter:creator\" content=\"@DarkaMaziLatini\" \/>\n<meta name=\"twitter:site\" content=\"@DarkaMaziLatini\" \/>\n<meta name=\"twitter:label1\" content=\"Written by\" \/>\n\t<meta name=\"twitter:data1\" content=\"darka mazi\" \/>\n\t<meta name=\"twitter:label2\" content=\"Est. reading time\" \/>\n\t<meta name=\"twitter:data2\" content=\"1 minute\" \/>\n<script type=\"application\/ld+json\" class=\"seo-schema-graph\">{\"@context\":\"https:\\\/\\\/schema.org\",\"@graph\":[{\"@type\":\"Article\",\"@id\":\"https:\\\/\\\/darkamazi.info\\\/archives\\\/1017405#article\",\"isPartOf\":{\"@id\":\"https:\\\/\\\/darkamazi.info\\\/archives\\\/1017405\"},\"author\":{\"name\":\"darka mazi\",\"@id\":\"https:\\\/\\\/darkamazi.info\\\/#\\\/schema\\\/person\\\/5ad3e24553a0567993fa8ed4bd0a776c\"},\"headline\":\"Dem\u00eerta\u015f dib\u00eaje ez ne endam\u00ea PKK \u00ea me\",\"datePublished\":\"2020-11-29T10:33:11+00:00\",\"mainEntityOfPage\":{\"@id\":\"https:\\\/\\\/darkamazi.info\\\/archives\\\/1017405\"},\"wordCount\":219,\"publisher\":{\"@id\":\"https:\\\/\\\/darkamazi.info\\\/#organization\"},\"image\":{\"@id\":\"https:\\\/\\\/darkamazi.info\\\/archives\\\/1017405#primaryimage\"},\"thumbnailUrl\":\"https:\\\/\\\/darkamazi.info\\\/darka-content\\\/uploads\\\/2020\\\/11\\\/selahattin-demirtas-2.jpg\",\"keywords\":[\"sereke\"],\"articleSection\":[\"Kurdistan\"],\"inLanguage\":\"en-US\"},{\"@type\":\"WebPage\",\"@id\":\"https:\\\/\\\/darkamazi.info\\\/archives\\\/1017405\",\"url\":\"https:\\\/\\\/darkamazi.info\\\/archives\\\/1017405\",\"name\":\"Dem\u00eerta\u015f dib\u00eaje ez ne endam\u00ea PKK \u00ea me - Darka Maz\u00ee\",\"isPartOf\":{\"@id\":\"https:\\\/\\\/darkamazi.info\\\/#website\"},\"primaryImageOfPage\":{\"@id\":\"https:\\\/\\\/darkamazi.info\\\/archives\\\/1017405#primaryimage\"},\"image\":{\"@id\":\"https:\\\/\\\/darkamazi.info\\\/archives\\\/1017405#primaryimage\"},\"thumbnailUrl\":\"https:\\\/\\\/darkamazi.info\\\/darka-content\\\/uploads\\\/2020\\\/11\\\/selahattin-demirtas-2.jpg\",\"datePublished\":\"2020-11-29T10:33:11+00:00\",\"breadcrumb\":{\"@id\":\"https:\\\/\\\/darkamazi.info\\\/archives\\\/1017405#breadcrumb\"},\"inLanguage\":\"en-US\",\"potentialAction\":[{\"@type\":\"ReadAction\",\"target\":[\"https:\\\/\\\/darkamazi.info\\\/archives\\\/1017405\"]}]},{\"@type\":\"ImageObject\",\"inLanguage\":\"en-US\",\"@id\":\"https:\\\/\\\/darkamazi.info\\\/archives\\\/1017405#primaryimage\",\"url\":\"https:\\\/\\\/darkamazi.info\\\/darka-content\\\/uploads\\\/2020\\\/11\\\/selahattin-demirtas-2.jpg\",\"contentUrl\":\"https:\\\/\\\/darkamazi.info\\\/darka-content\\\/uploads\\\/2020\\\/11\\\/selahattin-demirtas-2.jpg\",\"width\":900,\"height\":497,\"caption\":\"Dem\u00eerta\u015f dib\u00eaje ez ne endam\u00ea PKK \u00ea me\"},{\"@type\":\"BreadcrumbList\",\"@id\":\"https:\\\/\\\/darkamazi.info\\\/archives\\\/1017405#breadcrumb\",\"itemListElement\":[{\"@type\":\"ListItem\",\"position\":1,\"name\":\"Home\",\"item\":\"https:\\\/\\\/darkamazi.info\\\/\"},{\"@type\":\"ListItem\",\"position\":2,\"name\":\"Dem\u00eerta\u015f dib\u00eaje ez ne endam\u00ea PKK \u00ea me\"}]},{\"@type\":\"WebSite\",\"@id\":\"https:\\\/\\\/darkamazi.info\\\/#website\",\"url\":\"https:\\\/\\\/darkamazi.info\\\/\",\"name\":\"Darka Maz\u00ee\",\"description\":\"P\u00eageha Zanyariy\u00ean Nebih\u00eest\u00ee\",\"publisher\":{\"@id\":\"https:\\\/\\\/darkamazi.info\\\/#organization\"},\"potentialAction\":[{\"@type\":\"SearchAction\",\"target\":{\"@type\":\"EntryPoint\",\"urlTemplate\":\"https:\\\/\\\/darkamazi.info\\\/?s={search_term_string}\"},\"query-input\":{\"@type\":\"PropertyValueSpecification\",\"valueRequired\":true,\"valueName\":\"search_term_string\"}}],\"inLanguage\":\"en-US\"},{\"@type\":\"Organization\",\"@id\":\"https:\\\/\\\/darkamazi.info\\\/#organization\",\"name\":\"Darka Maz\u00ee\",\"url\":\"https:\\\/\\\/darkamazi.info\\\/\",\"logo\":{\"@type\":\"ImageObject\",\"inLanguage\":\"en-US\",\"@id\":\"https:\\\/\\\/darkamazi.info\\\/#\\\/schema\\\/logo\\\/image\\\/\",\"url\":\"https:\\\/\\\/darkamazi.info\\\/darka-content\\\/uploads\\\/2017\\\/12\\\/darka-mazi-logo.png\",\"contentUrl\":\"https:\\\/\\\/darkamazi.info\\\/darka-content\\\/uploads\\\/2017\\\/12\\\/darka-mazi-logo.png\",\"width\":151,\"height\":75,\"caption\":\"Darka Maz\u00ee\"},\"image\":{\"@id\":\"https:\\\/\\\/darkamazi.info\\\/#\\\/schema\\\/logo\\\/image\\\/\"},\"sameAs\":[\"https:\\\/\\\/www.facebook.com\\\/DarMaziKurmanci\",\"https:\\\/\\\/x.com\\\/DarkaMaziLatini\",\"https:\\\/\\\/www.instagram.com\\\/darkamazi.kurmanci\\\/\",\"https:\\\/\\\/www.youtube.com\\\/channel\\\/UCa5HkTdmI8U1qCUFuTw8B2g\"]},{\"@type\":\"Person\",\"@id\":\"https:\\\/\\\/darkamazi.info\\\/#\\\/schema\\\/person\\\/5ad3e24553a0567993fa8ed4bd0a776c\",\"name\":\"darka mazi\",\"sameAs\":[\"https:\\\/\\\/darkamazi.info\\\/\"],\"url\":\"https:\\\/\\\/darkamazi.info\\\/archives\\\/author\\\/kurdi\"}]}<\/script>\n<!-- \/ Yoast SEO plugin. -->","seo_head_json":{"title":"Dem\u00eerta\u015f dib\u00eaje ez ne endam\u00ea PKK \u00ea me - Darka Maz\u00ee","robots":{"index":"index","follow":"follow","max-snippet":"max-snippet:-1","max-image-preview":"max-image-preview:large","max-video-preview":"max-video-preview:-1"},"canonical":"https:\/\/darkamazi.info\/archives\/1017405","og_locale":"en_US","og_type":"article","og_title":"Dem\u00eerta\u015f dib\u00eaje ez ne endam\u00ea PKK \u00ea me - Darka Maz\u00ee","og_description":"Hevserok\u00ea ber\u00ea y\u00ea HDP \u00ea Selahed\u00een Dem\u00eerta\u015f ragihand, eger Tirkiye dewleta Kurdan e j\u00ee, div\u00ea astengiy\u00ean li p\u00ea\u015fiya ziman\u00ea Kurd\u00ee b\u00ean rakirin. Dem\u00eerta\u015f got ku ew ne endam an j\u00ee r\u00eaveber\u00ea PKK&#8217;\u00ea ye. Selahed\u00een Dem\u00eerta\u015f li girt\u00eegeh\u00ea bersiva pirsyar\u00ean 45 kesayet\u00ee, rojnamevan \u00fb niv\u00eeskar\u00ean Kurd \u00fb Tirk da. Dem\u00eerta\u015f li ser pirsa civaknas\u00a0\u00cesma\u00eel Be\u015f\u00eek\u00e7\u00ee\u00a0ya di [&hellip;]","og_url":"https:\/\/darkamazi.info\/archives\/1017405","og_site_name":"Darka Maz\u00ee","article_publisher":"https:\/\/www.facebook.com\/DarMaziKurmanci","article_published_time":"2020-11-29T10:33:11+00:00","og_image":[{"width":900,"height":497,"url":"https:\/\/darkamazi.info\/file\/2020\/11\/selahattin-demirtas-2.jpg","type":"image\/jpeg"}],"author":"darka mazi","twitter_card":"summary_large_image","twitter_creator":"@DarkaMaziLatini","twitter_site":"@DarkaMaziLatini","twitter_misc":{"Written by":"darka mazi","Est. reading time":"1 minute"},"schema":{"@context":"https:\/\/schema.org","@graph":[{"@type":"Article","@id":"https:\/\/darkamazi.info\/archives\/1017405#article","isPartOf":{"@id":"https:\/\/darkamazi.info\/archives\/1017405"},"author":{"name":"darka mazi","@id":"https:\/\/darkamazi.info\/#\/schema\/person\/5ad3e24553a0567993fa8ed4bd0a776c"},"headline":"Dem\u00eerta\u015f dib\u00eaje ez ne endam\u00ea PKK \u00ea me","datePublished":"2020-11-29T10:33:11+00:00","mainEntityOfPage":{"@id":"https:\/\/darkamazi.info\/archives\/1017405"},"wordCount":219,"publisher":{"@id":"https:\/\/darkamazi.info\/#organization"},"image":{"@id":"https:\/\/darkamazi.info\/archives\/1017405#primaryimage"},"thumbnailUrl":"https:\/\/darkamazi.info\/file\/2020\/11\/selahattin-demirtas-2.jpg","keywords":["sereke"],"articleSection":["Kurdistan"],"inLanguage":"en-US"},{"@type":"WebPage","@id":"https:\/\/darkamazi.info\/archives\/1017405","url":"https:\/\/darkamazi.info\/archives\/1017405","name":"Dem\u00eerta\u015f dib\u00eaje ez ne endam\u00ea PKK \u00ea me - Darka Maz\u00ee","isPartOf":{"@id":"https:\/\/darkamazi.info\/#website"},"primaryImageOfPage":{"@id":"https:\/\/darkamazi.info\/archives\/1017405#primaryimage"},"image":{"@id":"https:\/\/darkamazi.info\/archives\/1017405#primaryimage"},"thumbnailUrl":"https:\/\/darkamazi.info\/file\/2020\/11\/selahattin-demirtas-2.jpg","datePublished":"2020-11-29T10:33:11+00:00","breadcrumb":{"@id":"https:\/\/darkamazi.info\/archives\/1017405#breadcrumb"},"inLanguage":"en-US","potentialAction":[{"@type":"ReadAction","target":["https:\/\/darkamazi.info\/archives\/1017405"]}]},{"@type":"ImageObject","inLanguage":"en-US","@id":"https:\/\/darkamazi.info\/archives\/1017405#primaryimage","url":"https:\/\/darkamazi.info\/file\/2020\/11\/selahattin-demirtas-2.jpg","contentUrl":"https:\/\/darkamazi.info\/file\/2020\/11\/selahattin-demirtas-2.jpg","width":900,"height":497,"caption":"Dem\u00eerta\u015f dib\u00eaje ez ne endam\u00ea PKK \u00ea me"},{"@type":"BreadcrumbList","@id":"https:\/\/darkamazi.info\/archives\/1017405#breadcrumb","itemListElement":[{"@type":"ListItem","position":1,"name":"Home","item":"https:\/\/darkamazi.info\/"},{"@type":"ListItem","position":2,"name":"Dem\u00eerta\u015f dib\u00eaje ez ne endam\u00ea PKK \u00ea me"}]},{"@type":"WebSite","@id":"https:\/\/darkamazi.info\/#website","url":"https:\/\/darkamazi.info\/","name":"Darka Maz\u00ee","description":"P\u00eageha Zanyariy\u00ean Nebih\u00eest\u00ee","publisher":{"@id":"https:\/\/darkamazi.info\/#organization"},"potentialAction":[{"@type":"SearchAction","target":{"@type":"EntryPoint","urlTemplate":"https:\/\/darkamazi.info\/?s={search_term_string}"},"query-input":{"@type":"PropertyValueSpecification","valueRequired":true,"valueName":"search_term_string"}}],"inLanguage":"en-US"},{"@type":"Organization","@id":"https:\/\/darkamazi.info\/#organization","name":"Darka Maz\u00ee","url":"https:\/\/darkamazi.info\/","logo":{"@type":"ImageObject","inLanguage":"en-US","@id":"https:\/\/darkamazi.info\/#\/schema\/logo\/image\/","url":"https:\/\/darkamazi.info\/file\/2017\/12\/darka-mazi-logo.png","contentUrl":"https:\/\/darkamazi.info\/file\/2017\/12\/darka-mazi-logo.png","width":151,"height":75,"caption":"Darka Maz\u00ee"},"image":{"@id":"https:\/\/darkamazi.info\/#\/schema\/logo\/image\/"},"sameAs":["https:\/\/www.facebook.com\/DarMaziKurmanci","https:\/\/x.com\/DarkaMaziLatini","https:\/\/www.instagram.com\/darkamazi.kurmanci\/","https:\/\/www.youtube.com\/channel\/UCa5HkTdmI8U1qCUFuTw8B2g"]},{"@type":"Person","@id":"https:\/\/darkamazi.info\/#\/schema\/person\/5ad3e24553a0567993fa8ed4bd0a776c","name":"darka mazi","sameAs":["https:\/\/darkamazi.info\/"],"url":"https:\/\/darkamazi.info\/archives\/author\/kurdi"}]}},"_links":{"self":[{"href":"https:\/\/darkamazi.info\/funavuv\/wp\/v2\/posts\/1017405","targetHints":{"allow":["GET"]}}],"collection":[{"href":"https:\/\/darkamazi.info\/funavuv\/wp\/v2\/posts"}],"about":[{"href":"https:\/\/darkamazi.info\/funavuv\/wp\/v2\/types\/post"}],"author":[{"embeddable":true,"href":"https:\/\/darkamazi.info\/funavuv\/wp\/v2\/users\/2"}],"replies":[{"embeddable":true,"href":"https:\/\/darkamazi.info\/funavuv\/wp\/v2\/comments?post=1017405"}],"version-history":[{"count":0,"href":"https:\/\/darkamazi.info\/funavuv\/wp\/v2\/posts\/1017405\/revisions"}],"wp:featuredmedia":[{"embeddable":true,"href":"https:\/\/darkamazi.info\/funavuv\/wp\/v2\/media\/1017407"}],"wp:attachment":[{"href":"https:\/\/darkamazi.info\/funavuv\/wp\/v2\/media?parent=1017405"}],"wp:term":[{"taxonomy":"category","embeddable":true,"href":"https:\/\/darkamazi.info\/funavuv\/wp\/v2\/categories?post=1017405"},{"taxonomy":"post_tag","embeddable":true,"href":"https:\/\/darkamazi.info\/funavuv\/wp\/v2\/tags?post=1017405"}],"curies":[{"name":"wp","href":"https:\/\/api.w.org\/{rel}","templated":true}]}}