{"id":1017437,"date":"2020-11-30T17:42:52","date_gmt":"2020-11-30T14:42:52","guid":{"rendered":"https:\/\/darkamazi.info\/?p=1017437"},"modified":"2021-10-05T13:33:50","modified_gmt":"2021-10-05T10:33:50","slug":"ke-guhe-pkk-e-kisand","status":"publish","type":"post","link":"https:\/\/darkamazi.info\/archives\/1017437","title":{"rendered":"K\u00ea guh\u00ea PKK \u00ea ki\u015fand?"},"content":{"rendered":"<h3 style=\"text-align: justify\"><span style=\"font-family: 'arial black', sans-serif\">R\u00eaveber\u00ean KCK \u00ea j\u00ee bi minasebeta salvegera PKK \u00ea gelek daxuyan\u00ee liser hev dan. L\u00ea deng\u00ea va daxuyaniyan ji y\u00ean yek du heyv ber\u00ea pir cuda b\u00fb. Heke b\u00eera we bih\u00eat Bes\u00ea Hozat, ku digot, &#8220;Ger em \u015fer\u00ea P\u00ea\u015fmerge bikin, eve nabe \u015fer\u00ea birakuj\u00ee &#8220;, li \u015f\u00fbna van gotin\u00ean r\u00eaveber\u00ean din \u00ean PKK y\u00ea, &#8220;Me ji Ba\u015f\u00fbr erd negirt, em ne hevrik\u00ean Ba\u015f\u00fbr in.&#8221;<\/span><\/h3>\n<h3 style=\"text-align: justify\">Bi taybet\u00ee di hevpeyiv\u00eena Cem\u00eel Bayik ya ku di 26\u00ea \u00c7ir\u00eeya pa\u015f\u00een de li St\u00eark TV hate we\u015fandin, ev guhertin bi zelal\u00ee diyar dib\u00fb.<\/h3>\n<h3 style=\"text-align: justify\">Cem\u00eel Bayik di hevpeyiv\u00eena xwe de ji bo diyalog\u00ea bang li PDK j\u00ee kir. B\u00ea guman, di naveroka axaftin\u00ea de hate d\u00eetin ku Cem\u00eel Bayik di v\u00ea bang\u00ea xwe de ne pir dilpak b\u00fb. Cem\u00eel Bayik \u00ea ku her gav di \u00ear\u00ee\u015f\u00ea de b\u00fb, v\u00ea car\u00ea di rew\u015fa parastin\u00ea de b\u00fb. Gelo \u00e7ima?<\/h3>\n<h3 style=\"text-align: center\"><span style=\"color: #8c0e0e;font-family: 'arial black', sans-serif\">K\u00ea guh\u00ea PKK \u00ea ki\u015fand?<\/span><\/h3>\n<h3 style=\"text-align: justify\">Ger em bifikir\u00een ku PKK \u00ea v\u00ea dema dawiy\u00ea de s\u00ea p\u00eangav\u00ean mezin av\u00eatine, l\u00ea w\u00ee rast\u00ee de s\u00ea xeletiy\u00ean mezin kirin. Ya yekem 8\u00ea \u00c7ir\u00ee de ku\u015ftina Xaz\u00ee Salih Al\u00eexan, R\u00eaveber\u00ea Asay\u00ee\u015fa Gi\u015ft\u00ee ya Serzer\u00ea. ya duyem\u00een; 28\u00ea \u00c7ir\u00ee de Teqandina boriya nefta ba\u015f\u00fbr\u00ea Kurdistan\u00ea.\u00a0 yeka din j\u00ee ewe ku 4\u00ea \u00c7ir\u00eeya pa\u015f\u00een de p\u00ea\u015f\u00eeya h\u00eaz\u00ean p\u00ea\u015fmerge mayinek dan\u00een ser r\u00eaka \u00c7emank\u00ea \u00fb bi \u00e7ek\u00ean giran \u00ear\u00ee\u015f\u00ee karwan\u00ea p\u00ea\u015fmerge kirin \u00fb p\u00ea\u015fmergeyek \u015feh\u00eed kirin.<\/h3>\n<h3 style=\"text-align: justify\">Van hers\u00ea b\u00fbyeran hem di raya gi\u015ft\u00ee de \u00fb hem j\u00ee di h\u00eaz\u00ean siyas\u00ee y\u00ean ku ji n\u00eaz ve bi Rojhilata Nav\u00een re eleqedar dibin de b\u00fb sedema bertek\u00ean cid\u00ee. Her \u00e7end PKK di \u00e7apemeniy\u00ea xwe de bahozek derxist \u00fb we da d\u00eeyar kirin ku hem\u00fb raya gi\u015ft\u00ee li k\u00ealeka w\u00ea ye, l\u00ea rast\u00ee de ev ne wusa b\u00fb. Bang\u00ean kadroy\u00ean PKK \u00ea y\u00ean 20-30 salin xebata v\u00ea r\u00eaxistin\u00ea dikin dibin nav\u00ea hunermend-rew\u015fenb\u00eer de nikarin pergala siyas\u00ee ya c\u00eehan\u00ea diyar bikin. S\u00eestema s\u00eeyas\u00ee ya c\u00eehan\u00ee y\u00ean ku li hember\u00ee herik\u00eena disekinin guh\u00ea wan dik\u00eajin. V\u00ea car\u00ea, hi\u015fyariya daw\u00een ji PKK \u00ea re hate day\u00een. Bi van s\u00ea kiryar\u00ean PKK\u00ea di navbera \u00c7ir\u00ee \u00fb Mijdar\u00ea de kir\u00ee, d\u00eeyar b\u00fb ku PKK \u00ea bivir li \u00e7uka xwe dab\u00fb. N\u00fbke PKK hem ji \u015eingal\u00ea hem j\u00ee ji Rojava bi derxistin\u00ea re r\u00fb bi r\u00fb maye. H\u00eaza ku v\u00ea dike j\u00ee Emer\u00eeka ye.<\/h3>\n<h3 style=\"text-align: justify\">Agah\u00eey\u00ean me evin ku PKK ji ber \u00e7alakiy\u00ean xwe y\u00ean li dij\u00ee Hik\u00fbmeta Her\u00eama Kurdistan\u00ea ji du welat\u00ean Ewrop\u00ee \u00fb Dewlata Emer\u00eeka \u00ea hi\u015fyariy\u00ean cid\u00ee girtine. Hin ji van hi\u015fyariyan bi r\u00eaya Ewropa, hin bi r\u00eaya YNK, \u00fb hin j\u00ee bi Rojava re ji PKK re hatine \u015fandin. Giraniya hi\u015fyariya ji ber \u00e7alakiy\u00ean le\u015fker\u00ee \u00ean PKK li her\u00eama \u015eingal\u00ea \u00fb Behd\u00eenan. Di hi\u015fyariya Emer\u00eeka de gef\u00ean e\u015fkere heb\u00fbn.<\/h3>\n<h3 style=\"text-align: justify\">Emer\u00eeka bi taybet\u00ee Diyar kir ku d\u00ea cezay\u00ean n\u00fb y\u00ean teror\u00eest\u00ee li ser PKK b\u00eane sepandin,\u00a0 ji ber ku ew xet\u00ean enerj\u00eey\u00ea bi teqandina boriya neft\u00ea tehd\u00eed dikin \u00fb bi e\u015fkere \u00ear\u00ee\u015f\u00ee h\u00eaza ferm\u00ee ya, P\u00ea\u015fmerge dikin. Sedema helwesta r\u00eaveberiya PKK di asta parastin \u00fb \u00eezahkirin\u00ea de b\u00fbyeran ji ber v\u00ea hi\u015fyar\u00ee ya Emer\u00eeka ye.<\/h3>\n<h3 style=\"text-align: center\"><span style=\"color: #8c0e0e;font-family: 'arial black', sans-serif\">PKK \u00ea 42 sal\u00eeya xwe bi \u015fikestin\u00ea girt<\/span><\/h3>\n<h3 style=\"text-align: justify\">R\u00eaveber\u00ean PKK \u00ea bi ne normal\u00ee di salvegera damezrandina PKK\u00ea de di medyay\u00ean xwe de behsa serkeftina xwe dikin. L\u00eabel\u00ea, rast\u00ee de PKK \u00ea di sala 2020 an de winda kir. P\u00eavajoyek ku PKK\u00ea di bihara sala 2020 an de bi Z\u00een\u00ee Wert\u00ea dest p\u00ea kir\u00ee, heb\u00fb. Ev p\u00eavajoyek \u00e7alakiy\u00ea b\u00fb; ji bo vekirina dever\u00ean n\u00fb ji xwe re di nav hik\u00fbmeta Her\u00eama Kurdistan\u00ea de, PKK \u00ea armanc kirib\u00fb li Z\u00een\u00ee Wert\u00ea heya Gare, Dola Meleka, derdor\u00ean Rewandiz\u00ea, \u00fb hwd. Ji bo desteserkirina cih\u00ean n\u00fb y\u00ean esker\u00ee. P\u00eangava duyem\u00een a v\u00ea plan\u00ea ew b\u00fb ku kom\u00ean marj\u00eenal \u00fb provokat\u00eef \u00ean li Kurdistan\u00ea m\u00eena \u015easiwar Ebdulwahid ji bo pi\u015ftgirtina PKK\u00ea tevgereke gel\u00ear\u00ee bidin destp\u00eakirin.<\/h3>\n<h3 style=\"text-align: justify\">PKK dawiya \u00e7ir\u00ee \u00fb ser\u00ea \u00e7ir\u00eeya pa\u015f\u00een ji bo pev\u00e7\u00fbn\u00ea xwe amade did\u00eet. PKK \u00ea ber\u00ea hing\u00ea, li gelek deveran may\u00een dan\u00eeb\u00fbn, w\u00ea hesab dikir ku d\u00ea p\u00ea\u015fmerge \u015f\u00fbnde vek\u00ea\u015fin, ewlehiya b\u00eer\u00ean neft\u00ea \u00fb xet\u00ean r\u00eay\u00ean n\u00fb w\u00ea ji PKK \u00ea re bim\u00eene. L\u00ea rew\u015f wusa gor\u00ee plan\u00ean wan p\u00ea\u015fneket.<\/h3>\n<h3 style=\"text-align: justify\">Ya ku p\u00ea\u015f\u00ee li rew\u015fa pev\u00e7\u00fbn\u00ea girt helwesta Hik\u00fbmeta Her\u00eama Kurdistan\u00ea \u00fb r\u00eaveberiya P\u00ea\u015fmerge b\u00fb. Tev\u00ee ku PKK \u00ea berpirs\u00ea ewlekariya Ser z\u00ear\u00ee Xaz\u00ee Al\u00eexan \u00fb H\u00eari\u015f Cewher li \u00c7emank\u00ea \u015feh\u00eed kirin l\u00ea pev\u00e7\u00fbnek bi hi\u015fmend\u00eeya hikumeta her\u00eama Kurdistan\u00ea p\u00ea\u015f\u00ee l\u00ea hate girtin. Bi rast\u00ee, her kes difikir\u00ee ku d\u00ea R\u00eaveberiya Her\u00eama Kurdistan\u00ea bi heman reng\u00ee bersiv\u00ea bide. L\u00ea Hik\u00fbmeta her\u00eama Kurdistan\u00ea qert di dest\u00ea PKK \u00ea de d\u00eetib\u00fb. Ew neket nav xefk\u00ea.<\/h3>\n<h3 style=\"text-align: justify\">P\u00eadiv\u00ee ye ku em behsa v\u00ea mijar\u00ea h\u00ea p\u00eatir bikin, her \u00e7end\u00ee ku di \u00e7apemeniy\u00ea de q\u00eeyameteke mezin a PKK \u00ea radikir j\u00ee l\u00ea girseya, di raya gi\u015ft\u00ee ya Kurd de bi rast\u00ee PKK s\u00fbcdar hate d\u00eetin. Pi\u015ft\u00ee demek dir\u00eaj, mirovan li dij\u00ee PKK \u00ea helwestek e\u015fkere girtin. PKK nikarib\u00fb girse wek\u00ee ku dixwest bikar b\u00eene. Ev ji bo Kurdan destp\u00eakek ba\u015f b\u00fb.<\/h3>\n<h3 style=\"text-align: justify\">B\u00fbyer\u00ean ku Cem\u00eel Bayik mecbur kir\u00ee bib\u00eaje \u201cem diyalog dixwazin\u201d ev b\u00fbyer b\u00fbn.<\/h3>\n<h3 style=\"text-align: center\"><span style=\"color: #8c0e0e;font-family: 'arial black', sans-serif\">Cih\u00ea kevin \u00ea Cem\u00eel Bayik ku dere?<\/span><\/h3>\n<h3 style=\"text-align: justify\">Tev\u00ee ku Cem\u00eel Bayik dib\u00eaje &#8220;Ne raste ku me Ba\u015f\u00fbr dag\u00eer kir\u00eeye&#8221;, l\u00ea di encam de, ew p\u00ea\u015fniyara j\u00ear\u00ee dike: &#8220;Her kes\u00ea ku h\u00eaz\u00ea di\u015f\u00eene dever\u00ean ku ne y\u00ean wan be, div\u00ea vegerin ser ciy\u00ean xwe y\u00ean kevn&#8221;. Bi v\u00ea gotin\u00ea, ew \u00eed\u00eea dike ku bi rast\u00ee j\u00ee w\u00ee erdek di nava axa Ba\u015f\u00fbr de heye.<\/h3>\n<h3 style=\"text-align: justify\">P\u00ea\u015fniyara Cem\u00eel Bayik p\u00ea\u015fniyarek pirr maq\u00fbl e. Div\u00ea PKK vegere cih\u00ea xwe y\u00ea ber\u00ea. Cih\u00ea PKK\u00ea y\u00ea kevn li ku ye? PKK \u00ea ku der hi\u015ft \u00fb rev\u00ee hate axa ba\u015f\u00fbr? Cih\u00ea kevin \u00ea PKK \u00ea cih\u00ean ku di navbera 1982-86-an de hatine destn\u00ee\u015fankirin e. Bi gotinek din, PKK ji bo zemanek\u00ee demk\u00ee, li Heften\u00een, S\u0131naht, Xwakurk, Dalanper, Lolan \u00fb M\u00earos dikare bim\u00eene. Ango 3-5 km ji bak\u00fbr d\u00fbr xwe c\u00ee bike. Ev dever j\u00ee heya ku PKK hinek amadekariy\u00ean xwe bike dikare t\u00eade bim\u00eene. Peyra p\u00eaw\u00eest b\u00fb ku \u00e7\u00fbba her\u00eama xwe ango bak\u00fbr. Ew cih her\u00eam\u00ean p\u00ea\u015fmerge b\u00fbn ne y\u00ean PKK \u00ea b\u00fbn. Cem\u00eel Bayik dib\u00eaje &#8220;Her\u00eam\u00ean ku ne y\u00ean w\u00ee ne&#8221; m\u00eena ku li Ba\u015f\u00fbr cih\u00ea PKK \u00ea hebe. Her\u00eama PKK \u00ea Bakur e Cem\u00eel Bayik senger\u00ea xwe y\u00ea esas berdaye \u00fb hat\u00eeye liser axa rizgarkir\u00ee dewa ax\u00ea dike. L\u00ea pirsek ji kak Cem\u00eel Bayik re gelo te \u00e7i bi par\u00e7a Bakur kir te ew rizgarkir\u00ee ye? L\u00ea bel\u00ea, her par\u00e7eyek Ba\u015f\u00fbr\u00ea Kurdistan\u00ea xaka ferm\u00ee ya Hik\u00fbmeta Her\u00eama Kurdistan\u00ea ye. P\u00ea\u015fmerge dikare bikeve vir, Ala reng\u00een dikare were darve kirin.<\/h3>\n<h3 style=\"text-align: justify\">Ger Cem\u00eel Bayik d\u00ea li pa\u015f gotina &#8220;ne rast e ku me ba\u015f\u00fbr dag\u00eer kir\u00ee ye&#8221; bisekine, div\u00ea ew p\u00ea\u015f\u00ee bersiva ku cih\u00ea niha l\u00ea r\u00fbni\u015ftina axa Hikumeta Her\u00eama Kurdistan\u00ea ye, bide \u00fb bib\u00eene. Li c\u00eehan\u00ea de du h\u00eaz hene ku Hik\u00fbmeta Her\u00eama Kurdistan\u00ea bi nav\u00ean c\u00fbda x\u00eetap dikin. Yek PKK ye. PKK dib\u00eaje &#8220;Ba\u015f\u00fbr\u00ea Kurdistan, R\u00eaveberiya Ba\u015f\u00fbr, ewlehiya PDK&#8221;. Duyem j\u00ee dewleta tirkiy\u00ea dib\u00eaje r\u00eaveberiya Bakur\u00ea Iraq\u00ea. Nekar\u00ee nav\u00ea saziya ferm\u00ee bib\u00eaje ji bo ku w\u00ee nas neke \u00fb b\u00ea q\u00eemet bike.<\/h3>\n<h3 style=\"text-align: justify\">Dema ku em hem\u00ee per\u00e7ey\u00ean axaftin\u00ean r\u00eaveber\u00ean PKK didine ba hev, em dib\u00eenin ku banga Cem\u00eel Bayik ya diyalog\u00ea ji ber t\u00eak\u00e7\u00fbna stratejiy\u00ean PKK \u00ea \u00fb hi\u015fyariya navnetewey\u00ee ya ku wan bi tund\u00ee hat\u00eeye kirin e. Wek\u00ee din, d\u00eesa j\u00ee PKK bi r\u00eaya \u00e7apemeniya xwe \u00ear\u00ee\u015f\u00ean li dij\u00ee Hik\u00fbmeta Her\u00eama Kurdistan\u00ea berdewam dike.<\/h3>\n","protected":false},"excerpt":{"rendered":"<p>R\u00eaveber\u00ean KCK \u00ea j\u00ee bi minasebeta salvegera PKK \u00ea gelek daxuyan\u00ee liser hev dan. L\u00ea deng\u00ea va daxuyaniyan ji y\u00ean yek du heyv ber\u00ea pir cuda b\u00fb. Heke b\u00eera we bih\u00eat Bes\u00ea Hozat, ku digot, &#8220;Ger em \u015fer\u00ea P\u00ea\u015fmerge bikin, eve nabe \u015fer\u00ea birakuj\u00ee &#8220;, li \u015f\u00fbna van gotin\u00ean r\u00eaveber\u00ean din \u00ean PKK y\u00ea, &#8220;Me [&hellip;]<\/p>\n","protected":false},"author":2,"featured_media":1017438,"comment_status":"closed","ping_status":"closed","sticky":false,"template":"","format":"standard","meta":{"footnotes":""},"categories":[68],"tags":[37],"class_list":["post-1017437","post","type-post","status-publish","format-standard","has-post-thumbnail","hentry","category-analiz","tag-sereke"],"blocksy_meta":[],"seo_head":"<!-- This site is optimized with the Yoast SEO plugin v27.5 - https:\/\/yoast.com\/product\/yoast-seo-wordpress\/ -->\n<title>K\u00ea guh\u00ea PKK \u00ea ki\u015fand? - Darka Maz\u00ee<\/title>\n<meta name=\"robots\" content=\"index, follow, max-snippet:-1, max-image-preview:large, max-video-preview:-1\" \/>\n<link rel=\"canonical\" href=\"https:\/\/darkamazi.info\/archives\/1017437\" \/>\n<meta property=\"og:locale\" content=\"en_US\" \/>\n<meta property=\"og:type\" content=\"article\" \/>\n<meta property=\"og:title\" content=\"K\u00ea guh\u00ea PKK \u00ea ki\u015fand? - Darka Maz\u00ee\" \/>\n<meta property=\"og:description\" content=\"R\u00eaveber\u00ean KCK \u00ea j\u00ee bi minasebeta salvegera PKK \u00ea gelek daxuyan\u00ee liser hev dan. L\u00ea deng\u00ea va daxuyaniyan ji y\u00ean yek du heyv ber\u00ea pir cuda b\u00fb. Heke b\u00eera we bih\u00eat Bes\u00ea Hozat, ku digot, &#8220;Ger em \u015fer\u00ea P\u00ea\u015fmerge bikin, eve nabe \u015fer\u00ea birakuj\u00ee &#8220;, li \u015f\u00fbna van gotin\u00ean r\u00eaveber\u00ean din \u00ean PKK y\u00ea, &#8220;Me [&hellip;]\" \/>\n<meta property=\"og:url\" content=\"https:\/\/darkamazi.info\/archives\/1017437\" \/>\n<meta property=\"og:site_name\" content=\"Darka Maz\u00ee\" \/>\n<meta property=\"article:publisher\" content=\"https:\/\/www.facebook.com\/DarMaziKurmanci\" \/>\n<meta property=\"article:published_time\" content=\"2020-11-30T14:42:52+00:00\" \/>\n<meta property=\"article:modified_time\" content=\"2021-10-05T10:33:50+00:00\" \/>\n<meta property=\"og:image\" content=\"https:\/\/darkamazi.info\/file\/2020\/11\/jamil-bayk-001.jpg\" \/>\n\t<meta property=\"og:image:width\" content=\"900\" \/>\n\t<meta property=\"og:image:height\" content=\"510\" \/>\n\t<meta property=\"og:image:type\" content=\"image\/jpeg\" \/>\n<meta name=\"author\" content=\"darka mazi\" \/>\n<meta name=\"twitter:card\" content=\"summary_large_image\" \/>\n<meta name=\"twitter:creator\" content=\"@DarkaMaziLatini\" \/>\n<meta name=\"twitter:site\" content=\"@DarkaMaziLatini\" \/>\n<meta name=\"twitter:label1\" content=\"Written by\" \/>\n\t<meta name=\"twitter:data1\" content=\"darka mazi\" \/>\n\t<meta name=\"twitter:label2\" content=\"Est. reading time\" \/>\n\t<meta name=\"twitter:data2\" content=\"7 minutes\" \/>\n<script type=\"application\/ld+json\" class=\"seo-schema-graph\">{\"@context\":\"https:\\\/\\\/schema.org\",\"@graph\":[{\"@type\":\"Article\",\"@id\":\"https:\\\/\\\/darkamazi.info\\\/archives\\\/1017437#article\",\"isPartOf\":{\"@id\":\"https:\\\/\\\/darkamazi.info\\\/archives\\\/1017437\"},\"author\":{\"name\":\"darka mazi\",\"@id\":\"https:\\\/\\\/darkamazi.info\\\/#\\\/schema\\\/person\\\/5ad3e24553a0567993fa8ed4bd0a776c\"},\"headline\":\"K\u00ea guh\u00ea PKK \u00ea ki\u015fand?\",\"datePublished\":\"2020-11-30T14:42:52+00:00\",\"dateModified\":\"2021-10-05T10:33:50+00:00\",\"mainEntityOfPage\":{\"@id\":\"https:\\\/\\\/darkamazi.info\\\/archives\\\/1017437\"},\"wordCount\":1439,\"publisher\":{\"@id\":\"https:\\\/\\\/darkamazi.info\\\/#organization\"},\"image\":{\"@id\":\"https:\\\/\\\/darkamazi.info\\\/archives\\\/1017437#primaryimage\"},\"thumbnailUrl\":\"https:\\\/\\\/darkamazi.info\\\/darka-content\\\/uploads\\\/2020\\\/11\\\/jamil-bayk-001.jpg\",\"keywords\":[\"sereke\"],\"articleSection\":[\"Anal\u00eez\"],\"inLanguage\":\"en-US\"},{\"@type\":\"WebPage\",\"@id\":\"https:\\\/\\\/darkamazi.info\\\/archives\\\/1017437\",\"url\":\"https:\\\/\\\/darkamazi.info\\\/archives\\\/1017437\",\"name\":\"K\u00ea guh\u00ea PKK \u00ea ki\u015fand? - Darka Maz\u00ee\",\"isPartOf\":{\"@id\":\"https:\\\/\\\/darkamazi.info\\\/#website\"},\"primaryImageOfPage\":{\"@id\":\"https:\\\/\\\/darkamazi.info\\\/archives\\\/1017437#primaryimage\"},\"image\":{\"@id\":\"https:\\\/\\\/darkamazi.info\\\/archives\\\/1017437#primaryimage\"},\"thumbnailUrl\":\"https:\\\/\\\/darkamazi.info\\\/darka-content\\\/uploads\\\/2020\\\/11\\\/jamil-bayk-001.jpg\",\"datePublished\":\"2020-11-30T14:42:52+00:00\",\"dateModified\":\"2021-10-05T10:33:50+00:00\",\"breadcrumb\":{\"@id\":\"https:\\\/\\\/darkamazi.info\\\/archives\\\/1017437#breadcrumb\"},\"inLanguage\":\"en-US\",\"potentialAction\":[{\"@type\":\"ReadAction\",\"target\":[\"https:\\\/\\\/darkamazi.info\\\/archives\\\/1017437\"]}]},{\"@type\":\"ImageObject\",\"inLanguage\":\"en-US\",\"@id\":\"https:\\\/\\\/darkamazi.info\\\/archives\\\/1017437#primaryimage\",\"url\":\"https:\\\/\\\/darkamazi.info\\\/darka-content\\\/uploads\\\/2020\\\/11\\\/jamil-bayk-001.jpg\",\"contentUrl\":\"https:\\\/\\\/darkamazi.info\\\/darka-content\\\/uploads\\\/2020\\\/11\\\/jamil-bayk-001.jpg\",\"width\":900,\"height\":510,\"caption\":\"K\u00ea guh\u00ea PKK \u00ea ki\u015fand?\"},{\"@type\":\"BreadcrumbList\",\"@id\":\"https:\\\/\\\/darkamazi.info\\\/archives\\\/1017437#breadcrumb\",\"itemListElement\":[{\"@type\":\"ListItem\",\"position\":1,\"name\":\"Home\",\"item\":\"https:\\\/\\\/darkamazi.info\\\/\"},{\"@type\":\"ListItem\",\"position\":2,\"name\":\"K\u00ea guh\u00ea PKK \u00ea ki\u015fand?\"}]},{\"@type\":\"WebSite\",\"@id\":\"https:\\\/\\\/darkamazi.info\\\/#website\",\"url\":\"https:\\\/\\\/darkamazi.info\\\/\",\"name\":\"Darka Maz\u00ee\",\"description\":\"P\u00eageha Zanyariy\u00ean Nebih\u00eest\u00ee\",\"publisher\":{\"@id\":\"https:\\\/\\\/darkamazi.info\\\/#organization\"},\"potentialAction\":[{\"@type\":\"SearchAction\",\"target\":{\"@type\":\"EntryPoint\",\"urlTemplate\":\"https:\\\/\\\/darkamazi.info\\\/?s={search_term_string}\"},\"query-input\":{\"@type\":\"PropertyValueSpecification\",\"valueRequired\":true,\"valueName\":\"search_term_string\"}}],\"inLanguage\":\"en-US\"},{\"@type\":\"Organization\",\"@id\":\"https:\\\/\\\/darkamazi.info\\\/#organization\",\"name\":\"Darka Maz\u00ee\",\"url\":\"https:\\\/\\\/darkamazi.info\\\/\",\"logo\":{\"@type\":\"ImageObject\",\"inLanguage\":\"en-US\",\"@id\":\"https:\\\/\\\/darkamazi.info\\\/#\\\/schema\\\/logo\\\/image\\\/\",\"url\":\"https:\\\/\\\/darkamazi.info\\\/darka-content\\\/uploads\\\/2017\\\/12\\\/darka-mazi-logo.png\",\"contentUrl\":\"https:\\\/\\\/darkamazi.info\\\/darka-content\\\/uploads\\\/2017\\\/12\\\/darka-mazi-logo.png\",\"width\":151,\"height\":75,\"caption\":\"Darka Maz\u00ee\"},\"image\":{\"@id\":\"https:\\\/\\\/darkamazi.info\\\/#\\\/schema\\\/logo\\\/image\\\/\"},\"sameAs\":[\"https:\\\/\\\/www.facebook.com\\\/DarMaziKurmanci\",\"https:\\\/\\\/x.com\\\/DarkaMaziLatini\",\"https:\\\/\\\/www.instagram.com\\\/darkamazi.kurmanci\\\/\",\"https:\\\/\\\/www.youtube.com\\\/channel\\\/UCa5HkTdmI8U1qCUFuTw8B2g\"]},{\"@type\":\"Person\",\"@id\":\"https:\\\/\\\/darkamazi.info\\\/#\\\/schema\\\/person\\\/5ad3e24553a0567993fa8ed4bd0a776c\",\"name\":\"darka mazi\",\"sameAs\":[\"https:\\\/\\\/darkamazi.info\\\/\"],\"url\":\"https:\\\/\\\/darkamazi.info\\\/archives\\\/author\\\/kurdi\"}]}<\/script>\n<!-- \/ Yoast SEO plugin. -->","seo_head_json":{"title":"K\u00ea guh\u00ea PKK \u00ea ki\u015fand? - Darka Maz\u00ee","robots":{"index":"index","follow":"follow","max-snippet":"max-snippet:-1","max-image-preview":"max-image-preview:large","max-video-preview":"max-video-preview:-1"},"canonical":"https:\/\/darkamazi.info\/archives\/1017437","og_locale":"en_US","og_type":"article","og_title":"K\u00ea guh\u00ea PKK \u00ea ki\u015fand? - Darka Maz\u00ee","og_description":"R\u00eaveber\u00ean KCK \u00ea j\u00ee bi minasebeta salvegera PKK \u00ea gelek daxuyan\u00ee liser hev dan. L\u00ea deng\u00ea va daxuyaniyan ji y\u00ean yek du heyv ber\u00ea pir cuda b\u00fb. Heke b\u00eera we bih\u00eat Bes\u00ea Hozat, ku digot, &#8220;Ger em \u015fer\u00ea P\u00ea\u015fmerge bikin, eve nabe \u015fer\u00ea birakuj\u00ee &#8220;, li \u015f\u00fbna van gotin\u00ean r\u00eaveber\u00ean din \u00ean PKK y\u00ea, &#8220;Me [&hellip;]","og_url":"https:\/\/darkamazi.info\/archives\/1017437","og_site_name":"Darka Maz\u00ee","article_publisher":"https:\/\/www.facebook.com\/DarMaziKurmanci","article_published_time":"2020-11-30T14:42:52+00:00","article_modified_time":"2021-10-05T10:33:50+00:00","og_image":[{"width":900,"height":510,"url":"https:\/\/darkamazi.info\/file\/2020\/11\/jamil-bayk-001.jpg","type":"image\/jpeg"}],"author":"darka mazi","twitter_card":"summary_large_image","twitter_creator":"@DarkaMaziLatini","twitter_site":"@DarkaMaziLatini","twitter_misc":{"Written by":"darka mazi","Est. reading time":"7 minutes"},"schema":{"@context":"https:\/\/schema.org","@graph":[{"@type":"Article","@id":"https:\/\/darkamazi.info\/archives\/1017437#article","isPartOf":{"@id":"https:\/\/darkamazi.info\/archives\/1017437"},"author":{"name":"darka mazi","@id":"https:\/\/darkamazi.info\/#\/schema\/person\/5ad3e24553a0567993fa8ed4bd0a776c"},"headline":"K\u00ea guh\u00ea PKK \u00ea ki\u015fand?","datePublished":"2020-11-30T14:42:52+00:00","dateModified":"2021-10-05T10:33:50+00:00","mainEntityOfPage":{"@id":"https:\/\/darkamazi.info\/archives\/1017437"},"wordCount":1439,"publisher":{"@id":"https:\/\/darkamazi.info\/#organization"},"image":{"@id":"https:\/\/darkamazi.info\/archives\/1017437#primaryimage"},"thumbnailUrl":"https:\/\/darkamazi.info\/file\/2020\/11\/jamil-bayk-001.jpg","keywords":["sereke"],"articleSection":["Anal\u00eez"],"inLanguage":"en-US"},{"@type":"WebPage","@id":"https:\/\/darkamazi.info\/archives\/1017437","url":"https:\/\/darkamazi.info\/archives\/1017437","name":"K\u00ea guh\u00ea PKK \u00ea ki\u015fand? - Darka Maz\u00ee","isPartOf":{"@id":"https:\/\/darkamazi.info\/#website"},"primaryImageOfPage":{"@id":"https:\/\/darkamazi.info\/archives\/1017437#primaryimage"},"image":{"@id":"https:\/\/darkamazi.info\/archives\/1017437#primaryimage"},"thumbnailUrl":"https:\/\/darkamazi.info\/file\/2020\/11\/jamil-bayk-001.jpg","datePublished":"2020-11-30T14:42:52+00:00","dateModified":"2021-10-05T10:33:50+00:00","breadcrumb":{"@id":"https:\/\/darkamazi.info\/archives\/1017437#breadcrumb"},"inLanguage":"en-US","potentialAction":[{"@type":"ReadAction","target":["https:\/\/darkamazi.info\/archives\/1017437"]}]},{"@type":"ImageObject","inLanguage":"en-US","@id":"https:\/\/darkamazi.info\/archives\/1017437#primaryimage","url":"https:\/\/darkamazi.info\/file\/2020\/11\/jamil-bayk-001.jpg","contentUrl":"https:\/\/darkamazi.info\/file\/2020\/11\/jamil-bayk-001.jpg","width":900,"height":510,"caption":"K\u00ea guh\u00ea PKK \u00ea ki\u015fand?"},{"@type":"BreadcrumbList","@id":"https:\/\/darkamazi.info\/archives\/1017437#breadcrumb","itemListElement":[{"@type":"ListItem","position":1,"name":"Home","item":"https:\/\/darkamazi.info\/"},{"@type":"ListItem","position":2,"name":"K\u00ea guh\u00ea PKK \u00ea ki\u015fand?"}]},{"@type":"WebSite","@id":"https:\/\/darkamazi.info\/#website","url":"https:\/\/darkamazi.info\/","name":"Darka Maz\u00ee","description":"P\u00eageha Zanyariy\u00ean Nebih\u00eest\u00ee","publisher":{"@id":"https:\/\/darkamazi.info\/#organization"},"potentialAction":[{"@type":"SearchAction","target":{"@type":"EntryPoint","urlTemplate":"https:\/\/darkamazi.info\/?s={search_term_string}"},"query-input":{"@type":"PropertyValueSpecification","valueRequired":true,"valueName":"search_term_string"}}],"inLanguage":"en-US"},{"@type":"Organization","@id":"https:\/\/darkamazi.info\/#organization","name":"Darka Maz\u00ee","url":"https:\/\/darkamazi.info\/","logo":{"@type":"ImageObject","inLanguage":"en-US","@id":"https:\/\/darkamazi.info\/#\/schema\/logo\/image\/","url":"https:\/\/darkamazi.info\/file\/2017\/12\/darka-mazi-logo.png","contentUrl":"https:\/\/darkamazi.info\/file\/2017\/12\/darka-mazi-logo.png","width":151,"height":75,"caption":"Darka Maz\u00ee"},"image":{"@id":"https:\/\/darkamazi.info\/#\/schema\/logo\/image\/"},"sameAs":["https:\/\/www.facebook.com\/DarMaziKurmanci","https:\/\/x.com\/DarkaMaziLatini","https:\/\/www.instagram.com\/darkamazi.kurmanci\/","https:\/\/www.youtube.com\/channel\/UCa5HkTdmI8U1qCUFuTw8B2g"]},{"@type":"Person","@id":"https:\/\/darkamazi.info\/#\/schema\/person\/5ad3e24553a0567993fa8ed4bd0a776c","name":"darka mazi","sameAs":["https:\/\/darkamazi.info\/"],"url":"https:\/\/darkamazi.info\/archives\/author\/kurdi"}]}},"_links":{"self":[{"href":"https:\/\/darkamazi.info\/funavuv\/wp\/v2\/posts\/1017437","targetHints":{"allow":["GET"]}}],"collection":[{"href":"https:\/\/darkamazi.info\/funavuv\/wp\/v2\/posts"}],"about":[{"href":"https:\/\/darkamazi.info\/funavuv\/wp\/v2\/types\/post"}],"author":[{"embeddable":true,"href":"https:\/\/darkamazi.info\/funavuv\/wp\/v2\/users\/2"}],"replies":[{"embeddable":true,"href":"https:\/\/darkamazi.info\/funavuv\/wp\/v2\/comments?post=1017437"}],"version-history":[{"count":0,"href":"https:\/\/darkamazi.info\/funavuv\/wp\/v2\/posts\/1017437\/revisions"}],"wp:featuredmedia":[{"embeddable":true,"href":"https:\/\/darkamazi.info\/funavuv\/wp\/v2\/media\/1017438"}],"wp:attachment":[{"href":"https:\/\/darkamazi.info\/funavuv\/wp\/v2\/media?parent=1017437"}],"wp:term":[{"taxonomy":"category","embeddable":true,"href":"https:\/\/darkamazi.info\/funavuv\/wp\/v2\/categories?post=1017437"},{"taxonomy":"post_tag","embeddable":true,"href":"https:\/\/darkamazi.info\/funavuv\/wp\/v2\/tags?post=1017437"}],"curies":[{"name":"wp","href":"https:\/\/api.w.org\/{rel}","templated":true}]}}