{"id":1017473,"date":"2020-12-01T14:58:56","date_gmt":"2020-12-01T11:58:56","guid":{"rendered":"https:\/\/darkamazi.info\/?p=1017473"},"modified":"2020-12-01T14:58:56","modified_gmt":"2020-12-01T11:58:56","slug":"li-serawa-5-ceteyen-gireday-tirkiye-hatin-kustin","status":"publish","type":"post","link":"https:\/\/darkamazi.info\/archives\/1017473","title":{"rendered":"Li \u015e\u00earawa 5 \u00e7etey\u00ean gir\u00eaday Tirkiy\u00ea hatin ku\u015ftin"},"content":{"rendered":"<h3 style=\"text-align: justify\"><span style=\"font-family: 'arial black', sans-serif\">H\u00eaz\u00ean Rizgar\u00eeya Efr\u00een\u00ea di \u00e7alak\u00eeyek\u00ea da, 5 \u00e7ekdar\u00ean kom\u00ean \u00e7etey\u00ean gir\u00eaday Tirkiy\u00ea li nav\u00e7eya \u015e\u00earawa ku\u015ftin, wexta ku mo\u015fek li baregeha wan xist\u00ee.<\/span><\/h3>\n<h3 style=\"text-align: justify\">H\u00eaz\u00ean bi nav\u00ea Rizgar\u00eeya Efr\u00een\u00ea \u00eero roja s\u00ea\u015fem\u00ee 1\/12\/2020an di daxuyan\u00eeyek\u00ea de ragihand ku h\u00eaz\u00ean wan li gund\u00ea Bas\u00fbt\u00ea y\u00ea \u015e\u00earawa a nav\u00e7eya Efr\u00een\u00ea li hember\u00ee \u00e7etey\u00ean gir\u00eaday Tirkiy\u00ea \u00e7alakiyek taybet li dar xistin \u00fb di encam\u00ea de 5 \u00e7ete hatin ku\u015ftin \u00fb 4 alav\u00ean le\u015fkir\u00ee j\u00ee hatin ji nav birin.<\/h3>\n<h3 style=\"text-align: justify\">Dest n\u00ee\u015fan kir, ev \u00e7alak\u00ee li 27 meha rab\u00fbr\u00ee p\u00eakhat\u00eeye ku t\u00eade baregeheke \u00e7eteyan hat\u00eeye hedef girtin.<\/h3>\n<h3 style=\"text-align: justify\">H\u00eaz\u00ean rizgar\u00eeya Efr\u00een\u00ea ev d\u00eemen\u00ean v\u00eedyoy\u00ee \u00ean li xwar\u00ea parvekirine \u00fb got\u00eeye ku y\u00ean \u00e7alak\u00eeya 27 meha rab\u00fbr\u00ee ne, di wan d\u00eemenan de xuya dibe ku bi mo\u015fek\u00ea \u00ear\u00ee\u015f li ser baregeha \u00e7eteyan p\u00eakhat\u00eeye.<\/h3>\n<div style=\"width: 1280px;\" class=\"darka-video\"><video class=\"darka-video-shortcode\" id=\"video-1017473-1\" width=\"1280\" height=\"720\" poster=\"https:\/\/darkamazi.info\/file\/2020\/12\/Li-Serawa-5-ceteyen-gireday-Tirkiye-hatin-kustin-1.jpg\" preload=\"metadata\" controls=\"controls\"><source type=\"video\/mp4\" src=\"https:\/\/darkamazi.info\/file\/2020\/12\/Li-Serawa-5-ceteyen-gireday-Tirkiye-hatin-kustin-1.mp4?_=1\" \/><a href=\"https:\/\/darkamazi.info\/file\/2020\/12\/Li-Serawa-5-ceteyen-gireday-Tirkiye-hatin-kustin-1.mp4\">https:\/\/darkamazi.info\/file\/2020\/12\/Li-Serawa-5-ceteyen-gireday-Tirkiye-hatin-kustin-1.mp4<\/a><\/video><\/div>\n","protected":false},"excerpt":{"rendered":"<p>H\u00eaz\u00ean Rizgar\u00eeya Efr\u00een\u00ea di \u00e7alak\u00eeyek\u00ea da, 5 \u00e7ekdar\u00ean kom\u00ean \u00e7etey\u00ean gir\u00eaday Tirkiy\u00ea li nav\u00e7eya \u015e\u00earawa ku\u015ftin, wexta ku mo\u015fek li baregeha wan xist\u00ee. H\u00eaz\u00ean bi nav\u00ea Rizgar\u00eeya Efr\u00een\u00ea \u00eero roja s\u00ea\u015fem\u00ee 1\/12\/2020an di daxuyan\u00eeyek\u00ea de ragihand ku h\u00eaz\u00ean wan li gund\u00ea Bas\u00fbt\u00ea y\u00ea \u015e\u00earawa a nav\u00e7eya Efr\u00een\u00ea li hember\u00ee \u00e7etey\u00ean gir\u00eaday Tirkiy\u00ea \u00e7alakiyek taybet li [&hellip;]<\/p>\n","protected":false},"author":2,"featured_media":1017474,"comment_status":"closed","ping_status":"closed","sticky":false,"template":"","format":"video","meta":{"footnotes":""},"categories":[29],"tags":[37],"class_list":["post-1017473","post","type-post","status-publish","format-video","has-post-thumbnail","hentry","category-kurdistan","tag-sereke","post_format-post-format-video"],"blocksy_meta":[],"seo_head":"<!-- This site is optimized with the Yoast SEO plugin v27.5 - https:\/\/yoast.com\/product\/yoast-seo-wordpress\/ -->\n<title>Li \u015e\u00earawa 5 \u00e7etey\u00ean gir\u00eaday Tirkiy\u00ea hatin ku\u015ftin - Darka Maz\u00ee<\/title>\n<meta name=\"robots\" content=\"index, follow, max-snippet:-1, max-image-preview:large, max-video-preview:-1\" \/>\n<link rel=\"canonical\" href=\"https:\/\/darkamazi.info\/archives\/1017473\" \/>\n<meta property=\"og:locale\" content=\"en_US\" \/>\n<meta property=\"og:type\" content=\"article\" \/>\n<meta property=\"og:title\" content=\"Li \u015e\u00earawa 5 \u00e7etey\u00ean gir\u00eaday Tirkiy\u00ea hatin ku\u015ftin - Darka Maz\u00ee\" \/>\n<meta property=\"og:description\" content=\"H\u00eaz\u00ean Rizgar\u00eeya Efr\u00een\u00ea di \u00e7alak\u00eeyek\u00ea da, 5 \u00e7ekdar\u00ean kom\u00ean \u00e7etey\u00ean gir\u00eaday Tirkiy\u00ea li nav\u00e7eya \u015e\u00earawa ku\u015ftin, wexta ku mo\u015fek li baregeha wan xist\u00ee. H\u00eaz\u00ean bi nav\u00ea Rizgar\u00eeya Efr\u00een\u00ea \u00eero roja s\u00ea\u015fem\u00ee 1\/12\/2020an di daxuyan\u00eeyek\u00ea de ragihand ku h\u00eaz\u00ean wan li gund\u00ea Bas\u00fbt\u00ea y\u00ea \u015e\u00earawa a nav\u00e7eya Efr\u00een\u00ea li hember\u00ee \u00e7etey\u00ean gir\u00eaday Tirkiy\u00ea \u00e7alakiyek taybet li [&hellip;]\" \/>\n<meta property=\"og:url\" content=\"https:\/\/darkamazi.info\/archives\/1017473\" \/>\n<meta property=\"og:site_name\" content=\"Darka Maz\u00ee\" \/>\n<meta property=\"article:publisher\" content=\"https:\/\/www.facebook.com\/DarMaziKurmanci\" \/>\n<meta property=\"article:published_time\" content=\"2020-12-01T11:58:56+00:00\" \/>\n<meta property=\"og:image\" content=\"https:\/\/darkamazi.info\/file\/2020\/12\/Li-Serawa-5-ceteyen-gireday-Tirkiye-hatin-kustin-1.jpg\" \/>\n\t<meta property=\"og:image:width\" content=\"900\" \/>\n\t<meta property=\"og:image:height\" content=\"497\" \/>\n\t<meta property=\"og:image:type\" content=\"image\/jpeg\" \/>\n<meta name=\"author\" content=\"darka mazi\" \/>\n<meta name=\"twitter:card\" content=\"summary_large_image\" \/>\n<meta name=\"twitter:creator\" content=\"@DarkaMaziLatini\" \/>\n<meta name=\"twitter:site\" content=\"@DarkaMaziLatini\" \/>\n<meta name=\"twitter:label1\" content=\"Written by\" \/>\n\t<meta name=\"twitter:data1\" content=\"darka mazi\" \/>\n\t<meta name=\"twitter:label2\" content=\"Est. reading time\" \/>\n\t<meta name=\"twitter:data2\" content=\"1 minute\" \/>\n<script type=\"application\/ld+json\" class=\"seo-schema-graph\">{\"@context\":\"https:\\\/\\\/schema.org\",\"@graph\":[{\"@type\":\"Article\",\"@id\":\"https:\\\/\\\/darkamazi.info\\\/archives\\\/1017473#article\",\"isPartOf\":{\"@id\":\"https:\\\/\\\/darkamazi.info\\\/archives\\\/1017473\"},\"author\":{\"name\":\"darka mazi\",\"@id\":\"https:\\\/\\\/darkamazi.info\\\/#\\\/schema\\\/person\\\/5ad3e24553a0567993fa8ed4bd0a776c\"},\"headline\":\"Li \u015e\u00earawa 5 \u00e7etey\u00ean gir\u00eaday Tirkiy\u00ea hatin ku\u015ftin\",\"datePublished\":\"2020-12-01T11:58:56+00:00\",\"mainEntityOfPage\":{\"@id\":\"https:\\\/\\\/darkamazi.info\\\/archives\\\/1017473\"},\"wordCount\":198,\"publisher\":{\"@id\":\"https:\\\/\\\/darkamazi.info\\\/#organization\"},\"image\":{\"@id\":\"https:\\\/\\\/darkamazi.info\\\/archives\\\/1017473#primaryimage\"},\"thumbnailUrl\":\"https:\\\/\\\/darkamazi.info\\\/darka-content\\\/uploads\\\/2020\\\/12\\\/Li-Serawa-5-ceteyen-gireday-Tirkiye-hatin-kustin-1.jpg\",\"keywords\":[\"sereke\"],\"articleSection\":[\"Kurdistan\"],\"inLanguage\":\"en-US\"},{\"@type\":\"WebPage\",\"@id\":\"https:\\\/\\\/darkamazi.info\\\/archives\\\/1017473\",\"url\":\"https:\\\/\\\/darkamazi.info\\\/archives\\\/1017473\",\"name\":\"Li \u015e\u00earawa 5 \u00e7etey\u00ean gir\u00eaday Tirkiy\u00ea hatin ku\u015ftin - Darka Maz\u00ee\",\"isPartOf\":{\"@id\":\"https:\\\/\\\/darkamazi.info\\\/#website\"},\"primaryImageOfPage\":{\"@id\":\"https:\\\/\\\/darkamazi.info\\\/archives\\\/1017473#primaryimage\"},\"image\":{\"@id\":\"https:\\\/\\\/darkamazi.info\\\/archives\\\/1017473#primaryimage\"},\"thumbnailUrl\":\"https:\\\/\\\/darkamazi.info\\\/darka-content\\\/uploads\\\/2020\\\/12\\\/Li-Serawa-5-ceteyen-gireday-Tirkiye-hatin-kustin-1.jpg\",\"datePublished\":\"2020-12-01T11:58:56+00:00\",\"breadcrumb\":{\"@id\":\"https:\\\/\\\/darkamazi.info\\\/archives\\\/1017473#breadcrumb\"},\"inLanguage\":\"en-US\",\"potentialAction\":[{\"@type\":\"ReadAction\",\"target\":[\"https:\\\/\\\/darkamazi.info\\\/archives\\\/1017473\"]}]},{\"@type\":\"ImageObject\",\"inLanguage\":\"en-US\",\"@id\":\"https:\\\/\\\/darkamazi.info\\\/archives\\\/1017473#primaryimage\",\"url\":\"https:\\\/\\\/darkamazi.info\\\/darka-content\\\/uploads\\\/2020\\\/12\\\/Li-Serawa-5-ceteyen-gireday-Tirkiye-hatin-kustin-1.jpg\",\"contentUrl\":\"https:\\\/\\\/darkamazi.info\\\/darka-content\\\/uploads\\\/2020\\\/12\\\/Li-Serawa-5-ceteyen-gireday-Tirkiye-hatin-kustin-1.jpg\",\"width\":900,\"height\":497,\"caption\":\"Li \u015e\u00earawa 5 \u00e7etey\u00ean gir\u00eaday Tirkiy\u00ea hatin ku\u015ftin\"},{\"@type\":\"BreadcrumbList\",\"@id\":\"https:\\\/\\\/darkamazi.info\\\/archives\\\/1017473#breadcrumb\",\"itemListElement\":[{\"@type\":\"ListItem\",\"position\":1,\"name\":\"Home\",\"item\":\"https:\\\/\\\/darkamazi.info\\\/\"},{\"@type\":\"ListItem\",\"position\":2,\"name\":\"Li \u015e\u00earawa 5 \u00e7etey\u00ean gir\u00eaday Tirkiy\u00ea hatin ku\u015ftin\"}]},{\"@type\":\"WebSite\",\"@id\":\"https:\\\/\\\/darkamazi.info\\\/#website\",\"url\":\"https:\\\/\\\/darkamazi.info\\\/\",\"name\":\"Darka Maz\u00ee\",\"description\":\"P\u00eageha Zanyariy\u00ean Nebih\u00eest\u00ee\",\"publisher\":{\"@id\":\"https:\\\/\\\/darkamazi.info\\\/#organization\"},\"potentialAction\":[{\"@type\":\"SearchAction\",\"target\":{\"@type\":\"EntryPoint\",\"urlTemplate\":\"https:\\\/\\\/darkamazi.info\\\/?s={search_term_string}\"},\"query-input\":{\"@type\":\"PropertyValueSpecification\",\"valueRequired\":true,\"valueName\":\"search_term_string\"}}],\"inLanguage\":\"en-US\"},{\"@type\":\"Organization\",\"@id\":\"https:\\\/\\\/darkamazi.info\\\/#organization\",\"name\":\"Darka Maz\u00ee\",\"url\":\"https:\\\/\\\/darkamazi.info\\\/\",\"logo\":{\"@type\":\"ImageObject\",\"inLanguage\":\"en-US\",\"@id\":\"https:\\\/\\\/darkamazi.info\\\/#\\\/schema\\\/logo\\\/image\\\/\",\"url\":\"https:\\\/\\\/darkamazi.info\\\/darka-content\\\/uploads\\\/2017\\\/12\\\/darka-mazi-logo.png\",\"contentUrl\":\"https:\\\/\\\/darkamazi.info\\\/darka-content\\\/uploads\\\/2017\\\/12\\\/darka-mazi-logo.png\",\"width\":151,\"height\":75,\"caption\":\"Darka Maz\u00ee\"},\"image\":{\"@id\":\"https:\\\/\\\/darkamazi.info\\\/#\\\/schema\\\/logo\\\/image\\\/\"},\"sameAs\":[\"https:\\\/\\\/www.facebook.com\\\/DarMaziKurmanci\",\"https:\\\/\\\/x.com\\\/DarkaMaziLatini\",\"https:\\\/\\\/www.instagram.com\\\/darkamazi.kurmanci\\\/\",\"https:\\\/\\\/www.youtube.com\\\/channel\\\/UCa5HkTdmI8U1qCUFuTw8B2g\"]},{\"@type\":\"Person\",\"@id\":\"https:\\\/\\\/darkamazi.info\\\/#\\\/schema\\\/person\\\/5ad3e24553a0567993fa8ed4bd0a776c\",\"name\":\"darka mazi\",\"sameAs\":[\"https:\\\/\\\/darkamazi.info\\\/\"],\"url\":\"https:\\\/\\\/darkamazi.info\\\/archives\\\/author\\\/kurdi\"}]}<\/script>\n<!-- \/ Yoast SEO plugin. -->","seo_head_json":{"title":"Li \u015e\u00earawa 5 \u00e7etey\u00ean gir\u00eaday Tirkiy\u00ea hatin ku\u015ftin - Darka Maz\u00ee","robots":{"index":"index","follow":"follow","max-snippet":"max-snippet:-1","max-image-preview":"max-image-preview:large","max-video-preview":"max-video-preview:-1"},"canonical":"https:\/\/darkamazi.info\/archives\/1017473","og_locale":"en_US","og_type":"article","og_title":"Li \u015e\u00earawa 5 \u00e7etey\u00ean gir\u00eaday Tirkiy\u00ea hatin ku\u015ftin - Darka Maz\u00ee","og_description":"H\u00eaz\u00ean Rizgar\u00eeya Efr\u00een\u00ea di \u00e7alak\u00eeyek\u00ea da, 5 \u00e7ekdar\u00ean kom\u00ean \u00e7etey\u00ean gir\u00eaday Tirkiy\u00ea li nav\u00e7eya \u015e\u00earawa ku\u015ftin, wexta ku mo\u015fek li baregeha wan xist\u00ee. H\u00eaz\u00ean bi nav\u00ea Rizgar\u00eeya Efr\u00een\u00ea \u00eero roja s\u00ea\u015fem\u00ee 1\/12\/2020an di daxuyan\u00eeyek\u00ea de ragihand ku h\u00eaz\u00ean wan li gund\u00ea Bas\u00fbt\u00ea y\u00ea \u015e\u00earawa a nav\u00e7eya Efr\u00een\u00ea li hember\u00ee \u00e7etey\u00ean gir\u00eaday Tirkiy\u00ea \u00e7alakiyek taybet li [&hellip;]","og_url":"https:\/\/darkamazi.info\/archives\/1017473","og_site_name":"Darka Maz\u00ee","article_publisher":"https:\/\/www.facebook.com\/DarMaziKurmanci","article_published_time":"2020-12-01T11:58:56+00:00","og_image":[{"width":900,"height":497,"url":"https:\/\/darkamazi.info\/file\/2020\/12\/Li-Serawa-5-ceteyen-gireday-Tirkiye-hatin-kustin-1.jpg","type":"image\/jpeg"}],"author":"darka mazi","twitter_card":"summary_large_image","twitter_creator":"@DarkaMaziLatini","twitter_site":"@DarkaMaziLatini","twitter_misc":{"Written by":"darka mazi","Est. reading time":"1 minute"},"schema":{"@context":"https:\/\/schema.org","@graph":[{"@type":"Article","@id":"https:\/\/darkamazi.info\/archives\/1017473#article","isPartOf":{"@id":"https:\/\/darkamazi.info\/archives\/1017473"},"author":{"name":"darka mazi","@id":"https:\/\/darkamazi.info\/#\/schema\/person\/5ad3e24553a0567993fa8ed4bd0a776c"},"headline":"Li \u015e\u00earawa 5 \u00e7etey\u00ean gir\u00eaday Tirkiy\u00ea hatin ku\u015ftin","datePublished":"2020-12-01T11:58:56+00:00","mainEntityOfPage":{"@id":"https:\/\/darkamazi.info\/archives\/1017473"},"wordCount":198,"publisher":{"@id":"https:\/\/darkamazi.info\/#organization"},"image":{"@id":"https:\/\/darkamazi.info\/archives\/1017473#primaryimage"},"thumbnailUrl":"https:\/\/darkamazi.info\/file\/2020\/12\/Li-Serawa-5-ceteyen-gireday-Tirkiye-hatin-kustin-1.jpg","keywords":["sereke"],"articleSection":["Kurdistan"],"inLanguage":"en-US"},{"@type":"WebPage","@id":"https:\/\/darkamazi.info\/archives\/1017473","url":"https:\/\/darkamazi.info\/archives\/1017473","name":"Li \u015e\u00earawa 5 \u00e7etey\u00ean gir\u00eaday Tirkiy\u00ea hatin ku\u015ftin - Darka Maz\u00ee","isPartOf":{"@id":"https:\/\/darkamazi.info\/#website"},"primaryImageOfPage":{"@id":"https:\/\/darkamazi.info\/archives\/1017473#primaryimage"},"image":{"@id":"https:\/\/darkamazi.info\/archives\/1017473#primaryimage"},"thumbnailUrl":"https:\/\/darkamazi.info\/file\/2020\/12\/Li-Serawa-5-ceteyen-gireday-Tirkiye-hatin-kustin-1.jpg","datePublished":"2020-12-01T11:58:56+00:00","breadcrumb":{"@id":"https:\/\/darkamazi.info\/archives\/1017473#breadcrumb"},"inLanguage":"en-US","potentialAction":[{"@type":"ReadAction","target":["https:\/\/darkamazi.info\/archives\/1017473"]}]},{"@type":"ImageObject","inLanguage":"en-US","@id":"https:\/\/darkamazi.info\/archives\/1017473#primaryimage","url":"https:\/\/darkamazi.info\/file\/2020\/12\/Li-Serawa-5-ceteyen-gireday-Tirkiye-hatin-kustin-1.jpg","contentUrl":"https:\/\/darkamazi.info\/file\/2020\/12\/Li-Serawa-5-ceteyen-gireday-Tirkiye-hatin-kustin-1.jpg","width":900,"height":497,"caption":"Li \u015e\u00earawa 5 \u00e7etey\u00ean gir\u00eaday Tirkiy\u00ea hatin ku\u015ftin"},{"@type":"BreadcrumbList","@id":"https:\/\/darkamazi.info\/archives\/1017473#breadcrumb","itemListElement":[{"@type":"ListItem","position":1,"name":"Home","item":"https:\/\/darkamazi.info\/"},{"@type":"ListItem","position":2,"name":"Li \u015e\u00earawa 5 \u00e7etey\u00ean gir\u00eaday Tirkiy\u00ea hatin ku\u015ftin"}]},{"@type":"WebSite","@id":"https:\/\/darkamazi.info\/#website","url":"https:\/\/darkamazi.info\/","name":"Darka Maz\u00ee","description":"P\u00eageha Zanyariy\u00ean Nebih\u00eest\u00ee","publisher":{"@id":"https:\/\/darkamazi.info\/#organization"},"potentialAction":[{"@type":"SearchAction","target":{"@type":"EntryPoint","urlTemplate":"https:\/\/darkamazi.info\/?s={search_term_string}"},"query-input":{"@type":"PropertyValueSpecification","valueRequired":true,"valueName":"search_term_string"}}],"inLanguage":"en-US"},{"@type":"Organization","@id":"https:\/\/darkamazi.info\/#organization","name":"Darka Maz\u00ee","url":"https:\/\/darkamazi.info\/","logo":{"@type":"ImageObject","inLanguage":"en-US","@id":"https:\/\/darkamazi.info\/#\/schema\/logo\/image\/","url":"https:\/\/darkamazi.info\/file\/2017\/12\/darka-mazi-logo.png","contentUrl":"https:\/\/darkamazi.info\/file\/2017\/12\/darka-mazi-logo.png","width":151,"height":75,"caption":"Darka Maz\u00ee"},"image":{"@id":"https:\/\/darkamazi.info\/#\/schema\/logo\/image\/"},"sameAs":["https:\/\/www.facebook.com\/DarMaziKurmanci","https:\/\/x.com\/DarkaMaziLatini","https:\/\/www.instagram.com\/darkamazi.kurmanci\/","https:\/\/www.youtube.com\/channel\/UCa5HkTdmI8U1qCUFuTw8B2g"]},{"@type":"Person","@id":"https:\/\/darkamazi.info\/#\/schema\/person\/5ad3e24553a0567993fa8ed4bd0a776c","name":"darka mazi","sameAs":["https:\/\/darkamazi.info\/"],"url":"https:\/\/darkamazi.info\/archives\/author\/kurdi"}]}},"_links":{"self":[{"href":"https:\/\/darkamazi.info\/funavuv\/wp\/v2\/posts\/1017473","targetHints":{"allow":["GET"]}}],"collection":[{"href":"https:\/\/darkamazi.info\/funavuv\/wp\/v2\/posts"}],"about":[{"href":"https:\/\/darkamazi.info\/funavuv\/wp\/v2\/types\/post"}],"author":[{"embeddable":true,"href":"https:\/\/darkamazi.info\/funavuv\/wp\/v2\/users\/2"}],"replies":[{"embeddable":true,"href":"https:\/\/darkamazi.info\/funavuv\/wp\/v2\/comments?post=1017473"}],"version-history":[{"count":0,"href":"https:\/\/darkamazi.info\/funavuv\/wp\/v2\/posts\/1017473\/revisions"}],"wp:featuredmedia":[{"embeddable":true,"href":"https:\/\/darkamazi.info\/funavuv\/wp\/v2\/media\/1017474"}],"wp:attachment":[{"href":"https:\/\/darkamazi.info\/funavuv\/wp\/v2\/media?parent=1017473"}],"wp:term":[{"taxonomy":"category","embeddable":true,"href":"https:\/\/darkamazi.info\/funavuv\/wp\/v2\/categories?post=1017473"},{"taxonomy":"post_tag","embeddable":true,"href":"https:\/\/darkamazi.info\/funavuv\/wp\/v2\/tags?post=1017473"}],"curies":[{"name":"wp","href":"https:\/\/api.w.org\/{rel}","templated":true}]}}