{"id":1017555,"date":"2020-12-03T11:58:53","date_gmt":"2020-12-03T08:58:53","guid":{"rendered":"https:\/\/darkamazi.info\/?p=1017555"},"modified":"2020-12-03T11:58:53","modified_gmt":"2020-12-03T08:58:53","slug":"komen-cekdaran-ji-sengale-derketine-le-pkk-e-hejan-li-navceye-ye","status":"publish","type":"post","link":"https:\/\/darkamazi.info\/archives\/1017555","title":{"rendered":"Kom\u00ean \u00e7ekdaran ji \u015eengal\u00ea derketine l\u00ea PKK e h\u00eajan li nav\u00e7ey\u00ea ye"},"content":{"rendered":"<h3 style=\"text-align: justify\"><span style=\"font-family: 'arial black', sans-serif\">Fermandar\u00eeya operasyon\u00ean hevbe\u015f a \u00ceraq\u00ea \u00eero e\u015fkere kir, tevah\u00eeya kom\u00ean \u00e7ekdaran ji \u015eengal\u00ea derketine, l\u00ea bel\u00ea \u00e7avkaniy\u00ean xwecih\u00ee dib\u00eajn: \u00e7ekdar\u00ean PKK \u00ea h\u00eajan li nav\u00e7ey\u00ea ne.<\/span><\/h3>\n<h3 style=\"text-align: justify\">\u00cero d\u00fb roj li ser c\u00ee bi c\u00ee kirina peymana \u015eengal\u00ea a li n\u00eavbera hik\u00fbmeta \u00ceraq\u00ea \u00fb hik\u00fbmeta Ba\u015f\u00fbr\u00ea Kurdistan\u00ea derbas dibin, di roj\u00ean derbasb\u00fby\u00ee de, \u00e7ekdar\u00ean bi nav\u00ea Yek\u00eeney\u00ean Parastina \u015eengal\u00ea YB\u015e \u00ea y\u00ean gir\u00eaday PKK \u00ea baregeh\u00ean xwe bi c\u00ee hi\u015ftine, hemdem m\u00eel\u00ee\u015fya He\u015fda \u015eab\u00ee j\u00ee baregeh\u00ean xwe ji bo arte\u015fa \u00ceraq\u00ea \u00fb pol\u00ees\u00ean federal radest kirin.<\/h3>\n<h3 style=\"text-align: justify\">Di v\u00ea derbar\u00ea de, \u00eero roja p\u00eanc\u015fem\u00ee 3\/12\/2020an, Fermandar\u00eat\u00eeya Operasyon\u00ean Hevbe\u015f a \u00ceraq\u00ea e\u015fkere kir, tevah\u00eeya kom\u00ean \u00e7ekdaran ji \u015eengal\u00ea derketine \u00fb pol\u00ees\u00ean federal erka parastina \u015eengal\u00ea wergirtine.<\/h3>\n<h3 style=\"text-align: justify\">Herweha dest n\u00ee\u015fan kir, hik\u00fbmeta \u00ceraq\u00ea ji bo derxistina \u00e7ekdar\u00ean PKK \u00ea ji \u015eengal\u00ea ket\u00eeye nava hewl\u00ean mezin de, ji bo ku peymana n\u00eavbera Bexda \u00fb Hewl\u00ear\u00ea bi temamet\u00ee were bi c\u00ee kirin.<\/h3>\n<h3 style=\"text-align: justify\">L\u00ea bel\u00ea \u00e7avkaniy\u00ean xwech\u00ee e\u015fkere kirine, YB\u015e \u00ea baregeh\u00ean xwe bi c\u00ee hi\u015ftine, l\u00ea bel\u00ea \u00e7ekdar\u00ean PKK \u00ea h\u00eajan li nav\u00e7eya \u015eengal\u00ea \u00fb dorbera w\u00ea de mane.<\/h3>\n<h3 style=\"text-align: justify\">T\u00ea zan\u00een pa\u015f \u00ear\u00ee\u015fa terora DAI\u015e \u00ea a li tebaxa sala 2014an, PKK e ket\u00eeye di \u015eengal\u00ea de \u00fb navenda baj\u00ear \u00fb li gel 8 gund\u00ean \u015eengal\u00ea xistb\u00fbn j\u00ear kontirola xwe.<\/h3>\n","protected":false},"excerpt":{"rendered":"<p>Fermandar\u00eeya operasyon\u00ean hevbe\u015f a \u00ceraq\u00ea \u00eero e\u015fkere kir, tevah\u00eeya kom\u00ean \u00e7ekdaran ji \u015eengal\u00ea derketine, l\u00ea bel\u00ea \u00e7avkaniy\u00ean xwecih\u00ee dib\u00eajn: \u00e7ekdar\u00ean PKK \u00ea h\u00eajan li nav\u00e7ey\u00ea ne. \u00cero d\u00fb roj li ser c\u00ee bi c\u00ee kirina peymana \u015eengal\u00ea a li n\u00eavbera hik\u00fbmeta \u00ceraq\u00ea \u00fb hik\u00fbmeta Ba\u015f\u00fbr\u00ea Kurdistan\u00ea derbas dibin, di roj\u00ean derbasb\u00fby\u00ee de, \u00e7ekdar\u00ean bi nav\u00ea [&hellip;]<\/p>\n","protected":false},"author":2,"featured_media":1017556,"comment_status":"closed","ping_status":"closed","sticky":false,"template":"","format":"standard","meta":{"footnotes":""},"categories":[29],"tags":[37],"class_list":["post-1017555","post","type-post","status-publish","format-standard","has-post-thumbnail","hentry","category-kurdistan","tag-sereke"],"blocksy_meta":[],"seo_head":"<!-- This site is optimized with the Yoast SEO plugin v27.5 - https:\/\/yoast.com\/product\/yoast-seo-wordpress\/ -->\n<title>Kom\u00ean \u00e7ekdaran ji \u015eengal\u00ea derketine l\u00ea PKK e h\u00eajan li nav\u00e7ey\u00ea ye - Darka Maz\u00ee<\/title>\n<meta name=\"robots\" content=\"index, follow, max-snippet:-1, max-image-preview:large, max-video-preview:-1\" \/>\n<link rel=\"canonical\" href=\"https:\/\/darkamazi.info\/archives\/1017555\" \/>\n<meta property=\"og:locale\" content=\"en_US\" \/>\n<meta property=\"og:type\" content=\"article\" \/>\n<meta property=\"og:title\" content=\"Kom\u00ean \u00e7ekdaran ji \u015eengal\u00ea derketine l\u00ea PKK e h\u00eajan li nav\u00e7ey\u00ea ye - Darka Maz\u00ee\" \/>\n<meta property=\"og:description\" content=\"Fermandar\u00eeya operasyon\u00ean hevbe\u015f a \u00ceraq\u00ea \u00eero e\u015fkere kir, tevah\u00eeya kom\u00ean \u00e7ekdaran ji \u015eengal\u00ea derketine, l\u00ea bel\u00ea \u00e7avkaniy\u00ean xwecih\u00ee dib\u00eajn: \u00e7ekdar\u00ean PKK \u00ea h\u00eajan li nav\u00e7ey\u00ea ne. \u00cero d\u00fb roj li ser c\u00ee bi c\u00ee kirina peymana \u015eengal\u00ea a li n\u00eavbera hik\u00fbmeta \u00ceraq\u00ea \u00fb hik\u00fbmeta Ba\u015f\u00fbr\u00ea Kurdistan\u00ea derbas dibin, di roj\u00ean derbasb\u00fby\u00ee de, \u00e7ekdar\u00ean bi nav\u00ea [&hellip;]\" \/>\n<meta property=\"og:url\" content=\"https:\/\/darkamazi.info\/archives\/1017555\" \/>\n<meta property=\"og:site_name\" content=\"Darka Maz\u00ee\" \/>\n<meta property=\"article:publisher\" content=\"https:\/\/www.facebook.com\/DarMaziKurmanci\" \/>\n<meta property=\"article:published_time\" content=\"2020-12-03T08:58:53+00:00\" \/>\n<meta property=\"og:image\" content=\"https:\/\/darkamazi.info\/file\/2020\/12\/Komen-cekdaran-ji-Sengale-derketine-le-PKK-e-hejan-li-navceye-ye-1.jpg\" \/>\n\t<meta property=\"og:image:width\" content=\"900\" \/>\n\t<meta property=\"og:image:height\" content=\"497\" \/>\n\t<meta property=\"og:image:type\" content=\"image\/jpeg\" \/>\n<meta name=\"author\" content=\"darka mazi\" \/>\n<meta name=\"twitter:card\" content=\"summary_large_image\" \/>\n<meta name=\"twitter:creator\" content=\"@DarkaMaziLatini\" \/>\n<meta name=\"twitter:site\" content=\"@DarkaMaziLatini\" \/>\n<meta name=\"twitter:label1\" content=\"Written by\" \/>\n\t<meta name=\"twitter:data1\" content=\"darka mazi\" \/>\n\t<meta name=\"twitter:label2\" content=\"Est. reading time\" \/>\n\t<meta name=\"twitter:data2\" content=\"1 minute\" \/>\n<script type=\"application\/ld+json\" class=\"seo-schema-graph\">{\"@context\":\"https:\\\/\\\/schema.org\",\"@graph\":[{\"@type\":\"Article\",\"@id\":\"https:\\\/\\\/darkamazi.info\\\/archives\\\/1017555#article\",\"isPartOf\":{\"@id\":\"https:\\\/\\\/darkamazi.info\\\/archives\\\/1017555\"},\"author\":{\"name\":\"darka mazi\",\"@id\":\"https:\\\/\\\/darkamazi.info\\\/#\\\/schema\\\/person\\\/5ad3e24553a0567993fa8ed4bd0a776c\"},\"headline\":\"Kom\u00ean \u00e7ekdaran ji \u015eengal\u00ea derketine l\u00ea PKK e h\u00eajan li nav\u00e7ey\u00ea ye\",\"datePublished\":\"2020-12-03T08:58:53+00:00\",\"mainEntityOfPage\":{\"@id\":\"https:\\\/\\\/darkamazi.info\\\/archives\\\/1017555\"},\"wordCount\":265,\"publisher\":{\"@id\":\"https:\\\/\\\/darkamazi.info\\\/#organization\"},\"image\":{\"@id\":\"https:\\\/\\\/darkamazi.info\\\/archives\\\/1017555#primaryimage\"},\"thumbnailUrl\":\"https:\\\/\\\/darkamazi.info\\\/darka-content\\\/uploads\\\/2020\\\/12\\\/Komen-cekdaran-ji-Sengale-derketine-le-PKK-e-hejan-li-navceye-ye-1.jpg\",\"keywords\":[\"sereke\"],\"articleSection\":[\"Kurdistan\"],\"inLanguage\":\"en-US\"},{\"@type\":\"WebPage\",\"@id\":\"https:\\\/\\\/darkamazi.info\\\/archives\\\/1017555\",\"url\":\"https:\\\/\\\/darkamazi.info\\\/archives\\\/1017555\",\"name\":\"Kom\u00ean \u00e7ekdaran ji \u015eengal\u00ea derketine l\u00ea PKK e h\u00eajan li nav\u00e7ey\u00ea ye - Darka Maz\u00ee\",\"isPartOf\":{\"@id\":\"https:\\\/\\\/darkamazi.info\\\/#website\"},\"primaryImageOfPage\":{\"@id\":\"https:\\\/\\\/darkamazi.info\\\/archives\\\/1017555#primaryimage\"},\"image\":{\"@id\":\"https:\\\/\\\/darkamazi.info\\\/archives\\\/1017555#primaryimage\"},\"thumbnailUrl\":\"https:\\\/\\\/darkamazi.info\\\/darka-content\\\/uploads\\\/2020\\\/12\\\/Komen-cekdaran-ji-Sengale-derketine-le-PKK-e-hejan-li-navceye-ye-1.jpg\",\"datePublished\":\"2020-12-03T08:58:53+00:00\",\"breadcrumb\":{\"@id\":\"https:\\\/\\\/darkamazi.info\\\/archives\\\/1017555#breadcrumb\"},\"inLanguage\":\"en-US\",\"potentialAction\":[{\"@type\":\"ReadAction\",\"target\":[\"https:\\\/\\\/darkamazi.info\\\/archives\\\/1017555\"]}]},{\"@type\":\"ImageObject\",\"inLanguage\":\"en-US\",\"@id\":\"https:\\\/\\\/darkamazi.info\\\/archives\\\/1017555#primaryimage\",\"url\":\"https:\\\/\\\/darkamazi.info\\\/darka-content\\\/uploads\\\/2020\\\/12\\\/Komen-cekdaran-ji-Sengale-derketine-le-PKK-e-hejan-li-navceye-ye-1.jpg\",\"contentUrl\":\"https:\\\/\\\/darkamazi.info\\\/darka-content\\\/uploads\\\/2020\\\/12\\\/Komen-cekdaran-ji-Sengale-derketine-le-PKK-e-hejan-li-navceye-ye-1.jpg\",\"width\":900,\"height\":497,\"caption\":\"Kom\u00ean \u00e7ekdaran ji \u015eengal\u00ea derketine l\u00ea PKK e h\u00eajan li nav\u00e7ey\u00ea ye\"},{\"@type\":\"BreadcrumbList\",\"@id\":\"https:\\\/\\\/darkamazi.info\\\/archives\\\/1017555#breadcrumb\",\"itemListElement\":[{\"@type\":\"ListItem\",\"position\":1,\"name\":\"Home\",\"item\":\"https:\\\/\\\/darkamazi.info\\\/\"},{\"@type\":\"ListItem\",\"position\":2,\"name\":\"Kom\u00ean \u00e7ekdaran ji \u015eengal\u00ea derketine l\u00ea PKK e h\u00eajan li nav\u00e7ey\u00ea ye\"}]},{\"@type\":\"WebSite\",\"@id\":\"https:\\\/\\\/darkamazi.info\\\/#website\",\"url\":\"https:\\\/\\\/darkamazi.info\\\/\",\"name\":\"Darka Maz\u00ee\",\"description\":\"P\u00eageha Zanyariy\u00ean Nebih\u00eest\u00ee\",\"publisher\":{\"@id\":\"https:\\\/\\\/darkamazi.info\\\/#organization\"},\"potentialAction\":[{\"@type\":\"SearchAction\",\"target\":{\"@type\":\"EntryPoint\",\"urlTemplate\":\"https:\\\/\\\/darkamazi.info\\\/?s={search_term_string}\"},\"query-input\":{\"@type\":\"PropertyValueSpecification\",\"valueRequired\":true,\"valueName\":\"search_term_string\"}}],\"inLanguage\":\"en-US\"},{\"@type\":\"Organization\",\"@id\":\"https:\\\/\\\/darkamazi.info\\\/#organization\",\"name\":\"Darka Maz\u00ee\",\"url\":\"https:\\\/\\\/darkamazi.info\\\/\",\"logo\":{\"@type\":\"ImageObject\",\"inLanguage\":\"en-US\",\"@id\":\"https:\\\/\\\/darkamazi.info\\\/#\\\/schema\\\/logo\\\/image\\\/\",\"url\":\"https:\\\/\\\/darkamazi.info\\\/darka-content\\\/uploads\\\/2017\\\/12\\\/darka-mazi-logo.png\",\"contentUrl\":\"https:\\\/\\\/darkamazi.info\\\/darka-content\\\/uploads\\\/2017\\\/12\\\/darka-mazi-logo.png\",\"width\":151,\"height\":75,\"caption\":\"Darka Maz\u00ee\"},\"image\":{\"@id\":\"https:\\\/\\\/darkamazi.info\\\/#\\\/schema\\\/logo\\\/image\\\/\"},\"sameAs\":[\"https:\\\/\\\/www.facebook.com\\\/DarMaziKurmanci\",\"https:\\\/\\\/x.com\\\/DarkaMaziLatini\",\"https:\\\/\\\/www.instagram.com\\\/darkamazi.kurmanci\\\/\",\"https:\\\/\\\/www.youtube.com\\\/channel\\\/UCa5HkTdmI8U1qCUFuTw8B2g\"]},{\"@type\":\"Person\",\"@id\":\"https:\\\/\\\/darkamazi.info\\\/#\\\/schema\\\/person\\\/5ad3e24553a0567993fa8ed4bd0a776c\",\"name\":\"darka mazi\",\"sameAs\":[\"https:\\\/\\\/darkamazi.info\\\/\"],\"url\":\"https:\\\/\\\/darkamazi.info\\\/archives\\\/author\\\/kurdi\"}]}<\/script>\n<!-- \/ Yoast SEO plugin. -->","seo_head_json":{"title":"Kom\u00ean \u00e7ekdaran ji \u015eengal\u00ea derketine l\u00ea PKK e h\u00eajan li nav\u00e7ey\u00ea ye - Darka Maz\u00ee","robots":{"index":"index","follow":"follow","max-snippet":"max-snippet:-1","max-image-preview":"max-image-preview:large","max-video-preview":"max-video-preview:-1"},"canonical":"https:\/\/darkamazi.info\/archives\/1017555","og_locale":"en_US","og_type":"article","og_title":"Kom\u00ean \u00e7ekdaran ji \u015eengal\u00ea derketine l\u00ea PKK e h\u00eajan li nav\u00e7ey\u00ea ye - Darka Maz\u00ee","og_description":"Fermandar\u00eeya operasyon\u00ean hevbe\u015f a \u00ceraq\u00ea \u00eero e\u015fkere kir, tevah\u00eeya kom\u00ean \u00e7ekdaran ji \u015eengal\u00ea derketine, l\u00ea bel\u00ea \u00e7avkaniy\u00ean xwecih\u00ee dib\u00eajn: \u00e7ekdar\u00ean PKK \u00ea h\u00eajan li nav\u00e7ey\u00ea ne. \u00cero d\u00fb roj li ser c\u00ee bi c\u00ee kirina peymana \u015eengal\u00ea a li n\u00eavbera hik\u00fbmeta \u00ceraq\u00ea \u00fb hik\u00fbmeta Ba\u015f\u00fbr\u00ea Kurdistan\u00ea derbas dibin, di roj\u00ean derbasb\u00fby\u00ee de, \u00e7ekdar\u00ean bi nav\u00ea [&hellip;]","og_url":"https:\/\/darkamazi.info\/archives\/1017555","og_site_name":"Darka Maz\u00ee","article_publisher":"https:\/\/www.facebook.com\/DarMaziKurmanci","article_published_time":"2020-12-03T08:58:53+00:00","og_image":[{"width":900,"height":497,"url":"https:\/\/darkamazi.info\/file\/2020\/12\/Komen-cekdaran-ji-Sengale-derketine-le-PKK-e-hejan-li-navceye-ye-1.jpg","type":"image\/jpeg"}],"author":"darka mazi","twitter_card":"summary_large_image","twitter_creator":"@DarkaMaziLatini","twitter_site":"@DarkaMaziLatini","twitter_misc":{"Written by":"darka mazi","Est. reading time":"1 minute"},"schema":{"@context":"https:\/\/schema.org","@graph":[{"@type":"Article","@id":"https:\/\/darkamazi.info\/archives\/1017555#article","isPartOf":{"@id":"https:\/\/darkamazi.info\/archives\/1017555"},"author":{"name":"darka mazi","@id":"https:\/\/darkamazi.info\/#\/schema\/person\/5ad3e24553a0567993fa8ed4bd0a776c"},"headline":"Kom\u00ean \u00e7ekdaran ji \u015eengal\u00ea derketine l\u00ea PKK e h\u00eajan li nav\u00e7ey\u00ea ye","datePublished":"2020-12-03T08:58:53+00:00","mainEntityOfPage":{"@id":"https:\/\/darkamazi.info\/archives\/1017555"},"wordCount":265,"publisher":{"@id":"https:\/\/darkamazi.info\/#organization"},"image":{"@id":"https:\/\/darkamazi.info\/archives\/1017555#primaryimage"},"thumbnailUrl":"https:\/\/darkamazi.info\/file\/2020\/12\/Komen-cekdaran-ji-Sengale-derketine-le-PKK-e-hejan-li-navceye-ye-1.jpg","keywords":["sereke"],"articleSection":["Kurdistan"],"inLanguage":"en-US"},{"@type":"WebPage","@id":"https:\/\/darkamazi.info\/archives\/1017555","url":"https:\/\/darkamazi.info\/archives\/1017555","name":"Kom\u00ean \u00e7ekdaran ji \u015eengal\u00ea derketine l\u00ea PKK e h\u00eajan li nav\u00e7ey\u00ea ye - Darka Maz\u00ee","isPartOf":{"@id":"https:\/\/darkamazi.info\/#website"},"primaryImageOfPage":{"@id":"https:\/\/darkamazi.info\/archives\/1017555#primaryimage"},"image":{"@id":"https:\/\/darkamazi.info\/archives\/1017555#primaryimage"},"thumbnailUrl":"https:\/\/darkamazi.info\/file\/2020\/12\/Komen-cekdaran-ji-Sengale-derketine-le-PKK-e-hejan-li-navceye-ye-1.jpg","datePublished":"2020-12-03T08:58:53+00:00","breadcrumb":{"@id":"https:\/\/darkamazi.info\/archives\/1017555#breadcrumb"},"inLanguage":"en-US","potentialAction":[{"@type":"ReadAction","target":["https:\/\/darkamazi.info\/archives\/1017555"]}]},{"@type":"ImageObject","inLanguage":"en-US","@id":"https:\/\/darkamazi.info\/archives\/1017555#primaryimage","url":"https:\/\/darkamazi.info\/file\/2020\/12\/Komen-cekdaran-ji-Sengale-derketine-le-PKK-e-hejan-li-navceye-ye-1.jpg","contentUrl":"https:\/\/darkamazi.info\/file\/2020\/12\/Komen-cekdaran-ji-Sengale-derketine-le-PKK-e-hejan-li-navceye-ye-1.jpg","width":900,"height":497,"caption":"Kom\u00ean \u00e7ekdaran ji \u015eengal\u00ea derketine l\u00ea PKK e h\u00eajan li nav\u00e7ey\u00ea ye"},{"@type":"BreadcrumbList","@id":"https:\/\/darkamazi.info\/archives\/1017555#breadcrumb","itemListElement":[{"@type":"ListItem","position":1,"name":"Home","item":"https:\/\/darkamazi.info\/"},{"@type":"ListItem","position":2,"name":"Kom\u00ean \u00e7ekdaran ji \u015eengal\u00ea derketine l\u00ea PKK e h\u00eajan li nav\u00e7ey\u00ea ye"}]},{"@type":"WebSite","@id":"https:\/\/darkamazi.info\/#website","url":"https:\/\/darkamazi.info\/","name":"Darka Maz\u00ee","description":"P\u00eageha Zanyariy\u00ean Nebih\u00eest\u00ee","publisher":{"@id":"https:\/\/darkamazi.info\/#organization"},"potentialAction":[{"@type":"SearchAction","target":{"@type":"EntryPoint","urlTemplate":"https:\/\/darkamazi.info\/?s={search_term_string}"},"query-input":{"@type":"PropertyValueSpecification","valueRequired":true,"valueName":"search_term_string"}}],"inLanguage":"en-US"},{"@type":"Organization","@id":"https:\/\/darkamazi.info\/#organization","name":"Darka Maz\u00ee","url":"https:\/\/darkamazi.info\/","logo":{"@type":"ImageObject","inLanguage":"en-US","@id":"https:\/\/darkamazi.info\/#\/schema\/logo\/image\/","url":"https:\/\/darkamazi.info\/file\/2017\/12\/darka-mazi-logo.png","contentUrl":"https:\/\/darkamazi.info\/file\/2017\/12\/darka-mazi-logo.png","width":151,"height":75,"caption":"Darka Maz\u00ee"},"image":{"@id":"https:\/\/darkamazi.info\/#\/schema\/logo\/image\/"},"sameAs":["https:\/\/www.facebook.com\/DarMaziKurmanci","https:\/\/x.com\/DarkaMaziLatini","https:\/\/www.instagram.com\/darkamazi.kurmanci\/","https:\/\/www.youtube.com\/channel\/UCa5HkTdmI8U1qCUFuTw8B2g"]},{"@type":"Person","@id":"https:\/\/darkamazi.info\/#\/schema\/person\/5ad3e24553a0567993fa8ed4bd0a776c","name":"darka mazi","sameAs":["https:\/\/darkamazi.info\/"],"url":"https:\/\/darkamazi.info\/archives\/author\/kurdi"}]}},"_links":{"self":[{"href":"https:\/\/darkamazi.info\/funavuv\/wp\/v2\/posts\/1017555","targetHints":{"allow":["GET"]}}],"collection":[{"href":"https:\/\/darkamazi.info\/funavuv\/wp\/v2\/posts"}],"about":[{"href":"https:\/\/darkamazi.info\/funavuv\/wp\/v2\/types\/post"}],"author":[{"embeddable":true,"href":"https:\/\/darkamazi.info\/funavuv\/wp\/v2\/users\/2"}],"replies":[{"embeddable":true,"href":"https:\/\/darkamazi.info\/funavuv\/wp\/v2\/comments?post=1017555"}],"version-history":[{"count":0,"href":"https:\/\/darkamazi.info\/funavuv\/wp\/v2\/posts\/1017555\/revisions"}],"wp:featuredmedia":[{"embeddable":true,"href":"https:\/\/darkamazi.info\/funavuv\/wp\/v2\/media\/1017556"}],"wp:attachment":[{"href":"https:\/\/darkamazi.info\/funavuv\/wp\/v2\/media?parent=1017555"}],"wp:term":[{"taxonomy":"category","embeddable":true,"href":"https:\/\/darkamazi.info\/funavuv\/wp\/v2\/categories?post=1017555"},{"taxonomy":"post_tag","embeddable":true,"href":"https:\/\/darkamazi.info\/funavuv\/wp\/v2\/tags?post=1017555"}],"curies":[{"name":"wp","href":"https:\/\/api.w.org\/{rel}","templated":true}]}}