{"id":1017569,"date":"2020-12-03T15:26:47","date_gmt":"2020-12-03T12:26:47","guid":{"rendered":"https:\/\/darkamazi.info\/?p=1017569"},"modified":"2020-12-03T15:26:47","modified_gmt":"2020-12-03T12:26:47","slug":"wezire-derve-pistrastin-israile-fexrizade-kustiye","status":"publish","type":"post","link":"https:\/\/darkamazi.info\/archives\/1017569","title":{"rendered":"Wez\u00eer\u00ea derve: pi\u015ftrast\u00een Isra\u00eel\u00ea Fexr\u00eezade ku\u015ft\u00eeye"},"content":{"rendered":"<h3 style=\"text-align: justify\"><span style=\"font-family: 'arial black', sans-serif\">Wez\u00eer\u00ea kar\u00ean derve y\u00ea \u00ceran\u00ea \u00eero e\u015fkere kir, Tehran ji w\u00ea yek\u00ea pi\u015ft raste ku Isra\u00eel\u00ea, zanay\u00ean etom\u00ee Mihsin Fexr\u00eezade ku\u015ft\u00eeye.<\/span><\/h3>\n<h3 style=\"text-align: justify\">Mihemed Cewad Zer\u00eef, wez\u00eer\u00ea kar\u00ean derve y\u00ea \u00ceran\u00ea daxuyan\u00ee li derbara Peymana Etom\u00eey a \u00ceran\u00ea li gel dewlet\u00ean zilh\u00eaz \u00ean c\u00eehan\u00ea da \u00fb dest n\u00ee\u015fan kir, Tehran bi tu away\u00ee careke din danustendinan li derbara peymanek\u00ea encam nade ku di esas\u00ea de lihevhatin li ser heye.<\/h3>\n<h3 style=\"text-align: justify\">Her wiha got: Tehran w\u00ea pabend\u00ee erk\u00ean xwe be di w\u00ea peyman\u00ea de, heger Amer\u00eeka \u00fb Ewropay pabend bibin \u00fb dest n\u00ee\u015fan kir ku p\u00eaw\u00eeste Amer\u00eeka b\u00ea meric erk\u00ean xwe y\u00ean di w\u00ea peyman\u00ea de bi c\u00ee bike.<\/h3>\n<h3 style=\"text-align: justify\">Li derbara teror kirina zanay\u00ea etom\u00ee Mihsin Fexr\u00eezade, wez\u00eer\u00ea kar\u00ea derve y\u00ea \u00ceran\u00ea dib\u00eaje: Tehran ji w\u00ea yek\u00ea pi\u015ft raste ku Isra\u00eel\u00ea Fexr\u00eezade teror kir\u00eeye.<\/h3>\n<h3 style=\"text-align: justify\">Cewad Zer\u00eef dib\u00eaje: \u00ceran li benda Firensay\u00ea \u00fb Ber\u00eetanyay\u00ea maye ku teror kirina Fexr\u00eezade \u015fermezar bikin, em dib\u00eenin ku dewlet\u00ean rojava pi\u015ftgiriy\u00ea didin w\u00ea terora ku Isra\u00eel li nave\u00e7ey\u00ea p\u00eak t\u00eene.<\/h3>\n","protected":false},"excerpt":{"rendered":"<p>Wez\u00eer\u00ea kar\u00ean derve y\u00ea \u00ceran\u00ea \u00eero e\u015fkere kir, Tehran ji w\u00ea yek\u00ea pi\u015ft raste ku Isra\u00eel\u00ea, zanay\u00ean etom\u00ee Mihsin Fexr\u00eezade ku\u015ft\u00eeye. Mihemed Cewad Zer\u00eef, wez\u00eer\u00ea kar\u00ean derve y\u00ea \u00ceran\u00ea daxuyan\u00ee li derbara Peymana Etom\u00eey a \u00ceran\u00ea li gel dewlet\u00ean zilh\u00eaz \u00ean c\u00eehan\u00ea da \u00fb dest n\u00ee\u015fan kir, Tehran bi tu away\u00ee careke din danustendinan li [&hellip;]<\/p>\n","protected":false},"author":2,"featured_media":1017571,"comment_status":"closed","ping_status":"closed","sticky":false,"template":"","format":"standard","meta":{"footnotes":""},"categories":[31],"tags":[37],"class_list":["post-1017569","post","type-post","status-publish","format-standard","has-post-thumbnail","hentry","category-rojhelata-navin","tag-sereke"],"blocksy_meta":[],"seo_head":"<!-- This site is optimized with the Yoast SEO plugin v27.5 - https:\/\/yoast.com\/product\/yoast-seo-wordpress\/ -->\n<title>Wez\u00eer\u00ea derve: pi\u015ftrast\u00een Isra\u00eel\u00ea Fexr\u00eezade ku\u015ft\u00eeye - Darka Maz\u00ee<\/title>\n<meta name=\"robots\" content=\"index, follow, max-snippet:-1, max-image-preview:large, max-video-preview:-1\" \/>\n<link rel=\"canonical\" href=\"https:\/\/darkamazi.info\/archives\/1017569\" \/>\n<meta property=\"og:locale\" content=\"en_US\" \/>\n<meta property=\"og:type\" content=\"article\" \/>\n<meta property=\"og:title\" content=\"Wez\u00eer\u00ea derve: pi\u015ftrast\u00een Isra\u00eel\u00ea Fexr\u00eezade ku\u015ft\u00eeye - Darka Maz\u00ee\" \/>\n<meta property=\"og:description\" content=\"Wez\u00eer\u00ea kar\u00ean derve y\u00ea \u00ceran\u00ea \u00eero e\u015fkere kir, Tehran ji w\u00ea yek\u00ea pi\u015ft raste ku Isra\u00eel\u00ea, zanay\u00ean etom\u00ee Mihsin Fexr\u00eezade ku\u015ft\u00eeye. Mihemed Cewad Zer\u00eef, wez\u00eer\u00ea kar\u00ean derve y\u00ea \u00ceran\u00ea daxuyan\u00ee li derbara Peymana Etom\u00eey a \u00ceran\u00ea li gel dewlet\u00ean zilh\u00eaz \u00ean c\u00eehan\u00ea da \u00fb dest n\u00ee\u015fan kir, Tehran bi tu away\u00ee careke din danustendinan li [&hellip;]\" \/>\n<meta property=\"og:url\" content=\"https:\/\/darkamazi.info\/archives\/1017569\" \/>\n<meta property=\"og:site_name\" content=\"Darka Maz\u00ee\" \/>\n<meta property=\"article:publisher\" content=\"https:\/\/www.facebook.com\/DarMaziKurmanci\" \/>\n<meta property=\"article:published_time\" content=\"2020-12-03T12:26:47+00:00\" \/>\n<meta property=\"og:image\" content=\"https:\/\/darkamazi.info\/file\/2020\/12\/Wezire-derve-pistrastin-Israile-Fexrizade-kustiye-1.jpg\" \/>\n\t<meta property=\"og:image:width\" content=\"900\" \/>\n\t<meta property=\"og:image:height\" content=\"497\" \/>\n\t<meta property=\"og:image:type\" content=\"image\/jpeg\" \/>\n<meta name=\"author\" content=\"darka mazi\" \/>\n<meta name=\"twitter:card\" content=\"summary_large_image\" \/>\n<meta name=\"twitter:creator\" content=\"@DarkaMaziLatini\" \/>\n<meta name=\"twitter:site\" content=\"@DarkaMaziLatini\" \/>\n<meta name=\"twitter:label1\" content=\"Written by\" \/>\n\t<meta name=\"twitter:data1\" content=\"darka mazi\" \/>\n\t<meta name=\"twitter:label2\" content=\"Est. reading time\" \/>\n\t<meta name=\"twitter:data2\" content=\"1 minute\" \/>\n<script type=\"application\/ld+json\" class=\"seo-schema-graph\">{\"@context\":\"https:\\\/\\\/schema.org\",\"@graph\":[{\"@type\":\"Article\",\"@id\":\"https:\\\/\\\/darkamazi.info\\\/archives\\\/1017569#article\",\"isPartOf\":{\"@id\":\"https:\\\/\\\/darkamazi.info\\\/archives\\\/1017569\"},\"author\":{\"name\":\"darka mazi\",\"@id\":\"https:\\\/\\\/darkamazi.info\\\/#\\\/schema\\\/person\\\/5ad3e24553a0567993fa8ed4bd0a776c\"},\"headline\":\"Wez\u00eer\u00ea derve: pi\u015ftrast\u00een Isra\u00eel\u00ea Fexr\u00eezade ku\u015ft\u00eeye\",\"datePublished\":\"2020-12-03T12:26:47+00:00\",\"mainEntityOfPage\":{\"@id\":\"https:\\\/\\\/darkamazi.info\\\/archives\\\/1017569\"},\"wordCount\":213,\"publisher\":{\"@id\":\"https:\\\/\\\/darkamazi.info\\\/#organization\"},\"image\":{\"@id\":\"https:\\\/\\\/darkamazi.info\\\/archives\\\/1017569#primaryimage\"},\"thumbnailUrl\":\"https:\\\/\\\/darkamazi.info\\\/darka-content\\\/uploads\\\/2020\\\/12\\\/Wezire-derve-pistrastin-Israile-Fexrizade-kustiye-1.jpg\",\"keywords\":[\"sereke\"],\"articleSection\":[\"Rojhelata nav\u00een\"],\"inLanguage\":\"en-US\"},{\"@type\":\"WebPage\",\"@id\":\"https:\\\/\\\/darkamazi.info\\\/archives\\\/1017569\",\"url\":\"https:\\\/\\\/darkamazi.info\\\/archives\\\/1017569\",\"name\":\"Wez\u00eer\u00ea derve: pi\u015ftrast\u00een Isra\u00eel\u00ea Fexr\u00eezade ku\u015ft\u00eeye - Darka Maz\u00ee\",\"isPartOf\":{\"@id\":\"https:\\\/\\\/darkamazi.info\\\/#website\"},\"primaryImageOfPage\":{\"@id\":\"https:\\\/\\\/darkamazi.info\\\/archives\\\/1017569#primaryimage\"},\"image\":{\"@id\":\"https:\\\/\\\/darkamazi.info\\\/archives\\\/1017569#primaryimage\"},\"thumbnailUrl\":\"https:\\\/\\\/darkamazi.info\\\/darka-content\\\/uploads\\\/2020\\\/12\\\/Wezire-derve-pistrastin-Israile-Fexrizade-kustiye-1.jpg\",\"datePublished\":\"2020-12-03T12:26:47+00:00\",\"breadcrumb\":{\"@id\":\"https:\\\/\\\/darkamazi.info\\\/archives\\\/1017569#breadcrumb\"},\"inLanguage\":\"en-US\",\"potentialAction\":[{\"@type\":\"ReadAction\",\"target\":[\"https:\\\/\\\/darkamazi.info\\\/archives\\\/1017569\"]}]},{\"@type\":\"ImageObject\",\"inLanguage\":\"en-US\",\"@id\":\"https:\\\/\\\/darkamazi.info\\\/archives\\\/1017569#primaryimage\",\"url\":\"https:\\\/\\\/darkamazi.info\\\/darka-content\\\/uploads\\\/2020\\\/12\\\/Wezire-derve-pistrastin-Israile-Fexrizade-kustiye-1.jpg\",\"contentUrl\":\"https:\\\/\\\/darkamazi.info\\\/darka-content\\\/uploads\\\/2020\\\/12\\\/Wezire-derve-pistrastin-Israile-Fexrizade-kustiye-1.jpg\",\"width\":900,\"height\":497,\"caption\":\"Wez\u00eer\u00ea derve pi\u015ftrast\u00een Isra\u00eel\u00ea Fexr\u00eezade ku\u015ft\u00eeye\"},{\"@type\":\"BreadcrumbList\",\"@id\":\"https:\\\/\\\/darkamazi.info\\\/archives\\\/1017569#breadcrumb\",\"itemListElement\":[{\"@type\":\"ListItem\",\"position\":1,\"name\":\"Home\",\"item\":\"https:\\\/\\\/darkamazi.info\\\/\"},{\"@type\":\"ListItem\",\"position\":2,\"name\":\"Wez\u00eer\u00ea derve: pi\u015ftrast\u00een Isra\u00eel\u00ea Fexr\u00eezade ku\u015ft\u00eeye\"}]},{\"@type\":\"WebSite\",\"@id\":\"https:\\\/\\\/darkamazi.info\\\/#website\",\"url\":\"https:\\\/\\\/darkamazi.info\\\/\",\"name\":\"Darka Maz\u00ee\",\"description\":\"P\u00eageha Zanyariy\u00ean Nebih\u00eest\u00ee\",\"publisher\":{\"@id\":\"https:\\\/\\\/darkamazi.info\\\/#organization\"},\"potentialAction\":[{\"@type\":\"SearchAction\",\"target\":{\"@type\":\"EntryPoint\",\"urlTemplate\":\"https:\\\/\\\/darkamazi.info\\\/?s={search_term_string}\"},\"query-input\":{\"@type\":\"PropertyValueSpecification\",\"valueRequired\":true,\"valueName\":\"search_term_string\"}}],\"inLanguage\":\"en-US\"},{\"@type\":\"Organization\",\"@id\":\"https:\\\/\\\/darkamazi.info\\\/#organization\",\"name\":\"Darka Maz\u00ee\",\"url\":\"https:\\\/\\\/darkamazi.info\\\/\",\"logo\":{\"@type\":\"ImageObject\",\"inLanguage\":\"en-US\",\"@id\":\"https:\\\/\\\/darkamazi.info\\\/#\\\/schema\\\/logo\\\/image\\\/\",\"url\":\"https:\\\/\\\/darkamazi.info\\\/darka-content\\\/uploads\\\/2017\\\/12\\\/darka-mazi-logo.png\",\"contentUrl\":\"https:\\\/\\\/darkamazi.info\\\/darka-content\\\/uploads\\\/2017\\\/12\\\/darka-mazi-logo.png\",\"width\":151,\"height\":75,\"caption\":\"Darka Maz\u00ee\"},\"image\":{\"@id\":\"https:\\\/\\\/darkamazi.info\\\/#\\\/schema\\\/logo\\\/image\\\/\"},\"sameAs\":[\"https:\\\/\\\/www.facebook.com\\\/DarMaziKurmanci\",\"https:\\\/\\\/x.com\\\/DarkaMaziLatini\",\"https:\\\/\\\/www.instagram.com\\\/darkamazi.kurmanci\\\/\",\"https:\\\/\\\/www.youtube.com\\\/channel\\\/UCa5HkTdmI8U1qCUFuTw8B2g\"]},{\"@type\":\"Person\",\"@id\":\"https:\\\/\\\/darkamazi.info\\\/#\\\/schema\\\/person\\\/5ad3e24553a0567993fa8ed4bd0a776c\",\"name\":\"darka mazi\",\"sameAs\":[\"https:\\\/\\\/darkamazi.info\\\/\"],\"url\":\"https:\\\/\\\/darkamazi.info\\\/archives\\\/author\\\/kurdi\"}]}<\/script>\n<!-- \/ Yoast SEO plugin. -->","seo_head_json":{"title":"Wez\u00eer\u00ea derve: pi\u015ftrast\u00een Isra\u00eel\u00ea Fexr\u00eezade ku\u015ft\u00eeye - Darka Maz\u00ee","robots":{"index":"index","follow":"follow","max-snippet":"max-snippet:-1","max-image-preview":"max-image-preview:large","max-video-preview":"max-video-preview:-1"},"canonical":"https:\/\/darkamazi.info\/archives\/1017569","og_locale":"en_US","og_type":"article","og_title":"Wez\u00eer\u00ea derve: pi\u015ftrast\u00een Isra\u00eel\u00ea Fexr\u00eezade ku\u015ft\u00eeye - Darka Maz\u00ee","og_description":"Wez\u00eer\u00ea kar\u00ean derve y\u00ea \u00ceran\u00ea \u00eero e\u015fkere kir, Tehran ji w\u00ea yek\u00ea pi\u015ft raste ku Isra\u00eel\u00ea, zanay\u00ean etom\u00ee Mihsin Fexr\u00eezade ku\u015ft\u00eeye. Mihemed Cewad Zer\u00eef, wez\u00eer\u00ea kar\u00ean derve y\u00ea \u00ceran\u00ea daxuyan\u00ee li derbara Peymana Etom\u00eey a \u00ceran\u00ea li gel dewlet\u00ean zilh\u00eaz \u00ean c\u00eehan\u00ea da \u00fb dest n\u00ee\u015fan kir, Tehran bi tu away\u00ee careke din danustendinan li [&hellip;]","og_url":"https:\/\/darkamazi.info\/archives\/1017569","og_site_name":"Darka Maz\u00ee","article_publisher":"https:\/\/www.facebook.com\/DarMaziKurmanci","article_published_time":"2020-12-03T12:26:47+00:00","og_image":[{"width":900,"height":497,"url":"https:\/\/darkamazi.info\/file\/2020\/12\/Wezire-derve-pistrastin-Israile-Fexrizade-kustiye-1.jpg","type":"image\/jpeg"}],"author":"darka mazi","twitter_card":"summary_large_image","twitter_creator":"@DarkaMaziLatini","twitter_site":"@DarkaMaziLatini","twitter_misc":{"Written by":"darka mazi","Est. reading time":"1 minute"},"schema":{"@context":"https:\/\/schema.org","@graph":[{"@type":"Article","@id":"https:\/\/darkamazi.info\/archives\/1017569#article","isPartOf":{"@id":"https:\/\/darkamazi.info\/archives\/1017569"},"author":{"name":"darka mazi","@id":"https:\/\/darkamazi.info\/#\/schema\/person\/5ad3e24553a0567993fa8ed4bd0a776c"},"headline":"Wez\u00eer\u00ea derve: pi\u015ftrast\u00een Isra\u00eel\u00ea Fexr\u00eezade ku\u015ft\u00eeye","datePublished":"2020-12-03T12:26:47+00:00","mainEntityOfPage":{"@id":"https:\/\/darkamazi.info\/archives\/1017569"},"wordCount":213,"publisher":{"@id":"https:\/\/darkamazi.info\/#organization"},"image":{"@id":"https:\/\/darkamazi.info\/archives\/1017569#primaryimage"},"thumbnailUrl":"https:\/\/darkamazi.info\/file\/2020\/12\/Wezire-derve-pistrastin-Israile-Fexrizade-kustiye-1.jpg","keywords":["sereke"],"articleSection":["Rojhelata nav\u00een"],"inLanguage":"en-US"},{"@type":"WebPage","@id":"https:\/\/darkamazi.info\/archives\/1017569","url":"https:\/\/darkamazi.info\/archives\/1017569","name":"Wez\u00eer\u00ea derve: pi\u015ftrast\u00een Isra\u00eel\u00ea Fexr\u00eezade ku\u015ft\u00eeye - Darka Maz\u00ee","isPartOf":{"@id":"https:\/\/darkamazi.info\/#website"},"primaryImageOfPage":{"@id":"https:\/\/darkamazi.info\/archives\/1017569#primaryimage"},"image":{"@id":"https:\/\/darkamazi.info\/archives\/1017569#primaryimage"},"thumbnailUrl":"https:\/\/darkamazi.info\/file\/2020\/12\/Wezire-derve-pistrastin-Israile-Fexrizade-kustiye-1.jpg","datePublished":"2020-12-03T12:26:47+00:00","breadcrumb":{"@id":"https:\/\/darkamazi.info\/archives\/1017569#breadcrumb"},"inLanguage":"en-US","potentialAction":[{"@type":"ReadAction","target":["https:\/\/darkamazi.info\/archives\/1017569"]}]},{"@type":"ImageObject","inLanguage":"en-US","@id":"https:\/\/darkamazi.info\/archives\/1017569#primaryimage","url":"https:\/\/darkamazi.info\/file\/2020\/12\/Wezire-derve-pistrastin-Israile-Fexrizade-kustiye-1.jpg","contentUrl":"https:\/\/darkamazi.info\/file\/2020\/12\/Wezire-derve-pistrastin-Israile-Fexrizade-kustiye-1.jpg","width":900,"height":497,"caption":"Wez\u00eer\u00ea derve pi\u015ftrast\u00een Isra\u00eel\u00ea Fexr\u00eezade ku\u015ft\u00eeye"},{"@type":"BreadcrumbList","@id":"https:\/\/darkamazi.info\/archives\/1017569#breadcrumb","itemListElement":[{"@type":"ListItem","position":1,"name":"Home","item":"https:\/\/darkamazi.info\/"},{"@type":"ListItem","position":2,"name":"Wez\u00eer\u00ea derve: pi\u015ftrast\u00een Isra\u00eel\u00ea Fexr\u00eezade ku\u015ft\u00eeye"}]},{"@type":"WebSite","@id":"https:\/\/darkamazi.info\/#website","url":"https:\/\/darkamazi.info\/","name":"Darka Maz\u00ee","description":"P\u00eageha Zanyariy\u00ean Nebih\u00eest\u00ee","publisher":{"@id":"https:\/\/darkamazi.info\/#organization"},"potentialAction":[{"@type":"SearchAction","target":{"@type":"EntryPoint","urlTemplate":"https:\/\/darkamazi.info\/?s={search_term_string}"},"query-input":{"@type":"PropertyValueSpecification","valueRequired":true,"valueName":"search_term_string"}}],"inLanguage":"en-US"},{"@type":"Organization","@id":"https:\/\/darkamazi.info\/#organization","name":"Darka Maz\u00ee","url":"https:\/\/darkamazi.info\/","logo":{"@type":"ImageObject","inLanguage":"en-US","@id":"https:\/\/darkamazi.info\/#\/schema\/logo\/image\/","url":"https:\/\/darkamazi.info\/file\/2017\/12\/darka-mazi-logo.png","contentUrl":"https:\/\/darkamazi.info\/file\/2017\/12\/darka-mazi-logo.png","width":151,"height":75,"caption":"Darka Maz\u00ee"},"image":{"@id":"https:\/\/darkamazi.info\/#\/schema\/logo\/image\/"},"sameAs":["https:\/\/www.facebook.com\/DarMaziKurmanci","https:\/\/x.com\/DarkaMaziLatini","https:\/\/www.instagram.com\/darkamazi.kurmanci\/","https:\/\/www.youtube.com\/channel\/UCa5HkTdmI8U1qCUFuTw8B2g"]},{"@type":"Person","@id":"https:\/\/darkamazi.info\/#\/schema\/person\/5ad3e24553a0567993fa8ed4bd0a776c","name":"darka mazi","sameAs":["https:\/\/darkamazi.info\/"],"url":"https:\/\/darkamazi.info\/archives\/author\/kurdi"}]}},"_links":{"self":[{"href":"https:\/\/darkamazi.info\/funavuv\/wp\/v2\/posts\/1017569","targetHints":{"allow":["GET"]}}],"collection":[{"href":"https:\/\/darkamazi.info\/funavuv\/wp\/v2\/posts"}],"about":[{"href":"https:\/\/darkamazi.info\/funavuv\/wp\/v2\/types\/post"}],"author":[{"embeddable":true,"href":"https:\/\/darkamazi.info\/funavuv\/wp\/v2\/users\/2"}],"replies":[{"embeddable":true,"href":"https:\/\/darkamazi.info\/funavuv\/wp\/v2\/comments?post=1017569"}],"version-history":[{"count":0,"href":"https:\/\/darkamazi.info\/funavuv\/wp\/v2\/posts\/1017569\/revisions"}],"wp:featuredmedia":[{"embeddable":true,"href":"https:\/\/darkamazi.info\/funavuv\/wp\/v2\/media\/1017571"}],"wp:attachment":[{"href":"https:\/\/darkamazi.info\/funavuv\/wp\/v2\/media?parent=1017569"}],"wp:term":[{"taxonomy":"category","embeddable":true,"href":"https:\/\/darkamazi.info\/funavuv\/wp\/v2\/categories?post=1017569"},{"taxonomy":"post_tag","embeddable":true,"href":"https:\/\/darkamazi.info\/funavuv\/wp\/v2\/tags?post=1017569"}],"curies":[{"name":"wp","href":"https:\/\/api.w.org\/{rel}","templated":true}]}}