{"id":1017621,"date":"2020-12-05T15:18:50","date_gmt":"2020-12-05T12:18:50","guid":{"rendered":"https:\/\/darkamazi.info\/?p=1017621"},"modified":"2020-12-05T15:18:50","modified_gmt":"2020-12-05T12:18:50","slug":"ji-bo-ku-pkk-e-bastir-nas-bikin","status":"publish","type":"post","link":"https:\/\/darkamazi.info\/archives\/1017621","title":{"rendered":"Ji bo ku PKK \u00ea ba\u015ftir nas bikin"},"content":{"rendered":"<h3 style=\"text-align: justify\"><span style=\"font-family: 'arial black', sans-serif\">Adil Zengene, niv\u00eeskar \u00fb P\u00ea\u015fmerg\u00ea d\u00ear\u00een \u00ea Yek\u00eat\u00eeya N\u00ee\u015ft\u00eeman\u00ee a Kurdistan\u00ea, di mijarek\u00ea de bas li sedem\u00ean pa\u015fveki\u015f\u00eena h\u00eaz\u00ean PKK \u00ea li \u015eengal\u00ea dike \u00fb dinv\u00eese: &#8220;Sedem \u00e7i b\u00fb ku heya pol\u00ees\u00ean federal li \u015eengal nehatin belav kirin, PKK \u00ea ji n\u00fb ve biryara pa\u015fveki\u015f\u00een\u00ea da&#8221;?.<\/span><\/h3>\n<h3 style=\"text-align: justify\">Zengene, bas li av\u00eatina ala PKK \u00ea dike \u00fb bi v\u00ee away\u00ee dest bi niv\u00eesa xwe dike: &#8220;Pa\u015f hefteyek\u00ea ji belav b\u00fbna 4 l\u00eeway\u00ean pol\u00ees\u00ean federal \u00ean \u00ceraq\u00ea li \u015eengal\u00ea, ji bo c\u00eebc\u00eekirina peymana asay\u00ee kirina rew\u015f\u00ea li gor\u00ee peymana Hewl\u00ear \u00fb Bexday\u00ea, ala PKK \u00ea \u00fb wan kom\u00ean m\u00eel\u00ee\u015fyay\u00ean din ku li ser hinek baregehan hatib\u00fb hildan, ji bal pol\u00ees\u00ean federal ve hatin av\u00eatin.&#8221;<\/h3>\n<h3 style=\"text-align: justify\">Her di v\u00ea mijar\u00ea de, niv\u00eeskar runahiy\u00ea dixe ser hinek xal\u00ean gir\u00eeng \u00fb amaje bi w\u00ea yek\u00ea dike, &#8220;Ev hengav destp\u00eakeke ba\u015fe bi arasteya c\u00eebc\u00eekirina w\u00ea peyman\u00ea, l\u00ea bel\u00ea c\u00eebc\u00eekirina peyman\u00ea mebesta v\u00ea niv\u00ees\u00ea n\u00eene, belku mebest helwesta PKK \u00ea ye ku b\u00ea ku tu kavendanek\u00ea bike, ew bi av\u00eatina alay\u00ean Part\u00eeya xwe raz\u00ee dibe&#8221;, ji v\u00ea b\u00fbyer\u00ea \u00fb ji bo ku PKK \u00ea ba\u015ftir nas bikin, werin bi hevra bal\u00ea bik\u015f\u00eenin ser \u00fb fkir l\u00ea bkin.<\/h3>\n<h3 style=\"text-align: justify\">Pi\u015ftre Adil Zengene, bi hinek pirsan ku arastey xwendevanan dike, daxwaz dike xwendevan \u00fb gel\u00ea Kurdistan\u00ea bi xwe biryar\u00ea li ser van kiryar\u00ean PKK \u00ea bide \u00fb bi v\u00ee away\u00ee dipirse:<\/h3>\n<ul style=\"text-align: justify\">\n<li>\n<h3>Ji dema ku PKK \u00ea xwe li \u015eengal\u00ea sepand\u00ee, hik\u00fbmeta Ba\u015f\u00fbr\u00ea Kurdistan\u00ea \u00fb Kurd\u00ean \u00cazid\u00ee \u00ean \u015eengal\u00ea, ji PKK \u00ea dixwazin ku ew weke h\u00eazeke ne\u015fer&#8217;\u00ee \u00fb xer\u00eeb ji bo \u015eengal\u00ea, v\u00ee bajar\u00ee \u00e7\u00fbl bikin, l\u00ea bel\u00ea PKK \u00ea li himber v\u00ea daxwaza hik\u00fbmeta Ba\u015f\u00fbr \u00fb Kurd\u00ean \u00cazid\u00ee \u00ean \u015eengal\u00ea, gefa bikaran\u00eena h\u00eaz\u00ea dikir \u00fb hinek sedem\u00ean pir ec\u00eab ji bo van gef\u00ean xwe digirtin, l\u00ea ku niha pol\u00ees\u00ean federal ala Part\u00eeya wan li \u015eengal\u00ea av\u00eat \u00fb j\u00eare got\u00eeye ku p\u00eaw\u00eeste h\u00fbn \u015eengal\u00ea \u00e7\u00fbl bikin, PKK e bi v\u00ea ki\u015f \u00fb mat\u00ea raz\u00ee b\u00fbye \u00fb dest\u00ea xwe li s\u00eenga xwe daye \u00fb ji wan re got\u00eeye: bel\u00ea fermana we w\u00ea c\u00ee bi c\u00ee bibe, \u00e7ima jim\u00eaj ve deng\u00ea we neb\u00fb?<\/h3>\n<\/li>\n<li>\n<h3>Ji dema PKK \u00ea li Rojava Kurdistan\u00ea bi awayek\u00ea tekal\u00ee hinek r\u00eaveberiy\u00ean xweser ji bo xwe ava kirin, li s\u00eenor\u00ea desthilata xwe \u00fb s\u00eenor\u00ean xwe li gel Tirkiy\u00ea, xaka j\u00ear dest\u00ea xwe nekirine bingeha \u00ear\u00ee\u015f\u00ean ser arte\u015fa Tirkiy\u00ea li nava Tirkiy\u00ea de, ev j\u00ee ji bo ku r\u00eaveberiy\u00ean w\u00ea y\u00ean xweser \u00eamin bim\u00eenin, wexta Tirkiy\u00ea j\u00ee \u00ear\u00ee\u015f\u00ee wan kir\u00ee, d\u00eesa her ji ber selamet\u00eeya r\u00eaveberiy\u00ean xweser y\u00ean ku di dest de mane, hem\u00fb peyman\u00ean n\u00eavbera &#8220;Amer\u00eeka &#8211; Tirkiy\u00ea&#8221; \u00fb &#8220;R\u00fbsya &#8211; Tirkiy\u00ea&#8221;, sebaret bi veki\u015fandina ji Nav\u00e7eya Ewlehiy\u00ea qeb\u00fbl dikin \u00fb ji bo heman mebest\u00ea amadeye peyman\u00ea li gel S\u00fbriy\u00ea bike, l\u00ea bel\u00ea wexta hik\u00fbmeta Ba\u015f\u00fbr j\u00eare dib\u00eaje: &#8220;Bira me li Ba\u015f\u00fbr hik\u00fbmet \u00fb statoyeke yasay\u00ee \u00fb dest\u00fbr\u00ee heye, tu karan nekin ku selamet\u00eeya v\u00ea statoy\u00ea \u00fb v\u00ea hik\u00fbmet\u00ea bikeve j\u00ear gef\u00ean Tirkiy\u00ea \u00fb bila \u00ead\u00ee gel\u00ea Ba\u015f\u00fbr bi teybet y\u00ean gundan \u00fb cotkar\u00ean nav\u00e7ey\u00ean s\u00eenor y\u00ean n\u00eavbera her\u00eama Ba\u015f\u00fbr \u00fb Tirkiy\u00ea z\u00eadetir malw\u00earan nebin, PKK e di bersiv\u00ea de dib\u00eaje: Ba\u015f\u00fbr\u00ea Kurdistan\u00ea b\u00fbye ciy\u00ea bi kir\u00eagirtiy\u00ean Tirkiy\u00ea&#8221;!.<\/h3>\n<\/li>\n<\/ul>\n<h3 style=\"text-align: justify\"><span style=\"font-family: 'arial black', sans-serif\">Evca pa\u015f diyar kirina van d\u00fb xalan, ji hewe xwendevan\u00ean bir\u00eaz dipirsim: t\u00fb \u00fb w\u00eejdana xwe, ev ec\u00eanday\u00ean PKK e xebat\u00ea ji bo dike, Kurd \u00fb Kurdistan\u00ee ne, yan dije Kurd, Kurdistan \u00fb Kurdistan\u00eeyane? Ez \u00e7i nab\u00eajim, h\u00fbn biryar\u00ea bidin.<\/span><\/h3>\n","protected":false},"excerpt":{"rendered":"<p>Adil Zengene, niv\u00eeskar \u00fb P\u00ea\u015fmerg\u00ea d\u00ear\u00een \u00ea Yek\u00eat\u00eeya N\u00ee\u015ft\u00eeman\u00ee a Kurdistan\u00ea, di mijarek\u00ea de bas li sedem\u00ean pa\u015fveki\u015f\u00eena h\u00eaz\u00ean PKK \u00ea li \u015eengal\u00ea dike \u00fb dinv\u00eese: &#8220;Sedem \u00e7i b\u00fb ku heya pol\u00ees\u00ean federal li \u015eengal nehatin belav kirin, PKK \u00ea ji n\u00fb ve biryara pa\u015fveki\u015f\u00een\u00ea da&#8221;?. Zengene, bas li av\u00eatina ala PKK \u00ea dike \u00fb [&hellip;]<\/p>\n","protected":false},"author":2,"featured_media":1017623,"comment_status":"closed","ping_status":"closed","sticky":false,"template":"","format":"standard","meta":{"footnotes":""},"categories":[28],"tags":[37],"class_list":["post-1017621","post","type-post","status-publish","format-standard","has-post-thumbnail","hentry","category-nerin","tag-sereke"],"blocksy_meta":[],"seo_head":"<!-- This site is optimized with the Yoast SEO plugin v27.5 - https:\/\/yoast.com\/product\/yoast-seo-wordpress\/ -->\n<title>Ji bo ku PKK \u00ea ba\u015ftir nas bikin - Darka Maz\u00ee<\/title>\n<meta name=\"robots\" content=\"index, follow, max-snippet:-1, max-image-preview:large, max-video-preview:-1\" \/>\n<link rel=\"canonical\" href=\"https:\/\/darkamazi.info\/archives\/1017621\" \/>\n<meta property=\"og:locale\" content=\"en_US\" \/>\n<meta property=\"og:type\" content=\"article\" \/>\n<meta property=\"og:title\" content=\"Ji bo ku PKK \u00ea ba\u015ftir nas bikin - Darka Maz\u00ee\" \/>\n<meta property=\"og:description\" content=\"Adil Zengene, niv\u00eeskar \u00fb P\u00ea\u015fmerg\u00ea d\u00ear\u00een \u00ea Yek\u00eat\u00eeya N\u00ee\u015ft\u00eeman\u00ee a Kurdistan\u00ea, di mijarek\u00ea de bas li sedem\u00ean pa\u015fveki\u015f\u00eena h\u00eaz\u00ean PKK \u00ea li \u015eengal\u00ea dike \u00fb dinv\u00eese: &#8220;Sedem \u00e7i b\u00fb ku heya pol\u00ees\u00ean federal li \u015eengal nehatin belav kirin, PKK \u00ea ji n\u00fb ve biryara pa\u015fveki\u015f\u00een\u00ea da&#8221;?. Zengene, bas li av\u00eatina ala PKK \u00ea dike \u00fb [&hellip;]\" \/>\n<meta property=\"og:url\" content=\"https:\/\/darkamazi.info\/archives\/1017621\" \/>\n<meta property=\"og:site_name\" content=\"Darka Maz\u00ee\" \/>\n<meta property=\"article:publisher\" content=\"https:\/\/www.facebook.com\/DarMaziKurmanci\" \/>\n<meta property=\"article:published_time\" content=\"2020-12-05T12:18:50+00:00\" \/>\n<meta property=\"og:image\" content=\"https:\/\/darkamazi.info\/file\/2020\/12\/Ji-bo-ku-PKK-e-bastir-nas-bikin-1.jpg\" \/>\n\t<meta property=\"og:image:width\" content=\"900\" \/>\n\t<meta property=\"og:image:height\" content=\"497\" \/>\n\t<meta property=\"og:image:type\" content=\"image\/jpeg\" \/>\n<meta name=\"author\" content=\"darka mazi\" \/>\n<meta name=\"twitter:card\" content=\"summary_large_image\" \/>\n<meta name=\"twitter:creator\" content=\"@DarkaMaziLatini\" \/>\n<meta name=\"twitter:site\" content=\"@DarkaMaziLatini\" \/>\n<meta name=\"twitter:label1\" content=\"Written by\" \/>\n\t<meta name=\"twitter:data1\" content=\"darka mazi\" \/>\n\t<meta name=\"twitter:label2\" content=\"Est. reading time\" \/>\n\t<meta name=\"twitter:data2\" content=\"3 minutes\" \/>\n<script type=\"application\/ld+json\" class=\"seo-schema-graph\">{\"@context\":\"https:\\\/\\\/schema.org\",\"@graph\":[{\"@type\":\"Article\",\"@id\":\"https:\\\/\\\/darkamazi.info\\\/archives\\\/1017621#article\",\"isPartOf\":{\"@id\":\"https:\\\/\\\/darkamazi.info\\\/archives\\\/1017621\"},\"author\":{\"name\":\"darka mazi\",\"@id\":\"https:\\\/\\\/darkamazi.info\\\/#\\\/schema\\\/person\\\/5ad3e24553a0567993fa8ed4bd0a776c\"},\"headline\":\"Ji bo ku PKK \u00ea ba\u015ftir nas bikin\",\"datePublished\":\"2020-12-05T12:18:50+00:00\",\"mainEntityOfPage\":{\"@id\":\"https:\\\/\\\/darkamazi.info\\\/archives\\\/1017621\"},\"wordCount\":654,\"publisher\":{\"@id\":\"https:\\\/\\\/darkamazi.info\\\/#organization\"},\"image\":{\"@id\":\"https:\\\/\\\/darkamazi.info\\\/archives\\\/1017621#primaryimage\"},\"thumbnailUrl\":\"https:\\\/\\\/darkamazi.info\\\/darka-content\\\/uploads\\\/2020\\\/12\\\/Ji-bo-ku-PKK-e-bastir-nas-bikin-1.jpg\",\"keywords\":[\"sereke\"],\"articleSection\":[\"Ner\u00een\"],\"inLanguage\":\"en-US\"},{\"@type\":\"WebPage\",\"@id\":\"https:\\\/\\\/darkamazi.info\\\/archives\\\/1017621\",\"url\":\"https:\\\/\\\/darkamazi.info\\\/archives\\\/1017621\",\"name\":\"Ji bo ku PKK \u00ea ba\u015ftir nas bikin - Darka Maz\u00ee\",\"isPartOf\":{\"@id\":\"https:\\\/\\\/darkamazi.info\\\/#website\"},\"primaryImageOfPage\":{\"@id\":\"https:\\\/\\\/darkamazi.info\\\/archives\\\/1017621#primaryimage\"},\"image\":{\"@id\":\"https:\\\/\\\/darkamazi.info\\\/archives\\\/1017621#primaryimage\"},\"thumbnailUrl\":\"https:\\\/\\\/darkamazi.info\\\/darka-content\\\/uploads\\\/2020\\\/12\\\/Ji-bo-ku-PKK-e-bastir-nas-bikin-1.jpg\",\"datePublished\":\"2020-12-05T12:18:50+00:00\",\"breadcrumb\":{\"@id\":\"https:\\\/\\\/darkamazi.info\\\/archives\\\/1017621#breadcrumb\"},\"inLanguage\":\"en-US\",\"potentialAction\":[{\"@type\":\"ReadAction\",\"target\":[\"https:\\\/\\\/darkamazi.info\\\/archives\\\/1017621\"]}]},{\"@type\":\"ImageObject\",\"inLanguage\":\"en-US\",\"@id\":\"https:\\\/\\\/darkamazi.info\\\/archives\\\/1017621#primaryimage\",\"url\":\"https:\\\/\\\/darkamazi.info\\\/darka-content\\\/uploads\\\/2020\\\/12\\\/Ji-bo-ku-PKK-e-bastir-nas-bikin-1.jpg\",\"contentUrl\":\"https:\\\/\\\/darkamazi.info\\\/darka-content\\\/uploads\\\/2020\\\/12\\\/Ji-bo-ku-PKK-e-bastir-nas-bikin-1.jpg\",\"width\":900,\"height\":497,\"caption\":\"Ji bo ku PKK \u00ea ba\u015ftir nas bikin\"},{\"@type\":\"BreadcrumbList\",\"@id\":\"https:\\\/\\\/darkamazi.info\\\/archives\\\/1017621#breadcrumb\",\"itemListElement\":[{\"@type\":\"ListItem\",\"position\":1,\"name\":\"Home\",\"item\":\"https:\\\/\\\/darkamazi.info\\\/\"},{\"@type\":\"ListItem\",\"position\":2,\"name\":\"Ji bo ku PKK \u00ea ba\u015ftir nas bikin\"}]},{\"@type\":\"WebSite\",\"@id\":\"https:\\\/\\\/darkamazi.info\\\/#website\",\"url\":\"https:\\\/\\\/darkamazi.info\\\/\",\"name\":\"Darka Maz\u00ee\",\"description\":\"P\u00eageha Zanyariy\u00ean Nebih\u00eest\u00ee\",\"publisher\":{\"@id\":\"https:\\\/\\\/darkamazi.info\\\/#organization\"},\"potentialAction\":[{\"@type\":\"SearchAction\",\"target\":{\"@type\":\"EntryPoint\",\"urlTemplate\":\"https:\\\/\\\/darkamazi.info\\\/?s={search_term_string}\"},\"query-input\":{\"@type\":\"PropertyValueSpecification\",\"valueRequired\":true,\"valueName\":\"search_term_string\"}}],\"inLanguage\":\"en-US\"},{\"@type\":\"Organization\",\"@id\":\"https:\\\/\\\/darkamazi.info\\\/#organization\",\"name\":\"Darka Maz\u00ee\",\"url\":\"https:\\\/\\\/darkamazi.info\\\/\",\"logo\":{\"@type\":\"ImageObject\",\"inLanguage\":\"en-US\",\"@id\":\"https:\\\/\\\/darkamazi.info\\\/#\\\/schema\\\/logo\\\/image\\\/\",\"url\":\"https:\\\/\\\/darkamazi.info\\\/darka-content\\\/uploads\\\/2017\\\/12\\\/darka-mazi-logo.png\",\"contentUrl\":\"https:\\\/\\\/darkamazi.info\\\/darka-content\\\/uploads\\\/2017\\\/12\\\/darka-mazi-logo.png\",\"width\":151,\"height\":75,\"caption\":\"Darka Maz\u00ee\"},\"image\":{\"@id\":\"https:\\\/\\\/darkamazi.info\\\/#\\\/schema\\\/logo\\\/image\\\/\"},\"sameAs\":[\"https:\\\/\\\/www.facebook.com\\\/DarMaziKurmanci\",\"https:\\\/\\\/x.com\\\/DarkaMaziLatini\",\"https:\\\/\\\/www.instagram.com\\\/darkamazi.kurmanci\\\/\",\"https:\\\/\\\/www.youtube.com\\\/channel\\\/UCa5HkTdmI8U1qCUFuTw8B2g\"]},{\"@type\":\"Person\",\"@id\":\"https:\\\/\\\/darkamazi.info\\\/#\\\/schema\\\/person\\\/5ad3e24553a0567993fa8ed4bd0a776c\",\"name\":\"darka mazi\",\"sameAs\":[\"https:\\\/\\\/darkamazi.info\\\/\"],\"url\":\"https:\\\/\\\/darkamazi.info\\\/archives\\\/author\\\/kurdi\"}]}<\/script>\n<!-- \/ Yoast SEO plugin. -->","seo_head_json":{"title":"Ji bo ku PKK \u00ea ba\u015ftir nas bikin - Darka Maz\u00ee","robots":{"index":"index","follow":"follow","max-snippet":"max-snippet:-1","max-image-preview":"max-image-preview:large","max-video-preview":"max-video-preview:-1"},"canonical":"https:\/\/darkamazi.info\/archives\/1017621","og_locale":"en_US","og_type":"article","og_title":"Ji bo ku PKK \u00ea ba\u015ftir nas bikin - Darka Maz\u00ee","og_description":"Adil Zengene, niv\u00eeskar \u00fb P\u00ea\u015fmerg\u00ea d\u00ear\u00een \u00ea Yek\u00eat\u00eeya N\u00ee\u015ft\u00eeman\u00ee a Kurdistan\u00ea, di mijarek\u00ea de bas li sedem\u00ean pa\u015fveki\u015f\u00eena h\u00eaz\u00ean PKK \u00ea li \u015eengal\u00ea dike \u00fb dinv\u00eese: &#8220;Sedem \u00e7i b\u00fb ku heya pol\u00ees\u00ean federal li \u015eengal nehatin belav kirin, PKK \u00ea ji n\u00fb ve biryara pa\u015fveki\u015f\u00een\u00ea da&#8221;?. Zengene, bas li av\u00eatina ala PKK \u00ea dike \u00fb [&hellip;]","og_url":"https:\/\/darkamazi.info\/archives\/1017621","og_site_name":"Darka Maz\u00ee","article_publisher":"https:\/\/www.facebook.com\/DarMaziKurmanci","article_published_time":"2020-12-05T12:18:50+00:00","og_image":[{"width":900,"height":497,"url":"https:\/\/darkamazi.info\/file\/2020\/12\/Ji-bo-ku-PKK-e-bastir-nas-bikin-1.jpg","type":"image\/jpeg"}],"author":"darka mazi","twitter_card":"summary_large_image","twitter_creator":"@DarkaMaziLatini","twitter_site":"@DarkaMaziLatini","twitter_misc":{"Written by":"darka mazi","Est. reading time":"3 minutes"},"schema":{"@context":"https:\/\/schema.org","@graph":[{"@type":"Article","@id":"https:\/\/darkamazi.info\/archives\/1017621#article","isPartOf":{"@id":"https:\/\/darkamazi.info\/archives\/1017621"},"author":{"name":"darka mazi","@id":"https:\/\/darkamazi.info\/#\/schema\/person\/5ad3e24553a0567993fa8ed4bd0a776c"},"headline":"Ji bo ku PKK \u00ea ba\u015ftir nas bikin","datePublished":"2020-12-05T12:18:50+00:00","mainEntityOfPage":{"@id":"https:\/\/darkamazi.info\/archives\/1017621"},"wordCount":654,"publisher":{"@id":"https:\/\/darkamazi.info\/#organization"},"image":{"@id":"https:\/\/darkamazi.info\/archives\/1017621#primaryimage"},"thumbnailUrl":"https:\/\/darkamazi.info\/file\/2020\/12\/Ji-bo-ku-PKK-e-bastir-nas-bikin-1.jpg","keywords":["sereke"],"articleSection":["Ner\u00een"],"inLanguage":"en-US"},{"@type":"WebPage","@id":"https:\/\/darkamazi.info\/archives\/1017621","url":"https:\/\/darkamazi.info\/archives\/1017621","name":"Ji bo ku PKK \u00ea ba\u015ftir nas bikin - Darka Maz\u00ee","isPartOf":{"@id":"https:\/\/darkamazi.info\/#website"},"primaryImageOfPage":{"@id":"https:\/\/darkamazi.info\/archives\/1017621#primaryimage"},"image":{"@id":"https:\/\/darkamazi.info\/archives\/1017621#primaryimage"},"thumbnailUrl":"https:\/\/darkamazi.info\/file\/2020\/12\/Ji-bo-ku-PKK-e-bastir-nas-bikin-1.jpg","datePublished":"2020-12-05T12:18:50+00:00","breadcrumb":{"@id":"https:\/\/darkamazi.info\/archives\/1017621#breadcrumb"},"inLanguage":"en-US","potentialAction":[{"@type":"ReadAction","target":["https:\/\/darkamazi.info\/archives\/1017621"]}]},{"@type":"ImageObject","inLanguage":"en-US","@id":"https:\/\/darkamazi.info\/archives\/1017621#primaryimage","url":"https:\/\/darkamazi.info\/file\/2020\/12\/Ji-bo-ku-PKK-e-bastir-nas-bikin-1.jpg","contentUrl":"https:\/\/darkamazi.info\/file\/2020\/12\/Ji-bo-ku-PKK-e-bastir-nas-bikin-1.jpg","width":900,"height":497,"caption":"Ji bo ku PKK \u00ea ba\u015ftir nas bikin"},{"@type":"BreadcrumbList","@id":"https:\/\/darkamazi.info\/archives\/1017621#breadcrumb","itemListElement":[{"@type":"ListItem","position":1,"name":"Home","item":"https:\/\/darkamazi.info\/"},{"@type":"ListItem","position":2,"name":"Ji bo ku PKK \u00ea ba\u015ftir nas bikin"}]},{"@type":"WebSite","@id":"https:\/\/darkamazi.info\/#website","url":"https:\/\/darkamazi.info\/","name":"Darka Maz\u00ee","description":"P\u00eageha Zanyariy\u00ean Nebih\u00eest\u00ee","publisher":{"@id":"https:\/\/darkamazi.info\/#organization"},"potentialAction":[{"@type":"SearchAction","target":{"@type":"EntryPoint","urlTemplate":"https:\/\/darkamazi.info\/?s={search_term_string}"},"query-input":{"@type":"PropertyValueSpecification","valueRequired":true,"valueName":"search_term_string"}}],"inLanguage":"en-US"},{"@type":"Organization","@id":"https:\/\/darkamazi.info\/#organization","name":"Darka Maz\u00ee","url":"https:\/\/darkamazi.info\/","logo":{"@type":"ImageObject","inLanguage":"en-US","@id":"https:\/\/darkamazi.info\/#\/schema\/logo\/image\/","url":"https:\/\/darkamazi.info\/file\/2017\/12\/darka-mazi-logo.png","contentUrl":"https:\/\/darkamazi.info\/file\/2017\/12\/darka-mazi-logo.png","width":151,"height":75,"caption":"Darka Maz\u00ee"},"image":{"@id":"https:\/\/darkamazi.info\/#\/schema\/logo\/image\/"},"sameAs":["https:\/\/www.facebook.com\/DarMaziKurmanci","https:\/\/x.com\/DarkaMaziLatini","https:\/\/www.instagram.com\/darkamazi.kurmanci\/","https:\/\/www.youtube.com\/channel\/UCa5HkTdmI8U1qCUFuTw8B2g"]},{"@type":"Person","@id":"https:\/\/darkamazi.info\/#\/schema\/person\/5ad3e24553a0567993fa8ed4bd0a776c","name":"darka mazi","sameAs":["https:\/\/darkamazi.info\/"],"url":"https:\/\/darkamazi.info\/archives\/author\/kurdi"}]}},"_links":{"self":[{"href":"https:\/\/darkamazi.info\/funavuv\/wp\/v2\/posts\/1017621","targetHints":{"allow":["GET"]}}],"collection":[{"href":"https:\/\/darkamazi.info\/funavuv\/wp\/v2\/posts"}],"about":[{"href":"https:\/\/darkamazi.info\/funavuv\/wp\/v2\/types\/post"}],"author":[{"embeddable":true,"href":"https:\/\/darkamazi.info\/funavuv\/wp\/v2\/users\/2"}],"replies":[{"embeddable":true,"href":"https:\/\/darkamazi.info\/funavuv\/wp\/v2\/comments?post=1017621"}],"version-history":[{"count":0,"href":"https:\/\/darkamazi.info\/funavuv\/wp\/v2\/posts\/1017621\/revisions"}],"wp:featuredmedia":[{"embeddable":true,"href":"https:\/\/darkamazi.info\/funavuv\/wp\/v2\/media\/1017623"}],"wp:attachment":[{"href":"https:\/\/darkamazi.info\/funavuv\/wp\/v2\/media?parent=1017621"}],"wp:term":[{"taxonomy":"category","embeddable":true,"href":"https:\/\/darkamazi.info\/funavuv\/wp\/v2\/categories?post=1017621"},{"taxonomy":"post_tag","embeddable":true,"href":"https:\/\/darkamazi.info\/funavuv\/wp\/v2\/tags?post=1017621"}],"curies":[{"name":"wp","href":"https:\/\/api.w.org\/{rel}","templated":true}]}}