{"id":1017720,"date":"2020-12-07T21:51:01","date_gmt":"2020-12-07T18:51:01","guid":{"rendered":"https:\/\/darkamazi.info\/?p=1017720"},"modified":"2020-12-07T21:51:01","modified_gmt":"2020-12-07T18:51:01","slug":"careke-din-yunanistane-banga-cezakirina-tirkiye-li-yekitiya-ewropa-kir","status":"publish","type":"post","link":"https:\/\/darkamazi.info\/archives\/1017720","title":{"rendered":"Careke din Y\u00fbnanistan\u00ea banga cezakirina Tirkiy\u00ea li Yek\u00eetiya Ewropa kir"},"content":{"rendered":"<h3 style=\"text-align: justify\"><span style=\"font-family: 'arial black', sans-serif\">Wez\u00eer\u00ea Derve y\u00ea Y\u00fbnanistan\u00ea Nikos Dendias, ji Yek\u00eetiya Ewropay\u00ea (YE) careke din li ser aloziya Rojhilat\u00ea Deryaya Sp\u00ee xwest, Tirkiye were cezakirin.<\/span><\/h3>\n<h3 style=\"text-align: justify\">Li gor\u00ee rojnameya Cathimrini ya Y\u00fbnanistan\u00ea\u00a0 Nikos Dendias \u00eero careke din banga sepandina dorp\u00ea\u00e7an li ser Tirkiy\u00ea kir.<\/h3>\n<h3 style=\"text-align: justify\">Dendias di civ\u00eena online ya wez\u00eer\u00ean derve y\u00ean YE de diyar kir ku r\u00eaveberiya Enqer\u00ea hi\u015fyariy\u00ean Parlamena Ewropay\u00ea y\u00ean meha Cotmeh\u00ea li ser alozkirina rew\u015fa Rojhilat\u00ea Deryay\u00ea Sp\u00ee pa\u015fguh dike.<\/h3>\n<h3 style=\"text-align: justify\">Dendias got: \u201cHelwesta Tirkiy\u00ea ya li dij\u00ee Yek\u00eetiya Ewropay\u00ea bi gi\u015ft\u00ee provokasyon e.\u201d<\/h3>\n<h3 style=\"text-align: justify\">Biryare di l\u00fbtkeya serok\u00ean YEy\u00ea ya roja P\u00eanc\u015fem\u00ea de mijara dorp\u00ea\u00e7\u00ean ser Tirkiy\u00ea were rojev\u00ea, l\u00ea li gor\u00ee nirxandinan dibe Yek\u00eetiya Ewropa ji bo cezakirina Tirkiy\u00ea li benda r\u00eaveberiya n\u00fb ya Amer\u00eekay\u00ea bi seroktiya Joe Biden j\u00ee bim\u00eene.<\/h3>\n","protected":false},"excerpt":{"rendered":"<p>Wez\u00eer\u00ea Derve y\u00ea Y\u00fbnanistan\u00ea Nikos Dendias, ji Yek\u00eetiya Ewropay\u00ea (YE) careke din li ser aloziya Rojhilat\u00ea Deryaya Sp\u00ee xwest, Tirkiye were cezakirin. Li gor\u00ee rojnameya Cathimrini ya Y\u00fbnanistan\u00ea\u00a0 Nikos Dendias \u00eero careke din banga sepandina dorp\u00ea\u00e7an li ser Tirkiy\u00ea kir. Dendias di civ\u00eena online ya wez\u00eer\u00ean derve y\u00ean YE de diyar kir ku r\u00eaveberiya Enqer\u00ea [&hellip;]<\/p>\n","protected":false},"author":2,"featured_media":1017721,"comment_status":"closed","ping_status":"closed","sticky":false,"template":"","format":"standard","meta":{"footnotes":""},"categories":[30],"tags":[37],"class_list":["post-1017720","post","type-post","status-publish","format-standard","has-post-thumbnail","hentry","category-cihan","tag-sereke"],"blocksy_meta":[],"seo_head":"<!-- This site is optimized with the Yoast SEO plugin v27.5 - https:\/\/yoast.com\/product\/yoast-seo-wordpress\/ -->\n<title>Careke din Y\u00fbnanistan\u00ea banga cezakirina Tirkiy\u00ea li Yek\u00eetiya Ewropa kir - Darka Maz\u00ee<\/title>\n<meta name=\"robots\" content=\"index, follow, max-snippet:-1, max-image-preview:large, max-video-preview:-1\" \/>\n<link rel=\"canonical\" href=\"https:\/\/darkamazi.info\/archives\/1017720\" \/>\n<meta property=\"og:locale\" content=\"en_US\" \/>\n<meta property=\"og:type\" content=\"article\" \/>\n<meta property=\"og:title\" content=\"Careke din Y\u00fbnanistan\u00ea banga cezakirina Tirkiy\u00ea li Yek\u00eetiya Ewropa kir - Darka Maz\u00ee\" \/>\n<meta property=\"og:description\" content=\"Wez\u00eer\u00ea Derve y\u00ea Y\u00fbnanistan\u00ea Nikos Dendias, ji Yek\u00eetiya Ewropay\u00ea (YE) careke din li ser aloziya Rojhilat\u00ea Deryaya Sp\u00ee xwest, Tirkiye were cezakirin. Li gor\u00ee rojnameya Cathimrini ya Y\u00fbnanistan\u00ea\u00a0 Nikos Dendias \u00eero careke din banga sepandina dorp\u00ea\u00e7an li ser Tirkiy\u00ea kir. Dendias di civ\u00eena online ya wez\u00eer\u00ean derve y\u00ean YE de diyar kir ku r\u00eaveberiya Enqer\u00ea [&hellip;]\" \/>\n<meta property=\"og:url\" content=\"https:\/\/darkamazi.info\/archives\/1017720\" \/>\n<meta property=\"og:site_name\" content=\"Darka Maz\u00ee\" \/>\n<meta property=\"article:publisher\" content=\"https:\/\/www.facebook.com\/DarMaziKurmanci\" \/>\n<meta property=\"article:published_time\" content=\"2020-12-07T18:51:01+00:00\" \/>\n<meta property=\"og:image\" content=\"https:\/\/darkamazi.info\/file\/2020\/12\/Nikos-Dendias.jpg\" \/>\n\t<meta property=\"og:image:width\" content=\"822\" \/>\n\t<meta property=\"og:image:height\" content=\"454\" \/>\n\t<meta property=\"og:image:type\" content=\"image\/jpeg\" \/>\n<meta name=\"author\" content=\"darka mazi\" \/>\n<meta name=\"twitter:card\" content=\"summary_large_image\" \/>\n<meta name=\"twitter:creator\" content=\"@DarkaMaziLatini\" \/>\n<meta name=\"twitter:site\" content=\"@DarkaMaziLatini\" \/>\n<meta name=\"twitter:label1\" content=\"Written by\" \/>\n\t<meta name=\"twitter:data1\" content=\"darka mazi\" \/>\n\t<meta name=\"twitter:label2\" content=\"Est. reading time\" \/>\n\t<meta name=\"twitter:data2\" content=\"1 minute\" \/>\n<script type=\"application\/ld+json\" class=\"seo-schema-graph\">{\"@context\":\"https:\\\/\\\/schema.org\",\"@graph\":[{\"@type\":\"Article\",\"@id\":\"https:\\\/\\\/darkamazi.info\\\/archives\\\/1017720#article\",\"isPartOf\":{\"@id\":\"https:\\\/\\\/darkamazi.info\\\/archives\\\/1017720\"},\"author\":{\"name\":\"darka mazi\",\"@id\":\"https:\\\/\\\/darkamazi.info\\\/#\\\/schema\\\/person\\\/5ad3e24553a0567993fa8ed4bd0a776c\"},\"headline\":\"Careke din Y\u00fbnanistan\u00ea banga cezakirina Tirkiy\u00ea li Yek\u00eetiya Ewropa kir\",\"datePublished\":\"2020-12-07T18:51:01+00:00\",\"mainEntityOfPage\":{\"@id\":\"https:\\\/\\\/darkamazi.info\\\/archives\\\/1017720\"},\"wordCount\":159,\"publisher\":{\"@id\":\"https:\\\/\\\/darkamazi.info\\\/#organization\"},\"image\":{\"@id\":\"https:\\\/\\\/darkamazi.info\\\/archives\\\/1017720#primaryimage\"},\"thumbnailUrl\":\"https:\\\/\\\/darkamazi.info\\\/darka-content\\\/uploads\\\/2020\\\/12\\\/Nikos-Dendias.jpg\",\"keywords\":[\"sereke\"],\"articleSection\":[\"C\u00eehan\"],\"inLanguage\":\"en-US\"},{\"@type\":\"WebPage\",\"@id\":\"https:\\\/\\\/darkamazi.info\\\/archives\\\/1017720\",\"url\":\"https:\\\/\\\/darkamazi.info\\\/archives\\\/1017720\",\"name\":\"Careke din Y\u00fbnanistan\u00ea banga cezakirina Tirkiy\u00ea li Yek\u00eetiya Ewropa kir - Darka Maz\u00ee\",\"isPartOf\":{\"@id\":\"https:\\\/\\\/darkamazi.info\\\/#website\"},\"primaryImageOfPage\":{\"@id\":\"https:\\\/\\\/darkamazi.info\\\/archives\\\/1017720#primaryimage\"},\"image\":{\"@id\":\"https:\\\/\\\/darkamazi.info\\\/archives\\\/1017720#primaryimage\"},\"thumbnailUrl\":\"https:\\\/\\\/darkamazi.info\\\/darka-content\\\/uploads\\\/2020\\\/12\\\/Nikos-Dendias.jpg\",\"datePublished\":\"2020-12-07T18:51:01+00:00\",\"breadcrumb\":{\"@id\":\"https:\\\/\\\/darkamazi.info\\\/archives\\\/1017720#breadcrumb\"},\"inLanguage\":\"en-US\",\"potentialAction\":[{\"@type\":\"ReadAction\",\"target\":[\"https:\\\/\\\/darkamazi.info\\\/archives\\\/1017720\"]}]},{\"@type\":\"ImageObject\",\"inLanguage\":\"en-US\",\"@id\":\"https:\\\/\\\/darkamazi.info\\\/archives\\\/1017720#primaryimage\",\"url\":\"https:\\\/\\\/darkamazi.info\\\/darka-content\\\/uploads\\\/2020\\\/12\\\/Nikos-Dendias.jpg\",\"contentUrl\":\"https:\\\/\\\/darkamazi.info\\\/darka-content\\\/uploads\\\/2020\\\/12\\\/Nikos-Dendias.jpg\",\"width\":822,\"height\":454,\"caption\":\"Careke din Y\u00fbnanistan\u00ea banga cezakirina Tirkiy\u00ea li Yek\u00eetiya Ewropa kir\"},{\"@type\":\"BreadcrumbList\",\"@id\":\"https:\\\/\\\/darkamazi.info\\\/archives\\\/1017720#breadcrumb\",\"itemListElement\":[{\"@type\":\"ListItem\",\"position\":1,\"name\":\"Home\",\"item\":\"https:\\\/\\\/darkamazi.info\\\/\"},{\"@type\":\"ListItem\",\"position\":2,\"name\":\"Careke din Y\u00fbnanistan\u00ea banga cezakirina Tirkiy\u00ea li Yek\u00eetiya Ewropa kir\"}]},{\"@type\":\"WebSite\",\"@id\":\"https:\\\/\\\/darkamazi.info\\\/#website\",\"url\":\"https:\\\/\\\/darkamazi.info\\\/\",\"name\":\"Darka Maz\u00ee\",\"description\":\"P\u00eageha Zanyariy\u00ean Nebih\u00eest\u00ee\",\"publisher\":{\"@id\":\"https:\\\/\\\/darkamazi.info\\\/#organization\"},\"potentialAction\":[{\"@type\":\"SearchAction\",\"target\":{\"@type\":\"EntryPoint\",\"urlTemplate\":\"https:\\\/\\\/darkamazi.info\\\/?s={search_term_string}\"},\"query-input\":{\"@type\":\"PropertyValueSpecification\",\"valueRequired\":true,\"valueName\":\"search_term_string\"}}],\"inLanguage\":\"en-US\"},{\"@type\":\"Organization\",\"@id\":\"https:\\\/\\\/darkamazi.info\\\/#organization\",\"name\":\"Darka Maz\u00ee\",\"url\":\"https:\\\/\\\/darkamazi.info\\\/\",\"logo\":{\"@type\":\"ImageObject\",\"inLanguage\":\"en-US\",\"@id\":\"https:\\\/\\\/darkamazi.info\\\/#\\\/schema\\\/logo\\\/image\\\/\",\"url\":\"https:\\\/\\\/darkamazi.info\\\/darka-content\\\/uploads\\\/2017\\\/12\\\/darka-mazi-logo.png\",\"contentUrl\":\"https:\\\/\\\/darkamazi.info\\\/darka-content\\\/uploads\\\/2017\\\/12\\\/darka-mazi-logo.png\",\"width\":151,\"height\":75,\"caption\":\"Darka Maz\u00ee\"},\"image\":{\"@id\":\"https:\\\/\\\/darkamazi.info\\\/#\\\/schema\\\/logo\\\/image\\\/\"},\"sameAs\":[\"https:\\\/\\\/www.facebook.com\\\/DarMaziKurmanci\",\"https:\\\/\\\/x.com\\\/DarkaMaziLatini\",\"https:\\\/\\\/www.instagram.com\\\/darkamazi.kurmanci\\\/\",\"https:\\\/\\\/www.youtube.com\\\/channel\\\/UCa5HkTdmI8U1qCUFuTw8B2g\"]},{\"@type\":\"Person\",\"@id\":\"https:\\\/\\\/darkamazi.info\\\/#\\\/schema\\\/person\\\/5ad3e24553a0567993fa8ed4bd0a776c\",\"name\":\"darka mazi\",\"sameAs\":[\"https:\\\/\\\/darkamazi.info\\\/\"],\"url\":\"https:\\\/\\\/darkamazi.info\\\/archives\\\/author\\\/kurdi\"}]}<\/script>\n<!-- \/ Yoast SEO plugin. -->","seo_head_json":{"title":"Careke din Y\u00fbnanistan\u00ea banga cezakirina Tirkiy\u00ea li Yek\u00eetiya Ewropa kir - Darka Maz\u00ee","robots":{"index":"index","follow":"follow","max-snippet":"max-snippet:-1","max-image-preview":"max-image-preview:large","max-video-preview":"max-video-preview:-1"},"canonical":"https:\/\/darkamazi.info\/archives\/1017720","og_locale":"en_US","og_type":"article","og_title":"Careke din Y\u00fbnanistan\u00ea banga cezakirina Tirkiy\u00ea li Yek\u00eetiya Ewropa kir - Darka Maz\u00ee","og_description":"Wez\u00eer\u00ea Derve y\u00ea Y\u00fbnanistan\u00ea Nikos Dendias, ji Yek\u00eetiya Ewropay\u00ea (YE) careke din li ser aloziya Rojhilat\u00ea Deryaya Sp\u00ee xwest, Tirkiye were cezakirin. Li gor\u00ee rojnameya Cathimrini ya Y\u00fbnanistan\u00ea\u00a0 Nikos Dendias \u00eero careke din banga sepandina dorp\u00ea\u00e7an li ser Tirkiy\u00ea kir. Dendias di civ\u00eena online ya wez\u00eer\u00ean derve y\u00ean YE de diyar kir ku r\u00eaveberiya Enqer\u00ea [&hellip;]","og_url":"https:\/\/darkamazi.info\/archives\/1017720","og_site_name":"Darka Maz\u00ee","article_publisher":"https:\/\/www.facebook.com\/DarMaziKurmanci","article_published_time":"2020-12-07T18:51:01+00:00","og_image":[{"width":822,"height":454,"url":"https:\/\/darkamazi.info\/file\/2020\/12\/Nikos-Dendias.jpg","type":"image\/jpeg"}],"author":"darka mazi","twitter_card":"summary_large_image","twitter_creator":"@DarkaMaziLatini","twitter_site":"@DarkaMaziLatini","twitter_misc":{"Written by":"darka mazi","Est. reading time":"1 minute"},"schema":{"@context":"https:\/\/schema.org","@graph":[{"@type":"Article","@id":"https:\/\/darkamazi.info\/archives\/1017720#article","isPartOf":{"@id":"https:\/\/darkamazi.info\/archives\/1017720"},"author":{"name":"darka mazi","@id":"https:\/\/darkamazi.info\/#\/schema\/person\/5ad3e24553a0567993fa8ed4bd0a776c"},"headline":"Careke din Y\u00fbnanistan\u00ea banga cezakirina Tirkiy\u00ea li Yek\u00eetiya Ewropa kir","datePublished":"2020-12-07T18:51:01+00:00","mainEntityOfPage":{"@id":"https:\/\/darkamazi.info\/archives\/1017720"},"wordCount":159,"publisher":{"@id":"https:\/\/darkamazi.info\/#organization"},"image":{"@id":"https:\/\/darkamazi.info\/archives\/1017720#primaryimage"},"thumbnailUrl":"https:\/\/darkamazi.info\/file\/2020\/12\/Nikos-Dendias.jpg","keywords":["sereke"],"articleSection":["C\u00eehan"],"inLanguage":"en-US"},{"@type":"WebPage","@id":"https:\/\/darkamazi.info\/archives\/1017720","url":"https:\/\/darkamazi.info\/archives\/1017720","name":"Careke din Y\u00fbnanistan\u00ea banga cezakirina Tirkiy\u00ea li Yek\u00eetiya Ewropa kir - Darka Maz\u00ee","isPartOf":{"@id":"https:\/\/darkamazi.info\/#website"},"primaryImageOfPage":{"@id":"https:\/\/darkamazi.info\/archives\/1017720#primaryimage"},"image":{"@id":"https:\/\/darkamazi.info\/archives\/1017720#primaryimage"},"thumbnailUrl":"https:\/\/darkamazi.info\/file\/2020\/12\/Nikos-Dendias.jpg","datePublished":"2020-12-07T18:51:01+00:00","breadcrumb":{"@id":"https:\/\/darkamazi.info\/archives\/1017720#breadcrumb"},"inLanguage":"en-US","potentialAction":[{"@type":"ReadAction","target":["https:\/\/darkamazi.info\/archives\/1017720"]}]},{"@type":"ImageObject","inLanguage":"en-US","@id":"https:\/\/darkamazi.info\/archives\/1017720#primaryimage","url":"https:\/\/darkamazi.info\/file\/2020\/12\/Nikos-Dendias.jpg","contentUrl":"https:\/\/darkamazi.info\/file\/2020\/12\/Nikos-Dendias.jpg","width":822,"height":454,"caption":"Careke din Y\u00fbnanistan\u00ea banga cezakirina Tirkiy\u00ea li Yek\u00eetiya Ewropa kir"},{"@type":"BreadcrumbList","@id":"https:\/\/darkamazi.info\/archives\/1017720#breadcrumb","itemListElement":[{"@type":"ListItem","position":1,"name":"Home","item":"https:\/\/darkamazi.info\/"},{"@type":"ListItem","position":2,"name":"Careke din Y\u00fbnanistan\u00ea banga cezakirina Tirkiy\u00ea li Yek\u00eetiya Ewropa kir"}]},{"@type":"WebSite","@id":"https:\/\/darkamazi.info\/#website","url":"https:\/\/darkamazi.info\/","name":"Darka Maz\u00ee","description":"P\u00eageha Zanyariy\u00ean Nebih\u00eest\u00ee","publisher":{"@id":"https:\/\/darkamazi.info\/#organization"},"potentialAction":[{"@type":"SearchAction","target":{"@type":"EntryPoint","urlTemplate":"https:\/\/darkamazi.info\/?s={search_term_string}"},"query-input":{"@type":"PropertyValueSpecification","valueRequired":true,"valueName":"search_term_string"}}],"inLanguage":"en-US"},{"@type":"Organization","@id":"https:\/\/darkamazi.info\/#organization","name":"Darka Maz\u00ee","url":"https:\/\/darkamazi.info\/","logo":{"@type":"ImageObject","inLanguage":"en-US","@id":"https:\/\/darkamazi.info\/#\/schema\/logo\/image\/","url":"https:\/\/darkamazi.info\/file\/2017\/12\/darka-mazi-logo.png","contentUrl":"https:\/\/darkamazi.info\/file\/2017\/12\/darka-mazi-logo.png","width":151,"height":75,"caption":"Darka Maz\u00ee"},"image":{"@id":"https:\/\/darkamazi.info\/#\/schema\/logo\/image\/"},"sameAs":["https:\/\/www.facebook.com\/DarMaziKurmanci","https:\/\/x.com\/DarkaMaziLatini","https:\/\/www.instagram.com\/darkamazi.kurmanci\/","https:\/\/www.youtube.com\/channel\/UCa5HkTdmI8U1qCUFuTw8B2g"]},{"@type":"Person","@id":"https:\/\/darkamazi.info\/#\/schema\/person\/5ad3e24553a0567993fa8ed4bd0a776c","name":"darka mazi","sameAs":["https:\/\/darkamazi.info\/"],"url":"https:\/\/darkamazi.info\/archives\/author\/kurdi"}]}},"_links":{"self":[{"href":"https:\/\/darkamazi.info\/funavuv\/wp\/v2\/posts\/1017720","targetHints":{"allow":["GET"]}}],"collection":[{"href":"https:\/\/darkamazi.info\/funavuv\/wp\/v2\/posts"}],"about":[{"href":"https:\/\/darkamazi.info\/funavuv\/wp\/v2\/types\/post"}],"author":[{"embeddable":true,"href":"https:\/\/darkamazi.info\/funavuv\/wp\/v2\/users\/2"}],"replies":[{"embeddable":true,"href":"https:\/\/darkamazi.info\/funavuv\/wp\/v2\/comments?post=1017720"}],"version-history":[{"count":0,"href":"https:\/\/darkamazi.info\/funavuv\/wp\/v2\/posts\/1017720\/revisions"}],"wp:featuredmedia":[{"embeddable":true,"href":"https:\/\/darkamazi.info\/funavuv\/wp\/v2\/media\/1017721"}],"wp:attachment":[{"href":"https:\/\/darkamazi.info\/funavuv\/wp\/v2\/media?parent=1017720"}],"wp:term":[{"taxonomy":"category","embeddable":true,"href":"https:\/\/darkamazi.info\/funavuv\/wp\/v2\/categories?post=1017720"},{"taxonomy":"post_tag","embeddable":true,"href":"https:\/\/darkamazi.info\/funavuv\/wp\/v2\/tags?post=1017720"}],"curies":[{"name":"wp","href":"https:\/\/api.w.org\/{rel}","templated":true}]}}