{"id":1017733,"date":"2020-12-08T21:20:57","date_gmt":"2020-12-08T18:20:57","guid":{"rendered":"https:\/\/darkamazi.info\/?p=1017733"},"modified":"2020-12-08T21:20:57","modified_gmt":"2020-12-08T18:20:57","slug":"zerif-em-politikayen-heremi-bi-welaten-rojavayi-re-gotubej-nakin","status":"publish","type":"post","link":"https:\/\/darkamazi.info\/archives\/1017733","title":{"rendered":"Zer\u00eef : Em pol\u00eet\u00eekay\u00ean her\u00eam\u00ee bi welat\u00ean rojavay\u00ee re got\u00fbb\u00eaj nakin!"},"content":{"rendered":"<h3 style=\"text-align: justify\"><span style=\"font-family: 'arial black', sans-serif\">Wez\u00eer\u00ea Derve y\u00ea \u00ceran\u00ea Cewad Zer\u00eef ragihand ku ew pol\u00eet\u00eekay\u00ean xwe y\u00ean her\u00eam\u00ee ligel welat\u00ean rojava re naxin ber got\u00fbb\u00eajan \u00fb got, \u2018Em ji bo dan\u00fbsdandina ligel c\u00eeran\u00ean xwe y\u00ean Kendava Besray\u00ea her tim amade ne\u2019.<\/span><\/h3>\n<h3 style=\"text-align: justify\">Zer\u00eef li ser hesab\u00ea xwe y\u00ea twitter\u00ea li ser bang\u00ean welat\u00ean ereb ku dixwazin \u00ceran vegere peymana atom\u00ee daxuyan\u00ee da got, \u201cEm li ser pol\u00eet\u00eekay\u00ean xwe y\u00ean her\u00eam\u00ea got\u00fbb\u00eajan nakin, bingeha pirsgir\u00eakan destwerdana wan a her\u00eam\u00ea ye.\u201d<\/h3>\n<h3 style=\"text-align: justify\">Zer\u00eef herwiha diyar kir ku ew her tim amade ne bi c\u00eeran\u00ean xwe y\u00ean Kendava Besray\u00ea re dan\u00fbstandin\u00ea bikin.<\/h3>\n<h3 style=\"text-align: justify\">H\u00eajay\u00ee gotin\u00ea ye, aliy\u00ean peymana atom\u00ee Br\u00eetanya, Fransa \u00fb Almanya ji r\u00eaveberiya n\u00fb ya Amer\u00eekay\u00ea ya bi seroktiya Joe Biden daxwaz dikin ji n\u00fb ve vegerin peymana atom\u00ee ya ligel \u00ceran\u00ea, l\u00ea welat\u00ean ereb\u00ee y\u00ean wek\u00ee Si\u00fbd\u00ee \u00fb \u00cemarat j\u00ee ji aliyan dixwazin end\u00ee\u015fey\u00ean wan \u00ean derbar\u00ea \u00ceran\u00ea de ji hol\u00ea b\u00ean rakirin.<\/h3>\n","protected":false},"excerpt":{"rendered":"<p>Wez\u00eer\u00ea Derve y\u00ea \u00ceran\u00ea Cewad Zer\u00eef ragihand ku ew pol\u00eet\u00eekay\u00ean xwe y\u00ean her\u00eam\u00ee ligel welat\u00ean rojava re naxin ber got\u00fbb\u00eajan \u00fb got, \u2018Em ji bo dan\u00fbsdandina ligel c\u00eeran\u00ean xwe y\u00ean Kendava Besray\u00ea her tim amade ne\u2019. Zer\u00eef li ser hesab\u00ea xwe y\u00ea twitter\u00ea li ser bang\u00ean welat\u00ean ereb ku dixwazin \u00ceran vegere peymana atom\u00ee daxuyan\u00ee [&hellip;]<\/p>\n","protected":false},"author":2,"featured_media":1017734,"comment_status":"closed","ping_status":"closed","sticky":false,"template":"","format":"standard","meta":{"footnotes":""},"categories":[31],"tags":[37],"class_list":["post-1017733","post","type-post","status-publish","format-standard","has-post-thumbnail","hentry","category-rojhelata-navin","tag-sereke"],"blocksy_meta":[],"seo_head":"<!-- This site is optimized with the Yoast SEO plugin v27.5 - https:\/\/yoast.com\/product\/yoast-seo-wordpress\/ -->\n<title>Zer\u00eef : Em pol\u00eet\u00eekay\u00ean her\u00eam\u00ee bi welat\u00ean rojavay\u00ee re got\u00fbb\u00eaj nakin! - Darka Maz\u00ee<\/title>\n<meta name=\"robots\" content=\"index, follow, max-snippet:-1, max-image-preview:large, max-video-preview:-1\" \/>\n<link rel=\"canonical\" href=\"https:\/\/darkamazi.info\/archives\/1017733\" \/>\n<meta property=\"og:locale\" content=\"en_US\" \/>\n<meta property=\"og:type\" content=\"article\" \/>\n<meta property=\"og:title\" content=\"Zer\u00eef : Em pol\u00eet\u00eekay\u00ean her\u00eam\u00ee bi welat\u00ean rojavay\u00ee re got\u00fbb\u00eaj nakin! - Darka Maz\u00ee\" \/>\n<meta property=\"og:description\" content=\"Wez\u00eer\u00ea Derve y\u00ea \u00ceran\u00ea Cewad Zer\u00eef ragihand ku ew pol\u00eet\u00eekay\u00ean xwe y\u00ean her\u00eam\u00ee ligel welat\u00ean rojava re naxin ber got\u00fbb\u00eajan \u00fb got, \u2018Em ji bo dan\u00fbsdandina ligel c\u00eeran\u00ean xwe y\u00ean Kendava Besray\u00ea her tim amade ne\u2019. Zer\u00eef li ser hesab\u00ea xwe y\u00ea twitter\u00ea li ser bang\u00ean welat\u00ean ereb ku dixwazin \u00ceran vegere peymana atom\u00ee daxuyan\u00ee [&hellip;]\" \/>\n<meta property=\"og:url\" content=\"https:\/\/darkamazi.info\/archives\/1017733\" \/>\n<meta property=\"og:site_name\" content=\"Darka Maz\u00ee\" \/>\n<meta property=\"article:publisher\" content=\"https:\/\/www.facebook.com\/DarMaziKurmanci\" \/>\n<meta property=\"article:published_time\" content=\"2020-12-08T18:20:57+00:00\" \/>\n<meta property=\"og:image\" content=\"https:\/\/darkamazi.info\/file\/2020\/12\/cewad-zerif-iran.jpg\" \/>\n\t<meta property=\"og:image:width\" content=\"822\" \/>\n\t<meta property=\"og:image:height\" content=\"454\" \/>\n\t<meta property=\"og:image:type\" content=\"image\/jpeg\" \/>\n<meta name=\"author\" content=\"darka mazi\" \/>\n<meta name=\"twitter:card\" content=\"summary_large_image\" \/>\n<meta name=\"twitter:creator\" content=\"@DarkaMaziLatini\" \/>\n<meta name=\"twitter:site\" content=\"@DarkaMaziLatini\" \/>\n<meta name=\"twitter:label1\" content=\"Written by\" \/>\n\t<meta name=\"twitter:data1\" content=\"darka mazi\" \/>\n\t<meta name=\"twitter:label2\" content=\"Est. reading time\" \/>\n\t<meta name=\"twitter:data2\" content=\"1 minute\" \/>\n<script type=\"application\/ld+json\" class=\"seo-schema-graph\">{\"@context\":\"https:\\\/\\\/schema.org\",\"@graph\":[{\"@type\":\"Article\",\"@id\":\"https:\\\/\\\/darkamazi.info\\\/archives\\\/1017733#article\",\"isPartOf\":{\"@id\":\"https:\\\/\\\/darkamazi.info\\\/archives\\\/1017733\"},\"author\":{\"name\":\"darka mazi\",\"@id\":\"https:\\\/\\\/darkamazi.info\\\/#\\\/schema\\\/person\\\/5ad3e24553a0567993fa8ed4bd0a776c\"},\"headline\":\"Zer\u00eef : Em pol\u00eet\u00eekay\u00ean her\u00eam\u00ee bi welat\u00ean rojavay\u00ee re got\u00fbb\u00eaj nakin!\",\"datePublished\":\"2020-12-08T18:20:57+00:00\",\"mainEntityOfPage\":{\"@id\":\"https:\\\/\\\/darkamazi.info\\\/archives\\\/1017733\"},\"wordCount\":202,\"publisher\":{\"@id\":\"https:\\\/\\\/darkamazi.info\\\/#organization\"},\"image\":{\"@id\":\"https:\\\/\\\/darkamazi.info\\\/archives\\\/1017733#primaryimage\"},\"thumbnailUrl\":\"https:\\\/\\\/darkamazi.info\\\/darka-content\\\/uploads\\\/2020\\\/12\\\/cewad-zerif-iran.jpg\",\"keywords\":[\"sereke\"],\"articleSection\":[\"Rojhelata nav\u00een\"],\"inLanguage\":\"en-US\"},{\"@type\":\"WebPage\",\"@id\":\"https:\\\/\\\/darkamazi.info\\\/archives\\\/1017733\",\"url\":\"https:\\\/\\\/darkamazi.info\\\/archives\\\/1017733\",\"name\":\"Zer\u00eef : Em pol\u00eet\u00eekay\u00ean her\u00eam\u00ee bi welat\u00ean rojavay\u00ee re got\u00fbb\u00eaj nakin! - Darka Maz\u00ee\",\"isPartOf\":{\"@id\":\"https:\\\/\\\/darkamazi.info\\\/#website\"},\"primaryImageOfPage\":{\"@id\":\"https:\\\/\\\/darkamazi.info\\\/archives\\\/1017733#primaryimage\"},\"image\":{\"@id\":\"https:\\\/\\\/darkamazi.info\\\/archives\\\/1017733#primaryimage\"},\"thumbnailUrl\":\"https:\\\/\\\/darkamazi.info\\\/darka-content\\\/uploads\\\/2020\\\/12\\\/cewad-zerif-iran.jpg\",\"datePublished\":\"2020-12-08T18:20:57+00:00\",\"breadcrumb\":{\"@id\":\"https:\\\/\\\/darkamazi.info\\\/archives\\\/1017733#breadcrumb\"},\"inLanguage\":\"en-US\",\"potentialAction\":[{\"@type\":\"ReadAction\",\"target\":[\"https:\\\/\\\/darkamazi.info\\\/archives\\\/1017733\"]}]},{\"@type\":\"ImageObject\",\"inLanguage\":\"en-US\",\"@id\":\"https:\\\/\\\/darkamazi.info\\\/archives\\\/1017733#primaryimage\",\"url\":\"https:\\\/\\\/darkamazi.info\\\/darka-content\\\/uploads\\\/2020\\\/12\\\/cewad-zerif-iran.jpg\",\"contentUrl\":\"https:\\\/\\\/darkamazi.info\\\/darka-content\\\/uploads\\\/2020\\\/12\\\/cewad-zerif-iran.jpg\",\"width\":822,\"height\":454,\"caption\":\"Zer\u00eef : Em pol\u00eet\u00eekay\u00ean her\u00eam\u00ee bi welat\u00ean rojavay\u00ee re got\u00fbb\u00eaj nakin!\"},{\"@type\":\"BreadcrumbList\",\"@id\":\"https:\\\/\\\/darkamazi.info\\\/archives\\\/1017733#breadcrumb\",\"itemListElement\":[{\"@type\":\"ListItem\",\"position\":1,\"name\":\"Home\",\"item\":\"https:\\\/\\\/darkamazi.info\\\/\"},{\"@type\":\"ListItem\",\"position\":2,\"name\":\"Zer\u00eef : Em pol\u00eet\u00eekay\u00ean her\u00eam\u00ee bi welat\u00ean rojavay\u00ee re got\u00fbb\u00eaj nakin!\"}]},{\"@type\":\"WebSite\",\"@id\":\"https:\\\/\\\/darkamazi.info\\\/#website\",\"url\":\"https:\\\/\\\/darkamazi.info\\\/\",\"name\":\"Darka Maz\u00ee\",\"description\":\"P\u00eageha Zanyariy\u00ean Nebih\u00eest\u00ee\",\"publisher\":{\"@id\":\"https:\\\/\\\/darkamazi.info\\\/#organization\"},\"potentialAction\":[{\"@type\":\"SearchAction\",\"target\":{\"@type\":\"EntryPoint\",\"urlTemplate\":\"https:\\\/\\\/darkamazi.info\\\/?s={search_term_string}\"},\"query-input\":{\"@type\":\"PropertyValueSpecification\",\"valueRequired\":true,\"valueName\":\"search_term_string\"}}],\"inLanguage\":\"en-US\"},{\"@type\":\"Organization\",\"@id\":\"https:\\\/\\\/darkamazi.info\\\/#organization\",\"name\":\"Darka Maz\u00ee\",\"url\":\"https:\\\/\\\/darkamazi.info\\\/\",\"logo\":{\"@type\":\"ImageObject\",\"inLanguage\":\"en-US\",\"@id\":\"https:\\\/\\\/darkamazi.info\\\/#\\\/schema\\\/logo\\\/image\\\/\",\"url\":\"https:\\\/\\\/darkamazi.info\\\/darka-content\\\/uploads\\\/2017\\\/12\\\/darka-mazi-logo.png\",\"contentUrl\":\"https:\\\/\\\/darkamazi.info\\\/darka-content\\\/uploads\\\/2017\\\/12\\\/darka-mazi-logo.png\",\"width\":151,\"height\":75,\"caption\":\"Darka Maz\u00ee\"},\"image\":{\"@id\":\"https:\\\/\\\/darkamazi.info\\\/#\\\/schema\\\/logo\\\/image\\\/\"},\"sameAs\":[\"https:\\\/\\\/www.facebook.com\\\/DarMaziKurmanci\",\"https:\\\/\\\/x.com\\\/DarkaMaziLatini\",\"https:\\\/\\\/www.instagram.com\\\/darkamazi.kurmanci\\\/\",\"https:\\\/\\\/www.youtube.com\\\/channel\\\/UCa5HkTdmI8U1qCUFuTw8B2g\"]},{\"@type\":\"Person\",\"@id\":\"https:\\\/\\\/darkamazi.info\\\/#\\\/schema\\\/person\\\/5ad3e24553a0567993fa8ed4bd0a776c\",\"name\":\"darka mazi\",\"sameAs\":[\"https:\\\/\\\/darkamazi.info\\\/\"],\"url\":\"https:\\\/\\\/darkamazi.info\\\/archives\\\/author\\\/kurdi\"}]}<\/script>\n<!-- \/ Yoast SEO plugin. -->","seo_head_json":{"title":"Zer\u00eef : Em pol\u00eet\u00eekay\u00ean her\u00eam\u00ee bi welat\u00ean rojavay\u00ee re got\u00fbb\u00eaj nakin! - Darka Maz\u00ee","robots":{"index":"index","follow":"follow","max-snippet":"max-snippet:-1","max-image-preview":"max-image-preview:large","max-video-preview":"max-video-preview:-1"},"canonical":"https:\/\/darkamazi.info\/archives\/1017733","og_locale":"en_US","og_type":"article","og_title":"Zer\u00eef : Em pol\u00eet\u00eekay\u00ean her\u00eam\u00ee bi welat\u00ean rojavay\u00ee re got\u00fbb\u00eaj nakin! - Darka Maz\u00ee","og_description":"Wez\u00eer\u00ea Derve y\u00ea \u00ceran\u00ea Cewad Zer\u00eef ragihand ku ew pol\u00eet\u00eekay\u00ean xwe y\u00ean her\u00eam\u00ee ligel welat\u00ean rojava re naxin ber got\u00fbb\u00eajan \u00fb got, \u2018Em ji bo dan\u00fbsdandina ligel c\u00eeran\u00ean xwe y\u00ean Kendava Besray\u00ea her tim amade ne\u2019. Zer\u00eef li ser hesab\u00ea xwe y\u00ea twitter\u00ea li ser bang\u00ean welat\u00ean ereb ku dixwazin \u00ceran vegere peymana atom\u00ee daxuyan\u00ee [&hellip;]","og_url":"https:\/\/darkamazi.info\/archives\/1017733","og_site_name":"Darka Maz\u00ee","article_publisher":"https:\/\/www.facebook.com\/DarMaziKurmanci","article_published_time":"2020-12-08T18:20:57+00:00","og_image":[{"width":822,"height":454,"url":"https:\/\/darkamazi.info\/file\/2020\/12\/cewad-zerif-iran.jpg","type":"image\/jpeg"}],"author":"darka mazi","twitter_card":"summary_large_image","twitter_creator":"@DarkaMaziLatini","twitter_site":"@DarkaMaziLatini","twitter_misc":{"Written by":"darka mazi","Est. reading time":"1 minute"},"schema":{"@context":"https:\/\/schema.org","@graph":[{"@type":"Article","@id":"https:\/\/darkamazi.info\/archives\/1017733#article","isPartOf":{"@id":"https:\/\/darkamazi.info\/archives\/1017733"},"author":{"name":"darka mazi","@id":"https:\/\/darkamazi.info\/#\/schema\/person\/5ad3e24553a0567993fa8ed4bd0a776c"},"headline":"Zer\u00eef : Em pol\u00eet\u00eekay\u00ean her\u00eam\u00ee bi welat\u00ean rojavay\u00ee re got\u00fbb\u00eaj nakin!","datePublished":"2020-12-08T18:20:57+00:00","mainEntityOfPage":{"@id":"https:\/\/darkamazi.info\/archives\/1017733"},"wordCount":202,"publisher":{"@id":"https:\/\/darkamazi.info\/#organization"},"image":{"@id":"https:\/\/darkamazi.info\/archives\/1017733#primaryimage"},"thumbnailUrl":"https:\/\/darkamazi.info\/file\/2020\/12\/cewad-zerif-iran.jpg","keywords":["sereke"],"articleSection":["Rojhelata nav\u00een"],"inLanguage":"en-US"},{"@type":"WebPage","@id":"https:\/\/darkamazi.info\/archives\/1017733","url":"https:\/\/darkamazi.info\/archives\/1017733","name":"Zer\u00eef : Em pol\u00eet\u00eekay\u00ean her\u00eam\u00ee bi welat\u00ean rojavay\u00ee re got\u00fbb\u00eaj nakin! - Darka Maz\u00ee","isPartOf":{"@id":"https:\/\/darkamazi.info\/#website"},"primaryImageOfPage":{"@id":"https:\/\/darkamazi.info\/archives\/1017733#primaryimage"},"image":{"@id":"https:\/\/darkamazi.info\/archives\/1017733#primaryimage"},"thumbnailUrl":"https:\/\/darkamazi.info\/file\/2020\/12\/cewad-zerif-iran.jpg","datePublished":"2020-12-08T18:20:57+00:00","breadcrumb":{"@id":"https:\/\/darkamazi.info\/archives\/1017733#breadcrumb"},"inLanguage":"en-US","potentialAction":[{"@type":"ReadAction","target":["https:\/\/darkamazi.info\/archives\/1017733"]}]},{"@type":"ImageObject","inLanguage":"en-US","@id":"https:\/\/darkamazi.info\/archives\/1017733#primaryimage","url":"https:\/\/darkamazi.info\/file\/2020\/12\/cewad-zerif-iran.jpg","contentUrl":"https:\/\/darkamazi.info\/file\/2020\/12\/cewad-zerif-iran.jpg","width":822,"height":454,"caption":"Zer\u00eef : Em pol\u00eet\u00eekay\u00ean her\u00eam\u00ee bi welat\u00ean rojavay\u00ee re got\u00fbb\u00eaj nakin!"},{"@type":"BreadcrumbList","@id":"https:\/\/darkamazi.info\/archives\/1017733#breadcrumb","itemListElement":[{"@type":"ListItem","position":1,"name":"Home","item":"https:\/\/darkamazi.info\/"},{"@type":"ListItem","position":2,"name":"Zer\u00eef : Em pol\u00eet\u00eekay\u00ean her\u00eam\u00ee bi welat\u00ean rojavay\u00ee re got\u00fbb\u00eaj nakin!"}]},{"@type":"WebSite","@id":"https:\/\/darkamazi.info\/#website","url":"https:\/\/darkamazi.info\/","name":"Darka Maz\u00ee","description":"P\u00eageha Zanyariy\u00ean Nebih\u00eest\u00ee","publisher":{"@id":"https:\/\/darkamazi.info\/#organization"},"potentialAction":[{"@type":"SearchAction","target":{"@type":"EntryPoint","urlTemplate":"https:\/\/darkamazi.info\/?s={search_term_string}"},"query-input":{"@type":"PropertyValueSpecification","valueRequired":true,"valueName":"search_term_string"}}],"inLanguage":"en-US"},{"@type":"Organization","@id":"https:\/\/darkamazi.info\/#organization","name":"Darka Maz\u00ee","url":"https:\/\/darkamazi.info\/","logo":{"@type":"ImageObject","inLanguage":"en-US","@id":"https:\/\/darkamazi.info\/#\/schema\/logo\/image\/","url":"https:\/\/darkamazi.info\/file\/2017\/12\/darka-mazi-logo.png","contentUrl":"https:\/\/darkamazi.info\/file\/2017\/12\/darka-mazi-logo.png","width":151,"height":75,"caption":"Darka Maz\u00ee"},"image":{"@id":"https:\/\/darkamazi.info\/#\/schema\/logo\/image\/"},"sameAs":["https:\/\/www.facebook.com\/DarMaziKurmanci","https:\/\/x.com\/DarkaMaziLatini","https:\/\/www.instagram.com\/darkamazi.kurmanci\/","https:\/\/www.youtube.com\/channel\/UCa5HkTdmI8U1qCUFuTw8B2g"]},{"@type":"Person","@id":"https:\/\/darkamazi.info\/#\/schema\/person\/5ad3e24553a0567993fa8ed4bd0a776c","name":"darka mazi","sameAs":["https:\/\/darkamazi.info\/"],"url":"https:\/\/darkamazi.info\/archives\/author\/kurdi"}]}},"_links":{"self":[{"href":"https:\/\/darkamazi.info\/funavuv\/wp\/v2\/posts\/1017733","targetHints":{"allow":["GET"]}}],"collection":[{"href":"https:\/\/darkamazi.info\/funavuv\/wp\/v2\/posts"}],"about":[{"href":"https:\/\/darkamazi.info\/funavuv\/wp\/v2\/types\/post"}],"author":[{"embeddable":true,"href":"https:\/\/darkamazi.info\/funavuv\/wp\/v2\/users\/2"}],"replies":[{"embeddable":true,"href":"https:\/\/darkamazi.info\/funavuv\/wp\/v2\/comments?post=1017733"}],"version-history":[{"count":0,"href":"https:\/\/darkamazi.info\/funavuv\/wp\/v2\/posts\/1017733\/revisions"}],"wp:featuredmedia":[{"embeddable":true,"href":"https:\/\/darkamazi.info\/funavuv\/wp\/v2\/media\/1017734"}],"wp:attachment":[{"href":"https:\/\/darkamazi.info\/funavuv\/wp\/v2\/media?parent=1017733"}],"wp:term":[{"taxonomy":"category","embeddable":true,"href":"https:\/\/darkamazi.info\/funavuv\/wp\/v2\/categories?post=1017733"},{"taxonomy":"post_tag","embeddable":true,"href":"https:\/\/darkamazi.info\/funavuv\/wp\/v2\/tags?post=1017733"}],"curies":[{"name":"wp","href":"https:\/\/api.w.org\/{rel}","templated":true}]}}