{"id":1017758,"date":"2020-12-10T14:37:45","date_gmt":"2020-12-10T11:37:45","guid":{"rendered":"https:\/\/darkamazi.info\/?p=1017758"},"modified":"2020-12-10T14:37:45","modified_gmt":"2020-12-10T11:37:45","slug":"girupa-feylequlsam-bi-nav-kurden-efrine-ketine","status":"publish","type":"post","link":"https:\/\/darkamazi.info\/archives\/1017758","title":{"rendered":"Gir\u00fbpa Feylequl\u015fam bi nav Kurd\u00ean Efr\u00een\u00ea ketine"},"content":{"rendered":"<h3 style=\"text-align: justify\"><span style=\"font-family: 'arial black', sans-serif\"><strong>Gir\u00fbp \u00fb kom\u00ean \u00e7ekdaran \u00ean gir\u00eaday Tirkiy\u00ea ji 1\u00ee v\u00ea meh\u00ea ve 21 \u015f\u00ean\u00ee ji Efr\u00een\u00ea \u00fb nav\u00e7ey\u00ean w\u00ea revandine, amanca kom\u00ean \u00e7ekdaran serxistina guher\u00eena demograf\u00ee a v\u00ea her\u00eama rojava Kurdistan\u00ea ye.<\/strong><\/span><\/h3>\n<h3 style=\"text-align: justify\">R\u00eaxistina Maf\u00ean Mirovan li Efr\u00een\u00ea belav kir, \u00e7ekdar\u00ean gir\u00fbpa Feyleq El-\u015eam \u00e7end roj in bi mal\u00ean welatiy\u00ean gund\u00ean Kib\u00ea\u015f\u00een, Bas\u00fbfan \u00fb Bi\u2019iy\u00ea y\u00ean\u00a0nav\u00e7eya \u015e\u00earewa\u00a0de girtine, li welatiyan didin \u00fb direv\u00eenin. P\u00ear j\u00ee li gund\u00ea Kib\u00ea\u015f\u00een\u00ea li jineke 40 sal\u00ee dan \u00fb revandin.<\/h3>\n<h3 style=\"text-align: justify\">Li gor zanyariy\u00ean w\u00ea r\u00eaxistina maf\u00ean mirovan, \u00e7end roj in \u00e7ekdaran z\u00eadetir ji 15 kesan ji wan her s\u00ea gundan revandine. Ji ber ku \u00e7ekdaran ew gund dorp\u00ea\u00e7 kirine, zanyariy\u00ean z\u00eade ji wan gundan nayin bidestxistin.<\/h3>\n<h3 style=\"text-align: justify\">R\u00eaxistina Maf\u00ean Mirovan li Efr\u00een\u00ea di raporteke din de belav kir, \u00e7ekdar\u00ean Pol\u00eesa Le\u015fker\u00ee ji roja 1\u00ea v\u00ea meh\u00ea ve 4 kes ji bajarok\u00ea\u00a0Cindir\u00eas\u00ea\u00a0revandin ku 2 ji wan jin in.<\/h3>\n<h3 style=\"text-align: justify\">Nav\u00ean kes\u00ean hatine revandin wiha ne: Xalide \u015e\u00eax Murad \u00fb ke\u00e7a w\u00ea Em\u00eene Ebdo Murad, Mihemed Hec Y\u00fbsif \u00fb Ehmed Hec Gul\u00een.<\/h3>\n<h3 style=\"text-align: justify\">Herwiha belav kir j\u00ee, gr\u00fbpa Pol\u00eesa Le\u015fker\u00ee roja 6\u00ea v\u00ea meh\u00ea 2 kes\u00ean din (Mihemed Hebe\u015f Hino \u00fb Mihemed Hus\u00ean Dehdo) ji gund\u00ea Behd\u00eena y\u00ea li\u00a0nav\u00e7eya Raco\u00a0revandin \u00fb niha \u00e7areniv\u00eesa wan diyar e.<\/h3>\n<h3 style=\"text-align: justify\">Ji dema dag\u00eerkirina Efr\u00een\u00ea ji aliy\u00ea\u00a0art\u00ea\u015fa Tirkiy\u00ea\u00a0\u00fb gr\u00fbp\u00ean \u00e7ekdar ve di 18\u00ea Adara 2018an de \u00fb heta niha bi hezaran welatiy\u00ean siv\u00eel hatine revandin \u00fb e\u015fkencedan.<\/h3>\n<h3 style=\"text-align: justify\">\u00c7alakvan\u00ean Efr\u00een\u00ea dib\u00eajin, armanca art\u00ea\u015fa Tirkiy\u00ea \u00fb gr\u00fbp\u00ean \u00e7ekdar j revandina welatiyan ew e, rew\u015feke gelek\u00ee xirap \u00fb metirs\u00eedar dirust bikin, da ku welatiy\u00ean Efr\u00een\u00ea ji xaka xwe ko\u00e7ber bibin \u00fb proseya\u00a0guhartina demokgraf\u00ee\u00a0bibin ser\u00ee.<\/h3>\n","protected":false},"excerpt":{"rendered":"<p>Gir\u00fbp \u00fb kom\u00ean \u00e7ekdaran \u00ean gir\u00eaday Tirkiy\u00ea ji 1\u00ee v\u00ea meh\u00ea ve 21 \u015f\u00ean\u00ee ji Efr\u00een\u00ea \u00fb nav\u00e7ey\u00ean w\u00ea revandine, amanca kom\u00ean \u00e7ekdaran serxistina guher\u00eena demograf\u00ee a v\u00ea her\u00eama rojava Kurdistan\u00ea ye. R\u00eaxistina Maf\u00ean Mirovan li Efr\u00een\u00ea belav kir, \u00e7ekdar\u00ean gir\u00fbpa Feyleq El-\u015eam \u00e7end roj in bi mal\u00ean welatiy\u00ean gund\u00ean Kib\u00ea\u015f\u00een, Bas\u00fbfan \u00fb Bi\u2019iy\u00ea y\u00ean\u00a0nav\u00e7eya [&hellip;]<\/p>\n","protected":false},"author":2,"featured_media":1017760,"comment_status":"closed","ping_status":"closed","sticky":false,"template":"","format":"standard","meta":{"footnotes":""},"categories":[29],"tags":[37],"class_list":["post-1017758","post","type-post","status-publish","format-standard","has-post-thumbnail","hentry","category-kurdistan","tag-sereke"],"blocksy_meta":[],"seo_head":"<!-- This site is optimized with the Yoast SEO plugin v27.5 - https:\/\/yoast.com\/product\/yoast-seo-wordpress\/ -->\n<title>Gir\u00fbpa Feylequl\u015fam bi nav Kurd\u00ean Efr\u00een\u00ea ketine - Darka Maz\u00ee<\/title>\n<meta name=\"robots\" content=\"index, follow, max-snippet:-1, max-image-preview:large, max-video-preview:-1\" \/>\n<link rel=\"canonical\" href=\"https:\/\/darkamazi.info\/archives\/1017758\" \/>\n<meta property=\"og:locale\" content=\"en_US\" \/>\n<meta property=\"og:type\" content=\"article\" \/>\n<meta property=\"og:title\" content=\"Gir\u00fbpa Feylequl\u015fam bi nav Kurd\u00ean Efr\u00een\u00ea ketine - Darka Maz\u00ee\" \/>\n<meta property=\"og:description\" content=\"Gir\u00fbp \u00fb kom\u00ean \u00e7ekdaran \u00ean gir\u00eaday Tirkiy\u00ea ji 1\u00ee v\u00ea meh\u00ea ve 21 \u015f\u00ean\u00ee ji Efr\u00een\u00ea \u00fb nav\u00e7ey\u00ean w\u00ea revandine, amanca kom\u00ean \u00e7ekdaran serxistina guher\u00eena demograf\u00ee a v\u00ea her\u00eama rojava Kurdistan\u00ea ye. R\u00eaxistina Maf\u00ean Mirovan li Efr\u00een\u00ea belav kir, \u00e7ekdar\u00ean gir\u00fbpa Feyleq El-\u015eam \u00e7end roj in bi mal\u00ean welatiy\u00ean gund\u00ean Kib\u00ea\u015f\u00een, Bas\u00fbfan \u00fb Bi\u2019iy\u00ea y\u00ean\u00a0nav\u00e7eya [&hellip;]\" \/>\n<meta property=\"og:url\" content=\"https:\/\/darkamazi.info\/archives\/1017758\" \/>\n<meta property=\"og:site_name\" content=\"Darka Maz\u00ee\" \/>\n<meta property=\"article:publisher\" content=\"https:\/\/www.facebook.com\/DarMaziKurmanci\" \/>\n<meta property=\"article:published_time\" content=\"2020-12-10T11:37:45+00:00\" \/>\n<meta property=\"og:image\" content=\"https:\/\/darkamazi.info\/file\/2020\/12\/Girupa-Feylequlsam-bi-nav-Kurden-Efrine-ketine-2.jpg\" \/>\n\t<meta property=\"og:image:width\" content=\"900\" \/>\n\t<meta property=\"og:image:height\" content=\"497\" \/>\n\t<meta property=\"og:image:type\" content=\"image\/jpeg\" \/>\n<meta name=\"author\" content=\"darka mazi\" \/>\n<meta name=\"twitter:card\" content=\"summary_large_image\" \/>\n<meta name=\"twitter:creator\" content=\"@DarkaMaziLatini\" \/>\n<meta name=\"twitter:site\" content=\"@DarkaMaziLatini\" \/>\n<meta name=\"twitter:label1\" content=\"Written by\" \/>\n\t<meta name=\"twitter:data1\" content=\"darka mazi\" \/>\n\t<meta name=\"twitter:label2\" content=\"Est. reading time\" \/>\n\t<meta name=\"twitter:data2\" content=\"2 minutes\" \/>\n<script type=\"application\/ld+json\" class=\"seo-schema-graph\">{\"@context\":\"https:\\\/\\\/schema.org\",\"@graph\":[{\"@type\":\"Article\",\"@id\":\"https:\\\/\\\/darkamazi.info\\\/archives\\\/1017758#article\",\"isPartOf\":{\"@id\":\"https:\\\/\\\/darkamazi.info\\\/archives\\\/1017758\"},\"author\":{\"name\":\"darka mazi\",\"@id\":\"https:\\\/\\\/darkamazi.info\\\/#\\\/schema\\\/person\\\/5ad3e24553a0567993fa8ed4bd0a776c\"},\"headline\":\"Gir\u00fbpa Feylequl\u015fam bi nav Kurd\u00ean Efr\u00een\u00ea ketine\",\"datePublished\":\"2020-12-10T11:37:45+00:00\",\"mainEntityOfPage\":{\"@id\":\"https:\\\/\\\/darkamazi.info\\\/archives\\\/1017758\"},\"wordCount\":323,\"publisher\":{\"@id\":\"https:\\\/\\\/darkamazi.info\\\/#organization\"},\"image\":{\"@id\":\"https:\\\/\\\/darkamazi.info\\\/archives\\\/1017758#primaryimage\"},\"thumbnailUrl\":\"https:\\\/\\\/darkamazi.info\\\/darka-content\\\/uploads\\\/2020\\\/12\\\/Girupa-Feylequlsam-bi-nav-Kurden-Efrine-ketine-2.jpg\",\"keywords\":[\"sereke\"],\"articleSection\":[\"Kurdistan\"],\"inLanguage\":\"en-US\"},{\"@type\":\"WebPage\",\"@id\":\"https:\\\/\\\/darkamazi.info\\\/archives\\\/1017758\",\"url\":\"https:\\\/\\\/darkamazi.info\\\/archives\\\/1017758\",\"name\":\"Gir\u00fbpa Feylequl\u015fam bi nav Kurd\u00ean Efr\u00een\u00ea ketine - Darka Maz\u00ee\",\"isPartOf\":{\"@id\":\"https:\\\/\\\/darkamazi.info\\\/#website\"},\"primaryImageOfPage\":{\"@id\":\"https:\\\/\\\/darkamazi.info\\\/archives\\\/1017758#primaryimage\"},\"image\":{\"@id\":\"https:\\\/\\\/darkamazi.info\\\/archives\\\/1017758#primaryimage\"},\"thumbnailUrl\":\"https:\\\/\\\/darkamazi.info\\\/darka-content\\\/uploads\\\/2020\\\/12\\\/Girupa-Feylequlsam-bi-nav-Kurden-Efrine-ketine-2.jpg\",\"datePublished\":\"2020-12-10T11:37:45+00:00\",\"breadcrumb\":{\"@id\":\"https:\\\/\\\/darkamazi.info\\\/archives\\\/1017758#breadcrumb\"},\"inLanguage\":\"en-US\",\"potentialAction\":[{\"@type\":\"ReadAction\",\"target\":[\"https:\\\/\\\/darkamazi.info\\\/archives\\\/1017758\"]}]},{\"@type\":\"ImageObject\",\"inLanguage\":\"en-US\",\"@id\":\"https:\\\/\\\/darkamazi.info\\\/archives\\\/1017758#primaryimage\",\"url\":\"https:\\\/\\\/darkamazi.info\\\/darka-content\\\/uploads\\\/2020\\\/12\\\/Girupa-Feylequlsam-bi-nav-Kurden-Efrine-ketine-2.jpg\",\"contentUrl\":\"https:\\\/\\\/darkamazi.info\\\/darka-content\\\/uploads\\\/2020\\\/12\\\/Girupa-Feylequlsam-bi-nav-Kurden-Efrine-ketine-2.jpg\",\"width\":900,\"height\":497},{\"@type\":\"BreadcrumbList\",\"@id\":\"https:\\\/\\\/darkamazi.info\\\/archives\\\/1017758#breadcrumb\",\"itemListElement\":[{\"@type\":\"ListItem\",\"position\":1,\"name\":\"Home\",\"item\":\"https:\\\/\\\/darkamazi.info\\\/\"},{\"@type\":\"ListItem\",\"position\":2,\"name\":\"Gir\u00fbpa Feylequl\u015fam bi nav Kurd\u00ean Efr\u00een\u00ea ketine\"}]},{\"@type\":\"WebSite\",\"@id\":\"https:\\\/\\\/darkamazi.info\\\/#website\",\"url\":\"https:\\\/\\\/darkamazi.info\\\/\",\"name\":\"Darka Maz\u00ee\",\"description\":\"P\u00eageha Zanyariy\u00ean Nebih\u00eest\u00ee\",\"publisher\":{\"@id\":\"https:\\\/\\\/darkamazi.info\\\/#organization\"},\"potentialAction\":[{\"@type\":\"SearchAction\",\"target\":{\"@type\":\"EntryPoint\",\"urlTemplate\":\"https:\\\/\\\/darkamazi.info\\\/?s={search_term_string}\"},\"query-input\":{\"@type\":\"PropertyValueSpecification\",\"valueRequired\":true,\"valueName\":\"search_term_string\"}}],\"inLanguage\":\"en-US\"},{\"@type\":\"Organization\",\"@id\":\"https:\\\/\\\/darkamazi.info\\\/#organization\",\"name\":\"Darka Maz\u00ee\",\"url\":\"https:\\\/\\\/darkamazi.info\\\/\",\"logo\":{\"@type\":\"ImageObject\",\"inLanguage\":\"en-US\",\"@id\":\"https:\\\/\\\/darkamazi.info\\\/#\\\/schema\\\/logo\\\/image\\\/\",\"url\":\"https:\\\/\\\/darkamazi.info\\\/darka-content\\\/uploads\\\/2017\\\/12\\\/darka-mazi-logo.png\",\"contentUrl\":\"https:\\\/\\\/darkamazi.info\\\/darka-content\\\/uploads\\\/2017\\\/12\\\/darka-mazi-logo.png\",\"width\":151,\"height\":75,\"caption\":\"Darka Maz\u00ee\"},\"image\":{\"@id\":\"https:\\\/\\\/darkamazi.info\\\/#\\\/schema\\\/logo\\\/image\\\/\"},\"sameAs\":[\"https:\\\/\\\/www.facebook.com\\\/DarMaziKurmanci\",\"https:\\\/\\\/x.com\\\/DarkaMaziLatini\",\"https:\\\/\\\/www.instagram.com\\\/darkamazi.kurmanci\\\/\",\"https:\\\/\\\/www.youtube.com\\\/channel\\\/UCa5HkTdmI8U1qCUFuTw8B2g\"]},{\"@type\":\"Person\",\"@id\":\"https:\\\/\\\/darkamazi.info\\\/#\\\/schema\\\/person\\\/5ad3e24553a0567993fa8ed4bd0a776c\",\"name\":\"darka mazi\",\"sameAs\":[\"https:\\\/\\\/darkamazi.info\\\/\"],\"url\":\"https:\\\/\\\/darkamazi.info\\\/archives\\\/author\\\/kurdi\"}]}<\/script>\n<!-- \/ Yoast SEO plugin. -->","seo_head_json":{"title":"Gir\u00fbpa Feylequl\u015fam bi nav Kurd\u00ean Efr\u00een\u00ea ketine - Darka Maz\u00ee","robots":{"index":"index","follow":"follow","max-snippet":"max-snippet:-1","max-image-preview":"max-image-preview:large","max-video-preview":"max-video-preview:-1"},"canonical":"https:\/\/darkamazi.info\/archives\/1017758","og_locale":"en_US","og_type":"article","og_title":"Gir\u00fbpa Feylequl\u015fam bi nav Kurd\u00ean Efr\u00een\u00ea ketine - Darka Maz\u00ee","og_description":"Gir\u00fbp \u00fb kom\u00ean \u00e7ekdaran \u00ean gir\u00eaday Tirkiy\u00ea ji 1\u00ee v\u00ea meh\u00ea ve 21 \u015f\u00ean\u00ee ji Efr\u00een\u00ea \u00fb nav\u00e7ey\u00ean w\u00ea revandine, amanca kom\u00ean \u00e7ekdaran serxistina guher\u00eena demograf\u00ee a v\u00ea her\u00eama rojava Kurdistan\u00ea ye. R\u00eaxistina Maf\u00ean Mirovan li Efr\u00een\u00ea belav kir, \u00e7ekdar\u00ean gir\u00fbpa Feyleq El-\u015eam \u00e7end roj in bi mal\u00ean welatiy\u00ean gund\u00ean Kib\u00ea\u015f\u00een, Bas\u00fbfan \u00fb Bi\u2019iy\u00ea y\u00ean\u00a0nav\u00e7eya [&hellip;]","og_url":"https:\/\/darkamazi.info\/archives\/1017758","og_site_name":"Darka Maz\u00ee","article_publisher":"https:\/\/www.facebook.com\/DarMaziKurmanci","article_published_time":"2020-12-10T11:37:45+00:00","og_image":[{"width":900,"height":497,"url":"https:\/\/darkamazi.info\/file\/2020\/12\/Girupa-Feylequlsam-bi-nav-Kurden-Efrine-ketine-2.jpg","type":"image\/jpeg"}],"author":"darka mazi","twitter_card":"summary_large_image","twitter_creator":"@DarkaMaziLatini","twitter_site":"@DarkaMaziLatini","twitter_misc":{"Written by":"darka mazi","Est. reading time":"2 minutes"},"schema":{"@context":"https:\/\/schema.org","@graph":[{"@type":"Article","@id":"https:\/\/darkamazi.info\/archives\/1017758#article","isPartOf":{"@id":"https:\/\/darkamazi.info\/archives\/1017758"},"author":{"name":"darka mazi","@id":"https:\/\/darkamazi.info\/#\/schema\/person\/5ad3e24553a0567993fa8ed4bd0a776c"},"headline":"Gir\u00fbpa Feylequl\u015fam bi nav Kurd\u00ean Efr\u00een\u00ea ketine","datePublished":"2020-12-10T11:37:45+00:00","mainEntityOfPage":{"@id":"https:\/\/darkamazi.info\/archives\/1017758"},"wordCount":323,"publisher":{"@id":"https:\/\/darkamazi.info\/#organization"},"image":{"@id":"https:\/\/darkamazi.info\/archives\/1017758#primaryimage"},"thumbnailUrl":"https:\/\/darkamazi.info\/file\/2020\/12\/Girupa-Feylequlsam-bi-nav-Kurden-Efrine-ketine-2.jpg","keywords":["sereke"],"articleSection":["Kurdistan"],"inLanguage":"en-US"},{"@type":"WebPage","@id":"https:\/\/darkamazi.info\/archives\/1017758","url":"https:\/\/darkamazi.info\/archives\/1017758","name":"Gir\u00fbpa Feylequl\u015fam bi nav Kurd\u00ean Efr\u00een\u00ea ketine - Darka Maz\u00ee","isPartOf":{"@id":"https:\/\/darkamazi.info\/#website"},"primaryImageOfPage":{"@id":"https:\/\/darkamazi.info\/archives\/1017758#primaryimage"},"image":{"@id":"https:\/\/darkamazi.info\/archives\/1017758#primaryimage"},"thumbnailUrl":"https:\/\/darkamazi.info\/file\/2020\/12\/Girupa-Feylequlsam-bi-nav-Kurden-Efrine-ketine-2.jpg","datePublished":"2020-12-10T11:37:45+00:00","breadcrumb":{"@id":"https:\/\/darkamazi.info\/archives\/1017758#breadcrumb"},"inLanguage":"en-US","potentialAction":[{"@type":"ReadAction","target":["https:\/\/darkamazi.info\/archives\/1017758"]}]},{"@type":"ImageObject","inLanguage":"en-US","@id":"https:\/\/darkamazi.info\/archives\/1017758#primaryimage","url":"https:\/\/darkamazi.info\/file\/2020\/12\/Girupa-Feylequlsam-bi-nav-Kurden-Efrine-ketine-2.jpg","contentUrl":"https:\/\/darkamazi.info\/file\/2020\/12\/Girupa-Feylequlsam-bi-nav-Kurden-Efrine-ketine-2.jpg","width":900,"height":497},{"@type":"BreadcrumbList","@id":"https:\/\/darkamazi.info\/archives\/1017758#breadcrumb","itemListElement":[{"@type":"ListItem","position":1,"name":"Home","item":"https:\/\/darkamazi.info\/"},{"@type":"ListItem","position":2,"name":"Gir\u00fbpa Feylequl\u015fam bi nav Kurd\u00ean Efr\u00een\u00ea ketine"}]},{"@type":"WebSite","@id":"https:\/\/darkamazi.info\/#website","url":"https:\/\/darkamazi.info\/","name":"Darka Maz\u00ee","description":"P\u00eageha Zanyariy\u00ean Nebih\u00eest\u00ee","publisher":{"@id":"https:\/\/darkamazi.info\/#organization"},"potentialAction":[{"@type":"SearchAction","target":{"@type":"EntryPoint","urlTemplate":"https:\/\/darkamazi.info\/?s={search_term_string}"},"query-input":{"@type":"PropertyValueSpecification","valueRequired":true,"valueName":"search_term_string"}}],"inLanguage":"en-US"},{"@type":"Organization","@id":"https:\/\/darkamazi.info\/#organization","name":"Darka Maz\u00ee","url":"https:\/\/darkamazi.info\/","logo":{"@type":"ImageObject","inLanguage":"en-US","@id":"https:\/\/darkamazi.info\/#\/schema\/logo\/image\/","url":"https:\/\/darkamazi.info\/file\/2017\/12\/darka-mazi-logo.png","contentUrl":"https:\/\/darkamazi.info\/file\/2017\/12\/darka-mazi-logo.png","width":151,"height":75,"caption":"Darka Maz\u00ee"},"image":{"@id":"https:\/\/darkamazi.info\/#\/schema\/logo\/image\/"},"sameAs":["https:\/\/www.facebook.com\/DarMaziKurmanci","https:\/\/x.com\/DarkaMaziLatini","https:\/\/www.instagram.com\/darkamazi.kurmanci\/","https:\/\/www.youtube.com\/channel\/UCa5HkTdmI8U1qCUFuTw8B2g"]},{"@type":"Person","@id":"https:\/\/darkamazi.info\/#\/schema\/person\/5ad3e24553a0567993fa8ed4bd0a776c","name":"darka mazi","sameAs":["https:\/\/darkamazi.info\/"],"url":"https:\/\/darkamazi.info\/archives\/author\/kurdi"}]}},"_links":{"self":[{"href":"https:\/\/darkamazi.info\/funavuv\/wp\/v2\/posts\/1017758","targetHints":{"allow":["GET"]}}],"collection":[{"href":"https:\/\/darkamazi.info\/funavuv\/wp\/v2\/posts"}],"about":[{"href":"https:\/\/darkamazi.info\/funavuv\/wp\/v2\/types\/post"}],"author":[{"embeddable":true,"href":"https:\/\/darkamazi.info\/funavuv\/wp\/v2\/users\/2"}],"replies":[{"embeddable":true,"href":"https:\/\/darkamazi.info\/funavuv\/wp\/v2\/comments?post=1017758"}],"version-history":[{"count":0,"href":"https:\/\/darkamazi.info\/funavuv\/wp\/v2\/posts\/1017758\/revisions"}],"wp:featuredmedia":[{"embeddable":true,"href":"https:\/\/darkamazi.info\/funavuv\/wp\/v2\/media\/1017760"}],"wp:attachment":[{"href":"https:\/\/darkamazi.info\/funavuv\/wp\/v2\/media?parent=1017758"}],"wp:term":[{"taxonomy":"category","embeddable":true,"href":"https:\/\/darkamazi.info\/funavuv\/wp\/v2\/categories?post=1017758"},{"taxonomy":"post_tag","embeddable":true,"href":"https:\/\/darkamazi.info\/funavuv\/wp\/v2\/tags?post=1017758"}],"curies":[{"name":"wp","href":"https:\/\/api.w.org\/{rel}","templated":true}]}}