{"id":1017822,"date":"2020-12-13T12:03:47","date_gmt":"2020-12-13T09:03:47","guid":{"rendered":"https:\/\/darkamazi.info\/?p=1017822"},"modified":"2020-12-13T12:03:47","modified_gmt":"2020-12-13T09:03:47","slug":"tirkye-amadekariya-eriseke-mezin-li-ser-rojava-dike","status":"publish","type":"post","link":"https:\/\/darkamazi.info\/archives\/1017822","title":{"rendered":"Tirkye amadekar\u00eeya \u00ear\u00ee\u015feke mezin li ser Rojava dike"},"content":{"rendered":"<h3 style=\"text-align: justify\"><span style=\"font-family: 'arial black', sans-serif\">Arte\u015fa Tirkiy\u00ea \u00fb kom\u00ean \u00e7ekdar\u00ean gir\u00eaday w\u00ea li \u015feva derbasb\u00fby\u00ee d\u00fb gund\u00ean gir\u00eaday bajarok\u00ea Eyn \u00cesay\u00ea li Rojava Kurdistan\u00ea topbaran kirin, ev y\u00eak di \u00e7ar\u00e7\u00fbveya amadekar\u00eeya \u00ear\u00ee\u015fa ser w\u00ee bajarok\u00ee ye.<\/span><\/h3>\n<h3 style=\"text-align: justify\">Li \u015feva derbasb\u00fby\u00ee arte\u015fa Tirkiy\u00ea \u00fb kom\u00ean \u00e7ekdar\u00ean gir\u00eaday w\u00ea, her y\u00eak ji gund\u00ean Seyda \u00fb Mu&#8217;eleq\u00ee y\u00ean gir\u00eaday bajarok\u00ea Eyn \u00cesay\u00ea topbaran kirin \u00fb zirar p\u00eare xistine.<\/h3>\n<h3 style=\"text-align: justify\">\u00c7avkaniy\u00ean gir\u00eaday H\u00eaz\u00ean Surayaya Demokrat\u00eek e\u015fkere kir, Tirkiye \u00fb kom\u00ean \u00e7ekdaran amadekar\u00eeya operasyoneke mezin li ser bajarok\u00ea Eyn \u00cesay\u00ea dike ji bo ku v\u00ee bajarok\u00ee dag\u00eer bike.<\/h3>\n<h3 style=\"text-align: justify\">Li dema d\u00fb heftey\u00ean rab\u00fbr\u00ee, arte\u015fa Tirkiy\u00ea \u00fb kom\u00ean \u00e7ekdaran b\u00ea navbir dorbera bajarok\u00ea Eyn \u00cesay\u00ea topbaran dikin, R\u00fbsya federal j\u00ee ji H\u00eaz\u00ean S\u00fbryaya Demokrat\u00eek xwest v\u00ee bajar\u00ee bide dest rej\u00eema S\u00fbriy\u00ea ji bo ku \u00ear\u00ee\u015f\u00ean Tirkiy\u00ea li ser nem\u00eene.<\/h3>\n<h3 style=\"text-align: justify\">\u00car\u00ee\u015f\u00ean Tirkiy\u00ea li ser bajarok\u00ea Eyn \u00cesay\u00ea hemwexta lihevhatina HSD \u00ea \u00fb R\u00fbsiy\u00ea a hefteya rab\u00fbr\u00ee t\u00ea ku HSD e \u00fb arte\u015fa S\u00fbriy\u00ea nuqtey\u00ean hevbe\u015f li wir ava bikin.<\/h3>\n","protected":false},"excerpt":{"rendered":"<p>Arte\u015fa Tirkiy\u00ea \u00fb kom\u00ean \u00e7ekdar\u00ean gir\u00eaday w\u00ea li \u015feva derbasb\u00fby\u00ee d\u00fb gund\u00ean gir\u00eaday bajarok\u00ea Eyn \u00cesay\u00ea li Rojava Kurdistan\u00ea topbaran kirin, ev y\u00eak di \u00e7ar\u00e7\u00fbveya amadekar\u00eeya \u00ear\u00ee\u015fa ser w\u00ee bajarok\u00ee ye. Li \u015feva derbasb\u00fby\u00ee arte\u015fa Tirkiy\u00ea \u00fb kom\u00ean \u00e7ekdar\u00ean gir\u00eaday w\u00ea, her y\u00eak ji gund\u00ean Seyda \u00fb Mu&#8217;eleq\u00ee y\u00ean gir\u00eaday bajarok\u00ea Eyn \u00cesay\u00ea topbaran kirin [&hellip;]<\/p>\n","protected":false},"author":2,"featured_media":1017824,"comment_status":"closed","ping_status":"closed","sticky":false,"template":"","format":"standard","meta":{"footnotes":""},"categories":[29],"tags":[37],"class_list":["post-1017822","post","type-post","status-publish","format-standard","has-post-thumbnail","hentry","category-kurdistan","tag-sereke"],"blocksy_meta":[],"seo_head":"<!-- This site is optimized with the Yoast SEO plugin v27.5 - https:\/\/yoast.com\/product\/yoast-seo-wordpress\/ -->\n<title>Tirkye amadekar\u00eeya \u00ear\u00ee\u015feke mezin li ser Rojava dike - Darka Maz\u00ee<\/title>\n<meta name=\"robots\" content=\"index, follow, max-snippet:-1, max-image-preview:large, max-video-preview:-1\" \/>\n<link rel=\"canonical\" href=\"https:\/\/darkamazi.info\/archives\/1017822\" \/>\n<meta property=\"og:locale\" content=\"en_US\" \/>\n<meta property=\"og:type\" content=\"article\" \/>\n<meta property=\"og:title\" content=\"Tirkye amadekar\u00eeya \u00ear\u00ee\u015feke mezin li ser Rojava dike - Darka Maz\u00ee\" \/>\n<meta property=\"og:description\" content=\"Arte\u015fa Tirkiy\u00ea \u00fb kom\u00ean \u00e7ekdar\u00ean gir\u00eaday w\u00ea li \u015feva derbasb\u00fby\u00ee d\u00fb gund\u00ean gir\u00eaday bajarok\u00ea Eyn \u00cesay\u00ea li Rojava Kurdistan\u00ea topbaran kirin, ev y\u00eak di \u00e7ar\u00e7\u00fbveya amadekar\u00eeya \u00ear\u00ee\u015fa ser w\u00ee bajarok\u00ee ye. Li \u015feva derbasb\u00fby\u00ee arte\u015fa Tirkiy\u00ea \u00fb kom\u00ean \u00e7ekdar\u00ean gir\u00eaday w\u00ea, her y\u00eak ji gund\u00ean Seyda \u00fb Mu&#8217;eleq\u00ee y\u00ean gir\u00eaday bajarok\u00ea Eyn \u00cesay\u00ea topbaran kirin [&hellip;]\" \/>\n<meta property=\"og:url\" content=\"https:\/\/darkamazi.info\/archives\/1017822\" \/>\n<meta property=\"og:site_name\" content=\"Darka Maz\u00ee\" \/>\n<meta property=\"article:publisher\" content=\"https:\/\/www.facebook.com\/DarMaziKurmanci\" \/>\n<meta property=\"article:published_time\" content=\"2020-12-13T09:03:47+00:00\" \/>\n<meta property=\"og:image\" content=\"https:\/\/darkamazi.info\/file\/2020\/12\/eyn-isa-turk-hsd-qsd-2.jpg\" \/>\n\t<meta property=\"og:image:width\" content=\"900\" \/>\n\t<meta property=\"og:image:height\" content=\"497\" \/>\n\t<meta property=\"og:image:type\" content=\"image\/jpeg\" \/>\n<meta name=\"author\" content=\"darka mazi\" \/>\n<meta name=\"twitter:card\" content=\"summary_large_image\" \/>\n<meta name=\"twitter:creator\" content=\"@DarkaMaziLatini\" \/>\n<meta name=\"twitter:site\" content=\"@DarkaMaziLatini\" \/>\n<meta name=\"twitter:label1\" content=\"Written by\" \/>\n\t<meta name=\"twitter:data1\" content=\"darka mazi\" \/>\n\t<meta name=\"twitter:label2\" content=\"Est. reading time\" \/>\n\t<meta name=\"twitter:data2\" content=\"1 minute\" \/>\n<script type=\"application\/ld+json\" class=\"seo-schema-graph\">{\"@context\":\"https:\\\/\\\/schema.org\",\"@graph\":[{\"@type\":\"Article\",\"@id\":\"https:\\\/\\\/darkamazi.info\\\/archives\\\/1017822#article\",\"isPartOf\":{\"@id\":\"https:\\\/\\\/darkamazi.info\\\/archives\\\/1017822\"},\"author\":{\"name\":\"darka mazi\",\"@id\":\"https:\\\/\\\/darkamazi.info\\\/#\\\/schema\\\/person\\\/5ad3e24553a0567993fa8ed4bd0a776c\"},\"headline\":\"Tirkye amadekar\u00eeya \u00ear\u00ee\u015feke mezin li ser Rojava dike\",\"datePublished\":\"2020-12-13T09:03:47+00:00\",\"mainEntityOfPage\":{\"@id\":\"https:\\\/\\\/darkamazi.info\\\/archives\\\/1017822\"},\"wordCount\":206,\"publisher\":{\"@id\":\"https:\\\/\\\/darkamazi.info\\\/#organization\"},\"image\":{\"@id\":\"https:\\\/\\\/darkamazi.info\\\/archives\\\/1017822#primaryimage\"},\"thumbnailUrl\":\"https:\\\/\\\/darkamazi.info\\\/darka-content\\\/uploads\\\/2020\\\/12\\\/eyn-isa-turk-hsd-qsd-2.jpg\",\"keywords\":[\"sereke\"],\"articleSection\":[\"Kurdistan\"],\"inLanguage\":\"en-US\"},{\"@type\":\"WebPage\",\"@id\":\"https:\\\/\\\/darkamazi.info\\\/archives\\\/1017822\",\"url\":\"https:\\\/\\\/darkamazi.info\\\/archives\\\/1017822\",\"name\":\"Tirkye amadekar\u00eeya \u00ear\u00ee\u015feke mezin li ser Rojava dike - Darka Maz\u00ee\",\"isPartOf\":{\"@id\":\"https:\\\/\\\/darkamazi.info\\\/#website\"},\"primaryImageOfPage\":{\"@id\":\"https:\\\/\\\/darkamazi.info\\\/archives\\\/1017822#primaryimage\"},\"image\":{\"@id\":\"https:\\\/\\\/darkamazi.info\\\/archives\\\/1017822#primaryimage\"},\"thumbnailUrl\":\"https:\\\/\\\/darkamazi.info\\\/darka-content\\\/uploads\\\/2020\\\/12\\\/eyn-isa-turk-hsd-qsd-2.jpg\",\"datePublished\":\"2020-12-13T09:03:47+00:00\",\"breadcrumb\":{\"@id\":\"https:\\\/\\\/darkamazi.info\\\/archives\\\/1017822#breadcrumb\"},\"inLanguage\":\"en-US\",\"potentialAction\":[{\"@type\":\"ReadAction\",\"target\":[\"https:\\\/\\\/darkamazi.info\\\/archives\\\/1017822\"]}]},{\"@type\":\"ImageObject\",\"inLanguage\":\"en-US\",\"@id\":\"https:\\\/\\\/darkamazi.info\\\/archives\\\/1017822#primaryimage\",\"url\":\"https:\\\/\\\/darkamazi.info\\\/darka-content\\\/uploads\\\/2020\\\/12\\\/eyn-isa-turk-hsd-qsd-2.jpg\",\"contentUrl\":\"https:\\\/\\\/darkamazi.info\\\/darka-content\\\/uploads\\\/2020\\\/12\\\/eyn-isa-turk-hsd-qsd-2.jpg\",\"width\":900,\"height\":497,\"caption\":\"Tirkye amadekar\u00eeya \u00ear\u00ee\u015feke mezin li ser Rojava dike\"},{\"@type\":\"BreadcrumbList\",\"@id\":\"https:\\\/\\\/darkamazi.info\\\/archives\\\/1017822#breadcrumb\",\"itemListElement\":[{\"@type\":\"ListItem\",\"position\":1,\"name\":\"Home\",\"item\":\"https:\\\/\\\/darkamazi.info\\\/\"},{\"@type\":\"ListItem\",\"position\":2,\"name\":\"Tirkye amadekar\u00eeya \u00ear\u00ee\u015feke mezin li ser Rojava dike\"}]},{\"@type\":\"WebSite\",\"@id\":\"https:\\\/\\\/darkamazi.info\\\/#website\",\"url\":\"https:\\\/\\\/darkamazi.info\\\/\",\"name\":\"Darka Maz\u00ee\",\"description\":\"P\u00eageha Zanyariy\u00ean Nebih\u00eest\u00ee\",\"publisher\":{\"@id\":\"https:\\\/\\\/darkamazi.info\\\/#organization\"},\"potentialAction\":[{\"@type\":\"SearchAction\",\"target\":{\"@type\":\"EntryPoint\",\"urlTemplate\":\"https:\\\/\\\/darkamazi.info\\\/?s={search_term_string}\"},\"query-input\":{\"@type\":\"PropertyValueSpecification\",\"valueRequired\":true,\"valueName\":\"search_term_string\"}}],\"inLanguage\":\"en-US\"},{\"@type\":\"Organization\",\"@id\":\"https:\\\/\\\/darkamazi.info\\\/#organization\",\"name\":\"Darka Maz\u00ee\",\"url\":\"https:\\\/\\\/darkamazi.info\\\/\",\"logo\":{\"@type\":\"ImageObject\",\"inLanguage\":\"en-US\",\"@id\":\"https:\\\/\\\/darkamazi.info\\\/#\\\/schema\\\/logo\\\/image\\\/\",\"url\":\"https:\\\/\\\/darkamazi.info\\\/darka-content\\\/uploads\\\/2017\\\/12\\\/darka-mazi-logo.png\",\"contentUrl\":\"https:\\\/\\\/darkamazi.info\\\/darka-content\\\/uploads\\\/2017\\\/12\\\/darka-mazi-logo.png\",\"width\":151,\"height\":75,\"caption\":\"Darka Maz\u00ee\"},\"image\":{\"@id\":\"https:\\\/\\\/darkamazi.info\\\/#\\\/schema\\\/logo\\\/image\\\/\"},\"sameAs\":[\"https:\\\/\\\/www.facebook.com\\\/DarMaziKurmanci\",\"https:\\\/\\\/x.com\\\/DarkaMaziLatini\",\"https:\\\/\\\/www.instagram.com\\\/darkamazi.kurmanci\\\/\",\"https:\\\/\\\/www.youtube.com\\\/channel\\\/UCa5HkTdmI8U1qCUFuTw8B2g\"]},{\"@type\":\"Person\",\"@id\":\"https:\\\/\\\/darkamazi.info\\\/#\\\/schema\\\/person\\\/5ad3e24553a0567993fa8ed4bd0a776c\",\"name\":\"darka mazi\",\"sameAs\":[\"https:\\\/\\\/darkamazi.info\\\/\"],\"url\":\"https:\\\/\\\/darkamazi.info\\\/archives\\\/author\\\/kurdi\"}]}<\/script>\n<!-- \/ Yoast SEO plugin. -->","seo_head_json":{"title":"Tirkye amadekar\u00eeya \u00ear\u00ee\u015feke mezin li ser Rojava dike - Darka Maz\u00ee","robots":{"index":"index","follow":"follow","max-snippet":"max-snippet:-1","max-image-preview":"max-image-preview:large","max-video-preview":"max-video-preview:-1"},"canonical":"https:\/\/darkamazi.info\/archives\/1017822","og_locale":"en_US","og_type":"article","og_title":"Tirkye amadekar\u00eeya \u00ear\u00ee\u015feke mezin li ser Rojava dike - Darka Maz\u00ee","og_description":"Arte\u015fa Tirkiy\u00ea \u00fb kom\u00ean \u00e7ekdar\u00ean gir\u00eaday w\u00ea li \u015feva derbasb\u00fby\u00ee d\u00fb gund\u00ean gir\u00eaday bajarok\u00ea Eyn \u00cesay\u00ea li Rojava Kurdistan\u00ea topbaran kirin, ev y\u00eak di \u00e7ar\u00e7\u00fbveya amadekar\u00eeya \u00ear\u00ee\u015fa ser w\u00ee bajarok\u00ee ye. Li \u015feva derbasb\u00fby\u00ee arte\u015fa Tirkiy\u00ea \u00fb kom\u00ean \u00e7ekdar\u00ean gir\u00eaday w\u00ea, her y\u00eak ji gund\u00ean Seyda \u00fb Mu&#8217;eleq\u00ee y\u00ean gir\u00eaday bajarok\u00ea Eyn \u00cesay\u00ea topbaran kirin [&hellip;]","og_url":"https:\/\/darkamazi.info\/archives\/1017822","og_site_name":"Darka Maz\u00ee","article_publisher":"https:\/\/www.facebook.com\/DarMaziKurmanci","article_published_time":"2020-12-13T09:03:47+00:00","og_image":[{"width":900,"height":497,"url":"https:\/\/darkamazi.info\/file\/2020\/12\/eyn-isa-turk-hsd-qsd-2.jpg","type":"image\/jpeg"}],"author":"darka mazi","twitter_card":"summary_large_image","twitter_creator":"@DarkaMaziLatini","twitter_site":"@DarkaMaziLatini","twitter_misc":{"Written by":"darka mazi","Est. reading time":"1 minute"},"schema":{"@context":"https:\/\/schema.org","@graph":[{"@type":"Article","@id":"https:\/\/darkamazi.info\/archives\/1017822#article","isPartOf":{"@id":"https:\/\/darkamazi.info\/archives\/1017822"},"author":{"name":"darka mazi","@id":"https:\/\/darkamazi.info\/#\/schema\/person\/5ad3e24553a0567993fa8ed4bd0a776c"},"headline":"Tirkye amadekar\u00eeya \u00ear\u00ee\u015feke mezin li ser Rojava dike","datePublished":"2020-12-13T09:03:47+00:00","mainEntityOfPage":{"@id":"https:\/\/darkamazi.info\/archives\/1017822"},"wordCount":206,"publisher":{"@id":"https:\/\/darkamazi.info\/#organization"},"image":{"@id":"https:\/\/darkamazi.info\/archives\/1017822#primaryimage"},"thumbnailUrl":"https:\/\/darkamazi.info\/file\/2020\/12\/eyn-isa-turk-hsd-qsd-2.jpg","keywords":["sereke"],"articleSection":["Kurdistan"],"inLanguage":"en-US"},{"@type":"WebPage","@id":"https:\/\/darkamazi.info\/archives\/1017822","url":"https:\/\/darkamazi.info\/archives\/1017822","name":"Tirkye amadekar\u00eeya \u00ear\u00ee\u015feke mezin li ser Rojava dike - Darka Maz\u00ee","isPartOf":{"@id":"https:\/\/darkamazi.info\/#website"},"primaryImageOfPage":{"@id":"https:\/\/darkamazi.info\/archives\/1017822#primaryimage"},"image":{"@id":"https:\/\/darkamazi.info\/archives\/1017822#primaryimage"},"thumbnailUrl":"https:\/\/darkamazi.info\/file\/2020\/12\/eyn-isa-turk-hsd-qsd-2.jpg","datePublished":"2020-12-13T09:03:47+00:00","breadcrumb":{"@id":"https:\/\/darkamazi.info\/archives\/1017822#breadcrumb"},"inLanguage":"en-US","potentialAction":[{"@type":"ReadAction","target":["https:\/\/darkamazi.info\/archives\/1017822"]}]},{"@type":"ImageObject","inLanguage":"en-US","@id":"https:\/\/darkamazi.info\/archives\/1017822#primaryimage","url":"https:\/\/darkamazi.info\/file\/2020\/12\/eyn-isa-turk-hsd-qsd-2.jpg","contentUrl":"https:\/\/darkamazi.info\/file\/2020\/12\/eyn-isa-turk-hsd-qsd-2.jpg","width":900,"height":497,"caption":"Tirkye amadekar\u00eeya \u00ear\u00ee\u015feke mezin li ser Rojava dike"},{"@type":"BreadcrumbList","@id":"https:\/\/darkamazi.info\/archives\/1017822#breadcrumb","itemListElement":[{"@type":"ListItem","position":1,"name":"Home","item":"https:\/\/darkamazi.info\/"},{"@type":"ListItem","position":2,"name":"Tirkye amadekar\u00eeya \u00ear\u00ee\u015feke mezin li ser Rojava dike"}]},{"@type":"WebSite","@id":"https:\/\/darkamazi.info\/#website","url":"https:\/\/darkamazi.info\/","name":"Darka Maz\u00ee","description":"P\u00eageha Zanyariy\u00ean Nebih\u00eest\u00ee","publisher":{"@id":"https:\/\/darkamazi.info\/#organization"},"potentialAction":[{"@type":"SearchAction","target":{"@type":"EntryPoint","urlTemplate":"https:\/\/darkamazi.info\/?s={search_term_string}"},"query-input":{"@type":"PropertyValueSpecification","valueRequired":true,"valueName":"search_term_string"}}],"inLanguage":"en-US"},{"@type":"Organization","@id":"https:\/\/darkamazi.info\/#organization","name":"Darka Maz\u00ee","url":"https:\/\/darkamazi.info\/","logo":{"@type":"ImageObject","inLanguage":"en-US","@id":"https:\/\/darkamazi.info\/#\/schema\/logo\/image\/","url":"https:\/\/darkamazi.info\/file\/2017\/12\/darka-mazi-logo.png","contentUrl":"https:\/\/darkamazi.info\/file\/2017\/12\/darka-mazi-logo.png","width":151,"height":75,"caption":"Darka Maz\u00ee"},"image":{"@id":"https:\/\/darkamazi.info\/#\/schema\/logo\/image\/"},"sameAs":["https:\/\/www.facebook.com\/DarMaziKurmanci","https:\/\/x.com\/DarkaMaziLatini","https:\/\/www.instagram.com\/darkamazi.kurmanci\/","https:\/\/www.youtube.com\/channel\/UCa5HkTdmI8U1qCUFuTw8B2g"]},{"@type":"Person","@id":"https:\/\/darkamazi.info\/#\/schema\/person\/5ad3e24553a0567993fa8ed4bd0a776c","name":"darka mazi","sameAs":["https:\/\/darkamazi.info\/"],"url":"https:\/\/darkamazi.info\/archives\/author\/kurdi"}]}},"_links":{"self":[{"href":"https:\/\/darkamazi.info\/funavuv\/wp\/v2\/posts\/1017822","targetHints":{"allow":["GET"]}}],"collection":[{"href":"https:\/\/darkamazi.info\/funavuv\/wp\/v2\/posts"}],"about":[{"href":"https:\/\/darkamazi.info\/funavuv\/wp\/v2\/types\/post"}],"author":[{"embeddable":true,"href":"https:\/\/darkamazi.info\/funavuv\/wp\/v2\/users\/2"}],"replies":[{"embeddable":true,"href":"https:\/\/darkamazi.info\/funavuv\/wp\/v2\/comments?post=1017822"}],"version-history":[{"count":0,"href":"https:\/\/darkamazi.info\/funavuv\/wp\/v2\/posts\/1017822\/revisions"}],"wp:featuredmedia":[{"embeddable":true,"href":"https:\/\/darkamazi.info\/funavuv\/wp\/v2\/media\/1017824"}],"wp:attachment":[{"href":"https:\/\/darkamazi.info\/funavuv\/wp\/v2\/media?parent=1017822"}],"wp:term":[{"taxonomy":"category","embeddable":true,"href":"https:\/\/darkamazi.info\/funavuv\/wp\/v2\/categories?post=1017822"},{"taxonomy":"post_tag","embeddable":true,"href":"https:\/\/darkamazi.info\/funavuv\/wp\/v2\/tags?post=1017822"}],"curies":[{"name":"wp","href":"https:\/\/api.w.org\/{rel}","templated":true}]}}