{"id":1017826,"date":"2020-12-13T13:03:58","date_gmt":"2020-12-13T10:03:58","guid":{"rendered":"https:\/\/darkamazi.info\/?p=1017826"},"modified":"2020-12-13T13:03:58","modified_gmt":"2020-12-13T10:03:58","slug":"kustina-fexrizade-henceteke-nu-a-irane-ye-ji-boy-desteser-kirina-kurdan","status":"publish","type":"post","link":"https:\/\/darkamazi.info\/archives\/1017826","title":{"rendered":"Ku\u015ftina Fexr\u00eezade h\u00eanceteke n\u00fb a \u00ceran\u00ea ye ji boy desteser kirIna Kurdan"},"content":{"rendered":"<h3 style=\"text-align: justify\"><span style=\"font-family: 'arial black', sans-serif\">H\u00eaz\u00ean ewlekariy\u00ea y\u00ean rej\u00eema \u00ceran\u00ea ev p\u00eatir\u00ee hefteyek\u00ea ye ger\u00ean \u00e7avd\u00eariy\u00ea li ser mal\u00ean Kurdan li bajar\u00ea Bane y\u00ea Rojhilata Kurdistan\u00ea dest p\u00ea kirine, 20 kes bin \u00e7av kirine.<\/span><\/h3>\n<h3 style=\"text-align: justify\">R\u00eaxistina Hengaw ya maf\u00ean mirovan e\u015fkere kir, h\u00eaz\u00ean ewlekariy\u00ea y\u00ean rej\u00eema \u00ceran\u00ea li dema hefteya rab\u00fbr\u00ee bi sedan mal\u00ean \u015f\u00eaniy\u00ean bajar\u00ea Bane y\u00ea Rojhilata Kurdistan\u00ea pi\u015fkin\u00eene, bi h\u00eanceta l\u00eager\u00een\u00ea li c\u00eenayetkar\u00ean teror kirina Mihsin Fexr\u00eezade zanay\u00ea etom\u00ee y\u00ea \u00ceran\u00ea.<\/h3>\n<h3 style=\"text-align: justify\">Dest n\u00ee\u015fan kir, h\u00eaz\u00ean gir\u00eaday saz\u00eeya \u00eestixbarata \u00ceran\u00ea, hinek t\u00eem li navenda bajar\u00ea Bane c\u00eag\u00eer kirine \u00fb erka pi\u015fkin\u00eena mal\u00ean Kurdan xistine pal.<\/h3>\n<h3 style=\"text-align: justify\">Li gor\u00ee agahiy\u00ean ku Hengaw parvekirine, heya niha 20 kes ji Bane hatine bin \u00e7avkirin.<\/h3>\n<h3 style=\"text-align: justify\">H\u00eaz\u00ean ewlekariy\u00ea \u00fb y\u00ean \u00cat\u00eela&#8217;at\u00ea, w\u00eaney\u00ean 5 kesan li dema pi\u015fkn\u00eena mal\u00ean Kurdan belav kirine \u00fb ji \u015f\u00eaniy\u00ean Kurd pirs\u00eene heger van kes\u00ean ku di w\u00eaneyan de nas bikin, yek ji kes\u00ean di w\u00eaneyan de, kalem\u00eare \u00fb pekkeft\u00ee ye.<\/h3>\n<h3 style=\"text-align: justify\">Mihsin Fexr\u00eezade zanay\u00ea mezin\u00ea etom\u00ee y\u00ea \u00ceran\u00ea, li 27 meha rab\u00fbr\u00ee li navenda Tehran\u00ea hatb\u00fb teror kirin, \u00ceran\u00ea Isra\u00eel bi tesf\u00eeyekirina v\u00ee zanay\u00ea xwe s\u00fb\u00e7bar kir \u00fb soza tolhildan\u00ea daye.<\/h3>\n","protected":false},"excerpt":{"rendered":"<p>H\u00eaz\u00ean ewlekariy\u00ea y\u00ean rej\u00eema \u00ceran\u00ea ev p\u00eatir\u00ee hefteyek\u00ea ye ger\u00ean \u00e7avd\u00eariy\u00ea li ser mal\u00ean Kurdan li bajar\u00ea Bane y\u00ea Rojhilata Kurdistan\u00ea dest p\u00ea kirine, 20 kes bin \u00e7av kirine. R\u00eaxistina Hengaw ya maf\u00ean mirovan e\u015fkere kir, h\u00eaz\u00ean ewlekariy\u00ea y\u00ean rej\u00eema \u00ceran\u00ea li dema hefteya rab\u00fbr\u00ee bi sedan mal\u00ean \u015f\u00eaniy\u00ean bajar\u00ea Bane y\u00ea Rojhilata Kurdistan\u00ea pi\u015fkin\u00eene, [&hellip;]<\/p>\n","protected":false},"author":2,"featured_media":1017828,"comment_status":"closed","ping_status":"closed","sticky":false,"template":"","format":"standard","meta":{"footnotes":""},"categories":[29],"tags":[37],"class_list":["post-1017826","post","type-post","status-publish","format-standard","has-post-thumbnail","hentry","category-kurdistan","tag-sereke"],"blocksy_meta":[],"seo_head":"<!-- This site is optimized with the Yoast SEO plugin v27.5 - https:\/\/yoast.com\/product\/yoast-seo-wordpress\/ -->\n<title>Ku\u015ftina Fexr\u00eezade h\u00eanceteke n\u00fb a \u00ceran\u00ea ye ji boy desteser kirIna Kurdan - Darka Maz\u00ee<\/title>\n<meta name=\"robots\" content=\"index, follow, max-snippet:-1, max-image-preview:large, max-video-preview:-1\" \/>\n<link rel=\"canonical\" href=\"https:\/\/darkamazi.info\/archives\/1017826\" \/>\n<meta property=\"og:locale\" content=\"en_US\" \/>\n<meta property=\"og:type\" content=\"article\" \/>\n<meta property=\"og:title\" content=\"Ku\u015ftina Fexr\u00eezade h\u00eanceteke n\u00fb a \u00ceran\u00ea ye ji boy desteser kirIna Kurdan - Darka Maz\u00ee\" \/>\n<meta property=\"og:description\" content=\"H\u00eaz\u00ean ewlekariy\u00ea y\u00ean rej\u00eema \u00ceran\u00ea ev p\u00eatir\u00ee hefteyek\u00ea ye ger\u00ean \u00e7avd\u00eariy\u00ea li ser mal\u00ean Kurdan li bajar\u00ea Bane y\u00ea Rojhilata Kurdistan\u00ea dest p\u00ea kirine, 20 kes bin \u00e7av kirine. R\u00eaxistina Hengaw ya maf\u00ean mirovan e\u015fkere kir, h\u00eaz\u00ean ewlekariy\u00ea y\u00ean rej\u00eema \u00ceran\u00ea li dema hefteya rab\u00fbr\u00ee bi sedan mal\u00ean \u015f\u00eaniy\u00ean bajar\u00ea Bane y\u00ea Rojhilata Kurdistan\u00ea pi\u015fkin\u00eene, [&hellip;]\" \/>\n<meta property=\"og:url\" content=\"https:\/\/darkamazi.info\/archives\/1017826\" \/>\n<meta property=\"og:site_name\" content=\"Darka Maz\u00ee\" \/>\n<meta property=\"article:publisher\" content=\"https:\/\/www.facebook.com\/DarMaziKurmanci\" \/>\n<meta property=\"article:published_time\" content=\"2020-12-13T10:03:58+00:00\" \/>\n<meta property=\"og:image\" content=\"https:\/\/darkamazi.info\/file\/2020\/12\/iran-bane-kurd-2.jpg\" \/>\n\t<meta property=\"og:image:width\" content=\"900\" \/>\n\t<meta property=\"og:image:height\" content=\"497\" \/>\n\t<meta property=\"og:image:type\" content=\"image\/jpeg\" \/>\n<meta name=\"author\" content=\"darka mazi\" \/>\n<meta name=\"twitter:card\" content=\"summary_large_image\" \/>\n<meta name=\"twitter:creator\" content=\"@DarkaMaziLatini\" \/>\n<meta name=\"twitter:site\" content=\"@DarkaMaziLatini\" \/>\n<meta name=\"twitter:label1\" content=\"Written by\" \/>\n\t<meta name=\"twitter:data1\" content=\"darka mazi\" \/>\n\t<meta name=\"twitter:label2\" content=\"Est. reading time\" \/>\n\t<meta name=\"twitter:data2\" content=\"1 minute\" \/>\n<script type=\"application\/ld+json\" class=\"seo-schema-graph\">{\"@context\":\"https:\\\/\\\/schema.org\",\"@graph\":[{\"@type\":\"Article\",\"@id\":\"https:\\\/\\\/darkamazi.info\\\/archives\\\/1017826#article\",\"isPartOf\":{\"@id\":\"https:\\\/\\\/darkamazi.info\\\/archives\\\/1017826\"},\"author\":{\"name\":\"darka mazi\",\"@id\":\"https:\\\/\\\/darkamazi.info\\\/#\\\/schema\\\/person\\\/5ad3e24553a0567993fa8ed4bd0a776c\"},\"headline\":\"Ku\u015ftina Fexr\u00eezade h\u00eanceteke n\u00fb a \u00ceran\u00ea ye ji boy desteser kirIna Kurdan\",\"datePublished\":\"2020-12-13T10:03:58+00:00\",\"mainEntityOfPage\":{\"@id\":\"https:\\\/\\\/darkamazi.info\\\/archives\\\/1017826\"},\"wordCount\":241,\"publisher\":{\"@id\":\"https:\\\/\\\/darkamazi.info\\\/#organization\"},\"image\":{\"@id\":\"https:\\\/\\\/darkamazi.info\\\/archives\\\/1017826#primaryimage\"},\"thumbnailUrl\":\"https:\\\/\\\/darkamazi.info\\\/darka-content\\\/uploads\\\/2020\\\/12\\\/iran-bane-kurd-2.jpg\",\"keywords\":[\"sereke\"],\"articleSection\":[\"Kurdistan\"],\"inLanguage\":\"en-US\"},{\"@type\":\"WebPage\",\"@id\":\"https:\\\/\\\/darkamazi.info\\\/archives\\\/1017826\",\"url\":\"https:\\\/\\\/darkamazi.info\\\/archives\\\/1017826\",\"name\":\"Ku\u015ftina Fexr\u00eezade h\u00eanceteke n\u00fb a \u00ceran\u00ea ye ji boy desteser kirIna Kurdan - Darka Maz\u00ee\",\"isPartOf\":{\"@id\":\"https:\\\/\\\/darkamazi.info\\\/#website\"},\"primaryImageOfPage\":{\"@id\":\"https:\\\/\\\/darkamazi.info\\\/archives\\\/1017826#primaryimage\"},\"image\":{\"@id\":\"https:\\\/\\\/darkamazi.info\\\/archives\\\/1017826#primaryimage\"},\"thumbnailUrl\":\"https:\\\/\\\/darkamazi.info\\\/darka-content\\\/uploads\\\/2020\\\/12\\\/iran-bane-kurd-2.jpg\",\"datePublished\":\"2020-12-13T10:03:58+00:00\",\"breadcrumb\":{\"@id\":\"https:\\\/\\\/darkamazi.info\\\/archives\\\/1017826#breadcrumb\"},\"inLanguage\":\"en-US\",\"potentialAction\":[{\"@type\":\"ReadAction\",\"target\":[\"https:\\\/\\\/darkamazi.info\\\/archives\\\/1017826\"]}]},{\"@type\":\"ImageObject\",\"inLanguage\":\"en-US\",\"@id\":\"https:\\\/\\\/darkamazi.info\\\/archives\\\/1017826#primaryimage\",\"url\":\"https:\\\/\\\/darkamazi.info\\\/darka-content\\\/uploads\\\/2020\\\/12\\\/iran-bane-kurd-2.jpg\",\"contentUrl\":\"https:\\\/\\\/darkamazi.info\\\/darka-content\\\/uploads\\\/2020\\\/12\\\/iran-bane-kurd-2.jpg\",\"width\":900,\"height\":497,\"caption\":\"Ku\u015ftina Fexr\u00eezade h\u00eanceteke n\u00fb a \u00ceran\u00ea ye ji boy desteser kirIna Kurdan\"},{\"@type\":\"BreadcrumbList\",\"@id\":\"https:\\\/\\\/darkamazi.info\\\/archives\\\/1017826#breadcrumb\",\"itemListElement\":[{\"@type\":\"ListItem\",\"position\":1,\"name\":\"Home\",\"item\":\"https:\\\/\\\/darkamazi.info\\\/\"},{\"@type\":\"ListItem\",\"position\":2,\"name\":\"Ku\u015ftina Fexr\u00eezade h\u00eanceteke n\u00fb a \u00ceran\u00ea ye ji boy desteser kirIna Kurdan\"}]},{\"@type\":\"WebSite\",\"@id\":\"https:\\\/\\\/darkamazi.info\\\/#website\",\"url\":\"https:\\\/\\\/darkamazi.info\\\/\",\"name\":\"Darka Maz\u00ee\",\"description\":\"P\u00eageha Zanyariy\u00ean Nebih\u00eest\u00ee\",\"publisher\":{\"@id\":\"https:\\\/\\\/darkamazi.info\\\/#organization\"},\"potentialAction\":[{\"@type\":\"SearchAction\",\"target\":{\"@type\":\"EntryPoint\",\"urlTemplate\":\"https:\\\/\\\/darkamazi.info\\\/?s={search_term_string}\"},\"query-input\":{\"@type\":\"PropertyValueSpecification\",\"valueRequired\":true,\"valueName\":\"search_term_string\"}}],\"inLanguage\":\"en-US\"},{\"@type\":\"Organization\",\"@id\":\"https:\\\/\\\/darkamazi.info\\\/#organization\",\"name\":\"Darka Maz\u00ee\",\"url\":\"https:\\\/\\\/darkamazi.info\\\/\",\"logo\":{\"@type\":\"ImageObject\",\"inLanguage\":\"en-US\",\"@id\":\"https:\\\/\\\/darkamazi.info\\\/#\\\/schema\\\/logo\\\/image\\\/\",\"url\":\"https:\\\/\\\/darkamazi.info\\\/darka-content\\\/uploads\\\/2017\\\/12\\\/darka-mazi-logo.png\",\"contentUrl\":\"https:\\\/\\\/darkamazi.info\\\/darka-content\\\/uploads\\\/2017\\\/12\\\/darka-mazi-logo.png\",\"width\":151,\"height\":75,\"caption\":\"Darka Maz\u00ee\"},\"image\":{\"@id\":\"https:\\\/\\\/darkamazi.info\\\/#\\\/schema\\\/logo\\\/image\\\/\"},\"sameAs\":[\"https:\\\/\\\/www.facebook.com\\\/DarMaziKurmanci\",\"https:\\\/\\\/x.com\\\/DarkaMaziLatini\",\"https:\\\/\\\/www.instagram.com\\\/darkamazi.kurmanci\\\/\",\"https:\\\/\\\/www.youtube.com\\\/channel\\\/UCa5HkTdmI8U1qCUFuTw8B2g\"]},{\"@type\":\"Person\",\"@id\":\"https:\\\/\\\/darkamazi.info\\\/#\\\/schema\\\/person\\\/5ad3e24553a0567993fa8ed4bd0a776c\",\"name\":\"darka mazi\",\"sameAs\":[\"https:\\\/\\\/darkamazi.info\\\/\"],\"url\":\"https:\\\/\\\/darkamazi.info\\\/archives\\\/author\\\/kurdi\"}]}<\/script>\n<!-- \/ Yoast SEO plugin. -->","seo_head_json":{"title":"Ku\u015ftina Fexr\u00eezade h\u00eanceteke n\u00fb a \u00ceran\u00ea ye ji boy desteser kirIna Kurdan - Darka Maz\u00ee","robots":{"index":"index","follow":"follow","max-snippet":"max-snippet:-1","max-image-preview":"max-image-preview:large","max-video-preview":"max-video-preview:-1"},"canonical":"https:\/\/darkamazi.info\/archives\/1017826","og_locale":"en_US","og_type":"article","og_title":"Ku\u015ftina Fexr\u00eezade h\u00eanceteke n\u00fb a \u00ceran\u00ea ye ji boy desteser kirIna Kurdan - Darka Maz\u00ee","og_description":"H\u00eaz\u00ean ewlekariy\u00ea y\u00ean rej\u00eema \u00ceran\u00ea ev p\u00eatir\u00ee hefteyek\u00ea ye ger\u00ean \u00e7avd\u00eariy\u00ea li ser mal\u00ean Kurdan li bajar\u00ea Bane y\u00ea Rojhilata Kurdistan\u00ea dest p\u00ea kirine, 20 kes bin \u00e7av kirine. R\u00eaxistina Hengaw ya maf\u00ean mirovan e\u015fkere kir, h\u00eaz\u00ean ewlekariy\u00ea y\u00ean rej\u00eema \u00ceran\u00ea li dema hefteya rab\u00fbr\u00ee bi sedan mal\u00ean \u015f\u00eaniy\u00ean bajar\u00ea Bane y\u00ea Rojhilata Kurdistan\u00ea pi\u015fkin\u00eene, [&hellip;]","og_url":"https:\/\/darkamazi.info\/archives\/1017826","og_site_name":"Darka Maz\u00ee","article_publisher":"https:\/\/www.facebook.com\/DarMaziKurmanci","article_published_time":"2020-12-13T10:03:58+00:00","og_image":[{"width":900,"height":497,"url":"https:\/\/darkamazi.info\/file\/2020\/12\/iran-bane-kurd-2.jpg","type":"image\/jpeg"}],"author":"darka mazi","twitter_card":"summary_large_image","twitter_creator":"@DarkaMaziLatini","twitter_site":"@DarkaMaziLatini","twitter_misc":{"Written by":"darka mazi","Est. reading time":"1 minute"},"schema":{"@context":"https:\/\/schema.org","@graph":[{"@type":"Article","@id":"https:\/\/darkamazi.info\/archives\/1017826#article","isPartOf":{"@id":"https:\/\/darkamazi.info\/archives\/1017826"},"author":{"name":"darka mazi","@id":"https:\/\/darkamazi.info\/#\/schema\/person\/5ad3e24553a0567993fa8ed4bd0a776c"},"headline":"Ku\u015ftina Fexr\u00eezade h\u00eanceteke n\u00fb a \u00ceran\u00ea ye ji boy desteser kirIna Kurdan","datePublished":"2020-12-13T10:03:58+00:00","mainEntityOfPage":{"@id":"https:\/\/darkamazi.info\/archives\/1017826"},"wordCount":241,"publisher":{"@id":"https:\/\/darkamazi.info\/#organization"},"image":{"@id":"https:\/\/darkamazi.info\/archives\/1017826#primaryimage"},"thumbnailUrl":"https:\/\/darkamazi.info\/file\/2020\/12\/iran-bane-kurd-2.jpg","keywords":["sereke"],"articleSection":["Kurdistan"],"inLanguage":"en-US"},{"@type":"WebPage","@id":"https:\/\/darkamazi.info\/archives\/1017826","url":"https:\/\/darkamazi.info\/archives\/1017826","name":"Ku\u015ftina Fexr\u00eezade h\u00eanceteke n\u00fb a \u00ceran\u00ea ye ji boy desteser kirIna Kurdan - Darka Maz\u00ee","isPartOf":{"@id":"https:\/\/darkamazi.info\/#website"},"primaryImageOfPage":{"@id":"https:\/\/darkamazi.info\/archives\/1017826#primaryimage"},"image":{"@id":"https:\/\/darkamazi.info\/archives\/1017826#primaryimage"},"thumbnailUrl":"https:\/\/darkamazi.info\/file\/2020\/12\/iran-bane-kurd-2.jpg","datePublished":"2020-12-13T10:03:58+00:00","breadcrumb":{"@id":"https:\/\/darkamazi.info\/archives\/1017826#breadcrumb"},"inLanguage":"en-US","potentialAction":[{"@type":"ReadAction","target":["https:\/\/darkamazi.info\/archives\/1017826"]}]},{"@type":"ImageObject","inLanguage":"en-US","@id":"https:\/\/darkamazi.info\/archives\/1017826#primaryimage","url":"https:\/\/darkamazi.info\/file\/2020\/12\/iran-bane-kurd-2.jpg","contentUrl":"https:\/\/darkamazi.info\/file\/2020\/12\/iran-bane-kurd-2.jpg","width":900,"height":497,"caption":"Ku\u015ftina Fexr\u00eezade h\u00eanceteke n\u00fb a \u00ceran\u00ea ye ji boy desteser kirIna Kurdan"},{"@type":"BreadcrumbList","@id":"https:\/\/darkamazi.info\/archives\/1017826#breadcrumb","itemListElement":[{"@type":"ListItem","position":1,"name":"Home","item":"https:\/\/darkamazi.info\/"},{"@type":"ListItem","position":2,"name":"Ku\u015ftina Fexr\u00eezade h\u00eanceteke n\u00fb a \u00ceran\u00ea ye ji boy desteser kirIna Kurdan"}]},{"@type":"WebSite","@id":"https:\/\/darkamazi.info\/#website","url":"https:\/\/darkamazi.info\/","name":"Darka Maz\u00ee","description":"P\u00eageha Zanyariy\u00ean Nebih\u00eest\u00ee","publisher":{"@id":"https:\/\/darkamazi.info\/#organization"},"potentialAction":[{"@type":"SearchAction","target":{"@type":"EntryPoint","urlTemplate":"https:\/\/darkamazi.info\/?s={search_term_string}"},"query-input":{"@type":"PropertyValueSpecification","valueRequired":true,"valueName":"search_term_string"}}],"inLanguage":"en-US"},{"@type":"Organization","@id":"https:\/\/darkamazi.info\/#organization","name":"Darka Maz\u00ee","url":"https:\/\/darkamazi.info\/","logo":{"@type":"ImageObject","inLanguage":"en-US","@id":"https:\/\/darkamazi.info\/#\/schema\/logo\/image\/","url":"https:\/\/darkamazi.info\/file\/2017\/12\/darka-mazi-logo.png","contentUrl":"https:\/\/darkamazi.info\/file\/2017\/12\/darka-mazi-logo.png","width":151,"height":75,"caption":"Darka Maz\u00ee"},"image":{"@id":"https:\/\/darkamazi.info\/#\/schema\/logo\/image\/"},"sameAs":["https:\/\/www.facebook.com\/DarMaziKurmanci","https:\/\/x.com\/DarkaMaziLatini","https:\/\/www.instagram.com\/darkamazi.kurmanci\/","https:\/\/www.youtube.com\/channel\/UCa5HkTdmI8U1qCUFuTw8B2g"]},{"@type":"Person","@id":"https:\/\/darkamazi.info\/#\/schema\/person\/5ad3e24553a0567993fa8ed4bd0a776c","name":"darka mazi","sameAs":["https:\/\/darkamazi.info\/"],"url":"https:\/\/darkamazi.info\/archives\/author\/kurdi"}]}},"_links":{"self":[{"href":"https:\/\/darkamazi.info\/funavuv\/wp\/v2\/posts\/1017826","targetHints":{"allow":["GET"]}}],"collection":[{"href":"https:\/\/darkamazi.info\/funavuv\/wp\/v2\/posts"}],"about":[{"href":"https:\/\/darkamazi.info\/funavuv\/wp\/v2\/types\/post"}],"author":[{"embeddable":true,"href":"https:\/\/darkamazi.info\/funavuv\/wp\/v2\/users\/2"}],"replies":[{"embeddable":true,"href":"https:\/\/darkamazi.info\/funavuv\/wp\/v2\/comments?post=1017826"}],"version-history":[{"count":0,"href":"https:\/\/darkamazi.info\/funavuv\/wp\/v2\/posts\/1017826\/revisions"}],"wp:featuredmedia":[{"embeddable":true,"href":"https:\/\/darkamazi.info\/funavuv\/wp\/v2\/media\/1017828"}],"wp:attachment":[{"href":"https:\/\/darkamazi.info\/funavuv\/wp\/v2\/media?parent=1017826"}],"wp:term":[{"taxonomy":"category","embeddable":true,"href":"https:\/\/darkamazi.info\/funavuv\/wp\/v2\/categories?post=1017826"},{"taxonomy":"post_tag","embeddable":true,"href":"https:\/\/darkamazi.info\/funavuv\/wp\/v2\/tags?post=1017826"}],"curies":[{"name":"wp","href":"https:\/\/api.w.org\/{rel}","templated":true}]}}