{"id":1017858,"date":"2020-12-14T00:51:35","date_gmt":"2020-12-13T21:51:35","guid":{"rendered":"https:\/\/darkamazi.info\/?p=1017858"},"modified":"2020-12-14T00:51:35","modified_gmt":"2020-12-13T21:51:35","slug":"li-amediye-pkk-e-be-rometi-bi-pesmergeya-kir-u-ser-qewimi","status":"publish","type":"post","link":"https:\/\/darkamazi.info\/archives\/1017858","title":{"rendered":"Li Am\u00eadiy\u00ea PKK \u00ea b\u00ea romet\u00ee bi P\u00ea\u015fmergeya kir \u00fb \u015fer qewim\u00ee"},"content":{"rendered":"<h3 style=\"text-align: justify\"><span style=\"font-family: 'arial black', sans-serif\">Li saet\u00ean daw\u00een \u00ean \u015feva rab\u00fbr\u00ee bi sedema kar\u00ean provaksyon \u00ean \u00e7end ger\u00eelay\u00ean PKK \u00ea li n\u00eaz\u00ee gund\u00ea Sig\u00ear\u00ea y\u00ea ser bi Am\u00eadiy\u00ea ve, \u015fer \u00fb nearam\u00ee di navbera p\u00ea\u015fmerge \u00fb ger\u00eelayan de qewim\u00ee.<\/span><\/h3>\n<h3 style=\"text-align: justify\">\u00c7avkaniy\u00ean p\u00eageha Darka Maz\u00ee li Ba\u015f\u00fbr\u00ea Kurdistan\u00ea ragihand, li \u015feva rab\u00fbr\u00ee bi sedema kar\u00ean provaksyon \u00ean \u00e7ekdar\u00ean PKK \u00ea ku nexwest li zalgeha p\u00ea\u015fmergeya bisekinin, her wiha bi sedema b\u00ea romet\u00eekirin \u00fb ne rawestan li zalgeh\u00ea di navbera PKK \u00ea \u00fb p\u00ea\u015fmergey\u00ean ser bi Wezareta P\u00ea\u015fmergey\u00ean Kurdistan\u00ea ve \u015fer derket hol\u00ea.<\/h3>\n<h3 style=\"text-align: justify\">\u00c7avkaniy\u00ean p\u00eageha Darka Maz\u00ee e\u015fkere kir, pi\u015ft\u00ee ku tiromb\u00ealeka \u00e7ekdar\u00ean PKK \u00ea li zalgeha p\u00ea\u015fmergeyan nesekin\u00ee, p\u00ea\u015fmergeyan teqeya heway\u00ee li ser w\u00ea tiromb\u00eal\u00ea kiriye, l\u00ea bel\u00ea \u00e7ekdar\u00ean PKK \u00ea her z\u00fb ji tiromb\u00eal\u00ea peya b\u00fbne \u00fb rasterast gulle berdane h\u00eaz\u00ean p\u00ea\u015fmerge, bi v\u00ea sedem\u00ea \u015fer \u00fb pev\u00e7\u00fbn dirust b\u00fbn.<\/h3>\n<h3 style=\"text-align: justify\">Li gor zanyariy\u00ean destp\u00eak\u00ee heya niha zirar\u00ean her du aliyan nay\u00ean zan\u00een,<\/h3>\n","protected":false},"excerpt":{"rendered":"<p>Li saet\u00ean daw\u00een \u00ean \u015feva rab\u00fbr\u00ee bi sedema kar\u00ean provaksyon \u00ean \u00e7end ger\u00eelay\u00ean PKK \u00ea li n\u00eaz\u00ee gund\u00ea Sig\u00ear\u00ea y\u00ea ser bi Am\u00eadiy\u00ea ve, \u015fer \u00fb nearam\u00ee di navbera p\u00ea\u015fmerge \u00fb ger\u00eelayan de qewim\u00ee. \u00c7avkaniy\u00ean p\u00eageha Darka Maz\u00ee li Ba\u015f\u00fbr\u00ea Kurdistan\u00ea ragihand, li \u015feva rab\u00fbr\u00ee bi sedema kar\u00ean provaksyon \u00ean \u00e7ekdar\u00ean PKK \u00ea ku nexwest [&hellip;]<\/p>\n","protected":false},"author":2,"featured_media":1017859,"comment_status":"closed","ping_status":"closed","sticky":false,"template":"","format":"standard","meta":{"footnotes":""},"categories":[29],"tags":[37],"class_list":["post-1017858","post","type-post","status-publish","format-standard","has-post-thumbnail","hentry","category-kurdistan","tag-sereke"],"blocksy_meta":[],"seo_head":"<!-- This site is optimized with the Yoast SEO plugin v27.5 - https:\/\/yoast.com\/product\/yoast-seo-wordpress\/ -->\n<title>Li Am\u00eadiy\u00ea PKK \u00ea b\u00ea romet\u00ee bi P\u00ea\u015fmergeya kir \u00fb \u015fer qewim\u00ee - Darka Maz\u00ee<\/title>\n<meta name=\"robots\" content=\"index, follow, max-snippet:-1, max-image-preview:large, max-video-preview:-1\" \/>\n<link rel=\"canonical\" href=\"https:\/\/darkamazi.info\/archives\/1017858\" \/>\n<meta property=\"og:locale\" content=\"en_US\" \/>\n<meta property=\"og:type\" content=\"article\" \/>\n<meta property=\"og:title\" content=\"Li Am\u00eadiy\u00ea PKK \u00ea b\u00ea romet\u00ee bi P\u00ea\u015fmergeya kir \u00fb \u015fer qewim\u00ee - Darka Maz\u00ee\" \/>\n<meta property=\"og:description\" content=\"Li saet\u00ean daw\u00een \u00ean \u015feva rab\u00fbr\u00ee bi sedema kar\u00ean provaksyon \u00ean \u00e7end ger\u00eelay\u00ean PKK \u00ea li n\u00eaz\u00ee gund\u00ea Sig\u00ear\u00ea y\u00ea ser bi Am\u00eadiy\u00ea ve, \u015fer \u00fb nearam\u00ee di navbera p\u00ea\u015fmerge \u00fb ger\u00eelayan de qewim\u00ee. \u00c7avkaniy\u00ean p\u00eageha Darka Maz\u00ee li Ba\u015f\u00fbr\u00ea Kurdistan\u00ea ragihand, li \u015feva rab\u00fbr\u00ee bi sedema kar\u00ean provaksyon \u00ean \u00e7ekdar\u00ean PKK \u00ea ku nexwest [&hellip;]\" \/>\n<meta property=\"og:url\" content=\"https:\/\/darkamazi.info\/archives\/1017858\" \/>\n<meta property=\"og:site_name\" content=\"Darka Maz\u00ee\" \/>\n<meta property=\"article:publisher\" content=\"https:\/\/www.facebook.com\/DarMaziKurmanci\" \/>\n<meta property=\"article:published_time\" content=\"2020-12-13T21:51:35+00:00\" \/>\n<meta property=\"og:image\" content=\"https:\/\/darkamazi.info\/file\/2020\/12\/pkk-amedi.jpg\" \/>\n\t<meta property=\"og:image:width\" content=\"1200\" \/>\n\t<meta property=\"og:image:height\" content=\"726\" \/>\n\t<meta property=\"og:image:type\" content=\"image\/jpeg\" \/>\n<meta name=\"author\" content=\"darka mazi\" \/>\n<meta name=\"twitter:card\" content=\"summary_large_image\" \/>\n<meta name=\"twitter:creator\" content=\"@DarkaMaziLatini\" \/>\n<meta name=\"twitter:site\" content=\"@DarkaMaziLatini\" \/>\n<meta name=\"twitter:label1\" content=\"Written by\" \/>\n\t<meta name=\"twitter:data1\" content=\"darka mazi\" \/>\n\t<meta name=\"twitter:label2\" content=\"Est. reading time\" \/>\n\t<meta name=\"twitter:data2\" content=\"1 minute\" \/>\n<script type=\"application\/ld+json\" class=\"seo-schema-graph\">{\"@context\":\"https:\\\/\\\/schema.org\",\"@graph\":[{\"@type\":\"Article\",\"@id\":\"https:\\\/\\\/darkamazi.info\\\/archives\\\/1017858#article\",\"isPartOf\":{\"@id\":\"https:\\\/\\\/darkamazi.info\\\/archives\\\/1017858\"},\"author\":{\"name\":\"darka mazi\",\"@id\":\"https:\\\/\\\/darkamazi.info\\\/#\\\/schema\\\/person\\\/5ad3e24553a0567993fa8ed4bd0a776c\"},\"headline\":\"Li Am\u00eadiy\u00ea PKK \u00ea b\u00ea romet\u00ee bi P\u00ea\u015fmergeya kir \u00fb \u015fer qewim\u00ee\",\"datePublished\":\"2020-12-13T21:51:35+00:00\",\"mainEntityOfPage\":{\"@id\":\"https:\\\/\\\/darkamazi.info\\\/archives\\\/1017858\"},\"wordCount\":192,\"publisher\":{\"@id\":\"https:\\\/\\\/darkamazi.info\\\/#organization\"},\"image\":{\"@id\":\"https:\\\/\\\/darkamazi.info\\\/archives\\\/1017858#primaryimage\"},\"thumbnailUrl\":\"https:\\\/\\\/darkamazi.info\\\/darka-content\\\/uploads\\\/2020\\\/12\\\/pkk-amedi.jpg\",\"keywords\":[\"sereke\"],\"articleSection\":[\"Kurdistan\"],\"inLanguage\":\"en-US\"},{\"@type\":\"WebPage\",\"@id\":\"https:\\\/\\\/darkamazi.info\\\/archives\\\/1017858\",\"url\":\"https:\\\/\\\/darkamazi.info\\\/archives\\\/1017858\",\"name\":\"Li Am\u00eadiy\u00ea PKK \u00ea b\u00ea romet\u00ee bi P\u00ea\u015fmergeya kir \u00fb \u015fer qewim\u00ee - Darka Maz\u00ee\",\"isPartOf\":{\"@id\":\"https:\\\/\\\/darkamazi.info\\\/#website\"},\"primaryImageOfPage\":{\"@id\":\"https:\\\/\\\/darkamazi.info\\\/archives\\\/1017858#primaryimage\"},\"image\":{\"@id\":\"https:\\\/\\\/darkamazi.info\\\/archives\\\/1017858#primaryimage\"},\"thumbnailUrl\":\"https:\\\/\\\/darkamazi.info\\\/darka-content\\\/uploads\\\/2020\\\/12\\\/pkk-amedi.jpg\",\"datePublished\":\"2020-12-13T21:51:35+00:00\",\"breadcrumb\":{\"@id\":\"https:\\\/\\\/darkamazi.info\\\/archives\\\/1017858#breadcrumb\"},\"inLanguage\":\"en-US\",\"potentialAction\":[{\"@type\":\"ReadAction\",\"target\":[\"https:\\\/\\\/darkamazi.info\\\/archives\\\/1017858\"]}]},{\"@type\":\"ImageObject\",\"inLanguage\":\"en-US\",\"@id\":\"https:\\\/\\\/darkamazi.info\\\/archives\\\/1017858#primaryimage\",\"url\":\"https:\\\/\\\/darkamazi.info\\\/darka-content\\\/uploads\\\/2020\\\/12\\\/pkk-amedi.jpg\",\"contentUrl\":\"https:\\\/\\\/darkamazi.info\\\/darka-content\\\/uploads\\\/2020\\\/12\\\/pkk-amedi.jpg\",\"width\":1200,\"height\":726,\"caption\":\"Li Am\u00eadiy\u00ea PKK \u00ea b\u00ea romet\u00ee bi P\u00ea\u015fmergeya kir \u00fb \u015fer qewim\u00ee\"},{\"@type\":\"BreadcrumbList\",\"@id\":\"https:\\\/\\\/darkamazi.info\\\/archives\\\/1017858#breadcrumb\",\"itemListElement\":[{\"@type\":\"ListItem\",\"position\":1,\"name\":\"Home\",\"item\":\"https:\\\/\\\/darkamazi.info\\\/\"},{\"@type\":\"ListItem\",\"position\":2,\"name\":\"Li Am\u00eadiy\u00ea PKK \u00ea b\u00ea romet\u00ee bi P\u00ea\u015fmergeya kir \u00fb \u015fer qewim\u00ee\"}]},{\"@type\":\"WebSite\",\"@id\":\"https:\\\/\\\/darkamazi.info\\\/#website\",\"url\":\"https:\\\/\\\/darkamazi.info\\\/\",\"name\":\"Darka Maz\u00ee\",\"description\":\"P\u00eageha Zanyariy\u00ean Nebih\u00eest\u00ee\",\"publisher\":{\"@id\":\"https:\\\/\\\/darkamazi.info\\\/#organization\"},\"potentialAction\":[{\"@type\":\"SearchAction\",\"target\":{\"@type\":\"EntryPoint\",\"urlTemplate\":\"https:\\\/\\\/darkamazi.info\\\/?s={search_term_string}\"},\"query-input\":{\"@type\":\"PropertyValueSpecification\",\"valueRequired\":true,\"valueName\":\"search_term_string\"}}],\"inLanguage\":\"en-US\"},{\"@type\":\"Organization\",\"@id\":\"https:\\\/\\\/darkamazi.info\\\/#organization\",\"name\":\"Darka Maz\u00ee\",\"url\":\"https:\\\/\\\/darkamazi.info\\\/\",\"logo\":{\"@type\":\"ImageObject\",\"inLanguage\":\"en-US\",\"@id\":\"https:\\\/\\\/darkamazi.info\\\/#\\\/schema\\\/logo\\\/image\\\/\",\"url\":\"https:\\\/\\\/darkamazi.info\\\/darka-content\\\/uploads\\\/2017\\\/12\\\/darka-mazi-logo.png\",\"contentUrl\":\"https:\\\/\\\/darkamazi.info\\\/darka-content\\\/uploads\\\/2017\\\/12\\\/darka-mazi-logo.png\",\"width\":151,\"height\":75,\"caption\":\"Darka Maz\u00ee\"},\"image\":{\"@id\":\"https:\\\/\\\/darkamazi.info\\\/#\\\/schema\\\/logo\\\/image\\\/\"},\"sameAs\":[\"https:\\\/\\\/www.facebook.com\\\/DarMaziKurmanci\",\"https:\\\/\\\/x.com\\\/DarkaMaziLatini\",\"https:\\\/\\\/www.instagram.com\\\/darkamazi.kurmanci\\\/\",\"https:\\\/\\\/www.youtube.com\\\/channel\\\/UCa5HkTdmI8U1qCUFuTw8B2g\"]},{\"@type\":\"Person\",\"@id\":\"https:\\\/\\\/darkamazi.info\\\/#\\\/schema\\\/person\\\/5ad3e24553a0567993fa8ed4bd0a776c\",\"name\":\"darka mazi\",\"sameAs\":[\"https:\\\/\\\/darkamazi.info\\\/\"],\"url\":\"https:\\\/\\\/darkamazi.info\\\/archives\\\/author\\\/kurdi\"}]}<\/script>\n<!-- \/ Yoast SEO plugin. -->","seo_head_json":{"title":"Li Am\u00eadiy\u00ea PKK \u00ea b\u00ea romet\u00ee bi P\u00ea\u015fmergeya kir \u00fb \u015fer qewim\u00ee - Darka Maz\u00ee","robots":{"index":"index","follow":"follow","max-snippet":"max-snippet:-1","max-image-preview":"max-image-preview:large","max-video-preview":"max-video-preview:-1"},"canonical":"https:\/\/darkamazi.info\/archives\/1017858","og_locale":"en_US","og_type":"article","og_title":"Li Am\u00eadiy\u00ea PKK \u00ea b\u00ea romet\u00ee bi P\u00ea\u015fmergeya kir \u00fb \u015fer qewim\u00ee - Darka Maz\u00ee","og_description":"Li saet\u00ean daw\u00een \u00ean \u015feva rab\u00fbr\u00ee bi sedema kar\u00ean provaksyon \u00ean \u00e7end ger\u00eelay\u00ean PKK \u00ea li n\u00eaz\u00ee gund\u00ea Sig\u00ear\u00ea y\u00ea ser bi Am\u00eadiy\u00ea ve, \u015fer \u00fb nearam\u00ee di navbera p\u00ea\u015fmerge \u00fb ger\u00eelayan de qewim\u00ee. \u00c7avkaniy\u00ean p\u00eageha Darka Maz\u00ee li Ba\u015f\u00fbr\u00ea Kurdistan\u00ea ragihand, li \u015feva rab\u00fbr\u00ee bi sedema kar\u00ean provaksyon \u00ean \u00e7ekdar\u00ean PKK \u00ea ku nexwest [&hellip;]","og_url":"https:\/\/darkamazi.info\/archives\/1017858","og_site_name":"Darka Maz\u00ee","article_publisher":"https:\/\/www.facebook.com\/DarMaziKurmanci","article_published_time":"2020-12-13T21:51:35+00:00","og_image":[{"width":1200,"height":726,"url":"https:\/\/darkamazi.info\/file\/2020\/12\/pkk-amedi.jpg","type":"image\/jpeg"}],"author":"darka mazi","twitter_card":"summary_large_image","twitter_creator":"@DarkaMaziLatini","twitter_site":"@DarkaMaziLatini","twitter_misc":{"Written by":"darka mazi","Est. reading time":"1 minute"},"schema":{"@context":"https:\/\/schema.org","@graph":[{"@type":"Article","@id":"https:\/\/darkamazi.info\/archives\/1017858#article","isPartOf":{"@id":"https:\/\/darkamazi.info\/archives\/1017858"},"author":{"name":"darka mazi","@id":"https:\/\/darkamazi.info\/#\/schema\/person\/5ad3e24553a0567993fa8ed4bd0a776c"},"headline":"Li Am\u00eadiy\u00ea PKK \u00ea b\u00ea romet\u00ee bi P\u00ea\u015fmergeya kir \u00fb \u015fer qewim\u00ee","datePublished":"2020-12-13T21:51:35+00:00","mainEntityOfPage":{"@id":"https:\/\/darkamazi.info\/archives\/1017858"},"wordCount":192,"publisher":{"@id":"https:\/\/darkamazi.info\/#organization"},"image":{"@id":"https:\/\/darkamazi.info\/archives\/1017858#primaryimage"},"thumbnailUrl":"https:\/\/darkamazi.info\/file\/2020\/12\/pkk-amedi.jpg","keywords":["sereke"],"articleSection":["Kurdistan"],"inLanguage":"en-US"},{"@type":"WebPage","@id":"https:\/\/darkamazi.info\/archives\/1017858","url":"https:\/\/darkamazi.info\/archives\/1017858","name":"Li Am\u00eadiy\u00ea PKK \u00ea b\u00ea romet\u00ee bi P\u00ea\u015fmergeya kir \u00fb \u015fer qewim\u00ee - Darka Maz\u00ee","isPartOf":{"@id":"https:\/\/darkamazi.info\/#website"},"primaryImageOfPage":{"@id":"https:\/\/darkamazi.info\/archives\/1017858#primaryimage"},"image":{"@id":"https:\/\/darkamazi.info\/archives\/1017858#primaryimage"},"thumbnailUrl":"https:\/\/darkamazi.info\/file\/2020\/12\/pkk-amedi.jpg","datePublished":"2020-12-13T21:51:35+00:00","breadcrumb":{"@id":"https:\/\/darkamazi.info\/archives\/1017858#breadcrumb"},"inLanguage":"en-US","potentialAction":[{"@type":"ReadAction","target":["https:\/\/darkamazi.info\/archives\/1017858"]}]},{"@type":"ImageObject","inLanguage":"en-US","@id":"https:\/\/darkamazi.info\/archives\/1017858#primaryimage","url":"https:\/\/darkamazi.info\/file\/2020\/12\/pkk-amedi.jpg","contentUrl":"https:\/\/darkamazi.info\/file\/2020\/12\/pkk-amedi.jpg","width":1200,"height":726,"caption":"Li Am\u00eadiy\u00ea PKK \u00ea b\u00ea romet\u00ee bi P\u00ea\u015fmergeya kir \u00fb \u015fer qewim\u00ee"},{"@type":"BreadcrumbList","@id":"https:\/\/darkamazi.info\/archives\/1017858#breadcrumb","itemListElement":[{"@type":"ListItem","position":1,"name":"Home","item":"https:\/\/darkamazi.info\/"},{"@type":"ListItem","position":2,"name":"Li Am\u00eadiy\u00ea PKK \u00ea b\u00ea romet\u00ee bi P\u00ea\u015fmergeya kir \u00fb \u015fer qewim\u00ee"}]},{"@type":"WebSite","@id":"https:\/\/darkamazi.info\/#website","url":"https:\/\/darkamazi.info\/","name":"Darka Maz\u00ee","description":"P\u00eageha Zanyariy\u00ean Nebih\u00eest\u00ee","publisher":{"@id":"https:\/\/darkamazi.info\/#organization"},"potentialAction":[{"@type":"SearchAction","target":{"@type":"EntryPoint","urlTemplate":"https:\/\/darkamazi.info\/?s={search_term_string}"},"query-input":{"@type":"PropertyValueSpecification","valueRequired":true,"valueName":"search_term_string"}}],"inLanguage":"en-US"},{"@type":"Organization","@id":"https:\/\/darkamazi.info\/#organization","name":"Darka Maz\u00ee","url":"https:\/\/darkamazi.info\/","logo":{"@type":"ImageObject","inLanguage":"en-US","@id":"https:\/\/darkamazi.info\/#\/schema\/logo\/image\/","url":"https:\/\/darkamazi.info\/file\/2017\/12\/darka-mazi-logo.png","contentUrl":"https:\/\/darkamazi.info\/file\/2017\/12\/darka-mazi-logo.png","width":151,"height":75,"caption":"Darka Maz\u00ee"},"image":{"@id":"https:\/\/darkamazi.info\/#\/schema\/logo\/image\/"},"sameAs":["https:\/\/www.facebook.com\/DarMaziKurmanci","https:\/\/x.com\/DarkaMaziLatini","https:\/\/www.instagram.com\/darkamazi.kurmanci\/","https:\/\/www.youtube.com\/channel\/UCa5HkTdmI8U1qCUFuTw8B2g"]},{"@type":"Person","@id":"https:\/\/darkamazi.info\/#\/schema\/person\/5ad3e24553a0567993fa8ed4bd0a776c","name":"darka mazi","sameAs":["https:\/\/darkamazi.info\/"],"url":"https:\/\/darkamazi.info\/archives\/author\/kurdi"}]}},"_links":{"self":[{"href":"https:\/\/darkamazi.info\/funavuv\/wp\/v2\/posts\/1017858","targetHints":{"allow":["GET"]}}],"collection":[{"href":"https:\/\/darkamazi.info\/funavuv\/wp\/v2\/posts"}],"about":[{"href":"https:\/\/darkamazi.info\/funavuv\/wp\/v2\/types\/post"}],"author":[{"embeddable":true,"href":"https:\/\/darkamazi.info\/funavuv\/wp\/v2\/users\/2"}],"replies":[{"embeddable":true,"href":"https:\/\/darkamazi.info\/funavuv\/wp\/v2\/comments?post=1017858"}],"version-history":[{"count":0,"href":"https:\/\/darkamazi.info\/funavuv\/wp\/v2\/posts\/1017858\/revisions"}],"wp:featuredmedia":[{"embeddable":true,"href":"https:\/\/darkamazi.info\/funavuv\/wp\/v2\/media\/1017859"}],"wp:attachment":[{"href":"https:\/\/darkamazi.info\/funavuv\/wp\/v2\/media?parent=1017858"}],"wp:term":[{"taxonomy":"category","embeddable":true,"href":"https:\/\/darkamazi.info\/funavuv\/wp\/v2\/categories?post=1017858"},{"taxonomy":"post_tag","embeddable":true,"href":"https:\/\/darkamazi.info\/funavuv\/wp\/v2\/tags?post=1017858"}],"curies":[{"name":"wp","href":"https:\/\/api.w.org\/{rel}","templated":true}]}}