{"id":1017861,"date":"2020-12-14T12:14:37","date_gmt":"2020-12-14T09:14:37","guid":{"rendered":"https:\/\/darkamazi.info\/?p=1017861"},"modified":"2020-12-14T12:14:37","modified_gmt":"2020-12-14T09:14:37","slug":"pesmergeye-ku-di-erisa-pkk-e-de-sehid-buy-ki-ye","status":"publish","type":"post","link":"https:\/\/darkamazi.info\/archives\/1017861","title":{"rendered":"P\u00ea\u015fmergey\u00ea ku di \u00ear\u00ee\u015fa PKK \u00ea de \u015feh\u00eed b\u00fby k\u00ee ye?"},"content":{"rendered":"<h3 style=\"text-align: justify\"><span style=\"font-family: 'arial black', sans-serif\">Di \u00ear\u00ee\u015fa \u015feva derbasb\u00fby\u00ee ya PKK \u00ea de li ser h\u00eaz\u00ean P\u00ea\u015fmerge ku li s\u00eenor\u00ea par\u00eazgeh\u00eeya Dihok\u00ea p\u00eakhatb\u00fb, efserek\u00ea P\u00ea\u015fmerge \u015feh\u00eed ket\u00eeye, medyaya PKK \u00ea j\u00ee dib\u00eaje: 3 \u00e7ekdar\u00ean wan bir\u00eendar ketine.<\/span><\/h3>\n<h3 style=\"text-align: justify\">\u00c7avkaniy\u00ean p\u00eageha Darka Maz\u00ee li Ba\u015f\u00fbr\u00ea Kurdistan\u00ea e\u015fkere kir, pa\u015f ku li \u015feva derbasb\u00fby\u00ee \u00e7ekdar\u00ean PKK \u00ea \u00ear\u00ee\u015f\u00ee nuqteyeka h\u00eaz\u00ean P\u00ea\u015fmerge li s\u00eenor\u00ea gund\u00ea bi nav\u00ea D\u00eare\u015f\u00ea y\u00ea par\u00eazgeh\u00eeya Dihok\u00ea kir\u00ee, efserek\u00ea h\u00eaz\u00ean P\u00ea\u015fmerge bi nav\u00ea Abdulrahman Em\u00een ku pileya m\u00eelazim yek heye \u00fb ji Bakur\u00ea Kurdistan\u00ea ye, \u015feh\u00eed ket\u00eeye.<\/h3>\n<h3 style=\"text-align: justify\">Ev P\u00ea\u015fmerge li \u015feva derbasb\u00fby\u00ee li gund\u00ea bi nav\u00ea Sergel\u00ea y\u00ea gir\u00eaday qeza Am\u00eadiy\u00ea, bi sedema \u00ear\u00ee\u015fa \u00e7ekdar\u00ean PKK \u00ea li destp\u00eak\u00ea bir\u00eendar ketb\u00fb \u00fb \u00eero 14\/12\/2020an can\u00ea xwe ji dest da \u00fb \u015feh\u00eed ket.<\/h3>\n<h3 style=\"text-align: justify\">Abdulrahman Em\u00een xelk\u00ea Bakur\u00ea Kurdistan\u00ea ye \u00fb \u00eero cesed\u00ea w\u00ee, w\u00ea li goristaneke bajar\u00ea Zaxo bi ax\u00ea were sipartin.<\/h3>\n<h3 style=\"text-align: justify\">T\u00ea zan\u00een ev cara d\u00fbyem\u00eene \u00e7ekdar\u00ean PKK \u00ea li s\u00eenor\u00ea par\u00eazgeh\u00eeya Dihok\u00ea \u00ear\u00ee\u015f\u00ee h\u00eaz\u00ean P\u00ea\u015fmergeyan dikin, di \u00ear\u00ee\u015fa meha rab\u00fbr\u00ee ya nav\u00e7eya \u00c7emank\u00ea de, p\u00ea\u015fmergeyek \u015feh\u00eed ket \u00fb yek\u00ea din bir\u00eendar b\u00fbye.<\/h3>\n","protected":false},"excerpt":{"rendered":"<p>Di \u00ear\u00ee\u015fa \u015feva derbasb\u00fby\u00ee ya PKK \u00ea de li ser h\u00eaz\u00ean P\u00ea\u015fmerge ku li s\u00eenor\u00ea par\u00eazgeh\u00eeya Dihok\u00ea p\u00eakhatb\u00fb, efserek\u00ea P\u00ea\u015fmerge \u015feh\u00eed ket\u00eeye, medyaya PKK \u00ea j\u00ee dib\u00eaje: 3 \u00e7ekdar\u00ean wan bir\u00eendar ketine. \u00c7avkaniy\u00ean p\u00eageha Darka Maz\u00ee li Ba\u015f\u00fbr\u00ea Kurdistan\u00ea e\u015fkere kir, pa\u015f ku li \u015feva derbasb\u00fby\u00ee \u00e7ekdar\u00ean PKK \u00ea \u00ear\u00ee\u015f\u00ee nuqteyeka h\u00eaz\u00ean P\u00ea\u015fmerge li s\u00eenor\u00ea [&hellip;]<\/p>\n","protected":false},"author":2,"featured_media":1017862,"comment_status":"closed","ping_status":"closed","sticky":false,"template":"","format":"standard","meta":{"footnotes":""},"categories":[29],"tags":[37],"class_list":["post-1017861","post","type-post","status-publish","format-standard","has-post-thumbnail","hentry","category-kurdistan","tag-sereke"],"blocksy_meta":[],"seo_head":"<!-- This site is optimized with the Yoast SEO plugin v27.5 - https:\/\/yoast.com\/product\/yoast-seo-wordpress\/ -->\n<title>P\u00ea\u015fmergey\u00ea ku di \u00ear\u00ee\u015fa PKK \u00ea de \u015feh\u00eed b\u00fby k\u00ee ye? - Darka Maz\u00ee<\/title>\n<meta name=\"robots\" content=\"index, follow, max-snippet:-1, max-image-preview:large, max-video-preview:-1\" \/>\n<link rel=\"canonical\" href=\"https:\/\/darkamazi.info\/archives\/1017861\" \/>\n<meta property=\"og:locale\" content=\"en_US\" \/>\n<meta property=\"og:type\" content=\"article\" \/>\n<meta property=\"og:title\" content=\"P\u00ea\u015fmergey\u00ea ku di \u00ear\u00ee\u015fa PKK \u00ea de \u015feh\u00eed b\u00fby k\u00ee ye? - Darka Maz\u00ee\" \/>\n<meta property=\"og:description\" content=\"Di \u00ear\u00ee\u015fa \u015feva derbasb\u00fby\u00ee ya PKK \u00ea de li ser h\u00eaz\u00ean P\u00ea\u015fmerge ku li s\u00eenor\u00ea par\u00eazgeh\u00eeya Dihok\u00ea p\u00eakhatb\u00fb, efserek\u00ea P\u00ea\u015fmerge \u015feh\u00eed ket\u00eeye, medyaya PKK \u00ea j\u00ee dib\u00eaje: 3 \u00e7ekdar\u00ean wan bir\u00eendar ketine. \u00c7avkaniy\u00ean p\u00eageha Darka Maz\u00ee li Ba\u015f\u00fbr\u00ea Kurdistan\u00ea e\u015fkere kir, pa\u015f ku li \u015feva derbasb\u00fby\u00ee \u00e7ekdar\u00ean PKK \u00ea \u00ear\u00ee\u015f\u00ee nuqteyeka h\u00eaz\u00ean P\u00ea\u015fmerge li s\u00eenor\u00ea [&hellip;]\" \/>\n<meta property=\"og:url\" content=\"https:\/\/darkamazi.info\/archives\/1017861\" \/>\n<meta property=\"og:site_name\" content=\"Darka Maz\u00ee\" \/>\n<meta property=\"article:publisher\" content=\"https:\/\/www.facebook.com\/DarMaziKurmanci\" \/>\n<meta property=\"article:published_time\" content=\"2020-12-14T09:14:37+00:00\" \/>\n<meta property=\"og:image\" content=\"https:\/\/darkamazi.info\/file\/2020\/12\/Pesmergeye-ku-di-erisa-PKK-e-de-sehid-buy-ki-ye-1.jpg\" \/>\n\t<meta property=\"og:image:width\" content=\"900\" \/>\n\t<meta property=\"og:image:height\" content=\"497\" \/>\n\t<meta property=\"og:image:type\" content=\"image\/jpeg\" \/>\n<meta name=\"author\" content=\"darka mazi\" \/>\n<meta name=\"twitter:card\" content=\"summary_large_image\" \/>\n<meta name=\"twitter:creator\" content=\"@DarkaMaziLatini\" \/>\n<meta name=\"twitter:site\" content=\"@DarkaMaziLatini\" \/>\n<meta name=\"twitter:label1\" content=\"Written by\" \/>\n\t<meta name=\"twitter:data1\" content=\"darka mazi\" \/>\n\t<meta name=\"twitter:label2\" content=\"Est. reading time\" \/>\n\t<meta name=\"twitter:data2\" content=\"1 minute\" \/>\n<script type=\"application\/ld+json\" class=\"seo-schema-graph\">{\"@context\":\"https:\\\/\\\/schema.org\",\"@graph\":[{\"@type\":\"Article\",\"@id\":\"https:\\\/\\\/darkamazi.info\\\/archives\\\/1017861#article\",\"isPartOf\":{\"@id\":\"https:\\\/\\\/darkamazi.info\\\/archives\\\/1017861\"},\"author\":{\"name\":\"darka mazi\",\"@id\":\"https:\\\/\\\/darkamazi.info\\\/#\\\/schema\\\/person\\\/5ad3e24553a0567993fa8ed4bd0a776c\"},\"headline\":\"P\u00ea\u015fmergey\u00ea ku di \u00ear\u00ee\u015fa PKK \u00ea de \u015feh\u00eed b\u00fby k\u00ee ye?\",\"datePublished\":\"2020-12-14T09:14:37+00:00\",\"mainEntityOfPage\":{\"@id\":\"https:\\\/\\\/darkamazi.info\\\/archives\\\/1017861\"},\"wordCount\":233,\"publisher\":{\"@id\":\"https:\\\/\\\/darkamazi.info\\\/#organization\"},\"image\":{\"@id\":\"https:\\\/\\\/darkamazi.info\\\/archives\\\/1017861#primaryimage\"},\"thumbnailUrl\":\"https:\\\/\\\/darkamazi.info\\\/darka-content\\\/uploads\\\/2020\\\/12\\\/Pesmergeye-ku-di-erisa-PKK-e-de-sehid-buy-ki-ye-1.jpg\",\"keywords\":[\"sereke\"],\"articleSection\":[\"Kurdistan\"],\"inLanguage\":\"en-US\"},{\"@type\":\"WebPage\",\"@id\":\"https:\\\/\\\/darkamazi.info\\\/archives\\\/1017861\",\"url\":\"https:\\\/\\\/darkamazi.info\\\/archives\\\/1017861\",\"name\":\"P\u00ea\u015fmergey\u00ea ku di \u00ear\u00ee\u015fa PKK \u00ea de \u015feh\u00eed b\u00fby k\u00ee ye? - Darka Maz\u00ee\",\"isPartOf\":{\"@id\":\"https:\\\/\\\/darkamazi.info\\\/#website\"},\"primaryImageOfPage\":{\"@id\":\"https:\\\/\\\/darkamazi.info\\\/archives\\\/1017861#primaryimage\"},\"image\":{\"@id\":\"https:\\\/\\\/darkamazi.info\\\/archives\\\/1017861#primaryimage\"},\"thumbnailUrl\":\"https:\\\/\\\/darkamazi.info\\\/darka-content\\\/uploads\\\/2020\\\/12\\\/Pesmergeye-ku-di-erisa-PKK-e-de-sehid-buy-ki-ye-1.jpg\",\"datePublished\":\"2020-12-14T09:14:37+00:00\",\"breadcrumb\":{\"@id\":\"https:\\\/\\\/darkamazi.info\\\/archives\\\/1017861#breadcrumb\"},\"inLanguage\":\"en-US\",\"potentialAction\":[{\"@type\":\"ReadAction\",\"target\":[\"https:\\\/\\\/darkamazi.info\\\/archives\\\/1017861\"]}]},{\"@type\":\"ImageObject\",\"inLanguage\":\"en-US\",\"@id\":\"https:\\\/\\\/darkamazi.info\\\/archives\\\/1017861#primaryimage\",\"url\":\"https:\\\/\\\/darkamazi.info\\\/darka-content\\\/uploads\\\/2020\\\/12\\\/Pesmergeye-ku-di-erisa-PKK-e-de-sehid-buy-ki-ye-1.jpg\",\"contentUrl\":\"https:\\\/\\\/darkamazi.info\\\/darka-content\\\/uploads\\\/2020\\\/12\\\/Pesmergeye-ku-di-erisa-PKK-e-de-sehid-buy-ki-ye-1.jpg\",\"width\":900,\"height\":497,\"caption\":\"P\u00ea\u015fmergey\u00ea ku di \u00ear\u00ee\u015fa PKK \u00ea de \u015feh\u00eed b\u00fby k\u00ee ye\"},{\"@type\":\"BreadcrumbList\",\"@id\":\"https:\\\/\\\/darkamazi.info\\\/archives\\\/1017861#breadcrumb\",\"itemListElement\":[{\"@type\":\"ListItem\",\"position\":1,\"name\":\"Home\",\"item\":\"https:\\\/\\\/darkamazi.info\\\/\"},{\"@type\":\"ListItem\",\"position\":2,\"name\":\"P\u00ea\u015fmergey\u00ea ku di \u00ear\u00ee\u015fa PKK \u00ea de \u015feh\u00eed b\u00fby k\u00ee ye?\"}]},{\"@type\":\"WebSite\",\"@id\":\"https:\\\/\\\/darkamazi.info\\\/#website\",\"url\":\"https:\\\/\\\/darkamazi.info\\\/\",\"name\":\"Darka Maz\u00ee\",\"description\":\"P\u00eageha Zanyariy\u00ean Nebih\u00eest\u00ee\",\"publisher\":{\"@id\":\"https:\\\/\\\/darkamazi.info\\\/#organization\"},\"potentialAction\":[{\"@type\":\"SearchAction\",\"target\":{\"@type\":\"EntryPoint\",\"urlTemplate\":\"https:\\\/\\\/darkamazi.info\\\/?s={search_term_string}\"},\"query-input\":{\"@type\":\"PropertyValueSpecification\",\"valueRequired\":true,\"valueName\":\"search_term_string\"}}],\"inLanguage\":\"en-US\"},{\"@type\":\"Organization\",\"@id\":\"https:\\\/\\\/darkamazi.info\\\/#organization\",\"name\":\"Darka Maz\u00ee\",\"url\":\"https:\\\/\\\/darkamazi.info\\\/\",\"logo\":{\"@type\":\"ImageObject\",\"inLanguage\":\"en-US\",\"@id\":\"https:\\\/\\\/darkamazi.info\\\/#\\\/schema\\\/logo\\\/image\\\/\",\"url\":\"https:\\\/\\\/darkamazi.info\\\/darka-content\\\/uploads\\\/2017\\\/12\\\/darka-mazi-logo.png\",\"contentUrl\":\"https:\\\/\\\/darkamazi.info\\\/darka-content\\\/uploads\\\/2017\\\/12\\\/darka-mazi-logo.png\",\"width\":151,\"height\":75,\"caption\":\"Darka Maz\u00ee\"},\"image\":{\"@id\":\"https:\\\/\\\/darkamazi.info\\\/#\\\/schema\\\/logo\\\/image\\\/\"},\"sameAs\":[\"https:\\\/\\\/www.facebook.com\\\/DarMaziKurmanci\",\"https:\\\/\\\/x.com\\\/DarkaMaziLatini\",\"https:\\\/\\\/www.instagram.com\\\/darkamazi.kurmanci\\\/\",\"https:\\\/\\\/www.youtube.com\\\/channel\\\/UCa5HkTdmI8U1qCUFuTw8B2g\"]},{\"@type\":\"Person\",\"@id\":\"https:\\\/\\\/darkamazi.info\\\/#\\\/schema\\\/person\\\/5ad3e24553a0567993fa8ed4bd0a776c\",\"name\":\"darka mazi\",\"sameAs\":[\"https:\\\/\\\/darkamazi.info\\\/\"],\"url\":\"https:\\\/\\\/darkamazi.info\\\/archives\\\/author\\\/kurdi\"}]}<\/script>\n<!-- \/ Yoast SEO plugin. -->","seo_head_json":{"title":"P\u00ea\u015fmergey\u00ea ku di \u00ear\u00ee\u015fa PKK \u00ea de \u015feh\u00eed b\u00fby k\u00ee ye? - Darka Maz\u00ee","robots":{"index":"index","follow":"follow","max-snippet":"max-snippet:-1","max-image-preview":"max-image-preview:large","max-video-preview":"max-video-preview:-1"},"canonical":"https:\/\/darkamazi.info\/archives\/1017861","og_locale":"en_US","og_type":"article","og_title":"P\u00ea\u015fmergey\u00ea ku di \u00ear\u00ee\u015fa PKK \u00ea de \u015feh\u00eed b\u00fby k\u00ee ye? - Darka Maz\u00ee","og_description":"Di \u00ear\u00ee\u015fa \u015feva derbasb\u00fby\u00ee ya PKK \u00ea de li ser h\u00eaz\u00ean P\u00ea\u015fmerge ku li s\u00eenor\u00ea par\u00eazgeh\u00eeya Dihok\u00ea p\u00eakhatb\u00fb, efserek\u00ea P\u00ea\u015fmerge \u015feh\u00eed ket\u00eeye, medyaya PKK \u00ea j\u00ee dib\u00eaje: 3 \u00e7ekdar\u00ean wan bir\u00eendar ketine. \u00c7avkaniy\u00ean p\u00eageha Darka Maz\u00ee li Ba\u015f\u00fbr\u00ea Kurdistan\u00ea e\u015fkere kir, pa\u015f ku li \u015feva derbasb\u00fby\u00ee \u00e7ekdar\u00ean PKK \u00ea \u00ear\u00ee\u015f\u00ee nuqteyeka h\u00eaz\u00ean P\u00ea\u015fmerge li s\u00eenor\u00ea [&hellip;]","og_url":"https:\/\/darkamazi.info\/archives\/1017861","og_site_name":"Darka Maz\u00ee","article_publisher":"https:\/\/www.facebook.com\/DarMaziKurmanci","article_published_time":"2020-12-14T09:14:37+00:00","og_image":[{"width":900,"height":497,"url":"https:\/\/darkamazi.info\/file\/2020\/12\/Pesmergeye-ku-di-erisa-PKK-e-de-sehid-buy-ki-ye-1.jpg","type":"image\/jpeg"}],"author":"darka mazi","twitter_card":"summary_large_image","twitter_creator":"@DarkaMaziLatini","twitter_site":"@DarkaMaziLatini","twitter_misc":{"Written by":"darka mazi","Est. reading time":"1 minute"},"schema":{"@context":"https:\/\/schema.org","@graph":[{"@type":"Article","@id":"https:\/\/darkamazi.info\/archives\/1017861#article","isPartOf":{"@id":"https:\/\/darkamazi.info\/archives\/1017861"},"author":{"name":"darka mazi","@id":"https:\/\/darkamazi.info\/#\/schema\/person\/5ad3e24553a0567993fa8ed4bd0a776c"},"headline":"P\u00ea\u015fmergey\u00ea ku di \u00ear\u00ee\u015fa PKK \u00ea de \u015feh\u00eed b\u00fby k\u00ee ye?","datePublished":"2020-12-14T09:14:37+00:00","mainEntityOfPage":{"@id":"https:\/\/darkamazi.info\/archives\/1017861"},"wordCount":233,"publisher":{"@id":"https:\/\/darkamazi.info\/#organization"},"image":{"@id":"https:\/\/darkamazi.info\/archives\/1017861#primaryimage"},"thumbnailUrl":"https:\/\/darkamazi.info\/file\/2020\/12\/Pesmergeye-ku-di-erisa-PKK-e-de-sehid-buy-ki-ye-1.jpg","keywords":["sereke"],"articleSection":["Kurdistan"],"inLanguage":"en-US"},{"@type":"WebPage","@id":"https:\/\/darkamazi.info\/archives\/1017861","url":"https:\/\/darkamazi.info\/archives\/1017861","name":"P\u00ea\u015fmergey\u00ea ku di \u00ear\u00ee\u015fa PKK \u00ea de \u015feh\u00eed b\u00fby k\u00ee ye? - Darka Maz\u00ee","isPartOf":{"@id":"https:\/\/darkamazi.info\/#website"},"primaryImageOfPage":{"@id":"https:\/\/darkamazi.info\/archives\/1017861#primaryimage"},"image":{"@id":"https:\/\/darkamazi.info\/archives\/1017861#primaryimage"},"thumbnailUrl":"https:\/\/darkamazi.info\/file\/2020\/12\/Pesmergeye-ku-di-erisa-PKK-e-de-sehid-buy-ki-ye-1.jpg","datePublished":"2020-12-14T09:14:37+00:00","breadcrumb":{"@id":"https:\/\/darkamazi.info\/archives\/1017861#breadcrumb"},"inLanguage":"en-US","potentialAction":[{"@type":"ReadAction","target":["https:\/\/darkamazi.info\/archives\/1017861"]}]},{"@type":"ImageObject","inLanguage":"en-US","@id":"https:\/\/darkamazi.info\/archives\/1017861#primaryimage","url":"https:\/\/darkamazi.info\/file\/2020\/12\/Pesmergeye-ku-di-erisa-PKK-e-de-sehid-buy-ki-ye-1.jpg","contentUrl":"https:\/\/darkamazi.info\/file\/2020\/12\/Pesmergeye-ku-di-erisa-PKK-e-de-sehid-buy-ki-ye-1.jpg","width":900,"height":497,"caption":"P\u00ea\u015fmergey\u00ea ku di \u00ear\u00ee\u015fa PKK \u00ea de \u015feh\u00eed b\u00fby k\u00ee ye"},{"@type":"BreadcrumbList","@id":"https:\/\/darkamazi.info\/archives\/1017861#breadcrumb","itemListElement":[{"@type":"ListItem","position":1,"name":"Home","item":"https:\/\/darkamazi.info\/"},{"@type":"ListItem","position":2,"name":"P\u00ea\u015fmergey\u00ea ku di \u00ear\u00ee\u015fa PKK \u00ea de \u015feh\u00eed b\u00fby k\u00ee ye?"}]},{"@type":"WebSite","@id":"https:\/\/darkamazi.info\/#website","url":"https:\/\/darkamazi.info\/","name":"Darka Maz\u00ee","description":"P\u00eageha Zanyariy\u00ean Nebih\u00eest\u00ee","publisher":{"@id":"https:\/\/darkamazi.info\/#organization"},"potentialAction":[{"@type":"SearchAction","target":{"@type":"EntryPoint","urlTemplate":"https:\/\/darkamazi.info\/?s={search_term_string}"},"query-input":{"@type":"PropertyValueSpecification","valueRequired":true,"valueName":"search_term_string"}}],"inLanguage":"en-US"},{"@type":"Organization","@id":"https:\/\/darkamazi.info\/#organization","name":"Darka Maz\u00ee","url":"https:\/\/darkamazi.info\/","logo":{"@type":"ImageObject","inLanguage":"en-US","@id":"https:\/\/darkamazi.info\/#\/schema\/logo\/image\/","url":"https:\/\/darkamazi.info\/file\/2017\/12\/darka-mazi-logo.png","contentUrl":"https:\/\/darkamazi.info\/file\/2017\/12\/darka-mazi-logo.png","width":151,"height":75,"caption":"Darka Maz\u00ee"},"image":{"@id":"https:\/\/darkamazi.info\/#\/schema\/logo\/image\/"},"sameAs":["https:\/\/www.facebook.com\/DarMaziKurmanci","https:\/\/x.com\/DarkaMaziLatini","https:\/\/www.instagram.com\/darkamazi.kurmanci\/","https:\/\/www.youtube.com\/channel\/UCa5HkTdmI8U1qCUFuTw8B2g"]},{"@type":"Person","@id":"https:\/\/darkamazi.info\/#\/schema\/person\/5ad3e24553a0567993fa8ed4bd0a776c","name":"darka mazi","sameAs":["https:\/\/darkamazi.info\/"],"url":"https:\/\/darkamazi.info\/archives\/author\/kurdi"}]}},"_links":{"self":[{"href":"https:\/\/darkamazi.info\/funavuv\/wp\/v2\/posts\/1017861","targetHints":{"allow":["GET"]}}],"collection":[{"href":"https:\/\/darkamazi.info\/funavuv\/wp\/v2\/posts"}],"about":[{"href":"https:\/\/darkamazi.info\/funavuv\/wp\/v2\/types\/post"}],"author":[{"embeddable":true,"href":"https:\/\/darkamazi.info\/funavuv\/wp\/v2\/users\/2"}],"replies":[{"embeddable":true,"href":"https:\/\/darkamazi.info\/funavuv\/wp\/v2\/comments?post=1017861"}],"version-history":[{"count":0,"href":"https:\/\/darkamazi.info\/funavuv\/wp\/v2\/posts\/1017861\/revisions"}],"wp:featuredmedia":[{"embeddable":true,"href":"https:\/\/darkamazi.info\/funavuv\/wp\/v2\/media\/1017862"}],"wp:attachment":[{"href":"https:\/\/darkamazi.info\/funavuv\/wp\/v2\/media?parent=1017861"}],"wp:term":[{"taxonomy":"category","embeddable":true,"href":"https:\/\/darkamazi.info\/funavuv\/wp\/v2\/categories?post=1017861"},{"taxonomy":"post_tag","embeddable":true,"href":"https:\/\/darkamazi.info\/funavuv\/wp\/v2\/tags?post=1017861"}],"curies":[{"name":"wp","href":"https:\/\/api.w.org\/{rel}","templated":true}]}}