{"id":1017887,"date":"2020-12-15T14:39:48","date_gmt":"2020-12-15T11:39:48","guid":{"rendered":"https:\/\/darkamazi.info\/?p=1017887"},"modified":"2020-12-15T14:39:48","modified_gmt":"2020-12-15T11:39:48","slug":"reveberiya-xweser-cave-xwe-li-sewtandina-baregeha-enks-e-girtine","status":"publish","type":"post","link":"https:\/\/darkamazi.info\/archives\/1017887","title":{"rendered":"R\u00eaveber\u00eeya Xweser \u00e7av\u00ea xwe li \u015fewtandina baregeha ENKS \u00ea girtine"},"content":{"rendered":"<h3 style=\"text-align: justify\"><span style=\"font-family: 'arial black', sans-serif\">Of\u00eesa ENKS li Am\u00fbd\u00ea ji aliya \u00e7end kes\u00ean nasnameya wan nediyar ve hat \u015fewitandin. Di encam\u00ea de alay\u00ean Kurdistan\u00ea j\u00ee hatin \u015fewitandin. \u00cari\u015f\u00ea duh \u00eavar\u00ee r\u00fb daye.<\/span><\/h3>\n<h3 style=\"text-align: justify\">Ji ber ku \u00e7i kes li of\u00ees\u00ea neb\u00fbn zerer\u00ean can\u00ee \u00e7\u00eaneb\u00fbn l\u00eabel\u00ea zerer\u00ean mad\u00ee hene.<\/h3>\n<h3 style=\"text-align: justify\">Serok\u00ea of\u00eesa xwecih\u00ee ya ENKS li Am\u00fbd\u00ea Mihemed \u015e\u00eaxm\u00fbs ji Kurdistan24 re got, &#8220;Em nikarin \u00e7i kesan tometbar bikin ji ber ku me bi \u00e7av\u00ea xwe ned\u00eet ka k\u00ea \u015fewitandiye. L\u00ea li vir desthelatek heye, r\u00eaveberiya xweser heye \u00fb berpirsyar\u00ee ya wan e. Div\u00ea ew bizanin, heger nezanin ev k\u00eamasiya derheq\u00ea wan de ye&#8221;.<\/h3>\n<h3 style=\"text-align: justify\">Mihemed \u015eexm\u00fbs destn\u00ee\u015fan dike ku di van roj\u00ean daw\u00ee de ev \u00eari\u015fa duyem\u00een e li ser of\u00ees\u00ean ENKS \u00fb ji r\u00eaveberiya xweser kesek\u00ea serdana wan nekiriye \u00fb dest bi l\u00eakol\u00eenan j\u00ee nekirine.<\/h3>\n<h3 style=\"text-align: justify\">Dib\u00eaje, &#8220;Ev (l\u00eakol\u00een) erk\u00ea wan e, l\u00ea \u00e7av\u00ean xwe li meseley\u00ea digirin&#8221;.<\/h3>\n","protected":false},"excerpt":{"rendered":"<p>Of\u00eesa ENKS li Am\u00fbd\u00ea ji aliya \u00e7end kes\u00ean nasnameya wan nediyar ve hat \u015fewitandin. Di encam\u00ea de alay\u00ean Kurdistan\u00ea j\u00ee hatin \u015fewitandin. \u00cari\u015f\u00ea duh \u00eavar\u00ee r\u00fb daye. Ji ber ku \u00e7i kes li of\u00ees\u00ea neb\u00fbn zerer\u00ean can\u00ee \u00e7\u00eaneb\u00fbn l\u00eabel\u00ea zerer\u00ean mad\u00ee hene. Serok\u00ea of\u00eesa xwecih\u00ee ya ENKS li Am\u00fbd\u00ea Mihemed \u015e\u00eaxm\u00fbs ji Kurdistan24 re got, [&hellip;]<\/p>\n","protected":false},"author":2,"featured_media":1017889,"comment_status":"closed","ping_status":"closed","sticky":false,"template":"","format":"standard","meta":{"footnotes":""},"categories":[29],"tags":[37],"class_list":["post-1017887","post","type-post","status-publish","format-standard","has-post-thumbnail","hentry","category-kurdistan","tag-sereke"],"blocksy_meta":[],"seo_head":"<!-- This site is optimized with the Yoast SEO plugin v27.5 - https:\/\/yoast.com\/product\/yoast-seo-wordpress\/ -->\n<title>R\u00eaveber\u00eeya Xweser \u00e7av\u00ea xwe li \u015fewtandina baregeha ENKS \u00ea girtine - Darka Maz\u00ee<\/title>\n<meta name=\"robots\" content=\"index, follow, max-snippet:-1, max-image-preview:large, max-video-preview:-1\" \/>\n<link rel=\"canonical\" href=\"https:\/\/darkamazi.info\/archives\/1017887\" \/>\n<meta property=\"og:locale\" content=\"en_US\" \/>\n<meta property=\"og:type\" content=\"article\" \/>\n<meta property=\"og:title\" content=\"R\u00eaveber\u00eeya Xweser \u00e7av\u00ea xwe li \u015fewtandina baregeha ENKS \u00ea girtine - Darka Maz\u00ee\" \/>\n<meta property=\"og:description\" content=\"Of\u00eesa ENKS li Am\u00fbd\u00ea ji aliya \u00e7end kes\u00ean nasnameya wan nediyar ve hat \u015fewitandin. Di encam\u00ea de alay\u00ean Kurdistan\u00ea j\u00ee hatin \u015fewitandin. \u00cari\u015f\u00ea duh \u00eavar\u00ee r\u00fb daye. Ji ber ku \u00e7i kes li of\u00ees\u00ea neb\u00fbn zerer\u00ean can\u00ee \u00e7\u00eaneb\u00fbn l\u00eabel\u00ea zerer\u00ean mad\u00ee hene. Serok\u00ea of\u00eesa xwecih\u00ee ya ENKS li Am\u00fbd\u00ea Mihemed \u015e\u00eaxm\u00fbs ji Kurdistan24 re got, [&hellip;]\" \/>\n<meta property=\"og:url\" content=\"https:\/\/darkamazi.info\/archives\/1017887\" \/>\n<meta property=\"og:site_name\" content=\"Darka Maz\u00ee\" \/>\n<meta property=\"article:publisher\" content=\"https:\/\/www.facebook.com\/DarMaziKurmanci\" \/>\n<meta property=\"article:published_time\" content=\"2020-12-15T11:39:48+00:00\" \/>\n<meta property=\"og:image\" content=\"https:\/\/darkamazi.info\/file\/2020\/12\/enks-Reveberiya-xweser-2.jpg\" \/>\n\t<meta property=\"og:image:width\" content=\"900\" \/>\n\t<meta property=\"og:image:height\" content=\"497\" \/>\n\t<meta property=\"og:image:type\" content=\"image\/jpeg\" \/>\n<meta name=\"author\" content=\"darka mazi\" \/>\n<meta name=\"twitter:card\" content=\"summary_large_image\" \/>\n<meta name=\"twitter:creator\" content=\"@DarkaMaziLatini\" \/>\n<meta name=\"twitter:site\" content=\"@DarkaMaziLatini\" \/>\n<meta name=\"twitter:label1\" content=\"Written by\" \/>\n\t<meta name=\"twitter:data1\" content=\"darka mazi\" \/>\n\t<meta name=\"twitter:label2\" content=\"Est. reading time\" \/>\n\t<meta name=\"twitter:data2\" content=\"1 minute\" \/>\n<script type=\"application\/ld+json\" class=\"seo-schema-graph\">{\"@context\":\"https:\\\/\\\/schema.org\",\"@graph\":[{\"@type\":\"Article\",\"@id\":\"https:\\\/\\\/darkamazi.info\\\/archives\\\/1017887#article\",\"isPartOf\":{\"@id\":\"https:\\\/\\\/darkamazi.info\\\/archives\\\/1017887\"},\"author\":{\"name\":\"darka mazi\",\"@id\":\"https:\\\/\\\/darkamazi.info\\\/#\\\/schema\\\/person\\\/5ad3e24553a0567993fa8ed4bd0a776c\"},\"headline\":\"R\u00eaveber\u00eeya Xweser \u00e7av\u00ea xwe li \u015fewtandina baregeha ENKS \u00ea girtine\",\"datePublished\":\"2020-12-15T11:39:48+00:00\",\"mainEntityOfPage\":{\"@id\":\"https:\\\/\\\/darkamazi.info\\\/archives\\\/1017887\"},\"wordCount\":178,\"publisher\":{\"@id\":\"https:\\\/\\\/darkamazi.info\\\/#organization\"},\"image\":{\"@id\":\"https:\\\/\\\/darkamazi.info\\\/archives\\\/1017887#primaryimage\"},\"thumbnailUrl\":\"https:\\\/\\\/darkamazi.info\\\/darka-content\\\/uploads\\\/2020\\\/12\\\/enks-Reveberiya-xweser-2.jpg\",\"keywords\":[\"sereke\"],\"articleSection\":[\"Kurdistan\"],\"inLanguage\":\"en-US\"},{\"@type\":\"WebPage\",\"@id\":\"https:\\\/\\\/darkamazi.info\\\/archives\\\/1017887\",\"url\":\"https:\\\/\\\/darkamazi.info\\\/archives\\\/1017887\",\"name\":\"R\u00eaveber\u00eeya Xweser \u00e7av\u00ea xwe li \u015fewtandina baregeha ENKS \u00ea girtine - Darka Maz\u00ee\",\"isPartOf\":{\"@id\":\"https:\\\/\\\/darkamazi.info\\\/#website\"},\"primaryImageOfPage\":{\"@id\":\"https:\\\/\\\/darkamazi.info\\\/archives\\\/1017887#primaryimage\"},\"image\":{\"@id\":\"https:\\\/\\\/darkamazi.info\\\/archives\\\/1017887#primaryimage\"},\"thumbnailUrl\":\"https:\\\/\\\/darkamazi.info\\\/darka-content\\\/uploads\\\/2020\\\/12\\\/enks-Reveberiya-xweser-2.jpg\",\"datePublished\":\"2020-12-15T11:39:48+00:00\",\"breadcrumb\":{\"@id\":\"https:\\\/\\\/darkamazi.info\\\/archives\\\/1017887#breadcrumb\"},\"inLanguage\":\"en-US\",\"potentialAction\":[{\"@type\":\"ReadAction\",\"target\":[\"https:\\\/\\\/darkamazi.info\\\/archives\\\/1017887\"]}]},{\"@type\":\"ImageObject\",\"inLanguage\":\"en-US\",\"@id\":\"https:\\\/\\\/darkamazi.info\\\/archives\\\/1017887#primaryimage\",\"url\":\"https:\\\/\\\/darkamazi.info\\\/darka-content\\\/uploads\\\/2020\\\/12\\\/enks-Reveberiya-xweser-2.jpg\",\"contentUrl\":\"https:\\\/\\\/darkamazi.info\\\/darka-content\\\/uploads\\\/2020\\\/12\\\/enks-Reveberiya-xweser-2.jpg\",\"width\":900,\"height\":497,\"caption\":\"R\u00eaveber\u00eeya Xweser \u00e7av\u00ea xwe li \u015fewtandina baregeha ENKS \u00ea girtine\"},{\"@type\":\"BreadcrumbList\",\"@id\":\"https:\\\/\\\/darkamazi.info\\\/archives\\\/1017887#breadcrumb\",\"itemListElement\":[{\"@type\":\"ListItem\",\"position\":1,\"name\":\"Home\",\"item\":\"https:\\\/\\\/darkamazi.info\\\/\"},{\"@type\":\"ListItem\",\"position\":2,\"name\":\"R\u00eaveber\u00eeya Xweser \u00e7av\u00ea xwe li \u015fewtandina baregeha ENKS \u00ea girtine\"}]},{\"@type\":\"WebSite\",\"@id\":\"https:\\\/\\\/darkamazi.info\\\/#website\",\"url\":\"https:\\\/\\\/darkamazi.info\\\/\",\"name\":\"Darka Maz\u00ee\",\"description\":\"P\u00eageha Zanyariy\u00ean Nebih\u00eest\u00ee\",\"publisher\":{\"@id\":\"https:\\\/\\\/darkamazi.info\\\/#organization\"},\"potentialAction\":[{\"@type\":\"SearchAction\",\"target\":{\"@type\":\"EntryPoint\",\"urlTemplate\":\"https:\\\/\\\/darkamazi.info\\\/?s={search_term_string}\"},\"query-input\":{\"@type\":\"PropertyValueSpecification\",\"valueRequired\":true,\"valueName\":\"search_term_string\"}}],\"inLanguage\":\"en-US\"},{\"@type\":\"Organization\",\"@id\":\"https:\\\/\\\/darkamazi.info\\\/#organization\",\"name\":\"Darka Maz\u00ee\",\"url\":\"https:\\\/\\\/darkamazi.info\\\/\",\"logo\":{\"@type\":\"ImageObject\",\"inLanguage\":\"en-US\",\"@id\":\"https:\\\/\\\/darkamazi.info\\\/#\\\/schema\\\/logo\\\/image\\\/\",\"url\":\"https:\\\/\\\/darkamazi.info\\\/darka-content\\\/uploads\\\/2017\\\/12\\\/darka-mazi-logo.png\",\"contentUrl\":\"https:\\\/\\\/darkamazi.info\\\/darka-content\\\/uploads\\\/2017\\\/12\\\/darka-mazi-logo.png\",\"width\":151,\"height\":75,\"caption\":\"Darka Maz\u00ee\"},\"image\":{\"@id\":\"https:\\\/\\\/darkamazi.info\\\/#\\\/schema\\\/logo\\\/image\\\/\"},\"sameAs\":[\"https:\\\/\\\/www.facebook.com\\\/DarMaziKurmanci\",\"https:\\\/\\\/x.com\\\/DarkaMaziLatini\",\"https:\\\/\\\/www.instagram.com\\\/darkamazi.kurmanci\\\/\",\"https:\\\/\\\/www.youtube.com\\\/channel\\\/UCa5HkTdmI8U1qCUFuTw8B2g\"]},{\"@type\":\"Person\",\"@id\":\"https:\\\/\\\/darkamazi.info\\\/#\\\/schema\\\/person\\\/5ad3e24553a0567993fa8ed4bd0a776c\",\"name\":\"darka mazi\",\"sameAs\":[\"https:\\\/\\\/darkamazi.info\\\/\"],\"url\":\"https:\\\/\\\/darkamazi.info\\\/archives\\\/author\\\/kurdi\"}]}<\/script>\n<!-- \/ Yoast SEO plugin. -->","seo_head_json":{"title":"R\u00eaveber\u00eeya Xweser \u00e7av\u00ea xwe li \u015fewtandina baregeha ENKS \u00ea girtine - Darka Maz\u00ee","robots":{"index":"index","follow":"follow","max-snippet":"max-snippet:-1","max-image-preview":"max-image-preview:large","max-video-preview":"max-video-preview:-1"},"canonical":"https:\/\/darkamazi.info\/archives\/1017887","og_locale":"en_US","og_type":"article","og_title":"R\u00eaveber\u00eeya Xweser \u00e7av\u00ea xwe li \u015fewtandina baregeha ENKS \u00ea girtine - Darka Maz\u00ee","og_description":"Of\u00eesa ENKS li Am\u00fbd\u00ea ji aliya \u00e7end kes\u00ean nasnameya wan nediyar ve hat \u015fewitandin. Di encam\u00ea de alay\u00ean Kurdistan\u00ea j\u00ee hatin \u015fewitandin. \u00cari\u015f\u00ea duh \u00eavar\u00ee r\u00fb daye. Ji ber ku \u00e7i kes li of\u00ees\u00ea neb\u00fbn zerer\u00ean can\u00ee \u00e7\u00eaneb\u00fbn l\u00eabel\u00ea zerer\u00ean mad\u00ee hene. Serok\u00ea of\u00eesa xwecih\u00ee ya ENKS li Am\u00fbd\u00ea Mihemed \u015e\u00eaxm\u00fbs ji Kurdistan24 re got, [&hellip;]","og_url":"https:\/\/darkamazi.info\/archives\/1017887","og_site_name":"Darka Maz\u00ee","article_publisher":"https:\/\/www.facebook.com\/DarMaziKurmanci","article_published_time":"2020-12-15T11:39:48+00:00","og_image":[{"width":900,"height":497,"url":"https:\/\/darkamazi.info\/file\/2020\/12\/enks-Reveberiya-xweser-2.jpg","type":"image\/jpeg"}],"author":"darka mazi","twitter_card":"summary_large_image","twitter_creator":"@DarkaMaziLatini","twitter_site":"@DarkaMaziLatini","twitter_misc":{"Written by":"darka mazi","Est. reading time":"1 minute"},"schema":{"@context":"https:\/\/schema.org","@graph":[{"@type":"Article","@id":"https:\/\/darkamazi.info\/archives\/1017887#article","isPartOf":{"@id":"https:\/\/darkamazi.info\/archives\/1017887"},"author":{"name":"darka mazi","@id":"https:\/\/darkamazi.info\/#\/schema\/person\/5ad3e24553a0567993fa8ed4bd0a776c"},"headline":"R\u00eaveber\u00eeya Xweser \u00e7av\u00ea xwe li \u015fewtandina baregeha ENKS \u00ea girtine","datePublished":"2020-12-15T11:39:48+00:00","mainEntityOfPage":{"@id":"https:\/\/darkamazi.info\/archives\/1017887"},"wordCount":178,"publisher":{"@id":"https:\/\/darkamazi.info\/#organization"},"image":{"@id":"https:\/\/darkamazi.info\/archives\/1017887#primaryimage"},"thumbnailUrl":"https:\/\/darkamazi.info\/file\/2020\/12\/enks-Reveberiya-xweser-2.jpg","keywords":["sereke"],"articleSection":["Kurdistan"],"inLanguage":"en-US"},{"@type":"WebPage","@id":"https:\/\/darkamazi.info\/archives\/1017887","url":"https:\/\/darkamazi.info\/archives\/1017887","name":"R\u00eaveber\u00eeya Xweser \u00e7av\u00ea xwe li \u015fewtandina baregeha ENKS \u00ea girtine - Darka Maz\u00ee","isPartOf":{"@id":"https:\/\/darkamazi.info\/#website"},"primaryImageOfPage":{"@id":"https:\/\/darkamazi.info\/archives\/1017887#primaryimage"},"image":{"@id":"https:\/\/darkamazi.info\/archives\/1017887#primaryimage"},"thumbnailUrl":"https:\/\/darkamazi.info\/file\/2020\/12\/enks-Reveberiya-xweser-2.jpg","datePublished":"2020-12-15T11:39:48+00:00","breadcrumb":{"@id":"https:\/\/darkamazi.info\/archives\/1017887#breadcrumb"},"inLanguage":"en-US","potentialAction":[{"@type":"ReadAction","target":["https:\/\/darkamazi.info\/archives\/1017887"]}]},{"@type":"ImageObject","inLanguage":"en-US","@id":"https:\/\/darkamazi.info\/archives\/1017887#primaryimage","url":"https:\/\/darkamazi.info\/file\/2020\/12\/enks-Reveberiya-xweser-2.jpg","contentUrl":"https:\/\/darkamazi.info\/file\/2020\/12\/enks-Reveberiya-xweser-2.jpg","width":900,"height":497,"caption":"R\u00eaveber\u00eeya Xweser \u00e7av\u00ea xwe li \u015fewtandina baregeha ENKS \u00ea girtine"},{"@type":"BreadcrumbList","@id":"https:\/\/darkamazi.info\/archives\/1017887#breadcrumb","itemListElement":[{"@type":"ListItem","position":1,"name":"Home","item":"https:\/\/darkamazi.info\/"},{"@type":"ListItem","position":2,"name":"R\u00eaveber\u00eeya Xweser \u00e7av\u00ea xwe li \u015fewtandina baregeha ENKS \u00ea girtine"}]},{"@type":"WebSite","@id":"https:\/\/darkamazi.info\/#website","url":"https:\/\/darkamazi.info\/","name":"Darka Maz\u00ee","description":"P\u00eageha Zanyariy\u00ean Nebih\u00eest\u00ee","publisher":{"@id":"https:\/\/darkamazi.info\/#organization"},"potentialAction":[{"@type":"SearchAction","target":{"@type":"EntryPoint","urlTemplate":"https:\/\/darkamazi.info\/?s={search_term_string}"},"query-input":{"@type":"PropertyValueSpecification","valueRequired":true,"valueName":"search_term_string"}}],"inLanguage":"en-US"},{"@type":"Organization","@id":"https:\/\/darkamazi.info\/#organization","name":"Darka Maz\u00ee","url":"https:\/\/darkamazi.info\/","logo":{"@type":"ImageObject","inLanguage":"en-US","@id":"https:\/\/darkamazi.info\/#\/schema\/logo\/image\/","url":"https:\/\/darkamazi.info\/file\/2017\/12\/darka-mazi-logo.png","contentUrl":"https:\/\/darkamazi.info\/file\/2017\/12\/darka-mazi-logo.png","width":151,"height":75,"caption":"Darka Maz\u00ee"},"image":{"@id":"https:\/\/darkamazi.info\/#\/schema\/logo\/image\/"},"sameAs":["https:\/\/www.facebook.com\/DarMaziKurmanci","https:\/\/x.com\/DarkaMaziLatini","https:\/\/www.instagram.com\/darkamazi.kurmanci\/","https:\/\/www.youtube.com\/channel\/UCa5HkTdmI8U1qCUFuTw8B2g"]},{"@type":"Person","@id":"https:\/\/darkamazi.info\/#\/schema\/person\/5ad3e24553a0567993fa8ed4bd0a776c","name":"darka mazi","sameAs":["https:\/\/darkamazi.info\/"],"url":"https:\/\/darkamazi.info\/archives\/author\/kurdi"}]}},"_links":{"self":[{"href":"https:\/\/darkamazi.info\/funavuv\/wp\/v2\/posts\/1017887","targetHints":{"allow":["GET"]}}],"collection":[{"href":"https:\/\/darkamazi.info\/funavuv\/wp\/v2\/posts"}],"about":[{"href":"https:\/\/darkamazi.info\/funavuv\/wp\/v2\/types\/post"}],"author":[{"embeddable":true,"href":"https:\/\/darkamazi.info\/funavuv\/wp\/v2\/users\/2"}],"replies":[{"embeddable":true,"href":"https:\/\/darkamazi.info\/funavuv\/wp\/v2\/comments?post=1017887"}],"version-history":[{"count":0,"href":"https:\/\/darkamazi.info\/funavuv\/wp\/v2\/posts\/1017887\/revisions"}],"wp:featuredmedia":[{"embeddable":true,"href":"https:\/\/darkamazi.info\/funavuv\/wp\/v2\/media\/1017889"}],"wp:attachment":[{"href":"https:\/\/darkamazi.info\/funavuv\/wp\/v2\/media?parent=1017887"}],"wp:term":[{"taxonomy":"category","embeddable":true,"href":"https:\/\/darkamazi.info\/funavuv\/wp\/v2\/categories?post=1017887"},{"taxonomy":"post_tag","embeddable":true,"href":"https:\/\/darkamazi.info\/funavuv\/wp\/v2\/tags?post=1017887"}],"curies":[{"name":"wp","href":"https:\/\/api.w.org\/{rel}","templated":true}]}}