{"id":1017900,"date":"2020-12-15T18:21:29","date_gmt":"2020-12-15T15:21:29","guid":{"rendered":"https:\/\/darkamazi.info\/?p=1017900"},"modified":"2020-12-15T18:21:29","modified_gmt":"2020-12-15T15:21:29","slug":"konsulxaneya-amerikaye-sersaxi-da-malbata-pesmergeye-sehid","status":"publish","type":"post","link":"https:\/\/darkamazi.info\/archives\/1017900","title":{"rendered":"Konsulxaneya Amer\u00eekay\u00ea sersax\u00ee da malbata p\u00ea\u015fmergey\u00ea \u015feh\u00eed"},"content":{"rendered":"<h3 style=\"text-align: justify\"><span style=\"font-family: 'arial black', sans-serif\">Konsulxaneya Gi\u015ft\u00ee ya Amer\u00eekay\u00ea ya li Hewl\u00ear\u00ea sersax\u00ee da malbata \u015eeh\u00eed P\u00ea\u015fmerge Ebdurehman Em\u00een, ku ji ber \u00ear\u00ee\u015fa \u00e7ekdar\u00ean PKK\u00ea, li devera Am\u00ead\u00ee \u015feh\u00eed b\u00fb.<\/span><\/h3>\n<h3 style=\"text-align: justify\">Konsulxaneya Amer\u00eekay\u00ea li ser hesab\u00ea xwe y\u00ea Twitter\u00ea ragihand: \u201cEm sersax\u00ee arastey\u00ee malbata Mulazim\u00ea Yekem Ebdurehman Em\u00een dikin ku di r\u00fbbir\u00fbb\u00fbnek\u00ea de ligel \u00e7ekdar\u00ean PKK\u00ea li n\u00eaz\u00eek\u00ee Am\u00ead\u00ee ya ser bi par\u00eazgeha Duhok\u00ea jiyana xwe ji dest da.\u201d<\/h3>\n<h3 style=\"text-align: justify\">P\u00ea\u015fmerge Ebdurehman Em\u00een \u015feva 13\u00ea Kan\u00fbna 2020an, ji ber \u00ear\u00ee\u015feke \u00e7ekdar\u00ean PKK\u00ea, li gund\u00ea D\u00eare\u015f\u00ee y\u00ea ser bi nav\u00e7eya Am\u00ead\u00ee ya li par\u00eazgeha Duhok\u00ea \u015feh\u00eed b\u00fb.<\/h3>\n<h3 style=\"text-align: justify\">\u00car\u00ee\u015f \u00fb tevger\u00ean \u00e7ekdar\u00ean Partiya Karker\u00ean Kurdistan\u00ea (PKK) li nav axa Her\u00eama Kurdistan\u00ea, b\u00fbye sedema n\u00eegeraniya konsulxane \u00fb n\u00fbner\u00ean welatan, ber\u00ee niha j\u00ee Konsul\u00ea Gi\u015ft\u00ee y\u00ea Br\u00eetanya y\u00ea li Hewl\u00ear\u00ea tev\u00ee peyama sersaxiy\u00ea li malbata w\u00ee \u015feh\u00eed\u00ee, PKK weke r\u00eaxistineke teror\u00eest bi nav kir \u00fb ragihand; div\u00ea \u00e7ekdar\u00ean v\u00ea r\u00eaxistin\u00ea ji axa Her\u00eama Kurdistan\u00ea nem\u00eenin.<\/h3>\n","protected":false},"excerpt":{"rendered":"<p>Konsulxaneya Gi\u015ft\u00ee ya Amer\u00eekay\u00ea ya li Hewl\u00ear\u00ea sersax\u00ee da malbata \u015eeh\u00eed P\u00ea\u015fmerge Ebdurehman Em\u00een, ku ji ber \u00ear\u00ee\u015fa \u00e7ekdar\u00ean PKK\u00ea, li devera Am\u00ead\u00ee \u015feh\u00eed b\u00fb. Konsulxaneya Amer\u00eekay\u00ea li ser hesab\u00ea xwe y\u00ea Twitter\u00ea ragihand: \u201cEm sersax\u00ee arastey\u00ee malbata Mulazim\u00ea Yekem Ebdurehman Em\u00een dikin ku di r\u00fbbir\u00fbb\u00fbnek\u00ea de ligel \u00e7ekdar\u00ean PKK\u00ea li n\u00eaz\u00eek\u00ee Am\u00ead\u00ee ya ser [&hellip;]<\/p>\n","protected":false},"author":2,"featured_media":1017901,"comment_status":"closed","ping_status":"closed","sticky":false,"template":"","format":"standard","meta":{"footnotes":""},"categories":[29],"tags":[37],"class_list":["post-1017900","post","type-post","status-publish","format-standard","has-post-thumbnail","hentry","category-kurdistan","tag-sereke"],"blocksy_meta":[],"seo_head":"<!-- This site is optimized with the Yoast SEO plugin v27.5 - https:\/\/yoast.com\/product\/yoast-seo-wordpress\/ -->\n<title>Konsulxaneya Amer\u00eekay\u00ea sersax\u00ee da malbata p\u00ea\u015fmergey\u00ea \u015feh\u00eed - Darka Maz\u00ee<\/title>\n<meta name=\"robots\" content=\"index, follow, max-snippet:-1, max-image-preview:large, max-video-preview:-1\" \/>\n<link rel=\"canonical\" href=\"https:\/\/darkamazi.info\/archives\/1017900\" \/>\n<meta property=\"og:locale\" content=\"en_US\" \/>\n<meta property=\"og:type\" content=\"article\" \/>\n<meta property=\"og:title\" content=\"Konsulxaneya Amer\u00eekay\u00ea sersax\u00ee da malbata p\u00ea\u015fmergey\u00ea \u015feh\u00eed - Darka Maz\u00ee\" \/>\n<meta property=\"og:description\" content=\"Konsulxaneya Gi\u015ft\u00ee ya Amer\u00eekay\u00ea ya li Hewl\u00ear\u00ea sersax\u00ee da malbata \u015eeh\u00eed P\u00ea\u015fmerge Ebdurehman Em\u00een, ku ji ber \u00ear\u00ee\u015fa \u00e7ekdar\u00ean PKK\u00ea, li devera Am\u00ead\u00ee \u015feh\u00eed b\u00fb. Konsulxaneya Amer\u00eekay\u00ea li ser hesab\u00ea xwe y\u00ea Twitter\u00ea ragihand: \u201cEm sersax\u00ee arastey\u00ee malbata Mulazim\u00ea Yekem Ebdurehman Em\u00een dikin ku di r\u00fbbir\u00fbb\u00fbnek\u00ea de ligel \u00e7ekdar\u00ean PKK\u00ea li n\u00eaz\u00eek\u00ee Am\u00ead\u00ee ya ser [&hellip;]\" \/>\n<meta property=\"og:url\" content=\"https:\/\/darkamazi.info\/archives\/1017900\" \/>\n<meta property=\"og:site_name\" content=\"Darka Maz\u00ee\" \/>\n<meta property=\"article:publisher\" content=\"https:\/\/www.facebook.com\/DarMaziKurmanci\" \/>\n<meta property=\"article:published_time\" content=\"2020-12-15T15:21:29+00:00\" \/>\n<meta property=\"og:image\" content=\"https:\/\/darkamazi.info\/file\/2020\/12\/\u067e\u06ce\u0634\u0645\u0647_\u0631\u06af\u0647_-\u0634\u0647_\u0647\u06cc\u062f-\u067e\u0647_\u0643\u0647_\u0643\u0647_-\u062a\u06cc\u0631\u06c6\u0631-1.jpg\" \/>\n\t<meta property=\"og:image:width\" content=\"900\" \/>\n\t<meta property=\"og:image:height\" content=\"497\" \/>\n\t<meta property=\"og:image:type\" content=\"image\/jpeg\" \/>\n<meta name=\"author\" content=\"darka mazi\" \/>\n<meta name=\"twitter:card\" content=\"summary_large_image\" \/>\n<meta name=\"twitter:creator\" content=\"@DarkaMaziLatini\" \/>\n<meta name=\"twitter:site\" content=\"@DarkaMaziLatini\" \/>\n<meta name=\"twitter:label1\" content=\"Written by\" \/>\n\t<meta name=\"twitter:data1\" content=\"darka mazi\" \/>\n\t<meta name=\"twitter:label2\" content=\"Est. reading time\" \/>\n\t<meta name=\"twitter:data2\" content=\"1 minute\" \/>\n<script type=\"application\/ld+json\" class=\"seo-schema-graph\">{\"@context\":\"https:\\\/\\\/schema.org\",\"@graph\":[{\"@type\":\"Article\",\"@id\":\"https:\\\/\\\/darkamazi.info\\\/archives\\\/1017900#article\",\"isPartOf\":{\"@id\":\"https:\\\/\\\/darkamazi.info\\\/archives\\\/1017900\"},\"author\":{\"name\":\"darka mazi\",\"@id\":\"https:\\\/\\\/darkamazi.info\\\/#\\\/schema\\\/person\\\/5ad3e24553a0567993fa8ed4bd0a776c\"},\"headline\":\"Konsulxaneya Amer\u00eekay\u00ea sersax\u00ee da malbata p\u00ea\u015fmergey\u00ea \u015feh\u00eed\",\"datePublished\":\"2020-12-15T15:21:29+00:00\",\"mainEntityOfPage\":{\"@id\":\"https:\\\/\\\/darkamazi.info\\\/archives\\\/1017900\"},\"wordCount\":198,\"publisher\":{\"@id\":\"https:\\\/\\\/darkamazi.info\\\/#organization\"},\"image\":{\"@id\":\"https:\\\/\\\/darkamazi.info\\\/archives\\\/1017900#primaryimage\"},\"thumbnailUrl\":\"https:\\\/\\\/darkamazi.info\\\/darka-content\\\/uploads\\\/2020\\\/12\\\/\u067e\u06ce\u0634\u0645\u0647_\u0631\u06af\u0647_-\u0634\u0647_\u0647\u06cc\u062f-\u067e\u0647_\u0643\u0647_\u0643\u0647_-\u062a\u06cc\u0631\u06c6\u0631-1.jpg\",\"keywords\":[\"sereke\"],\"articleSection\":[\"Kurdistan\"],\"inLanguage\":\"en-US\"},{\"@type\":\"WebPage\",\"@id\":\"https:\\\/\\\/darkamazi.info\\\/archives\\\/1017900\",\"url\":\"https:\\\/\\\/darkamazi.info\\\/archives\\\/1017900\",\"name\":\"Konsulxaneya Amer\u00eekay\u00ea sersax\u00ee da malbata p\u00ea\u015fmergey\u00ea \u015feh\u00eed - Darka Maz\u00ee\",\"isPartOf\":{\"@id\":\"https:\\\/\\\/darkamazi.info\\\/#website\"},\"primaryImageOfPage\":{\"@id\":\"https:\\\/\\\/darkamazi.info\\\/archives\\\/1017900#primaryimage\"},\"image\":{\"@id\":\"https:\\\/\\\/darkamazi.info\\\/archives\\\/1017900#primaryimage\"},\"thumbnailUrl\":\"https:\\\/\\\/darkamazi.info\\\/darka-content\\\/uploads\\\/2020\\\/12\\\/\u067e\u06ce\u0634\u0645\u0647_\u0631\u06af\u0647_-\u0634\u0647_\u0647\u06cc\u062f-\u067e\u0647_\u0643\u0647_\u0643\u0647_-\u062a\u06cc\u0631\u06c6\u0631-1.jpg\",\"datePublished\":\"2020-12-15T15:21:29+00:00\",\"breadcrumb\":{\"@id\":\"https:\\\/\\\/darkamazi.info\\\/archives\\\/1017900#breadcrumb\"},\"inLanguage\":\"en-US\",\"potentialAction\":[{\"@type\":\"ReadAction\",\"target\":[\"https:\\\/\\\/darkamazi.info\\\/archives\\\/1017900\"]}]},{\"@type\":\"ImageObject\",\"inLanguage\":\"en-US\",\"@id\":\"https:\\\/\\\/darkamazi.info\\\/archives\\\/1017900#primaryimage\",\"url\":\"https:\\\/\\\/darkamazi.info\\\/darka-content\\\/uploads\\\/2020\\\/12\\\/\u067e\u06ce\u0634\u0645\u0647_\u0631\u06af\u0647_-\u0634\u0647_\u0647\u06cc\u062f-\u067e\u0647_\u0643\u0647_\u0643\u0647_-\u062a\u06cc\u0631\u06c6\u0631-1.jpg\",\"contentUrl\":\"https:\\\/\\\/darkamazi.info\\\/darka-content\\\/uploads\\\/2020\\\/12\\\/\u067e\u06ce\u0634\u0645\u0647_\u0631\u06af\u0647_-\u0634\u0647_\u0647\u06cc\u062f-\u067e\u0647_\u0643\u0647_\u0643\u0647_-\u062a\u06cc\u0631\u06c6\u0631-1.jpg\",\"width\":900,\"height\":497,\"caption\":\"Konsulxaneya Amer\u00eekay\u00ea sersax\u00ee da malbata p\u00ea\u015fmergey\u00ea \u015feh\u00eed\"},{\"@type\":\"BreadcrumbList\",\"@id\":\"https:\\\/\\\/darkamazi.info\\\/archives\\\/1017900#breadcrumb\",\"itemListElement\":[{\"@type\":\"ListItem\",\"position\":1,\"name\":\"Home\",\"item\":\"https:\\\/\\\/darkamazi.info\\\/\"},{\"@type\":\"ListItem\",\"position\":2,\"name\":\"Konsulxaneya Amer\u00eekay\u00ea sersax\u00ee da malbata p\u00ea\u015fmergey\u00ea \u015feh\u00eed\"}]},{\"@type\":\"WebSite\",\"@id\":\"https:\\\/\\\/darkamazi.info\\\/#website\",\"url\":\"https:\\\/\\\/darkamazi.info\\\/\",\"name\":\"Darka Maz\u00ee\",\"description\":\"P\u00eageha Zanyariy\u00ean Nebih\u00eest\u00ee\",\"publisher\":{\"@id\":\"https:\\\/\\\/darkamazi.info\\\/#organization\"},\"potentialAction\":[{\"@type\":\"SearchAction\",\"target\":{\"@type\":\"EntryPoint\",\"urlTemplate\":\"https:\\\/\\\/darkamazi.info\\\/?s={search_term_string}\"},\"query-input\":{\"@type\":\"PropertyValueSpecification\",\"valueRequired\":true,\"valueName\":\"search_term_string\"}}],\"inLanguage\":\"en-US\"},{\"@type\":\"Organization\",\"@id\":\"https:\\\/\\\/darkamazi.info\\\/#organization\",\"name\":\"Darka Maz\u00ee\",\"url\":\"https:\\\/\\\/darkamazi.info\\\/\",\"logo\":{\"@type\":\"ImageObject\",\"inLanguage\":\"en-US\",\"@id\":\"https:\\\/\\\/darkamazi.info\\\/#\\\/schema\\\/logo\\\/image\\\/\",\"url\":\"https:\\\/\\\/darkamazi.info\\\/darka-content\\\/uploads\\\/2017\\\/12\\\/darka-mazi-logo.png\",\"contentUrl\":\"https:\\\/\\\/darkamazi.info\\\/darka-content\\\/uploads\\\/2017\\\/12\\\/darka-mazi-logo.png\",\"width\":151,\"height\":75,\"caption\":\"Darka Maz\u00ee\"},\"image\":{\"@id\":\"https:\\\/\\\/darkamazi.info\\\/#\\\/schema\\\/logo\\\/image\\\/\"},\"sameAs\":[\"https:\\\/\\\/www.facebook.com\\\/DarMaziKurmanci\",\"https:\\\/\\\/x.com\\\/DarkaMaziLatini\",\"https:\\\/\\\/www.instagram.com\\\/darkamazi.kurmanci\\\/\",\"https:\\\/\\\/www.youtube.com\\\/channel\\\/UCa5HkTdmI8U1qCUFuTw8B2g\"]},{\"@type\":\"Person\",\"@id\":\"https:\\\/\\\/darkamazi.info\\\/#\\\/schema\\\/person\\\/5ad3e24553a0567993fa8ed4bd0a776c\",\"name\":\"darka mazi\",\"sameAs\":[\"https:\\\/\\\/darkamazi.info\\\/\"],\"url\":\"https:\\\/\\\/darkamazi.info\\\/archives\\\/author\\\/kurdi\"}]}<\/script>\n<!-- \/ Yoast SEO plugin. -->","seo_head_json":{"title":"Konsulxaneya Amer\u00eekay\u00ea sersax\u00ee da malbata p\u00ea\u015fmergey\u00ea \u015feh\u00eed - Darka Maz\u00ee","robots":{"index":"index","follow":"follow","max-snippet":"max-snippet:-1","max-image-preview":"max-image-preview:large","max-video-preview":"max-video-preview:-1"},"canonical":"https:\/\/darkamazi.info\/archives\/1017900","og_locale":"en_US","og_type":"article","og_title":"Konsulxaneya Amer\u00eekay\u00ea sersax\u00ee da malbata p\u00ea\u015fmergey\u00ea \u015feh\u00eed - Darka Maz\u00ee","og_description":"Konsulxaneya Gi\u015ft\u00ee ya Amer\u00eekay\u00ea ya li Hewl\u00ear\u00ea sersax\u00ee da malbata \u015eeh\u00eed P\u00ea\u015fmerge Ebdurehman Em\u00een, ku ji ber \u00ear\u00ee\u015fa \u00e7ekdar\u00ean PKK\u00ea, li devera Am\u00ead\u00ee \u015feh\u00eed b\u00fb. Konsulxaneya Amer\u00eekay\u00ea li ser hesab\u00ea xwe y\u00ea Twitter\u00ea ragihand: \u201cEm sersax\u00ee arastey\u00ee malbata Mulazim\u00ea Yekem Ebdurehman Em\u00een dikin ku di r\u00fbbir\u00fbb\u00fbnek\u00ea de ligel \u00e7ekdar\u00ean PKK\u00ea li n\u00eaz\u00eek\u00ee Am\u00ead\u00ee ya ser [&hellip;]","og_url":"https:\/\/darkamazi.info\/archives\/1017900","og_site_name":"Darka Maz\u00ee","article_publisher":"https:\/\/www.facebook.com\/DarMaziKurmanci","article_published_time":"2020-12-15T15:21:29+00:00","og_image":[{"width":900,"height":497,"url":"https:\/\/darkamazi.info\/file\/2020\/12\/\u067e\u06ce\u0634\u0645\u0647_\u0631\u06af\u0647_-\u0634\u0647_\u0647\u06cc\u062f-\u067e\u0647_\u0643\u0647_\u0643\u0647_-\u062a\u06cc\u0631\u06c6\u0631-1.jpg","type":"image\/jpeg"}],"author":"darka mazi","twitter_card":"summary_large_image","twitter_creator":"@DarkaMaziLatini","twitter_site":"@DarkaMaziLatini","twitter_misc":{"Written by":"darka mazi","Est. reading time":"1 minute"},"schema":{"@context":"https:\/\/schema.org","@graph":[{"@type":"Article","@id":"https:\/\/darkamazi.info\/archives\/1017900#article","isPartOf":{"@id":"https:\/\/darkamazi.info\/archives\/1017900"},"author":{"name":"darka mazi","@id":"https:\/\/darkamazi.info\/#\/schema\/person\/5ad3e24553a0567993fa8ed4bd0a776c"},"headline":"Konsulxaneya Amer\u00eekay\u00ea sersax\u00ee da malbata p\u00ea\u015fmergey\u00ea \u015feh\u00eed","datePublished":"2020-12-15T15:21:29+00:00","mainEntityOfPage":{"@id":"https:\/\/darkamazi.info\/archives\/1017900"},"wordCount":198,"publisher":{"@id":"https:\/\/darkamazi.info\/#organization"},"image":{"@id":"https:\/\/darkamazi.info\/archives\/1017900#primaryimage"},"thumbnailUrl":"https:\/\/darkamazi.info\/file\/2020\/12\/\u067e\u06ce\u0634\u0645\u0647_\u0631\u06af\u0647_-\u0634\u0647_\u0647\u06cc\u062f-\u067e\u0647_\u0643\u0647_\u0643\u0647_-\u062a\u06cc\u0631\u06c6\u0631-1.jpg","keywords":["sereke"],"articleSection":["Kurdistan"],"inLanguage":"en-US"},{"@type":"WebPage","@id":"https:\/\/darkamazi.info\/archives\/1017900","url":"https:\/\/darkamazi.info\/archives\/1017900","name":"Konsulxaneya Amer\u00eekay\u00ea sersax\u00ee da malbata p\u00ea\u015fmergey\u00ea \u015feh\u00eed - Darka Maz\u00ee","isPartOf":{"@id":"https:\/\/darkamazi.info\/#website"},"primaryImageOfPage":{"@id":"https:\/\/darkamazi.info\/archives\/1017900#primaryimage"},"image":{"@id":"https:\/\/darkamazi.info\/archives\/1017900#primaryimage"},"thumbnailUrl":"https:\/\/darkamazi.info\/file\/2020\/12\/\u067e\u06ce\u0634\u0645\u0647_\u0631\u06af\u0647_-\u0634\u0647_\u0647\u06cc\u062f-\u067e\u0647_\u0643\u0647_\u0643\u0647_-\u062a\u06cc\u0631\u06c6\u0631-1.jpg","datePublished":"2020-12-15T15:21:29+00:00","breadcrumb":{"@id":"https:\/\/darkamazi.info\/archives\/1017900#breadcrumb"},"inLanguage":"en-US","potentialAction":[{"@type":"ReadAction","target":["https:\/\/darkamazi.info\/archives\/1017900"]}]},{"@type":"ImageObject","inLanguage":"en-US","@id":"https:\/\/darkamazi.info\/archives\/1017900#primaryimage","url":"https:\/\/darkamazi.info\/file\/2020\/12\/\u067e\u06ce\u0634\u0645\u0647_\u0631\u06af\u0647_-\u0634\u0647_\u0647\u06cc\u062f-\u067e\u0647_\u0643\u0647_\u0643\u0647_-\u062a\u06cc\u0631\u06c6\u0631-1.jpg","contentUrl":"https:\/\/darkamazi.info\/file\/2020\/12\/\u067e\u06ce\u0634\u0645\u0647_\u0631\u06af\u0647_-\u0634\u0647_\u0647\u06cc\u062f-\u067e\u0647_\u0643\u0647_\u0643\u0647_-\u062a\u06cc\u0631\u06c6\u0631-1.jpg","width":900,"height":497,"caption":"Konsulxaneya Amer\u00eekay\u00ea sersax\u00ee da malbata p\u00ea\u015fmergey\u00ea \u015feh\u00eed"},{"@type":"BreadcrumbList","@id":"https:\/\/darkamazi.info\/archives\/1017900#breadcrumb","itemListElement":[{"@type":"ListItem","position":1,"name":"Home","item":"https:\/\/darkamazi.info\/"},{"@type":"ListItem","position":2,"name":"Konsulxaneya Amer\u00eekay\u00ea sersax\u00ee da malbata p\u00ea\u015fmergey\u00ea \u015feh\u00eed"}]},{"@type":"WebSite","@id":"https:\/\/darkamazi.info\/#website","url":"https:\/\/darkamazi.info\/","name":"Darka Maz\u00ee","description":"P\u00eageha Zanyariy\u00ean Nebih\u00eest\u00ee","publisher":{"@id":"https:\/\/darkamazi.info\/#organization"},"potentialAction":[{"@type":"SearchAction","target":{"@type":"EntryPoint","urlTemplate":"https:\/\/darkamazi.info\/?s={search_term_string}"},"query-input":{"@type":"PropertyValueSpecification","valueRequired":true,"valueName":"search_term_string"}}],"inLanguage":"en-US"},{"@type":"Organization","@id":"https:\/\/darkamazi.info\/#organization","name":"Darka Maz\u00ee","url":"https:\/\/darkamazi.info\/","logo":{"@type":"ImageObject","inLanguage":"en-US","@id":"https:\/\/darkamazi.info\/#\/schema\/logo\/image\/","url":"https:\/\/darkamazi.info\/file\/2017\/12\/darka-mazi-logo.png","contentUrl":"https:\/\/darkamazi.info\/file\/2017\/12\/darka-mazi-logo.png","width":151,"height":75,"caption":"Darka Maz\u00ee"},"image":{"@id":"https:\/\/darkamazi.info\/#\/schema\/logo\/image\/"},"sameAs":["https:\/\/www.facebook.com\/DarMaziKurmanci","https:\/\/x.com\/DarkaMaziLatini","https:\/\/www.instagram.com\/darkamazi.kurmanci\/","https:\/\/www.youtube.com\/channel\/UCa5HkTdmI8U1qCUFuTw8B2g"]},{"@type":"Person","@id":"https:\/\/darkamazi.info\/#\/schema\/person\/5ad3e24553a0567993fa8ed4bd0a776c","name":"darka mazi","sameAs":["https:\/\/darkamazi.info\/"],"url":"https:\/\/darkamazi.info\/archives\/author\/kurdi"}]}},"_links":{"self":[{"href":"https:\/\/darkamazi.info\/funavuv\/wp\/v2\/posts\/1017900","targetHints":{"allow":["GET"]}}],"collection":[{"href":"https:\/\/darkamazi.info\/funavuv\/wp\/v2\/posts"}],"about":[{"href":"https:\/\/darkamazi.info\/funavuv\/wp\/v2\/types\/post"}],"author":[{"embeddable":true,"href":"https:\/\/darkamazi.info\/funavuv\/wp\/v2\/users\/2"}],"replies":[{"embeddable":true,"href":"https:\/\/darkamazi.info\/funavuv\/wp\/v2\/comments?post=1017900"}],"version-history":[{"count":0,"href":"https:\/\/darkamazi.info\/funavuv\/wp\/v2\/posts\/1017900\/revisions"}],"wp:featuredmedia":[{"embeddable":true,"href":"https:\/\/darkamazi.info\/funavuv\/wp\/v2\/media\/1017901"}],"wp:attachment":[{"href":"https:\/\/darkamazi.info\/funavuv\/wp\/v2\/media?parent=1017900"}],"wp:term":[{"taxonomy":"category","embeddable":true,"href":"https:\/\/darkamazi.info\/funavuv\/wp\/v2\/categories?post=1017900"},{"taxonomy":"post_tag","embeddable":true,"href":"https:\/\/darkamazi.info\/funavuv\/wp\/v2\/tags?post=1017900"}],"curies":[{"name":"wp","href":"https:\/\/api.w.org\/{rel}","templated":true}]}}