{"id":1017927,"date":"2020-12-17T13:22:25","date_gmt":"2020-12-17T10:22:25","guid":{"rendered":"https:\/\/darkamazi.info\/?p=1017927"},"modified":"2020-12-17T13:22:25","modified_gmt":"2020-12-17T10:22:25","slug":"irane-iro-ciwaneke-kurd-bidarvekir","status":"publish","type":"post","link":"https:\/\/darkamazi.info\/archives\/1017927","title":{"rendered":"\u00ceran\u00ea \u00eero ciwanek\u00ea Kurd bidarvekir"},"content":{"rendered":"<h3 style=\"text-align: justify\"><span style=\"font-family: 'arial black', sans-serif\">Rej\u00eema \u00ceslam\u00ee a \u00ceran\u00ea, ser\u00ea sibeha \u00eero, ciwanek\u00ea Kurd li girt\u00eegeha navend\u00ee a bajar\u00ea Seqiz\u00ea \u00ea Rojhilata Kurdistan\u00ea bi darvekir.<\/span><\/h3>\n<h3 style=\"text-align: justify\">R\u00eaxistna Hengaw a maf\u00ean mirovan belav kir, \u00eero roja p\u00eanc\u015fem\u00ee 17\/12\/2020an, cezay\u00ea bidarvekirin\u00ea li ser ciwanek\u00ea Kurd ji bajar\u00ea Seqiz\u00ea, li girt\u00eegeha w\u00ee bajar\u00ee hat c\u00ee bi c\u00ee kirin.<\/h3>\n<h3 style=\"text-align: justify\">Dest n\u00ee\u015fan kir, ev ciwan bi nav\u00ea &#8220;Mihemed Murad\u00ee&#8221; ye, berya 5 salan ew li ser dosiyeka ku\u015ftina enqest hatib\u00fb bin \u00e7av kirin \u00fb \u00eero cezay\u00ea bi darvekirin\u00ea li ser hat c\u00ee bi c\u00ee kirin.<\/h3>\n<h3 style=\"text-align: justify\">Rej\u00eema \u00ceslam\u00ee a \u00ceran\u00ea di \u00eesal\u00ea de bi dehan ciwan\u00ean Kurd bi darve kirine, piran\u00ee j\u00ea li ser \u00e7alakiy\u00ean siyas\u00ee, endamet\u00eeya partiy\u00ean Kurdistan\u00ee \u00fb ku\u015ftina bi enqest t\u00ean bi darvekirin, r\u00eaxistn\u00ean maf\u00ean mirovan y\u00ean c\u00eehan\u00ea rej\u00eema \u00ceslam\u00ee bi tund\u00ee li ser dewam kirina darvekirin\u00ea li w\u00ee welat\u00ee rexne dikin \u00fb j\u00ea xwestine dev ji cezay\u00ea darvekirin\u00ea berde.<\/h3>\n","protected":false},"excerpt":{"rendered":"<p>Rej\u00eema \u00ceslam\u00ee a \u00ceran\u00ea, ser\u00ea sibeha \u00eero, ciwanek\u00ea Kurd li girt\u00eegeha navend\u00ee a bajar\u00ea Seqiz\u00ea \u00ea Rojhilata Kurdistan\u00ea bi darvekir. R\u00eaxistna Hengaw a maf\u00ean mirovan belav kir, \u00eero roja p\u00eanc\u015fem\u00ee 17\/12\/2020an, cezay\u00ea bidarvekirin\u00ea li ser ciwanek\u00ea Kurd ji bajar\u00ea Seqiz\u00ea, li girt\u00eegeha w\u00ee bajar\u00ee hat c\u00ee bi c\u00ee kirin. Dest n\u00ee\u015fan kir, ev ciwan bi [&hellip;]<\/p>\n","protected":false},"author":2,"featured_media":1017928,"comment_status":"closed","ping_status":"closed","sticky":false,"template":"","format":"standard","meta":{"footnotes":""},"categories":[29],"tags":[37],"class_list":["post-1017927","post","type-post","status-publish","format-standard","has-post-thumbnail","hentry","category-kurdistan","tag-sereke"],"blocksy_meta":[],"seo_head":"<!-- This site is optimized with the Yoast SEO plugin v27.5 - https:\/\/yoast.com\/product\/yoast-seo-wordpress\/ -->\n<title>\u00ceran\u00ea \u00eero ciwanek\u00ea Kurd bidarvekir - Darka Maz\u00ee<\/title>\n<meta name=\"robots\" content=\"index, follow, max-snippet:-1, max-image-preview:large, max-video-preview:-1\" \/>\n<link rel=\"canonical\" href=\"https:\/\/darkamazi.info\/archives\/1017927\" \/>\n<meta property=\"og:locale\" content=\"en_US\" \/>\n<meta property=\"og:type\" content=\"article\" \/>\n<meta property=\"og:title\" content=\"\u00ceran\u00ea \u00eero ciwanek\u00ea Kurd bidarvekir - Darka Maz\u00ee\" \/>\n<meta property=\"og:description\" content=\"Rej\u00eema \u00ceslam\u00ee a \u00ceran\u00ea, ser\u00ea sibeha \u00eero, ciwanek\u00ea Kurd li girt\u00eegeha navend\u00ee a bajar\u00ea Seqiz\u00ea \u00ea Rojhilata Kurdistan\u00ea bi darvekir. R\u00eaxistna Hengaw a maf\u00ean mirovan belav kir, \u00eero roja p\u00eanc\u015fem\u00ee 17\/12\/2020an, cezay\u00ea bidarvekirin\u00ea li ser ciwanek\u00ea Kurd ji bajar\u00ea Seqiz\u00ea, li girt\u00eegeha w\u00ee bajar\u00ee hat c\u00ee bi c\u00ee kirin. Dest n\u00ee\u015fan kir, ev ciwan bi [&hellip;]\" \/>\n<meta property=\"og:url\" content=\"https:\/\/darkamazi.info\/archives\/1017927\" \/>\n<meta property=\"og:site_name\" content=\"Darka Maz\u00ee\" \/>\n<meta property=\"article:publisher\" content=\"https:\/\/www.facebook.com\/DarMaziKurmanci\" \/>\n<meta property=\"article:published_time\" content=\"2020-12-17T10:22:25+00:00\" \/>\n<meta property=\"og:image\" content=\"https:\/\/darkamazi.info\/file\/2020\/12\/iran-execution-1.jpg\" \/>\n\t<meta property=\"og:image:width\" content=\"900\" \/>\n\t<meta property=\"og:image:height\" content=\"497\" \/>\n\t<meta property=\"og:image:type\" content=\"image\/jpeg\" \/>\n<meta name=\"author\" content=\"darka mazi\" \/>\n<meta name=\"twitter:card\" content=\"summary_large_image\" \/>\n<meta name=\"twitter:creator\" content=\"@DarkaMaziLatini\" \/>\n<meta name=\"twitter:site\" content=\"@DarkaMaziLatini\" \/>\n<meta name=\"twitter:label1\" content=\"Written by\" \/>\n\t<meta name=\"twitter:data1\" content=\"darka mazi\" \/>\n\t<meta name=\"twitter:label2\" content=\"Est. reading time\" \/>\n\t<meta name=\"twitter:data2\" content=\"1 minute\" \/>\n<script type=\"application\/ld+json\" class=\"seo-schema-graph\">{\"@context\":\"https:\\\/\\\/schema.org\",\"@graph\":[{\"@type\":\"Article\",\"@id\":\"https:\\\/\\\/darkamazi.info\\\/archives\\\/1017927#article\",\"isPartOf\":{\"@id\":\"https:\\\/\\\/darkamazi.info\\\/archives\\\/1017927\"},\"author\":{\"name\":\"darka mazi\",\"@id\":\"https:\\\/\\\/darkamazi.info\\\/#\\\/schema\\\/person\\\/5ad3e24553a0567993fa8ed4bd0a776c\"},\"headline\":\"\u00ceran\u00ea \u00eero ciwanek\u00ea Kurd bidarvekir\",\"datePublished\":\"2020-12-17T10:22:25+00:00\",\"mainEntityOfPage\":{\"@id\":\"https:\\\/\\\/darkamazi.info\\\/archives\\\/1017927\"},\"wordCount\":163,\"publisher\":{\"@id\":\"https:\\\/\\\/darkamazi.info\\\/#organization\"},\"image\":{\"@id\":\"https:\\\/\\\/darkamazi.info\\\/archives\\\/1017927#primaryimage\"},\"thumbnailUrl\":\"https:\\\/\\\/darkamazi.info\\\/darka-content\\\/uploads\\\/2020\\\/12\\\/iran-execution-1.jpg\",\"keywords\":[\"sereke\"],\"articleSection\":[\"Kurdistan\"],\"inLanguage\":\"en-US\"},{\"@type\":\"WebPage\",\"@id\":\"https:\\\/\\\/darkamazi.info\\\/archives\\\/1017927\",\"url\":\"https:\\\/\\\/darkamazi.info\\\/archives\\\/1017927\",\"name\":\"\u00ceran\u00ea \u00eero ciwanek\u00ea Kurd bidarvekir - Darka Maz\u00ee\",\"isPartOf\":{\"@id\":\"https:\\\/\\\/darkamazi.info\\\/#website\"},\"primaryImageOfPage\":{\"@id\":\"https:\\\/\\\/darkamazi.info\\\/archives\\\/1017927#primaryimage\"},\"image\":{\"@id\":\"https:\\\/\\\/darkamazi.info\\\/archives\\\/1017927#primaryimage\"},\"thumbnailUrl\":\"https:\\\/\\\/darkamazi.info\\\/darka-content\\\/uploads\\\/2020\\\/12\\\/iran-execution-1.jpg\",\"datePublished\":\"2020-12-17T10:22:25+00:00\",\"breadcrumb\":{\"@id\":\"https:\\\/\\\/darkamazi.info\\\/archives\\\/1017927#breadcrumb\"},\"inLanguage\":\"en-US\",\"potentialAction\":[{\"@type\":\"ReadAction\",\"target\":[\"https:\\\/\\\/darkamazi.info\\\/archives\\\/1017927\"]}]},{\"@type\":\"ImageObject\",\"inLanguage\":\"en-US\",\"@id\":\"https:\\\/\\\/darkamazi.info\\\/archives\\\/1017927#primaryimage\",\"url\":\"https:\\\/\\\/darkamazi.info\\\/darka-content\\\/uploads\\\/2020\\\/12\\\/iran-execution-1.jpg\",\"contentUrl\":\"https:\\\/\\\/darkamazi.info\\\/darka-content\\\/uploads\\\/2020\\\/12\\\/iran-execution-1.jpg\",\"width\":900,\"height\":497,\"caption\":\"\u00ceran\u00ea \u00eero Ciwanek\u00ea Kurd bi darvekir\"},{\"@type\":\"BreadcrumbList\",\"@id\":\"https:\\\/\\\/darkamazi.info\\\/archives\\\/1017927#breadcrumb\",\"itemListElement\":[{\"@type\":\"ListItem\",\"position\":1,\"name\":\"Home\",\"item\":\"https:\\\/\\\/darkamazi.info\\\/\"},{\"@type\":\"ListItem\",\"position\":2,\"name\":\"\u00ceran\u00ea \u00eero ciwanek\u00ea Kurd bidarvekir\"}]},{\"@type\":\"WebSite\",\"@id\":\"https:\\\/\\\/darkamazi.info\\\/#website\",\"url\":\"https:\\\/\\\/darkamazi.info\\\/\",\"name\":\"Darka Maz\u00ee\",\"description\":\"P\u00eageha Zanyariy\u00ean Nebih\u00eest\u00ee\",\"publisher\":{\"@id\":\"https:\\\/\\\/darkamazi.info\\\/#organization\"},\"potentialAction\":[{\"@type\":\"SearchAction\",\"target\":{\"@type\":\"EntryPoint\",\"urlTemplate\":\"https:\\\/\\\/darkamazi.info\\\/?s={search_term_string}\"},\"query-input\":{\"@type\":\"PropertyValueSpecification\",\"valueRequired\":true,\"valueName\":\"search_term_string\"}}],\"inLanguage\":\"en-US\"},{\"@type\":\"Organization\",\"@id\":\"https:\\\/\\\/darkamazi.info\\\/#organization\",\"name\":\"Darka Maz\u00ee\",\"url\":\"https:\\\/\\\/darkamazi.info\\\/\",\"logo\":{\"@type\":\"ImageObject\",\"inLanguage\":\"en-US\",\"@id\":\"https:\\\/\\\/darkamazi.info\\\/#\\\/schema\\\/logo\\\/image\\\/\",\"url\":\"https:\\\/\\\/darkamazi.info\\\/darka-content\\\/uploads\\\/2017\\\/12\\\/darka-mazi-logo.png\",\"contentUrl\":\"https:\\\/\\\/darkamazi.info\\\/darka-content\\\/uploads\\\/2017\\\/12\\\/darka-mazi-logo.png\",\"width\":151,\"height\":75,\"caption\":\"Darka Maz\u00ee\"},\"image\":{\"@id\":\"https:\\\/\\\/darkamazi.info\\\/#\\\/schema\\\/logo\\\/image\\\/\"},\"sameAs\":[\"https:\\\/\\\/www.facebook.com\\\/DarMaziKurmanci\",\"https:\\\/\\\/x.com\\\/DarkaMaziLatini\",\"https:\\\/\\\/www.instagram.com\\\/darkamazi.kurmanci\\\/\",\"https:\\\/\\\/www.youtube.com\\\/channel\\\/UCa5HkTdmI8U1qCUFuTw8B2g\"]},{\"@type\":\"Person\",\"@id\":\"https:\\\/\\\/darkamazi.info\\\/#\\\/schema\\\/person\\\/5ad3e24553a0567993fa8ed4bd0a776c\",\"name\":\"darka mazi\",\"sameAs\":[\"https:\\\/\\\/darkamazi.info\\\/\"],\"url\":\"https:\\\/\\\/darkamazi.info\\\/archives\\\/author\\\/kurdi\"}]}<\/script>\n<!-- \/ Yoast SEO plugin. -->","seo_head_json":{"title":"\u00ceran\u00ea \u00eero ciwanek\u00ea Kurd bidarvekir - Darka Maz\u00ee","robots":{"index":"index","follow":"follow","max-snippet":"max-snippet:-1","max-image-preview":"max-image-preview:large","max-video-preview":"max-video-preview:-1"},"canonical":"https:\/\/darkamazi.info\/archives\/1017927","og_locale":"en_US","og_type":"article","og_title":"\u00ceran\u00ea \u00eero ciwanek\u00ea Kurd bidarvekir - Darka Maz\u00ee","og_description":"Rej\u00eema \u00ceslam\u00ee a \u00ceran\u00ea, ser\u00ea sibeha \u00eero, ciwanek\u00ea Kurd li girt\u00eegeha navend\u00ee a bajar\u00ea Seqiz\u00ea \u00ea Rojhilata Kurdistan\u00ea bi darvekir. R\u00eaxistna Hengaw a maf\u00ean mirovan belav kir, \u00eero roja p\u00eanc\u015fem\u00ee 17\/12\/2020an, cezay\u00ea bidarvekirin\u00ea li ser ciwanek\u00ea Kurd ji bajar\u00ea Seqiz\u00ea, li girt\u00eegeha w\u00ee bajar\u00ee hat c\u00ee bi c\u00ee kirin. Dest n\u00ee\u015fan kir, ev ciwan bi [&hellip;]","og_url":"https:\/\/darkamazi.info\/archives\/1017927","og_site_name":"Darka Maz\u00ee","article_publisher":"https:\/\/www.facebook.com\/DarMaziKurmanci","article_published_time":"2020-12-17T10:22:25+00:00","og_image":[{"width":900,"height":497,"url":"https:\/\/darkamazi.info\/file\/2020\/12\/iran-execution-1.jpg","type":"image\/jpeg"}],"author":"darka mazi","twitter_card":"summary_large_image","twitter_creator":"@DarkaMaziLatini","twitter_site":"@DarkaMaziLatini","twitter_misc":{"Written by":"darka mazi","Est. reading time":"1 minute"},"schema":{"@context":"https:\/\/schema.org","@graph":[{"@type":"Article","@id":"https:\/\/darkamazi.info\/archives\/1017927#article","isPartOf":{"@id":"https:\/\/darkamazi.info\/archives\/1017927"},"author":{"name":"darka mazi","@id":"https:\/\/darkamazi.info\/#\/schema\/person\/5ad3e24553a0567993fa8ed4bd0a776c"},"headline":"\u00ceran\u00ea \u00eero ciwanek\u00ea Kurd bidarvekir","datePublished":"2020-12-17T10:22:25+00:00","mainEntityOfPage":{"@id":"https:\/\/darkamazi.info\/archives\/1017927"},"wordCount":163,"publisher":{"@id":"https:\/\/darkamazi.info\/#organization"},"image":{"@id":"https:\/\/darkamazi.info\/archives\/1017927#primaryimage"},"thumbnailUrl":"https:\/\/darkamazi.info\/file\/2020\/12\/iran-execution-1.jpg","keywords":["sereke"],"articleSection":["Kurdistan"],"inLanguage":"en-US"},{"@type":"WebPage","@id":"https:\/\/darkamazi.info\/archives\/1017927","url":"https:\/\/darkamazi.info\/archives\/1017927","name":"\u00ceran\u00ea \u00eero ciwanek\u00ea Kurd bidarvekir - Darka Maz\u00ee","isPartOf":{"@id":"https:\/\/darkamazi.info\/#website"},"primaryImageOfPage":{"@id":"https:\/\/darkamazi.info\/archives\/1017927#primaryimage"},"image":{"@id":"https:\/\/darkamazi.info\/archives\/1017927#primaryimage"},"thumbnailUrl":"https:\/\/darkamazi.info\/file\/2020\/12\/iran-execution-1.jpg","datePublished":"2020-12-17T10:22:25+00:00","breadcrumb":{"@id":"https:\/\/darkamazi.info\/archives\/1017927#breadcrumb"},"inLanguage":"en-US","potentialAction":[{"@type":"ReadAction","target":["https:\/\/darkamazi.info\/archives\/1017927"]}]},{"@type":"ImageObject","inLanguage":"en-US","@id":"https:\/\/darkamazi.info\/archives\/1017927#primaryimage","url":"https:\/\/darkamazi.info\/file\/2020\/12\/iran-execution-1.jpg","contentUrl":"https:\/\/darkamazi.info\/file\/2020\/12\/iran-execution-1.jpg","width":900,"height":497,"caption":"\u00ceran\u00ea \u00eero Ciwanek\u00ea Kurd bi darvekir"},{"@type":"BreadcrumbList","@id":"https:\/\/darkamazi.info\/archives\/1017927#breadcrumb","itemListElement":[{"@type":"ListItem","position":1,"name":"Home","item":"https:\/\/darkamazi.info\/"},{"@type":"ListItem","position":2,"name":"\u00ceran\u00ea \u00eero ciwanek\u00ea Kurd bidarvekir"}]},{"@type":"WebSite","@id":"https:\/\/darkamazi.info\/#website","url":"https:\/\/darkamazi.info\/","name":"Darka Maz\u00ee","description":"P\u00eageha Zanyariy\u00ean Nebih\u00eest\u00ee","publisher":{"@id":"https:\/\/darkamazi.info\/#organization"},"potentialAction":[{"@type":"SearchAction","target":{"@type":"EntryPoint","urlTemplate":"https:\/\/darkamazi.info\/?s={search_term_string}"},"query-input":{"@type":"PropertyValueSpecification","valueRequired":true,"valueName":"search_term_string"}}],"inLanguage":"en-US"},{"@type":"Organization","@id":"https:\/\/darkamazi.info\/#organization","name":"Darka Maz\u00ee","url":"https:\/\/darkamazi.info\/","logo":{"@type":"ImageObject","inLanguage":"en-US","@id":"https:\/\/darkamazi.info\/#\/schema\/logo\/image\/","url":"https:\/\/darkamazi.info\/file\/2017\/12\/darka-mazi-logo.png","contentUrl":"https:\/\/darkamazi.info\/file\/2017\/12\/darka-mazi-logo.png","width":151,"height":75,"caption":"Darka Maz\u00ee"},"image":{"@id":"https:\/\/darkamazi.info\/#\/schema\/logo\/image\/"},"sameAs":["https:\/\/www.facebook.com\/DarMaziKurmanci","https:\/\/x.com\/DarkaMaziLatini","https:\/\/www.instagram.com\/darkamazi.kurmanci\/","https:\/\/www.youtube.com\/channel\/UCa5HkTdmI8U1qCUFuTw8B2g"]},{"@type":"Person","@id":"https:\/\/darkamazi.info\/#\/schema\/person\/5ad3e24553a0567993fa8ed4bd0a776c","name":"darka mazi","sameAs":["https:\/\/darkamazi.info\/"],"url":"https:\/\/darkamazi.info\/archives\/author\/kurdi"}]}},"_links":{"self":[{"href":"https:\/\/darkamazi.info\/funavuv\/wp\/v2\/posts\/1017927","targetHints":{"allow":["GET"]}}],"collection":[{"href":"https:\/\/darkamazi.info\/funavuv\/wp\/v2\/posts"}],"about":[{"href":"https:\/\/darkamazi.info\/funavuv\/wp\/v2\/types\/post"}],"author":[{"embeddable":true,"href":"https:\/\/darkamazi.info\/funavuv\/wp\/v2\/users\/2"}],"replies":[{"embeddable":true,"href":"https:\/\/darkamazi.info\/funavuv\/wp\/v2\/comments?post=1017927"}],"version-history":[{"count":0,"href":"https:\/\/darkamazi.info\/funavuv\/wp\/v2\/posts\/1017927\/revisions"}],"wp:featuredmedia":[{"embeddable":true,"href":"https:\/\/darkamazi.info\/funavuv\/wp\/v2\/media\/1017928"}],"wp:attachment":[{"href":"https:\/\/darkamazi.info\/funavuv\/wp\/v2\/media?parent=1017927"}],"wp:term":[{"taxonomy":"category","embeddable":true,"href":"https:\/\/darkamazi.info\/funavuv\/wp\/v2\/categories?post=1017927"},{"taxonomy":"post_tag","embeddable":true,"href":"https:\/\/darkamazi.info\/funavuv\/wp\/v2\/tags?post=1017927"}],"curies":[{"name":"wp","href":"https:\/\/api.w.org\/{rel}","templated":true}]}}