{"id":1017946,"date":"2020-12-17T21:18:54","date_gmt":"2020-12-17T18:18:54","guid":{"rendered":"https:\/\/darkamazi.info\/?p=1017946"},"modified":"2020-12-17T21:18:54","modified_gmt":"2020-12-17T18:18:54","slug":"hereketa-azadi-em-bi-ti-awayi-erisen-hember-basure-kurdistane-qebul-nakin","status":"publish","type":"post","link":"https:\/\/darkamazi.info\/archives\/1017946","title":{"rendered":"Hereketa Azad\u00ee: Em bi ti away\u00ee \u00ear\u00ee\u015f\u00ean hember ba\u015f\u00fbr\u00ea Kurdistan\u00ea qeb\u00fbl nakin"},"content":{"rendered":"<h3 style=\"text-align: justify\"><span style=\"font-family: 'arial black', sans-serif\">Li Diyarbekir\u00ea ji aliy\u00ea Hereketa Azad\u00ee \u00fb Ciwan\u00ean Netewey\u00ee y\u00ean Kurdistan\u00ea ve civ\u00eeneke \u00e7apemeniy\u00ea hat li darxistin ku hem Roja Ala Kurdistan\u00ea hat p\u00eerozkirin, hem j\u00ee \u00ear\u00ee\u015f\u00ean ku hember ba\u015f\u00fbr\u00ea Kurdistan\u00ea t\u00ean kirin j\u00ee hatin \u015fermezarkirin.<\/span><\/h3>\n<h3 style=\"text-align: justify\">Hereketa Azad\u00ee \u00fb Ciwan\u00ean Netewey\u00ee Y\u00ean Kurdistan\u00ea li Diyarbekir\u00ea derbar\u00ea mijar\u00ean sereke y\u00ean Kurdistan\u00ea de civ\u00eenek \u00e7apemeniy\u00ea li dar xistin.<\/h3>\n<h3 style=\"text-align: justify\">Di civ\u00een\u00ea de 17\u00ea Kan\u00fbn\u00ea Roja Ala Kurdistan\u00ea hat p\u00eerozkirin \u00fb derbar\u00ea \u00ear\u00ee\u015f\u00ean PKK \u00fb YPG\u00ea de hat amajekirin ku nay\u00ea qeb\u00fblkirin axa bi keda Kurdan hat\u00ee azadkirin rast\u00ee \u00ear\u00ee\u015f\u00ean ku xizmeta x\u00earnexwaz\u00ean Kurdistan\u00ea dike b\u00ea.<\/h3>\n<h3 style=\"text-align: justify\">Sekreter\u00ea Hereketa Azad\u00ee Met\u00een P\u00eeran\u00ee dib\u00eaje ji dema li ku dera c\u00eehan\u00ea be bila bibe Kurd ketine tengasiy\u00ea ji ba\u015f\u00fbr\u00ea Kurdistan\u00ea dest\u00ea al\u00eekariy\u00ea dir\u00eaj b\u00fbye \u00fb ti\u015ft\u00ea t\u00ea kirin zirareke mezin dide hem\u00fb Kurdan.<\/h3>\n<h3 style=\"text-align: justify\">Met\u00een P\u00eeran\u00ee ji Kurdistan24\u00ea re ragihand: \u201cYPG dib\u00eaje ew parastina xaka S\u00fbr\u00ee dikin \u00fb dib\u00eajin ew partiyeke Suriyey\u00ee ne \u00fb radibin \u00ear\u00ee\u015f\u00ee xaka Kurdistan\u00ea dike. Bila Kobaniy\u00ea b\u00eenin b\u00eera xwe. Dema ku ketib\u00fbn tengasiy\u00ea P\u00ea\u015fmerge \u00e7\u00fb al\u00eekariya wan \u00fb bi hev re Koban\u00ea rizgar kirin.\u201d<\/h3>\n<h3 style=\"text-align: justify\">Di civ\u00eena \u00e7apemeniy\u00ea ya Hereketa Azad\u00ee de \u00e7avd\u00ear\u00ean siyas\u00ee j\u00ee be\u015fdar b\u00fbn \u00fb bal k\u00ea\u015fandin ser Roja Ala Kurdistan\u00ea \u00fb \u00ear\u00ee\u015f\u00ean PKK \u00fb YPG\u00ea y\u00ean ser ba\u015f\u00fbr\u00ea Kurdistan\u00ea \u00fb p\u00ea\u015fmergeyan.<\/h3>\n<h3 style=\"text-align: justify\">\u00c7avd\u00ear\u00ea Siyas\u00ee Mehmet Ek\u00eenc\u00ee an\u00ee zim\u00ean ku watedar e rojek beriya Roja Ala Kurdistan\u00ea \u00ear\u00ee\u015f\u00ee nirx\u00ean netewey\u00ee y\u00ean Kurdan t\u00ea kirin ku ev yek n\u00ee\u015fan dide di pi\u015ft \u00ear\u00ee\u015fan de k\u00eejan h\u00eaz heye.<\/h3>\n<h3 style=\"text-align: justify\">Mehmet Ek\u00eenc\u00ee diyar kir: \u201cEz Roja Ala Kurdistan\u00ea li hem\u00fb Kurdan p\u00eeroz dikim. H\u00eav\u00ee dikim gel\u00ea Kurd di bin\u00ea w\u00ea alay\u00ea de serkeft\u00ee be. PKK d\u00eeroka Kurdan \u00eenkar dike, serok\u00ean Kurdan \u00eenkar dike \u00fb Ala Kurdistan\u00ea \u00eenkar dike. Ji bil\u00ee xwe ti kesek din nas nake.\u201d<\/h3>\n<h3 style=\"text-align: justify\">Ciwan\u00ean ku tevl\u00ee civ\u00eena \u00e7apemeniy\u00ea b\u00fbn j\u00ee amaje kirin ku nirx\u00ean netewey\u00ee y\u00ean Kurdistan\u00ea ne nirx\u00ean aliyek \u00fb partiyek ten\u00ea ne \u00fb dema \u00ear\u00ee\u015f li nirx\u00ean netewey\u00ee y\u00ean wek P\u00ea\u015fmerge, ax \u00fb Ala Kurdistan\u00ea t\u00ean kirin k\u00ee kiribe bila bike ev yek t\u00ea w\u00ea watey\u00ea ku \u00ear\u00ee\u015f\u00ee hemu Kurdan hatiye kirin.<\/h3>\n","protected":false},"excerpt":{"rendered":"<p>Li Diyarbekir\u00ea ji aliy\u00ea Hereketa Azad\u00ee \u00fb Ciwan\u00ean Netewey\u00ee y\u00ean Kurdistan\u00ea ve civ\u00eeneke \u00e7apemeniy\u00ea hat li darxistin ku hem Roja Ala Kurdistan\u00ea hat p\u00eerozkirin, hem j\u00ee \u00ear\u00ee\u015f\u00ean ku hember ba\u015f\u00fbr\u00ea Kurdistan\u00ea t\u00ean kirin j\u00ee hatin \u015fermezarkirin. Hereketa Azad\u00ee \u00fb Ciwan\u00ean Netewey\u00ee Y\u00ean Kurdistan\u00ea li Diyarbekir\u00ea derbar\u00ea mijar\u00ean sereke y\u00ean Kurdistan\u00ea de civ\u00eenek \u00e7apemeniy\u00ea li dar [&hellip;]<\/p>\n","protected":false},"author":2,"featured_media":1017947,"comment_status":"closed","ping_status":"closed","sticky":false,"template":"","format":"standard","meta":{"footnotes":""},"categories":[29],"tags":[37],"class_list":["post-1017946","post","type-post","status-publish","format-standard","has-post-thumbnail","hentry","category-kurdistan","tag-sereke"],"blocksy_meta":[],"seo_head":"<!-- This site is optimized with the Yoast SEO plugin v27.5 - https:\/\/yoast.com\/product\/yoast-seo-wordpress\/ -->\n<title>Hereketa Azad\u00ee: Em bi ti away\u00ee \u00ear\u00ee\u015f\u00ean hember ba\u015f\u00fbr\u00ea Kurdistan\u00ea qeb\u00fbl nakin - Darka Maz\u00ee<\/title>\n<meta name=\"robots\" content=\"index, follow, max-snippet:-1, max-image-preview:large, max-video-preview:-1\" \/>\n<link rel=\"canonical\" href=\"https:\/\/darkamazi.info\/archives\/1017946\" \/>\n<meta property=\"og:locale\" content=\"en_US\" \/>\n<meta property=\"og:type\" content=\"article\" \/>\n<meta property=\"og:title\" content=\"Hereketa Azad\u00ee: Em bi ti away\u00ee \u00ear\u00ee\u015f\u00ean hember ba\u015f\u00fbr\u00ea Kurdistan\u00ea qeb\u00fbl nakin - Darka Maz\u00ee\" \/>\n<meta property=\"og:description\" content=\"Li Diyarbekir\u00ea ji aliy\u00ea Hereketa Azad\u00ee \u00fb Ciwan\u00ean Netewey\u00ee y\u00ean Kurdistan\u00ea ve civ\u00eeneke \u00e7apemeniy\u00ea hat li darxistin ku hem Roja Ala Kurdistan\u00ea hat p\u00eerozkirin, hem j\u00ee \u00ear\u00ee\u015f\u00ean ku hember ba\u015f\u00fbr\u00ea Kurdistan\u00ea t\u00ean kirin j\u00ee hatin \u015fermezarkirin. Hereketa Azad\u00ee \u00fb Ciwan\u00ean Netewey\u00ee Y\u00ean Kurdistan\u00ea li Diyarbekir\u00ea derbar\u00ea mijar\u00ean sereke y\u00ean Kurdistan\u00ea de civ\u00eenek \u00e7apemeniy\u00ea li dar [&hellip;]\" \/>\n<meta property=\"og:url\" content=\"https:\/\/darkamazi.info\/archives\/1017946\" \/>\n<meta property=\"og:site_name\" content=\"Darka Maz\u00ee\" \/>\n<meta property=\"article:publisher\" content=\"https:\/\/www.facebook.com\/DarMaziKurmanci\" \/>\n<meta property=\"article:published_time\" content=\"2020-12-17T18:18:54+00:00\" \/>\n<meta property=\"og:image\" content=\"https:\/\/darkamazi.info\/file\/2020\/12\/hereketa-azadi-bakur.jpg\" \/>\n\t<meta property=\"og:image:width\" content=\"822\" \/>\n\t<meta property=\"og:image:height\" content=\"454\" \/>\n\t<meta property=\"og:image:type\" content=\"image\/jpeg\" \/>\n<meta name=\"author\" content=\"darka mazi\" \/>\n<meta name=\"twitter:card\" content=\"summary_large_image\" \/>\n<meta name=\"twitter:creator\" content=\"@DarkaMaziLatini\" \/>\n<meta name=\"twitter:site\" content=\"@DarkaMaziLatini\" \/>\n<meta name=\"twitter:label1\" content=\"Written by\" \/>\n\t<meta name=\"twitter:data1\" content=\"darka mazi\" \/>\n\t<meta name=\"twitter:label2\" content=\"Est. reading time\" \/>\n\t<meta name=\"twitter:data2\" content=\"2 minutes\" \/>\n<script type=\"application\/ld+json\" class=\"seo-schema-graph\">{\"@context\":\"https:\\\/\\\/schema.org\",\"@graph\":[{\"@type\":\"Article\",\"@id\":\"https:\\\/\\\/darkamazi.info\\\/archives\\\/1017946#article\",\"isPartOf\":{\"@id\":\"https:\\\/\\\/darkamazi.info\\\/archives\\\/1017946\"},\"author\":{\"name\":\"darka mazi\",\"@id\":\"https:\\\/\\\/darkamazi.info\\\/#\\\/schema\\\/person\\\/5ad3e24553a0567993fa8ed4bd0a776c\"},\"headline\":\"Hereketa Azad\u00ee: Em bi ti away\u00ee \u00ear\u00ee\u015f\u00ean hember ba\u015f\u00fbr\u00ea Kurdistan\u00ea qeb\u00fbl nakin\",\"datePublished\":\"2020-12-17T18:18:54+00:00\",\"mainEntityOfPage\":{\"@id\":\"https:\\\/\\\/darkamazi.info\\\/archives\\\/1017946\"},\"wordCount\":402,\"publisher\":{\"@id\":\"https:\\\/\\\/darkamazi.info\\\/#organization\"},\"image\":{\"@id\":\"https:\\\/\\\/darkamazi.info\\\/archives\\\/1017946#primaryimage\"},\"thumbnailUrl\":\"https:\\\/\\\/darkamazi.info\\\/darka-content\\\/uploads\\\/2020\\\/12\\\/hereketa-azadi-bakur.jpg\",\"keywords\":[\"sereke\"],\"articleSection\":[\"Kurdistan\"],\"inLanguage\":\"en-US\"},{\"@type\":\"WebPage\",\"@id\":\"https:\\\/\\\/darkamazi.info\\\/archives\\\/1017946\",\"url\":\"https:\\\/\\\/darkamazi.info\\\/archives\\\/1017946\",\"name\":\"Hereketa Azad\u00ee: Em bi ti away\u00ee \u00ear\u00ee\u015f\u00ean hember ba\u015f\u00fbr\u00ea Kurdistan\u00ea qeb\u00fbl nakin - Darka Maz\u00ee\",\"isPartOf\":{\"@id\":\"https:\\\/\\\/darkamazi.info\\\/#website\"},\"primaryImageOfPage\":{\"@id\":\"https:\\\/\\\/darkamazi.info\\\/archives\\\/1017946#primaryimage\"},\"image\":{\"@id\":\"https:\\\/\\\/darkamazi.info\\\/archives\\\/1017946#primaryimage\"},\"thumbnailUrl\":\"https:\\\/\\\/darkamazi.info\\\/darka-content\\\/uploads\\\/2020\\\/12\\\/hereketa-azadi-bakur.jpg\",\"datePublished\":\"2020-12-17T18:18:54+00:00\",\"breadcrumb\":{\"@id\":\"https:\\\/\\\/darkamazi.info\\\/archives\\\/1017946#breadcrumb\"},\"inLanguage\":\"en-US\",\"potentialAction\":[{\"@type\":\"ReadAction\",\"target\":[\"https:\\\/\\\/darkamazi.info\\\/archives\\\/1017946\"]}]},{\"@type\":\"ImageObject\",\"inLanguage\":\"en-US\",\"@id\":\"https:\\\/\\\/darkamazi.info\\\/archives\\\/1017946#primaryimage\",\"url\":\"https:\\\/\\\/darkamazi.info\\\/darka-content\\\/uploads\\\/2020\\\/12\\\/hereketa-azadi-bakur.jpg\",\"contentUrl\":\"https:\\\/\\\/darkamazi.info\\\/darka-content\\\/uploads\\\/2020\\\/12\\\/hereketa-azadi-bakur.jpg\",\"width\":822,\"height\":454,\"caption\":\"Hereketa Azad\u00ee: Em bi ti away\u00ee \u00ear\u00ee\u015f\u00ean hember ba\u015f\u00fbr\u00ea Kurdistan\u00ea qeb\u00fbl nakin\"},{\"@type\":\"BreadcrumbList\",\"@id\":\"https:\\\/\\\/darkamazi.info\\\/archives\\\/1017946#breadcrumb\",\"itemListElement\":[{\"@type\":\"ListItem\",\"position\":1,\"name\":\"Home\",\"item\":\"https:\\\/\\\/darkamazi.info\\\/\"},{\"@type\":\"ListItem\",\"position\":2,\"name\":\"Hereketa Azad\u00ee: Em bi ti away\u00ee \u00ear\u00ee\u015f\u00ean hember ba\u015f\u00fbr\u00ea Kurdistan\u00ea qeb\u00fbl nakin\"}]},{\"@type\":\"WebSite\",\"@id\":\"https:\\\/\\\/darkamazi.info\\\/#website\",\"url\":\"https:\\\/\\\/darkamazi.info\\\/\",\"name\":\"Darka Maz\u00ee\",\"description\":\"P\u00eageha Zanyariy\u00ean Nebih\u00eest\u00ee\",\"publisher\":{\"@id\":\"https:\\\/\\\/darkamazi.info\\\/#organization\"},\"potentialAction\":[{\"@type\":\"SearchAction\",\"target\":{\"@type\":\"EntryPoint\",\"urlTemplate\":\"https:\\\/\\\/darkamazi.info\\\/?s={search_term_string}\"},\"query-input\":{\"@type\":\"PropertyValueSpecification\",\"valueRequired\":true,\"valueName\":\"search_term_string\"}}],\"inLanguage\":\"en-US\"},{\"@type\":\"Organization\",\"@id\":\"https:\\\/\\\/darkamazi.info\\\/#organization\",\"name\":\"Darka Maz\u00ee\",\"url\":\"https:\\\/\\\/darkamazi.info\\\/\",\"logo\":{\"@type\":\"ImageObject\",\"inLanguage\":\"en-US\",\"@id\":\"https:\\\/\\\/darkamazi.info\\\/#\\\/schema\\\/logo\\\/image\\\/\",\"url\":\"https:\\\/\\\/darkamazi.info\\\/darka-content\\\/uploads\\\/2017\\\/12\\\/darka-mazi-logo.png\",\"contentUrl\":\"https:\\\/\\\/darkamazi.info\\\/darka-content\\\/uploads\\\/2017\\\/12\\\/darka-mazi-logo.png\",\"width\":151,\"height\":75,\"caption\":\"Darka Maz\u00ee\"},\"image\":{\"@id\":\"https:\\\/\\\/darkamazi.info\\\/#\\\/schema\\\/logo\\\/image\\\/\"},\"sameAs\":[\"https:\\\/\\\/www.facebook.com\\\/DarMaziKurmanci\",\"https:\\\/\\\/x.com\\\/DarkaMaziLatini\",\"https:\\\/\\\/www.instagram.com\\\/darkamazi.kurmanci\\\/\",\"https:\\\/\\\/www.youtube.com\\\/channel\\\/UCa5HkTdmI8U1qCUFuTw8B2g\"]},{\"@type\":\"Person\",\"@id\":\"https:\\\/\\\/darkamazi.info\\\/#\\\/schema\\\/person\\\/5ad3e24553a0567993fa8ed4bd0a776c\",\"name\":\"darka mazi\",\"sameAs\":[\"https:\\\/\\\/darkamazi.info\\\/\"],\"url\":\"https:\\\/\\\/darkamazi.info\\\/archives\\\/author\\\/kurdi\"}]}<\/script>\n<!-- \/ Yoast SEO plugin. -->","seo_head_json":{"title":"Hereketa Azad\u00ee: Em bi ti away\u00ee \u00ear\u00ee\u015f\u00ean hember ba\u015f\u00fbr\u00ea Kurdistan\u00ea qeb\u00fbl nakin - Darka Maz\u00ee","robots":{"index":"index","follow":"follow","max-snippet":"max-snippet:-1","max-image-preview":"max-image-preview:large","max-video-preview":"max-video-preview:-1"},"canonical":"https:\/\/darkamazi.info\/archives\/1017946","og_locale":"en_US","og_type":"article","og_title":"Hereketa Azad\u00ee: Em bi ti away\u00ee \u00ear\u00ee\u015f\u00ean hember ba\u015f\u00fbr\u00ea Kurdistan\u00ea qeb\u00fbl nakin - Darka Maz\u00ee","og_description":"Li Diyarbekir\u00ea ji aliy\u00ea Hereketa Azad\u00ee \u00fb Ciwan\u00ean Netewey\u00ee y\u00ean Kurdistan\u00ea ve civ\u00eeneke \u00e7apemeniy\u00ea hat li darxistin ku hem Roja Ala Kurdistan\u00ea hat p\u00eerozkirin, hem j\u00ee \u00ear\u00ee\u015f\u00ean ku hember ba\u015f\u00fbr\u00ea Kurdistan\u00ea t\u00ean kirin j\u00ee hatin \u015fermezarkirin. Hereketa Azad\u00ee \u00fb Ciwan\u00ean Netewey\u00ee Y\u00ean Kurdistan\u00ea li Diyarbekir\u00ea derbar\u00ea mijar\u00ean sereke y\u00ean Kurdistan\u00ea de civ\u00eenek \u00e7apemeniy\u00ea li dar [&hellip;]","og_url":"https:\/\/darkamazi.info\/archives\/1017946","og_site_name":"Darka Maz\u00ee","article_publisher":"https:\/\/www.facebook.com\/DarMaziKurmanci","article_published_time":"2020-12-17T18:18:54+00:00","og_image":[{"width":822,"height":454,"url":"https:\/\/darkamazi.info\/file\/2020\/12\/hereketa-azadi-bakur.jpg","type":"image\/jpeg"}],"author":"darka mazi","twitter_card":"summary_large_image","twitter_creator":"@DarkaMaziLatini","twitter_site":"@DarkaMaziLatini","twitter_misc":{"Written by":"darka mazi","Est. reading time":"2 minutes"},"schema":{"@context":"https:\/\/schema.org","@graph":[{"@type":"Article","@id":"https:\/\/darkamazi.info\/archives\/1017946#article","isPartOf":{"@id":"https:\/\/darkamazi.info\/archives\/1017946"},"author":{"name":"darka mazi","@id":"https:\/\/darkamazi.info\/#\/schema\/person\/5ad3e24553a0567993fa8ed4bd0a776c"},"headline":"Hereketa Azad\u00ee: Em bi ti away\u00ee \u00ear\u00ee\u015f\u00ean hember ba\u015f\u00fbr\u00ea Kurdistan\u00ea qeb\u00fbl nakin","datePublished":"2020-12-17T18:18:54+00:00","mainEntityOfPage":{"@id":"https:\/\/darkamazi.info\/archives\/1017946"},"wordCount":402,"publisher":{"@id":"https:\/\/darkamazi.info\/#organization"},"image":{"@id":"https:\/\/darkamazi.info\/archives\/1017946#primaryimage"},"thumbnailUrl":"https:\/\/darkamazi.info\/file\/2020\/12\/hereketa-azadi-bakur.jpg","keywords":["sereke"],"articleSection":["Kurdistan"],"inLanguage":"en-US"},{"@type":"WebPage","@id":"https:\/\/darkamazi.info\/archives\/1017946","url":"https:\/\/darkamazi.info\/archives\/1017946","name":"Hereketa Azad\u00ee: Em bi ti away\u00ee \u00ear\u00ee\u015f\u00ean hember ba\u015f\u00fbr\u00ea Kurdistan\u00ea qeb\u00fbl nakin - Darka Maz\u00ee","isPartOf":{"@id":"https:\/\/darkamazi.info\/#website"},"primaryImageOfPage":{"@id":"https:\/\/darkamazi.info\/archives\/1017946#primaryimage"},"image":{"@id":"https:\/\/darkamazi.info\/archives\/1017946#primaryimage"},"thumbnailUrl":"https:\/\/darkamazi.info\/file\/2020\/12\/hereketa-azadi-bakur.jpg","datePublished":"2020-12-17T18:18:54+00:00","breadcrumb":{"@id":"https:\/\/darkamazi.info\/archives\/1017946#breadcrumb"},"inLanguage":"en-US","potentialAction":[{"@type":"ReadAction","target":["https:\/\/darkamazi.info\/archives\/1017946"]}]},{"@type":"ImageObject","inLanguage":"en-US","@id":"https:\/\/darkamazi.info\/archives\/1017946#primaryimage","url":"https:\/\/darkamazi.info\/file\/2020\/12\/hereketa-azadi-bakur.jpg","contentUrl":"https:\/\/darkamazi.info\/file\/2020\/12\/hereketa-azadi-bakur.jpg","width":822,"height":454,"caption":"Hereketa Azad\u00ee: Em bi ti away\u00ee \u00ear\u00ee\u015f\u00ean hember ba\u015f\u00fbr\u00ea Kurdistan\u00ea qeb\u00fbl nakin"},{"@type":"BreadcrumbList","@id":"https:\/\/darkamazi.info\/archives\/1017946#breadcrumb","itemListElement":[{"@type":"ListItem","position":1,"name":"Home","item":"https:\/\/darkamazi.info\/"},{"@type":"ListItem","position":2,"name":"Hereketa Azad\u00ee: Em bi ti away\u00ee \u00ear\u00ee\u015f\u00ean hember ba\u015f\u00fbr\u00ea Kurdistan\u00ea qeb\u00fbl nakin"}]},{"@type":"WebSite","@id":"https:\/\/darkamazi.info\/#website","url":"https:\/\/darkamazi.info\/","name":"Darka Maz\u00ee","description":"P\u00eageha Zanyariy\u00ean Nebih\u00eest\u00ee","publisher":{"@id":"https:\/\/darkamazi.info\/#organization"},"potentialAction":[{"@type":"SearchAction","target":{"@type":"EntryPoint","urlTemplate":"https:\/\/darkamazi.info\/?s={search_term_string}"},"query-input":{"@type":"PropertyValueSpecification","valueRequired":true,"valueName":"search_term_string"}}],"inLanguage":"en-US"},{"@type":"Organization","@id":"https:\/\/darkamazi.info\/#organization","name":"Darka Maz\u00ee","url":"https:\/\/darkamazi.info\/","logo":{"@type":"ImageObject","inLanguage":"en-US","@id":"https:\/\/darkamazi.info\/#\/schema\/logo\/image\/","url":"https:\/\/darkamazi.info\/file\/2017\/12\/darka-mazi-logo.png","contentUrl":"https:\/\/darkamazi.info\/file\/2017\/12\/darka-mazi-logo.png","width":151,"height":75,"caption":"Darka Maz\u00ee"},"image":{"@id":"https:\/\/darkamazi.info\/#\/schema\/logo\/image\/"},"sameAs":["https:\/\/www.facebook.com\/DarMaziKurmanci","https:\/\/x.com\/DarkaMaziLatini","https:\/\/www.instagram.com\/darkamazi.kurmanci\/","https:\/\/www.youtube.com\/channel\/UCa5HkTdmI8U1qCUFuTw8B2g"]},{"@type":"Person","@id":"https:\/\/darkamazi.info\/#\/schema\/person\/5ad3e24553a0567993fa8ed4bd0a776c","name":"darka mazi","sameAs":["https:\/\/darkamazi.info\/"],"url":"https:\/\/darkamazi.info\/archives\/author\/kurdi"}]}},"_links":{"self":[{"href":"https:\/\/darkamazi.info\/funavuv\/wp\/v2\/posts\/1017946","targetHints":{"allow":["GET"]}}],"collection":[{"href":"https:\/\/darkamazi.info\/funavuv\/wp\/v2\/posts"}],"about":[{"href":"https:\/\/darkamazi.info\/funavuv\/wp\/v2\/types\/post"}],"author":[{"embeddable":true,"href":"https:\/\/darkamazi.info\/funavuv\/wp\/v2\/users\/2"}],"replies":[{"embeddable":true,"href":"https:\/\/darkamazi.info\/funavuv\/wp\/v2\/comments?post=1017946"}],"version-history":[{"count":0,"href":"https:\/\/darkamazi.info\/funavuv\/wp\/v2\/posts\/1017946\/revisions"}],"wp:featuredmedia":[{"embeddable":true,"href":"https:\/\/darkamazi.info\/funavuv\/wp\/v2\/media\/1017947"}],"wp:attachment":[{"href":"https:\/\/darkamazi.info\/funavuv\/wp\/v2\/media?parent=1017946"}],"wp:term":[{"taxonomy":"category","embeddable":true,"href":"https:\/\/darkamazi.info\/funavuv\/wp\/v2\/categories?post=1017946"},{"taxonomy":"post_tag","embeddable":true,"href":"https:\/\/darkamazi.info\/funavuv\/wp\/v2\/tags?post=1017946"}],"curies":[{"name":"wp","href":"https:\/\/api.w.org\/{rel}","templated":true}]}}