{"id":1017969,"date":"2020-12-19T16:16:31","date_gmt":"2020-12-19T13:16:31","guid":{"rendered":"https:\/\/darkamazi.info\/?p=1017969"},"modified":"2020-12-19T16:16:31","modified_gmt":"2020-12-19T13:16:31","slug":"balefiran-3-cekdaren-pkk-e-li-avasin-hedef-kirin","status":"publish","type":"post","link":"https:\/\/darkamazi.info\/archives\/1017969","title":{"rendered":"Balefiran 3 \u00e7ekdar\u00ean PKK \u00ea li Ava\u015f\u00een hedef kirin"},"content":{"rendered":"<h3 style=\"text-align: justify\"><span style=\"font-family: 'arial black', sans-serif\">Balefir\u00ean ceng\u00ea y\u00ean dewleta Tirkiy\u00ea liv \u00fb tevger\u00ean \u00e7ekdar\u00ean PKK \u00ea li Ba\u015f\u00fbr\u00ea Kurdistan\u00ea hedef kirin, 3 \u00e7ekdaran can\u00ea xwe ji dest dane.<\/span><\/h3>\n<h3 style=\"text-align: justify\">Li gor agahiy\u00ean wezareta bergiry\u00ea a Tirkiy\u00ea ku \u00eero roja \u015fem\u00ee 19\/12\/2020an li ekawinta xwe a Twitter \u00ea parvekirine, balefir\u00ean ceng\u00ea liv \u00fb tevger\u00ean \u00e7ekdar\u00ean PKK \u00ea li nav\u00e7eya Ava\u015f\u00een a li Ba\u015f\u00fbr\u00ea Kurdistan\u00ea hedef kirine.<\/h3>\n<h3 style=\"text-align: justify\">Dest n\u00ee\u015fan kir, di \u00ear\u00ee\u015f\u00ea de, 3 \u00e7ekdar\u00ean PKK \u00ea hatine hedef kirin \u00fb can\u00ea xwe ji dest dane.<\/h3>\n<h3 style=\"text-align: justify\">Ev \u00ear\u00ee\u015f hemwexta \u00ear\u00ee\u015fa 24 sa&#8217;et\u00ean derbasb\u00fby\u00ee t\u00ea ku dewleta Tirkiy\u00ea li s\u00eenor\u00ea Zaxo, Am\u00eadiy\u00ea \u00fb D\u00earelok\u00ea encam day\u00eene.<\/h3>\n<h3 style=\"text-align: justify\">R\u00eaxistina PKK \u00ea h\u00eajan tu agah\u00ee li derbara van \u00ear\u00ee\u015fan \u00fb ji dest day\u00eena \u00e7ekdar\u00ean xwe parevenekirine.<\/h3>\n","protected":false},"excerpt":{"rendered":"<p>Balefir\u00ean ceng\u00ea y\u00ean dewleta Tirkiy\u00ea liv \u00fb tevger\u00ean \u00e7ekdar\u00ean PKK \u00ea li Ba\u015f\u00fbr\u00ea Kurdistan\u00ea hedef kirin, 3 \u00e7ekdaran can\u00ea xwe ji dest dane. Li gor agahiy\u00ean wezareta bergiry\u00ea a Tirkiy\u00ea ku \u00eero roja \u015fem\u00ee 19\/12\/2020an li ekawinta xwe a Twitter \u00ea parvekirine, balefir\u00ean ceng\u00ea liv \u00fb tevger\u00ean \u00e7ekdar\u00ean PKK \u00ea li nav\u00e7eya Ava\u015f\u00een a li [&hellip;]<\/p>\n","protected":false},"author":2,"featured_media":1017970,"comment_status":"closed","ping_status":"closed","sticky":false,"template":"","format":"standard","meta":{"footnotes":""},"categories":[29],"tags":[37],"class_list":["post-1017969","post","type-post","status-publish","format-standard","has-post-thumbnail","hentry","category-kurdistan","tag-sereke"],"blocksy_meta":[],"seo_head":"<!-- This site is optimized with the Yoast SEO plugin v27.5 - https:\/\/yoast.com\/product\/yoast-seo-wordpress\/ -->\n<title>Balefiran 3 \u00e7ekdar\u00ean PKK \u00ea li Ava\u015f\u00een hedef kirin - Darka Maz\u00ee<\/title>\n<meta name=\"robots\" content=\"index, follow, max-snippet:-1, max-image-preview:large, max-video-preview:-1\" \/>\n<link rel=\"canonical\" href=\"https:\/\/darkamazi.info\/archives\/1017969\" \/>\n<meta property=\"og:locale\" content=\"en_US\" \/>\n<meta property=\"og:type\" content=\"article\" \/>\n<meta property=\"og:title\" content=\"Balefiran 3 \u00e7ekdar\u00ean PKK \u00ea li Ava\u015f\u00een hedef kirin - Darka Maz\u00ee\" \/>\n<meta property=\"og:description\" content=\"Balefir\u00ean ceng\u00ea y\u00ean dewleta Tirkiy\u00ea liv \u00fb tevger\u00ean \u00e7ekdar\u00ean PKK \u00ea li Ba\u015f\u00fbr\u00ea Kurdistan\u00ea hedef kirin, 3 \u00e7ekdaran can\u00ea xwe ji dest dane. Li gor agahiy\u00ean wezareta bergiry\u00ea a Tirkiy\u00ea ku \u00eero roja \u015fem\u00ee 19\/12\/2020an li ekawinta xwe a Twitter \u00ea parvekirine, balefir\u00ean ceng\u00ea liv \u00fb tevger\u00ean \u00e7ekdar\u00ean PKK \u00ea li nav\u00e7eya Ava\u015f\u00een a li [&hellip;]\" \/>\n<meta property=\"og:url\" content=\"https:\/\/darkamazi.info\/archives\/1017969\" \/>\n<meta property=\"og:site_name\" content=\"Darka Maz\u00ee\" \/>\n<meta property=\"article:publisher\" content=\"https:\/\/www.facebook.com\/DarMaziKurmanci\" \/>\n<meta property=\"article:published_time\" content=\"2020-12-19T13:16:31+00:00\" \/>\n<meta property=\"og:image\" content=\"https:\/\/darkamazi.info\/file\/2020\/12\/PKK-Avasin-1.jpg\" \/>\n\t<meta property=\"og:image:width\" content=\"900\" \/>\n\t<meta property=\"og:image:height\" content=\"497\" \/>\n\t<meta property=\"og:image:type\" content=\"image\/jpeg\" \/>\n<meta name=\"author\" content=\"darka mazi\" \/>\n<meta name=\"twitter:card\" content=\"summary_large_image\" \/>\n<meta name=\"twitter:creator\" content=\"@DarkaMaziLatini\" \/>\n<meta name=\"twitter:site\" content=\"@DarkaMaziLatini\" \/>\n<meta name=\"twitter:label1\" content=\"Written by\" \/>\n\t<meta name=\"twitter:data1\" content=\"darka mazi\" \/>\n\t<meta name=\"twitter:label2\" content=\"Est. reading time\" \/>\n\t<meta name=\"twitter:data2\" content=\"1 minute\" \/>\n<script type=\"application\/ld+json\" class=\"seo-schema-graph\">{\"@context\":\"https:\\\/\\\/schema.org\",\"@graph\":[{\"@type\":\"Article\",\"@id\":\"https:\\\/\\\/darkamazi.info\\\/archives\\\/1017969#article\",\"isPartOf\":{\"@id\":\"https:\\\/\\\/darkamazi.info\\\/archives\\\/1017969\"},\"author\":{\"name\":\"darka mazi\",\"@id\":\"https:\\\/\\\/darkamazi.info\\\/#\\\/schema\\\/person\\\/5ad3e24553a0567993fa8ed4bd0a776c\"},\"headline\":\"Balefiran 3 \u00e7ekdar\u00ean PKK \u00ea li Ava\u015f\u00een hedef kirin\",\"datePublished\":\"2020-12-19T13:16:31+00:00\",\"mainEntityOfPage\":{\"@id\":\"https:\\\/\\\/darkamazi.info\\\/archives\\\/1017969\"},\"wordCount\":137,\"publisher\":{\"@id\":\"https:\\\/\\\/darkamazi.info\\\/#organization\"},\"image\":{\"@id\":\"https:\\\/\\\/darkamazi.info\\\/archives\\\/1017969#primaryimage\"},\"thumbnailUrl\":\"https:\\\/\\\/darkamazi.info\\\/darka-content\\\/uploads\\\/2020\\\/12\\\/PKK-Avasin-1.jpg\",\"keywords\":[\"sereke\"],\"articleSection\":[\"Kurdistan\"],\"inLanguage\":\"en-US\"},{\"@type\":\"WebPage\",\"@id\":\"https:\\\/\\\/darkamazi.info\\\/archives\\\/1017969\",\"url\":\"https:\\\/\\\/darkamazi.info\\\/archives\\\/1017969\",\"name\":\"Balefiran 3 \u00e7ekdar\u00ean PKK \u00ea li Ava\u015f\u00een hedef kirin - Darka Maz\u00ee\",\"isPartOf\":{\"@id\":\"https:\\\/\\\/darkamazi.info\\\/#website\"},\"primaryImageOfPage\":{\"@id\":\"https:\\\/\\\/darkamazi.info\\\/archives\\\/1017969#primaryimage\"},\"image\":{\"@id\":\"https:\\\/\\\/darkamazi.info\\\/archives\\\/1017969#primaryimage\"},\"thumbnailUrl\":\"https:\\\/\\\/darkamazi.info\\\/darka-content\\\/uploads\\\/2020\\\/12\\\/PKK-Avasin-1.jpg\",\"datePublished\":\"2020-12-19T13:16:31+00:00\",\"breadcrumb\":{\"@id\":\"https:\\\/\\\/darkamazi.info\\\/archives\\\/1017969#breadcrumb\"},\"inLanguage\":\"en-US\",\"potentialAction\":[{\"@type\":\"ReadAction\",\"target\":[\"https:\\\/\\\/darkamazi.info\\\/archives\\\/1017969\"]}]},{\"@type\":\"ImageObject\",\"inLanguage\":\"en-US\",\"@id\":\"https:\\\/\\\/darkamazi.info\\\/archives\\\/1017969#primaryimage\",\"url\":\"https:\\\/\\\/darkamazi.info\\\/darka-content\\\/uploads\\\/2020\\\/12\\\/PKK-Avasin-1.jpg\",\"contentUrl\":\"https:\\\/\\\/darkamazi.info\\\/darka-content\\\/uploads\\\/2020\\\/12\\\/PKK-Avasin-1.jpg\",\"width\":900,\"height\":497,\"caption\":\"Balefiran 3 \u00e7ekdar\u00ean PKK \u00ea li Ava\u015f\u00een hedef kirin\"},{\"@type\":\"BreadcrumbList\",\"@id\":\"https:\\\/\\\/darkamazi.info\\\/archives\\\/1017969#breadcrumb\",\"itemListElement\":[{\"@type\":\"ListItem\",\"position\":1,\"name\":\"Home\",\"item\":\"https:\\\/\\\/darkamazi.info\\\/\"},{\"@type\":\"ListItem\",\"position\":2,\"name\":\"Balefiran 3 \u00e7ekdar\u00ean PKK \u00ea li Ava\u015f\u00een hedef kirin\"}]},{\"@type\":\"WebSite\",\"@id\":\"https:\\\/\\\/darkamazi.info\\\/#website\",\"url\":\"https:\\\/\\\/darkamazi.info\\\/\",\"name\":\"Darka Maz\u00ee\",\"description\":\"P\u00eageha Zanyariy\u00ean Nebih\u00eest\u00ee\",\"publisher\":{\"@id\":\"https:\\\/\\\/darkamazi.info\\\/#organization\"},\"potentialAction\":[{\"@type\":\"SearchAction\",\"target\":{\"@type\":\"EntryPoint\",\"urlTemplate\":\"https:\\\/\\\/darkamazi.info\\\/?s={search_term_string}\"},\"query-input\":{\"@type\":\"PropertyValueSpecification\",\"valueRequired\":true,\"valueName\":\"search_term_string\"}}],\"inLanguage\":\"en-US\"},{\"@type\":\"Organization\",\"@id\":\"https:\\\/\\\/darkamazi.info\\\/#organization\",\"name\":\"Darka Maz\u00ee\",\"url\":\"https:\\\/\\\/darkamazi.info\\\/\",\"logo\":{\"@type\":\"ImageObject\",\"inLanguage\":\"en-US\",\"@id\":\"https:\\\/\\\/darkamazi.info\\\/#\\\/schema\\\/logo\\\/image\\\/\",\"url\":\"https:\\\/\\\/darkamazi.info\\\/darka-content\\\/uploads\\\/2017\\\/12\\\/darka-mazi-logo.png\",\"contentUrl\":\"https:\\\/\\\/darkamazi.info\\\/darka-content\\\/uploads\\\/2017\\\/12\\\/darka-mazi-logo.png\",\"width\":151,\"height\":75,\"caption\":\"Darka Maz\u00ee\"},\"image\":{\"@id\":\"https:\\\/\\\/darkamazi.info\\\/#\\\/schema\\\/logo\\\/image\\\/\"},\"sameAs\":[\"https:\\\/\\\/www.facebook.com\\\/DarMaziKurmanci\",\"https:\\\/\\\/x.com\\\/DarkaMaziLatini\",\"https:\\\/\\\/www.instagram.com\\\/darkamazi.kurmanci\\\/\",\"https:\\\/\\\/www.youtube.com\\\/channel\\\/UCa5HkTdmI8U1qCUFuTw8B2g\"]},{\"@type\":\"Person\",\"@id\":\"https:\\\/\\\/darkamazi.info\\\/#\\\/schema\\\/person\\\/5ad3e24553a0567993fa8ed4bd0a776c\",\"name\":\"darka mazi\",\"sameAs\":[\"https:\\\/\\\/darkamazi.info\\\/\"],\"url\":\"https:\\\/\\\/darkamazi.info\\\/archives\\\/author\\\/kurdi\"}]}<\/script>\n<!-- \/ Yoast SEO plugin. -->","seo_head_json":{"title":"Balefiran 3 \u00e7ekdar\u00ean PKK \u00ea li Ava\u015f\u00een hedef kirin - Darka Maz\u00ee","robots":{"index":"index","follow":"follow","max-snippet":"max-snippet:-1","max-image-preview":"max-image-preview:large","max-video-preview":"max-video-preview:-1"},"canonical":"https:\/\/darkamazi.info\/archives\/1017969","og_locale":"en_US","og_type":"article","og_title":"Balefiran 3 \u00e7ekdar\u00ean PKK \u00ea li Ava\u015f\u00een hedef kirin - Darka Maz\u00ee","og_description":"Balefir\u00ean ceng\u00ea y\u00ean dewleta Tirkiy\u00ea liv \u00fb tevger\u00ean \u00e7ekdar\u00ean PKK \u00ea li Ba\u015f\u00fbr\u00ea Kurdistan\u00ea hedef kirin, 3 \u00e7ekdaran can\u00ea xwe ji dest dane. Li gor agahiy\u00ean wezareta bergiry\u00ea a Tirkiy\u00ea ku \u00eero roja \u015fem\u00ee 19\/12\/2020an li ekawinta xwe a Twitter \u00ea parvekirine, balefir\u00ean ceng\u00ea liv \u00fb tevger\u00ean \u00e7ekdar\u00ean PKK \u00ea li nav\u00e7eya Ava\u015f\u00een a li [&hellip;]","og_url":"https:\/\/darkamazi.info\/archives\/1017969","og_site_name":"Darka Maz\u00ee","article_publisher":"https:\/\/www.facebook.com\/DarMaziKurmanci","article_published_time":"2020-12-19T13:16:31+00:00","og_image":[{"width":900,"height":497,"url":"https:\/\/darkamazi.info\/file\/2020\/12\/PKK-Avasin-1.jpg","type":"image\/jpeg"}],"author":"darka mazi","twitter_card":"summary_large_image","twitter_creator":"@DarkaMaziLatini","twitter_site":"@DarkaMaziLatini","twitter_misc":{"Written by":"darka mazi","Est. reading time":"1 minute"},"schema":{"@context":"https:\/\/schema.org","@graph":[{"@type":"Article","@id":"https:\/\/darkamazi.info\/archives\/1017969#article","isPartOf":{"@id":"https:\/\/darkamazi.info\/archives\/1017969"},"author":{"name":"darka mazi","@id":"https:\/\/darkamazi.info\/#\/schema\/person\/5ad3e24553a0567993fa8ed4bd0a776c"},"headline":"Balefiran 3 \u00e7ekdar\u00ean PKK \u00ea li Ava\u015f\u00een hedef kirin","datePublished":"2020-12-19T13:16:31+00:00","mainEntityOfPage":{"@id":"https:\/\/darkamazi.info\/archives\/1017969"},"wordCount":137,"publisher":{"@id":"https:\/\/darkamazi.info\/#organization"},"image":{"@id":"https:\/\/darkamazi.info\/archives\/1017969#primaryimage"},"thumbnailUrl":"https:\/\/darkamazi.info\/file\/2020\/12\/PKK-Avasin-1.jpg","keywords":["sereke"],"articleSection":["Kurdistan"],"inLanguage":"en-US"},{"@type":"WebPage","@id":"https:\/\/darkamazi.info\/archives\/1017969","url":"https:\/\/darkamazi.info\/archives\/1017969","name":"Balefiran 3 \u00e7ekdar\u00ean PKK \u00ea li Ava\u015f\u00een hedef kirin - Darka Maz\u00ee","isPartOf":{"@id":"https:\/\/darkamazi.info\/#website"},"primaryImageOfPage":{"@id":"https:\/\/darkamazi.info\/archives\/1017969#primaryimage"},"image":{"@id":"https:\/\/darkamazi.info\/archives\/1017969#primaryimage"},"thumbnailUrl":"https:\/\/darkamazi.info\/file\/2020\/12\/PKK-Avasin-1.jpg","datePublished":"2020-12-19T13:16:31+00:00","breadcrumb":{"@id":"https:\/\/darkamazi.info\/archives\/1017969#breadcrumb"},"inLanguage":"en-US","potentialAction":[{"@type":"ReadAction","target":["https:\/\/darkamazi.info\/archives\/1017969"]}]},{"@type":"ImageObject","inLanguage":"en-US","@id":"https:\/\/darkamazi.info\/archives\/1017969#primaryimage","url":"https:\/\/darkamazi.info\/file\/2020\/12\/PKK-Avasin-1.jpg","contentUrl":"https:\/\/darkamazi.info\/file\/2020\/12\/PKK-Avasin-1.jpg","width":900,"height":497,"caption":"Balefiran 3 \u00e7ekdar\u00ean PKK \u00ea li Ava\u015f\u00een hedef kirin"},{"@type":"BreadcrumbList","@id":"https:\/\/darkamazi.info\/archives\/1017969#breadcrumb","itemListElement":[{"@type":"ListItem","position":1,"name":"Home","item":"https:\/\/darkamazi.info\/"},{"@type":"ListItem","position":2,"name":"Balefiran 3 \u00e7ekdar\u00ean PKK \u00ea li Ava\u015f\u00een hedef kirin"}]},{"@type":"WebSite","@id":"https:\/\/darkamazi.info\/#website","url":"https:\/\/darkamazi.info\/","name":"Darka Maz\u00ee","description":"P\u00eageha Zanyariy\u00ean Nebih\u00eest\u00ee","publisher":{"@id":"https:\/\/darkamazi.info\/#organization"},"potentialAction":[{"@type":"SearchAction","target":{"@type":"EntryPoint","urlTemplate":"https:\/\/darkamazi.info\/?s={search_term_string}"},"query-input":{"@type":"PropertyValueSpecification","valueRequired":true,"valueName":"search_term_string"}}],"inLanguage":"en-US"},{"@type":"Organization","@id":"https:\/\/darkamazi.info\/#organization","name":"Darka Maz\u00ee","url":"https:\/\/darkamazi.info\/","logo":{"@type":"ImageObject","inLanguage":"en-US","@id":"https:\/\/darkamazi.info\/#\/schema\/logo\/image\/","url":"https:\/\/darkamazi.info\/file\/2017\/12\/darka-mazi-logo.png","contentUrl":"https:\/\/darkamazi.info\/file\/2017\/12\/darka-mazi-logo.png","width":151,"height":75,"caption":"Darka Maz\u00ee"},"image":{"@id":"https:\/\/darkamazi.info\/#\/schema\/logo\/image\/"},"sameAs":["https:\/\/www.facebook.com\/DarMaziKurmanci","https:\/\/x.com\/DarkaMaziLatini","https:\/\/www.instagram.com\/darkamazi.kurmanci\/","https:\/\/www.youtube.com\/channel\/UCa5HkTdmI8U1qCUFuTw8B2g"]},{"@type":"Person","@id":"https:\/\/darkamazi.info\/#\/schema\/person\/5ad3e24553a0567993fa8ed4bd0a776c","name":"darka mazi","sameAs":["https:\/\/darkamazi.info\/"],"url":"https:\/\/darkamazi.info\/archives\/author\/kurdi"}]}},"_links":{"self":[{"href":"https:\/\/darkamazi.info\/funavuv\/wp\/v2\/posts\/1017969","targetHints":{"allow":["GET"]}}],"collection":[{"href":"https:\/\/darkamazi.info\/funavuv\/wp\/v2\/posts"}],"about":[{"href":"https:\/\/darkamazi.info\/funavuv\/wp\/v2\/types\/post"}],"author":[{"embeddable":true,"href":"https:\/\/darkamazi.info\/funavuv\/wp\/v2\/users\/2"}],"replies":[{"embeddable":true,"href":"https:\/\/darkamazi.info\/funavuv\/wp\/v2\/comments?post=1017969"}],"version-history":[{"count":0,"href":"https:\/\/darkamazi.info\/funavuv\/wp\/v2\/posts\/1017969\/revisions"}],"wp:featuredmedia":[{"embeddable":true,"href":"https:\/\/darkamazi.info\/funavuv\/wp\/v2\/media\/1017970"}],"wp:attachment":[{"href":"https:\/\/darkamazi.info\/funavuv\/wp\/v2\/media?parent=1017969"}],"wp:term":[{"taxonomy":"category","embeddable":true,"href":"https:\/\/darkamazi.info\/funavuv\/wp\/v2\/categories?post=1017969"},{"taxonomy":"post_tag","embeddable":true,"href":"https:\/\/darkamazi.info\/funavuv\/wp\/v2\/tags?post=1017969"}],"curies":[{"name":"wp","href":"https:\/\/api.w.org\/{rel}","templated":true}]}}