{"id":1018214,"date":"2020-12-27T20:22:32","date_gmt":"2020-12-27T17:22:32","guid":{"rendered":"https:\/\/darkamazi.info\/?p=1018214"},"modified":"2020-12-27T20:22:32","modified_gmt":"2020-12-27T17:22:32","slug":"baydemir-av-u-nan-ciqasi-ji-mirovan-re-giring-bin-lihevkirina-kurdan-li-rojava-ewqasi-giringe","status":"publish","type":"post","link":"https:\/\/darkamazi.info\/archives\/1018214","title":{"rendered":"Baydem\u00eer: av \u00fb nan \u00e7iqas\u00ee ji mirovan re gir\u00eeng bin, lihevkirina kurdan li rojava ewqas\u00ee gir\u00eenge"},"content":{"rendered":"<h3 style=\"text-align: justify\"><span style=\"font-family: 'arial black', sans-serif\">Di hevpeyv\u00eeneke taybet de ligel malpera KIDP.info, siyasetmedar\u00ea Bakur\u00ea Kurdistan\u00ea Osman Baydem\u00eer dib\u00eaje, \u201cme gelek qurbaniy\u00ean mezin dane, l\u00ea niha ya gir\u00eeng ewe ku kurd destkeft\u00ean xwe bipar\u00eazin.\u201d herwiha dib\u00eaje, oksic\u00een \u00e7iqas\u00ee ji mirovan re gir\u00eeng be, lihevkirina kurdan li rojava ewqas\u00ee gir\u00eenge.<\/span><\/h3>\n<h3 style=\"text-align: justify\">Di v\u00ea hevpeyv\u00een\u00ea de, ku \u00eero roja yek\u015fem\u00ee 27\/12\/2020an di malpera KDP.info de hatye parve kirin Osman Baydem\u00eer behsa \u00e7end mijaran dike \u00fb ner\u00eena xwe li ser \u00e7end pirsan da xweyakirin.<\/h3>\n<h3 style=\"text-align: justify\">Baydem\u00eer ner\u00eena xwe li ser rew\u015fa siyas\u00ee ya niha ya kurdan an\u00ee ziman \u00fb ragihand: &#8221; gerek em lihev guhdar bikin. Ez bawerim her dema ku em lihev guhdar bikin \u00fb kar bikin, d\u00ea %50 ji pirsgir\u00eak\u00ean me \u00e7areser bibin, ya may\u00ee j\u00ee bi dan\u00fbstandinan \u00e7areser dibe. Em di w\u00ea bawery\u00ea de me ku ti pirsgir\u00eakek mezin di navbera partiy\u00ean siyas\u00eey\u00ean kurd\u00ee de tuneye. Ti\u015fta ku heye ewe ku li hev guhdar nakin \u00fb hev qeb\u00fbl nakin. Gerek lihev guhdar bikin \u00fb dan\u00fbstandinan bikin&#8221;.<\/h3>\n<h3 style=\"text-align: justify\">Li ser pirsa rojava kurdistan\u00ea \u00fb dyaloga kurd\u00ee-kurd\u00ee ku li ser bingeha r\u00eakeftina Duhok\u00ea ye, Baydem\u00eer ner\u00eena xwe da diyarkirin \u00fb ragihand, &#8220;av \u00fb nan \u00fb oksic\u00een ji bo mirovan \u00e7iqas\u00ee gir\u00eeng bin, ewqas\u00ee danustandin \u00fb diyalog\u00ean kurd\u00ee \u2013 kurd\u00ee li Rojavay\u00ea Kurdistan\u00ea gir\u00eengin. Nan, \u00e7i qas\u00ee p\u00eeroz be, lihevkirin \u00fb danustandin ji bo gel\u00ea kurd p\u00eerozin. Ew r\u00eakeftin m\u00eenakeke xuyaye ji bo hem\u00fb partiy\u00ean kurd\u00ee \u00fb tevahiya par\u00e7ey\u00ean kurdistan\u00ea, lewma ez wek kurdek\u00ee sipasiya wan dikim \u00fb pi\u015ftevan\u00ee \u00fb dilixwe\u015fiya xwe n\u00ee\u015fan didim ji bo w\u00ee kar\u00ee, nexasm j\u00ee ji bo keda serok\u00ea her\u00eama kurdistan\u00ea N\u00ea\u00e7\u00eervan Barzan\u00ee ku pi\u015ftevan\u00ea serekeye ji bo v\u00ea lihevkirin\u00ea.&#8221;<\/h3>\n<h3 style=\"text-align: justify\">Baydem\u00eer e\u015fkere kir ku hem\u00fb welat\u00ean nav\u00e7ey\u00ea naxwazin ew p\u00eavajo biser bikeve \u00fb lihevkirineke kurd\u00ee \u2013 kurd\u00ee \u00e7\u00eabibe. Gerek kurd ha ji plan \u00fb l\u00eestik\u00ean wan dewletan hebin. Ew naxwazin kurd yek bin. Gerek kurd ji ser m\u00eaza dan\u00fbstandinan ranebin heya ku sitrat\u00eejyeke havbe\u015f \u00fb mizg\u00eenyek ji bo a\u015ftiya navxwe belav nekin. Div\u00ea ev p\u00eavajo bix\u00ea armanceke p\u00eeroz jo bo tevahiya gel\u00ea Kurdistan\u00ea.<\/h3>\n<h3 style=\"text-align: justify\">Li ser mijara rola Mes\u00fbd Barzan\u00ee ji boy li hev n\u00eaz\u00eek kirina kurd\u00ean rojava bi taybet\u00ee pi\u015ft\u00ee destp\u00eakirina \u015fore\u015fa S\u00fbriy\u00ea Baydem\u00eer got: &#8221; bi rast\u00ee hinek kes \u00fb kesayet\u00ee li her \u00e7ar per\u00e7ey\u00ean kurdistan\u00ea, em dikarin bib\u00eajin b\u00ea wan ti piroseyeke a\u015ftiy\u00ea biser nakeve. Rola serok\u00ea her\u00eama kurdistan\u00ea roleke serekeye \u00fb ez bawerim ku b\u00ea w\u00ee ev p\u00eavajo biser nakeve. Div\u00ea ew p\u00eavajo berdewam be \u00fb em pi\u015ftevaniya w\u00ea bikin. Ew p\u00eavajo ji bo yek\u00eetiy\u00ea ji bo 40 milyon kurd gir\u00eenge \u00fb h\u00eavy\u00ean gel\u00ea kurd mezintir dikin.<\/h3>\n<h3 style=\"text-align: justify\">Baydem\u00eer ner\u00eena xwe li ser \u015fer\u00ea kurdan li dij\u00ee DAI\u015e \u00ea bi v\u00ee awa da diyarkirin \u00fb ragihand, hem\u00fb xebat \u00fb f\u00eedakariya kurdan li her \u00e7ar per\u00e7ey\u00ean kurdistan\u00ea ji bo ti\u015ftek\u00ee ye, ew j\u00ee azadiya Kurdistan\u00ea ye. \u015eer\u00ea DAI\u015e \u00ea j\u00ee ji bo heman mebest\u00ea b\u00fb. Kurdan di \u015fer\u00ea li dij\u00ee DAI\u015e \u00ea de 2 ti\u015ft\u00ean mezn bi dest xistin. Welat\u00ea xwe parastin ya duyem j\u00ee ji hem\u00fb c\u00eehan\u00ea re pi\u015ftrast kirin ku kurd dost\u00ea p\u00ea\u015fketin \u00fb demokras\u00ee \u00fb wekheviy\u00ea ne. Ne dijmin\u00ea mirovatiy\u00ea ne \u00fb em li dij\u00ee teror\u00ea. Bi rast\u00ee ev j\u00ee serkeftineke mezin b\u00fb ji bo hem\u00fb kurdan, ku hem\u00fb milet\u00ean c\u00eehan\u00ea kurdan ba\u015ftir nas bikin. Em zanin ku welat\u00ean c\u00eehan\u00ea ji bo berjewendiy\u00ean xwe kar dikin, lewma div\u00ea em kurd j\u00ee li berjewendiy\u00ean xwe bgern. Di ser\u00ee de div\u00ea em yek bin. Div\u00ea em w\u00ea yek\u00ea f\u00eam bikin ku li rojhilata nav\u00een ten\u00ea heb\u00fbna medenyet\u00ea li kurdan t\u00ea \u00fb ti miletek li rojhilata nav\u00een ji bil\u00ee kurdan tuneye ku welat\u00ean c\u00eehan\u00ea p\u00eawendiy\u00ean meden\u00ee p\u00ea re ava dikin.<\/h3>\n<h3 style=\"text-align: justify\">Li dawy\u00ea baydem\u00eer raghand, me gelek qurban\u00ee dane, l\u00ea ji herti\u015ft\u00ee gringtir ewe, ka em\u00ea \u00e7awa van destkeft\u00ean xwe bpar\u00eazn \u00fb wek \u00e7av\u00ea xwe ha ji wan hebin. Her destkefteke kurdan li her\u00e7ar per\u00e7ey\u00ean kurdistan\u00ea destkefta 40 milyon kurde. Dv\u00ea hem\u00fb welat bi a\u015ft\u00ee kar bi kurdan re bkin. Ji bo a\u015ftya rojhlata nav\u00een dv\u00ea pirsa kurd\u00ee were \u00e7areserkirin. Kurd negefn li ser ti kes\u00ee. Ber\u00ea xwe bdin p\u00eakhatey\u00ean ba\u015f\u00fbr \u00fb rojavay\u00ea kurdistan\u00ea, ku \u00e7awa p\u00eakhatey\u00ean ol\u00ee \u00fb netew\u00ee li kurdistan\u00ea li navend \u00fb parlemantoya kurdistan\u00ea xwed\u00ee n\u00fbnern. Ev yek n\u00ee\u015fan dde ku kurd n\u00fbner \u00fb balyoz\u00ea a\u015fty\u00ea ne li rojhlata nav\u00een.<\/h3>\n","protected":false},"excerpt":{"rendered":"<p>Di hevpeyv\u00eeneke taybet de ligel malpera KIDP.info, siyasetmedar\u00ea Bakur\u00ea Kurdistan\u00ea Osman Baydem\u00eer dib\u00eaje, \u201cme gelek qurbaniy\u00ean mezin dane, l\u00ea niha ya gir\u00eeng ewe ku kurd destkeft\u00ean xwe bipar\u00eazin.\u201d herwiha dib\u00eaje, oksic\u00een \u00e7iqas\u00ee ji mirovan re gir\u00eeng be, lihevkirina kurdan li rojava ewqas\u00ee gir\u00eenge. Di v\u00ea hevpeyv\u00een\u00ea de, ku \u00eero roja yek\u015fem\u00ee 27\/12\/2020an di malpera KDP.info [&hellip;]<\/p>\n","protected":false},"author":2,"featured_media":1018215,"comment_status":"closed","ping_status":"closed","sticky":false,"template":"","format":"standard","meta":{"footnotes":""},"categories":[29],"tags":[37],"class_list":["post-1018214","post","type-post","status-publish","format-standard","has-post-thumbnail","hentry","category-kurdistan","tag-sereke"],"blocksy_meta":[],"seo_head":"<!-- This site is optimized with the Yoast SEO plugin v27.5 - https:\/\/yoast.com\/product\/yoast-seo-wordpress\/ -->\n<title>Baydem\u00eer: av \u00fb nan \u00e7iqas\u00ee ji mirovan re gir\u00eeng bin, lihevkirina kurdan li rojava ewqas\u00ee gir\u00eenge - Darka Maz\u00ee<\/title>\n<meta name=\"robots\" content=\"index, follow, max-snippet:-1, max-image-preview:large, max-video-preview:-1\" \/>\n<link rel=\"canonical\" href=\"https:\/\/darkamazi.info\/archives\/1018214\" \/>\n<meta property=\"og:locale\" content=\"en_US\" \/>\n<meta property=\"og:type\" content=\"article\" \/>\n<meta property=\"og:title\" content=\"Baydem\u00eer: av \u00fb nan \u00e7iqas\u00ee ji mirovan re gir\u00eeng bin, lihevkirina kurdan li rojava ewqas\u00ee gir\u00eenge - Darka Maz\u00ee\" \/>\n<meta property=\"og:description\" content=\"Di hevpeyv\u00eeneke taybet de ligel malpera KIDP.info, siyasetmedar\u00ea Bakur\u00ea Kurdistan\u00ea Osman Baydem\u00eer dib\u00eaje, \u201cme gelek qurbaniy\u00ean mezin dane, l\u00ea niha ya gir\u00eeng ewe ku kurd destkeft\u00ean xwe bipar\u00eazin.\u201d herwiha dib\u00eaje, oksic\u00een \u00e7iqas\u00ee ji mirovan re gir\u00eeng be, lihevkirina kurdan li rojava ewqas\u00ee gir\u00eenge. Di v\u00ea hevpeyv\u00een\u00ea de, ku \u00eero roja yek\u015fem\u00ee 27\/12\/2020an di malpera KDP.info [&hellip;]\" \/>\n<meta property=\"og:url\" content=\"https:\/\/darkamazi.info\/archives\/1018214\" \/>\n<meta property=\"og:site_name\" content=\"Darka Maz\u00ee\" \/>\n<meta property=\"article:publisher\" content=\"https:\/\/www.facebook.com\/DarMaziKurmanci\" \/>\n<meta property=\"article:published_time\" content=\"2020-12-27T17:22:32+00:00\" \/>\n<meta property=\"og:image\" content=\"https:\/\/darkamazi.info\/file\/2020\/12\/baydemir-kurdistan.jpg\" \/>\n\t<meta property=\"og:image:width\" content=\"822\" \/>\n\t<meta property=\"og:image:height\" content=\"454\" \/>\n\t<meta property=\"og:image:type\" content=\"image\/jpeg\" \/>\n<meta name=\"author\" content=\"darka mazi\" \/>\n<meta name=\"twitter:card\" content=\"summary_large_image\" \/>\n<meta name=\"twitter:creator\" content=\"@DarkaMaziLatini\" \/>\n<meta name=\"twitter:site\" content=\"@DarkaMaziLatini\" \/>\n<meta name=\"twitter:label1\" content=\"Written by\" \/>\n\t<meta name=\"twitter:data1\" content=\"darka mazi\" \/>\n\t<meta name=\"twitter:label2\" content=\"Est. reading time\" \/>\n\t<meta name=\"twitter:data2\" content=\"4 minutes\" \/>\n<script type=\"application\/ld+json\" class=\"seo-schema-graph\">{\"@context\":\"https:\\\/\\\/schema.org\",\"@graph\":[{\"@type\":\"Article\",\"@id\":\"https:\\\/\\\/darkamazi.info\\\/archives\\\/1018214#article\",\"isPartOf\":{\"@id\":\"https:\\\/\\\/darkamazi.info\\\/archives\\\/1018214\"},\"author\":{\"name\":\"darka mazi\",\"@id\":\"https:\\\/\\\/darkamazi.info\\\/#\\\/schema\\\/person\\\/5ad3e24553a0567993fa8ed4bd0a776c\"},\"headline\":\"Baydem\u00eer: av \u00fb nan \u00e7iqas\u00ee ji mirovan re gir\u00eeng bin, lihevkirina kurdan li rojava ewqas\u00ee gir\u00eenge\",\"datePublished\":\"2020-12-27T17:22:32+00:00\",\"mainEntityOfPage\":{\"@id\":\"https:\\\/\\\/darkamazi.info\\\/archives\\\/1018214\"},\"wordCount\":794,\"publisher\":{\"@id\":\"https:\\\/\\\/darkamazi.info\\\/#organization\"},\"image\":{\"@id\":\"https:\\\/\\\/darkamazi.info\\\/archives\\\/1018214#primaryimage\"},\"thumbnailUrl\":\"https:\\\/\\\/darkamazi.info\\\/darka-content\\\/uploads\\\/2020\\\/12\\\/baydemir-kurdistan.jpg\",\"keywords\":[\"sereke\"],\"articleSection\":[\"Kurdistan\"],\"inLanguage\":\"en-US\"},{\"@type\":\"WebPage\",\"@id\":\"https:\\\/\\\/darkamazi.info\\\/archives\\\/1018214\",\"url\":\"https:\\\/\\\/darkamazi.info\\\/archives\\\/1018214\",\"name\":\"Baydem\u00eer: av \u00fb nan \u00e7iqas\u00ee ji mirovan re gir\u00eeng bin, lihevkirina kurdan li rojava ewqas\u00ee gir\u00eenge - Darka Maz\u00ee\",\"isPartOf\":{\"@id\":\"https:\\\/\\\/darkamazi.info\\\/#website\"},\"primaryImageOfPage\":{\"@id\":\"https:\\\/\\\/darkamazi.info\\\/archives\\\/1018214#primaryimage\"},\"image\":{\"@id\":\"https:\\\/\\\/darkamazi.info\\\/archives\\\/1018214#primaryimage\"},\"thumbnailUrl\":\"https:\\\/\\\/darkamazi.info\\\/darka-content\\\/uploads\\\/2020\\\/12\\\/baydemir-kurdistan.jpg\",\"datePublished\":\"2020-12-27T17:22:32+00:00\",\"breadcrumb\":{\"@id\":\"https:\\\/\\\/darkamazi.info\\\/archives\\\/1018214#breadcrumb\"},\"inLanguage\":\"en-US\",\"potentialAction\":[{\"@type\":\"ReadAction\",\"target\":[\"https:\\\/\\\/darkamazi.info\\\/archives\\\/1018214\"]}]},{\"@type\":\"ImageObject\",\"inLanguage\":\"en-US\",\"@id\":\"https:\\\/\\\/darkamazi.info\\\/archives\\\/1018214#primaryimage\",\"url\":\"https:\\\/\\\/darkamazi.info\\\/darka-content\\\/uploads\\\/2020\\\/12\\\/baydemir-kurdistan.jpg\",\"contentUrl\":\"https:\\\/\\\/darkamazi.info\\\/darka-content\\\/uploads\\\/2020\\\/12\\\/baydemir-kurdistan.jpg\",\"width\":822,\"height\":454,\"caption\":\"Baydem\u00eer: av \u00fb nan \u00e7iqas\u00ee ji mirovan re gir\u00eeng bin, lihevkirina kurdan li rojava ewqas\u00ee gir\u00eenge\"},{\"@type\":\"BreadcrumbList\",\"@id\":\"https:\\\/\\\/darkamazi.info\\\/archives\\\/1018214#breadcrumb\",\"itemListElement\":[{\"@type\":\"ListItem\",\"position\":1,\"name\":\"Home\",\"item\":\"https:\\\/\\\/darkamazi.info\\\/\"},{\"@type\":\"ListItem\",\"position\":2,\"name\":\"Baydem\u00eer: av \u00fb nan \u00e7iqas\u00ee ji mirovan re gir\u00eeng bin, lihevkirina kurdan li rojava ewqas\u00ee gir\u00eenge\"}]},{\"@type\":\"WebSite\",\"@id\":\"https:\\\/\\\/darkamazi.info\\\/#website\",\"url\":\"https:\\\/\\\/darkamazi.info\\\/\",\"name\":\"Darka Maz\u00ee\",\"description\":\"P\u00eageha Zanyariy\u00ean Nebih\u00eest\u00ee\",\"publisher\":{\"@id\":\"https:\\\/\\\/darkamazi.info\\\/#organization\"},\"potentialAction\":[{\"@type\":\"SearchAction\",\"target\":{\"@type\":\"EntryPoint\",\"urlTemplate\":\"https:\\\/\\\/darkamazi.info\\\/?s={search_term_string}\"},\"query-input\":{\"@type\":\"PropertyValueSpecification\",\"valueRequired\":true,\"valueName\":\"search_term_string\"}}],\"inLanguage\":\"en-US\"},{\"@type\":\"Organization\",\"@id\":\"https:\\\/\\\/darkamazi.info\\\/#organization\",\"name\":\"Darka Maz\u00ee\",\"url\":\"https:\\\/\\\/darkamazi.info\\\/\",\"logo\":{\"@type\":\"ImageObject\",\"inLanguage\":\"en-US\",\"@id\":\"https:\\\/\\\/darkamazi.info\\\/#\\\/schema\\\/logo\\\/image\\\/\",\"url\":\"https:\\\/\\\/darkamazi.info\\\/darka-content\\\/uploads\\\/2017\\\/12\\\/darka-mazi-logo.png\",\"contentUrl\":\"https:\\\/\\\/darkamazi.info\\\/darka-content\\\/uploads\\\/2017\\\/12\\\/darka-mazi-logo.png\",\"width\":151,\"height\":75,\"caption\":\"Darka Maz\u00ee\"},\"image\":{\"@id\":\"https:\\\/\\\/darkamazi.info\\\/#\\\/schema\\\/logo\\\/image\\\/\"},\"sameAs\":[\"https:\\\/\\\/www.facebook.com\\\/DarMaziKurmanci\",\"https:\\\/\\\/x.com\\\/DarkaMaziLatini\",\"https:\\\/\\\/www.instagram.com\\\/darkamazi.kurmanci\\\/\",\"https:\\\/\\\/www.youtube.com\\\/channel\\\/UCa5HkTdmI8U1qCUFuTw8B2g\"]},{\"@type\":\"Person\",\"@id\":\"https:\\\/\\\/darkamazi.info\\\/#\\\/schema\\\/person\\\/5ad3e24553a0567993fa8ed4bd0a776c\",\"name\":\"darka mazi\",\"sameAs\":[\"https:\\\/\\\/darkamazi.info\\\/\"],\"url\":\"https:\\\/\\\/darkamazi.info\\\/archives\\\/author\\\/kurdi\"}]}<\/script>\n<!-- \/ Yoast SEO plugin. -->","seo_head_json":{"title":"Baydem\u00eer: av \u00fb nan \u00e7iqas\u00ee ji mirovan re gir\u00eeng bin, lihevkirina kurdan li rojava ewqas\u00ee gir\u00eenge - Darka Maz\u00ee","robots":{"index":"index","follow":"follow","max-snippet":"max-snippet:-1","max-image-preview":"max-image-preview:large","max-video-preview":"max-video-preview:-1"},"canonical":"https:\/\/darkamazi.info\/archives\/1018214","og_locale":"en_US","og_type":"article","og_title":"Baydem\u00eer: av \u00fb nan \u00e7iqas\u00ee ji mirovan re gir\u00eeng bin, lihevkirina kurdan li rojava ewqas\u00ee gir\u00eenge - Darka Maz\u00ee","og_description":"Di hevpeyv\u00eeneke taybet de ligel malpera KIDP.info, siyasetmedar\u00ea Bakur\u00ea Kurdistan\u00ea Osman Baydem\u00eer dib\u00eaje, \u201cme gelek qurbaniy\u00ean mezin dane, l\u00ea niha ya gir\u00eeng ewe ku kurd destkeft\u00ean xwe bipar\u00eazin.\u201d herwiha dib\u00eaje, oksic\u00een \u00e7iqas\u00ee ji mirovan re gir\u00eeng be, lihevkirina kurdan li rojava ewqas\u00ee gir\u00eenge. Di v\u00ea hevpeyv\u00een\u00ea de, ku \u00eero roja yek\u015fem\u00ee 27\/12\/2020an di malpera KDP.info [&hellip;]","og_url":"https:\/\/darkamazi.info\/archives\/1018214","og_site_name":"Darka Maz\u00ee","article_publisher":"https:\/\/www.facebook.com\/DarMaziKurmanci","article_published_time":"2020-12-27T17:22:32+00:00","og_image":[{"width":822,"height":454,"url":"https:\/\/darkamazi.info\/file\/2020\/12\/baydemir-kurdistan.jpg","type":"image\/jpeg"}],"author":"darka mazi","twitter_card":"summary_large_image","twitter_creator":"@DarkaMaziLatini","twitter_site":"@DarkaMaziLatini","twitter_misc":{"Written by":"darka mazi","Est. reading time":"4 minutes"},"schema":{"@context":"https:\/\/schema.org","@graph":[{"@type":"Article","@id":"https:\/\/darkamazi.info\/archives\/1018214#article","isPartOf":{"@id":"https:\/\/darkamazi.info\/archives\/1018214"},"author":{"name":"darka mazi","@id":"https:\/\/darkamazi.info\/#\/schema\/person\/5ad3e24553a0567993fa8ed4bd0a776c"},"headline":"Baydem\u00eer: av \u00fb nan \u00e7iqas\u00ee ji mirovan re gir\u00eeng bin, lihevkirina kurdan li rojava ewqas\u00ee gir\u00eenge","datePublished":"2020-12-27T17:22:32+00:00","mainEntityOfPage":{"@id":"https:\/\/darkamazi.info\/archives\/1018214"},"wordCount":794,"publisher":{"@id":"https:\/\/darkamazi.info\/#organization"},"image":{"@id":"https:\/\/darkamazi.info\/archives\/1018214#primaryimage"},"thumbnailUrl":"https:\/\/darkamazi.info\/file\/2020\/12\/baydemir-kurdistan.jpg","keywords":["sereke"],"articleSection":["Kurdistan"],"inLanguage":"en-US"},{"@type":"WebPage","@id":"https:\/\/darkamazi.info\/archives\/1018214","url":"https:\/\/darkamazi.info\/archives\/1018214","name":"Baydem\u00eer: av \u00fb nan \u00e7iqas\u00ee ji mirovan re gir\u00eeng bin, lihevkirina kurdan li rojava ewqas\u00ee gir\u00eenge - Darka Maz\u00ee","isPartOf":{"@id":"https:\/\/darkamazi.info\/#website"},"primaryImageOfPage":{"@id":"https:\/\/darkamazi.info\/archives\/1018214#primaryimage"},"image":{"@id":"https:\/\/darkamazi.info\/archives\/1018214#primaryimage"},"thumbnailUrl":"https:\/\/darkamazi.info\/file\/2020\/12\/baydemir-kurdistan.jpg","datePublished":"2020-12-27T17:22:32+00:00","breadcrumb":{"@id":"https:\/\/darkamazi.info\/archives\/1018214#breadcrumb"},"inLanguage":"en-US","potentialAction":[{"@type":"ReadAction","target":["https:\/\/darkamazi.info\/archives\/1018214"]}]},{"@type":"ImageObject","inLanguage":"en-US","@id":"https:\/\/darkamazi.info\/archives\/1018214#primaryimage","url":"https:\/\/darkamazi.info\/file\/2020\/12\/baydemir-kurdistan.jpg","contentUrl":"https:\/\/darkamazi.info\/file\/2020\/12\/baydemir-kurdistan.jpg","width":822,"height":454,"caption":"Baydem\u00eer: av \u00fb nan \u00e7iqas\u00ee ji mirovan re gir\u00eeng bin, lihevkirina kurdan li rojava ewqas\u00ee gir\u00eenge"},{"@type":"BreadcrumbList","@id":"https:\/\/darkamazi.info\/archives\/1018214#breadcrumb","itemListElement":[{"@type":"ListItem","position":1,"name":"Home","item":"https:\/\/darkamazi.info\/"},{"@type":"ListItem","position":2,"name":"Baydem\u00eer: av \u00fb nan \u00e7iqas\u00ee ji mirovan re gir\u00eeng bin, lihevkirina kurdan li rojava ewqas\u00ee gir\u00eenge"}]},{"@type":"WebSite","@id":"https:\/\/darkamazi.info\/#website","url":"https:\/\/darkamazi.info\/","name":"Darka Maz\u00ee","description":"P\u00eageha Zanyariy\u00ean Nebih\u00eest\u00ee","publisher":{"@id":"https:\/\/darkamazi.info\/#organization"},"potentialAction":[{"@type":"SearchAction","target":{"@type":"EntryPoint","urlTemplate":"https:\/\/darkamazi.info\/?s={search_term_string}"},"query-input":{"@type":"PropertyValueSpecification","valueRequired":true,"valueName":"search_term_string"}}],"inLanguage":"en-US"},{"@type":"Organization","@id":"https:\/\/darkamazi.info\/#organization","name":"Darka Maz\u00ee","url":"https:\/\/darkamazi.info\/","logo":{"@type":"ImageObject","inLanguage":"en-US","@id":"https:\/\/darkamazi.info\/#\/schema\/logo\/image\/","url":"https:\/\/darkamazi.info\/file\/2017\/12\/darka-mazi-logo.png","contentUrl":"https:\/\/darkamazi.info\/file\/2017\/12\/darka-mazi-logo.png","width":151,"height":75,"caption":"Darka Maz\u00ee"},"image":{"@id":"https:\/\/darkamazi.info\/#\/schema\/logo\/image\/"},"sameAs":["https:\/\/www.facebook.com\/DarMaziKurmanci","https:\/\/x.com\/DarkaMaziLatini","https:\/\/www.instagram.com\/darkamazi.kurmanci\/","https:\/\/www.youtube.com\/channel\/UCa5HkTdmI8U1qCUFuTw8B2g"]},{"@type":"Person","@id":"https:\/\/darkamazi.info\/#\/schema\/person\/5ad3e24553a0567993fa8ed4bd0a776c","name":"darka mazi","sameAs":["https:\/\/darkamazi.info\/"],"url":"https:\/\/darkamazi.info\/archives\/author\/kurdi"}]}},"_links":{"self":[{"href":"https:\/\/darkamazi.info\/funavuv\/wp\/v2\/posts\/1018214","targetHints":{"allow":["GET"]}}],"collection":[{"href":"https:\/\/darkamazi.info\/funavuv\/wp\/v2\/posts"}],"about":[{"href":"https:\/\/darkamazi.info\/funavuv\/wp\/v2\/types\/post"}],"author":[{"embeddable":true,"href":"https:\/\/darkamazi.info\/funavuv\/wp\/v2\/users\/2"}],"replies":[{"embeddable":true,"href":"https:\/\/darkamazi.info\/funavuv\/wp\/v2\/comments?post=1018214"}],"version-history":[{"count":0,"href":"https:\/\/darkamazi.info\/funavuv\/wp\/v2\/posts\/1018214\/revisions"}],"wp:featuredmedia":[{"embeddable":true,"href":"https:\/\/darkamazi.info\/funavuv\/wp\/v2\/media\/1018215"}],"wp:attachment":[{"href":"https:\/\/darkamazi.info\/funavuv\/wp\/v2\/media?parent=1018214"}],"wp:term":[{"taxonomy":"category","embeddable":true,"href":"https:\/\/darkamazi.info\/funavuv\/wp\/v2\/categories?post=1018214"},{"taxonomy":"post_tag","embeddable":true,"href":"https:\/\/darkamazi.info\/funavuv\/wp\/v2\/tags?post=1018214"}],"curies":[{"name":"wp","href":"https:\/\/api.w.org\/{rel}","templated":true}]}}