{"id":1018301,"date":"2020-12-30T14:54:50","date_gmt":"2020-12-30T11:54:50","guid":{"rendered":"https:\/\/darkamazi.info\/?p=1018301"},"modified":"2020-12-30T14:54:50","modified_gmt":"2020-12-30T11:54:50","slug":"5-servan-u-11-esker-hatine-kustin","status":"publish","type":"post","link":"https:\/\/darkamazi.info\/archives\/1018301","title":{"rendered":"5 \u015eervan \u00fb 11 esker hatine ku\u015ftin"},"content":{"rendered":"<p style=\"text-align: justify\"><span style=\"font-family: 'arial black', sans-serif\">H\u00eaz\u00ean S\u00fbriyeya Demokrat\u00eek HSD \u00ea \u00a0a\u015fkere kir 5 \u015eervan\u00ean wan li nav\u00e7eya Eyn \u00cesay\u00ea ji aliy\u00ea arte\u015fa Tirkiy\u00ea \u00fb milis\u00ean opoz\u00eesyona S\u00fbriy\u00ea hatine ku\u015ftin.<\/span><\/p>\n<p style=\"text-align: justify\">HSD \u00ea di daxuyaniyek\u00ea de a\u015fkere kiriye di \u015fer\u00ea li gel arte\u015fa Tirkiy\u00ea \u00fb m\u00eel\u00ees\u00ean opoz\u00eesyona S\u00fbriy\u00ea li bajarok\u00ea Eyn \u00cesay\u00ea 5 \u015eervan\u00ean wan hatine ku\u015ftin.<\/p>\n<p style=\"text-align: justify\">Her wiha 11 serbaz\u00ean Tirkiy\u00ea \u00fb mil\u00ees\u00ean opoz\u00eesyoba S\u00fbriy\u00ea j\u00ee hatine ku\u015ftin \u00fb 7 serbaz \u00fb milis j\u00ee weke d\u00eel hatin girtin.<\/p>\n<p style=\"text-align: justify\">Demeke dir\u00eaje \u015fer \u00fb pev\u00e7\u00fbn di navbera HSD \u00ea mil\u00ees\u00ean opoz\u00eesyona S\u00fbriy\u00ea heye li Eyn \u00cesay\u00ea h\u00eaz\u00ean opoz\u00eesyona S\u00fbriy\u00ea hewl didin r\u00eaya bajar\u00ea M4 kontirol bikin.<\/p>\n","protected":false},"excerpt":{"rendered":"<p>H\u00eaz\u00ean S\u00fbriyeya Demokrat\u00eek HSD \u00ea \u00a0a\u015fkere kir 5 \u015eervan\u00ean wan li nav\u00e7eya Eyn \u00cesay\u00ea ji aliy\u00ea arte\u015fa Tirkiy\u00ea \u00fb milis\u00ean opoz\u00eesyona S\u00fbriy\u00ea hatine ku\u015ftin. HSD \u00ea di daxuyaniyek\u00ea de a\u015fkere kiriye di \u015fer\u00ea li gel arte\u015fa Tirkiy\u00ea \u00fb m\u00eel\u00ees\u00ean opoz\u00eesyona S\u00fbriy\u00ea li bajarok\u00ea Eyn \u00cesay\u00ea 5 \u015eervan\u00ean wan hatine ku\u015ftin. Her wiha 11 serbaz\u00ean Tirkiy\u00ea [&hellip;]<\/p>\n","protected":false},"author":2,"featured_media":1018303,"comment_status":"closed","ping_status":"closed","sticky":false,"template":"","format":"standard","meta":{"footnotes":""},"categories":[29],"tags":[37],"class_list":["post-1018301","post","type-post","status-publish","format-standard","has-post-thumbnail","hentry","category-kurdistan","tag-sereke"],"blocksy_meta":[],"seo_head":"<!-- This site is optimized with the Yoast SEO plugin v27.5 - https:\/\/yoast.com\/product\/yoast-seo-wordpress\/ -->\n<title>5 \u015eervan \u00fb 11 esker hatine ku\u015ftin - Darka Maz\u00ee<\/title>\n<meta name=\"robots\" content=\"index, follow, max-snippet:-1, max-image-preview:large, max-video-preview:-1\" \/>\n<link rel=\"canonical\" href=\"https:\/\/darkamazi.info\/archives\/1018301\" \/>\n<meta property=\"og:locale\" content=\"en_US\" \/>\n<meta property=\"og:type\" content=\"article\" \/>\n<meta property=\"og:title\" content=\"5 \u015eervan \u00fb 11 esker hatine ku\u015ftin - Darka Maz\u00ee\" \/>\n<meta property=\"og:description\" content=\"H\u00eaz\u00ean S\u00fbriyeya Demokrat\u00eek HSD \u00ea \u00a0a\u015fkere kir 5 \u015eervan\u00ean wan li nav\u00e7eya Eyn \u00cesay\u00ea ji aliy\u00ea arte\u015fa Tirkiy\u00ea \u00fb milis\u00ean opoz\u00eesyona S\u00fbriy\u00ea hatine ku\u015ftin. HSD \u00ea di daxuyaniyek\u00ea de a\u015fkere kiriye di \u015fer\u00ea li gel arte\u015fa Tirkiy\u00ea \u00fb m\u00eel\u00ees\u00ean opoz\u00eesyona S\u00fbriy\u00ea li bajarok\u00ea Eyn \u00cesay\u00ea 5 \u015eervan\u00ean wan hatine ku\u015ftin. Her wiha 11 serbaz\u00ean Tirkiy\u00ea [&hellip;]\" \/>\n<meta property=\"og:url\" content=\"https:\/\/darkamazi.info\/archives\/1018301\" \/>\n<meta property=\"og:site_name\" content=\"Darka Maz\u00ee\" \/>\n<meta property=\"article:publisher\" content=\"https:\/\/www.facebook.com\/DarMaziKurmanci\" \/>\n<meta property=\"article:published_time\" content=\"2020-12-30T11:54:50+00:00\" \/>\n<meta property=\"og:image\" content=\"https:\/\/darkamazi.info\/file\/2020\/12\/hsd-qsd-kurd-turk-1.jpg\" \/>\n\t<meta property=\"og:image:width\" content=\"900\" \/>\n\t<meta property=\"og:image:height\" content=\"497\" \/>\n\t<meta property=\"og:image:type\" content=\"image\/jpeg\" \/>\n<meta name=\"author\" content=\"darka mazi\" \/>\n<meta name=\"twitter:card\" content=\"summary_large_image\" \/>\n<meta name=\"twitter:creator\" content=\"@DarkaMaziLatini\" \/>\n<meta name=\"twitter:site\" content=\"@DarkaMaziLatini\" \/>\n<meta name=\"twitter:label1\" content=\"Written by\" \/>\n\t<meta name=\"twitter:data1\" content=\"darka mazi\" \/>\n\t<meta name=\"twitter:label2\" content=\"Est. reading time\" \/>\n\t<meta name=\"twitter:data2\" content=\"1 minute\" \/>\n<script type=\"application\/ld+json\" class=\"seo-schema-graph\">{\"@context\":\"https:\\\/\\\/schema.org\",\"@graph\":[{\"@type\":\"Article\",\"@id\":\"https:\\\/\\\/darkamazi.info\\\/archives\\\/1018301#article\",\"isPartOf\":{\"@id\":\"https:\\\/\\\/darkamazi.info\\\/archives\\\/1018301\"},\"author\":{\"name\":\"darka mazi\",\"@id\":\"https:\\\/\\\/darkamazi.info\\\/#\\\/schema\\\/person\\\/5ad3e24553a0567993fa8ed4bd0a776c\"},\"headline\":\"5 \u015eervan \u00fb 11 esker hatine ku\u015ftin\",\"datePublished\":\"2020-12-30T11:54:50+00:00\",\"mainEntityOfPage\":{\"@id\":\"https:\\\/\\\/darkamazi.info\\\/archives\\\/1018301\"},\"wordCount\":129,\"publisher\":{\"@id\":\"https:\\\/\\\/darkamazi.info\\\/#organization\"},\"image\":{\"@id\":\"https:\\\/\\\/darkamazi.info\\\/archives\\\/1018301#primaryimage\"},\"thumbnailUrl\":\"https:\\\/\\\/darkamazi.info\\\/darka-content\\\/uploads\\\/2020\\\/12\\\/hsd-qsd-kurd-turk-1.jpg\",\"keywords\":[\"sereke\"],\"articleSection\":[\"Kurdistan\"],\"inLanguage\":\"en-US\"},{\"@type\":\"WebPage\",\"@id\":\"https:\\\/\\\/darkamazi.info\\\/archives\\\/1018301\",\"url\":\"https:\\\/\\\/darkamazi.info\\\/archives\\\/1018301\",\"name\":\"5 \u015eervan \u00fb 11 esker hatine ku\u015ftin - Darka Maz\u00ee\",\"isPartOf\":{\"@id\":\"https:\\\/\\\/darkamazi.info\\\/#website\"},\"primaryImageOfPage\":{\"@id\":\"https:\\\/\\\/darkamazi.info\\\/archives\\\/1018301#primaryimage\"},\"image\":{\"@id\":\"https:\\\/\\\/darkamazi.info\\\/archives\\\/1018301#primaryimage\"},\"thumbnailUrl\":\"https:\\\/\\\/darkamazi.info\\\/darka-content\\\/uploads\\\/2020\\\/12\\\/hsd-qsd-kurd-turk-1.jpg\",\"datePublished\":\"2020-12-30T11:54:50+00:00\",\"breadcrumb\":{\"@id\":\"https:\\\/\\\/darkamazi.info\\\/archives\\\/1018301#breadcrumb\"},\"inLanguage\":\"en-US\",\"potentialAction\":[{\"@type\":\"ReadAction\",\"target\":[\"https:\\\/\\\/darkamazi.info\\\/archives\\\/1018301\"]}]},{\"@type\":\"ImageObject\",\"inLanguage\":\"en-US\",\"@id\":\"https:\\\/\\\/darkamazi.info\\\/archives\\\/1018301#primaryimage\",\"url\":\"https:\\\/\\\/darkamazi.info\\\/darka-content\\\/uploads\\\/2020\\\/12\\\/hsd-qsd-kurd-turk-1.jpg\",\"contentUrl\":\"https:\\\/\\\/darkamazi.info\\\/darka-content\\\/uploads\\\/2020\\\/12\\\/hsd-qsd-kurd-turk-1.jpg\",\"width\":900,\"height\":497,\"caption\":\"5 \u015eervan \u00fb 11 esker hatine ku\u015ftin\"},{\"@type\":\"BreadcrumbList\",\"@id\":\"https:\\\/\\\/darkamazi.info\\\/archives\\\/1018301#breadcrumb\",\"itemListElement\":[{\"@type\":\"ListItem\",\"position\":1,\"name\":\"Home\",\"item\":\"https:\\\/\\\/darkamazi.info\\\/\"},{\"@type\":\"ListItem\",\"position\":2,\"name\":\"5 \u015eervan \u00fb 11 esker hatine ku\u015ftin\"}]},{\"@type\":\"WebSite\",\"@id\":\"https:\\\/\\\/darkamazi.info\\\/#website\",\"url\":\"https:\\\/\\\/darkamazi.info\\\/\",\"name\":\"Darka Maz\u00ee\",\"description\":\"P\u00eageha Zanyariy\u00ean Nebih\u00eest\u00ee\",\"publisher\":{\"@id\":\"https:\\\/\\\/darkamazi.info\\\/#organization\"},\"potentialAction\":[{\"@type\":\"SearchAction\",\"target\":{\"@type\":\"EntryPoint\",\"urlTemplate\":\"https:\\\/\\\/darkamazi.info\\\/?s={search_term_string}\"},\"query-input\":{\"@type\":\"PropertyValueSpecification\",\"valueRequired\":true,\"valueName\":\"search_term_string\"}}],\"inLanguage\":\"en-US\"},{\"@type\":\"Organization\",\"@id\":\"https:\\\/\\\/darkamazi.info\\\/#organization\",\"name\":\"Darka Maz\u00ee\",\"url\":\"https:\\\/\\\/darkamazi.info\\\/\",\"logo\":{\"@type\":\"ImageObject\",\"inLanguage\":\"en-US\",\"@id\":\"https:\\\/\\\/darkamazi.info\\\/#\\\/schema\\\/logo\\\/image\\\/\",\"url\":\"https:\\\/\\\/darkamazi.info\\\/darka-content\\\/uploads\\\/2017\\\/12\\\/darka-mazi-logo.png\",\"contentUrl\":\"https:\\\/\\\/darkamazi.info\\\/darka-content\\\/uploads\\\/2017\\\/12\\\/darka-mazi-logo.png\",\"width\":151,\"height\":75,\"caption\":\"Darka Maz\u00ee\"},\"image\":{\"@id\":\"https:\\\/\\\/darkamazi.info\\\/#\\\/schema\\\/logo\\\/image\\\/\"},\"sameAs\":[\"https:\\\/\\\/www.facebook.com\\\/DarMaziKurmanci\",\"https:\\\/\\\/x.com\\\/DarkaMaziLatini\",\"https:\\\/\\\/www.instagram.com\\\/darkamazi.kurmanci\\\/\",\"https:\\\/\\\/www.youtube.com\\\/channel\\\/UCa5HkTdmI8U1qCUFuTw8B2g\"]},{\"@type\":\"Person\",\"@id\":\"https:\\\/\\\/darkamazi.info\\\/#\\\/schema\\\/person\\\/5ad3e24553a0567993fa8ed4bd0a776c\",\"name\":\"darka mazi\",\"sameAs\":[\"https:\\\/\\\/darkamazi.info\\\/\"],\"url\":\"https:\\\/\\\/darkamazi.info\\\/archives\\\/author\\\/kurdi\"}]}<\/script>\n<!-- \/ Yoast SEO plugin. -->","seo_head_json":{"title":"5 \u015eervan \u00fb 11 esker hatine ku\u015ftin - Darka Maz\u00ee","robots":{"index":"index","follow":"follow","max-snippet":"max-snippet:-1","max-image-preview":"max-image-preview:large","max-video-preview":"max-video-preview:-1"},"canonical":"https:\/\/darkamazi.info\/archives\/1018301","og_locale":"en_US","og_type":"article","og_title":"5 \u015eervan \u00fb 11 esker hatine ku\u015ftin - Darka Maz\u00ee","og_description":"H\u00eaz\u00ean S\u00fbriyeya Demokrat\u00eek HSD \u00ea \u00a0a\u015fkere kir 5 \u015eervan\u00ean wan li nav\u00e7eya Eyn \u00cesay\u00ea ji aliy\u00ea arte\u015fa Tirkiy\u00ea \u00fb milis\u00ean opoz\u00eesyona S\u00fbriy\u00ea hatine ku\u015ftin. HSD \u00ea di daxuyaniyek\u00ea de a\u015fkere kiriye di \u015fer\u00ea li gel arte\u015fa Tirkiy\u00ea \u00fb m\u00eel\u00ees\u00ean opoz\u00eesyona S\u00fbriy\u00ea li bajarok\u00ea Eyn \u00cesay\u00ea 5 \u015eervan\u00ean wan hatine ku\u015ftin. Her wiha 11 serbaz\u00ean Tirkiy\u00ea [&hellip;]","og_url":"https:\/\/darkamazi.info\/archives\/1018301","og_site_name":"Darka Maz\u00ee","article_publisher":"https:\/\/www.facebook.com\/DarMaziKurmanci","article_published_time":"2020-12-30T11:54:50+00:00","og_image":[{"width":900,"height":497,"url":"https:\/\/darkamazi.info\/file\/2020\/12\/hsd-qsd-kurd-turk-1.jpg","type":"image\/jpeg"}],"author":"darka mazi","twitter_card":"summary_large_image","twitter_creator":"@DarkaMaziLatini","twitter_site":"@DarkaMaziLatini","twitter_misc":{"Written by":"darka mazi","Est. reading time":"1 minute"},"schema":{"@context":"https:\/\/schema.org","@graph":[{"@type":"Article","@id":"https:\/\/darkamazi.info\/archives\/1018301#article","isPartOf":{"@id":"https:\/\/darkamazi.info\/archives\/1018301"},"author":{"name":"darka mazi","@id":"https:\/\/darkamazi.info\/#\/schema\/person\/5ad3e24553a0567993fa8ed4bd0a776c"},"headline":"5 \u015eervan \u00fb 11 esker hatine ku\u015ftin","datePublished":"2020-12-30T11:54:50+00:00","mainEntityOfPage":{"@id":"https:\/\/darkamazi.info\/archives\/1018301"},"wordCount":129,"publisher":{"@id":"https:\/\/darkamazi.info\/#organization"},"image":{"@id":"https:\/\/darkamazi.info\/archives\/1018301#primaryimage"},"thumbnailUrl":"https:\/\/darkamazi.info\/file\/2020\/12\/hsd-qsd-kurd-turk-1.jpg","keywords":["sereke"],"articleSection":["Kurdistan"],"inLanguage":"en-US"},{"@type":"WebPage","@id":"https:\/\/darkamazi.info\/archives\/1018301","url":"https:\/\/darkamazi.info\/archives\/1018301","name":"5 \u015eervan \u00fb 11 esker hatine ku\u015ftin - Darka Maz\u00ee","isPartOf":{"@id":"https:\/\/darkamazi.info\/#website"},"primaryImageOfPage":{"@id":"https:\/\/darkamazi.info\/archives\/1018301#primaryimage"},"image":{"@id":"https:\/\/darkamazi.info\/archives\/1018301#primaryimage"},"thumbnailUrl":"https:\/\/darkamazi.info\/file\/2020\/12\/hsd-qsd-kurd-turk-1.jpg","datePublished":"2020-12-30T11:54:50+00:00","breadcrumb":{"@id":"https:\/\/darkamazi.info\/archives\/1018301#breadcrumb"},"inLanguage":"en-US","potentialAction":[{"@type":"ReadAction","target":["https:\/\/darkamazi.info\/archives\/1018301"]}]},{"@type":"ImageObject","inLanguage":"en-US","@id":"https:\/\/darkamazi.info\/archives\/1018301#primaryimage","url":"https:\/\/darkamazi.info\/file\/2020\/12\/hsd-qsd-kurd-turk-1.jpg","contentUrl":"https:\/\/darkamazi.info\/file\/2020\/12\/hsd-qsd-kurd-turk-1.jpg","width":900,"height":497,"caption":"5 \u015eervan \u00fb 11 esker hatine ku\u015ftin"},{"@type":"BreadcrumbList","@id":"https:\/\/darkamazi.info\/archives\/1018301#breadcrumb","itemListElement":[{"@type":"ListItem","position":1,"name":"Home","item":"https:\/\/darkamazi.info\/"},{"@type":"ListItem","position":2,"name":"5 \u015eervan \u00fb 11 esker hatine ku\u015ftin"}]},{"@type":"WebSite","@id":"https:\/\/darkamazi.info\/#website","url":"https:\/\/darkamazi.info\/","name":"Darka Maz\u00ee","description":"P\u00eageha Zanyariy\u00ean Nebih\u00eest\u00ee","publisher":{"@id":"https:\/\/darkamazi.info\/#organization"},"potentialAction":[{"@type":"SearchAction","target":{"@type":"EntryPoint","urlTemplate":"https:\/\/darkamazi.info\/?s={search_term_string}"},"query-input":{"@type":"PropertyValueSpecification","valueRequired":true,"valueName":"search_term_string"}}],"inLanguage":"en-US"},{"@type":"Organization","@id":"https:\/\/darkamazi.info\/#organization","name":"Darka Maz\u00ee","url":"https:\/\/darkamazi.info\/","logo":{"@type":"ImageObject","inLanguage":"en-US","@id":"https:\/\/darkamazi.info\/#\/schema\/logo\/image\/","url":"https:\/\/darkamazi.info\/file\/2017\/12\/darka-mazi-logo.png","contentUrl":"https:\/\/darkamazi.info\/file\/2017\/12\/darka-mazi-logo.png","width":151,"height":75,"caption":"Darka Maz\u00ee"},"image":{"@id":"https:\/\/darkamazi.info\/#\/schema\/logo\/image\/"},"sameAs":["https:\/\/www.facebook.com\/DarMaziKurmanci","https:\/\/x.com\/DarkaMaziLatini","https:\/\/www.instagram.com\/darkamazi.kurmanci\/","https:\/\/www.youtube.com\/channel\/UCa5HkTdmI8U1qCUFuTw8B2g"]},{"@type":"Person","@id":"https:\/\/darkamazi.info\/#\/schema\/person\/5ad3e24553a0567993fa8ed4bd0a776c","name":"darka mazi","sameAs":["https:\/\/darkamazi.info\/"],"url":"https:\/\/darkamazi.info\/archives\/author\/kurdi"}]}},"_links":{"self":[{"href":"https:\/\/darkamazi.info\/funavuv\/wp\/v2\/posts\/1018301","targetHints":{"allow":["GET"]}}],"collection":[{"href":"https:\/\/darkamazi.info\/funavuv\/wp\/v2\/posts"}],"about":[{"href":"https:\/\/darkamazi.info\/funavuv\/wp\/v2\/types\/post"}],"author":[{"embeddable":true,"href":"https:\/\/darkamazi.info\/funavuv\/wp\/v2\/users\/2"}],"replies":[{"embeddable":true,"href":"https:\/\/darkamazi.info\/funavuv\/wp\/v2\/comments?post=1018301"}],"version-history":[{"count":0,"href":"https:\/\/darkamazi.info\/funavuv\/wp\/v2\/posts\/1018301\/revisions"}],"wp:featuredmedia":[{"embeddable":true,"href":"https:\/\/darkamazi.info\/funavuv\/wp\/v2\/media\/1018303"}],"wp:attachment":[{"href":"https:\/\/darkamazi.info\/funavuv\/wp\/v2\/media?parent=1018301"}],"wp:term":[{"taxonomy":"category","embeddable":true,"href":"https:\/\/darkamazi.info\/funavuv\/wp\/v2\/categories?post=1018301"},{"taxonomy":"post_tag","embeddable":true,"href":"https:\/\/darkamazi.info\/funavuv\/wp\/v2\/tags?post=1018301"}],"curies":[{"name":"wp","href":"https:\/\/api.w.org\/{rel}","templated":true}]}}