{"id":1018691,"date":"2021-01-11T14:25:14","date_gmt":"2021-01-11T11:25:14","guid":{"rendered":"https:\/\/darkamazi.info\/?p=1018691"},"modified":"2021-01-11T14:25:14","modified_gmt":"2021-01-11T11:25:14","slug":"netewen-yekgirti-daxwaza-cibicikirina-peymana-singale-dike","status":"publish","type":"post","link":"https:\/\/darkamazi.info\/archives\/1018691","title":{"rendered":"Netew\u00ean Yekgirt\u00ee daxwaza cibic\u00eekirina Peymana \u015eingal\u00ea dike"},"content":{"rendered":"<h3 style=\"text-align: justify\"><span style=\"font-family: 'arial black', sans-serif\">Netew\u00ean Yekgirt\u00ee\u00a0daxwaz dike, bilez\u00a0Peymana \u015eingal\u00ea\u00a0bi hem\u00fb bend\u00ean w\u00ea ve b\u00ea cibic\u00eekirin.<\/span><\/h3>\n<h3 style=\"text-align: justify\">N\u00fbnera Netew\u00ean Yekgirt\u00ee li \u00ceraq\u00ea\u00a0Jeanine Hennis-Plasschaert\u00a0duh\u00ee bi serdanek\u00ea gih\u00ee\u015ftib\u00fb\u00a0\u015eingal\u00ea\u00a0\u00fb cibic\u00eekirina Peymana v\u00ea dawiy\u00ea ya di navbera Bexda \u00fb Hewl\u00ear\u00ea de ya ji bo asay\u00eekirina rew\u015fa \u015eingal\u00ea \u015fopand.<\/h3>\n<h3 style=\"text-align: justify\">Hennis-Plasschaert ragihand, div\u00ea bilez hem\u00fb r\u00eakar\u00ean ewlehiy\u00ea \u00fb be\u015f\u00ean din \u00ean Peyman\u00ea b\u00eane cibic\u00eekirin, ji bo kar\u00ean gir\u00eeng b\u00eane kirin, nav\u00e7e were avedankirin \u00fb ko\u00e7ber bikaribin vegerin ser cih \u00fb war\u00ean xwe.<\/h3>\n<h3 style=\"text-align: justify\">N\u00fbnera Netew\u00ean Yekgirt\u00ee li \u00ceraq\u00ea pesn\u00ea Peymana \u015eingal\u00ea da \u00fb got: Hik\u00fbmraniyeke akt\u00eev, \u00eedareyeke yekgirt\u00ee \u00fb peydab\u00fbna ewlehiy\u00ea, bingeh\u00ean sereke ne ji bo her p\u00ea\u015fve\u00e7\u00fbnek\u00ea. Ti\u015ft\u00ea ku heta niha hatiye bidestxistin, dikare bibe r\u00eayek ji bo ba\u015ftirkirina rew\u015fa jiyan\u00ee, ji ber v\u00ea yek\u00ea p\u00eaw\u00eest e hem\u00fb al\u00ee bi hev re bixebitin \u00fb bi hev re hevkariy\u00ea bikin.<\/h3>\n<h3 style=\"text-align: justify\">Herwiha \u015fanda Netew\u00ean Yekgirt\u00ee serdana bajar\u00ea kevin \u00ea \u015eengal\u00ea kir ku di dema \u015fer\u00ea 2014-2017an de bi DAI\u015e \u00ea re hatib\u00fb w\u00earankirin \u00fb her wiha serdana gund\u00ea Til Benat \u00ea \u015eengal\u00ea kir ku n\u00eaz\u00ee 600 malbat\u00ean \u015eengal\u00ee y\u00ean ko\u00e7ber, vegeriyan e ser mal \u00fb milk\u00ean xwe.<\/h3>\n","protected":false},"excerpt":{"rendered":"<p>Netew\u00ean Yekgirt\u00ee\u00a0daxwaz dike, bilez\u00a0Peymana \u015eingal\u00ea\u00a0bi hem\u00fb bend\u00ean w\u00ea ve b\u00ea cibic\u00eekirin. N\u00fbnera Netew\u00ean Yekgirt\u00ee li \u00ceraq\u00ea\u00a0Jeanine Hennis-Plasschaert\u00a0duh\u00ee bi serdanek\u00ea gih\u00ee\u015ftib\u00fb\u00a0\u015eingal\u00ea\u00a0\u00fb cibic\u00eekirina Peymana v\u00ea dawiy\u00ea ya di navbera Bexda \u00fb Hewl\u00ear\u00ea de ya ji bo asay\u00eekirina rew\u015fa \u015eingal\u00ea \u015fopand. Hennis-Plasschaert ragihand, div\u00ea bilez hem\u00fb r\u00eakar\u00ean ewlehiy\u00ea \u00fb be\u015f\u00ean din \u00ean Peyman\u00ea b\u00eane cibic\u00eekirin, ji bo kar\u00ean [&hellip;]<\/p>\n","protected":false},"author":2,"featured_media":1018693,"comment_status":"closed","ping_status":"closed","sticky":false,"template":"","format":"standard","meta":{"footnotes":""},"categories":[29],"tags":[37],"class_list":["post-1018691","post","type-post","status-publish","format-standard","has-post-thumbnail","hentry","category-kurdistan","tag-sereke"],"blocksy_meta":[],"seo_head":"<!-- This site is optimized with the Yoast SEO plugin v27.5 - https:\/\/yoast.com\/product\/yoast-seo-wordpress\/ -->\n<title>Netew\u00ean Yekgirt\u00ee daxwaza cibic\u00eekirina Peymana \u015eingal\u00ea dike - Darka Maz\u00ee<\/title>\n<meta name=\"robots\" content=\"index, follow, max-snippet:-1, max-image-preview:large, max-video-preview:-1\" \/>\n<link rel=\"canonical\" href=\"https:\/\/darkamazi.info\/archives\/1018691\" \/>\n<meta property=\"og:locale\" content=\"en_US\" \/>\n<meta property=\"og:type\" content=\"article\" \/>\n<meta property=\"og:title\" content=\"Netew\u00ean Yekgirt\u00ee daxwaza cibic\u00eekirina Peymana \u015eingal\u00ea dike - Darka Maz\u00ee\" \/>\n<meta property=\"og:description\" content=\"Netew\u00ean Yekgirt\u00ee\u00a0daxwaz dike, bilez\u00a0Peymana \u015eingal\u00ea\u00a0bi hem\u00fb bend\u00ean w\u00ea ve b\u00ea cibic\u00eekirin. N\u00fbnera Netew\u00ean Yekgirt\u00ee li \u00ceraq\u00ea\u00a0Jeanine Hennis-Plasschaert\u00a0duh\u00ee bi serdanek\u00ea gih\u00ee\u015ftib\u00fb\u00a0\u015eingal\u00ea\u00a0\u00fb cibic\u00eekirina Peymana v\u00ea dawiy\u00ea ya di navbera Bexda \u00fb Hewl\u00ear\u00ea de ya ji bo asay\u00eekirina rew\u015fa \u015eingal\u00ea \u015fopand. Hennis-Plasschaert ragihand, div\u00ea bilez hem\u00fb r\u00eakar\u00ean ewlehiy\u00ea \u00fb be\u015f\u00ean din \u00ean Peyman\u00ea b\u00eane cibic\u00eekirin, ji bo kar\u00ean [&hellip;]\" \/>\n<meta property=\"og:url\" content=\"https:\/\/darkamazi.info\/archives\/1018691\" \/>\n<meta property=\"og:site_name\" content=\"Darka Maz\u00ee\" \/>\n<meta property=\"article:publisher\" content=\"https:\/\/www.facebook.com\/DarMaziKurmanci\" \/>\n<meta property=\"article:published_time\" content=\"2021-01-11T11:25:14+00:00\" \/>\n<meta property=\"og:image\" content=\"https:\/\/darkamazi.info\/file\/2021\/01\/Hennis-Plasschaert-2.jpg\" \/>\n\t<meta property=\"og:image:width\" content=\"900\" \/>\n\t<meta property=\"og:image:height\" content=\"497\" \/>\n\t<meta property=\"og:image:type\" content=\"image\/jpeg\" \/>\n<meta name=\"author\" content=\"darka mazi\" \/>\n<meta name=\"twitter:card\" content=\"summary_large_image\" \/>\n<meta name=\"twitter:creator\" content=\"@DarkaMaziLatini\" \/>\n<meta name=\"twitter:site\" content=\"@DarkaMaziLatini\" \/>\n<meta name=\"twitter:label1\" content=\"Written by\" \/>\n\t<meta name=\"twitter:data1\" content=\"darka mazi\" \/>\n\t<meta name=\"twitter:label2\" content=\"Est. reading time\" \/>\n\t<meta name=\"twitter:data2\" content=\"1 minute\" \/>\n<script type=\"application\/ld+json\" class=\"seo-schema-graph\">{\"@context\":\"https:\\\/\\\/schema.org\",\"@graph\":[{\"@type\":\"Article\",\"@id\":\"https:\\\/\\\/darkamazi.info\\\/archives\\\/1018691#article\",\"isPartOf\":{\"@id\":\"https:\\\/\\\/darkamazi.info\\\/archives\\\/1018691\"},\"author\":{\"name\":\"darka mazi\",\"@id\":\"https:\\\/\\\/darkamazi.info\\\/#\\\/schema\\\/person\\\/5ad3e24553a0567993fa8ed4bd0a776c\"},\"headline\":\"Netew\u00ean Yekgirt\u00ee daxwaza cibic\u00eekirina Peymana \u015eingal\u00ea dike\",\"datePublished\":\"2021-01-11T11:25:14+00:00\",\"mainEntityOfPage\":{\"@id\":\"https:\\\/\\\/darkamazi.info\\\/archives\\\/1018691\"},\"wordCount\":218,\"publisher\":{\"@id\":\"https:\\\/\\\/darkamazi.info\\\/#organization\"},\"image\":{\"@id\":\"https:\\\/\\\/darkamazi.info\\\/archives\\\/1018691#primaryimage\"},\"thumbnailUrl\":\"https:\\\/\\\/darkamazi.info\\\/darka-content\\\/uploads\\\/2021\\\/01\\\/Hennis-Plasschaert-2.jpg\",\"keywords\":[\"sereke\"],\"articleSection\":[\"Kurdistan\"],\"inLanguage\":\"en-US\"},{\"@type\":\"WebPage\",\"@id\":\"https:\\\/\\\/darkamazi.info\\\/archives\\\/1018691\",\"url\":\"https:\\\/\\\/darkamazi.info\\\/archives\\\/1018691\",\"name\":\"Netew\u00ean Yekgirt\u00ee daxwaza cibic\u00eekirina Peymana \u015eingal\u00ea dike - Darka Maz\u00ee\",\"isPartOf\":{\"@id\":\"https:\\\/\\\/darkamazi.info\\\/#website\"},\"primaryImageOfPage\":{\"@id\":\"https:\\\/\\\/darkamazi.info\\\/archives\\\/1018691#primaryimage\"},\"image\":{\"@id\":\"https:\\\/\\\/darkamazi.info\\\/archives\\\/1018691#primaryimage\"},\"thumbnailUrl\":\"https:\\\/\\\/darkamazi.info\\\/darka-content\\\/uploads\\\/2021\\\/01\\\/Hennis-Plasschaert-2.jpg\",\"datePublished\":\"2021-01-11T11:25:14+00:00\",\"breadcrumb\":{\"@id\":\"https:\\\/\\\/darkamazi.info\\\/archives\\\/1018691#breadcrumb\"},\"inLanguage\":\"en-US\",\"potentialAction\":[{\"@type\":\"ReadAction\",\"target\":[\"https:\\\/\\\/darkamazi.info\\\/archives\\\/1018691\"]}]},{\"@type\":\"ImageObject\",\"inLanguage\":\"en-US\",\"@id\":\"https:\\\/\\\/darkamazi.info\\\/archives\\\/1018691#primaryimage\",\"url\":\"https:\\\/\\\/darkamazi.info\\\/darka-content\\\/uploads\\\/2021\\\/01\\\/Hennis-Plasschaert-2.jpg\",\"contentUrl\":\"https:\\\/\\\/darkamazi.info\\\/darka-content\\\/uploads\\\/2021\\\/01\\\/Hennis-Plasschaert-2.jpg\",\"width\":900,\"height\":497,\"caption\":\"Netew\u00ean Yekgirt\u00ee daxwaza cibic\u00eekirina Peymana \u015eingal\u00ea dike\"},{\"@type\":\"BreadcrumbList\",\"@id\":\"https:\\\/\\\/darkamazi.info\\\/archives\\\/1018691#breadcrumb\",\"itemListElement\":[{\"@type\":\"ListItem\",\"position\":1,\"name\":\"Home\",\"item\":\"https:\\\/\\\/darkamazi.info\\\/\"},{\"@type\":\"ListItem\",\"position\":2,\"name\":\"Netew\u00ean Yekgirt\u00ee daxwaza cibic\u00eekirina Peymana \u015eingal\u00ea dike\"}]},{\"@type\":\"WebSite\",\"@id\":\"https:\\\/\\\/darkamazi.info\\\/#website\",\"url\":\"https:\\\/\\\/darkamazi.info\\\/\",\"name\":\"Darka Maz\u00ee\",\"description\":\"P\u00eageha Zanyariy\u00ean Nebih\u00eest\u00ee\",\"publisher\":{\"@id\":\"https:\\\/\\\/darkamazi.info\\\/#organization\"},\"potentialAction\":[{\"@type\":\"SearchAction\",\"target\":{\"@type\":\"EntryPoint\",\"urlTemplate\":\"https:\\\/\\\/darkamazi.info\\\/?s={search_term_string}\"},\"query-input\":{\"@type\":\"PropertyValueSpecification\",\"valueRequired\":true,\"valueName\":\"search_term_string\"}}],\"inLanguage\":\"en-US\"},{\"@type\":\"Organization\",\"@id\":\"https:\\\/\\\/darkamazi.info\\\/#organization\",\"name\":\"Darka Maz\u00ee\",\"url\":\"https:\\\/\\\/darkamazi.info\\\/\",\"logo\":{\"@type\":\"ImageObject\",\"inLanguage\":\"en-US\",\"@id\":\"https:\\\/\\\/darkamazi.info\\\/#\\\/schema\\\/logo\\\/image\\\/\",\"url\":\"https:\\\/\\\/darkamazi.info\\\/darka-content\\\/uploads\\\/2017\\\/12\\\/darka-mazi-logo.png\",\"contentUrl\":\"https:\\\/\\\/darkamazi.info\\\/darka-content\\\/uploads\\\/2017\\\/12\\\/darka-mazi-logo.png\",\"width\":151,\"height\":75,\"caption\":\"Darka Maz\u00ee\"},\"image\":{\"@id\":\"https:\\\/\\\/darkamazi.info\\\/#\\\/schema\\\/logo\\\/image\\\/\"},\"sameAs\":[\"https:\\\/\\\/www.facebook.com\\\/DarMaziKurmanci\",\"https:\\\/\\\/x.com\\\/DarkaMaziLatini\",\"https:\\\/\\\/www.instagram.com\\\/darkamazi.kurmanci\\\/\",\"https:\\\/\\\/www.youtube.com\\\/channel\\\/UCa5HkTdmI8U1qCUFuTw8B2g\"]},{\"@type\":\"Person\",\"@id\":\"https:\\\/\\\/darkamazi.info\\\/#\\\/schema\\\/person\\\/5ad3e24553a0567993fa8ed4bd0a776c\",\"name\":\"darka mazi\",\"sameAs\":[\"https:\\\/\\\/darkamazi.info\\\/\"],\"url\":\"https:\\\/\\\/darkamazi.info\\\/archives\\\/author\\\/kurdi\"}]}<\/script>\n<!-- \/ Yoast SEO plugin. -->","seo_head_json":{"title":"Netew\u00ean Yekgirt\u00ee daxwaza cibic\u00eekirina Peymana \u015eingal\u00ea dike - Darka Maz\u00ee","robots":{"index":"index","follow":"follow","max-snippet":"max-snippet:-1","max-image-preview":"max-image-preview:large","max-video-preview":"max-video-preview:-1"},"canonical":"https:\/\/darkamazi.info\/archives\/1018691","og_locale":"en_US","og_type":"article","og_title":"Netew\u00ean Yekgirt\u00ee daxwaza cibic\u00eekirina Peymana \u015eingal\u00ea dike - Darka Maz\u00ee","og_description":"Netew\u00ean Yekgirt\u00ee\u00a0daxwaz dike, bilez\u00a0Peymana \u015eingal\u00ea\u00a0bi hem\u00fb bend\u00ean w\u00ea ve b\u00ea cibic\u00eekirin. N\u00fbnera Netew\u00ean Yekgirt\u00ee li \u00ceraq\u00ea\u00a0Jeanine Hennis-Plasschaert\u00a0duh\u00ee bi serdanek\u00ea gih\u00ee\u015ftib\u00fb\u00a0\u015eingal\u00ea\u00a0\u00fb cibic\u00eekirina Peymana v\u00ea dawiy\u00ea ya di navbera Bexda \u00fb Hewl\u00ear\u00ea de ya ji bo asay\u00eekirina rew\u015fa \u015eingal\u00ea \u015fopand. Hennis-Plasschaert ragihand, div\u00ea bilez hem\u00fb r\u00eakar\u00ean ewlehiy\u00ea \u00fb be\u015f\u00ean din \u00ean Peyman\u00ea b\u00eane cibic\u00eekirin, ji bo kar\u00ean [&hellip;]","og_url":"https:\/\/darkamazi.info\/archives\/1018691","og_site_name":"Darka Maz\u00ee","article_publisher":"https:\/\/www.facebook.com\/DarMaziKurmanci","article_published_time":"2021-01-11T11:25:14+00:00","og_image":[{"width":900,"height":497,"url":"https:\/\/darkamazi.info\/file\/2021\/01\/Hennis-Plasschaert-2.jpg","type":"image\/jpeg"}],"author":"darka mazi","twitter_card":"summary_large_image","twitter_creator":"@DarkaMaziLatini","twitter_site":"@DarkaMaziLatini","twitter_misc":{"Written by":"darka mazi","Est. reading time":"1 minute"},"schema":{"@context":"https:\/\/schema.org","@graph":[{"@type":"Article","@id":"https:\/\/darkamazi.info\/archives\/1018691#article","isPartOf":{"@id":"https:\/\/darkamazi.info\/archives\/1018691"},"author":{"name":"darka mazi","@id":"https:\/\/darkamazi.info\/#\/schema\/person\/5ad3e24553a0567993fa8ed4bd0a776c"},"headline":"Netew\u00ean Yekgirt\u00ee daxwaza cibic\u00eekirina Peymana \u015eingal\u00ea dike","datePublished":"2021-01-11T11:25:14+00:00","mainEntityOfPage":{"@id":"https:\/\/darkamazi.info\/archives\/1018691"},"wordCount":218,"publisher":{"@id":"https:\/\/darkamazi.info\/#organization"},"image":{"@id":"https:\/\/darkamazi.info\/archives\/1018691#primaryimage"},"thumbnailUrl":"https:\/\/darkamazi.info\/file\/2021\/01\/Hennis-Plasschaert-2.jpg","keywords":["sereke"],"articleSection":["Kurdistan"],"inLanguage":"en-US"},{"@type":"WebPage","@id":"https:\/\/darkamazi.info\/archives\/1018691","url":"https:\/\/darkamazi.info\/archives\/1018691","name":"Netew\u00ean Yekgirt\u00ee daxwaza cibic\u00eekirina Peymana \u015eingal\u00ea dike - Darka Maz\u00ee","isPartOf":{"@id":"https:\/\/darkamazi.info\/#website"},"primaryImageOfPage":{"@id":"https:\/\/darkamazi.info\/archives\/1018691#primaryimage"},"image":{"@id":"https:\/\/darkamazi.info\/archives\/1018691#primaryimage"},"thumbnailUrl":"https:\/\/darkamazi.info\/file\/2021\/01\/Hennis-Plasschaert-2.jpg","datePublished":"2021-01-11T11:25:14+00:00","breadcrumb":{"@id":"https:\/\/darkamazi.info\/archives\/1018691#breadcrumb"},"inLanguage":"en-US","potentialAction":[{"@type":"ReadAction","target":["https:\/\/darkamazi.info\/archives\/1018691"]}]},{"@type":"ImageObject","inLanguage":"en-US","@id":"https:\/\/darkamazi.info\/archives\/1018691#primaryimage","url":"https:\/\/darkamazi.info\/file\/2021\/01\/Hennis-Plasschaert-2.jpg","contentUrl":"https:\/\/darkamazi.info\/file\/2021\/01\/Hennis-Plasschaert-2.jpg","width":900,"height":497,"caption":"Netew\u00ean Yekgirt\u00ee daxwaza cibic\u00eekirina Peymana \u015eingal\u00ea dike"},{"@type":"BreadcrumbList","@id":"https:\/\/darkamazi.info\/archives\/1018691#breadcrumb","itemListElement":[{"@type":"ListItem","position":1,"name":"Home","item":"https:\/\/darkamazi.info\/"},{"@type":"ListItem","position":2,"name":"Netew\u00ean Yekgirt\u00ee daxwaza cibic\u00eekirina Peymana \u015eingal\u00ea dike"}]},{"@type":"WebSite","@id":"https:\/\/darkamazi.info\/#website","url":"https:\/\/darkamazi.info\/","name":"Darka Maz\u00ee","description":"P\u00eageha Zanyariy\u00ean Nebih\u00eest\u00ee","publisher":{"@id":"https:\/\/darkamazi.info\/#organization"},"potentialAction":[{"@type":"SearchAction","target":{"@type":"EntryPoint","urlTemplate":"https:\/\/darkamazi.info\/?s={search_term_string}"},"query-input":{"@type":"PropertyValueSpecification","valueRequired":true,"valueName":"search_term_string"}}],"inLanguage":"en-US"},{"@type":"Organization","@id":"https:\/\/darkamazi.info\/#organization","name":"Darka Maz\u00ee","url":"https:\/\/darkamazi.info\/","logo":{"@type":"ImageObject","inLanguage":"en-US","@id":"https:\/\/darkamazi.info\/#\/schema\/logo\/image\/","url":"https:\/\/darkamazi.info\/file\/2017\/12\/darka-mazi-logo.png","contentUrl":"https:\/\/darkamazi.info\/file\/2017\/12\/darka-mazi-logo.png","width":151,"height":75,"caption":"Darka Maz\u00ee"},"image":{"@id":"https:\/\/darkamazi.info\/#\/schema\/logo\/image\/"},"sameAs":["https:\/\/www.facebook.com\/DarMaziKurmanci","https:\/\/x.com\/DarkaMaziLatini","https:\/\/www.instagram.com\/darkamazi.kurmanci\/","https:\/\/www.youtube.com\/channel\/UCa5HkTdmI8U1qCUFuTw8B2g"]},{"@type":"Person","@id":"https:\/\/darkamazi.info\/#\/schema\/person\/5ad3e24553a0567993fa8ed4bd0a776c","name":"darka mazi","sameAs":["https:\/\/darkamazi.info\/"],"url":"https:\/\/darkamazi.info\/archives\/author\/kurdi"}]}},"_links":{"self":[{"href":"https:\/\/darkamazi.info\/funavuv\/wp\/v2\/posts\/1018691","targetHints":{"allow":["GET"]}}],"collection":[{"href":"https:\/\/darkamazi.info\/funavuv\/wp\/v2\/posts"}],"about":[{"href":"https:\/\/darkamazi.info\/funavuv\/wp\/v2\/types\/post"}],"author":[{"embeddable":true,"href":"https:\/\/darkamazi.info\/funavuv\/wp\/v2\/users\/2"}],"replies":[{"embeddable":true,"href":"https:\/\/darkamazi.info\/funavuv\/wp\/v2\/comments?post=1018691"}],"version-history":[{"count":0,"href":"https:\/\/darkamazi.info\/funavuv\/wp\/v2\/posts\/1018691\/revisions"}],"wp:featuredmedia":[{"embeddable":true,"href":"https:\/\/darkamazi.info\/funavuv\/wp\/v2\/media\/1018693"}],"wp:attachment":[{"href":"https:\/\/darkamazi.info\/funavuv\/wp\/v2\/media?parent=1018691"}],"wp:term":[{"taxonomy":"category","embeddable":true,"href":"https:\/\/darkamazi.info\/funavuv\/wp\/v2\/categories?post=1018691"},{"taxonomy":"post_tag","embeddable":true,"href":"https:\/\/darkamazi.info\/funavuv\/wp\/v2\/tags?post=1018691"}],"curies":[{"name":"wp","href":"https:\/\/api.w.org\/{rel}","templated":true}]}}