{"id":1018698,"date":"2021-01-11T16:59:40","date_gmt":"2021-01-11T13:59:40","guid":{"rendered":"https:\/\/darkamazi.info\/?p=1018698"},"modified":"2021-01-11T16:59:40","modified_gmt":"2021-01-11T13:59:40","slug":"berfina-12-sali-li-ber-dere-male-revand-u-birine-leskeriye","status":"publish","type":"post","link":"https:\/\/darkamazi.info\/archives\/1018698","title":{"rendered":"Berf\u00eena 12 sal\u00ee li ber der\u00ea mal\u00ea revand \u00fb birine le\u015fkeriy\u00ea"},"content":{"rendered":"<h3 style=\"text-align: justify\"><span style=\"font-family: 'arial black', sans-serif\">Li Rojavay\u00ea Kurdistan\u00ea h\u00eaj j\u00ee pirsa zarok\u00ean ku ji bo le\u015fkeriy\u00ea hatine birin \u00e7areser neb\u00fbye \u00fb gelek malbat li benda vegera zarok\u00ean xwe ne. Dayikeke Kurd bi nav\u00ea Mah\u00een Ehmed ku ke\u00e7a w\u00ea ya 12 sal\u00ee ji bo le\u015fkeriy\u00ea hatiye birin, bi gir\u00ee ji R\u00fbdaw\u00ea re dib\u00eaje, h\u00eaviya w\u00ea ew e ku ke\u00e7a w\u00ea ya bi\u00e7\u00fbk j\u00ea re veger\u00eenin.<\/span><\/h3>\n<h3 style=\"text-align: justify\">Berf\u00een El Umer\u00ee ya 12 sal\u00ee ku ji daiykb\u00fbya sala 2008 li bajar\u00ea Am\u00fbd\u00ea ye, di 17 meha Mijdara sala 2020 de ji mal derdikeve \u00fb li navendeke \u00e7ekdar\u00ee dibe endam, merc\u00ea tevl\u00eeb\u00fbna w\u00ea navend\u00ea, qutb\u00fbn ji malbat\u00ea ye.<\/h3>\n<h3 style=\"text-align: justify\">Mah\u00een Ehmed, diya Berf\u00een\u00ea ji R\u00fbdaw\u00ea re dib\u00eaje: \u201cDemjim\u00ear yek\u00ea n\u00eevro ji mal derket, telefonek j\u00ea re hat, telefona xwe bi xwe re bir \u00fb derket, ti\u015ftek\u00ee din nebir, pi\u015ft\u00ee 2 rojan em \u00e7\u00fbne navenda ciwanan, gotin ne li cem me ye, pi\u015ft\u00ee w\u00ea d\u00eesan bi 2 rojan em \u00e7\u00fbn Hesek\u00ea gotin ne li cem me ye, l\u00ea careke din gotin li cem me ye \u00fb \u00e7\u00fbye perwerdey\u00ea \u00fb telefona w\u00ea dan bav\u00ea w\u00ea.\u201d<\/h3>\n<h3 style=\"text-align: justify\">Mah\u00een Ehmed, mobayla ke\u00e7a xwe pi\u015ft\u00ee 20 rojan ji revandina w\u00ea, ji navendeke ciwanan ji Hesek\u00ea werdigre, li heman bajar\u00ee Of\u00eesa Parastina Zarokan heye ku weke p\u00eangavek\u00ea ji aliy\u00ea H\u00eaz\u00ean S\u00fbriya Demokrat\u00eek ve ji bo r\u00eagirtina li ber \u00e7ekdarkirina zarokan hatiye damezrandin, malbata berf\u00een li wir gil\u00ee dikin.<\/h3>\n<h3 style=\"text-align: justify\">Ji 86 k\u00eays\u00ean birin \u00fb \u00e7ekdarkirina zarokan ku di sala 2020an de li Of\u00eesa Parastina Zarokan hatine tomarkirin, 12 zarok bi r\u00eaya w\u00ea of\u00ees\u00ea ji bo malbat\u00ean wan hatine vegerandin. Rayedar\u00ean w\u00ea of\u00ees\u00ea dib\u00eajin, ew hewl didin zarok\u00ean din j\u00ee veger\u00eenin nav malbat\u00ean wan.<\/h3>\n<h3 style=\"text-align: justify\">Malbat\u00ean wan zarokan bang li aliy\u00ean p\u00eawend\u00eedar \u00ean Rojavay\u00ea Kurdistan\u00ea dikin, zarok\u00ean wan veger\u00eenin.<\/h3>\n<h3 style=\"text-align: justify\">Xalid Cebir, Hevserok\u00ea Of\u00eesa Parastina Zarokan ji R\u00fbdaw\u00ea re ragihand: \u201cPi\u015ft\u00ee ku em giliy\u00ean wan (malbatan) werdigrin, raster\u00ea em radest\u00ee hik\u00fbmeta Bak\u00fbr Rojhilat\u00ea S\u00fbriy\u00ea dikin, ew li ser kar dikin bi HSD\u00ea re, eger tevl\u00ee wan b\u00fbbe, rastr\u00ea ew t\u00een\u00ean Of\u00eesa Zarokan \u00fb pi\u015ftre radest\u00ee malbat\u00ea t\u00ea kirin, carna j\u00ee ji ber serederiya malbat\u00ea bi zarokan re j\u00ee, zarok direvin.\u201d<\/h3>\n<h3 style=\"text-align: justify\">R\u00eagirtin li ber \u00e7ekdarkirina zarokan, hi\u015fiyarkirina malbat\u00ea li ser \u00e7awaniya sereder\u00eekirin bi zarokan re \u00fb qedexekirina kar\u00ean giran li ser zarokan, projey\u00ean b\u00ea y\u00ean parastina zarokan li Rojavay\u00ea Kurdistan\u00ea ne.<\/h3>\n","protected":false},"excerpt":{"rendered":"<p>Li Rojavay\u00ea Kurdistan\u00ea h\u00eaj j\u00ee pirsa zarok\u00ean ku ji bo le\u015fkeriy\u00ea hatine birin \u00e7areser neb\u00fbye \u00fb gelek malbat li benda vegera zarok\u00ean xwe ne. Dayikeke Kurd bi nav\u00ea Mah\u00een Ehmed ku ke\u00e7a w\u00ea ya 12 sal\u00ee ji bo le\u015fkeriy\u00ea hatiye birin, bi gir\u00ee ji R\u00fbdaw\u00ea re dib\u00eaje, h\u00eaviya w\u00ea ew e ku ke\u00e7a w\u00ea ya [&hellip;]<\/p>\n","protected":false},"author":2,"featured_media":1018701,"comment_status":"closed","ping_status":"closed","sticky":false,"template":"","format":"standard","meta":{"footnotes":""},"categories":[29],"tags":[37],"class_list":["post-1018698","post","type-post","status-publish","format-standard","has-post-thumbnail","hentry","category-kurdistan","tag-sereke"],"blocksy_meta":[],"seo_head":"<!-- This site is optimized with the Yoast SEO plugin v27.5 - https:\/\/yoast.com\/product\/yoast-seo-wordpress\/ -->\n<title>Berf\u00eena 12 sal\u00ee li ber der\u00ea mal\u00ea revand \u00fb birine le\u015fkeriy\u00ea - Darka Maz\u00ee<\/title>\n<meta name=\"robots\" content=\"index, follow, max-snippet:-1, max-image-preview:large, max-video-preview:-1\" \/>\n<link rel=\"canonical\" href=\"https:\/\/darkamazi.info\/archives\/1018698\" \/>\n<meta property=\"og:locale\" content=\"en_US\" \/>\n<meta property=\"og:type\" content=\"article\" \/>\n<meta property=\"og:title\" content=\"Berf\u00eena 12 sal\u00ee li ber der\u00ea mal\u00ea revand \u00fb birine le\u015fkeriy\u00ea - Darka Maz\u00ee\" \/>\n<meta property=\"og:description\" content=\"Li Rojavay\u00ea Kurdistan\u00ea h\u00eaj j\u00ee pirsa zarok\u00ean ku ji bo le\u015fkeriy\u00ea hatine birin \u00e7areser neb\u00fbye \u00fb gelek malbat li benda vegera zarok\u00ean xwe ne. Dayikeke Kurd bi nav\u00ea Mah\u00een Ehmed ku ke\u00e7a w\u00ea ya 12 sal\u00ee ji bo le\u015fkeriy\u00ea hatiye birin, bi gir\u00ee ji R\u00fbdaw\u00ea re dib\u00eaje, h\u00eaviya w\u00ea ew e ku ke\u00e7a w\u00ea ya [&hellip;]\" \/>\n<meta property=\"og:url\" content=\"https:\/\/darkamazi.info\/archives\/1018698\" \/>\n<meta property=\"og:site_name\" content=\"Darka Maz\u00ee\" \/>\n<meta property=\"article:publisher\" content=\"https:\/\/www.facebook.com\/DarMaziKurmanci\" \/>\n<meta property=\"article:published_time\" content=\"2021-01-11T13:59:40+00:00\" \/>\n<meta property=\"og:image\" content=\"https:\/\/darkamazi.info\/file\/2021\/01\/revandin-rojava.jpg\" \/>\n\t<meta property=\"og:image:width\" content=\"822\" \/>\n\t<meta property=\"og:image:height\" content=\"454\" \/>\n\t<meta property=\"og:image:type\" content=\"image\/jpeg\" \/>\n<meta name=\"author\" content=\"darka mazi\" \/>\n<meta name=\"twitter:card\" content=\"summary_large_image\" \/>\n<meta name=\"twitter:creator\" content=\"@DarkaMaziLatini\" \/>\n<meta name=\"twitter:site\" content=\"@DarkaMaziLatini\" \/>\n<meta name=\"twitter:label1\" content=\"Written by\" \/>\n\t<meta name=\"twitter:data1\" content=\"darka mazi\" \/>\n\t<meta name=\"twitter:label2\" content=\"Est. reading time\" \/>\n\t<meta name=\"twitter:data2\" content=\"2 minutes\" \/>\n<script type=\"application\/ld+json\" class=\"seo-schema-graph\">{\"@context\":\"https:\\\/\\\/schema.org\",\"@graph\":[{\"@type\":\"Article\",\"@id\":\"https:\\\/\\\/darkamazi.info\\\/archives\\\/1018698#article\",\"isPartOf\":{\"@id\":\"https:\\\/\\\/darkamazi.info\\\/archives\\\/1018698\"},\"author\":{\"name\":\"darka mazi\",\"@id\":\"https:\\\/\\\/darkamazi.info\\\/#\\\/schema\\\/person\\\/5ad3e24553a0567993fa8ed4bd0a776c\"},\"headline\":\"Berf\u00eena 12 sal\u00ee li ber der\u00ea mal\u00ea revand \u00fb birine le\u015fkeriy\u00ea\",\"datePublished\":\"2021-01-11T13:59:40+00:00\",\"mainEntityOfPage\":{\"@id\":\"https:\\\/\\\/darkamazi.info\\\/archives\\\/1018698\"},\"wordCount\":438,\"publisher\":{\"@id\":\"https:\\\/\\\/darkamazi.info\\\/#organization\"},\"image\":{\"@id\":\"https:\\\/\\\/darkamazi.info\\\/archives\\\/1018698#primaryimage\"},\"thumbnailUrl\":\"https:\\\/\\\/darkamazi.info\\\/darka-content\\\/uploads\\\/2021\\\/01\\\/revandin-rojava.jpg\",\"keywords\":[\"sereke\"],\"articleSection\":[\"Kurdistan\"],\"inLanguage\":\"en-US\"},{\"@type\":\"WebPage\",\"@id\":\"https:\\\/\\\/darkamazi.info\\\/archives\\\/1018698\",\"url\":\"https:\\\/\\\/darkamazi.info\\\/archives\\\/1018698\",\"name\":\"Berf\u00eena 12 sal\u00ee li ber der\u00ea mal\u00ea revand \u00fb birine le\u015fkeriy\u00ea - Darka Maz\u00ee\",\"isPartOf\":{\"@id\":\"https:\\\/\\\/darkamazi.info\\\/#website\"},\"primaryImageOfPage\":{\"@id\":\"https:\\\/\\\/darkamazi.info\\\/archives\\\/1018698#primaryimage\"},\"image\":{\"@id\":\"https:\\\/\\\/darkamazi.info\\\/archives\\\/1018698#primaryimage\"},\"thumbnailUrl\":\"https:\\\/\\\/darkamazi.info\\\/darka-content\\\/uploads\\\/2021\\\/01\\\/revandin-rojava.jpg\",\"datePublished\":\"2021-01-11T13:59:40+00:00\",\"breadcrumb\":{\"@id\":\"https:\\\/\\\/darkamazi.info\\\/archives\\\/1018698#breadcrumb\"},\"inLanguage\":\"en-US\",\"potentialAction\":[{\"@type\":\"ReadAction\",\"target\":[\"https:\\\/\\\/darkamazi.info\\\/archives\\\/1018698\"]}]},{\"@type\":\"ImageObject\",\"inLanguage\":\"en-US\",\"@id\":\"https:\\\/\\\/darkamazi.info\\\/archives\\\/1018698#primaryimage\",\"url\":\"https:\\\/\\\/darkamazi.info\\\/darka-content\\\/uploads\\\/2021\\\/01\\\/revandin-rojava.jpg\",\"contentUrl\":\"https:\\\/\\\/darkamazi.info\\\/darka-content\\\/uploads\\\/2021\\\/01\\\/revandin-rojava.jpg\",\"width\":822,\"height\":454,\"caption\":\"Berf\u00eena 12 sal\u00ee li ber der\u00ea mal\u00ea revand \u00fb birine le\u015fkeriy\u00ea\"},{\"@type\":\"BreadcrumbList\",\"@id\":\"https:\\\/\\\/darkamazi.info\\\/archives\\\/1018698#breadcrumb\",\"itemListElement\":[{\"@type\":\"ListItem\",\"position\":1,\"name\":\"Home\",\"item\":\"https:\\\/\\\/darkamazi.info\\\/\"},{\"@type\":\"ListItem\",\"position\":2,\"name\":\"Berf\u00eena 12 sal\u00ee li ber der\u00ea mal\u00ea revand \u00fb birine le\u015fkeriy\u00ea\"}]},{\"@type\":\"WebSite\",\"@id\":\"https:\\\/\\\/darkamazi.info\\\/#website\",\"url\":\"https:\\\/\\\/darkamazi.info\\\/\",\"name\":\"Darka Maz\u00ee\",\"description\":\"P\u00eageha Zanyariy\u00ean Nebih\u00eest\u00ee\",\"publisher\":{\"@id\":\"https:\\\/\\\/darkamazi.info\\\/#organization\"},\"potentialAction\":[{\"@type\":\"SearchAction\",\"target\":{\"@type\":\"EntryPoint\",\"urlTemplate\":\"https:\\\/\\\/darkamazi.info\\\/?s={search_term_string}\"},\"query-input\":{\"@type\":\"PropertyValueSpecification\",\"valueRequired\":true,\"valueName\":\"search_term_string\"}}],\"inLanguage\":\"en-US\"},{\"@type\":\"Organization\",\"@id\":\"https:\\\/\\\/darkamazi.info\\\/#organization\",\"name\":\"Darka Maz\u00ee\",\"url\":\"https:\\\/\\\/darkamazi.info\\\/\",\"logo\":{\"@type\":\"ImageObject\",\"inLanguage\":\"en-US\",\"@id\":\"https:\\\/\\\/darkamazi.info\\\/#\\\/schema\\\/logo\\\/image\\\/\",\"url\":\"https:\\\/\\\/darkamazi.info\\\/darka-content\\\/uploads\\\/2017\\\/12\\\/darka-mazi-logo.png\",\"contentUrl\":\"https:\\\/\\\/darkamazi.info\\\/darka-content\\\/uploads\\\/2017\\\/12\\\/darka-mazi-logo.png\",\"width\":151,\"height\":75,\"caption\":\"Darka Maz\u00ee\"},\"image\":{\"@id\":\"https:\\\/\\\/darkamazi.info\\\/#\\\/schema\\\/logo\\\/image\\\/\"},\"sameAs\":[\"https:\\\/\\\/www.facebook.com\\\/DarMaziKurmanci\",\"https:\\\/\\\/x.com\\\/DarkaMaziLatini\",\"https:\\\/\\\/www.instagram.com\\\/darkamazi.kurmanci\\\/\",\"https:\\\/\\\/www.youtube.com\\\/channel\\\/UCa5HkTdmI8U1qCUFuTw8B2g\"]},{\"@type\":\"Person\",\"@id\":\"https:\\\/\\\/darkamazi.info\\\/#\\\/schema\\\/person\\\/5ad3e24553a0567993fa8ed4bd0a776c\",\"name\":\"darka mazi\",\"sameAs\":[\"https:\\\/\\\/darkamazi.info\\\/\"],\"url\":\"https:\\\/\\\/darkamazi.info\\\/archives\\\/author\\\/kurdi\"}]}<\/script>\n<!-- \/ Yoast SEO plugin. -->","seo_head_json":{"title":"Berf\u00eena 12 sal\u00ee li ber der\u00ea mal\u00ea revand \u00fb birine le\u015fkeriy\u00ea - Darka Maz\u00ee","robots":{"index":"index","follow":"follow","max-snippet":"max-snippet:-1","max-image-preview":"max-image-preview:large","max-video-preview":"max-video-preview:-1"},"canonical":"https:\/\/darkamazi.info\/archives\/1018698","og_locale":"en_US","og_type":"article","og_title":"Berf\u00eena 12 sal\u00ee li ber der\u00ea mal\u00ea revand \u00fb birine le\u015fkeriy\u00ea - Darka Maz\u00ee","og_description":"Li Rojavay\u00ea Kurdistan\u00ea h\u00eaj j\u00ee pirsa zarok\u00ean ku ji bo le\u015fkeriy\u00ea hatine birin \u00e7areser neb\u00fbye \u00fb gelek malbat li benda vegera zarok\u00ean xwe ne. Dayikeke Kurd bi nav\u00ea Mah\u00een Ehmed ku ke\u00e7a w\u00ea ya 12 sal\u00ee ji bo le\u015fkeriy\u00ea hatiye birin, bi gir\u00ee ji R\u00fbdaw\u00ea re dib\u00eaje, h\u00eaviya w\u00ea ew e ku ke\u00e7a w\u00ea ya [&hellip;]","og_url":"https:\/\/darkamazi.info\/archives\/1018698","og_site_name":"Darka Maz\u00ee","article_publisher":"https:\/\/www.facebook.com\/DarMaziKurmanci","article_published_time":"2021-01-11T13:59:40+00:00","og_image":[{"width":822,"height":454,"url":"https:\/\/darkamazi.info\/file\/2021\/01\/revandin-rojava.jpg","type":"image\/jpeg"}],"author":"darka mazi","twitter_card":"summary_large_image","twitter_creator":"@DarkaMaziLatini","twitter_site":"@DarkaMaziLatini","twitter_misc":{"Written by":"darka mazi","Est. reading time":"2 minutes"},"schema":{"@context":"https:\/\/schema.org","@graph":[{"@type":"Article","@id":"https:\/\/darkamazi.info\/archives\/1018698#article","isPartOf":{"@id":"https:\/\/darkamazi.info\/archives\/1018698"},"author":{"name":"darka mazi","@id":"https:\/\/darkamazi.info\/#\/schema\/person\/5ad3e24553a0567993fa8ed4bd0a776c"},"headline":"Berf\u00eena 12 sal\u00ee li ber der\u00ea mal\u00ea revand \u00fb birine le\u015fkeriy\u00ea","datePublished":"2021-01-11T13:59:40+00:00","mainEntityOfPage":{"@id":"https:\/\/darkamazi.info\/archives\/1018698"},"wordCount":438,"publisher":{"@id":"https:\/\/darkamazi.info\/#organization"},"image":{"@id":"https:\/\/darkamazi.info\/archives\/1018698#primaryimage"},"thumbnailUrl":"https:\/\/darkamazi.info\/file\/2021\/01\/revandin-rojava.jpg","keywords":["sereke"],"articleSection":["Kurdistan"],"inLanguage":"en-US"},{"@type":"WebPage","@id":"https:\/\/darkamazi.info\/archives\/1018698","url":"https:\/\/darkamazi.info\/archives\/1018698","name":"Berf\u00eena 12 sal\u00ee li ber der\u00ea mal\u00ea revand \u00fb birine le\u015fkeriy\u00ea - Darka Maz\u00ee","isPartOf":{"@id":"https:\/\/darkamazi.info\/#website"},"primaryImageOfPage":{"@id":"https:\/\/darkamazi.info\/archives\/1018698#primaryimage"},"image":{"@id":"https:\/\/darkamazi.info\/archives\/1018698#primaryimage"},"thumbnailUrl":"https:\/\/darkamazi.info\/file\/2021\/01\/revandin-rojava.jpg","datePublished":"2021-01-11T13:59:40+00:00","breadcrumb":{"@id":"https:\/\/darkamazi.info\/archives\/1018698#breadcrumb"},"inLanguage":"en-US","potentialAction":[{"@type":"ReadAction","target":["https:\/\/darkamazi.info\/archives\/1018698"]}]},{"@type":"ImageObject","inLanguage":"en-US","@id":"https:\/\/darkamazi.info\/archives\/1018698#primaryimage","url":"https:\/\/darkamazi.info\/file\/2021\/01\/revandin-rojava.jpg","contentUrl":"https:\/\/darkamazi.info\/file\/2021\/01\/revandin-rojava.jpg","width":822,"height":454,"caption":"Berf\u00eena 12 sal\u00ee li ber der\u00ea mal\u00ea revand \u00fb birine le\u015fkeriy\u00ea"},{"@type":"BreadcrumbList","@id":"https:\/\/darkamazi.info\/archives\/1018698#breadcrumb","itemListElement":[{"@type":"ListItem","position":1,"name":"Home","item":"https:\/\/darkamazi.info\/"},{"@type":"ListItem","position":2,"name":"Berf\u00eena 12 sal\u00ee li ber der\u00ea mal\u00ea revand \u00fb birine le\u015fkeriy\u00ea"}]},{"@type":"WebSite","@id":"https:\/\/darkamazi.info\/#website","url":"https:\/\/darkamazi.info\/","name":"Darka Maz\u00ee","description":"P\u00eageha Zanyariy\u00ean Nebih\u00eest\u00ee","publisher":{"@id":"https:\/\/darkamazi.info\/#organization"},"potentialAction":[{"@type":"SearchAction","target":{"@type":"EntryPoint","urlTemplate":"https:\/\/darkamazi.info\/?s={search_term_string}"},"query-input":{"@type":"PropertyValueSpecification","valueRequired":true,"valueName":"search_term_string"}}],"inLanguage":"en-US"},{"@type":"Organization","@id":"https:\/\/darkamazi.info\/#organization","name":"Darka Maz\u00ee","url":"https:\/\/darkamazi.info\/","logo":{"@type":"ImageObject","inLanguage":"en-US","@id":"https:\/\/darkamazi.info\/#\/schema\/logo\/image\/","url":"https:\/\/darkamazi.info\/file\/2017\/12\/darka-mazi-logo.png","contentUrl":"https:\/\/darkamazi.info\/file\/2017\/12\/darka-mazi-logo.png","width":151,"height":75,"caption":"Darka Maz\u00ee"},"image":{"@id":"https:\/\/darkamazi.info\/#\/schema\/logo\/image\/"},"sameAs":["https:\/\/www.facebook.com\/DarMaziKurmanci","https:\/\/x.com\/DarkaMaziLatini","https:\/\/www.instagram.com\/darkamazi.kurmanci\/","https:\/\/www.youtube.com\/channel\/UCa5HkTdmI8U1qCUFuTw8B2g"]},{"@type":"Person","@id":"https:\/\/darkamazi.info\/#\/schema\/person\/5ad3e24553a0567993fa8ed4bd0a776c","name":"darka mazi","sameAs":["https:\/\/darkamazi.info\/"],"url":"https:\/\/darkamazi.info\/archives\/author\/kurdi"}]}},"_links":{"self":[{"href":"https:\/\/darkamazi.info\/funavuv\/wp\/v2\/posts\/1018698","targetHints":{"allow":["GET"]}}],"collection":[{"href":"https:\/\/darkamazi.info\/funavuv\/wp\/v2\/posts"}],"about":[{"href":"https:\/\/darkamazi.info\/funavuv\/wp\/v2\/types\/post"}],"author":[{"embeddable":true,"href":"https:\/\/darkamazi.info\/funavuv\/wp\/v2\/users\/2"}],"replies":[{"embeddable":true,"href":"https:\/\/darkamazi.info\/funavuv\/wp\/v2\/comments?post=1018698"}],"version-history":[{"count":0,"href":"https:\/\/darkamazi.info\/funavuv\/wp\/v2\/posts\/1018698\/revisions"}],"wp:featuredmedia":[{"embeddable":true,"href":"https:\/\/darkamazi.info\/funavuv\/wp\/v2\/media\/1018701"}],"wp:attachment":[{"href":"https:\/\/darkamazi.info\/funavuv\/wp\/v2\/media?parent=1018698"}],"wp:term":[{"taxonomy":"category","embeddable":true,"href":"https:\/\/darkamazi.info\/funavuv\/wp\/v2\/categories?post=1018698"},{"taxonomy":"post_tag","embeddable":true,"href":"https:\/\/darkamazi.info\/funavuv\/wp\/v2\/tags?post=1018698"}],"curies":[{"name":"wp","href":"https:\/\/api.w.org\/{rel}","templated":true}]}}