{"id":1018786,"date":"2021-01-14T20:17:32","date_gmt":"2021-01-14T17:17:32","guid":{"rendered":"https:\/\/darkamazi.info\/?p=1018786"},"modified":"2021-06-16T17:43:00","modified_gmt":"2021-06-16T14:43:00","slug":"raya-gisti-li-silemaniye-di-nevbera-hisyariya-pkk-e-u-xewa-ynk-e-de","status":"publish","type":"post","link":"https:\/\/darkamazi.info\/archives\/1018786","title":{"rendered":"Raya gi\u015ft\u00ee li Sil\u00eamaniy\u00ea di n\u00eavbera hi\u015fyariya PKK \u00ea \u00fb xewa xwe\u015fiya YNK \u00ea de &#8211; Be\u015fa 1"},"content":{"rendered":"<div class=\"wpb-content-wrapper\"><p>[darkamazi_row][darkamazi_column][darkamazi_column_text]<\/p>\n<h3 style=\"text-align: justify;\"><span style=\"font-family: 'arial black', sans-serif;\">Di serdema me ya \u00eero de tev\u00ee berifrehb\u00fbna \u00e7apemeniy\u00ea \u00fb z\u00eadeb\u00fbna asta xwendina xelk\u00ea, h\u00eaza raya gi\u015ft\u00ee gir\u00eeng\u00ee yek p\u00eatir bi xwe ve d\u00eetiye. Raya gi\u015ft\u00ee b\u00fbye mijara lekol\u00een \u00fb xwendina bispor\u00ean b\u00eeyav\u00ean cuda \u00ean weke abornasan, d\u00eerokniv\u00eesan, rojnamevanan, p\u00eeskologa, civaknasan \u00fb s\u00eeyasetvanan. Be\u015fdarb\u00fbna bi v\u00ee awa ya bispor\u00ean biyav\u00ean cuda xwandin \u00fb lekol\u00eenkrin li ser raya gi\u015ft\u00ee de v\u00ea yek\u00ea dide xweya kirin ku ev mijare di \u00e7ar\u00e7oveya ti yek ji van b\u00eeyav\u00ean taybet de n\u00eene, belku b\u00fbye mijarek gi\u015ft\u00ee \u00fb her\u00ee gir\u00eeng.<\/span><\/h3>\n<h3 style=\"text-align: justify;\">Raya gi\u015ft\u00ee li her welatek\u00ee de li w\u00ea deme dibe cih\u00ea xeterey\u00ea dema ku ji h\u00eala dewletek yan r\u00eaxistinek yanj\u00ee gr\u00fbpek dujmin ve bi r\u00eaya \u015fer\u00ea nerm t\u00ea hedefkirin, her weke w\u00ea ya ku niha li ba\u015f\u00fbr\u00ea kurdistan\u00ea bi gi\u015ft\u00ee \u00fb li Sil\u00eamaniy\u00ea bi taybet\u00ee ji h\u00eala \u00ceran\u00ea \u00fb r\u00eaxistin \u00fb gr\u00fbp\u00ean ser bi w\u00ea ve t\u00ea bir\u00eavebirin.<\/h3>\n<h3 style=\"text-align: justify;\">\u015eer\u00ea nerim ku bi piropaginday\u00ean \u00e7apemeniy\u00ea \u00fb Piskoloj\u00eek raya gi\u015ft\u00ee armanc digre \u00fb b\u00ea ti pev\u00e7\u00fbn \u00fb bikaran\u00eena h\u00eaza req civak\u00ea ber bi \u015fikestin\u00ea \u00fb bertekan dibe d\u00eerokek pir kevin heye. Tev\u00ee ku di sedsala 21an de \u015fer\u00ea nerim gir\u00eeng\u00ee yek her\u00ee z\u00eade bi xwe ve d\u00eetiye \u00fb hinek ji dewletan b\u00eay mezaxtina ti pereyek\u00ee z\u00eade bi ten\u00ea bi r\u00eaya \u015fer\u00ea nerm digihin armanc\u00ean xwe, l\u00ea bel\u00ea h\u00eajan j\u00ee hinek dewlet hene ku ji bo garant\u00eekirina berjewendiy\u00ean xwe di siyaseta derve de ji \u015fer\u00ea req j\u00ee \u00eest\u00eefade dikin daku p\u00eatir\u00een destkeftan bi dest xwe bixin.<\/h3>\n<h3 style=\"text-align: justify;\">Di nihaya Kurdistan\u00ea de j\u00ee bi taybet li Ba\u015f\u00fbr\u00ea Kurdistan\u00ea dewlet\u00ean dujmin bi r\u00eaya bikaran\u00eena \u015fer\u00ea nerm li dij\u00ee statoya ba\u015f\u00fbr dixwazin berjewendiy\u00ean xwe bipar\u00eaz\u00ean \u00fb r\u00ea nedin kurd bigih\u00eejin armanca xwe ya d\u00eerok\u00ee, ev dewlet bi r\u00eaya bikaran\u00eena propaganda \u00fb derew\u00ean mezin bi sedema heb\u00fbna kir\u00eeza ab\u00fbr\u00ee li Ba\u015f\u00fbr\u00ea Kurdistan\u00ea ku wan bi xwe dirust kiriye raya gi\u015ft\u00ee a kurdan di berjewenda xwe de bikar b\u00eenin, ji bo v\u00ea yek\u00ea berheviy\u00ean ba\u015f j\u00ee kir\u00eene \u00fb dixwazin bi r\u00eaya hinek part\u00eey\u00ean kurd\u00ee y\u00ean xwe firo\u015f v\u00ee kar\u00ea qir\u00eaj encam bidin, weke hertim j\u00ee, ji bext\u00ea re\u015f\u00ea kurdan part\u00eey\u00ean ku w\u00ea bibin hevkar \u00fb r\u00ean\u00ee\u015fander\u00ean dujminan li ba\u015f\u00fbr ne hindikin.<\/h3>\n<h3 style=\"text-align: justify;\">PKK e weke yek ji part\u00eey\u00ean kurd\u00ee ku di niha de bi temam\u00ee ketiye bin bandora \u00ceran\u00ea de \u00fb \u00ceran \u00e7ewa bixwaze dikare w\u00ea bi w\u00ee awa araste bke li ba\u015f\u00fbr bi gi\u015ft\u00ee \u00fb bajar\u00ea Sil\u00eamaniy\u00ea bi taybet\u00ee dest bikar b\u00fbye \u00fb dixwaze bi hinceta heb\u00fbna kir\u00eez\u00ean ab\u00fbr\u00ee ku dujmin\u00ean Kurdistan\u00ea dirust kir\u00eene raya gi\u015ft\u00ee li ba\u015f\u00fbr \u00e7ewa\u015fe bike, mixabin ku bi sedema ageh ji xwe neb\u00fbna YNK \u00ea \u00fb heb\u00fbna \u00e7apemeniyek bi h\u00eaz heya astek mezin kariye bandor\u00ea li ser raya gi\u015ft\u00ee li Sil\u00eamaniy\u00ea \u00fb Helebce \u00fb germiyan \u00ea dirust bike.<\/h3>\n<h3 style=\"text-align: center;\"><span style=\"color: #8c0808; font-family: 'arial black', sans-serif;\">PKK e bi 2 r\u00eayan bandor\u00ea li raya gi\u015ft\u00ee dike, ew r\u00ea j\u00ee evin:<\/span><\/h3>\n<h3 style=\"text-align: justify;\"><span style=\"font-family: 'arial black', sans-serif;\">Yekem<\/span>: bi r\u00eaya rasterast \u00fb bikaran\u00eena wan r\u00eaxistin \u00fb saz\u00ee \u00fb navend\u00ean civaka siv\u00eel ku dirbir\u00een\u00ea ji siyaseta PKK \u00ea dikin \u00fb \u015fanaziy\u00ea bi apoc\u00eetiy\u00ea dibin ji wan:<\/h3>\n<h3 style=\"text-align: justify;\"><span style=\"font-family: 'arial black', sans-serif;\">Tevgera Azadiya Kurdistan\u00ea<\/span>, ku r\u00eaxistineke PKK \u00ea ye \u00fb bi awayek e\u015fkere \u00e7alakiy\u00ean siyas\u00ee encam dide \u00fb tevl\u00ee xwep\u00ea\u015fandan \u00fb me\u015f\u00ean girsey\u00ee li Sil\u00eamaniy\u00ea dibe. Her wiha heb\u00fbna hin baregeh \u00fb saziy\u00ean h\u00eezb\u00ee ku ji bo \u00e7alakiy\u00ean h\u00eezb\u00ee t\u00ean bikaran\u00een, weke: avahiya Fayeq\u00ee Mot\u00ea, ku dikeve taxa \u00c7iwarbax a Sil\u00eamaniy\u00ea.<\/h3>\n<h3 style=\"text-align: justify;\"><span style=\"font-family: 'arial black', sans-serif;\">\u00c7apemen\u00ee<\/span>, PKK e di v\u00ee war\u00ee de pir bispore, ew bi r\u00eaya heb\u00fbna \u00e7apemeniyek bi h\u00eaz weke heb\u00fbna \u00e7end\u00een kenal\u00ean telefizyon\u00ee \u00ean weke &#8220;Roj Tv, Aryan Tv, St\u00eark, Jin Tv &#8230;hwd, \u00fb heb\u00fbna hejmarek her\u00ee z\u00eade a n\u00fb\u00e7egihana \u00fb civ\u00eena wan li avahiyek bazirgan\u00ee \u00ea mezin li Ba\u015f\u00fbr\u00ea Sil\u00eamaniy\u00ea ku dikeve ser caddeya 60 metr\u00ee li beramber\u00ee Famil\u00ee Mol\u00ea, karek cid\u00ee li ser tes\u00eerkirin li raya gi\u015ft\u00ee li Sil\u00eamaniy\u00ea dikin.<\/h3>\n<h3 style=\"text-align: justify;\">Bi xerab s\u00fbd wergirtin ji yasay\u00ean Hik\u00fbmeta Her\u00eama Kurdistan\u00ea \u00e7end\u00een r\u00eaxistin\u00ean civaka siv\u00eel li Sil\u00eamaniy\u00ea dirust kir\u00eene, ji van r\u00eaxistna: &#8220;r\u00eaxistina bi nav\u00ea Nawext ku Mens\u00fbr Teyfor\u00ee yek ji rojnamevan\u00ean Rojhilat\u00ea Kurdistan\u00ea bir\u00eave dibe, ew li ser mej\u00eek\u00ea xortan kar dike \u00fb dixwazin wan bikin Apo\u00e7\u00ee, r\u00eaxistina \u00c7epik ku r\u00eaxistineke kilt\u00fbr\u00ee ye, v\u00ea r\u00eaxistin\u00ea pi\u015ft\u00ee derketina v\u00eerusa Korona semta kar\u00ean xwe ji boy kar\u00ean x\u00earxwaz\u00ee guherandiye, r\u00eaxistina Nuw\u00eager \u00fb \u00e7end\u00een r\u00eaxistin\u00ean din ku her hem\u00fb di semta berjewendiy\u00ean h\u00eezb\u00ee y\u00ean PKK \u00ea de tev digerin \u00fb di bandor\u00ea li raya gi\u015ft\u00ee dikin.<\/h3>\n<h3 style=\"text-align: justify;\"><span style=\"font-family: 'arial black', sans-serif;\">Duyem<\/span>: bi r\u00eaya ne raste rast, PKK \u00ea \u00fb Tevgera Azad\u00ee \u00e7alakvan\u00ean xwe y\u00ean siyas\u00ee \u00ean bi Apo\u00e7\u00ee t\u00ean naskirin derbas\u00ee nava saziy\u00ean hik\u00fbm\u00ee \u00fb h\u00eezb\u00ee \u00fb medyay\u00ee li Sil\u00eamaniy\u00ea kirine, ji bo m\u00eenak, Peymangeha Kurd\u00ee ji bo Hilbijartinan ku Aram Cemal bi r\u00eave dibe \u00fb ew bi xwe j\u00ee li bin bandora t\u00eaz\u00ean Apo de ye bi awayek ne raste rast xizmeta berjewendiy\u00ean PKK \u00ea dike.<\/h3>\n<h3 style=\"text-align: justify;\">Di v\u00ee \u00e7ar\u00e7ove de 56 r\u00eaxistin\u00ean civaka siv\u00eel ku piraniya wan ser bi PKK \u00ea ve b\u00fbn bi merema pirotestokirina \u015fer\u00ea di n\u00eavbera &#8220;PDK \u00ea \u00fb PKK \u00ea&#8221; de ku di esas de \u00ear\u00ee\u015fa PKK \u00ea li ser Hik\u00fbmeta Her\u00eama Ba\u015f\u00fbr\u00ea Kurdistan\u00ea ye, di dema rab\u00fbr\u00ee de daxuyanyek niv\u00eesk\u00ee parvekir, armanca van r\u00eaxistinan di daxuyaniya wan de bi zelal\u00ee hat d\u00eetin, wan xwest\u00a0 wisa bidin n\u00ee\u015fandan ku ya r\u00fb dide \u015fer\u00ea di n\u00eavbera PKK \u00ea \u00fb PDK \u00ea de ye, ne wek ku \u00ear\u00ee\u015fa PKK \u00ea ji boy ser statoya ferm\u00ee ya her\u00eama kurdistan\u00ea be. A her\u00ee balk\u00ea\u015f di v\u00ea yek\u00ea de eve ku PKK e kar\u00eeye bandor\u00ea li yek ji r\u00eaxistin\u00ean civaka siv\u00eel ku ji h\u00eala PDK \u00ea bi xwe ve t\u00ea palpi\u015ft\u00ee kirin bi nav\u00ea r\u00eaxistina &#8220;\u015ear&#8221; bike, v\u00ea r\u00eaxistin\u00ea j\u00ee daxuyaniya van r\u00eaxistinan \u00eemze kiriye, ev yek di demek\u00ee de ye ku PDK e \u00fb mehane 1000 dolaran weke kir\u00ea ya of\u00eesa wan dide, her weha di dema 15 sal\u00ean rab\u00fbr\u00ee de bi al\u00eekariya PDK \u00ea \u00e7end\u00een cih\u00ean bazirgan\u00ee ji bo v\u00ea r\u00eaxistin\u00ea hat\u00eene dirust kirin!<\/h3>\n<h3 style=\"text-align: justify;\">Ev rew\u015fe jiber b\u00ea agehiya YNK \u00ea \u00fb mij\u00fblb\u00fbna rayedar\u00ean w\u00ea bi kar\u00ean bazirgan\u00ee \u00fb ne \u015fehreza\u00eeya wan ji PKK \u00ea peyda b\u00fbye, YNK e bi awayek\u00ee tevdigere ku mirov dib\u00eaje ew niha di xeweke giran daye. Dibe sedemek din a bih\u00eaz b\u00fbna r\u00eaxistin\u00ean PKK \u00ea li Sil\u00eamaniy\u00ea ji boy armanca wan a sereke ku xwe di dijat\u00ee kirina hem\u00fb kar\u00ean PDK \u00ea de dib\u00eene vegere, her kes ba\u015f dizane ku PKK e \u00fb YNK e niha bi temam\u00ee ket\u00eene bin bandora \u00ceran\u00ea \u00fb her fermaneka ji Tehran\u00ea were, z\u00fb ji aliy\u00ea van du part\u00eeyan ve t\u00ea c\u00eebic\u00eekirin.<\/h3>\n<h3 style=\"text-align: justify;\">D\u00ea wextek were ku YNK e ji v\u00ea xewa giran rabe \u00fb bib\u00eene her ti\u015ft ji dest\u00ea w\u00ea derketiye, l\u00ea bel\u00ea li w\u00ea dem\u00ea p\u00fb\u015fman\u00ee feyde nake, raste niha YNK e di xeweke xwe\u015f daye l\u00ea bel\u00ea bi hi\u015fyarb\u00fbna w\u00ea ew\u00ea kab\u00fbseke pirr bi tiris bib\u00eene, kab\u00fbseke weha ku ti caran ti kesek\u00ee ned\u00eetibe \u00fb nexwastibe bib\u00eene.<\/h3>\n<h3 style=\"text-align: justify;\">Niha PKK e tev\u00ee \u00ear\u00ee\u015f\u00ean xwe y\u00ean li ser Ba\u015f\u00fbr\u00ea Kurdistan\u00ee \u00ear\u00ee\u015fa \u00e7apemeniy\u00ea j\u00ee dike, \u00ear\u00ee\u015fa \u00e7apemeniy\u00ea \u00fb parvekirina piropagindeyan hevdem li gel \u00ear\u00ee\u015fa f\u00eez\u00eek\u00ee ne bi ten\u00ea w\u00ea p\u00eakhateya civaka hatiye armanc kirin biguhere, belku w\u00ea bibe sedem ku bingeha siyas\u00ee \u00fb kilt\u00fbr\u00ee ya w\u00ea civak\u00ea bi temam\u00ee jinav bi\u00e7e \u00fb bi v\u00ea yek\u00ea rew\u015fek ba\u015f ji bo desthilatdariya kes\u00ea \u00ear\u00ee\u015fkar (PKK e-\u00ceran) w\u00ea dirust bibe.<\/h3>\n<h3 style=\"text-align: justify;\">Dujmin di \u015fer\u00ea nerim de zem\u00eeney\u00ea ji boy qeb\u00fblkirina \u00ear\u00ee\u015fa b\u00eeyaniyan xwe\u015f dike, her weha zem\u00eeney\u00ea ji boy dirustb\u00fbna kir\u00eezan \u00fb pev\u00e7\u00fbn\u00ean navxwe j\u00ee dirust dike.<\/h3>\n<h3 style=\"text-align: justify;\">Ya me baskir\u00ee bi ten\u00ea dilopeke ji w\u00ea behra zanyariyan ku di dest\u00ea me deye, mixabin heya niha ne YNK \u00ea ne j\u00ee Kurd\u00ean Ba\u015f\u00fbr bi gi\u015ft\u00ee weke em gel\u00ea Bakur PKK \u00ea nas dik\u00een, ew wisa PKK \u00ea nas nakin, her dema PKK e weke xwe bih\u00ea naskirin ti kurdek\u00ea bi \u015feref li gor ec\u00eenda \u00fb siyaseta w\u00ea tevnagere, ji ber ku ew bi temam\u00ee tesl\u00eem\u00ee dewlet\u00ean dujmin \u00fb saziy\u00ean wan y\u00ean \u00eestixbarat\u00ee b\u00fbye, ti\u015fta ku ev dewlete nikarin li ti yek ji per\u00e7ey\u00ean Kurdistan\u00ea encam bidin bi r\u00eaya PKK \u00ea encam didin.<\/h3>\n<h3 style=\"text-align: justify;\">Bi kurt\u00ee \u00fb ci Kurmanc\u00ee \u00e7i qas Kemal\u00eest \u00fb Bes\u00ee \u00fb Bes\u00eec\u00ee y\u00ean \u00ceran\u00ea ji boy Kurdistan\u00ea bi xeter bin, ew qas j\u00ee Apo\u00e7\u00ee xeterin \u00fb gereke YNK e p\u00ea\u015f ji dest dana her ti\u015ft\u00ee, p\u00ea\u015f ku xwe bi xwe j\u00ee ji dest bide ji xew rabe \u00fb hi\u015f\u00ean xwe b\u00eene ser\u00ea xwe \u00fb \u00e7id\u00ee r\u00ea bi van kar\u00ean qir\u00eaj y\u00ean PKK \u00ea nede, ger na w\u00ea her ti\u015ft bi her we bi\u00e7e, ji bo naskirina PKK \u00ea j\u00ee, YNK e ne p\u00eadv\u00ee zehmetiy\u00ea ye, bi ten\u00ea guhdariya daxuyan\u00ee \u00fb v\u00eedyoy\u00ean rehmeta xwed\u00ea l\u00ea be bir\u00eaz Mam Celal \u00ea rehmet\u00ee bikin w\u00ea ba\u015f bizanin PKK\u00a0 k\u00ee ye \u00e7i dike \u00fb \u00e7i dixwaze bike.<\/h3>\n<p>[\/darkamazi_column_text][\/darkamazi_column][\/darkamazi_row][darkamazi_row css=&#8221;.darkamazi_custom_1623165903908{padding-bottom: 10px !important;}&#8221;][darkamazi_column][mpc_alert preset=&#8221;mpc_preset_24&#8243; icon=&#8221;eti eti_link&#8221; icon_color=&#8221;#ffffff&#8221; icon_size=&#8221;30&#8243; icon_background_color=&#8221;#df5461&#8243; icon_padding_divider=&#8221;true&#8221; icon_padding_css=&#8221;padding-top:25px;padding-right:25px;padding-bottom:25px;padding-left:25px;&#8221; font_preset=&#8221;mpc_preset_13&#8243; font_color=&#8221;#ffffff&#8221; font_size=&#8221;20&#8243; font_transform=&#8221;none&#8221; font_align=&#8221;center&#8221; content_padding_divider=&#8221;true&#8221; content_padding_css=&#8221;padding-top:10px;padding-right:15px;padding-bottom:0px;padding-left:15px;&#8221; background_type=&#8221;gradient&#8221; background_gradient=&#8221;#d14945||#e5825e||0;100||90||linear&#8221; border_divider=&#8221;true&#8221; border_css=&#8221;border-top:0px;border-right:0px;border-bottom:3px;border-left:0px;border-color:#bc3a5d;border-style:solid;border-radius:5px;&#8221; padding_divider=&#8221;true&#8221; margin_divider=&#8221;true&#8221; mpc_ribbon__disable=&#8221;true&#8221;]<\/p>\n<h1 style=\"direction: rtl; text-align: center;\"><span style=\"font-size: 18pt;\"><a href=\"https:\/\/darkamazi.info\/archives\/1018891\" rel=\"noopener\"><span style=\"color: #ffffff;\"><strong>Bo d\u00eetina be\u015f\u00ea 2 kil\u00eek bike<\/strong><\/span><\/a><\/span><\/h1>\n<p>[\/mpc_alert][\/darkamazi_column][\/darkamazi_row]<\/p>\n<\/div>","protected":false},"excerpt":{"rendered":"<p>[darkamazi_row][darkamazi_column][darkamazi_column_text] Di serdema me ya \u00eero de tev\u00ee berifrehb\u00fbna \u00e7apemeniy\u00ea \u00fb z\u00eadeb\u00fbna asta xwendina xelk\u00ea, h\u00eaza raya gi\u015ft\u00ee gir\u00eeng\u00ee yek p\u00eatir bi xwe ve d\u00eetiye. Raya gi\u015ft\u00ee b\u00fbye mijara lekol\u00een \u00fb xwendina bispor\u00ean b\u00eeyav\u00ean cuda \u00ean weke abornasan, d\u00eerokniv\u00eesan, rojnamevanan, p\u00eeskologa, civaknasan \u00fb s\u00eeyasetvanan. Be\u015fdarb\u00fbna bi v\u00ee awa ya bispor\u00ean biyav\u00ean cuda xwandin \u00fb lekol\u00eenkrin [&hellip;]<\/p>\n","protected":false},"author":2,"featured_media":1018787,"comment_status":"closed","ping_status":"closed","sticky":false,"template":"","format":"standard","meta":{"footnotes":""},"categories":[40],"tags":[37],"class_list":["post-1018786","post","type-post","status-publish","format-standard","has-post-thumbnail","hentry","category-niheni","tag-sereke"],"blocksy_meta":[],"seo_head":"<!-- This site is optimized with the Yoast SEO plugin v27.5 - https:\/\/yoast.com\/product\/yoast-seo-wordpress\/ -->\n<title>Raya gi\u015ft\u00ee li Sil\u00eamaniy\u00ea di n\u00eavbera hi\u015fyariya PKK \u00ea \u00fb xewa xwe\u015fiya YNK \u00ea de - Be\u015fa 1 - Darka Maz\u00ee<\/title>\n<meta name=\"robots\" content=\"index, follow, max-snippet:-1, max-image-preview:large, max-video-preview:-1\" \/>\n<link rel=\"canonical\" href=\"https:\/\/darkamazi.info\/archives\/1018786\" \/>\n<meta property=\"og:locale\" content=\"en_US\" \/>\n<meta property=\"og:type\" content=\"article\" \/>\n<meta property=\"og:title\" content=\"Raya gi\u015ft\u00ee li Sil\u00eamaniy\u00ea di n\u00eavbera hi\u015fyariya PKK \u00ea \u00fb xewa xwe\u015fiya YNK \u00ea de - Be\u015fa 1 - Darka Maz\u00ee\" \/>\n<meta property=\"og:description\" content=\"[darkamazi_row][darkamazi_column][darkamazi_column_text] Di serdema me ya \u00eero de tev\u00ee berifrehb\u00fbna \u00e7apemeniy\u00ea \u00fb z\u00eadeb\u00fbna asta xwendina xelk\u00ea, h\u00eaza raya gi\u015ft\u00ee gir\u00eeng\u00ee yek p\u00eatir bi xwe ve d\u00eetiye. Raya gi\u015ft\u00ee b\u00fbye mijara lekol\u00een \u00fb xwendina bispor\u00ean b\u00eeyav\u00ean cuda \u00ean weke abornasan, d\u00eerokniv\u00eesan, rojnamevanan, p\u00eeskologa, civaknasan \u00fb s\u00eeyasetvanan. Be\u015fdarb\u00fbna bi v\u00ee awa ya bispor\u00ean biyav\u00ean cuda xwandin \u00fb lekol\u00eenkrin [&hellip;]\" \/>\n<meta property=\"og:url\" content=\"https:\/\/darkamazi.info\/archives\/1018786\" \/>\n<meta property=\"og:site_name\" content=\"Darka Maz\u00ee\" \/>\n<meta property=\"article:publisher\" content=\"https:\/\/www.facebook.com\/DarMaziKurmanci\" \/>\n<meta property=\"article:published_time\" content=\"2021-01-14T17:17:32+00:00\" \/>\n<meta property=\"article:modified_time\" content=\"2021-06-16T14:43:00+00:00\" \/>\n<meta property=\"og:image\" content=\"https:\/\/darkamazi.info\/file\/2021\/01\/Logo-New-2-1.jpg\" \/>\n\t<meta property=\"og:image:width\" content=\"900\" \/>\n\t<meta property=\"og:image:height\" content=\"497\" \/>\n\t<meta property=\"og:image:type\" content=\"image\/jpeg\" \/>\n<meta name=\"author\" content=\"darka mazi\" \/>\n<meta name=\"twitter:card\" content=\"summary_large_image\" \/>\n<meta name=\"twitter:creator\" content=\"@DarkaMaziLatini\" \/>\n<meta name=\"twitter:site\" content=\"@DarkaMaziLatini\" \/>\n<meta name=\"twitter:label1\" content=\"Written by\" \/>\n\t<meta name=\"twitter:data1\" content=\"darka mazi\" \/>\n\t<meta name=\"twitter:label2\" content=\"Est. reading time\" \/>\n\t<meta name=\"twitter:data2\" content=\"7 minutes\" \/>\n<script type=\"application\/ld+json\" class=\"seo-schema-graph\">{\"@context\":\"https:\\\/\\\/schema.org\",\"@graph\":[{\"@type\":\"Article\",\"@id\":\"https:\\\/\\\/darkamazi.info\\\/archives\\\/1018786#article\",\"isPartOf\":{\"@id\":\"https:\\\/\\\/darkamazi.info\\\/archives\\\/1018786\"},\"author\":{\"name\":\"darka mazi\",\"@id\":\"https:\\\/\\\/darkamazi.info\\\/#\\\/schema\\\/person\\\/5ad3e24553a0567993fa8ed4bd0a776c\"},\"headline\":\"Raya gi\u015ft\u00ee li Sil\u00eamaniy\u00ea di n\u00eavbera hi\u015fyariya PKK \u00ea \u00fb xewa xwe\u015fiya YNK \u00ea de &#8211; Be\u015fa 1\",\"datePublished\":\"2021-01-14T17:17:32+00:00\",\"dateModified\":\"2021-06-16T14:43:00+00:00\",\"mainEntityOfPage\":{\"@id\":\"https:\\\/\\\/darkamazi.info\\\/archives\\\/1018786\"},\"wordCount\":1775,\"publisher\":{\"@id\":\"https:\\\/\\\/darkamazi.info\\\/#organization\"},\"image\":{\"@id\":\"https:\\\/\\\/darkamazi.info\\\/archives\\\/1018786#primaryimage\"},\"thumbnailUrl\":\"https:\\\/\\\/darkamazi.info\\\/darka-content\\\/uploads\\\/2021\\\/01\\\/Logo-New-2-1.jpg\",\"keywords\":[\"sereke\"],\"articleSection\":[\"Nih\u00ean\u00ee\"],\"inLanguage\":\"en-US\"},{\"@type\":\"WebPage\",\"@id\":\"https:\\\/\\\/darkamazi.info\\\/archives\\\/1018786\",\"url\":\"https:\\\/\\\/darkamazi.info\\\/archives\\\/1018786\",\"name\":\"Raya gi\u015ft\u00ee li Sil\u00eamaniy\u00ea di n\u00eavbera hi\u015fyariya PKK \u00ea \u00fb xewa xwe\u015fiya YNK \u00ea de - Be\u015fa 1 - Darka Maz\u00ee\",\"isPartOf\":{\"@id\":\"https:\\\/\\\/darkamazi.info\\\/#website\"},\"primaryImageOfPage\":{\"@id\":\"https:\\\/\\\/darkamazi.info\\\/archives\\\/1018786#primaryimage\"},\"image\":{\"@id\":\"https:\\\/\\\/darkamazi.info\\\/archives\\\/1018786#primaryimage\"},\"thumbnailUrl\":\"https:\\\/\\\/darkamazi.info\\\/darka-content\\\/uploads\\\/2021\\\/01\\\/Logo-New-2-1.jpg\",\"datePublished\":\"2021-01-14T17:17:32+00:00\",\"dateModified\":\"2021-06-16T14:43:00+00:00\",\"breadcrumb\":{\"@id\":\"https:\\\/\\\/darkamazi.info\\\/archives\\\/1018786#breadcrumb\"},\"inLanguage\":\"en-US\",\"potentialAction\":[{\"@type\":\"ReadAction\",\"target\":[\"https:\\\/\\\/darkamazi.info\\\/archives\\\/1018786\"]}]},{\"@type\":\"ImageObject\",\"inLanguage\":\"en-US\",\"@id\":\"https:\\\/\\\/darkamazi.info\\\/archives\\\/1018786#primaryimage\",\"url\":\"https:\\\/\\\/darkamazi.info\\\/darka-content\\\/uploads\\\/2021\\\/01\\\/Logo-New-2-1.jpg\",\"contentUrl\":\"https:\\\/\\\/darkamazi.info\\\/darka-content\\\/uploads\\\/2021\\\/01\\\/Logo-New-2-1.jpg\",\"width\":900,\"height\":497,\"caption\":\"Raya gi\u015ft\u00ee li Sil\u00eamaniy\u00ea di n\u00eavbera hi\u015fyariya PKK \u00ea \u00fb xewa YNK \u00ea de\"},{\"@type\":\"BreadcrumbList\",\"@id\":\"https:\\\/\\\/darkamazi.info\\\/archives\\\/1018786#breadcrumb\",\"itemListElement\":[{\"@type\":\"ListItem\",\"position\":1,\"name\":\"Home\",\"item\":\"https:\\\/\\\/darkamazi.info\\\/\"},{\"@type\":\"ListItem\",\"position\":2,\"name\":\"Raya gi\u015ft\u00ee li Sil\u00eamaniy\u00ea di n\u00eavbera hi\u015fyariya PKK \u00ea \u00fb xewa xwe\u015fiya YNK \u00ea de &#8211; Be\u015fa 1\"}]},{\"@type\":\"WebSite\",\"@id\":\"https:\\\/\\\/darkamazi.info\\\/#website\",\"url\":\"https:\\\/\\\/darkamazi.info\\\/\",\"name\":\"Darka Maz\u00ee\",\"description\":\"P\u00eageha Zanyariy\u00ean Nebih\u00eest\u00ee\",\"publisher\":{\"@id\":\"https:\\\/\\\/darkamazi.info\\\/#organization\"},\"potentialAction\":[{\"@type\":\"SearchAction\",\"target\":{\"@type\":\"EntryPoint\",\"urlTemplate\":\"https:\\\/\\\/darkamazi.info\\\/?s={search_term_string}\"},\"query-input\":{\"@type\":\"PropertyValueSpecification\",\"valueRequired\":true,\"valueName\":\"search_term_string\"}}],\"inLanguage\":\"en-US\"},{\"@type\":\"Organization\",\"@id\":\"https:\\\/\\\/darkamazi.info\\\/#organization\",\"name\":\"Darka Maz\u00ee\",\"url\":\"https:\\\/\\\/darkamazi.info\\\/\",\"logo\":{\"@type\":\"ImageObject\",\"inLanguage\":\"en-US\",\"@id\":\"https:\\\/\\\/darkamazi.info\\\/#\\\/schema\\\/logo\\\/image\\\/\",\"url\":\"https:\\\/\\\/darkamazi.info\\\/darka-content\\\/uploads\\\/2017\\\/12\\\/darka-mazi-logo.png\",\"contentUrl\":\"https:\\\/\\\/darkamazi.info\\\/darka-content\\\/uploads\\\/2017\\\/12\\\/darka-mazi-logo.png\",\"width\":151,\"height\":75,\"caption\":\"Darka Maz\u00ee\"},\"image\":{\"@id\":\"https:\\\/\\\/darkamazi.info\\\/#\\\/schema\\\/logo\\\/image\\\/\"},\"sameAs\":[\"https:\\\/\\\/www.facebook.com\\\/DarMaziKurmanci\",\"https:\\\/\\\/x.com\\\/DarkaMaziLatini\",\"https:\\\/\\\/www.instagram.com\\\/darkamazi.kurmanci\\\/\",\"https:\\\/\\\/www.youtube.com\\\/channel\\\/UCa5HkTdmI8U1qCUFuTw8B2g\"]},{\"@type\":\"Person\",\"@id\":\"https:\\\/\\\/darkamazi.info\\\/#\\\/schema\\\/person\\\/5ad3e24553a0567993fa8ed4bd0a776c\",\"name\":\"darka mazi\",\"sameAs\":[\"https:\\\/\\\/darkamazi.info\\\/\"],\"url\":\"https:\\\/\\\/darkamazi.info\\\/archives\\\/author\\\/kurdi\"}]}<\/script>\n<!-- \/ Yoast SEO plugin. -->","seo_head_json":{"title":"Raya gi\u015ft\u00ee li Sil\u00eamaniy\u00ea di n\u00eavbera hi\u015fyariya PKK \u00ea \u00fb xewa xwe\u015fiya YNK \u00ea de - Be\u015fa 1 - Darka Maz\u00ee","robots":{"index":"index","follow":"follow","max-snippet":"max-snippet:-1","max-image-preview":"max-image-preview:large","max-video-preview":"max-video-preview:-1"},"canonical":"https:\/\/darkamazi.info\/archives\/1018786","og_locale":"en_US","og_type":"article","og_title":"Raya gi\u015ft\u00ee li Sil\u00eamaniy\u00ea di n\u00eavbera hi\u015fyariya PKK \u00ea \u00fb xewa xwe\u015fiya YNK \u00ea de - Be\u015fa 1 - Darka Maz\u00ee","og_description":"[darkamazi_row][darkamazi_column][darkamazi_column_text] Di serdema me ya \u00eero de tev\u00ee berifrehb\u00fbna \u00e7apemeniy\u00ea \u00fb z\u00eadeb\u00fbna asta xwendina xelk\u00ea, h\u00eaza raya gi\u015ft\u00ee gir\u00eeng\u00ee yek p\u00eatir bi xwe ve d\u00eetiye. Raya gi\u015ft\u00ee b\u00fbye mijara lekol\u00een \u00fb xwendina bispor\u00ean b\u00eeyav\u00ean cuda \u00ean weke abornasan, d\u00eerokniv\u00eesan, rojnamevanan, p\u00eeskologa, civaknasan \u00fb s\u00eeyasetvanan. Be\u015fdarb\u00fbna bi v\u00ee awa ya bispor\u00ean biyav\u00ean cuda xwandin \u00fb lekol\u00eenkrin [&hellip;]","og_url":"https:\/\/darkamazi.info\/archives\/1018786","og_site_name":"Darka Maz\u00ee","article_publisher":"https:\/\/www.facebook.com\/DarMaziKurmanci","article_published_time":"2021-01-14T17:17:32+00:00","article_modified_time":"2021-06-16T14:43:00+00:00","og_image":[{"width":900,"height":497,"url":"https:\/\/darkamazi.info\/file\/2021\/01\/Logo-New-2-1.jpg","type":"image\/jpeg"}],"author":"darka mazi","twitter_card":"summary_large_image","twitter_creator":"@DarkaMaziLatini","twitter_site":"@DarkaMaziLatini","twitter_misc":{"Written by":"darka mazi","Est. reading time":"7 minutes"},"schema":{"@context":"https:\/\/schema.org","@graph":[{"@type":"Article","@id":"https:\/\/darkamazi.info\/archives\/1018786#article","isPartOf":{"@id":"https:\/\/darkamazi.info\/archives\/1018786"},"author":{"name":"darka mazi","@id":"https:\/\/darkamazi.info\/#\/schema\/person\/5ad3e24553a0567993fa8ed4bd0a776c"},"headline":"Raya gi\u015ft\u00ee li Sil\u00eamaniy\u00ea di n\u00eavbera hi\u015fyariya PKK \u00ea \u00fb xewa xwe\u015fiya YNK \u00ea de &#8211; Be\u015fa 1","datePublished":"2021-01-14T17:17:32+00:00","dateModified":"2021-06-16T14:43:00+00:00","mainEntityOfPage":{"@id":"https:\/\/darkamazi.info\/archives\/1018786"},"wordCount":1775,"publisher":{"@id":"https:\/\/darkamazi.info\/#organization"},"image":{"@id":"https:\/\/darkamazi.info\/archives\/1018786#primaryimage"},"thumbnailUrl":"https:\/\/darkamazi.info\/file\/2021\/01\/Logo-New-2-1.jpg","keywords":["sereke"],"articleSection":["Nih\u00ean\u00ee"],"inLanguage":"en-US"},{"@type":"WebPage","@id":"https:\/\/darkamazi.info\/archives\/1018786","url":"https:\/\/darkamazi.info\/archives\/1018786","name":"Raya gi\u015ft\u00ee li Sil\u00eamaniy\u00ea di n\u00eavbera hi\u015fyariya PKK \u00ea \u00fb xewa xwe\u015fiya YNK \u00ea de - Be\u015fa 1 - Darka Maz\u00ee","isPartOf":{"@id":"https:\/\/darkamazi.info\/#website"},"primaryImageOfPage":{"@id":"https:\/\/darkamazi.info\/archives\/1018786#primaryimage"},"image":{"@id":"https:\/\/darkamazi.info\/archives\/1018786#primaryimage"},"thumbnailUrl":"https:\/\/darkamazi.info\/file\/2021\/01\/Logo-New-2-1.jpg","datePublished":"2021-01-14T17:17:32+00:00","dateModified":"2021-06-16T14:43:00+00:00","breadcrumb":{"@id":"https:\/\/darkamazi.info\/archives\/1018786#breadcrumb"},"inLanguage":"en-US","potentialAction":[{"@type":"ReadAction","target":["https:\/\/darkamazi.info\/archives\/1018786"]}]},{"@type":"ImageObject","inLanguage":"en-US","@id":"https:\/\/darkamazi.info\/archives\/1018786#primaryimage","url":"https:\/\/darkamazi.info\/file\/2021\/01\/Logo-New-2-1.jpg","contentUrl":"https:\/\/darkamazi.info\/file\/2021\/01\/Logo-New-2-1.jpg","width":900,"height":497,"caption":"Raya gi\u015ft\u00ee li Sil\u00eamaniy\u00ea di n\u00eavbera hi\u015fyariya PKK \u00ea \u00fb xewa YNK \u00ea de"},{"@type":"BreadcrumbList","@id":"https:\/\/darkamazi.info\/archives\/1018786#breadcrumb","itemListElement":[{"@type":"ListItem","position":1,"name":"Home","item":"https:\/\/darkamazi.info\/"},{"@type":"ListItem","position":2,"name":"Raya gi\u015ft\u00ee li Sil\u00eamaniy\u00ea di n\u00eavbera hi\u015fyariya PKK \u00ea \u00fb xewa xwe\u015fiya YNK \u00ea de &#8211; Be\u015fa 1"}]},{"@type":"WebSite","@id":"https:\/\/darkamazi.info\/#website","url":"https:\/\/darkamazi.info\/","name":"Darka Maz\u00ee","description":"P\u00eageha Zanyariy\u00ean Nebih\u00eest\u00ee","publisher":{"@id":"https:\/\/darkamazi.info\/#organization"},"potentialAction":[{"@type":"SearchAction","target":{"@type":"EntryPoint","urlTemplate":"https:\/\/darkamazi.info\/?s={search_term_string}"},"query-input":{"@type":"PropertyValueSpecification","valueRequired":true,"valueName":"search_term_string"}}],"inLanguage":"en-US"},{"@type":"Organization","@id":"https:\/\/darkamazi.info\/#organization","name":"Darka Maz\u00ee","url":"https:\/\/darkamazi.info\/","logo":{"@type":"ImageObject","inLanguage":"en-US","@id":"https:\/\/darkamazi.info\/#\/schema\/logo\/image\/","url":"https:\/\/darkamazi.info\/file\/2017\/12\/darka-mazi-logo.png","contentUrl":"https:\/\/darkamazi.info\/file\/2017\/12\/darka-mazi-logo.png","width":151,"height":75,"caption":"Darka Maz\u00ee"},"image":{"@id":"https:\/\/darkamazi.info\/#\/schema\/logo\/image\/"},"sameAs":["https:\/\/www.facebook.com\/DarMaziKurmanci","https:\/\/x.com\/DarkaMaziLatini","https:\/\/www.instagram.com\/darkamazi.kurmanci\/","https:\/\/www.youtube.com\/channel\/UCa5HkTdmI8U1qCUFuTw8B2g"]},{"@type":"Person","@id":"https:\/\/darkamazi.info\/#\/schema\/person\/5ad3e24553a0567993fa8ed4bd0a776c","name":"darka mazi","sameAs":["https:\/\/darkamazi.info\/"],"url":"https:\/\/darkamazi.info\/archives\/author\/kurdi"}]}},"_links":{"self":[{"href":"https:\/\/darkamazi.info\/funavuv\/wp\/v2\/posts\/1018786","targetHints":{"allow":["GET"]}}],"collection":[{"href":"https:\/\/darkamazi.info\/funavuv\/wp\/v2\/posts"}],"about":[{"href":"https:\/\/darkamazi.info\/funavuv\/wp\/v2\/types\/post"}],"author":[{"embeddable":true,"href":"https:\/\/darkamazi.info\/funavuv\/wp\/v2\/users\/2"}],"replies":[{"embeddable":true,"href":"https:\/\/darkamazi.info\/funavuv\/wp\/v2\/comments?post=1018786"}],"version-history":[{"count":0,"href":"https:\/\/darkamazi.info\/funavuv\/wp\/v2\/posts\/1018786\/revisions"}],"wp:featuredmedia":[{"embeddable":true,"href":"https:\/\/darkamazi.info\/funavuv\/wp\/v2\/media\/1018787"}],"wp:attachment":[{"href":"https:\/\/darkamazi.info\/funavuv\/wp\/v2\/media?parent=1018786"}],"wp:term":[{"taxonomy":"category","embeddable":true,"href":"https:\/\/darkamazi.info\/funavuv\/wp\/v2\/categories?post=1018786"},{"taxonomy":"post_tag","embeddable":true,"href":"https:\/\/darkamazi.info\/funavuv\/wp\/v2\/tags?post=1018786"}],"curies":[{"name":"wp","href":"https:\/\/api.w.org\/{rel}","templated":true}]}}