{"id":1018790,"date":"2021-01-14T21:35:56","date_gmt":"2021-01-14T18:35:56","guid":{"rendered":"https:\/\/darkamazi.info\/?p=1018790"},"modified":"2021-01-14T21:35:56","modified_gmt":"2021-01-14T18:35:56","slug":"gelo-kesen-weke-aldar-xelil-ji-ku-ji-pesmerge-re-dibijin-cete-kurdin","status":"publish","type":"post","link":"https:\/\/darkamazi.info\/archives\/1018790","title":{"rendered":"Gelo kes\u00ean weke Aldar Xel\u00eel j\u00ee ku ji p\u00ea\u015fmerge re dibijin \u201c\u00e7ete\u201d kurdin?"},"content":{"rendered":"<h3 style=\"text-align: justify\"><span style=\"font-family: 'arial black', sans-serif\">\u00a0P\u00eaw\u00eest b\u00fb di nav gel\u00ea Kurd de t\u00eageha her\u00ee gir\u00eeng \u00fb sereke \u2018yek\u00eet\u00ee \u00fb yekr\u00eaz\u00ee\u2019 b\u00fbye, l\u00ea belek be\u015fek ji nav kurdan peyv\u00ean \u2018Yek\u00eet\u00ee \u00fb yekr\u00eaziy\u00ea\u2019 bi mebest\u00ean t\u00eakdan \u00fb re\u015fkirina aliyek\u00ee din bikar t\u00eenin ku gelek \u015fexs\u00eeyet\u00ean bi ser PKK\u00ea ve \u00fb n\u00eaz\u00eek\u00ee w\u00ea bi awayek\u00ee e\u015fkere t\u00eageh\u00ean \u2018Yek\u00eet\u00ee \u00fb yekr\u00eaziy\u00ea\u2019 li ser dijatiya kurdan bikar t\u00eenin.<\/span><\/h3>\n<h3 style=\"text-align: justify\">Helbet dema di v\u00ea mijar\u00ea de behsa PKK\u00ea t\u00ea kirin; gelek al\u00eegir\u00ean w\u00ea h\u00ears dibin \u00fb d\u00eesa Barzaniyan wek\u00ee \u2018xay\u00een\u2019 \u00fb PDK\u00ea j\u00ee bi hevkara aliy\u00ean dij\u00ee Kurd bi nav dikin. \u00cad\u00ee ev b\u00fbye ti\u015ftek\u00ee normal. Ji ber ku hizir\u00een \u00fb \u00eeradeya wan a \u015fexs\u00ee ji dest\u00ea wan kesan hatiye standin \u00fb \u00e7awa t\u00ea xwestin, wisa dihizirin \u00fb li gor\u00ee w\u00ea hizra xwe ya r\u00eaxistin\u00eey\u00ea tevdigerin.<\/h3>\n<h3 style=\"text-align: justify\">Em\u00ea li ser \u015fexs\u00ea Hevserok\u00ea Desteya Serokatiya Partiya Yek\u00eetiya Demokrat\u00eek (PYD) bi zimanek\u00ee zelal behsa v\u00ea yek\u00ea bikin. Xel\u00eel bi awayek\u00ee e\u015fkere heqaret li P\u00ea\u015fmergey\u00ea Roj kir ku bi hevkariya Hevpeymaniya Navdewlet\u00ee \u00fb Amer\u00eekay\u00ea ji bo Rojavay\u00ea Kurdistan\u00ea hatine perwerdekirin \u00fb ew wek\u00ee \u2018\u00e7ete\u2019 bi nav kirin.<\/h3>\n<h3 style=\"text-align: justify\">Li hember van gotin\u00ean Aldar Xel\u00eel karvedaneke mezin \u00e7\u00eab\u00fb \u00fb bertek\u00ean tund hatin n\u00ee\u015fandan ku li beramber wan bertekan j\u00ee derdora navbor\u00ee daxuyaniy\u00ean tawanbarkirina PDK\u00ea \u00fb re\u015fkirina P\u00ea\u015fmerge belav kirin. Y\u00ean van heqaret \u00fb tawanbariyan dikin ber\u00ea hatine perwerdekirin ku wek\u00ee me behs kir li gor\u00ee w\u00ea f\u00earb\u00fbna xwe ya bi wan hatiye h\u00eenkirin dihizirin.<\/h3>\n<h3 style=\"text-align: center\"><span style=\"color: #8c0b0b;font-family: 'arial black', sans-serif\">\u201cDan\u00fbstandina Kurd\u00ee-Kurd\u00ee bi be\u015fdariya welat\u00ean Rojava dime\u015fe\u201d<\/span><\/h3>\n<h3 style=\"text-align: justify\">Div\u00ea xala her\u00ee gir\u00eeng a dan\u00fbstandin\u00ean yekr\u00eaziya li Rojavay\u00ea Kurdistan\u00ea ba\u015f b\u00ea zan\u00een \u00fb bib\u00eerxistin daku em rastiy\u00ea bizanin.<\/h3>\n<h3 style=\"text-align: justify\">Rast\u00ee ew e ku hevd\u00eetin \u00fb dan\u00fbstandin\u00ean li Rojava\u00a0 ne tend\u00ea di navbera Kurdan de t\u00eane kirin, herwiha Amer\u00eeka, Hevpeymaniya Navdewlet\u00ee, welat\u00ean Rojava \u00fb Netewey\u00ean Yekb\u00fby\u00ee j\u00ee di nav de ye \u00fb bi wan t\u00ea bip\u00ea\u015fxistin.<\/h3>\n<h3 style=\"text-align: justify\">L\u00ea bel\u00ea PYD hewil dide w\u00ea n\u00ear\u00eena ku d\u00eeyaloga navbera ENKS-PYNK\u00ea \u00ead\u00ee dubare dest p\u00ea nake belav bike ku li gor\u00ee zanyariy\u00ean PeyamaKurd\u00a0 \u015fanda Amer\u00eekay\u00ea her\u00ee dereng 20\u00ea v\u00ea meh\u00ea derbas\u00ee Rojavay\u00ea Kurdistan\u00ea dibe. Gelo y\u00ean ku rojev\u00ea bi van daxuyaniyan mijul dikin \u00fb dixwazin k\u00ea\u015feyan di navbera kurdan de gur bikin v\u00ea nizanin?<\/h3>\n<h3 style=\"text-align: justify\">Sedema ku PYD \u00fb bi taybet j\u00ee Aldar Xel\u00eel ewqas bi ser ENKS\u00ea de dajon, valahiya ku bi hilbijartin\u00ean Amer\u00eekay\u00ea li her\u00eam\u00ea derketiye hol\u00ea ye ku dixwazin j\u00ea s\u00fbd\u00ea werbigirin.<\/h3>\n<h3 style=\"text-align: justify\">Li aliy\u00ea din di heyama hilbijartin\u00ean Amer\u00eekay\u00ea de hevdem \u00ceran \u00fb h\u00eaz\u00ean bi ser \u00ceran\u00ea ve y\u00ean wek\u00ee He\u015fda \u015eeib\u00ee \u00fb Hizbullah\u00ea j\u00ee \u00e7alakiy\u00ean ku di w\u00ea valahiya \u00e7\u00eab\u00fbye de deshilatiya xwe bipar\u00eazin p\u00eak an\u00een.<\/h3>\n<h3 style=\"text-align: justify\">Herwiha Tirkiye j\u00ee ne d\u00fbr\u00ee v\u00ea ye ku beriya guhertina r\u00eaveberiya Amer\u00eekay\u00ea, bi \u00ear\u00ee\u015f\u00ean n\u00fb hewl da ku bajarok\u00ea Eyn \u00cesay\u00ea ji dest\u00ea HSD\u00ea derxe.<\/h3>\n<h3 style=\"text-align: justify\">Helbet wek\u00ee ber\u00ea niha j\u00ee gelek h\u00eaz\u00ean dixwazin kurdan bera hev bidin hene. L\u00ea bel\u00ea di demeke ku kurd b\u00fbne hevpeyman\u00ean welat\u00ean rojavay\u00ee, cih\u00ea guman\u00ea ye ku hinek al\u00ee bi tevger \u00fb helwest\u00ean xwe li aliy\u00ea h\u00eaz\u00ean xirabiya kurdan dixwazin c\u00ee dist\u00eenin. Di sal\u00ean 1990an de j\u00ee dema b\u00fbyer\u00ean li Ba\u015f\u00fbr\u00ea Kurdistan\u00ea bi provokasyon\u00ean \u00ceran \u00fb Tirkiy\u00ea r\u00fb dan, h\u00eaza ku a\u015ftiya navbera kurdan saz kir d\u00eesa Amer\u00eeka b\u00fb \u00fb kes\u00ean wek\u00ee Aldar Xel\u00eel w\u00ea dem\u00ea j\u00ee heb\u00fbn ku bi ser neketin.<\/h3>\n<h3 style=\"text-align: center\"><span style=\"color: #8c0b0b;font-family: 'arial black', sans-serif\">\u201cGotina Aldar Xel\u00eel a \u2018\u00e7ete\u2019 bo P\u00ea\u015fmerge nay\u00ea qeb\u00fblkirin\u2019<\/span><\/h3>\n<h3 style=\"text-align: justify\">Div\u00ea ji Aldar Xel\u00eel\u00ea ji bo P\u00ea\u015fmerge dib\u00eaje \u2018\u00e7ete\u2019 re b\u00ea bib\u00eerxistin ku di w\u00ea serdem\u00ea de Amer\u00eekay\u00ea \u00e7awa derfet \u00fb al\u00eekar\u00ee dab\u00fb kurd\u00ean Ba\u015f\u00fbr niha j\u00ee dide kurd\u00ean Rojava. Her kes dizane ku Hevpeymaniya Navdewlet\u00ee pi\u015ftgir\u00ee \u00fb al\u00eekariy\u00ea dide HSD \u00fb YPG\u00ea. Herwihe div\u00ea ney\u00ea jib\u00eerkirin ku li Koban\u00ea h\u00eaz\u00ean P\u00ea\u015fmerge mil bi mil \u015fer\u00ea teror\u00ea kirin. L\u00ea bel\u00ea ji ber ku ji y\u00ean wek\u00ee Aldar Xel\u00eel re gotine, \u2018tu derkeve \u00fb ten\u00ea bipeyive\u2019 normale ku rastiya nab\u00eene. L\u00ea gotina \u2018\u00e7ete\u2019 bo P\u00ea\u015fmergey\u00ean hevbe\u015f\u00ean serkeftin\u00ea \u2018anormal\u2019 e. Gel\u00ea kurd her \u00e7i dibe bila be div\u00ea bersiva van kesayetan bide.<\/h3>\n<h3 style=\"text-align: justify\">Dij derketina v\u00ea rew\u015fa ku kurd bi x\u00eara Amer\u00eeka \u00fb Hevpeymaniy\u00ea gih\u00ee\u015ftin\u00ea, t\u00ea wateya ku sekna li k\u00ealeka hevpeymana R\u00fbsya, \u00ceran \u00fb Tirkiy\u00ea. \u00c7imk\u00ee ew ji bo kurdan li dervey\u00ee hevpemaniy\u00ea \u00fb Amer\u00eekay\u00ea bih\u00ealin \u00e7i ji dest\u00ea wan t\u00ea dikin \u00fb mixabin kesayet\u00ean wek\u00ee Aldar Xel\u00eel j\u00ee derdikevin p\u00ea\u015fiya me. L\u00ea bel\u00ea p\u00ea\u015feroja kurdan di c\u00ee girtina di nav ref\u00ean hevpeymaniya welat\u00ean Rojava ya Amer\u00eeka p\u00ea\u015fengiya w\u00ea dike de ye.<\/h3>\n<h3 style=\"text-align: justify\">\u00c7imk\u00ee hevkar\u00ee \u00fb \u015fir\u00eekatiya ligel h\u00eaz\u00ean navdewlet\u00ee helwesteke rasteq\u00een e ku ji t\u00eak\u00e7\u00fbna li hember h\u00eaz\u00ean her\u00eam\u00ea \u00e7\u00eatir e.<\/h3>\n<h3 style=\"text-align: center\"><span style=\"color: #8c0b0b;font-family: 'arial black', sans-serif\">\u201cGotina \u2018\u00e7ete\u2019 bo P\u00ea\u015fmergey\u00ean Roj gir\u00eaday\u00ee n\u00eaz\u00eekatiya bo biray\u00ean xwe y\u00ean Kurd e\u2019<\/span><\/h3>\n<h3 style=\"text-align: justify\">Aldar Xel\u00eel kesayet\u00ean wek\u00ee w\u00ee \u00fb her kes\u00ean aziciya wan ji P\u00ea\u015fmergey\u00ean Roj heye, bixwazin nexwazin j\u00ee w\u00ea bib\u00eenin ku ew d\u00ea bi r\u00eaya d\u00eeplomasiya navdewlet\u00ee di \u00e7ar\u00e7oveya r\u00eakeftin\u00ea de bibin be\u015feke gir\u00eeng a h\u00eaz\u00ea li Rojavay\u00ea Kurdistan\u00ea.<\/h3>\n<h3 style=\"text-align: justify\">Gotina \u2018\u00e7ete\u2019 ya Aldar Xel\u00eelm ji bo P\u00ea\u015fmergey\u00ean Roj j\u00ee bixwe gir\u00eaday\u00ee n\u00eaz\u00eekatiya bo biray\u00ean xwe y\u00ean Kurd e.<\/h3>\n<h3 style=\"text-align: justify\">Div\u00ea gel\u00ea Kurd v\u00ea rastiy\u00ea pi\u015ftguh neke \u00fb P\u00ea\u015fmergey\u00ean ku mil bi mil li Koban\u00eey\u00ea li k\u00ealeka biray\u00ean xwe \u015fer kirine, neke q\u00fbrban. Lewra yek\u00eet\u00ee ne bi gotin\u00ea ye bi kirin\u00ea p\u00eak t\u00ea.<\/h3>\n","protected":false},"excerpt":{"rendered":"<p>\u00a0P\u00eaw\u00eest b\u00fb di nav gel\u00ea Kurd de t\u00eageha her\u00ee gir\u00eeng \u00fb sereke \u2018yek\u00eet\u00ee \u00fb yekr\u00eaz\u00ee\u2019 b\u00fbye, l\u00ea belek be\u015fek ji nav kurdan peyv\u00ean \u2018Yek\u00eet\u00ee \u00fb yekr\u00eaziy\u00ea\u2019 bi mebest\u00ean t\u00eakdan \u00fb re\u015fkirina aliyek\u00ee din bikar t\u00eenin ku gelek \u015fexs\u00eeyet\u00ean bi ser PKK\u00ea ve \u00fb n\u00eaz\u00eek\u00ee w\u00ea bi awayek\u00ee e\u015fkere t\u00eageh\u00ean \u2018Yek\u00eet\u00ee \u00fb yekr\u00eaziy\u00ea\u2019 li ser dijatiya [&hellip;]<\/p>\n","protected":false},"author":2,"featured_media":1018791,"comment_status":"closed","ping_status":"closed","sticky":false,"template":"","format":"standard","meta":{"footnotes":""},"categories":[28],"tags":[37],"class_list":["post-1018790","post","type-post","status-publish","format-standard","has-post-thumbnail","hentry","category-nerin","tag-sereke"],"blocksy_meta":[],"seo_head":"<!-- This site is optimized with the Yoast SEO plugin v27.5 - https:\/\/yoast.com\/product\/yoast-seo-wordpress\/ -->\n<title>Gelo kes\u00ean weke Aldar Xel\u00eel j\u00ee ku ji p\u00ea\u015fmerge re dibijin \u201c\u00e7ete\u201d kurdin? - Darka Maz\u00ee<\/title>\n<meta name=\"robots\" content=\"index, follow, max-snippet:-1, max-image-preview:large, max-video-preview:-1\" \/>\n<link rel=\"canonical\" href=\"https:\/\/darkamazi.info\/archives\/1018790\" \/>\n<meta property=\"og:locale\" content=\"en_US\" \/>\n<meta property=\"og:type\" content=\"article\" \/>\n<meta property=\"og:title\" content=\"Gelo kes\u00ean weke Aldar Xel\u00eel j\u00ee ku ji p\u00ea\u015fmerge re dibijin \u201c\u00e7ete\u201d kurdin? - Darka Maz\u00ee\" \/>\n<meta property=\"og:description\" content=\"\u00a0P\u00eaw\u00eest b\u00fb di nav gel\u00ea Kurd de t\u00eageha her\u00ee gir\u00eeng \u00fb sereke \u2018yek\u00eet\u00ee \u00fb yekr\u00eaz\u00ee\u2019 b\u00fbye, l\u00ea belek be\u015fek ji nav kurdan peyv\u00ean \u2018Yek\u00eet\u00ee \u00fb yekr\u00eaziy\u00ea\u2019 bi mebest\u00ean t\u00eakdan \u00fb re\u015fkirina aliyek\u00ee din bikar t\u00eenin ku gelek \u015fexs\u00eeyet\u00ean bi ser PKK\u00ea ve \u00fb n\u00eaz\u00eek\u00ee w\u00ea bi awayek\u00ee e\u015fkere t\u00eageh\u00ean \u2018Yek\u00eet\u00ee \u00fb yekr\u00eaziy\u00ea\u2019 li ser dijatiya [&hellip;]\" \/>\n<meta property=\"og:url\" content=\"https:\/\/darkamazi.info\/archives\/1018790\" \/>\n<meta property=\"og:site_name\" content=\"Darka Maz\u00ee\" \/>\n<meta property=\"article:publisher\" content=\"https:\/\/www.facebook.com\/DarMaziKurmanci\" \/>\n<meta property=\"article:published_time\" content=\"2021-01-14T18:35:56+00:00\" \/>\n<meta property=\"og:image\" content=\"https:\/\/darkamazi.info\/file\/2021\/01\/aldar-xelil.jpg\" \/>\n\t<meta property=\"og:image:width\" content=\"822\" \/>\n\t<meta property=\"og:image:height\" content=\"454\" \/>\n\t<meta property=\"og:image:type\" content=\"image\/jpeg\" \/>\n<meta name=\"author\" content=\"darka mazi\" \/>\n<meta name=\"twitter:card\" content=\"summary_large_image\" \/>\n<meta name=\"twitter:creator\" content=\"@DarkaMaziLatini\" \/>\n<meta name=\"twitter:site\" content=\"@DarkaMaziLatini\" \/>\n<meta name=\"twitter:label1\" content=\"Written by\" \/>\n\t<meta name=\"twitter:data1\" content=\"darka mazi\" \/>\n\t<meta name=\"twitter:label2\" content=\"Est. reading time\" \/>\n\t<meta name=\"twitter:data2\" content=\"4 minutes\" \/>\n<script type=\"application\/ld+json\" class=\"seo-schema-graph\">{\"@context\":\"https:\\\/\\\/schema.org\",\"@graph\":[{\"@type\":\"Article\",\"@id\":\"https:\\\/\\\/darkamazi.info\\\/archives\\\/1018790#article\",\"isPartOf\":{\"@id\":\"https:\\\/\\\/darkamazi.info\\\/archives\\\/1018790\"},\"author\":{\"name\":\"darka mazi\",\"@id\":\"https:\\\/\\\/darkamazi.info\\\/#\\\/schema\\\/person\\\/5ad3e24553a0567993fa8ed4bd0a776c\"},\"headline\":\"Gelo kes\u00ean weke Aldar Xel\u00eel j\u00ee ku ji p\u00ea\u015fmerge re dibijin \u201c\u00e7ete\u201d kurdin?\",\"datePublished\":\"2021-01-14T18:35:56+00:00\",\"mainEntityOfPage\":{\"@id\":\"https:\\\/\\\/darkamazi.info\\\/archives\\\/1018790\"},\"wordCount\":999,\"publisher\":{\"@id\":\"https:\\\/\\\/darkamazi.info\\\/#organization\"},\"image\":{\"@id\":\"https:\\\/\\\/darkamazi.info\\\/archives\\\/1018790#primaryimage\"},\"thumbnailUrl\":\"https:\\\/\\\/darkamazi.info\\\/darka-content\\\/uploads\\\/2021\\\/01\\\/aldar-xelil.jpg\",\"keywords\":[\"sereke\"],\"articleSection\":[\"Ner\u00een\"],\"inLanguage\":\"en-US\"},{\"@type\":\"WebPage\",\"@id\":\"https:\\\/\\\/darkamazi.info\\\/archives\\\/1018790\",\"url\":\"https:\\\/\\\/darkamazi.info\\\/archives\\\/1018790\",\"name\":\"Gelo kes\u00ean weke Aldar Xel\u00eel j\u00ee ku ji p\u00ea\u015fmerge re dibijin \u201c\u00e7ete\u201d kurdin? - Darka Maz\u00ee\",\"isPartOf\":{\"@id\":\"https:\\\/\\\/darkamazi.info\\\/#website\"},\"primaryImageOfPage\":{\"@id\":\"https:\\\/\\\/darkamazi.info\\\/archives\\\/1018790#primaryimage\"},\"image\":{\"@id\":\"https:\\\/\\\/darkamazi.info\\\/archives\\\/1018790#primaryimage\"},\"thumbnailUrl\":\"https:\\\/\\\/darkamazi.info\\\/darka-content\\\/uploads\\\/2021\\\/01\\\/aldar-xelil.jpg\",\"datePublished\":\"2021-01-14T18:35:56+00:00\",\"breadcrumb\":{\"@id\":\"https:\\\/\\\/darkamazi.info\\\/archives\\\/1018790#breadcrumb\"},\"inLanguage\":\"en-US\",\"potentialAction\":[{\"@type\":\"ReadAction\",\"target\":[\"https:\\\/\\\/darkamazi.info\\\/archives\\\/1018790\"]}]},{\"@type\":\"ImageObject\",\"inLanguage\":\"en-US\",\"@id\":\"https:\\\/\\\/darkamazi.info\\\/archives\\\/1018790#primaryimage\",\"url\":\"https:\\\/\\\/darkamazi.info\\\/darka-content\\\/uploads\\\/2021\\\/01\\\/aldar-xelil.jpg\",\"contentUrl\":\"https:\\\/\\\/darkamazi.info\\\/darka-content\\\/uploads\\\/2021\\\/01\\\/aldar-xelil.jpg\",\"width\":822,\"height\":454,\"caption\":\"Gelo kes\u00ean weke Aldar Xel\u00eel j\u00ee ku ji p\u00ea\u015fmerge re dibijin \u201c\u00e7ete\u201d kurdin?\"},{\"@type\":\"BreadcrumbList\",\"@id\":\"https:\\\/\\\/darkamazi.info\\\/archives\\\/1018790#breadcrumb\",\"itemListElement\":[{\"@type\":\"ListItem\",\"position\":1,\"name\":\"Home\",\"item\":\"https:\\\/\\\/darkamazi.info\\\/\"},{\"@type\":\"ListItem\",\"position\":2,\"name\":\"Gelo kes\u00ean weke Aldar Xel\u00eel j\u00ee ku ji p\u00ea\u015fmerge re dibijin \u201c\u00e7ete\u201d kurdin?\"}]},{\"@type\":\"WebSite\",\"@id\":\"https:\\\/\\\/darkamazi.info\\\/#website\",\"url\":\"https:\\\/\\\/darkamazi.info\\\/\",\"name\":\"Darka Maz\u00ee\",\"description\":\"P\u00eageha Zanyariy\u00ean Nebih\u00eest\u00ee\",\"publisher\":{\"@id\":\"https:\\\/\\\/darkamazi.info\\\/#organization\"},\"potentialAction\":[{\"@type\":\"SearchAction\",\"target\":{\"@type\":\"EntryPoint\",\"urlTemplate\":\"https:\\\/\\\/darkamazi.info\\\/?s={search_term_string}\"},\"query-input\":{\"@type\":\"PropertyValueSpecification\",\"valueRequired\":true,\"valueName\":\"search_term_string\"}}],\"inLanguage\":\"en-US\"},{\"@type\":\"Organization\",\"@id\":\"https:\\\/\\\/darkamazi.info\\\/#organization\",\"name\":\"Darka Maz\u00ee\",\"url\":\"https:\\\/\\\/darkamazi.info\\\/\",\"logo\":{\"@type\":\"ImageObject\",\"inLanguage\":\"en-US\",\"@id\":\"https:\\\/\\\/darkamazi.info\\\/#\\\/schema\\\/logo\\\/image\\\/\",\"url\":\"https:\\\/\\\/darkamazi.info\\\/darka-content\\\/uploads\\\/2017\\\/12\\\/darka-mazi-logo.png\",\"contentUrl\":\"https:\\\/\\\/darkamazi.info\\\/darka-content\\\/uploads\\\/2017\\\/12\\\/darka-mazi-logo.png\",\"width\":151,\"height\":75,\"caption\":\"Darka Maz\u00ee\"},\"image\":{\"@id\":\"https:\\\/\\\/darkamazi.info\\\/#\\\/schema\\\/logo\\\/image\\\/\"},\"sameAs\":[\"https:\\\/\\\/www.facebook.com\\\/DarMaziKurmanci\",\"https:\\\/\\\/x.com\\\/DarkaMaziLatini\",\"https:\\\/\\\/www.instagram.com\\\/darkamazi.kurmanci\\\/\",\"https:\\\/\\\/www.youtube.com\\\/channel\\\/UCa5HkTdmI8U1qCUFuTw8B2g\"]},{\"@type\":\"Person\",\"@id\":\"https:\\\/\\\/darkamazi.info\\\/#\\\/schema\\\/person\\\/5ad3e24553a0567993fa8ed4bd0a776c\",\"name\":\"darka mazi\",\"sameAs\":[\"https:\\\/\\\/darkamazi.info\\\/\"],\"url\":\"https:\\\/\\\/darkamazi.info\\\/archives\\\/author\\\/kurdi\"}]}<\/script>\n<!-- \/ Yoast SEO plugin. -->","seo_head_json":{"title":"Gelo kes\u00ean weke Aldar Xel\u00eel j\u00ee ku ji p\u00ea\u015fmerge re dibijin \u201c\u00e7ete\u201d kurdin? - Darka Maz\u00ee","robots":{"index":"index","follow":"follow","max-snippet":"max-snippet:-1","max-image-preview":"max-image-preview:large","max-video-preview":"max-video-preview:-1"},"canonical":"https:\/\/darkamazi.info\/archives\/1018790","og_locale":"en_US","og_type":"article","og_title":"Gelo kes\u00ean weke Aldar Xel\u00eel j\u00ee ku ji p\u00ea\u015fmerge re dibijin \u201c\u00e7ete\u201d kurdin? - Darka Maz\u00ee","og_description":"\u00a0P\u00eaw\u00eest b\u00fb di nav gel\u00ea Kurd de t\u00eageha her\u00ee gir\u00eeng \u00fb sereke \u2018yek\u00eet\u00ee \u00fb yekr\u00eaz\u00ee\u2019 b\u00fbye, l\u00ea belek be\u015fek ji nav kurdan peyv\u00ean \u2018Yek\u00eet\u00ee \u00fb yekr\u00eaziy\u00ea\u2019 bi mebest\u00ean t\u00eakdan \u00fb re\u015fkirina aliyek\u00ee din bikar t\u00eenin ku gelek \u015fexs\u00eeyet\u00ean bi ser PKK\u00ea ve \u00fb n\u00eaz\u00eek\u00ee w\u00ea bi awayek\u00ee e\u015fkere t\u00eageh\u00ean \u2018Yek\u00eet\u00ee \u00fb yekr\u00eaziy\u00ea\u2019 li ser dijatiya [&hellip;]","og_url":"https:\/\/darkamazi.info\/archives\/1018790","og_site_name":"Darka Maz\u00ee","article_publisher":"https:\/\/www.facebook.com\/DarMaziKurmanci","article_published_time":"2021-01-14T18:35:56+00:00","og_image":[{"width":822,"height":454,"url":"https:\/\/darkamazi.info\/file\/2021\/01\/aldar-xelil.jpg","type":"image\/jpeg"}],"author":"darka mazi","twitter_card":"summary_large_image","twitter_creator":"@DarkaMaziLatini","twitter_site":"@DarkaMaziLatini","twitter_misc":{"Written by":"darka mazi","Est. reading time":"4 minutes"},"schema":{"@context":"https:\/\/schema.org","@graph":[{"@type":"Article","@id":"https:\/\/darkamazi.info\/archives\/1018790#article","isPartOf":{"@id":"https:\/\/darkamazi.info\/archives\/1018790"},"author":{"name":"darka mazi","@id":"https:\/\/darkamazi.info\/#\/schema\/person\/5ad3e24553a0567993fa8ed4bd0a776c"},"headline":"Gelo kes\u00ean weke Aldar Xel\u00eel j\u00ee ku ji p\u00ea\u015fmerge re dibijin \u201c\u00e7ete\u201d kurdin?","datePublished":"2021-01-14T18:35:56+00:00","mainEntityOfPage":{"@id":"https:\/\/darkamazi.info\/archives\/1018790"},"wordCount":999,"publisher":{"@id":"https:\/\/darkamazi.info\/#organization"},"image":{"@id":"https:\/\/darkamazi.info\/archives\/1018790#primaryimage"},"thumbnailUrl":"https:\/\/darkamazi.info\/file\/2021\/01\/aldar-xelil.jpg","keywords":["sereke"],"articleSection":["Ner\u00een"],"inLanguage":"en-US"},{"@type":"WebPage","@id":"https:\/\/darkamazi.info\/archives\/1018790","url":"https:\/\/darkamazi.info\/archives\/1018790","name":"Gelo kes\u00ean weke Aldar Xel\u00eel j\u00ee ku ji p\u00ea\u015fmerge re dibijin \u201c\u00e7ete\u201d kurdin? - Darka Maz\u00ee","isPartOf":{"@id":"https:\/\/darkamazi.info\/#website"},"primaryImageOfPage":{"@id":"https:\/\/darkamazi.info\/archives\/1018790#primaryimage"},"image":{"@id":"https:\/\/darkamazi.info\/archives\/1018790#primaryimage"},"thumbnailUrl":"https:\/\/darkamazi.info\/file\/2021\/01\/aldar-xelil.jpg","datePublished":"2021-01-14T18:35:56+00:00","breadcrumb":{"@id":"https:\/\/darkamazi.info\/archives\/1018790#breadcrumb"},"inLanguage":"en-US","potentialAction":[{"@type":"ReadAction","target":["https:\/\/darkamazi.info\/archives\/1018790"]}]},{"@type":"ImageObject","inLanguage":"en-US","@id":"https:\/\/darkamazi.info\/archives\/1018790#primaryimage","url":"https:\/\/darkamazi.info\/file\/2021\/01\/aldar-xelil.jpg","contentUrl":"https:\/\/darkamazi.info\/file\/2021\/01\/aldar-xelil.jpg","width":822,"height":454,"caption":"Gelo kes\u00ean weke Aldar Xel\u00eel j\u00ee ku ji p\u00ea\u015fmerge re dibijin \u201c\u00e7ete\u201d kurdin?"},{"@type":"BreadcrumbList","@id":"https:\/\/darkamazi.info\/archives\/1018790#breadcrumb","itemListElement":[{"@type":"ListItem","position":1,"name":"Home","item":"https:\/\/darkamazi.info\/"},{"@type":"ListItem","position":2,"name":"Gelo kes\u00ean weke Aldar Xel\u00eel j\u00ee ku ji p\u00ea\u015fmerge re dibijin \u201c\u00e7ete\u201d kurdin?"}]},{"@type":"WebSite","@id":"https:\/\/darkamazi.info\/#website","url":"https:\/\/darkamazi.info\/","name":"Darka Maz\u00ee","description":"P\u00eageha Zanyariy\u00ean Nebih\u00eest\u00ee","publisher":{"@id":"https:\/\/darkamazi.info\/#organization"},"potentialAction":[{"@type":"SearchAction","target":{"@type":"EntryPoint","urlTemplate":"https:\/\/darkamazi.info\/?s={search_term_string}"},"query-input":{"@type":"PropertyValueSpecification","valueRequired":true,"valueName":"search_term_string"}}],"inLanguage":"en-US"},{"@type":"Organization","@id":"https:\/\/darkamazi.info\/#organization","name":"Darka Maz\u00ee","url":"https:\/\/darkamazi.info\/","logo":{"@type":"ImageObject","inLanguage":"en-US","@id":"https:\/\/darkamazi.info\/#\/schema\/logo\/image\/","url":"https:\/\/darkamazi.info\/file\/2017\/12\/darka-mazi-logo.png","contentUrl":"https:\/\/darkamazi.info\/file\/2017\/12\/darka-mazi-logo.png","width":151,"height":75,"caption":"Darka Maz\u00ee"},"image":{"@id":"https:\/\/darkamazi.info\/#\/schema\/logo\/image\/"},"sameAs":["https:\/\/www.facebook.com\/DarMaziKurmanci","https:\/\/x.com\/DarkaMaziLatini","https:\/\/www.instagram.com\/darkamazi.kurmanci\/","https:\/\/www.youtube.com\/channel\/UCa5HkTdmI8U1qCUFuTw8B2g"]},{"@type":"Person","@id":"https:\/\/darkamazi.info\/#\/schema\/person\/5ad3e24553a0567993fa8ed4bd0a776c","name":"darka mazi","sameAs":["https:\/\/darkamazi.info\/"],"url":"https:\/\/darkamazi.info\/archives\/author\/kurdi"}]}},"_links":{"self":[{"href":"https:\/\/darkamazi.info\/funavuv\/wp\/v2\/posts\/1018790","targetHints":{"allow":["GET"]}}],"collection":[{"href":"https:\/\/darkamazi.info\/funavuv\/wp\/v2\/posts"}],"about":[{"href":"https:\/\/darkamazi.info\/funavuv\/wp\/v2\/types\/post"}],"author":[{"embeddable":true,"href":"https:\/\/darkamazi.info\/funavuv\/wp\/v2\/users\/2"}],"replies":[{"embeddable":true,"href":"https:\/\/darkamazi.info\/funavuv\/wp\/v2\/comments?post=1018790"}],"version-history":[{"count":0,"href":"https:\/\/darkamazi.info\/funavuv\/wp\/v2\/posts\/1018790\/revisions"}],"wp:featuredmedia":[{"embeddable":true,"href":"https:\/\/darkamazi.info\/funavuv\/wp\/v2\/media\/1018791"}],"wp:attachment":[{"href":"https:\/\/darkamazi.info\/funavuv\/wp\/v2\/media?parent=1018790"}],"wp:term":[{"taxonomy":"category","embeddable":true,"href":"https:\/\/darkamazi.info\/funavuv\/wp\/v2\/categories?post=1018790"},{"taxonomy":"post_tag","embeddable":true,"href":"https:\/\/darkamazi.info\/funavuv\/wp\/v2\/tags?post=1018790"}],"curies":[{"name":"wp","href":"https:\/\/api.w.org\/{rel}","templated":true}]}}