{"id":1018840,"date":"2021-01-17T19:36:32","date_gmt":"2021-01-17T16:36:32","guid":{"rendered":"https:\/\/darkamazi.info\/?p=1018840"},"modified":"2021-01-17T19:36:32","modified_gmt":"2021-01-17T16:36:32","slug":"we-di-dema-seroktiya-biden-de-tekiliyen-amerika-u-tirkiye-xerabtir-bin","status":"publish","type":"post","link":"https:\/\/darkamazi.info\/archives\/1018840","title":{"rendered":"&#8221; W\u00ea di dema seroktiya Biden de t\u00eakiliy\u00ean Amer\u00eeka \u00fb Tirkiy\u00ea xerabtir bin&#8221;"},"content":{"rendered":"<h3 style=\"text-align: justify\"><span style=\"font-family: 'arial black', sans-serif\">N\u00fbner\u00ea ber\u00ea y\u00ea Amer\u00eeka bo kar\u00fbbar\u00ean S\u00fbriy\u00ea James Jeffrey got ku kr\u00eeza S400an derbeya her\u00ee mezin li p\u00eawendiy\u00ean Tirkiye \u00fb Amer\u00eekay\u00ea daye \u00fb w\u00ea t\u00eakiliy\u00ean Amer\u00eeka \u00fb Tirkiy\u00ea di serdema serokatiya Joe Biden de h\u00ea xerabtir bibin.<\/span><\/h3>\n<h3 style=\"text-align: justify\">Balyoz\u00ea ber\u00ea y\u00ea Amer\u00eeka li Tirkiyey\u00ea \u00fb N\u00fbner\u00ea kar\u00fbbar\u00ean S\u00fbriy\u00ea James Jeffrey da xuyakirin, &#8220;Aliy\u00ean ber\u00ea li Amer\u00eekay\u00ea pi\u015ftevaniya Tirkiyey\u00ea dikirin, ji ber kir\u00eena s\u00eestem\u00ean S400 \u00ead\u00ee aliy\u00ea xwe guhertine.&#8221;<\/h3>\n<h3 style=\"text-align: justify\">Jeffrey gotiye: &#8220;Ew di dema Serokatiya Joe Biden de, ji bo p\u00eawendiy\u00ean Tirkiye \u00fb Amer\u00eekay\u00ea ne ge\u015fb\u00een e \u00fb di asta her\u00ee xirab ya \u00e7il sal\u00ean daw\u00ee de ne.&#8221;<\/h3>\n<h3 style=\"text-align: justify\">Jeffrey daye zan\u00een, &#8220;Mijara s\u00eestem\u00ean S400 \u00fb firokey\u00ean F-35 ji bo Amer\u00eeka jiyan\u00ee ne \u00fb di d\u00eeroka p\u00eawendiy\u00ean Tirkiye \u00fb Amer\u00eekay\u00ea de ji v\u00ea z\u00eadetir ti\u015ftek\u00ea ziyan nedaye p\u00eawendiya aliyan.&#8221;<\/h3>\n","protected":false},"excerpt":{"rendered":"<p>N\u00fbner\u00ea ber\u00ea y\u00ea Amer\u00eeka bo kar\u00fbbar\u00ean S\u00fbriy\u00ea James Jeffrey got ku kr\u00eeza S400an derbeya her\u00ee mezin li p\u00eawendiy\u00ean Tirkiye \u00fb Amer\u00eekay\u00ea daye \u00fb w\u00ea t\u00eakiliy\u00ean Amer\u00eeka \u00fb Tirkiy\u00ea di serdema serokatiya Joe Biden de h\u00ea xerabtir bibin. Balyoz\u00ea ber\u00ea y\u00ea Amer\u00eeka li Tirkiyey\u00ea \u00fb N\u00fbner\u00ea kar\u00fbbar\u00ean S\u00fbriy\u00ea James Jeffrey da xuyakirin, &#8220;Aliy\u00ean ber\u00ea li Amer\u00eekay\u00ea [&hellip;]<\/p>\n","protected":false},"author":2,"featured_media":1018841,"comment_status":"closed","ping_status":"closed","sticky":false,"template":"","format":"standard","meta":{"footnotes":""},"categories":[30],"tags":[37],"class_list":["post-1018840","post","type-post","status-publish","format-standard","has-post-thumbnail","hentry","category-cihan","tag-sereke"],"blocksy_meta":[],"seo_head":"<!-- This site is optimized with the Yoast SEO plugin v27.5 - https:\/\/yoast.com\/product\/yoast-seo-wordpress\/ -->\n<title>&quot; W\u00ea di dema seroktiya Biden de t\u00eakiliy\u00ean Amer\u00eeka \u00fb Tirkiy\u00ea xerabtir bin&quot; - Darka Maz\u00ee<\/title>\n<meta name=\"robots\" content=\"index, follow, max-snippet:-1, max-image-preview:large, max-video-preview:-1\" \/>\n<link rel=\"canonical\" href=\"https:\/\/darkamazi.info\/archives\/1018840\" \/>\n<meta property=\"og:locale\" content=\"en_US\" \/>\n<meta property=\"og:type\" content=\"article\" \/>\n<meta property=\"og:title\" content=\"&quot; W\u00ea di dema seroktiya Biden de t\u00eakiliy\u00ean Amer\u00eeka \u00fb Tirkiy\u00ea xerabtir bin&quot; - Darka Maz\u00ee\" \/>\n<meta property=\"og:description\" content=\"N\u00fbner\u00ea ber\u00ea y\u00ea Amer\u00eeka bo kar\u00fbbar\u00ean S\u00fbriy\u00ea James Jeffrey got ku kr\u00eeza S400an derbeya her\u00ee mezin li p\u00eawendiy\u00ean Tirkiye \u00fb Amer\u00eekay\u00ea daye \u00fb w\u00ea t\u00eakiliy\u00ean Amer\u00eeka \u00fb Tirkiy\u00ea di serdema serokatiya Joe Biden de h\u00ea xerabtir bibin. Balyoz\u00ea ber\u00ea y\u00ea Amer\u00eeka li Tirkiyey\u00ea \u00fb N\u00fbner\u00ea kar\u00fbbar\u00ean S\u00fbriy\u00ea James Jeffrey da xuyakirin, &#8220;Aliy\u00ean ber\u00ea li Amer\u00eekay\u00ea [&hellip;]\" \/>\n<meta property=\"og:url\" content=\"https:\/\/darkamazi.info\/archives\/1018840\" \/>\n<meta property=\"og:site_name\" content=\"Darka Maz\u00ee\" \/>\n<meta property=\"article:publisher\" content=\"https:\/\/www.facebook.com\/DarMaziKurmanci\" \/>\n<meta property=\"article:published_time\" content=\"2021-01-17T16:36:32+00:00\" \/>\n<meta property=\"og:image\" content=\"https:\/\/darkamazi.info\/file\/2021\/01\/James-Jeffrey.jpg\" \/>\n\t<meta property=\"og:image:width\" content=\"822\" \/>\n\t<meta property=\"og:image:height\" content=\"454\" \/>\n\t<meta property=\"og:image:type\" content=\"image\/jpeg\" \/>\n<meta name=\"author\" content=\"darka mazi\" \/>\n<meta name=\"twitter:card\" content=\"summary_large_image\" \/>\n<meta name=\"twitter:creator\" content=\"@DarkaMaziLatini\" \/>\n<meta name=\"twitter:site\" content=\"@DarkaMaziLatini\" \/>\n<meta name=\"twitter:label1\" content=\"Written by\" \/>\n\t<meta name=\"twitter:data1\" content=\"darka mazi\" \/>\n\t<meta name=\"twitter:label2\" content=\"Est. reading time\" \/>\n\t<meta name=\"twitter:data2\" content=\"1 minute\" \/>\n<script type=\"application\/ld+json\" class=\"seo-schema-graph\">{\"@context\":\"https:\\\/\\\/schema.org\",\"@graph\":[{\"@type\":\"Article\",\"@id\":\"https:\\\/\\\/darkamazi.info\\\/archives\\\/1018840#article\",\"isPartOf\":{\"@id\":\"https:\\\/\\\/darkamazi.info\\\/archives\\\/1018840\"},\"author\":{\"name\":\"darka mazi\",\"@id\":\"https:\\\/\\\/darkamazi.info\\\/#\\\/schema\\\/person\\\/5ad3e24553a0567993fa8ed4bd0a776c\"},\"headline\":\"&#8221; W\u00ea di dema seroktiya Biden de t\u00eakiliy\u00ean Amer\u00eeka \u00fb Tirkiy\u00ea xerabtir bin&#8221;\",\"datePublished\":\"2021-01-17T16:36:32+00:00\",\"mainEntityOfPage\":{\"@id\":\"https:\\\/\\\/darkamazi.info\\\/archives\\\/1018840\"},\"wordCount\":173,\"publisher\":{\"@id\":\"https:\\\/\\\/darkamazi.info\\\/#organization\"},\"image\":{\"@id\":\"https:\\\/\\\/darkamazi.info\\\/archives\\\/1018840#primaryimage\"},\"thumbnailUrl\":\"https:\\\/\\\/darkamazi.info\\\/darka-content\\\/uploads\\\/2021\\\/01\\\/James-Jeffrey.jpg\",\"keywords\":[\"sereke\"],\"articleSection\":[\"C\u00eehan\"],\"inLanguage\":\"en-US\"},{\"@type\":\"WebPage\",\"@id\":\"https:\\\/\\\/darkamazi.info\\\/archives\\\/1018840\",\"url\":\"https:\\\/\\\/darkamazi.info\\\/archives\\\/1018840\",\"name\":\"\\\" W\u00ea di dema seroktiya Biden de t\u00eakiliy\u00ean Amer\u00eeka \u00fb Tirkiy\u00ea xerabtir bin\\\" - Darka Maz\u00ee\",\"isPartOf\":{\"@id\":\"https:\\\/\\\/darkamazi.info\\\/#website\"},\"primaryImageOfPage\":{\"@id\":\"https:\\\/\\\/darkamazi.info\\\/archives\\\/1018840#primaryimage\"},\"image\":{\"@id\":\"https:\\\/\\\/darkamazi.info\\\/archives\\\/1018840#primaryimage\"},\"thumbnailUrl\":\"https:\\\/\\\/darkamazi.info\\\/darka-content\\\/uploads\\\/2021\\\/01\\\/James-Jeffrey.jpg\",\"datePublished\":\"2021-01-17T16:36:32+00:00\",\"breadcrumb\":{\"@id\":\"https:\\\/\\\/darkamazi.info\\\/archives\\\/1018840#breadcrumb\"},\"inLanguage\":\"en-US\",\"potentialAction\":[{\"@type\":\"ReadAction\",\"target\":[\"https:\\\/\\\/darkamazi.info\\\/archives\\\/1018840\"]}]},{\"@type\":\"ImageObject\",\"inLanguage\":\"en-US\",\"@id\":\"https:\\\/\\\/darkamazi.info\\\/archives\\\/1018840#primaryimage\",\"url\":\"https:\\\/\\\/darkamazi.info\\\/darka-content\\\/uploads\\\/2021\\\/01\\\/James-Jeffrey.jpg\",\"contentUrl\":\"https:\\\/\\\/darkamazi.info\\\/darka-content\\\/uploads\\\/2021\\\/01\\\/James-Jeffrey.jpg\",\"width\":822,\"height\":454,\"caption\":\"\\\" W\u00ea di dema seroktiya Biden de t\u00eakiliy\u00ean Amer\u00eeka \u00fb Tirkiy\u00ea xerabtir bin\\\"\"},{\"@type\":\"BreadcrumbList\",\"@id\":\"https:\\\/\\\/darkamazi.info\\\/archives\\\/1018840#breadcrumb\",\"itemListElement\":[{\"@type\":\"ListItem\",\"position\":1,\"name\":\"Home\",\"item\":\"https:\\\/\\\/darkamazi.info\\\/\"},{\"@type\":\"ListItem\",\"position\":2,\"name\":\"&#8221; W\u00ea di dema seroktiya Biden de t\u00eakiliy\u00ean Amer\u00eeka \u00fb Tirkiy\u00ea xerabtir bin&#8221;\"}]},{\"@type\":\"WebSite\",\"@id\":\"https:\\\/\\\/darkamazi.info\\\/#website\",\"url\":\"https:\\\/\\\/darkamazi.info\\\/\",\"name\":\"Darka Maz\u00ee\",\"description\":\"P\u00eageha Zanyariy\u00ean Nebih\u00eest\u00ee\",\"publisher\":{\"@id\":\"https:\\\/\\\/darkamazi.info\\\/#organization\"},\"potentialAction\":[{\"@type\":\"SearchAction\",\"target\":{\"@type\":\"EntryPoint\",\"urlTemplate\":\"https:\\\/\\\/darkamazi.info\\\/?s={search_term_string}\"},\"query-input\":{\"@type\":\"PropertyValueSpecification\",\"valueRequired\":true,\"valueName\":\"search_term_string\"}}],\"inLanguage\":\"en-US\"},{\"@type\":\"Organization\",\"@id\":\"https:\\\/\\\/darkamazi.info\\\/#organization\",\"name\":\"Darka Maz\u00ee\",\"url\":\"https:\\\/\\\/darkamazi.info\\\/\",\"logo\":{\"@type\":\"ImageObject\",\"inLanguage\":\"en-US\",\"@id\":\"https:\\\/\\\/darkamazi.info\\\/#\\\/schema\\\/logo\\\/image\\\/\",\"url\":\"https:\\\/\\\/darkamazi.info\\\/darka-content\\\/uploads\\\/2017\\\/12\\\/darka-mazi-logo.png\",\"contentUrl\":\"https:\\\/\\\/darkamazi.info\\\/darka-content\\\/uploads\\\/2017\\\/12\\\/darka-mazi-logo.png\",\"width\":151,\"height\":75,\"caption\":\"Darka Maz\u00ee\"},\"image\":{\"@id\":\"https:\\\/\\\/darkamazi.info\\\/#\\\/schema\\\/logo\\\/image\\\/\"},\"sameAs\":[\"https:\\\/\\\/www.facebook.com\\\/DarMaziKurmanci\",\"https:\\\/\\\/x.com\\\/DarkaMaziLatini\",\"https:\\\/\\\/www.instagram.com\\\/darkamazi.kurmanci\\\/\",\"https:\\\/\\\/www.youtube.com\\\/channel\\\/UCa5HkTdmI8U1qCUFuTw8B2g\"]},{\"@type\":\"Person\",\"@id\":\"https:\\\/\\\/darkamazi.info\\\/#\\\/schema\\\/person\\\/5ad3e24553a0567993fa8ed4bd0a776c\",\"name\":\"darka mazi\",\"sameAs\":[\"https:\\\/\\\/darkamazi.info\\\/\"],\"url\":\"https:\\\/\\\/darkamazi.info\\\/archives\\\/author\\\/kurdi\"}]}<\/script>\n<!-- \/ Yoast SEO plugin. -->","seo_head_json":{"title":"\" W\u00ea di dema seroktiya Biden de t\u00eakiliy\u00ean Amer\u00eeka \u00fb Tirkiy\u00ea xerabtir bin\" - Darka Maz\u00ee","robots":{"index":"index","follow":"follow","max-snippet":"max-snippet:-1","max-image-preview":"max-image-preview:large","max-video-preview":"max-video-preview:-1"},"canonical":"https:\/\/darkamazi.info\/archives\/1018840","og_locale":"en_US","og_type":"article","og_title":"\" W\u00ea di dema seroktiya Biden de t\u00eakiliy\u00ean Amer\u00eeka \u00fb Tirkiy\u00ea xerabtir bin\" - Darka Maz\u00ee","og_description":"N\u00fbner\u00ea ber\u00ea y\u00ea Amer\u00eeka bo kar\u00fbbar\u00ean S\u00fbriy\u00ea James Jeffrey got ku kr\u00eeza S400an derbeya her\u00ee mezin li p\u00eawendiy\u00ean Tirkiye \u00fb Amer\u00eekay\u00ea daye \u00fb w\u00ea t\u00eakiliy\u00ean Amer\u00eeka \u00fb Tirkiy\u00ea di serdema serokatiya Joe Biden de h\u00ea xerabtir bibin. Balyoz\u00ea ber\u00ea y\u00ea Amer\u00eeka li Tirkiyey\u00ea \u00fb N\u00fbner\u00ea kar\u00fbbar\u00ean S\u00fbriy\u00ea James Jeffrey da xuyakirin, &#8220;Aliy\u00ean ber\u00ea li Amer\u00eekay\u00ea [&hellip;]","og_url":"https:\/\/darkamazi.info\/archives\/1018840","og_site_name":"Darka Maz\u00ee","article_publisher":"https:\/\/www.facebook.com\/DarMaziKurmanci","article_published_time":"2021-01-17T16:36:32+00:00","og_image":[{"width":822,"height":454,"url":"https:\/\/darkamazi.info\/file\/2021\/01\/James-Jeffrey.jpg","type":"image\/jpeg"}],"author":"darka mazi","twitter_card":"summary_large_image","twitter_creator":"@DarkaMaziLatini","twitter_site":"@DarkaMaziLatini","twitter_misc":{"Written by":"darka mazi","Est. reading time":"1 minute"},"schema":{"@context":"https:\/\/schema.org","@graph":[{"@type":"Article","@id":"https:\/\/darkamazi.info\/archives\/1018840#article","isPartOf":{"@id":"https:\/\/darkamazi.info\/archives\/1018840"},"author":{"name":"darka mazi","@id":"https:\/\/darkamazi.info\/#\/schema\/person\/5ad3e24553a0567993fa8ed4bd0a776c"},"headline":"&#8221; W\u00ea di dema seroktiya Biden de t\u00eakiliy\u00ean Amer\u00eeka \u00fb Tirkiy\u00ea xerabtir bin&#8221;","datePublished":"2021-01-17T16:36:32+00:00","mainEntityOfPage":{"@id":"https:\/\/darkamazi.info\/archives\/1018840"},"wordCount":173,"publisher":{"@id":"https:\/\/darkamazi.info\/#organization"},"image":{"@id":"https:\/\/darkamazi.info\/archives\/1018840#primaryimage"},"thumbnailUrl":"https:\/\/darkamazi.info\/file\/2021\/01\/James-Jeffrey.jpg","keywords":["sereke"],"articleSection":["C\u00eehan"],"inLanguage":"en-US"},{"@type":"WebPage","@id":"https:\/\/darkamazi.info\/archives\/1018840","url":"https:\/\/darkamazi.info\/archives\/1018840","name":"\" W\u00ea di dema seroktiya Biden de t\u00eakiliy\u00ean Amer\u00eeka \u00fb Tirkiy\u00ea xerabtir bin\" - Darka Maz\u00ee","isPartOf":{"@id":"https:\/\/darkamazi.info\/#website"},"primaryImageOfPage":{"@id":"https:\/\/darkamazi.info\/archives\/1018840#primaryimage"},"image":{"@id":"https:\/\/darkamazi.info\/archives\/1018840#primaryimage"},"thumbnailUrl":"https:\/\/darkamazi.info\/file\/2021\/01\/James-Jeffrey.jpg","datePublished":"2021-01-17T16:36:32+00:00","breadcrumb":{"@id":"https:\/\/darkamazi.info\/archives\/1018840#breadcrumb"},"inLanguage":"en-US","potentialAction":[{"@type":"ReadAction","target":["https:\/\/darkamazi.info\/archives\/1018840"]}]},{"@type":"ImageObject","inLanguage":"en-US","@id":"https:\/\/darkamazi.info\/archives\/1018840#primaryimage","url":"https:\/\/darkamazi.info\/file\/2021\/01\/James-Jeffrey.jpg","contentUrl":"https:\/\/darkamazi.info\/file\/2021\/01\/James-Jeffrey.jpg","width":822,"height":454,"caption":"\" W\u00ea di dema seroktiya Biden de t\u00eakiliy\u00ean Amer\u00eeka \u00fb Tirkiy\u00ea xerabtir bin\""},{"@type":"BreadcrumbList","@id":"https:\/\/darkamazi.info\/archives\/1018840#breadcrumb","itemListElement":[{"@type":"ListItem","position":1,"name":"Home","item":"https:\/\/darkamazi.info\/"},{"@type":"ListItem","position":2,"name":"&#8221; W\u00ea di dema seroktiya Biden de t\u00eakiliy\u00ean Amer\u00eeka \u00fb Tirkiy\u00ea xerabtir bin&#8221;"}]},{"@type":"WebSite","@id":"https:\/\/darkamazi.info\/#website","url":"https:\/\/darkamazi.info\/","name":"Darka Maz\u00ee","description":"P\u00eageha Zanyariy\u00ean Nebih\u00eest\u00ee","publisher":{"@id":"https:\/\/darkamazi.info\/#organization"},"potentialAction":[{"@type":"SearchAction","target":{"@type":"EntryPoint","urlTemplate":"https:\/\/darkamazi.info\/?s={search_term_string}"},"query-input":{"@type":"PropertyValueSpecification","valueRequired":true,"valueName":"search_term_string"}}],"inLanguage":"en-US"},{"@type":"Organization","@id":"https:\/\/darkamazi.info\/#organization","name":"Darka Maz\u00ee","url":"https:\/\/darkamazi.info\/","logo":{"@type":"ImageObject","inLanguage":"en-US","@id":"https:\/\/darkamazi.info\/#\/schema\/logo\/image\/","url":"https:\/\/darkamazi.info\/file\/2017\/12\/darka-mazi-logo.png","contentUrl":"https:\/\/darkamazi.info\/file\/2017\/12\/darka-mazi-logo.png","width":151,"height":75,"caption":"Darka Maz\u00ee"},"image":{"@id":"https:\/\/darkamazi.info\/#\/schema\/logo\/image\/"},"sameAs":["https:\/\/www.facebook.com\/DarMaziKurmanci","https:\/\/x.com\/DarkaMaziLatini","https:\/\/www.instagram.com\/darkamazi.kurmanci\/","https:\/\/www.youtube.com\/channel\/UCa5HkTdmI8U1qCUFuTw8B2g"]},{"@type":"Person","@id":"https:\/\/darkamazi.info\/#\/schema\/person\/5ad3e24553a0567993fa8ed4bd0a776c","name":"darka mazi","sameAs":["https:\/\/darkamazi.info\/"],"url":"https:\/\/darkamazi.info\/archives\/author\/kurdi"}]}},"_links":{"self":[{"href":"https:\/\/darkamazi.info\/funavuv\/wp\/v2\/posts\/1018840","targetHints":{"allow":["GET"]}}],"collection":[{"href":"https:\/\/darkamazi.info\/funavuv\/wp\/v2\/posts"}],"about":[{"href":"https:\/\/darkamazi.info\/funavuv\/wp\/v2\/types\/post"}],"author":[{"embeddable":true,"href":"https:\/\/darkamazi.info\/funavuv\/wp\/v2\/users\/2"}],"replies":[{"embeddable":true,"href":"https:\/\/darkamazi.info\/funavuv\/wp\/v2\/comments?post=1018840"}],"version-history":[{"count":0,"href":"https:\/\/darkamazi.info\/funavuv\/wp\/v2\/posts\/1018840\/revisions"}],"wp:featuredmedia":[{"embeddable":true,"href":"https:\/\/darkamazi.info\/funavuv\/wp\/v2\/media\/1018841"}],"wp:attachment":[{"href":"https:\/\/darkamazi.info\/funavuv\/wp\/v2\/media?parent=1018840"}],"wp:term":[{"taxonomy":"category","embeddable":true,"href":"https:\/\/darkamazi.info\/funavuv\/wp\/v2\/categories?post=1018840"},{"taxonomy":"post_tag","embeddable":true,"href":"https:\/\/darkamazi.info\/funavuv\/wp\/v2\/tags?post=1018840"}],"curies":[{"name":"wp","href":"https:\/\/api.w.org\/{rel}","templated":true}]}}