{"id":1018891,"date":"2021-01-19T18:25:13","date_gmt":"2021-01-19T15:25:13","guid":{"rendered":"https:\/\/darkamazi.info\/?p=1018891"},"modified":"2021-09-11T13:34:30","modified_gmt":"2021-09-11T10:34:30","slug":"niheni-raya-gisti-li-silemaniye-di-navbera-hisyariya-pkk-e-u-xew-xwesiya-ynk-e-da-2","status":"publish","type":"post","link":"https:\/\/darkamazi.info\/archives\/1018891","title":{"rendered":"Raya gi\u015ft\u00ee li Sil\u00eamaniy\u00ea di n\u00eavbera hi\u015fyariya PKK \u00ea \u00fb xewa xwe\u015fiya YNK \u00ea de &#8211; Be\u015fa 2"},"content":{"rendered":"<div class=\"wpb-content-wrapper\"><p>[darkamazi_row][darkamazi_column][darkamazi_column_text]<\/p>\n<h3 style=\"text-align: center;\"><span style=\"color: #8c0a0a; font-family: 'arial black', sans-serif;\">Roj li Ba\u015f\u00fbr hil t\u00ea<\/span><\/h3>\n<h3 style=\"text-align: justify;\"><span style=\"font-family: 'arial black', sans-serif;\">Drustkirina kaos\u00ea, tirs\u00ea \u00fb belavkirina propagandaya, nakok\u00ee \u00fb cudahiy\u00ean Piskoloj\u00eek, berev p\u00ea\u015f birina ruha b\u00ea om\u00eadiy\u00ea \u00fb b\u00ea moraliy\u00ea li cih\u00ea um\u00eadewar\u00ee \u00fb \u00e7alakiyan, giring\u00ee p\u00eanedan bi mijar\u00ean gir\u00eeng y\u00ean Kurdistan\u00ea \u00fb normal d\u00eetina \u00ear\u00ee\u015f\u00ean dujminan li ser Ba\u015f\u00fbr\u00ea Kurdistan\u00ea bi behaneya dijat\u00eekirina partiyek diyar kir\u00ee ji wan cure \u00ear\u00ee\u015f\u00ean \u00e7and \u00fb kilt\u00fbr\u00ee \u00fb \u015fer\u00ea nerim \u00ea s\u00eestemat\u00eek e ku dewlet\u00ean dujmin bi taybet\u00ee \u00ceran \u00fb Tirkiye li ser Ba\u015f\u00fbr\u00ea Kurdistan\u00ea encam dide.<\/span><\/h3>\n<h3 style=\"text-align: justify;\">\u00c7arliz L\u00eendbilam yek ji alim\u00ean diyar \u00ean emer\u00eekay\u00ea dib\u00eaje, &#8220;arastekirin \u00fb ne\u00e7arkirina mirovan bi encam day\u00eena kar\u00ean berevaj\u00ee heza wan a hundir\u00een bi s\u00ea r\u00eaya mumk\u00eene: bi zor\u00ea, pevguhertin \u00fb qay\u00eel kirin. Bi ner\u00eena w\u00ee di sedsala b\u00eest \u00fb yekan de ji aliyek\u00ea bikaran\u00eena zor\u00ea \u00fb \u015f\u00eawaz\u00ean ne\u00e7arkirina e\u015fkere, t\u00ea\u00e7\u00fbn\u00ean her\u00ee giran hene \u00fb nay\u00ea qeb\u00fblkirin, ji aliyeke din hinek ji kes\u00ean amade ji boy\u00a0 encamday\u00eena karek\u00ee berevaj\u00ee heza xwe bi armanca destvean\u00eena berjewendiy\u00ean ab\u00fbr\u00ee n\u00eene \u00fb \u00eemkana bikaran\u00eena alav\u00ean ab\u00fbr\u00ee ji boy desthilatdariya li ser xelk\u00ea s\u00eenordare, l\u00ea bel\u00ea berfirehb\u00fbna saziy\u00ean \u00e7apemeniy\u00ea \u00fb xebata wan a di war\u00ean cuda, cuda y\u00ean jiyan\u00ea de qay\u00eelkirin kir\u00eeye ba\u015ftir\u00een \u00fb bi bandortir\u00een alav ji boy arastekirina xelk\u00ea bo semt \u00fb cih\u00ea dilxwaz.<\/h3>\n<h3 style=\"text-align: center;\"><span style=\"color: #8c0a0a; font-family: 'arial black', sans-serif;\">\u015eer\u00ea nerim li dij\u00ee Kurdistan\u00ea \u00e7ewa t\u00ea me\u015fandin?<\/span><\/h3>\n<h3 style=\"text-align: justify;\">\u015eer\u00ea nerim ku li pey jinavbirna hizir \u00fb raman \u00fb nirx\u00ean civaka hedefkir\u00eeye daku zinc\u00eera fikr\u00ee \u00fb \u00e7and \u00fb kilt\u00fbr\u00ee ya wan p\u00fb\u00e7 bike \u00fb bi bombebarana n\u00fb\u00e7ey\u00ean ne rast \u00fb piropagindey\u00ean siyas\u00ee, civak\u00ee \u00fb ab\u00fbr\u00ee dixwaze b\u00ea bawery\u00ea di nava civak\u00ea de belav bike ji wan mijarane ku di dem\u00ean pir kevin de, di dinyay\u00ea de hat\u00eeye heb\u00fbn\u00ea. Ev mijar li dij\u00ee Kurdistan\u00ea bi gi\u015ft\u00ee \u00fb Ba\u015f\u00fbr\u00ea Kurdistan\u00ea bi taybet\u00ee demek dir\u00eaje t\u00ea me\u015fandin jiberku dest\u00ean dujmin\u00ean s\u00fbndxwariy\u00ean v\u00ee gel \u00fb wilat\u00ee ji \u00e7avkaniy\u00ean xwezay\u00ee y\u00ean v\u00ea per\u00e7eya Kurdistan\u00ea qut b\u00fbye \u00fb nikarin weke p\u00ea\u015f niha van \u00e7avkaniy\u00ean xwezay\u00ee y\u00ean kurdan li dij\u00ee wan bi xwe bikarb\u00eenin \u00fb perey\u00ea ji firotina van \u00e7avkaniy\u00ean xwezay\u00ee bi dest wan dikeve careke din bi tank \u00fb top \u00fb cibilxane bide \u00fb li dij\u00ee kurdan bikar b\u00eene.<\/h3>\n<h3 style=\"text-align: justify;\">Dewlet\u00ean dujmin hema b\u00eaje niha ji \u015fer\u00ea req anku bikaran\u00eena h\u00eaza le\u015fkir\u00ee li dij\u00ee Ba\u015f\u00fbr\u00ea Kurdistan\u00ea b\u00ea h\u00eav\u00ee b\u00fbne, ji ber ku ev per\u00e7eya azad a Kurdistan\u00ea ji aliyek\u00ea xwed\u00ee bawermendiyek navnetew\u00ee ye \u00fb ji aliyeke din di niha de encamday\u00eena \u015ferek le\u015fkir\u00ee ji boy dewlet\u00ean dujmin li dij\u00ee ba\u015f\u00fbr w\u00ea t\u00ea\u00e7\u00fbn\u00ean z\u00eade li pey xwe b\u00eene \u00fb ji h\u00eala nav netew\u00ee \u00fb h\u00fbndir\u00een j\u00ee nay\u00ea qeb\u00fblikirin, loma ev dewletane bi taybet\u00ee \u00ceran bi r\u00eaya hizb\u00ean li bin desthilata xwe de weke YNK \u00ea \u00fb PKK \u00ea niha bi bikaran\u00eena \u015fer\u00ea nerim dixwaze armanca xwe ya jinavbirna her\u00eama Ba\u015f\u00fbr\u00ea Kurdistan\u00ea li j\u00ear nav \u00fb n\u00ee\u015fan\u00ean cuda da p\u00eak b\u00eene.<\/h3>\n<p style=\"text-align: center;\"><span style=\"color: #8c0a0a; font-family: 'arial black', sans-serif;\">PKK e li Sil\u00eamaniy\u00ea \u00e7i dike?<\/span><\/p>\n<h3 style=\"text-align: justify;\">Di niha de PKK \u00ea weke be\u015fek ji ecindaya \u00ceran\u00ea li ba\u015f\u00fbr\u00ea kurdistan\u00ea bi taybet\u00ee li bajar\u00ea Sil\u00eamaniy\u00ea bi r\u00eaya dirustkirina \u00e7end\u00een r\u00eaxistin\u00ean civaka siv\u00eel \u00fb dezgeh\u00ean \u00e7apemeniy\u00ea \u00fb bikaran\u00eena sosyal medyay\u00ea ji boy parvekirina piropaganday\u00ean li dij\u00ee her\u00eam\u00ea bi behaneya dijat\u00eekirina PDK \u00ea \u015ferek\u00ee nerim \u00ea mezin li dij\u00ee ba\u015f\u00fbr dime\u015f\u00eene \u00fb kariye raya gi\u015ft\u00ee li Sil\u00eamaniy\u00ea bi astek\u00ee mezin b\u00eaxe bin bandora xwe \u00fb ji bo w\u00ea semta ew dixwaze araste bike.<\/h3>\n<h3 style=\"text-align: justify;\">PKK \u00ea bi r\u00eaya medya \u00fb r\u00eaxistin\u00ean xwe y\u00ean ku li j\u00ear nav\u00ea r\u00eaxistin\u00ean civaka siv\u00eel ew avakir\u00eene kariye h\u00eazeka nerim dirust bike, \u00fb kariye bi v\u00ea yek\u00ea bandor\u00ea li ser raya gi\u015ft\u00ee dirust bike \u00fb di berjewenda xwe de bikar b\u00eene, ev h\u00eaza nerima PKK \u00ea di esas de li dij\u00ee daxwaz\u00ean netew\u00ee \u00fb ni\u015ftiman\u00ee y\u00ean Ba\u015f\u00fbr\u00ea Kurdistan\u00ea \u00fb di berjewenda dewlet\u00ean dagirker de ye, PKK e bi r\u00eaya v\u00ea h\u00eaz\u00ea raya gi\u015ft\u00ee berevaj\u00ee dike \u00fb wiha dide n\u00ee\u015fandan ku destdir\u00eaj\u00eeya PKK \u00ea ji boy ser statoya Ba\u015f\u00fbr\u00ea Kurdistan\u00ea ne destdir\u00eaj\u00eeya li ser her\u00eam\u00ea ye belku \u015fer\u00ea PKK \u00ea li dij\u00ee PDK \u00ea ye.<\/h3>\n<h3 style=\"text-align: center;\"><span style=\"color: #8c0a0a; font-family: 'arial black', sans-serif;\">Xebat ji boy b\u00ea buhakirina ezm\u00fbna Hikumeta Her\u00eama Kurdistan\u00ea \u00fb mezin kirin \u00fb gir\u00eeng n\u00ee\u015fandana ezm\u00fbna r\u00eaveberiya xweser a PKK \u00ea li Rojava Kurdistan\u00ee yek ji Armanc\u00ean Sereke y\u00ean PKK \u00ea \u00fb d\u00fbvelank\u00ean w\u00ea ye<\/span><\/h3>\n<h3 style=\"text-align: justify;\">Xebat ji boy b\u00ea buhakirina ezm\u00fbna Hikumeta Her\u00eama Kurdistan\u00ea \u00fb mezin kirin \u00fb gir\u00eeng n\u00ee\u015fandana ezm\u00fbna r\u00eaveberiya xweser a PKK \u00ea li Rojava Kurdistan\u00ee yek ji Armanc\u00ean Sereke y\u00ean PKK \u00ea \u00fb d\u00fbvelank\u00ean w\u00ea ye, bo m\u00eenak PKK \u00ea li sala 2019an de hijmarek niv\u00eeskar \u00fb rojnameniv\u00ees\u00ean Ba\u015f\u00fbr daxwazkirin rojava, ji wan: D. Faroq Ref\u00eeq, Serok\u00ea Navenda Hikmet ji bo L\u00eakol\u00een\u00ean Felsef\u00ee, Hawj\u00een Mela Em\u00een ku biray\u00ea Musena Em\u00een \u00ea parlementer\u00ea Yekgirt\u00fbya \u00ceslam\u00ee ya Kurdistan\u00ea ye, Hawj\u00een ku kesek ata\u00eeste \u00fb Serok\u00ea navenda Suhrewerd\u00eeye ji bo l\u00eakol\u00eena Ol \u00fb Efsaneyan, Mens\u00fbr Teyfor\u00ee Serok\u00ea r\u00eaxistina nawext ku Qadroyeke diyar \u00ea PKK \u00ea ye li Ba\u015f\u00fbr\u00ea Kurdistan\u00ea&#8230;hwd ji diyartir\u00een wan kesane ku PKK \u00ea daxwaz kiriye Rojava Kurdistan\u00ea. Van kesan pi\u015ft\u00ee veger\u00een ji Rojava Kurdistan\u00ea hejmarek sem\u00eenar li j\u00ear nav\u00ea &#8220;Roj li Rojava helt\u00ea&#8221; bir\u00eave birin ku hem\u00fb armanca wan kir\u00eatkirin \u00fb l\u00ea xistina Hik\u00fbmeta Her\u00eama Ba\u015f\u00fbr\u00ea Kurdistan\u00ea \u00fb ciwankirin \u00fb gir\u00eeng n\u00ee\u015fandan \u00fb mezinkirina R\u00eaveberiya Xweser a Rojava Kurdistan\u00ea b\u00fbye.<\/h3>\n<h3 style=\"text-align: justify;\">Her\u00e7end ku ev kesane ba\u015f dizanin bi ti awa Rojava bi Ba\u015f\u00fbr nay\u00ea himberkirin l\u00ea bel\u00ea ji berku ji \u00e7end\u00een aliyan tel\u00eemat bi wan hat\u00eene day\u00een ew ne\u00e7ar dim\u00eenin bi v\u00ee awa tev bigerin. Li gor zanyariy\u00ean pi\u015ftrastkir\u00ee hinek qadroy\u00ean PKK \u00ea ku li \u00ceran\u00ea tevl\u00ee perwerdehiya \u015fer\u00ea nerim b\u00fbne niha bi awayek\u00ee s\u00eestemat\u00eek li ser v\u00ea yek\u00ea kar dikin, wan bi sedan r\u00fbpel\u00ean Facebook\u00ea, bi dehan qanal\u00ean telefizyon\u00ee \u00fb rojname \u00fb malper\u00ean el\u00eektron\u00ee bi wan pereyan dirust kir\u00eene ku weke bac ji xelk\u00ea hejar\u00ea dever\u00ean s\u00eenor\u00ee dist\u00eenin \u00fb hizr\u00ean xwe y\u00ean gemar p\u00ea parve dikin, hizr\u00ean weha ku li gor hez \u00fb xwasteka dujminan in \u00fb li dij\u00ee hez \u00fb daxwaza hem\u00fb ni\u015ft\u00eemanperwer\u00ean kurd.<\/h3>\n<h3 style=\"text-align: center;\"><span style=\"color: #8c0a0a; font-family: 'arial black', sans-serif;\">Roja kurd \u00fb kurdistan\u00ea, ne li rojava ne li Bakur \u00fb ne j\u00ee li Rojhilat hil nay\u00ea belku roja tev kurd \u00fb Kurdistaniyan li Ba\u015f\u00fbr hilt\u00ea<\/span><\/h3>\n<h3 style=\"text-align: justify;\">Bi v\u00ee awa tevger\u00eena PKK \u00ea weke p\u00ea\u015f niha me qal kir\u00ee ji encam\u00ea xewa k\u00fbr a rayedar\u00ean YNK \u00ea \u00fb ne naskirina PKK \u00ea ji aliy\u00ea wan t\u00ea, her\u00e7end ku p\u00ea\u015f niha hinek\u00ea YNK hi\u015fyar b\u00fbye \u00fb guh\u00ea hinek ji van kesan ki\u015fandiye l\u00ea bel\u00ea h\u00eajan j\u00ee ev kesane kar dikin \u00fb ne bi ten\u00ea b\u00fbne xetere li ser ba\u015f\u00fbr bi ten\u00ea belku di niha de b\u00fbne gefeke cid\u00ee li ser YNK \u00ea bi xwe j\u00ee jiber v\u00ea yek\u00ea em dib\u00eajin bera ku her ti\u015ft ji dest YNK \u00ea bi xwe j\u00ee derkeve dem hatiye YNK e ji xewa xwe a giran rabe \u00fb \u00e7av\u00ean xwe veke, dem hatye YNK e weke part\u00eeyeke kurd\u00ee a Ba\u015f\u00fbr\u00ea Kurdistan\u00ea rast\u00eeya PKK \u00ea f\u00eam bike \u00fb weke \u00e7ewa rehmeta xwed\u00ea l\u00ea be Mam Celal ew naskir\u00ee, r\u00eaveber\u00ean niha y\u00ean YNK \u00ea j\u00ee bi w\u00ee awa PKK \u00ea \u00fb xetereya w\u00ea li ser ba\u015f\u00fbr nas bikin.<\/h3>\n<h3 style=\"text-align: justify;\">Li daw\u00eey\u00ea em bi PKK \u00ea \u00fb hem\u00fb kir\u00eagirit\u00eey\u00ean w\u00ea \u00ean xwe weke rew\u015fenb\u00eer, niv\u00eeskar, wilatpar\u00eaz, rexnegir \u00fb dilsoz\u00ean kurdistan\u00ea didin n\u00ee\u015fandan dib\u00eajin: roja kurd \u00fb kurdistan\u00ea, ne li rojava ne li Bakur \u00fb ne j\u00ee li Rojhilat hil nay\u00ea belku roja tev kurd \u00fb Kurdistaniyan li Ba\u015f\u00fbr hilt\u00ea \u00fb w\u00ea rojek were r\u00fbniya v\u00ea roj\u00ea \u00e7av\u00ean hem\u00fb dujmin \u00fb neyar\u00ean v\u00ea ax\u00ea kur bike.<\/h3>\n<p>[\/darkamazi_column_text][\/darkamazi_column][\/darkamazi_row][darkamazi_row css=&#8221;.darkamazi_custom_1623165903908{padding-bottom: 10px !important;}&#8221;][darkamazi_column][mpc_alert preset=&#8221;mpc_preset_24&#8243; icon=&#8221;eti eti_link&#8221; icon_color=&#8221;#ffffff&#8221; icon_size=&#8221;30&#8243; icon_background_color=&#8221;#df5461&#8243; icon_padding_divider=&#8221;true&#8221; icon_padding_css=&#8221;padding-top:25px;padding-right:25px;padding-bottom:25px;padding-left:25px;&#8221; font_preset=&#8221;mpc_preset_13&#8243; font_color=&#8221;#ffffff&#8221; font_size=&#8221;20&#8243; font_transform=&#8221;none&#8221; font_align=&#8221;center&#8221; content_padding_divider=&#8221;true&#8221; content_padding_css=&#8221;padding-top:10px;padding-right:15px;padding-bottom:0px;padding-left:15px;&#8221; background_type=&#8221;gradient&#8221; background_gradient=&#8221;#d14945||#e5825e||0;100||90||linear&#8221; border_divider=&#8221;true&#8221; border_css=&#8221;border-top:0px;border-right:0px;border-bottom:3px;border-left:0px;border-color:#bc3a5d;border-style:solid;border-radius:5px;&#8221; padding_divider=&#8221;true&#8221; margin_divider=&#8221;true&#8221; mpc_ribbon__disable=&#8221;true&#8221;]<\/p>\n<h1 style=\"direction: rtl; text-align: center;\"><span style=\"font-size: 18pt;\"><a href=\"https:\/\/darkamazi.info\/archives\/1018786\" rel=\"noopener\"><span style=\"color: #ffffff;\"><strong>Bo d\u00eetina be\u015f\u00ea 1 kil\u00eek bike<\/strong><\/span><\/a><\/span><\/h1>\n<p>[\/mpc_alert][\/darkamazi_column][\/darkamazi_row]<\/p>\n<\/div>","protected":false},"excerpt":{"rendered":"<p>[darkamazi_row][darkamazi_column][darkamazi_column_text] Roj li Ba\u015f\u00fbr hil t\u00ea Drustkirina kaos\u00ea, tirs\u00ea \u00fb belavkirina propagandaya, nakok\u00ee \u00fb cudahiy\u00ean Piskoloj\u00eek, berev p\u00ea\u015f birina ruha b\u00ea om\u00eadiy\u00ea \u00fb b\u00ea moraliy\u00ea li cih\u00ea um\u00eadewar\u00ee \u00fb \u00e7alakiyan, giring\u00ee p\u00eanedan bi mijar\u00ean gir\u00eeng y\u00ean Kurdistan\u00ea \u00fb normal d\u00eetina \u00ear\u00ee\u015f\u00ean dujminan li ser Ba\u015f\u00fbr\u00ea Kurdistan\u00ea bi behaneya dijat\u00eekirina partiyek diyar kir\u00ee ji wan cure [&hellip;]<\/p>\n","protected":false},"author":2,"featured_media":1018900,"comment_status":"closed","ping_status":"closed","sticky":false,"template":"","format":"standard","meta":{"footnotes":""},"categories":[40],"tags":[37],"class_list":["post-1018891","post","type-post","status-publish","format-standard","has-post-thumbnail","hentry","category-niheni","tag-sereke"],"blocksy_meta":[],"seo_head":"<!-- This site is optimized with the Yoast SEO plugin v27.5 - https:\/\/yoast.com\/product\/yoast-seo-wordpress\/ -->\n<title>Raya gi\u015ft\u00ee li Sil\u00eamaniy\u00ea di n\u00eavbera hi\u015fyariya PKK \u00ea \u00fb xewa xwe\u015fiya YNK \u00ea de - Be\u015fa 2 - Darka Maz\u00ee<\/title>\n<meta name=\"robots\" content=\"index, follow, max-snippet:-1, max-image-preview:large, max-video-preview:-1\" \/>\n<link rel=\"canonical\" href=\"https:\/\/darkamazi.info\/archives\/1018891\" \/>\n<meta property=\"og:locale\" content=\"en_US\" \/>\n<meta property=\"og:type\" content=\"article\" \/>\n<meta property=\"og:title\" content=\"Raya gi\u015ft\u00ee li Sil\u00eamaniy\u00ea di n\u00eavbera hi\u015fyariya PKK \u00ea \u00fb xewa xwe\u015fiya YNK \u00ea de - Be\u015fa 2 - Darka Maz\u00ee\" \/>\n<meta property=\"og:description\" content=\"[darkamazi_row][darkamazi_column][darkamazi_column_text] Roj li Ba\u015f\u00fbr hil t\u00ea Drustkirina kaos\u00ea, tirs\u00ea \u00fb belavkirina propagandaya, nakok\u00ee \u00fb cudahiy\u00ean Piskoloj\u00eek, berev p\u00ea\u015f birina ruha b\u00ea om\u00eadiy\u00ea \u00fb b\u00ea moraliy\u00ea li cih\u00ea um\u00eadewar\u00ee \u00fb \u00e7alakiyan, giring\u00ee p\u00eanedan bi mijar\u00ean gir\u00eeng y\u00ean Kurdistan\u00ea \u00fb normal d\u00eetina \u00ear\u00ee\u015f\u00ean dujminan li ser Ba\u015f\u00fbr\u00ea Kurdistan\u00ea bi behaneya dijat\u00eekirina partiyek diyar kir\u00ee ji wan cure [&hellip;]\" \/>\n<meta property=\"og:url\" content=\"https:\/\/darkamazi.info\/archives\/1018891\" \/>\n<meta property=\"og:site_name\" content=\"Darka Maz\u00ee\" \/>\n<meta property=\"article:publisher\" content=\"https:\/\/www.facebook.com\/DarMaziKurmanci\" \/>\n<meta property=\"article:published_time\" content=\"2021-01-19T15:25:13+00:00\" \/>\n<meta property=\"article:modified_time\" content=\"2021-09-11T10:34:30+00:00\" \/>\n<meta property=\"og:image\" content=\"https:\/\/darkamazi.info\/file\/2021\/01\/2-2.jpg\" \/>\n\t<meta property=\"og:image:width\" content=\"900\" \/>\n\t<meta property=\"og:image:height\" content=\"497\" \/>\n\t<meta property=\"og:image:type\" content=\"image\/jpeg\" \/>\n<meta name=\"author\" content=\"darka mazi\" \/>\n<meta name=\"twitter:card\" content=\"summary_large_image\" \/>\n<meta name=\"twitter:creator\" content=\"@DarkaMaziLatini\" \/>\n<meta name=\"twitter:site\" content=\"@DarkaMaziLatini\" \/>\n<meta name=\"twitter:label1\" content=\"Written by\" \/>\n\t<meta name=\"twitter:data1\" content=\"darka mazi\" \/>\n\t<meta name=\"twitter:label2\" content=\"Est. reading time\" \/>\n\t<meta name=\"twitter:data2\" content=\"6 minutes\" \/>\n<script type=\"application\/ld+json\" class=\"seo-schema-graph\">{\"@context\":\"https:\\\/\\\/schema.org\",\"@graph\":[{\"@type\":\"Article\",\"@id\":\"https:\\\/\\\/darkamazi.info\\\/archives\\\/1018891#article\",\"isPartOf\":{\"@id\":\"https:\\\/\\\/darkamazi.info\\\/archives\\\/1018891\"},\"author\":{\"name\":\"darka mazi\",\"@id\":\"https:\\\/\\\/darkamazi.info\\\/#\\\/schema\\\/person\\\/5ad3e24553a0567993fa8ed4bd0a776c\"},\"headline\":\"Raya gi\u015ft\u00ee li Sil\u00eamaniy\u00ea di n\u00eavbera hi\u015fyariya PKK \u00ea \u00fb xewa xwe\u015fiya YNK \u00ea de &#8211; Be\u015fa 2\",\"datePublished\":\"2021-01-19T15:25:13+00:00\",\"dateModified\":\"2021-09-11T10:34:30+00:00\",\"mainEntityOfPage\":{\"@id\":\"https:\\\/\\\/darkamazi.info\\\/archives\\\/1018891\"},\"wordCount\":1524,\"publisher\":{\"@id\":\"https:\\\/\\\/darkamazi.info\\\/#organization\"},\"image\":{\"@id\":\"https:\\\/\\\/darkamazi.info\\\/archives\\\/1018891#primaryimage\"},\"thumbnailUrl\":\"https:\\\/\\\/darkamazi.info\\\/darka-content\\\/uploads\\\/2021\\\/01\\\/2-2.jpg\",\"keywords\":[\"sereke\"],\"articleSection\":[\"Nih\u00ean\u00ee\"],\"inLanguage\":\"en-US\"},{\"@type\":\"WebPage\",\"@id\":\"https:\\\/\\\/darkamazi.info\\\/archives\\\/1018891\",\"url\":\"https:\\\/\\\/darkamazi.info\\\/archives\\\/1018891\",\"name\":\"Raya gi\u015ft\u00ee li Sil\u00eamaniy\u00ea di n\u00eavbera hi\u015fyariya PKK \u00ea \u00fb xewa xwe\u015fiya YNK \u00ea de - Be\u015fa 2 - Darka Maz\u00ee\",\"isPartOf\":{\"@id\":\"https:\\\/\\\/darkamazi.info\\\/#website\"},\"primaryImageOfPage\":{\"@id\":\"https:\\\/\\\/darkamazi.info\\\/archives\\\/1018891#primaryimage\"},\"image\":{\"@id\":\"https:\\\/\\\/darkamazi.info\\\/archives\\\/1018891#primaryimage\"},\"thumbnailUrl\":\"https:\\\/\\\/darkamazi.info\\\/darka-content\\\/uploads\\\/2021\\\/01\\\/2-2.jpg\",\"datePublished\":\"2021-01-19T15:25:13+00:00\",\"dateModified\":\"2021-09-11T10:34:30+00:00\",\"breadcrumb\":{\"@id\":\"https:\\\/\\\/darkamazi.info\\\/archives\\\/1018891#breadcrumb\"},\"inLanguage\":\"en-US\",\"potentialAction\":[{\"@type\":\"ReadAction\",\"target\":[\"https:\\\/\\\/darkamazi.info\\\/archives\\\/1018891\"]}]},{\"@type\":\"ImageObject\",\"inLanguage\":\"en-US\",\"@id\":\"https:\\\/\\\/darkamazi.info\\\/archives\\\/1018891#primaryimage\",\"url\":\"https:\\\/\\\/darkamazi.info\\\/darka-content\\\/uploads\\\/2021\\\/01\\\/2-2.jpg\",\"contentUrl\":\"https:\\\/\\\/darkamazi.info\\\/darka-content\\\/uploads\\\/2021\\\/01\\\/2-2.jpg\",\"width\":900,\"height\":497,\"caption\":\"roja kurd \u00fb kurdistan\u00ea, ne li rojava ne li Bakur \u00fb ne j\u00ee li Rojhilat hil nay\u00ea belku roja tev kurd \u00fb Kurdistaniyan li Ba\u015f\u00fbr hilt\u00ea\"},{\"@type\":\"BreadcrumbList\",\"@id\":\"https:\\\/\\\/darkamazi.info\\\/archives\\\/1018891#breadcrumb\",\"itemListElement\":[{\"@type\":\"ListItem\",\"position\":1,\"name\":\"Home\",\"item\":\"https:\\\/\\\/darkamazi.info\\\/\"},{\"@type\":\"ListItem\",\"position\":2,\"name\":\"Raya gi\u015ft\u00ee li Sil\u00eamaniy\u00ea di n\u00eavbera hi\u015fyariya PKK \u00ea \u00fb xewa xwe\u015fiya YNK \u00ea de &#8211; Be\u015fa 2\"}]},{\"@type\":\"WebSite\",\"@id\":\"https:\\\/\\\/darkamazi.info\\\/#website\",\"url\":\"https:\\\/\\\/darkamazi.info\\\/\",\"name\":\"Darka Maz\u00ee\",\"description\":\"P\u00eageha Zanyariy\u00ean Nebih\u00eest\u00ee\",\"publisher\":{\"@id\":\"https:\\\/\\\/darkamazi.info\\\/#organization\"},\"potentialAction\":[{\"@type\":\"SearchAction\",\"target\":{\"@type\":\"EntryPoint\",\"urlTemplate\":\"https:\\\/\\\/darkamazi.info\\\/?s={search_term_string}\"},\"query-input\":{\"@type\":\"PropertyValueSpecification\",\"valueRequired\":true,\"valueName\":\"search_term_string\"}}],\"inLanguage\":\"en-US\"},{\"@type\":\"Organization\",\"@id\":\"https:\\\/\\\/darkamazi.info\\\/#organization\",\"name\":\"Darka Maz\u00ee\",\"url\":\"https:\\\/\\\/darkamazi.info\\\/\",\"logo\":{\"@type\":\"ImageObject\",\"inLanguage\":\"en-US\",\"@id\":\"https:\\\/\\\/darkamazi.info\\\/#\\\/schema\\\/logo\\\/image\\\/\",\"url\":\"https:\\\/\\\/darkamazi.info\\\/darka-content\\\/uploads\\\/2017\\\/12\\\/darka-mazi-logo.png\",\"contentUrl\":\"https:\\\/\\\/darkamazi.info\\\/darka-content\\\/uploads\\\/2017\\\/12\\\/darka-mazi-logo.png\",\"width\":151,\"height\":75,\"caption\":\"Darka Maz\u00ee\"},\"image\":{\"@id\":\"https:\\\/\\\/darkamazi.info\\\/#\\\/schema\\\/logo\\\/image\\\/\"},\"sameAs\":[\"https:\\\/\\\/www.facebook.com\\\/DarMaziKurmanci\",\"https:\\\/\\\/x.com\\\/DarkaMaziLatini\",\"https:\\\/\\\/www.instagram.com\\\/darkamazi.kurmanci\\\/\",\"https:\\\/\\\/www.youtube.com\\\/channel\\\/UCa5HkTdmI8U1qCUFuTw8B2g\"]},{\"@type\":\"Person\",\"@id\":\"https:\\\/\\\/darkamazi.info\\\/#\\\/schema\\\/person\\\/5ad3e24553a0567993fa8ed4bd0a776c\",\"name\":\"darka mazi\",\"sameAs\":[\"https:\\\/\\\/darkamazi.info\\\/\"],\"url\":\"https:\\\/\\\/darkamazi.info\\\/archives\\\/author\\\/kurdi\"}]}<\/script>\n<!-- \/ Yoast SEO plugin. -->","seo_head_json":{"title":"Raya gi\u015ft\u00ee li Sil\u00eamaniy\u00ea di n\u00eavbera hi\u015fyariya PKK \u00ea \u00fb xewa xwe\u015fiya YNK \u00ea de - Be\u015fa 2 - Darka Maz\u00ee","robots":{"index":"index","follow":"follow","max-snippet":"max-snippet:-1","max-image-preview":"max-image-preview:large","max-video-preview":"max-video-preview:-1"},"canonical":"https:\/\/darkamazi.info\/archives\/1018891","og_locale":"en_US","og_type":"article","og_title":"Raya gi\u015ft\u00ee li Sil\u00eamaniy\u00ea di n\u00eavbera hi\u015fyariya PKK \u00ea \u00fb xewa xwe\u015fiya YNK \u00ea de - Be\u015fa 2 - Darka Maz\u00ee","og_description":"[darkamazi_row][darkamazi_column][darkamazi_column_text] Roj li Ba\u015f\u00fbr hil t\u00ea Drustkirina kaos\u00ea, tirs\u00ea \u00fb belavkirina propagandaya, nakok\u00ee \u00fb cudahiy\u00ean Piskoloj\u00eek, berev p\u00ea\u015f birina ruha b\u00ea om\u00eadiy\u00ea \u00fb b\u00ea moraliy\u00ea li cih\u00ea um\u00eadewar\u00ee \u00fb \u00e7alakiyan, giring\u00ee p\u00eanedan bi mijar\u00ean gir\u00eeng y\u00ean Kurdistan\u00ea \u00fb normal d\u00eetina \u00ear\u00ee\u015f\u00ean dujminan li ser Ba\u015f\u00fbr\u00ea Kurdistan\u00ea bi behaneya dijat\u00eekirina partiyek diyar kir\u00ee ji wan cure [&hellip;]","og_url":"https:\/\/darkamazi.info\/archives\/1018891","og_site_name":"Darka Maz\u00ee","article_publisher":"https:\/\/www.facebook.com\/DarMaziKurmanci","article_published_time":"2021-01-19T15:25:13+00:00","article_modified_time":"2021-09-11T10:34:30+00:00","og_image":[{"width":900,"height":497,"url":"https:\/\/darkamazi.info\/file\/2021\/01\/2-2.jpg","type":"image\/jpeg"}],"author":"darka mazi","twitter_card":"summary_large_image","twitter_creator":"@DarkaMaziLatini","twitter_site":"@DarkaMaziLatini","twitter_misc":{"Written by":"darka mazi","Est. reading time":"6 minutes"},"schema":{"@context":"https:\/\/schema.org","@graph":[{"@type":"Article","@id":"https:\/\/darkamazi.info\/archives\/1018891#article","isPartOf":{"@id":"https:\/\/darkamazi.info\/archives\/1018891"},"author":{"name":"darka mazi","@id":"https:\/\/darkamazi.info\/#\/schema\/person\/5ad3e24553a0567993fa8ed4bd0a776c"},"headline":"Raya gi\u015ft\u00ee li Sil\u00eamaniy\u00ea di n\u00eavbera hi\u015fyariya PKK \u00ea \u00fb xewa xwe\u015fiya YNK \u00ea de &#8211; Be\u015fa 2","datePublished":"2021-01-19T15:25:13+00:00","dateModified":"2021-09-11T10:34:30+00:00","mainEntityOfPage":{"@id":"https:\/\/darkamazi.info\/archives\/1018891"},"wordCount":1524,"publisher":{"@id":"https:\/\/darkamazi.info\/#organization"},"image":{"@id":"https:\/\/darkamazi.info\/archives\/1018891#primaryimage"},"thumbnailUrl":"https:\/\/darkamazi.info\/file\/2021\/01\/2-2.jpg","keywords":["sereke"],"articleSection":["Nih\u00ean\u00ee"],"inLanguage":"en-US"},{"@type":"WebPage","@id":"https:\/\/darkamazi.info\/archives\/1018891","url":"https:\/\/darkamazi.info\/archives\/1018891","name":"Raya gi\u015ft\u00ee li Sil\u00eamaniy\u00ea di n\u00eavbera hi\u015fyariya PKK \u00ea \u00fb xewa xwe\u015fiya YNK \u00ea de - Be\u015fa 2 - Darka Maz\u00ee","isPartOf":{"@id":"https:\/\/darkamazi.info\/#website"},"primaryImageOfPage":{"@id":"https:\/\/darkamazi.info\/archives\/1018891#primaryimage"},"image":{"@id":"https:\/\/darkamazi.info\/archives\/1018891#primaryimage"},"thumbnailUrl":"https:\/\/darkamazi.info\/file\/2021\/01\/2-2.jpg","datePublished":"2021-01-19T15:25:13+00:00","dateModified":"2021-09-11T10:34:30+00:00","breadcrumb":{"@id":"https:\/\/darkamazi.info\/archives\/1018891#breadcrumb"},"inLanguage":"en-US","potentialAction":[{"@type":"ReadAction","target":["https:\/\/darkamazi.info\/archives\/1018891"]}]},{"@type":"ImageObject","inLanguage":"en-US","@id":"https:\/\/darkamazi.info\/archives\/1018891#primaryimage","url":"https:\/\/darkamazi.info\/file\/2021\/01\/2-2.jpg","contentUrl":"https:\/\/darkamazi.info\/file\/2021\/01\/2-2.jpg","width":900,"height":497,"caption":"roja kurd \u00fb kurdistan\u00ea, ne li rojava ne li Bakur \u00fb ne j\u00ee li Rojhilat hil nay\u00ea belku roja tev kurd \u00fb Kurdistaniyan li Ba\u015f\u00fbr hilt\u00ea"},{"@type":"BreadcrumbList","@id":"https:\/\/darkamazi.info\/archives\/1018891#breadcrumb","itemListElement":[{"@type":"ListItem","position":1,"name":"Home","item":"https:\/\/darkamazi.info\/"},{"@type":"ListItem","position":2,"name":"Raya gi\u015ft\u00ee li Sil\u00eamaniy\u00ea di n\u00eavbera hi\u015fyariya PKK \u00ea \u00fb xewa xwe\u015fiya YNK \u00ea de &#8211; Be\u015fa 2"}]},{"@type":"WebSite","@id":"https:\/\/darkamazi.info\/#website","url":"https:\/\/darkamazi.info\/","name":"Darka Maz\u00ee","description":"P\u00eageha Zanyariy\u00ean Nebih\u00eest\u00ee","publisher":{"@id":"https:\/\/darkamazi.info\/#organization"},"potentialAction":[{"@type":"SearchAction","target":{"@type":"EntryPoint","urlTemplate":"https:\/\/darkamazi.info\/?s={search_term_string}"},"query-input":{"@type":"PropertyValueSpecification","valueRequired":true,"valueName":"search_term_string"}}],"inLanguage":"en-US"},{"@type":"Organization","@id":"https:\/\/darkamazi.info\/#organization","name":"Darka Maz\u00ee","url":"https:\/\/darkamazi.info\/","logo":{"@type":"ImageObject","inLanguage":"en-US","@id":"https:\/\/darkamazi.info\/#\/schema\/logo\/image\/","url":"https:\/\/darkamazi.info\/file\/2017\/12\/darka-mazi-logo.png","contentUrl":"https:\/\/darkamazi.info\/file\/2017\/12\/darka-mazi-logo.png","width":151,"height":75,"caption":"Darka Maz\u00ee"},"image":{"@id":"https:\/\/darkamazi.info\/#\/schema\/logo\/image\/"},"sameAs":["https:\/\/www.facebook.com\/DarMaziKurmanci","https:\/\/x.com\/DarkaMaziLatini","https:\/\/www.instagram.com\/darkamazi.kurmanci\/","https:\/\/www.youtube.com\/channel\/UCa5HkTdmI8U1qCUFuTw8B2g"]},{"@type":"Person","@id":"https:\/\/darkamazi.info\/#\/schema\/person\/5ad3e24553a0567993fa8ed4bd0a776c","name":"darka mazi","sameAs":["https:\/\/darkamazi.info\/"],"url":"https:\/\/darkamazi.info\/archives\/author\/kurdi"}]}},"_links":{"self":[{"href":"https:\/\/darkamazi.info\/funavuv\/wp\/v2\/posts\/1018891","targetHints":{"allow":["GET"]}}],"collection":[{"href":"https:\/\/darkamazi.info\/funavuv\/wp\/v2\/posts"}],"about":[{"href":"https:\/\/darkamazi.info\/funavuv\/wp\/v2\/types\/post"}],"author":[{"embeddable":true,"href":"https:\/\/darkamazi.info\/funavuv\/wp\/v2\/users\/2"}],"replies":[{"embeddable":true,"href":"https:\/\/darkamazi.info\/funavuv\/wp\/v2\/comments?post=1018891"}],"version-history":[{"count":0,"href":"https:\/\/darkamazi.info\/funavuv\/wp\/v2\/posts\/1018891\/revisions"}],"wp:featuredmedia":[{"embeddable":true,"href":"https:\/\/darkamazi.info\/funavuv\/wp\/v2\/media\/1018900"}],"wp:attachment":[{"href":"https:\/\/darkamazi.info\/funavuv\/wp\/v2\/media?parent=1018891"}],"wp:term":[{"taxonomy":"category","embeddable":true,"href":"https:\/\/darkamazi.info\/funavuv\/wp\/v2\/categories?post=1018891"},{"taxonomy":"post_tag","embeddable":true,"href":"https:\/\/darkamazi.info\/funavuv\/wp\/v2\/tags?post=1018891"}],"curies":[{"name":"wp","href":"https:\/\/api.w.org\/{rel}","templated":true}]}}