{"id":1018931,"date":"2021-01-20T20:54:44","date_gmt":"2021-01-20T17:54:44","guid":{"rendered":"https:\/\/darkamazi.info\/?p=1018931"},"modified":"2021-01-20T20:54:44","modified_gmt":"2021-01-20T17:54:44","slug":"3-sal-bi-ser-dagirkirin-u-talankirina-efrine-re-derbas-bu","status":"publish","type":"post","link":"https:\/\/darkamazi.info\/archives\/1018931","title":{"rendered":"3 sal bi ser dag\u00eerkirin \u00fb talankirina Efr\u00een\u00ea re derbas b\u00fb"},"content":{"rendered":"<h3 style=\"text-align: justify\"><span style=\"font-family: 'arial black', sans-serif\">Ber\u00ee s\u00ea salan, di 20 \u00c7ileya 2018an de art\u00ea\u015fa Tirkiy\u00ea \u00fb gr\u00fbp\u00ean \u00e7ekdar \u00ean ser bi w\u00ea ve \u00ear\u00ee\u015f\u00ee ser Efr\u00een\u00ea kirin \u00fb pi\u015ft\u00ee \u015fer\u00ea 58 rojan Efr\u00een hat dag\u00eerkirin.<\/span><\/h3>\n<h3 style=\"text-align: justify\">\u00cero, 20 \u00c7ileya sala 2021 e \u00fb s\u00ea sal ber\u00ea \u00fb roja 20.01.2018an art\u00ea\u015fa Tirkiy\u00ea bi top \u00fb m\u00fb\u015fekan gund \u00fb nav\u00e7ey\u00ean Efr\u00een\u00ea Raco, \u015eiy\u00ea, Bilbil\u00ea, \u015eera, Cindir\u00eas\u00ea, Mabeta \u00fb \u015e\u00earewa topbaran \u00fb bombebaran kirin \u00fb gr\u00fbp\u00ean \u00e7ekdar \u00ean opoz\u00eesyona S\u00fbriy\u00ea di bin fermana art\u00ea\u015fa Tirkiy\u00ea de kar dikin, dest bi \u00ear\u00ee\u015fa bejah\u00ee li ser Efr\u00een\u00ea kirin.<\/h3>\n<h3 style=\"text-align: justify\">Di \u00ear\u00ee\u015f\u00ea de, mal\u00ean siv\u00eelan, dibistan, avahiy\u00ean ferm\u00ee, nexwe\u015fxane, mizgeft, cih\u00ean d\u00eerok\u00ee \u00fb p\u00eeroz \u00fb j\u00earxana Efr\u00een\u00ea hatin bomebarankirin \u00fb w\u00earankirin.<\/h3>\n<h3 style=\"text-align: justify\">Ji ber \u00ear\u00ee\u015f\u00ea \u00fb li gor amar\u00ean hatine ragihand, z\u00eadetir ji 300 welatiy\u00ean Efr\u00een\u00ea y\u00ean siv\u00eel \u015feh\u00eed b\u00fbn \u00fb z\u00eadetir ji 700 siv\u00eelan j\u00ee bir\u00eendar b\u00fbn. Herwiha z\u00eadetir ji 250 hezar Efr\u00een\u00ee j\u00ee bi ne\u00e7ar\u00ee ko\u00e7ber \u00fb derbider b\u00fbn, be\u015fek mezin ji wan li gund\u00ean di navbera Efr\u00een \u00fb Heleb\u00ea de man \u00fb be\u015fek di j\u00ee li heman dever\u00ea di kampan de hatin bicihkirin.<\/h3>\n<h3 style=\"text-align: justify\">Art\u00ea\u015fa Tirkiy\u00ea \u00fb gr\u00fbp\u00ean \u00e7ekdar \u00ean ser bi w\u00ea ve, di roja 18 Adara 2018an de derbas\u00ee bajar\u00ea Efr\u00een\u00ea b\u00fbn \u00fb dag\u00eer kirin \u00fb dest bi diz\u00ee \u00fb talana mal, avahiy\u00ean ferm\u00ee, dikan \u00fb saman\u00ean welatiy\u00ean siv\u00eel kirin.<\/h3>\n<h3 style=\"text-align: justify\">Ji roja 18\u00ea Adar\u00ea ve, welatiy\u00ean Efr\u00een\u00ea di metirs\u00ee \u00fb di bin gef\u00ea de dij\u00een. Bi mebesta standina pereyan ji malbat\u00ean Efr\u00een\u00ee bi hezaran xort \u00fb ke\u00e7\u00ean Kurd ji aliy\u00ea gr\u00fbp\u00ean \u00e7ekdar ve hatin \u00fb t\u00ean revandin \u00fb rast\u00ee e\u015fkenceyan t\u00ean. Li gor amar\u00ean \u00e7alakvanan, z\u00eadetir ji 7 hezar welatiy\u00ean Efr\u00een\u00ea di v\u00ea heyama b\u00fbr\u00ee de hatine revandin \u00fb ta niha \u00e7areniv\u00eesa z\u00eadetir ji 2 hezar welatiyan ne diyar e.<\/h3>\n<h3 style=\"text-align: justify\">Herwiha bi hezaran Ereb\u00ean X\u00fbtaya \u015eam\u00ea, par\u00eazgeha Idlib\u00ea \u00fb nav\u00e7ey\u00ean cuda \u00ean S\u00fbriy\u00ea li Efr\u00een\u00ea di mal \u00fb milk\u00ean Kurdan de t\u00ean bicihkirin \u00fb demografiya Efr\u00een\u00ea t\u00ea guhertin. Bi sed hezaran dar\u00ean zeyt\u00fbnan hatine desteserkirin \u00fb bi hezaran j\u00ee dar\u00ean zeyt\u00fbn \u00fb meywey\u00ean din hatine hilkirin \u00fb qutkirin.<\/h3>\n<h3 style=\"text-align: justify\">Ji dema dag\u00eerkirina Efr\u00een\u00ea ji aliy\u00ea art\u00ea\u015fa Tirkiy\u00ea \u00fb gr\u00fbp\u00ean \u00e7ekdaran ve, piraniya cih\u00ean \u015f\u00fbnwar\u00ee y\u00ean Efr\u00een\u00ea li ser dest\u00ea art\u00ea\u015fa Tirkiy\u00ea bi am\u00fbr\u00ean kolandin\u00ea y\u00ean mezin hatine kolandin \u00fb w\u00earankirin. Li gor \u00e7alakvan\u00ean di war\u00ea \u015f\u00fbnwaran de, ent\u00eeke \u00fb \u015f\u00fbnwaran ji Gir\u00ea Cindir\u00eas\u00ea, Keleha Neb\u00ee Hor\u00ee, Keleha Seman\u00ea \u00fb \u015eikefta Duder\u00ee hatine diz\u00een \u00fb ji aliy\u00ea gr\u00fbp\u00ean \u00e7ekdaran \u00fb bazirganan ji bo dervey\u00ee Efr\u00een\u00ea hatine derxistin.<\/h3>\n<h3 style=\"text-align: justify\">R\u00eaxistina Maf\u00ean Mirovan li Efr\u00een\u00ea belav kiriye, art\u00ea\u015fa Tirkiy\u00ea \u00fb gr\u00fbp\u00ean \u00e7ekdar z\u00eadetir ji 50 cih\u00ean \u015f\u00fbnwar\u00ee, gir\u00ean d\u00eerok\u00ee \u00fb mezargeh\u00ean ol\u00ee kolane \u00fb z\u00eadetir ji 20 hezar per\u00e7ey\u00ean ent\u00eekan diz\u00eene \u00fb veguhastine Tirkiy\u00ea.<\/h3>\n<h3 style=\"text-align: justify\">Li Efr\u00een\u00ea gelek cih\u00ean d\u00eerok\u00ee hene, ji bil\u00ee Keleha Hor\u00ee, keleha Saman\u00ea, \u015fikefta Duder\u00ee, ken\u00eeseya Marmaron \u00fb bi dehan \u015f\u00fbnwar\u00ean din, n\u00eaz\u00eek\u00ee 25 gir\u00ean d\u00eerok\u00ee hene, piraniya wan di ber \u00e7em\u00ea Efr\u00een\u00ea re r\u00eazkir\u00ee ne, ku d\u00eeroka wan vedigere hezar heta 2 hezar ber\u00ee zay\u00een\u00ea, piraniya wan giran bi alav\u00ean kolandin\u00ea hatine kolandin \u00fb t\u00eakdan \u00fb gr\u00fbp\u00ean \u00e7ekdar be\u015fek ji wan giran j\u00ee kirine navend\u00ean serbaz\u00ee.<\/h3>\n","protected":false},"excerpt":{"rendered":"<p>Ber\u00ee s\u00ea salan, di 20 \u00c7ileya 2018an de art\u00ea\u015fa Tirkiy\u00ea \u00fb gr\u00fbp\u00ean \u00e7ekdar \u00ean ser bi w\u00ea ve \u00ear\u00ee\u015f\u00ee ser Efr\u00een\u00ea kirin \u00fb pi\u015ft\u00ee \u015fer\u00ea 58 rojan Efr\u00een hat dag\u00eerkirin. \u00cero, 20 \u00c7ileya sala 2021 e \u00fb s\u00ea sal ber\u00ea \u00fb roja 20.01.2018an art\u00ea\u015fa Tirkiy\u00ea bi top \u00fb m\u00fb\u015fekan gund \u00fb nav\u00e7ey\u00ean Efr\u00een\u00ea Raco, \u015eiy\u00ea, [&hellip;]<\/p>\n","protected":false},"author":2,"featured_media":1018932,"comment_status":"closed","ping_status":"closed","sticky":false,"template":"","format":"standard","meta":{"footnotes":""},"categories":[29],"tags":[37],"class_list":["post-1018931","post","type-post","status-publish","format-standard","has-post-thumbnail","hentry","category-kurdistan","tag-sereke"],"blocksy_meta":[],"seo_head":"<!-- This site is optimized with the Yoast SEO plugin v27.5 - https:\/\/yoast.com\/product\/yoast-seo-wordpress\/ -->\n<title>3 sal bi ser dag\u00eerkirin \u00fb talankirina Efr\u00een\u00ea re derbas b\u00fb - Darka Maz\u00ee<\/title>\n<meta name=\"robots\" content=\"index, follow, max-snippet:-1, max-image-preview:large, max-video-preview:-1\" \/>\n<link rel=\"canonical\" href=\"https:\/\/darkamazi.info\/archives\/1018931\" \/>\n<meta property=\"og:locale\" content=\"en_US\" \/>\n<meta property=\"og:type\" content=\"article\" \/>\n<meta property=\"og:title\" content=\"3 sal bi ser dag\u00eerkirin \u00fb talankirina Efr\u00een\u00ea re derbas b\u00fb - Darka Maz\u00ee\" \/>\n<meta property=\"og:description\" content=\"Ber\u00ee s\u00ea salan, di 20 \u00c7ileya 2018an de art\u00ea\u015fa Tirkiy\u00ea \u00fb gr\u00fbp\u00ean \u00e7ekdar \u00ean ser bi w\u00ea ve \u00ear\u00ee\u015f\u00ee ser Efr\u00een\u00ea kirin \u00fb pi\u015ft\u00ee \u015fer\u00ea 58 rojan Efr\u00een hat dag\u00eerkirin. \u00cero, 20 \u00c7ileya sala 2021 e \u00fb s\u00ea sal ber\u00ea \u00fb roja 20.01.2018an art\u00ea\u015fa Tirkiy\u00ea bi top \u00fb m\u00fb\u015fekan gund \u00fb nav\u00e7ey\u00ean Efr\u00een\u00ea Raco, \u015eiy\u00ea, [&hellip;]\" \/>\n<meta property=\"og:url\" content=\"https:\/\/darkamazi.info\/archives\/1018931\" \/>\n<meta property=\"og:site_name\" content=\"Darka Maz\u00ee\" \/>\n<meta property=\"article:publisher\" content=\"https:\/\/www.facebook.com\/DarMaziKurmanci\" \/>\n<meta property=\"article:published_time\" content=\"2021-01-20T17:54:44+00:00\" \/>\n<meta property=\"og:image\" content=\"https:\/\/darkamazi.info\/file\/2021\/01\/efrin-rojava-tirkiye.jpg\" \/>\n\t<meta property=\"og:image:width\" content=\"822\" \/>\n\t<meta property=\"og:image:height\" content=\"454\" \/>\n\t<meta property=\"og:image:type\" content=\"image\/jpeg\" \/>\n<meta name=\"author\" content=\"darka mazi\" \/>\n<meta name=\"twitter:card\" content=\"summary_large_image\" \/>\n<meta name=\"twitter:creator\" content=\"@DarkaMaziLatini\" \/>\n<meta name=\"twitter:site\" content=\"@DarkaMaziLatini\" \/>\n<meta name=\"twitter:label1\" content=\"Written by\" \/>\n\t<meta name=\"twitter:data1\" content=\"darka mazi\" \/>\n\t<meta name=\"twitter:label2\" content=\"Est. reading time\" \/>\n\t<meta name=\"twitter:data2\" content=\"3 minutes\" \/>\n<script type=\"application\/ld+json\" class=\"seo-schema-graph\">{\"@context\":\"https:\\\/\\\/schema.org\",\"@graph\":[{\"@type\":\"Article\",\"@id\":\"https:\\\/\\\/darkamazi.info\\\/archives\\\/1018931#article\",\"isPartOf\":{\"@id\":\"https:\\\/\\\/darkamazi.info\\\/archives\\\/1018931\"},\"author\":{\"name\":\"darka mazi\",\"@id\":\"https:\\\/\\\/darkamazi.info\\\/#\\\/schema\\\/person\\\/5ad3e24553a0567993fa8ed4bd0a776c\"},\"headline\":\"3 sal bi ser dag\u00eerkirin \u00fb talankirina Efr\u00een\u00ea re derbas b\u00fb\",\"datePublished\":\"2021-01-20T17:54:44+00:00\",\"mainEntityOfPage\":{\"@id\":\"https:\\\/\\\/darkamazi.info\\\/archives\\\/1018931\"},\"wordCount\":594,\"publisher\":{\"@id\":\"https:\\\/\\\/darkamazi.info\\\/#organization\"},\"image\":{\"@id\":\"https:\\\/\\\/darkamazi.info\\\/archives\\\/1018931#primaryimage\"},\"thumbnailUrl\":\"https:\\\/\\\/darkamazi.info\\\/darka-content\\\/uploads\\\/2021\\\/01\\\/efrin-rojava-tirkiye.jpg\",\"keywords\":[\"sereke\"],\"articleSection\":[\"Kurdistan\"],\"inLanguage\":\"en-US\"},{\"@type\":\"WebPage\",\"@id\":\"https:\\\/\\\/darkamazi.info\\\/archives\\\/1018931\",\"url\":\"https:\\\/\\\/darkamazi.info\\\/archives\\\/1018931\",\"name\":\"3 sal bi ser dag\u00eerkirin \u00fb talankirina Efr\u00een\u00ea re derbas b\u00fb - Darka Maz\u00ee\",\"isPartOf\":{\"@id\":\"https:\\\/\\\/darkamazi.info\\\/#website\"},\"primaryImageOfPage\":{\"@id\":\"https:\\\/\\\/darkamazi.info\\\/archives\\\/1018931#primaryimage\"},\"image\":{\"@id\":\"https:\\\/\\\/darkamazi.info\\\/archives\\\/1018931#primaryimage\"},\"thumbnailUrl\":\"https:\\\/\\\/darkamazi.info\\\/darka-content\\\/uploads\\\/2021\\\/01\\\/efrin-rojava-tirkiye.jpg\",\"datePublished\":\"2021-01-20T17:54:44+00:00\",\"breadcrumb\":{\"@id\":\"https:\\\/\\\/darkamazi.info\\\/archives\\\/1018931#breadcrumb\"},\"inLanguage\":\"en-US\",\"potentialAction\":[{\"@type\":\"ReadAction\",\"target\":[\"https:\\\/\\\/darkamazi.info\\\/archives\\\/1018931\"]}]},{\"@type\":\"ImageObject\",\"inLanguage\":\"en-US\",\"@id\":\"https:\\\/\\\/darkamazi.info\\\/archives\\\/1018931#primaryimage\",\"url\":\"https:\\\/\\\/darkamazi.info\\\/darka-content\\\/uploads\\\/2021\\\/01\\\/efrin-rojava-tirkiye.jpg\",\"contentUrl\":\"https:\\\/\\\/darkamazi.info\\\/darka-content\\\/uploads\\\/2021\\\/01\\\/efrin-rojava-tirkiye.jpg\",\"width\":822,\"height\":454,\"caption\":\"3 sal bi ser dag\u00eerkirin \u00fb talankirina Efr\u00een\u00ea re derbas b\u00fb\"},{\"@type\":\"BreadcrumbList\",\"@id\":\"https:\\\/\\\/darkamazi.info\\\/archives\\\/1018931#breadcrumb\",\"itemListElement\":[{\"@type\":\"ListItem\",\"position\":1,\"name\":\"Home\",\"item\":\"https:\\\/\\\/darkamazi.info\\\/\"},{\"@type\":\"ListItem\",\"position\":2,\"name\":\"3 sal bi ser dag\u00eerkirin \u00fb talankirina Efr\u00een\u00ea re derbas b\u00fb\"}]},{\"@type\":\"WebSite\",\"@id\":\"https:\\\/\\\/darkamazi.info\\\/#website\",\"url\":\"https:\\\/\\\/darkamazi.info\\\/\",\"name\":\"Darka Maz\u00ee\",\"description\":\"P\u00eageha Zanyariy\u00ean Nebih\u00eest\u00ee\",\"publisher\":{\"@id\":\"https:\\\/\\\/darkamazi.info\\\/#organization\"},\"potentialAction\":[{\"@type\":\"SearchAction\",\"target\":{\"@type\":\"EntryPoint\",\"urlTemplate\":\"https:\\\/\\\/darkamazi.info\\\/?s={search_term_string}\"},\"query-input\":{\"@type\":\"PropertyValueSpecification\",\"valueRequired\":true,\"valueName\":\"search_term_string\"}}],\"inLanguage\":\"en-US\"},{\"@type\":\"Organization\",\"@id\":\"https:\\\/\\\/darkamazi.info\\\/#organization\",\"name\":\"Darka Maz\u00ee\",\"url\":\"https:\\\/\\\/darkamazi.info\\\/\",\"logo\":{\"@type\":\"ImageObject\",\"inLanguage\":\"en-US\",\"@id\":\"https:\\\/\\\/darkamazi.info\\\/#\\\/schema\\\/logo\\\/image\\\/\",\"url\":\"https:\\\/\\\/darkamazi.info\\\/darka-content\\\/uploads\\\/2017\\\/12\\\/darka-mazi-logo.png\",\"contentUrl\":\"https:\\\/\\\/darkamazi.info\\\/darka-content\\\/uploads\\\/2017\\\/12\\\/darka-mazi-logo.png\",\"width\":151,\"height\":75,\"caption\":\"Darka Maz\u00ee\"},\"image\":{\"@id\":\"https:\\\/\\\/darkamazi.info\\\/#\\\/schema\\\/logo\\\/image\\\/\"},\"sameAs\":[\"https:\\\/\\\/www.facebook.com\\\/DarMaziKurmanci\",\"https:\\\/\\\/x.com\\\/DarkaMaziLatini\",\"https:\\\/\\\/www.instagram.com\\\/darkamazi.kurmanci\\\/\",\"https:\\\/\\\/www.youtube.com\\\/channel\\\/UCa5HkTdmI8U1qCUFuTw8B2g\"]},{\"@type\":\"Person\",\"@id\":\"https:\\\/\\\/darkamazi.info\\\/#\\\/schema\\\/person\\\/5ad3e24553a0567993fa8ed4bd0a776c\",\"name\":\"darka mazi\",\"sameAs\":[\"https:\\\/\\\/darkamazi.info\\\/\"],\"url\":\"https:\\\/\\\/darkamazi.info\\\/archives\\\/author\\\/kurdi\"}]}<\/script>\n<!-- \/ Yoast SEO plugin. -->","seo_head_json":{"title":"3 sal bi ser dag\u00eerkirin \u00fb talankirina Efr\u00een\u00ea re derbas b\u00fb - Darka Maz\u00ee","robots":{"index":"index","follow":"follow","max-snippet":"max-snippet:-1","max-image-preview":"max-image-preview:large","max-video-preview":"max-video-preview:-1"},"canonical":"https:\/\/darkamazi.info\/archives\/1018931","og_locale":"en_US","og_type":"article","og_title":"3 sal bi ser dag\u00eerkirin \u00fb talankirina Efr\u00een\u00ea re derbas b\u00fb - Darka Maz\u00ee","og_description":"Ber\u00ee s\u00ea salan, di 20 \u00c7ileya 2018an de art\u00ea\u015fa Tirkiy\u00ea \u00fb gr\u00fbp\u00ean \u00e7ekdar \u00ean ser bi w\u00ea ve \u00ear\u00ee\u015f\u00ee ser Efr\u00een\u00ea kirin \u00fb pi\u015ft\u00ee \u015fer\u00ea 58 rojan Efr\u00een hat dag\u00eerkirin. \u00cero, 20 \u00c7ileya sala 2021 e \u00fb s\u00ea sal ber\u00ea \u00fb roja 20.01.2018an art\u00ea\u015fa Tirkiy\u00ea bi top \u00fb m\u00fb\u015fekan gund \u00fb nav\u00e7ey\u00ean Efr\u00een\u00ea Raco, \u015eiy\u00ea, [&hellip;]","og_url":"https:\/\/darkamazi.info\/archives\/1018931","og_site_name":"Darka Maz\u00ee","article_publisher":"https:\/\/www.facebook.com\/DarMaziKurmanci","article_published_time":"2021-01-20T17:54:44+00:00","og_image":[{"width":822,"height":454,"url":"https:\/\/darkamazi.info\/file\/2021\/01\/efrin-rojava-tirkiye.jpg","type":"image\/jpeg"}],"author":"darka mazi","twitter_card":"summary_large_image","twitter_creator":"@DarkaMaziLatini","twitter_site":"@DarkaMaziLatini","twitter_misc":{"Written by":"darka mazi","Est. reading time":"3 minutes"},"schema":{"@context":"https:\/\/schema.org","@graph":[{"@type":"Article","@id":"https:\/\/darkamazi.info\/archives\/1018931#article","isPartOf":{"@id":"https:\/\/darkamazi.info\/archives\/1018931"},"author":{"name":"darka mazi","@id":"https:\/\/darkamazi.info\/#\/schema\/person\/5ad3e24553a0567993fa8ed4bd0a776c"},"headline":"3 sal bi ser dag\u00eerkirin \u00fb talankirina Efr\u00een\u00ea re derbas b\u00fb","datePublished":"2021-01-20T17:54:44+00:00","mainEntityOfPage":{"@id":"https:\/\/darkamazi.info\/archives\/1018931"},"wordCount":594,"publisher":{"@id":"https:\/\/darkamazi.info\/#organization"},"image":{"@id":"https:\/\/darkamazi.info\/archives\/1018931#primaryimage"},"thumbnailUrl":"https:\/\/darkamazi.info\/file\/2021\/01\/efrin-rojava-tirkiye.jpg","keywords":["sereke"],"articleSection":["Kurdistan"],"inLanguage":"en-US"},{"@type":"WebPage","@id":"https:\/\/darkamazi.info\/archives\/1018931","url":"https:\/\/darkamazi.info\/archives\/1018931","name":"3 sal bi ser dag\u00eerkirin \u00fb talankirina Efr\u00een\u00ea re derbas b\u00fb - Darka Maz\u00ee","isPartOf":{"@id":"https:\/\/darkamazi.info\/#website"},"primaryImageOfPage":{"@id":"https:\/\/darkamazi.info\/archives\/1018931#primaryimage"},"image":{"@id":"https:\/\/darkamazi.info\/archives\/1018931#primaryimage"},"thumbnailUrl":"https:\/\/darkamazi.info\/file\/2021\/01\/efrin-rojava-tirkiye.jpg","datePublished":"2021-01-20T17:54:44+00:00","breadcrumb":{"@id":"https:\/\/darkamazi.info\/archives\/1018931#breadcrumb"},"inLanguage":"en-US","potentialAction":[{"@type":"ReadAction","target":["https:\/\/darkamazi.info\/archives\/1018931"]}]},{"@type":"ImageObject","inLanguage":"en-US","@id":"https:\/\/darkamazi.info\/archives\/1018931#primaryimage","url":"https:\/\/darkamazi.info\/file\/2021\/01\/efrin-rojava-tirkiye.jpg","contentUrl":"https:\/\/darkamazi.info\/file\/2021\/01\/efrin-rojava-tirkiye.jpg","width":822,"height":454,"caption":"3 sal bi ser dag\u00eerkirin \u00fb talankirina Efr\u00een\u00ea re derbas b\u00fb"},{"@type":"BreadcrumbList","@id":"https:\/\/darkamazi.info\/archives\/1018931#breadcrumb","itemListElement":[{"@type":"ListItem","position":1,"name":"Home","item":"https:\/\/darkamazi.info\/"},{"@type":"ListItem","position":2,"name":"3 sal bi ser dag\u00eerkirin \u00fb talankirina Efr\u00een\u00ea re derbas b\u00fb"}]},{"@type":"WebSite","@id":"https:\/\/darkamazi.info\/#website","url":"https:\/\/darkamazi.info\/","name":"Darka Maz\u00ee","description":"P\u00eageha Zanyariy\u00ean Nebih\u00eest\u00ee","publisher":{"@id":"https:\/\/darkamazi.info\/#organization"},"potentialAction":[{"@type":"SearchAction","target":{"@type":"EntryPoint","urlTemplate":"https:\/\/darkamazi.info\/?s={search_term_string}"},"query-input":{"@type":"PropertyValueSpecification","valueRequired":true,"valueName":"search_term_string"}}],"inLanguage":"en-US"},{"@type":"Organization","@id":"https:\/\/darkamazi.info\/#organization","name":"Darka Maz\u00ee","url":"https:\/\/darkamazi.info\/","logo":{"@type":"ImageObject","inLanguage":"en-US","@id":"https:\/\/darkamazi.info\/#\/schema\/logo\/image\/","url":"https:\/\/darkamazi.info\/file\/2017\/12\/darka-mazi-logo.png","contentUrl":"https:\/\/darkamazi.info\/file\/2017\/12\/darka-mazi-logo.png","width":151,"height":75,"caption":"Darka Maz\u00ee"},"image":{"@id":"https:\/\/darkamazi.info\/#\/schema\/logo\/image\/"},"sameAs":["https:\/\/www.facebook.com\/DarMaziKurmanci","https:\/\/x.com\/DarkaMaziLatini","https:\/\/www.instagram.com\/darkamazi.kurmanci\/","https:\/\/www.youtube.com\/channel\/UCa5HkTdmI8U1qCUFuTw8B2g"]},{"@type":"Person","@id":"https:\/\/darkamazi.info\/#\/schema\/person\/5ad3e24553a0567993fa8ed4bd0a776c","name":"darka mazi","sameAs":["https:\/\/darkamazi.info\/"],"url":"https:\/\/darkamazi.info\/archives\/author\/kurdi"}]}},"_links":{"self":[{"href":"https:\/\/darkamazi.info\/funavuv\/wp\/v2\/posts\/1018931","targetHints":{"allow":["GET"]}}],"collection":[{"href":"https:\/\/darkamazi.info\/funavuv\/wp\/v2\/posts"}],"about":[{"href":"https:\/\/darkamazi.info\/funavuv\/wp\/v2\/types\/post"}],"author":[{"embeddable":true,"href":"https:\/\/darkamazi.info\/funavuv\/wp\/v2\/users\/2"}],"replies":[{"embeddable":true,"href":"https:\/\/darkamazi.info\/funavuv\/wp\/v2\/comments?post=1018931"}],"version-history":[{"count":0,"href":"https:\/\/darkamazi.info\/funavuv\/wp\/v2\/posts\/1018931\/revisions"}],"wp:featuredmedia":[{"embeddable":true,"href":"https:\/\/darkamazi.info\/funavuv\/wp\/v2\/media\/1018932"}],"wp:attachment":[{"href":"https:\/\/darkamazi.info\/funavuv\/wp\/v2\/media?parent=1018931"}],"wp:term":[{"taxonomy":"category","embeddable":true,"href":"https:\/\/darkamazi.info\/funavuv\/wp\/v2\/categories?post=1018931"},{"taxonomy":"post_tag","embeddable":true,"href":"https:\/\/darkamazi.info\/funavuv\/wp\/v2\/tags?post=1018931"}],"curies":[{"name":"wp","href":"https:\/\/api.w.org\/{rel}","templated":true}]}}