{"id":1019030,"date":"2021-01-25T17:29:16","date_gmt":"2021-01-25T14:29:16","guid":{"rendered":"https:\/\/darkamazi.info\/?p=1019030"},"modified":"2021-01-25T17:29:16","modified_gmt":"2021-01-25T14:29:16","slug":"li-dor-desteserkirina-calakvaneki-enks-daxwaze-ke-ji-serkirdayetiya-hsd-e-dike","status":"publish","type":"post","link":"https:\/\/darkamazi.info\/archives\/1019030","title":{"rendered":"Li dor desteserkirina \u00e7alakvanek\u00ee ENKS daxwaze k\u00ea ji serkirdayetiya HSD \u00ea dike"},"content":{"rendered":"<h3 style=\"text-align: justify\"><span style=\"font-family: 'arial black', sans-serif\">ENKS \u00ea girtina \u00e7alakvanek\u00ee li Qami\u015flo \u015fermezar dike \u00fb dib\u00eaje, ev kiryar w\u00ea yek\u00ea diyar dike, ku PYD\u00ea r\u00eagiriyan li p\u00ea\u015fiya her lihevt\u00eagehi\u015ftinek Kurd\u00ee dat\u00een e \u00fb dan\u00fbstandinan dike armanc.<\/span><\/h3>\n<h3 style=\"text-align: justify\">ENKS\u00ea diyar kir, girtina \u00e7alakvan Fener Mehm\u00fbd tekeziy\u00ea li w\u00ea yek\u00ea dike, ku R\u00eavebir\u00ee \u00fb kes\u00ean bir\u00eave dibin, nikarin r\u00eaz\u00ea li ner\u00een \u00fb \u00eeradeya xelk\u00ea bigrin \u00fb ziman\u00ea gef \u00fb h\u00eaz\u00ea li dij\u00ee wan bikar t\u00een in.<\/h3>\n<h3 style=\"text-align: justify\">Em\u00eendariya Gi\u015ft\u00ee ya Enc\u00fbmena Ni\u015ft\u00eeman\u00ee ya Kurd li S\u00fbriy\u00ea ENKS \u00ea di daxwiyaniyek\u00ea de ragihand, duh\u00ee \u00eavar\u00ea \u00e7ekdar\u00ean bi ser PYD\u00ea ve \u00e7alakvan\u00ea ragihandin\u00ea Fener Mehm\u00fbd girtin e \u00fb ber bi cihek\u00ee nediyar ve birin e.<\/h3>\n<h3 style=\"text-align: justify\">ENKS\u00ea di daxwiyaniya xwe de diyar j\u00ee kir, ev girtin pi\u015ft\u00ee helmetek a girtin \u00fb revandina hejmarek xwendevan \u00fb malbat\u00ean wan li Dirb\u00easiy\u00ea hat, \u00fb heta niha j\u00ee her yek ji C\u00eehad El\u00eeko \u00fb N\u00eezamed\u00een El\u00eeko girt\u00ee ne.<\/h3>\n<h3 style=\"text-align: justify\">ENKS\u00ea diyar kir, girtina \u00e7alakvan Fener Mehm\u00fbd tekeziy\u00ea li w\u00ea yek\u00ea dike, ku R\u00eavebir\u00ee \u00fb kes\u00ean bir\u00eave dibin, nikarin r\u00eaz\u00ea li ner\u00een \u00fb \u00eeradeya xelk\u00ea bigrin \u00fb ziman\u00ea gef \u00fb h\u00eaz\u00ea li dij\u00ee wan bikar t\u00een in.<\/h3>\n<h3 style=\"text-align: justify\">Em\u00eendariya Gi\u015ft\u00ee ya ENKS\u00ea girtina w\u00ee \u00e7alakvan\u00ee \u00fb herweha ya malbat\u00ean xwendevan\u00ean Dirb\u00easiy\u00ea \u015fermezar kir \u00fb got, ev kiryar w\u00ea yek\u00ea diyar dike, ku PYD\u00ea r\u00eagiriyan li p\u00ea\u015fya her lihevt\u00eagehi\u015ftinek Kurd\u00ee dat\u00een e \u00fb dan\u00fbstandinan dike armanc. Daxwaza azadkirina hem\u00fb girtiyan dike \u00fb daxwaz ji serkirdayetiya HSD\u00ea j\u00ee dike, s\u00eenorek\u00ee ji van kiryaran re deyne \u00fb bi berpirsyariya xwe rabe<\/h3>\n","protected":false},"excerpt":{"rendered":"<p>ENKS \u00ea girtina \u00e7alakvanek\u00ee li Qami\u015flo \u015fermezar dike \u00fb dib\u00eaje, ev kiryar w\u00ea yek\u00ea diyar dike, ku PYD\u00ea r\u00eagiriyan li p\u00ea\u015fiya her lihevt\u00eagehi\u015ftinek Kurd\u00ee dat\u00een e \u00fb dan\u00fbstandinan dike armanc. ENKS\u00ea diyar kir, girtina \u00e7alakvan Fener Mehm\u00fbd tekeziy\u00ea li w\u00ea yek\u00ea dike, ku R\u00eavebir\u00ee \u00fb kes\u00ean bir\u00eave dibin, nikarin r\u00eaz\u00ea li ner\u00een \u00fb \u00eeradeya xelk\u00ea [&hellip;]<\/p>\n","protected":false},"author":2,"featured_media":1019031,"comment_status":"closed","ping_status":"closed","sticky":false,"template":"","format":"standard","meta":{"footnotes":""},"categories":[29],"tags":[37],"class_list":["post-1019030","post","type-post","status-publish","format-standard","has-post-thumbnail","hentry","category-kurdistan","tag-sereke"],"blocksy_meta":[],"seo_head":"<!-- This site is optimized with the Yoast SEO plugin v27.5 - https:\/\/yoast.com\/product\/yoast-seo-wordpress\/ -->\n<title>Li dor desteserkirina \u00e7alakvanek\u00ee ENKS daxwaze k\u00ea ji serkirdayetiya HSD \u00ea dike - Darka Maz\u00ee<\/title>\n<meta name=\"robots\" content=\"index, follow, max-snippet:-1, max-image-preview:large, max-video-preview:-1\" \/>\n<link rel=\"canonical\" href=\"https:\/\/darkamazi.info\/archives\/1019030\" \/>\n<meta property=\"og:locale\" content=\"en_US\" \/>\n<meta property=\"og:type\" content=\"article\" \/>\n<meta property=\"og:title\" content=\"Li dor desteserkirina \u00e7alakvanek\u00ee ENKS daxwaze k\u00ea ji serkirdayetiya HSD \u00ea dike - Darka Maz\u00ee\" \/>\n<meta property=\"og:description\" content=\"ENKS \u00ea girtina \u00e7alakvanek\u00ee li Qami\u015flo \u015fermezar dike \u00fb dib\u00eaje, ev kiryar w\u00ea yek\u00ea diyar dike, ku PYD\u00ea r\u00eagiriyan li p\u00ea\u015fiya her lihevt\u00eagehi\u015ftinek Kurd\u00ee dat\u00een e \u00fb dan\u00fbstandinan dike armanc. ENKS\u00ea diyar kir, girtina \u00e7alakvan Fener Mehm\u00fbd tekeziy\u00ea li w\u00ea yek\u00ea dike, ku R\u00eavebir\u00ee \u00fb kes\u00ean bir\u00eave dibin, nikarin r\u00eaz\u00ea li ner\u00een \u00fb \u00eeradeya xelk\u00ea [&hellip;]\" \/>\n<meta property=\"og:url\" content=\"https:\/\/darkamazi.info\/archives\/1019030\" \/>\n<meta property=\"og:site_name\" content=\"Darka Maz\u00ee\" \/>\n<meta property=\"article:publisher\" content=\"https:\/\/www.facebook.com\/DarMaziKurmanci\" \/>\n<meta property=\"article:published_time\" content=\"2021-01-25T14:29:16+00:00\" \/>\n<meta property=\"og:image\" content=\"https:\/\/darkamazi.info\/file\/2021\/01\/enks-hsd-rojava.jpg\" \/>\n\t<meta property=\"og:image:width\" content=\"822\" \/>\n\t<meta property=\"og:image:height\" content=\"454\" \/>\n\t<meta property=\"og:image:type\" content=\"image\/jpeg\" \/>\n<meta name=\"author\" content=\"darka mazi\" \/>\n<meta name=\"twitter:card\" content=\"summary_large_image\" \/>\n<meta name=\"twitter:creator\" content=\"@DarkaMaziLatini\" \/>\n<meta name=\"twitter:site\" content=\"@DarkaMaziLatini\" \/>\n<meta name=\"twitter:label1\" content=\"Written by\" \/>\n\t<meta name=\"twitter:data1\" content=\"darka mazi\" \/>\n\t<meta name=\"twitter:label2\" content=\"Est. reading time\" \/>\n\t<meta name=\"twitter:data2\" content=\"2 minutes\" \/>\n<script type=\"application\/ld+json\" class=\"seo-schema-graph\">{\"@context\":\"https:\\\/\\\/schema.org\",\"@graph\":[{\"@type\":\"Article\",\"@id\":\"https:\\\/\\\/darkamazi.info\\\/archives\\\/1019030#article\",\"isPartOf\":{\"@id\":\"https:\\\/\\\/darkamazi.info\\\/archives\\\/1019030\"},\"author\":{\"name\":\"darka mazi\",\"@id\":\"https:\\\/\\\/darkamazi.info\\\/#\\\/schema\\\/person\\\/5ad3e24553a0567993fa8ed4bd0a776c\"},\"headline\":\"Li dor desteserkirina \u00e7alakvanek\u00ee ENKS daxwaze k\u00ea ji serkirdayetiya HSD \u00ea dike\",\"datePublished\":\"2021-01-25T14:29:16+00:00\",\"mainEntityOfPage\":{\"@id\":\"https:\\\/\\\/darkamazi.info\\\/archives\\\/1019030\"},\"wordCount\":279,\"publisher\":{\"@id\":\"https:\\\/\\\/darkamazi.info\\\/#organization\"},\"image\":{\"@id\":\"https:\\\/\\\/darkamazi.info\\\/archives\\\/1019030#primaryimage\"},\"thumbnailUrl\":\"https:\\\/\\\/darkamazi.info\\\/darka-content\\\/uploads\\\/2021\\\/01\\\/enks-hsd-rojava.jpg\",\"keywords\":[\"sereke\"],\"articleSection\":[\"Kurdistan\"],\"inLanguage\":\"en-US\"},{\"@type\":\"WebPage\",\"@id\":\"https:\\\/\\\/darkamazi.info\\\/archives\\\/1019030\",\"url\":\"https:\\\/\\\/darkamazi.info\\\/archives\\\/1019030\",\"name\":\"Li dor desteserkirina \u00e7alakvanek\u00ee ENKS daxwaze k\u00ea ji serkirdayetiya HSD \u00ea dike - Darka Maz\u00ee\",\"isPartOf\":{\"@id\":\"https:\\\/\\\/darkamazi.info\\\/#website\"},\"primaryImageOfPage\":{\"@id\":\"https:\\\/\\\/darkamazi.info\\\/archives\\\/1019030#primaryimage\"},\"image\":{\"@id\":\"https:\\\/\\\/darkamazi.info\\\/archives\\\/1019030#primaryimage\"},\"thumbnailUrl\":\"https:\\\/\\\/darkamazi.info\\\/darka-content\\\/uploads\\\/2021\\\/01\\\/enks-hsd-rojava.jpg\",\"datePublished\":\"2021-01-25T14:29:16+00:00\",\"breadcrumb\":{\"@id\":\"https:\\\/\\\/darkamazi.info\\\/archives\\\/1019030#breadcrumb\"},\"inLanguage\":\"en-US\",\"potentialAction\":[{\"@type\":\"ReadAction\",\"target\":[\"https:\\\/\\\/darkamazi.info\\\/archives\\\/1019030\"]}]},{\"@type\":\"ImageObject\",\"inLanguage\":\"en-US\",\"@id\":\"https:\\\/\\\/darkamazi.info\\\/archives\\\/1019030#primaryimage\",\"url\":\"https:\\\/\\\/darkamazi.info\\\/darka-content\\\/uploads\\\/2021\\\/01\\\/enks-hsd-rojava.jpg\",\"contentUrl\":\"https:\\\/\\\/darkamazi.info\\\/darka-content\\\/uploads\\\/2021\\\/01\\\/enks-hsd-rojava.jpg\",\"width\":822,\"height\":454,\"caption\":\"Li dor desteserkirina \u00e7alakvanek\u00ee ENKS daxwaze k\u00ea ji serkirdayetiya HSD \u00ea dike\"},{\"@type\":\"BreadcrumbList\",\"@id\":\"https:\\\/\\\/darkamazi.info\\\/archives\\\/1019030#breadcrumb\",\"itemListElement\":[{\"@type\":\"ListItem\",\"position\":1,\"name\":\"Home\",\"item\":\"https:\\\/\\\/darkamazi.info\\\/\"},{\"@type\":\"ListItem\",\"position\":2,\"name\":\"Li dor desteserkirina \u00e7alakvanek\u00ee ENKS daxwaze k\u00ea ji serkirdayetiya HSD \u00ea dike\"}]},{\"@type\":\"WebSite\",\"@id\":\"https:\\\/\\\/darkamazi.info\\\/#website\",\"url\":\"https:\\\/\\\/darkamazi.info\\\/\",\"name\":\"Darka Maz\u00ee\",\"description\":\"P\u00eageha Zanyariy\u00ean Nebih\u00eest\u00ee\",\"publisher\":{\"@id\":\"https:\\\/\\\/darkamazi.info\\\/#organization\"},\"potentialAction\":[{\"@type\":\"SearchAction\",\"target\":{\"@type\":\"EntryPoint\",\"urlTemplate\":\"https:\\\/\\\/darkamazi.info\\\/?s={search_term_string}\"},\"query-input\":{\"@type\":\"PropertyValueSpecification\",\"valueRequired\":true,\"valueName\":\"search_term_string\"}}],\"inLanguage\":\"en-US\"},{\"@type\":\"Organization\",\"@id\":\"https:\\\/\\\/darkamazi.info\\\/#organization\",\"name\":\"Darka Maz\u00ee\",\"url\":\"https:\\\/\\\/darkamazi.info\\\/\",\"logo\":{\"@type\":\"ImageObject\",\"inLanguage\":\"en-US\",\"@id\":\"https:\\\/\\\/darkamazi.info\\\/#\\\/schema\\\/logo\\\/image\\\/\",\"url\":\"https:\\\/\\\/darkamazi.info\\\/darka-content\\\/uploads\\\/2017\\\/12\\\/darka-mazi-logo.png\",\"contentUrl\":\"https:\\\/\\\/darkamazi.info\\\/darka-content\\\/uploads\\\/2017\\\/12\\\/darka-mazi-logo.png\",\"width\":151,\"height\":75,\"caption\":\"Darka Maz\u00ee\"},\"image\":{\"@id\":\"https:\\\/\\\/darkamazi.info\\\/#\\\/schema\\\/logo\\\/image\\\/\"},\"sameAs\":[\"https:\\\/\\\/www.facebook.com\\\/DarMaziKurmanci\",\"https:\\\/\\\/x.com\\\/DarkaMaziLatini\",\"https:\\\/\\\/www.instagram.com\\\/darkamazi.kurmanci\\\/\",\"https:\\\/\\\/www.youtube.com\\\/channel\\\/UCa5HkTdmI8U1qCUFuTw8B2g\"]},{\"@type\":\"Person\",\"@id\":\"https:\\\/\\\/darkamazi.info\\\/#\\\/schema\\\/person\\\/5ad3e24553a0567993fa8ed4bd0a776c\",\"name\":\"darka mazi\",\"sameAs\":[\"https:\\\/\\\/darkamazi.info\\\/\"],\"url\":\"https:\\\/\\\/darkamazi.info\\\/archives\\\/author\\\/kurdi\"}]}<\/script>\n<!-- \/ Yoast SEO plugin. -->","seo_head_json":{"title":"Li dor desteserkirina \u00e7alakvanek\u00ee ENKS daxwaze k\u00ea ji serkirdayetiya HSD \u00ea dike - Darka Maz\u00ee","robots":{"index":"index","follow":"follow","max-snippet":"max-snippet:-1","max-image-preview":"max-image-preview:large","max-video-preview":"max-video-preview:-1"},"canonical":"https:\/\/darkamazi.info\/archives\/1019030","og_locale":"en_US","og_type":"article","og_title":"Li dor desteserkirina \u00e7alakvanek\u00ee ENKS daxwaze k\u00ea ji serkirdayetiya HSD \u00ea dike - Darka Maz\u00ee","og_description":"ENKS \u00ea girtina \u00e7alakvanek\u00ee li Qami\u015flo \u015fermezar dike \u00fb dib\u00eaje, ev kiryar w\u00ea yek\u00ea diyar dike, ku PYD\u00ea r\u00eagiriyan li p\u00ea\u015fiya her lihevt\u00eagehi\u015ftinek Kurd\u00ee dat\u00een e \u00fb dan\u00fbstandinan dike armanc. ENKS\u00ea diyar kir, girtina \u00e7alakvan Fener Mehm\u00fbd tekeziy\u00ea li w\u00ea yek\u00ea dike, ku R\u00eavebir\u00ee \u00fb kes\u00ean bir\u00eave dibin, nikarin r\u00eaz\u00ea li ner\u00een \u00fb \u00eeradeya xelk\u00ea [&hellip;]","og_url":"https:\/\/darkamazi.info\/archives\/1019030","og_site_name":"Darka Maz\u00ee","article_publisher":"https:\/\/www.facebook.com\/DarMaziKurmanci","article_published_time":"2021-01-25T14:29:16+00:00","og_image":[{"width":822,"height":454,"url":"https:\/\/darkamazi.info\/file\/2021\/01\/enks-hsd-rojava.jpg","type":"image\/jpeg"}],"author":"darka mazi","twitter_card":"summary_large_image","twitter_creator":"@DarkaMaziLatini","twitter_site":"@DarkaMaziLatini","twitter_misc":{"Written by":"darka mazi","Est. reading time":"2 minutes"},"schema":{"@context":"https:\/\/schema.org","@graph":[{"@type":"Article","@id":"https:\/\/darkamazi.info\/archives\/1019030#article","isPartOf":{"@id":"https:\/\/darkamazi.info\/archives\/1019030"},"author":{"name":"darka mazi","@id":"https:\/\/darkamazi.info\/#\/schema\/person\/5ad3e24553a0567993fa8ed4bd0a776c"},"headline":"Li dor desteserkirina \u00e7alakvanek\u00ee ENKS daxwaze k\u00ea ji serkirdayetiya HSD \u00ea dike","datePublished":"2021-01-25T14:29:16+00:00","mainEntityOfPage":{"@id":"https:\/\/darkamazi.info\/archives\/1019030"},"wordCount":279,"publisher":{"@id":"https:\/\/darkamazi.info\/#organization"},"image":{"@id":"https:\/\/darkamazi.info\/archives\/1019030#primaryimage"},"thumbnailUrl":"https:\/\/darkamazi.info\/file\/2021\/01\/enks-hsd-rojava.jpg","keywords":["sereke"],"articleSection":["Kurdistan"],"inLanguage":"en-US"},{"@type":"WebPage","@id":"https:\/\/darkamazi.info\/archives\/1019030","url":"https:\/\/darkamazi.info\/archives\/1019030","name":"Li dor desteserkirina \u00e7alakvanek\u00ee ENKS daxwaze k\u00ea ji serkirdayetiya HSD \u00ea dike - Darka Maz\u00ee","isPartOf":{"@id":"https:\/\/darkamazi.info\/#website"},"primaryImageOfPage":{"@id":"https:\/\/darkamazi.info\/archives\/1019030#primaryimage"},"image":{"@id":"https:\/\/darkamazi.info\/archives\/1019030#primaryimage"},"thumbnailUrl":"https:\/\/darkamazi.info\/file\/2021\/01\/enks-hsd-rojava.jpg","datePublished":"2021-01-25T14:29:16+00:00","breadcrumb":{"@id":"https:\/\/darkamazi.info\/archives\/1019030#breadcrumb"},"inLanguage":"en-US","potentialAction":[{"@type":"ReadAction","target":["https:\/\/darkamazi.info\/archives\/1019030"]}]},{"@type":"ImageObject","inLanguage":"en-US","@id":"https:\/\/darkamazi.info\/archives\/1019030#primaryimage","url":"https:\/\/darkamazi.info\/file\/2021\/01\/enks-hsd-rojava.jpg","contentUrl":"https:\/\/darkamazi.info\/file\/2021\/01\/enks-hsd-rojava.jpg","width":822,"height":454,"caption":"Li dor desteserkirina \u00e7alakvanek\u00ee ENKS daxwaze k\u00ea ji serkirdayetiya HSD \u00ea dike"},{"@type":"BreadcrumbList","@id":"https:\/\/darkamazi.info\/archives\/1019030#breadcrumb","itemListElement":[{"@type":"ListItem","position":1,"name":"Home","item":"https:\/\/darkamazi.info\/"},{"@type":"ListItem","position":2,"name":"Li dor desteserkirina \u00e7alakvanek\u00ee ENKS daxwaze k\u00ea ji serkirdayetiya HSD \u00ea dike"}]},{"@type":"WebSite","@id":"https:\/\/darkamazi.info\/#website","url":"https:\/\/darkamazi.info\/","name":"Darka Maz\u00ee","description":"P\u00eageha Zanyariy\u00ean Nebih\u00eest\u00ee","publisher":{"@id":"https:\/\/darkamazi.info\/#organization"},"potentialAction":[{"@type":"SearchAction","target":{"@type":"EntryPoint","urlTemplate":"https:\/\/darkamazi.info\/?s={search_term_string}"},"query-input":{"@type":"PropertyValueSpecification","valueRequired":true,"valueName":"search_term_string"}}],"inLanguage":"en-US"},{"@type":"Organization","@id":"https:\/\/darkamazi.info\/#organization","name":"Darka Maz\u00ee","url":"https:\/\/darkamazi.info\/","logo":{"@type":"ImageObject","inLanguage":"en-US","@id":"https:\/\/darkamazi.info\/#\/schema\/logo\/image\/","url":"https:\/\/darkamazi.info\/file\/2017\/12\/darka-mazi-logo.png","contentUrl":"https:\/\/darkamazi.info\/file\/2017\/12\/darka-mazi-logo.png","width":151,"height":75,"caption":"Darka Maz\u00ee"},"image":{"@id":"https:\/\/darkamazi.info\/#\/schema\/logo\/image\/"},"sameAs":["https:\/\/www.facebook.com\/DarMaziKurmanci","https:\/\/x.com\/DarkaMaziLatini","https:\/\/www.instagram.com\/darkamazi.kurmanci\/","https:\/\/www.youtube.com\/channel\/UCa5HkTdmI8U1qCUFuTw8B2g"]},{"@type":"Person","@id":"https:\/\/darkamazi.info\/#\/schema\/person\/5ad3e24553a0567993fa8ed4bd0a776c","name":"darka mazi","sameAs":["https:\/\/darkamazi.info\/"],"url":"https:\/\/darkamazi.info\/archives\/author\/kurdi"}]}},"_links":{"self":[{"href":"https:\/\/darkamazi.info\/funavuv\/wp\/v2\/posts\/1019030","targetHints":{"allow":["GET"]}}],"collection":[{"href":"https:\/\/darkamazi.info\/funavuv\/wp\/v2\/posts"}],"about":[{"href":"https:\/\/darkamazi.info\/funavuv\/wp\/v2\/types\/post"}],"author":[{"embeddable":true,"href":"https:\/\/darkamazi.info\/funavuv\/wp\/v2\/users\/2"}],"replies":[{"embeddable":true,"href":"https:\/\/darkamazi.info\/funavuv\/wp\/v2\/comments?post=1019030"}],"version-history":[{"count":0,"href":"https:\/\/darkamazi.info\/funavuv\/wp\/v2\/posts\/1019030\/revisions"}],"wp:featuredmedia":[{"embeddable":true,"href":"https:\/\/darkamazi.info\/funavuv\/wp\/v2\/media\/1019031"}],"wp:attachment":[{"href":"https:\/\/darkamazi.info\/funavuv\/wp\/v2\/media?parent=1019030"}],"wp:term":[{"taxonomy":"category","embeddable":true,"href":"https:\/\/darkamazi.info\/funavuv\/wp\/v2\/categories?post=1019030"},{"taxonomy":"post_tag","embeddable":true,"href":"https:\/\/darkamazi.info\/funavuv\/wp\/v2\/tags?post=1019030"}],"curies":[{"name":"wp","href":"https:\/\/api.w.org\/{rel}","templated":true}]}}