{"id":1019161,"date":"2021-01-30T18:48:29","date_gmt":"2021-01-30T15:48:29","guid":{"rendered":"https:\/\/darkamazi.info\/?p=1019161"},"modified":"2021-01-30T18:48:29","modified_gmt":"2021-01-30T15:48:29","slug":"ny-27-hezar-zarok-di-kampa-hole-de-bi-metirsiya-radikalbune-re-rubiru-ne","status":"publish","type":"post","link":"https:\/\/darkamazi.info\/archives\/1019161","title":{"rendered":"NY: 27 hezar zarok di Kampa Hol\u00ea de bi metirsiya rad\u00eekalb\u00fbn\u00ea re r\u00fbbir\u00fb ne"},"content":{"rendered":"<h3 style=\"text-align: justify\">Netewey\u00ean Yekgirt\u00ee radigih\u00eene, n\u00eaz\u00ee 27 hezar zarok\u00ean DAI\u015e\u00ea li kampa Hol\u00ea ya Rojavay\u00ea Kurdistan\u00ea di rew\u015feke xirap de dij\u00een \u00fb bang li welatan dike ta ku wan zarokan veger\u00eenin welat\u00ean xwe.<\/h3>\n<h3 style=\"text-align: justify\">Al\u00eekar\u00ea Sekreter\u00ea Gi\u015ft\u00ee y\u00ea Netew\u00ean Yekgirt\u00ee di pirs\u00ean dij\u00ee teror\u00ea de Vladimir Ivanovich Voronkov di civ\u00eenene neferm\u00ee ya Enc\u00fbmena Asayi\u015fa Navdewlet\u00ee de ku duh\u00ee bi awayek\u00ee online hatib\u00fb gir\u00eadan got: \u201cRew\u015f ji bo zarok\u00ean ku di kampa Hol\u00ea de dij\u00een tirsnak e, ev yek ji doz\u00ean her\u00ee p\u00eaw\u00eest e ku div\u00ea kar li ser were kirin.&#8221;<\/h3>\n<h3 style=\"text-align: justify\">Voronkov diyar kir, n\u00eaz\u00eek\u00ee 27 hezar zarok\u00ean DAI\u015e\u00ea di kamp\u00ea de as\u00ea man \u00fb di w\u00ea \u00e7areniv\u00ees\u00ea de hi\u015ftin ku metirs\u00ee heye di nava kamp\u00ea de bikevin bin bandora tundrewiy\u00ea.<\/h3>\n<h3 style=\"text-align: justify\">W\u00ee berpirs\u00ea Netew\u00ean Yekgirt\u00ee diyar kir, zarok\u00ean 60 welatan di kamp\u00ean li Rojavay\u00ea Kurdistan\u00ea \u00fb S\u00fbriy\u00ea de as\u00ea man e \u00fb got ku welat\u00ean wan zarokan di ber \u00e7areniv\u00eesa wan de berpirsyar in.<\/h3>\n<h3 style=\"text-align: justify\">Kampa Hol\u00ea li bajar\u00ea Heseke y\u00ea Rojavay\u00ea Kurdistan\u00ea ye ku yek ji mezintir\u00een kamp\u00ean S\u00fbriy\u00ea \u00fb Rojavay\u00ea Kurdistan\u00ea ye \u00fb niha li gor\u00ee rayedar\u00ean Netewey\u00ean Yekgirt\u00ee 62 hezar kes l\u00ea dij\u00een \u00fb piraniya wan jin \u00fb zarok\u00ean DAI\u015e\u00ea ne.<\/h3>\n","protected":false},"excerpt":{"rendered":"<p>Netewey\u00ean Yekgirt\u00ee radigih\u00eene, n\u00eaz\u00ee 27 hezar zarok\u00ean DAI\u015e\u00ea li kampa Hol\u00ea ya Rojavay\u00ea Kurdistan\u00ea di rew\u015feke xirap de dij\u00een \u00fb bang li welatan dike ta ku wan zarokan veger\u00eenin welat\u00ean xwe. Al\u00eekar\u00ea Sekreter\u00ea Gi\u015ft\u00ee y\u00ea Netew\u00ean Yekgirt\u00ee di pirs\u00ean dij\u00ee teror\u00ea de Vladimir Ivanovich Voronkov di civ\u00eenene neferm\u00ee ya Enc\u00fbmena Asayi\u015fa Navdewlet\u00ee de ku duh\u00ee [&hellip;]<\/p>\n","protected":false},"author":2,"featured_media":1019162,"comment_status":"closed","ping_status":"closed","sticky":false,"template":"","format":"standard","meta":{"footnotes":""},"categories":[29],"tags":[37],"class_list":["post-1019161","post","type-post","status-publish","format-standard","has-post-thumbnail","hentry","category-kurdistan","tag-sereke"],"blocksy_meta":[],"seo_head":"<!-- This site is optimized with the Yoast SEO plugin v27.5 - https:\/\/yoast.com\/product\/yoast-seo-wordpress\/ -->\n<title>NY: 27 hezar zarok di Kampa Hol\u00ea de bi metirsiya rad\u00eekalb\u00fbn\u00ea re r\u00fbbir\u00fb ne - Darka Maz\u00ee<\/title>\n<meta name=\"robots\" content=\"index, follow, max-snippet:-1, max-image-preview:large, max-video-preview:-1\" \/>\n<link rel=\"canonical\" href=\"https:\/\/darkamazi.info\/archives\/1019161\" \/>\n<meta property=\"og:locale\" content=\"en_US\" \/>\n<meta property=\"og:type\" content=\"article\" \/>\n<meta property=\"og:title\" content=\"NY: 27 hezar zarok di Kampa Hol\u00ea de bi metirsiya rad\u00eekalb\u00fbn\u00ea re r\u00fbbir\u00fb ne - Darka Maz\u00ee\" \/>\n<meta property=\"og:description\" content=\"Netewey\u00ean Yekgirt\u00ee radigih\u00eene, n\u00eaz\u00ee 27 hezar zarok\u00ean DAI\u015e\u00ea li kampa Hol\u00ea ya Rojavay\u00ea Kurdistan\u00ea di rew\u015feke xirap de dij\u00een \u00fb bang li welatan dike ta ku wan zarokan veger\u00eenin welat\u00ean xwe. Al\u00eekar\u00ea Sekreter\u00ea Gi\u015ft\u00ee y\u00ea Netew\u00ean Yekgirt\u00ee di pirs\u00ean dij\u00ee teror\u00ea de Vladimir Ivanovich Voronkov di civ\u00eenene neferm\u00ee ya Enc\u00fbmena Asayi\u015fa Navdewlet\u00ee de ku duh\u00ee [&hellip;]\" \/>\n<meta property=\"og:url\" content=\"https:\/\/darkamazi.info\/archives\/1019161\" \/>\n<meta property=\"og:site_name\" content=\"Darka Maz\u00ee\" \/>\n<meta property=\"article:publisher\" content=\"https:\/\/www.facebook.com\/DarMaziKurmanci\" \/>\n<meta property=\"article:published_time\" content=\"2021-01-30T15:48:29+00:00\" \/>\n<meta property=\"og:image\" content=\"https:\/\/darkamazi.info\/file\/2021\/01\/kampa-hole-rojava-kurdistane.jpg\" \/>\n\t<meta property=\"og:image:width\" content=\"822\" \/>\n\t<meta property=\"og:image:height\" content=\"454\" \/>\n\t<meta property=\"og:image:type\" content=\"image\/jpeg\" \/>\n<meta name=\"author\" content=\"darka mazi\" \/>\n<meta name=\"twitter:card\" content=\"summary_large_image\" \/>\n<meta name=\"twitter:creator\" content=\"@DarkaMaziLatini\" \/>\n<meta name=\"twitter:site\" content=\"@DarkaMaziLatini\" \/>\n<meta name=\"twitter:label1\" content=\"Written by\" \/>\n\t<meta name=\"twitter:data1\" content=\"darka mazi\" \/>\n\t<meta name=\"twitter:label2\" content=\"Est. reading time\" \/>\n\t<meta name=\"twitter:data2\" content=\"1 minute\" \/>\n<script type=\"application\/ld+json\" class=\"seo-schema-graph\">{\"@context\":\"https:\\\/\\\/schema.org\",\"@graph\":[{\"@type\":\"Article\",\"@id\":\"https:\\\/\\\/darkamazi.info\\\/archives\\\/1019161#article\",\"isPartOf\":{\"@id\":\"https:\\\/\\\/darkamazi.info\\\/archives\\\/1019161\"},\"author\":{\"name\":\"darka mazi\",\"@id\":\"https:\\\/\\\/darkamazi.info\\\/#\\\/schema\\\/person\\\/5ad3e24553a0567993fa8ed4bd0a776c\"},\"headline\":\"NY: 27 hezar zarok di Kampa Hol\u00ea de bi metirsiya rad\u00eekalb\u00fbn\u00ea re r\u00fbbir\u00fb ne\",\"datePublished\":\"2021-01-30T15:48:29+00:00\",\"mainEntityOfPage\":{\"@id\":\"https:\\\/\\\/darkamazi.info\\\/archives\\\/1019161\"},\"wordCount\":232,\"publisher\":{\"@id\":\"https:\\\/\\\/darkamazi.info\\\/#organization\"},\"image\":{\"@id\":\"https:\\\/\\\/darkamazi.info\\\/archives\\\/1019161#primaryimage\"},\"thumbnailUrl\":\"https:\\\/\\\/darkamazi.info\\\/darka-content\\\/uploads\\\/2021\\\/01\\\/kampa-hole-rojava-kurdistane.jpg\",\"keywords\":[\"sereke\"],\"articleSection\":[\"Kurdistan\"],\"inLanguage\":\"en-US\"},{\"@type\":\"WebPage\",\"@id\":\"https:\\\/\\\/darkamazi.info\\\/archives\\\/1019161\",\"url\":\"https:\\\/\\\/darkamazi.info\\\/archives\\\/1019161\",\"name\":\"NY: 27 hezar zarok di Kampa Hol\u00ea de bi metirsiya rad\u00eekalb\u00fbn\u00ea re r\u00fbbir\u00fb ne - Darka Maz\u00ee\",\"isPartOf\":{\"@id\":\"https:\\\/\\\/darkamazi.info\\\/#website\"},\"primaryImageOfPage\":{\"@id\":\"https:\\\/\\\/darkamazi.info\\\/archives\\\/1019161#primaryimage\"},\"image\":{\"@id\":\"https:\\\/\\\/darkamazi.info\\\/archives\\\/1019161#primaryimage\"},\"thumbnailUrl\":\"https:\\\/\\\/darkamazi.info\\\/darka-content\\\/uploads\\\/2021\\\/01\\\/kampa-hole-rojava-kurdistane.jpg\",\"datePublished\":\"2021-01-30T15:48:29+00:00\",\"breadcrumb\":{\"@id\":\"https:\\\/\\\/darkamazi.info\\\/archives\\\/1019161#breadcrumb\"},\"inLanguage\":\"en-US\",\"potentialAction\":[{\"@type\":\"ReadAction\",\"target\":[\"https:\\\/\\\/darkamazi.info\\\/archives\\\/1019161\"]}]},{\"@type\":\"ImageObject\",\"inLanguage\":\"en-US\",\"@id\":\"https:\\\/\\\/darkamazi.info\\\/archives\\\/1019161#primaryimage\",\"url\":\"https:\\\/\\\/darkamazi.info\\\/darka-content\\\/uploads\\\/2021\\\/01\\\/kampa-hole-rojava-kurdistane.jpg\",\"contentUrl\":\"https:\\\/\\\/darkamazi.info\\\/darka-content\\\/uploads\\\/2021\\\/01\\\/kampa-hole-rojava-kurdistane.jpg\",\"width\":822,\"height\":454,\"caption\":\"NY: 27 hezar zarok di Kampa Hol\u00ea de bi metirsiya rad\u00eekalb\u00fbn\u00ea re r\u00fbbir\u00fb ne\"},{\"@type\":\"BreadcrumbList\",\"@id\":\"https:\\\/\\\/darkamazi.info\\\/archives\\\/1019161#breadcrumb\",\"itemListElement\":[{\"@type\":\"ListItem\",\"position\":1,\"name\":\"Home\",\"item\":\"https:\\\/\\\/darkamazi.info\\\/\"},{\"@type\":\"ListItem\",\"position\":2,\"name\":\"NY: 27 hezar zarok di Kampa Hol\u00ea de bi metirsiya rad\u00eekalb\u00fbn\u00ea re r\u00fbbir\u00fb ne\"}]},{\"@type\":\"WebSite\",\"@id\":\"https:\\\/\\\/darkamazi.info\\\/#website\",\"url\":\"https:\\\/\\\/darkamazi.info\\\/\",\"name\":\"Darka Maz\u00ee\",\"description\":\"P\u00eageha Zanyariy\u00ean Nebih\u00eest\u00ee\",\"publisher\":{\"@id\":\"https:\\\/\\\/darkamazi.info\\\/#organization\"},\"potentialAction\":[{\"@type\":\"SearchAction\",\"target\":{\"@type\":\"EntryPoint\",\"urlTemplate\":\"https:\\\/\\\/darkamazi.info\\\/?s={search_term_string}\"},\"query-input\":{\"@type\":\"PropertyValueSpecification\",\"valueRequired\":true,\"valueName\":\"search_term_string\"}}],\"inLanguage\":\"en-US\"},{\"@type\":\"Organization\",\"@id\":\"https:\\\/\\\/darkamazi.info\\\/#organization\",\"name\":\"Darka Maz\u00ee\",\"url\":\"https:\\\/\\\/darkamazi.info\\\/\",\"logo\":{\"@type\":\"ImageObject\",\"inLanguage\":\"en-US\",\"@id\":\"https:\\\/\\\/darkamazi.info\\\/#\\\/schema\\\/logo\\\/image\\\/\",\"url\":\"https:\\\/\\\/darkamazi.info\\\/darka-content\\\/uploads\\\/2017\\\/12\\\/darka-mazi-logo.png\",\"contentUrl\":\"https:\\\/\\\/darkamazi.info\\\/darka-content\\\/uploads\\\/2017\\\/12\\\/darka-mazi-logo.png\",\"width\":151,\"height\":75,\"caption\":\"Darka Maz\u00ee\"},\"image\":{\"@id\":\"https:\\\/\\\/darkamazi.info\\\/#\\\/schema\\\/logo\\\/image\\\/\"},\"sameAs\":[\"https:\\\/\\\/www.facebook.com\\\/DarMaziKurmanci\",\"https:\\\/\\\/x.com\\\/DarkaMaziLatini\",\"https:\\\/\\\/www.instagram.com\\\/darkamazi.kurmanci\\\/\",\"https:\\\/\\\/www.youtube.com\\\/channel\\\/UCa5HkTdmI8U1qCUFuTw8B2g\"]},{\"@type\":\"Person\",\"@id\":\"https:\\\/\\\/darkamazi.info\\\/#\\\/schema\\\/person\\\/5ad3e24553a0567993fa8ed4bd0a776c\",\"name\":\"darka mazi\",\"sameAs\":[\"https:\\\/\\\/darkamazi.info\\\/\"],\"url\":\"https:\\\/\\\/darkamazi.info\\\/archives\\\/author\\\/kurdi\"}]}<\/script>\n<!-- \/ Yoast SEO plugin. -->","seo_head_json":{"title":"NY: 27 hezar zarok di Kampa Hol\u00ea de bi metirsiya rad\u00eekalb\u00fbn\u00ea re r\u00fbbir\u00fb ne - Darka Maz\u00ee","robots":{"index":"index","follow":"follow","max-snippet":"max-snippet:-1","max-image-preview":"max-image-preview:large","max-video-preview":"max-video-preview:-1"},"canonical":"https:\/\/darkamazi.info\/archives\/1019161","og_locale":"en_US","og_type":"article","og_title":"NY: 27 hezar zarok di Kampa Hol\u00ea de bi metirsiya rad\u00eekalb\u00fbn\u00ea re r\u00fbbir\u00fb ne - Darka Maz\u00ee","og_description":"Netewey\u00ean Yekgirt\u00ee radigih\u00eene, n\u00eaz\u00ee 27 hezar zarok\u00ean DAI\u015e\u00ea li kampa Hol\u00ea ya Rojavay\u00ea Kurdistan\u00ea di rew\u015feke xirap de dij\u00een \u00fb bang li welatan dike ta ku wan zarokan veger\u00eenin welat\u00ean xwe. Al\u00eekar\u00ea Sekreter\u00ea Gi\u015ft\u00ee y\u00ea Netew\u00ean Yekgirt\u00ee di pirs\u00ean dij\u00ee teror\u00ea de Vladimir Ivanovich Voronkov di civ\u00eenene neferm\u00ee ya Enc\u00fbmena Asayi\u015fa Navdewlet\u00ee de ku duh\u00ee [&hellip;]","og_url":"https:\/\/darkamazi.info\/archives\/1019161","og_site_name":"Darka Maz\u00ee","article_publisher":"https:\/\/www.facebook.com\/DarMaziKurmanci","article_published_time":"2021-01-30T15:48:29+00:00","og_image":[{"width":822,"height":454,"url":"https:\/\/darkamazi.info\/file\/2021\/01\/kampa-hole-rojava-kurdistane.jpg","type":"image\/jpeg"}],"author":"darka mazi","twitter_card":"summary_large_image","twitter_creator":"@DarkaMaziLatini","twitter_site":"@DarkaMaziLatini","twitter_misc":{"Written by":"darka mazi","Est. reading time":"1 minute"},"schema":{"@context":"https:\/\/schema.org","@graph":[{"@type":"Article","@id":"https:\/\/darkamazi.info\/archives\/1019161#article","isPartOf":{"@id":"https:\/\/darkamazi.info\/archives\/1019161"},"author":{"name":"darka mazi","@id":"https:\/\/darkamazi.info\/#\/schema\/person\/5ad3e24553a0567993fa8ed4bd0a776c"},"headline":"NY: 27 hezar zarok di Kampa Hol\u00ea de bi metirsiya rad\u00eekalb\u00fbn\u00ea re r\u00fbbir\u00fb ne","datePublished":"2021-01-30T15:48:29+00:00","mainEntityOfPage":{"@id":"https:\/\/darkamazi.info\/archives\/1019161"},"wordCount":232,"publisher":{"@id":"https:\/\/darkamazi.info\/#organization"},"image":{"@id":"https:\/\/darkamazi.info\/archives\/1019161#primaryimage"},"thumbnailUrl":"https:\/\/darkamazi.info\/file\/2021\/01\/kampa-hole-rojava-kurdistane.jpg","keywords":["sereke"],"articleSection":["Kurdistan"],"inLanguage":"en-US"},{"@type":"WebPage","@id":"https:\/\/darkamazi.info\/archives\/1019161","url":"https:\/\/darkamazi.info\/archives\/1019161","name":"NY: 27 hezar zarok di Kampa Hol\u00ea de bi metirsiya rad\u00eekalb\u00fbn\u00ea re r\u00fbbir\u00fb ne - Darka Maz\u00ee","isPartOf":{"@id":"https:\/\/darkamazi.info\/#website"},"primaryImageOfPage":{"@id":"https:\/\/darkamazi.info\/archives\/1019161#primaryimage"},"image":{"@id":"https:\/\/darkamazi.info\/archives\/1019161#primaryimage"},"thumbnailUrl":"https:\/\/darkamazi.info\/file\/2021\/01\/kampa-hole-rojava-kurdistane.jpg","datePublished":"2021-01-30T15:48:29+00:00","breadcrumb":{"@id":"https:\/\/darkamazi.info\/archives\/1019161#breadcrumb"},"inLanguage":"en-US","potentialAction":[{"@type":"ReadAction","target":["https:\/\/darkamazi.info\/archives\/1019161"]}]},{"@type":"ImageObject","inLanguage":"en-US","@id":"https:\/\/darkamazi.info\/archives\/1019161#primaryimage","url":"https:\/\/darkamazi.info\/file\/2021\/01\/kampa-hole-rojava-kurdistane.jpg","contentUrl":"https:\/\/darkamazi.info\/file\/2021\/01\/kampa-hole-rojava-kurdistane.jpg","width":822,"height":454,"caption":"NY: 27 hezar zarok di Kampa Hol\u00ea de bi metirsiya rad\u00eekalb\u00fbn\u00ea re r\u00fbbir\u00fb ne"},{"@type":"BreadcrumbList","@id":"https:\/\/darkamazi.info\/archives\/1019161#breadcrumb","itemListElement":[{"@type":"ListItem","position":1,"name":"Home","item":"https:\/\/darkamazi.info\/"},{"@type":"ListItem","position":2,"name":"NY: 27 hezar zarok di Kampa Hol\u00ea de bi metirsiya rad\u00eekalb\u00fbn\u00ea re r\u00fbbir\u00fb ne"}]},{"@type":"WebSite","@id":"https:\/\/darkamazi.info\/#website","url":"https:\/\/darkamazi.info\/","name":"Darka Maz\u00ee","description":"P\u00eageha Zanyariy\u00ean Nebih\u00eest\u00ee","publisher":{"@id":"https:\/\/darkamazi.info\/#organization"},"potentialAction":[{"@type":"SearchAction","target":{"@type":"EntryPoint","urlTemplate":"https:\/\/darkamazi.info\/?s={search_term_string}"},"query-input":{"@type":"PropertyValueSpecification","valueRequired":true,"valueName":"search_term_string"}}],"inLanguage":"en-US"},{"@type":"Organization","@id":"https:\/\/darkamazi.info\/#organization","name":"Darka Maz\u00ee","url":"https:\/\/darkamazi.info\/","logo":{"@type":"ImageObject","inLanguage":"en-US","@id":"https:\/\/darkamazi.info\/#\/schema\/logo\/image\/","url":"https:\/\/darkamazi.info\/file\/2017\/12\/darka-mazi-logo.png","contentUrl":"https:\/\/darkamazi.info\/file\/2017\/12\/darka-mazi-logo.png","width":151,"height":75,"caption":"Darka Maz\u00ee"},"image":{"@id":"https:\/\/darkamazi.info\/#\/schema\/logo\/image\/"},"sameAs":["https:\/\/www.facebook.com\/DarMaziKurmanci","https:\/\/x.com\/DarkaMaziLatini","https:\/\/www.instagram.com\/darkamazi.kurmanci\/","https:\/\/www.youtube.com\/channel\/UCa5HkTdmI8U1qCUFuTw8B2g"]},{"@type":"Person","@id":"https:\/\/darkamazi.info\/#\/schema\/person\/5ad3e24553a0567993fa8ed4bd0a776c","name":"darka mazi","sameAs":["https:\/\/darkamazi.info\/"],"url":"https:\/\/darkamazi.info\/archives\/author\/kurdi"}]}},"_links":{"self":[{"href":"https:\/\/darkamazi.info\/funavuv\/wp\/v2\/posts\/1019161","targetHints":{"allow":["GET"]}}],"collection":[{"href":"https:\/\/darkamazi.info\/funavuv\/wp\/v2\/posts"}],"about":[{"href":"https:\/\/darkamazi.info\/funavuv\/wp\/v2\/types\/post"}],"author":[{"embeddable":true,"href":"https:\/\/darkamazi.info\/funavuv\/wp\/v2\/users\/2"}],"replies":[{"embeddable":true,"href":"https:\/\/darkamazi.info\/funavuv\/wp\/v2\/comments?post=1019161"}],"version-history":[{"count":0,"href":"https:\/\/darkamazi.info\/funavuv\/wp\/v2\/posts\/1019161\/revisions"}],"wp:featuredmedia":[{"embeddable":true,"href":"https:\/\/darkamazi.info\/funavuv\/wp\/v2\/media\/1019162"}],"wp:attachment":[{"href":"https:\/\/darkamazi.info\/funavuv\/wp\/v2\/media?parent=1019161"}],"wp:term":[{"taxonomy":"category","embeddable":true,"href":"https:\/\/darkamazi.info\/funavuv\/wp\/v2\/categories?post=1019161"},{"taxonomy":"post_tag","embeddable":true,"href":"https:\/\/darkamazi.info\/funavuv\/wp\/v2\/tags?post=1019161"}],"curies":[{"name":"wp","href":"https:\/\/api.w.org\/{rel}","templated":true}]}}