{"id":1019230,"date":"2021-02-03T13:49:20","date_gmt":"2021-02-03T10:49:20","guid":{"rendered":"https:\/\/darkamazi.info\/?p=1019230"},"modified":"2021-02-03T13:49:20","modified_gmt":"2021-02-03T10:49:20","slug":"hdp-e-demirtas-ji-ber-tekosina-li-diji-akp-e-bi-dil-hatiye-girtin","status":"publish","type":"post","link":"https:\/\/darkamazi.info\/archives\/1019230","title":{"rendered":"HDP e: Dem\u00eerta\u015f ji ber t\u00eako\u015f\u00eena li dij\u00ee AKP \u00ea bi d\u00eel hat\u00eeye girtin"},"content":{"rendered":"<h3 style=\"text-align: justify\"><span style=\"font-family: 'arial black', sans-serif\">Hevserok\u00ea ber\u00ea y\u00ea HDP \u00ea Selahet\u00een Dem\u00eerta\u015f, \u00eero li Stanbol\u00ea t\u00ea dadgeh kirin \u00fb hejmareka mezin ji endam \u00fb rayedar\u00ean HDP \u00ea li p\u00ea\u015f dadgeh\u00ea kom b\u00fbne.<\/span><\/h3>\n<h3 style=\"text-align: justify\">\u00cero roja \u00e7ar\u015fem\u00ee 3\/2\/2021an dadgeha Selahet\u00een Dem\u00eerta\u015f li bajar\u00ea Stanbol\u00ea bir\u00eave di\u00e7e \u00fb bi tometa sivikkirina bi wez\u00eer\u00ea Tirkiy\u00ea y\u00ea ber\u00ea Ehmed Dawdoxlu, hejmareka mezin ji endam \u00fb rayedar\u00ean HDP \u00ea li p\u00ea\u015f dadgeh\u00ea kom b\u00fbne.<\/h3>\n<h3 style=\"text-align: justify\">Dem\u00eerta\u015f ber\u00ee 5 salan di z\u00eendan\u00ea da wek d\u00eel hat\u00eeye girtin, HDPe db\u00eaje: Selahet\u00een Dem\u00eerta\u015f \u00fb heval\u00ean me y\u00ean d\u00ee ji ber ku li hember AKP \u00ea \u00fb MHP \u00ea t\u00eako\u015f\u00een me\u015fandine, hatne girtin, dadgaha maf\u00ean mirovan ya Ewropay\u00ea j\u00ee ev yek qeb\u00fbl nekir\u00eeye \u00fb daxwaz ji Tirkiy\u00ea kir\u00eeye were azad kirin.<\/h3>\n<h3 style=\"text-align: justify\">Selahet\u00een Dem\u00eerta\u015f di 4\u00ea mijdara 2016an de li gel hevseroka HDP \u00ea F\u00eegen Yoksekdax \u00fb 9 perlemantar\u00ean din, bi c\u00eenayeta &#8220;endamb\u00fbna r\u00eaxistineke teror\u00ea&#8221; hatb\u00fb bin\u00e7avkirin \u00fb pi\u015ftre bo girt\u00eegeha Ed\u00eerney\u00ea hatb\u00fb \u015fandin.<\/h3>\n<h3 style=\"text-align: justify\">Dadgeha maf\u00ean mirovan ya Ewropay\u00ea a\u015fkere kirb\u00fb, zindan\u00eekirina Selahet\u00een Dem\u00eerta\u015f li dij\u00ee 5 madey\u00ean peymana maf\u00ean mirovan ya Ewropay\u00ea ye \u00fb div\u00ea Dem\u00eerta\u015f demildest were berdan, l\u00ea bel\u00ea Ardogan ev y\u00eak red kir \u00fb got ku ew bi tu away\u00ee guh naden biryara dadgeha Ewropay\u00ea.<\/h3>\n","protected":false},"excerpt":{"rendered":"<p>Hevserok\u00ea ber\u00ea y\u00ea HDP \u00ea Selahet\u00een Dem\u00eerta\u015f, \u00eero li Stanbol\u00ea t\u00ea dadgeh kirin \u00fb hejmareka mezin ji endam \u00fb rayedar\u00ean HDP \u00ea li p\u00ea\u015f dadgeh\u00ea kom b\u00fbne. \u00cero roja \u00e7ar\u015fem\u00ee 3\/2\/2021an dadgeha Selahet\u00een Dem\u00eerta\u015f li bajar\u00ea Stanbol\u00ea bir\u00eave di\u00e7e \u00fb bi tometa sivikkirina bi wez\u00eer\u00ea Tirkiy\u00ea y\u00ea ber\u00ea Ehmed Dawdoxlu, hejmareka mezin ji endam \u00fb [&hellip;]<\/p>\n","protected":false},"author":2,"featured_media":1019231,"comment_status":"closed","ping_status":"closed","sticky":false,"template":"","format":"standard","meta":{"footnotes":""},"categories":[29],"tags":[37],"class_list":["post-1019230","post","type-post","status-publish","format-standard","has-post-thumbnail","hentry","category-kurdistan","tag-sereke"],"blocksy_meta":[],"seo_head":"<!-- This site is optimized with the Yoast SEO plugin v27.5 - https:\/\/yoast.com\/product\/yoast-seo-wordpress\/ -->\n<title>HDP e: Dem\u00eerta\u015f ji ber t\u00eako\u015f\u00eena li dij\u00ee AKP \u00ea bi d\u00eel hat\u00eeye girtin - Darka Maz\u00ee<\/title>\n<meta name=\"robots\" content=\"index, follow, max-snippet:-1, max-image-preview:large, max-video-preview:-1\" \/>\n<link rel=\"canonical\" href=\"https:\/\/darkamazi.info\/archives\/1019230\" \/>\n<meta property=\"og:locale\" content=\"en_US\" \/>\n<meta property=\"og:type\" content=\"article\" \/>\n<meta property=\"og:title\" content=\"HDP e: Dem\u00eerta\u015f ji ber t\u00eako\u015f\u00eena li dij\u00ee AKP \u00ea bi d\u00eel hat\u00eeye girtin - Darka Maz\u00ee\" \/>\n<meta property=\"og:description\" content=\"Hevserok\u00ea ber\u00ea y\u00ea HDP \u00ea Selahet\u00een Dem\u00eerta\u015f, \u00eero li Stanbol\u00ea t\u00ea dadgeh kirin \u00fb hejmareka mezin ji endam \u00fb rayedar\u00ean HDP \u00ea li p\u00ea\u015f dadgeh\u00ea kom b\u00fbne. \u00cero roja \u00e7ar\u015fem\u00ee 3\/2\/2021an dadgeha Selahet\u00een Dem\u00eerta\u015f li bajar\u00ea Stanbol\u00ea bir\u00eave di\u00e7e \u00fb bi tometa sivikkirina bi wez\u00eer\u00ea Tirkiy\u00ea y\u00ea ber\u00ea Ehmed Dawdoxlu, hejmareka mezin ji endam \u00fb [&hellip;]\" \/>\n<meta property=\"og:url\" content=\"https:\/\/darkamazi.info\/archives\/1019230\" \/>\n<meta property=\"og:site_name\" content=\"Darka Maz\u00ee\" \/>\n<meta property=\"article:publisher\" content=\"https:\/\/www.facebook.com\/DarMaziKurmanci\" \/>\n<meta property=\"article:published_time\" content=\"2021-02-03T10:49:20+00:00\" \/>\n<meta property=\"og:image\" content=\"https:\/\/darkamazi.info\/file\/2021\/02\/erdogan-bahceli-demirtash-1.jpg\" \/>\n\t<meta property=\"og:image:width\" content=\"900\" \/>\n\t<meta property=\"og:image:height\" content=\"497\" \/>\n\t<meta property=\"og:image:type\" content=\"image\/jpeg\" \/>\n<meta name=\"author\" content=\"darka mazi\" \/>\n<meta name=\"twitter:card\" content=\"summary_large_image\" \/>\n<meta name=\"twitter:creator\" content=\"@DarkaMaziLatini\" \/>\n<meta name=\"twitter:site\" content=\"@DarkaMaziLatini\" \/>\n<meta name=\"twitter:label1\" content=\"Written by\" \/>\n\t<meta name=\"twitter:data1\" content=\"darka mazi\" \/>\n\t<meta name=\"twitter:label2\" content=\"Est. reading time\" \/>\n\t<meta name=\"twitter:data2\" content=\"1 minute\" \/>\n<script type=\"application\/ld+json\" class=\"seo-schema-graph\">{\"@context\":\"https:\\\/\\\/schema.org\",\"@graph\":[{\"@type\":\"Article\",\"@id\":\"https:\\\/\\\/darkamazi.info\\\/archives\\\/1019230#article\",\"isPartOf\":{\"@id\":\"https:\\\/\\\/darkamazi.info\\\/archives\\\/1019230\"},\"author\":{\"name\":\"darka mazi\",\"@id\":\"https:\\\/\\\/darkamazi.info\\\/#\\\/schema\\\/person\\\/5ad3e24553a0567993fa8ed4bd0a776c\"},\"headline\":\"HDP e: Dem\u00eerta\u015f ji ber t\u00eako\u015f\u00eena li dij\u00ee AKP \u00ea bi d\u00eel hat\u00eeye girtin\",\"datePublished\":\"2021-02-03T10:49:20+00:00\",\"mainEntityOfPage\":{\"@id\":\"https:\\\/\\\/darkamazi.info\\\/archives\\\/1019230\"},\"wordCount\":237,\"publisher\":{\"@id\":\"https:\\\/\\\/darkamazi.info\\\/#organization\"},\"image\":{\"@id\":\"https:\\\/\\\/darkamazi.info\\\/archives\\\/1019230#primaryimage\"},\"thumbnailUrl\":\"https:\\\/\\\/darkamazi.info\\\/darka-content\\\/uploads\\\/2021\\\/02\\\/erdogan-bahceli-demirtash-1.jpg\",\"keywords\":[\"sereke\"],\"articleSection\":[\"Kurdistan\"],\"inLanguage\":\"en-US\"},{\"@type\":\"WebPage\",\"@id\":\"https:\\\/\\\/darkamazi.info\\\/archives\\\/1019230\",\"url\":\"https:\\\/\\\/darkamazi.info\\\/archives\\\/1019230\",\"name\":\"HDP e: Dem\u00eerta\u015f ji ber t\u00eako\u015f\u00eena li dij\u00ee AKP \u00ea bi d\u00eel hat\u00eeye girtin - Darka Maz\u00ee\",\"isPartOf\":{\"@id\":\"https:\\\/\\\/darkamazi.info\\\/#website\"},\"primaryImageOfPage\":{\"@id\":\"https:\\\/\\\/darkamazi.info\\\/archives\\\/1019230#primaryimage\"},\"image\":{\"@id\":\"https:\\\/\\\/darkamazi.info\\\/archives\\\/1019230#primaryimage\"},\"thumbnailUrl\":\"https:\\\/\\\/darkamazi.info\\\/darka-content\\\/uploads\\\/2021\\\/02\\\/erdogan-bahceli-demirtash-1.jpg\",\"datePublished\":\"2021-02-03T10:49:20+00:00\",\"breadcrumb\":{\"@id\":\"https:\\\/\\\/darkamazi.info\\\/archives\\\/1019230#breadcrumb\"},\"inLanguage\":\"en-US\",\"potentialAction\":[{\"@type\":\"ReadAction\",\"target\":[\"https:\\\/\\\/darkamazi.info\\\/archives\\\/1019230\"]}]},{\"@type\":\"ImageObject\",\"inLanguage\":\"en-US\",\"@id\":\"https:\\\/\\\/darkamazi.info\\\/archives\\\/1019230#primaryimage\",\"url\":\"https:\\\/\\\/darkamazi.info\\\/darka-content\\\/uploads\\\/2021\\\/02\\\/erdogan-bahceli-demirtash-1.jpg\",\"contentUrl\":\"https:\\\/\\\/darkamazi.info\\\/darka-content\\\/uploads\\\/2021\\\/02\\\/erdogan-bahceli-demirtash-1.jpg\",\"width\":900,\"height\":497,\"caption\":\"HDP e: Dem\u00eerta\u015f ji ber t\u00eako\u015f\u00eena li dij\u00ee AKP \u00ea bi d\u00eel hat\u00eeye girtin\"},{\"@type\":\"BreadcrumbList\",\"@id\":\"https:\\\/\\\/darkamazi.info\\\/archives\\\/1019230#breadcrumb\",\"itemListElement\":[{\"@type\":\"ListItem\",\"position\":1,\"name\":\"Home\",\"item\":\"https:\\\/\\\/darkamazi.info\\\/\"},{\"@type\":\"ListItem\",\"position\":2,\"name\":\"HDP e: Dem\u00eerta\u015f ji ber t\u00eako\u015f\u00eena li dij\u00ee AKP \u00ea bi d\u00eel hat\u00eeye girtin\"}]},{\"@type\":\"WebSite\",\"@id\":\"https:\\\/\\\/darkamazi.info\\\/#website\",\"url\":\"https:\\\/\\\/darkamazi.info\\\/\",\"name\":\"Darka Maz\u00ee\",\"description\":\"P\u00eageha Zanyariy\u00ean Nebih\u00eest\u00ee\",\"publisher\":{\"@id\":\"https:\\\/\\\/darkamazi.info\\\/#organization\"},\"potentialAction\":[{\"@type\":\"SearchAction\",\"target\":{\"@type\":\"EntryPoint\",\"urlTemplate\":\"https:\\\/\\\/darkamazi.info\\\/?s={search_term_string}\"},\"query-input\":{\"@type\":\"PropertyValueSpecification\",\"valueRequired\":true,\"valueName\":\"search_term_string\"}}],\"inLanguage\":\"en-US\"},{\"@type\":\"Organization\",\"@id\":\"https:\\\/\\\/darkamazi.info\\\/#organization\",\"name\":\"Darka Maz\u00ee\",\"url\":\"https:\\\/\\\/darkamazi.info\\\/\",\"logo\":{\"@type\":\"ImageObject\",\"inLanguage\":\"en-US\",\"@id\":\"https:\\\/\\\/darkamazi.info\\\/#\\\/schema\\\/logo\\\/image\\\/\",\"url\":\"https:\\\/\\\/darkamazi.info\\\/darka-content\\\/uploads\\\/2017\\\/12\\\/darka-mazi-logo.png\",\"contentUrl\":\"https:\\\/\\\/darkamazi.info\\\/darka-content\\\/uploads\\\/2017\\\/12\\\/darka-mazi-logo.png\",\"width\":151,\"height\":75,\"caption\":\"Darka Maz\u00ee\"},\"image\":{\"@id\":\"https:\\\/\\\/darkamazi.info\\\/#\\\/schema\\\/logo\\\/image\\\/\"},\"sameAs\":[\"https:\\\/\\\/www.facebook.com\\\/DarMaziKurmanci\",\"https:\\\/\\\/x.com\\\/DarkaMaziLatini\",\"https:\\\/\\\/www.instagram.com\\\/darkamazi.kurmanci\\\/\",\"https:\\\/\\\/www.youtube.com\\\/channel\\\/UCa5HkTdmI8U1qCUFuTw8B2g\"]},{\"@type\":\"Person\",\"@id\":\"https:\\\/\\\/darkamazi.info\\\/#\\\/schema\\\/person\\\/5ad3e24553a0567993fa8ed4bd0a776c\",\"name\":\"darka mazi\",\"sameAs\":[\"https:\\\/\\\/darkamazi.info\\\/\"],\"url\":\"https:\\\/\\\/darkamazi.info\\\/archives\\\/author\\\/kurdi\"}]}<\/script>\n<!-- \/ Yoast SEO plugin. -->","seo_head_json":{"title":"HDP e: Dem\u00eerta\u015f ji ber t\u00eako\u015f\u00eena li dij\u00ee AKP \u00ea bi d\u00eel hat\u00eeye girtin - Darka Maz\u00ee","robots":{"index":"index","follow":"follow","max-snippet":"max-snippet:-1","max-image-preview":"max-image-preview:large","max-video-preview":"max-video-preview:-1"},"canonical":"https:\/\/darkamazi.info\/archives\/1019230","og_locale":"en_US","og_type":"article","og_title":"HDP e: Dem\u00eerta\u015f ji ber t\u00eako\u015f\u00eena li dij\u00ee AKP \u00ea bi d\u00eel hat\u00eeye girtin - Darka Maz\u00ee","og_description":"Hevserok\u00ea ber\u00ea y\u00ea HDP \u00ea Selahet\u00een Dem\u00eerta\u015f, \u00eero li Stanbol\u00ea t\u00ea dadgeh kirin \u00fb hejmareka mezin ji endam \u00fb rayedar\u00ean HDP \u00ea li p\u00ea\u015f dadgeh\u00ea kom b\u00fbne. \u00cero roja \u00e7ar\u015fem\u00ee 3\/2\/2021an dadgeha Selahet\u00een Dem\u00eerta\u015f li bajar\u00ea Stanbol\u00ea bir\u00eave di\u00e7e \u00fb bi tometa sivikkirina bi wez\u00eer\u00ea Tirkiy\u00ea y\u00ea ber\u00ea Ehmed Dawdoxlu, hejmareka mezin ji endam \u00fb [&hellip;]","og_url":"https:\/\/darkamazi.info\/archives\/1019230","og_site_name":"Darka Maz\u00ee","article_publisher":"https:\/\/www.facebook.com\/DarMaziKurmanci","article_published_time":"2021-02-03T10:49:20+00:00","og_image":[{"width":900,"height":497,"url":"https:\/\/darkamazi.info\/file\/2021\/02\/erdogan-bahceli-demirtash-1.jpg","type":"image\/jpeg"}],"author":"darka mazi","twitter_card":"summary_large_image","twitter_creator":"@DarkaMaziLatini","twitter_site":"@DarkaMaziLatini","twitter_misc":{"Written by":"darka mazi","Est. reading time":"1 minute"},"schema":{"@context":"https:\/\/schema.org","@graph":[{"@type":"Article","@id":"https:\/\/darkamazi.info\/archives\/1019230#article","isPartOf":{"@id":"https:\/\/darkamazi.info\/archives\/1019230"},"author":{"name":"darka mazi","@id":"https:\/\/darkamazi.info\/#\/schema\/person\/5ad3e24553a0567993fa8ed4bd0a776c"},"headline":"HDP e: Dem\u00eerta\u015f ji ber t\u00eako\u015f\u00eena li dij\u00ee AKP \u00ea bi d\u00eel hat\u00eeye girtin","datePublished":"2021-02-03T10:49:20+00:00","mainEntityOfPage":{"@id":"https:\/\/darkamazi.info\/archives\/1019230"},"wordCount":237,"publisher":{"@id":"https:\/\/darkamazi.info\/#organization"},"image":{"@id":"https:\/\/darkamazi.info\/archives\/1019230#primaryimage"},"thumbnailUrl":"https:\/\/darkamazi.info\/file\/2021\/02\/erdogan-bahceli-demirtash-1.jpg","keywords":["sereke"],"articleSection":["Kurdistan"],"inLanguage":"en-US"},{"@type":"WebPage","@id":"https:\/\/darkamazi.info\/archives\/1019230","url":"https:\/\/darkamazi.info\/archives\/1019230","name":"HDP e: Dem\u00eerta\u015f ji ber t\u00eako\u015f\u00eena li dij\u00ee AKP \u00ea bi d\u00eel hat\u00eeye girtin - Darka Maz\u00ee","isPartOf":{"@id":"https:\/\/darkamazi.info\/#website"},"primaryImageOfPage":{"@id":"https:\/\/darkamazi.info\/archives\/1019230#primaryimage"},"image":{"@id":"https:\/\/darkamazi.info\/archives\/1019230#primaryimage"},"thumbnailUrl":"https:\/\/darkamazi.info\/file\/2021\/02\/erdogan-bahceli-demirtash-1.jpg","datePublished":"2021-02-03T10:49:20+00:00","breadcrumb":{"@id":"https:\/\/darkamazi.info\/archives\/1019230#breadcrumb"},"inLanguage":"en-US","potentialAction":[{"@type":"ReadAction","target":["https:\/\/darkamazi.info\/archives\/1019230"]}]},{"@type":"ImageObject","inLanguage":"en-US","@id":"https:\/\/darkamazi.info\/archives\/1019230#primaryimage","url":"https:\/\/darkamazi.info\/file\/2021\/02\/erdogan-bahceli-demirtash-1.jpg","contentUrl":"https:\/\/darkamazi.info\/file\/2021\/02\/erdogan-bahceli-demirtash-1.jpg","width":900,"height":497,"caption":"HDP e: Dem\u00eerta\u015f ji ber t\u00eako\u015f\u00eena li dij\u00ee AKP \u00ea bi d\u00eel hat\u00eeye girtin"},{"@type":"BreadcrumbList","@id":"https:\/\/darkamazi.info\/archives\/1019230#breadcrumb","itemListElement":[{"@type":"ListItem","position":1,"name":"Home","item":"https:\/\/darkamazi.info\/"},{"@type":"ListItem","position":2,"name":"HDP e: Dem\u00eerta\u015f ji ber t\u00eako\u015f\u00eena li dij\u00ee AKP \u00ea bi d\u00eel hat\u00eeye girtin"}]},{"@type":"WebSite","@id":"https:\/\/darkamazi.info\/#website","url":"https:\/\/darkamazi.info\/","name":"Darka Maz\u00ee","description":"P\u00eageha Zanyariy\u00ean Nebih\u00eest\u00ee","publisher":{"@id":"https:\/\/darkamazi.info\/#organization"},"potentialAction":[{"@type":"SearchAction","target":{"@type":"EntryPoint","urlTemplate":"https:\/\/darkamazi.info\/?s={search_term_string}"},"query-input":{"@type":"PropertyValueSpecification","valueRequired":true,"valueName":"search_term_string"}}],"inLanguage":"en-US"},{"@type":"Organization","@id":"https:\/\/darkamazi.info\/#organization","name":"Darka Maz\u00ee","url":"https:\/\/darkamazi.info\/","logo":{"@type":"ImageObject","inLanguage":"en-US","@id":"https:\/\/darkamazi.info\/#\/schema\/logo\/image\/","url":"https:\/\/darkamazi.info\/file\/2017\/12\/darka-mazi-logo.png","contentUrl":"https:\/\/darkamazi.info\/file\/2017\/12\/darka-mazi-logo.png","width":151,"height":75,"caption":"Darka Maz\u00ee"},"image":{"@id":"https:\/\/darkamazi.info\/#\/schema\/logo\/image\/"},"sameAs":["https:\/\/www.facebook.com\/DarMaziKurmanci","https:\/\/x.com\/DarkaMaziLatini","https:\/\/www.instagram.com\/darkamazi.kurmanci\/","https:\/\/www.youtube.com\/channel\/UCa5HkTdmI8U1qCUFuTw8B2g"]},{"@type":"Person","@id":"https:\/\/darkamazi.info\/#\/schema\/person\/5ad3e24553a0567993fa8ed4bd0a776c","name":"darka mazi","sameAs":["https:\/\/darkamazi.info\/"],"url":"https:\/\/darkamazi.info\/archives\/author\/kurdi"}]}},"_links":{"self":[{"href":"https:\/\/darkamazi.info\/funavuv\/wp\/v2\/posts\/1019230","targetHints":{"allow":["GET"]}}],"collection":[{"href":"https:\/\/darkamazi.info\/funavuv\/wp\/v2\/posts"}],"about":[{"href":"https:\/\/darkamazi.info\/funavuv\/wp\/v2\/types\/post"}],"author":[{"embeddable":true,"href":"https:\/\/darkamazi.info\/funavuv\/wp\/v2\/users\/2"}],"replies":[{"embeddable":true,"href":"https:\/\/darkamazi.info\/funavuv\/wp\/v2\/comments?post=1019230"}],"version-history":[{"count":0,"href":"https:\/\/darkamazi.info\/funavuv\/wp\/v2\/posts\/1019230\/revisions"}],"wp:featuredmedia":[{"embeddable":true,"href":"https:\/\/darkamazi.info\/funavuv\/wp\/v2\/media\/1019231"}],"wp:attachment":[{"href":"https:\/\/darkamazi.info\/funavuv\/wp\/v2\/media?parent=1019230"}],"wp:term":[{"taxonomy":"category","embeddable":true,"href":"https:\/\/darkamazi.info\/funavuv\/wp\/v2\/categories?post=1019230"},{"taxonomy":"post_tag","embeddable":true,"href":"https:\/\/darkamazi.info\/funavuv\/wp\/v2\/tags?post=1019230"}],"curies":[{"name":"wp","href":"https:\/\/api.w.org\/{rel}","templated":true}]}}