{"id":1019236,"date":"2021-02-03T16:07:35","date_gmt":"2021-02-03T13:07:35","guid":{"rendered":"https:\/\/darkamazi.info\/?p=1019236"},"modified":"2021-02-03T16:07:35","modified_gmt":"2021-02-03T13:07:35","slug":"tirkiye-fermandareki-pkke-kust","status":"publish","type":"post","link":"https:\/\/darkamazi.info\/archives\/1019236","title":{"rendered":"Tirkiy\u00ea fermandarek\u00ee PKK\u00ea ku\u015ft"},"content":{"rendered":"<h3 style=\"text-align: justify\"><strong>Fermandarek\u00ee r\u00eaxistina PKK\u00ea ku di l\u00eesta reng sor ya dewleta Tirkiy\u00ea de l\u00eager\u00een ji boy dihat kirin, di \u00ear\u00ee\u015fek\u00ea de hat hedef kirin.<\/strong><\/h3>\n<h3 style=\"text-align: justify\">Li gor agahiy\u00ean di dest\u00ea me de, arte\u015fa Tirkiy\u00ea fermandarek\u00ee PKK\u00ea bi nav\u00ea Bedred\u00een Bedirxan bi kod nav\u00ea \u00cebrah\u00eem \u015eengul, li Xetay\u00ea hedef kir\u00eeye \u00fb ew ku\u015ftiye.<\/h3>\n<h3 style=\"text-align: justify\">Navb\u00fbr\u00ee di l\u00eesta reng sor ya dewleta Tirkiy\u00ea de l\u00eager\u00een ji boy dihat kirin \u00fb \u00eero wezareta kar\u00ean navxwe ya Tirkiy\u00ea hedef kirina w\u00ee \u00eelan kir.<\/h3>\n<h3 style=\"text-align: justify\">Li gor agahiy\u00ean p\u00eageha Darka Maz\u00ee, Bedred\u00een Bedirxan li sala 1995an li n\u00eaz\u00ee gund\u00ea Re\u015fave li devera Nih\u00eal\u00ea a gir\u00eaday\u00ee qeza Am\u00ead\u00eey\u00ea li Ba\u015f\u00fbr\u00ea Kurdistan\u00ea perwerdeya le\u015fkir\u00ee \u00fb r\u00eaxistin\u00ea d\u00eet\u00eeye, hemwext li gelek nav\u00e7ey\u00ean Bakur \u00fb Ba\u015f\u00fbr\u00ea welat erk\u00ean r\u00eaxistin\u00ea wergirtine.<\/h3>\n<h3 style=\"text-align: justify\">Ev fermandar\u00ea PKK\u00ea bi esl\u00ea xwe tirke \u00fb ji \u00e7ep\u00ean Tirkan e \u00fb li sal\u00ean notan tevl\u00ee ref\u00ean PKK\u00ea b\u00fbye.<\/h3>\n","protected":false},"excerpt":{"rendered":"<p>Fermandarek\u00ee r\u00eaxistina PKK\u00ea ku di l\u00eesta reng sor ya dewleta Tirkiy\u00ea de l\u00eager\u00een ji boy dihat kirin, di \u00ear\u00ee\u015fek\u00ea de hat hedef kirin. Li gor agahiy\u00ean di dest\u00ea me de, arte\u015fa Tirkiy\u00ea fermandarek\u00ee PKK\u00ea bi nav\u00ea Bedred\u00een Bedirxan bi kod nav\u00ea \u00cebrah\u00eem \u015eengul, li Xetay\u00ea hedef kir\u00eeye \u00fb ew ku\u015ftiye. Navb\u00fbr\u00ee di l\u00eesta reng sor [&hellip;]<\/p>\n","protected":false},"author":2,"featured_media":1019237,"comment_status":"closed","ping_status":"closed","sticky":false,"template":"","format":"standard","meta":{"footnotes":""},"categories":[29],"tags":[37],"class_list":["post-1019236","post","type-post","status-publish","format-standard","has-post-thumbnail","hentry","category-kurdistan","tag-sereke"],"blocksy_meta":[],"seo_head":"<!-- This site is optimized with the Yoast SEO plugin v27.5 - https:\/\/yoast.com\/product\/yoast-seo-wordpress\/ -->\n<title>Tirkiy\u00ea fermandarek\u00ee PKK\u00ea ku\u015ft - Darka Maz\u00ee<\/title>\n<meta name=\"robots\" content=\"index, follow, max-snippet:-1, max-image-preview:large, max-video-preview:-1\" \/>\n<link rel=\"canonical\" href=\"https:\/\/darkamazi.info\/archives\/1019236\" \/>\n<meta property=\"og:locale\" content=\"en_US\" \/>\n<meta property=\"og:type\" content=\"article\" \/>\n<meta property=\"og:title\" content=\"Tirkiy\u00ea fermandarek\u00ee PKK\u00ea ku\u015ft - Darka Maz\u00ee\" \/>\n<meta property=\"og:description\" content=\"Fermandarek\u00ee r\u00eaxistina PKK\u00ea ku di l\u00eesta reng sor ya dewleta Tirkiy\u00ea de l\u00eager\u00een ji boy dihat kirin, di \u00ear\u00ee\u015fek\u00ea de hat hedef kirin. Li gor agahiy\u00ean di dest\u00ea me de, arte\u015fa Tirkiy\u00ea fermandarek\u00ee PKK\u00ea bi nav\u00ea Bedred\u00een Bedirxan bi kod nav\u00ea \u00cebrah\u00eem \u015eengul, li Xetay\u00ea hedef kir\u00eeye \u00fb ew ku\u015ftiye. Navb\u00fbr\u00ee di l\u00eesta reng sor [&hellip;]\" \/>\n<meta property=\"og:url\" content=\"https:\/\/darkamazi.info\/archives\/1019236\" \/>\n<meta property=\"og:site_name\" content=\"Darka Maz\u00ee\" \/>\n<meta property=\"article:publisher\" content=\"https:\/\/www.facebook.com\/DarMaziKurmanci\" \/>\n<meta property=\"article:published_time\" content=\"2021-02-03T13:07:35+00:00\" \/>\n<meta property=\"og:image\" content=\"https:\/\/darkamazi.info\/file\/2021\/02\/pkk-2.jpg\" \/>\n\t<meta property=\"og:image:width\" content=\"900\" \/>\n\t<meta property=\"og:image:height\" content=\"497\" \/>\n\t<meta property=\"og:image:type\" content=\"image\/jpeg\" \/>\n<meta name=\"author\" content=\"darka mazi\" \/>\n<meta name=\"twitter:card\" content=\"summary_large_image\" \/>\n<meta name=\"twitter:creator\" content=\"@DarkaMaziLatini\" \/>\n<meta name=\"twitter:site\" content=\"@DarkaMaziLatini\" \/>\n<meta name=\"twitter:label1\" content=\"Written by\" \/>\n\t<meta name=\"twitter:data1\" content=\"darka mazi\" \/>\n\t<meta name=\"twitter:label2\" content=\"Est. reading time\" \/>\n\t<meta name=\"twitter:data2\" content=\"1 minute\" \/>\n<script type=\"application\/ld+json\" class=\"seo-schema-graph\">{\"@context\":\"https:\\\/\\\/schema.org\",\"@graph\":[{\"@type\":\"Article\",\"@id\":\"https:\\\/\\\/darkamazi.info\\\/archives\\\/1019236#article\",\"isPartOf\":{\"@id\":\"https:\\\/\\\/darkamazi.info\\\/archives\\\/1019236\"},\"author\":{\"name\":\"darka mazi\",\"@id\":\"https:\\\/\\\/darkamazi.info\\\/#\\\/schema\\\/person\\\/5ad3e24553a0567993fa8ed4bd0a776c\"},\"headline\":\"Tirkiy\u00ea fermandarek\u00ee PKK\u00ea ku\u015ft\",\"datePublished\":\"2021-02-03T13:07:35+00:00\",\"mainEntityOfPage\":{\"@id\":\"https:\\\/\\\/darkamazi.info\\\/archives\\\/1019236\"},\"wordCount\":175,\"publisher\":{\"@id\":\"https:\\\/\\\/darkamazi.info\\\/#organization\"},\"image\":{\"@id\":\"https:\\\/\\\/darkamazi.info\\\/archives\\\/1019236#primaryimage\"},\"thumbnailUrl\":\"https:\\\/\\\/darkamazi.info\\\/darka-content\\\/uploads\\\/2021\\\/02\\\/pkk-2.jpg\",\"keywords\":[\"sereke\"],\"articleSection\":[\"Kurdistan\"],\"inLanguage\":\"en-US\"},{\"@type\":\"WebPage\",\"@id\":\"https:\\\/\\\/darkamazi.info\\\/archives\\\/1019236\",\"url\":\"https:\\\/\\\/darkamazi.info\\\/archives\\\/1019236\",\"name\":\"Tirkiy\u00ea fermandarek\u00ee PKK\u00ea ku\u015ft - Darka Maz\u00ee\",\"isPartOf\":{\"@id\":\"https:\\\/\\\/darkamazi.info\\\/#website\"},\"primaryImageOfPage\":{\"@id\":\"https:\\\/\\\/darkamazi.info\\\/archives\\\/1019236#primaryimage\"},\"image\":{\"@id\":\"https:\\\/\\\/darkamazi.info\\\/archives\\\/1019236#primaryimage\"},\"thumbnailUrl\":\"https:\\\/\\\/darkamazi.info\\\/darka-content\\\/uploads\\\/2021\\\/02\\\/pkk-2.jpg\",\"datePublished\":\"2021-02-03T13:07:35+00:00\",\"breadcrumb\":{\"@id\":\"https:\\\/\\\/darkamazi.info\\\/archives\\\/1019236#breadcrumb\"},\"inLanguage\":\"en-US\",\"potentialAction\":[{\"@type\":\"ReadAction\",\"target\":[\"https:\\\/\\\/darkamazi.info\\\/archives\\\/1019236\"]}]},{\"@type\":\"ImageObject\",\"inLanguage\":\"en-US\",\"@id\":\"https:\\\/\\\/darkamazi.info\\\/archives\\\/1019236#primaryimage\",\"url\":\"https:\\\/\\\/darkamazi.info\\\/darka-content\\\/uploads\\\/2021\\\/02\\\/pkk-2.jpg\",\"contentUrl\":\"https:\\\/\\\/darkamazi.info\\\/darka-content\\\/uploads\\\/2021\\\/02\\\/pkk-2.jpg\",\"width\":900,\"height\":497,\"caption\":\"Tirkiy\u00ea fermandarek\u00ee PKK\u00ea ku\u015ft\"},{\"@type\":\"BreadcrumbList\",\"@id\":\"https:\\\/\\\/darkamazi.info\\\/archives\\\/1019236#breadcrumb\",\"itemListElement\":[{\"@type\":\"ListItem\",\"position\":1,\"name\":\"Home\",\"item\":\"https:\\\/\\\/darkamazi.info\\\/\"},{\"@type\":\"ListItem\",\"position\":2,\"name\":\"Tirkiy\u00ea fermandarek\u00ee PKK\u00ea ku\u015ft\"}]},{\"@type\":\"WebSite\",\"@id\":\"https:\\\/\\\/darkamazi.info\\\/#website\",\"url\":\"https:\\\/\\\/darkamazi.info\\\/\",\"name\":\"Darka Maz\u00ee\",\"description\":\"P\u00eageha Zanyariy\u00ean Nebih\u00eest\u00ee\",\"publisher\":{\"@id\":\"https:\\\/\\\/darkamazi.info\\\/#organization\"},\"potentialAction\":[{\"@type\":\"SearchAction\",\"target\":{\"@type\":\"EntryPoint\",\"urlTemplate\":\"https:\\\/\\\/darkamazi.info\\\/?s={search_term_string}\"},\"query-input\":{\"@type\":\"PropertyValueSpecification\",\"valueRequired\":true,\"valueName\":\"search_term_string\"}}],\"inLanguage\":\"en-US\"},{\"@type\":\"Organization\",\"@id\":\"https:\\\/\\\/darkamazi.info\\\/#organization\",\"name\":\"Darka Maz\u00ee\",\"url\":\"https:\\\/\\\/darkamazi.info\\\/\",\"logo\":{\"@type\":\"ImageObject\",\"inLanguage\":\"en-US\",\"@id\":\"https:\\\/\\\/darkamazi.info\\\/#\\\/schema\\\/logo\\\/image\\\/\",\"url\":\"https:\\\/\\\/darkamazi.info\\\/darka-content\\\/uploads\\\/2017\\\/12\\\/darka-mazi-logo.png\",\"contentUrl\":\"https:\\\/\\\/darkamazi.info\\\/darka-content\\\/uploads\\\/2017\\\/12\\\/darka-mazi-logo.png\",\"width\":151,\"height\":75,\"caption\":\"Darka Maz\u00ee\"},\"image\":{\"@id\":\"https:\\\/\\\/darkamazi.info\\\/#\\\/schema\\\/logo\\\/image\\\/\"},\"sameAs\":[\"https:\\\/\\\/www.facebook.com\\\/DarMaziKurmanci\",\"https:\\\/\\\/x.com\\\/DarkaMaziLatini\",\"https:\\\/\\\/www.instagram.com\\\/darkamazi.kurmanci\\\/\",\"https:\\\/\\\/www.youtube.com\\\/channel\\\/UCa5HkTdmI8U1qCUFuTw8B2g\"]},{\"@type\":\"Person\",\"@id\":\"https:\\\/\\\/darkamazi.info\\\/#\\\/schema\\\/person\\\/5ad3e24553a0567993fa8ed4bd0a776c\",\"name\":\"darka mazi\",\"sameAs\":[\"https:\\\/\\\/darkamazi.info\\\/\"],\"url\":\"https:\\\/\\\/darkamazi.info\\\/archives\\\/author\\\/kurdi\"}]}<\/script>\n<!-- \/ Yoast SEO plugin. -->","seo_head_json":{"title":"Tirkiy\u00ea fermandarek\u00ee PKK\u00ea ku\u015ft - Darka Maz\u00ee","robots":{"index":"index","follow":"follow","max-snippet":"max-snippet:-1","max-image-preview":"max-image-preview:large","max-video-preview":"max-video-preview:-1"},"canonical":"https:\/\/darkamazi.info\/archives\/1019236","og_locale":"en_US","og_type":"article","og_title":"Tirkiy\u00ea fermandarek\u00ee PKK\u00ea ku\u015ft - Darka Maz\u00ee","og_description":"Fermandarek\u00ee r\u00eaxistina PKK\u00ea ku di l\u00eesta reng sor ya dewleta Tirkiy\u00ea de l\u00eager\u00een ji boy dihat kirin, di \u00ear\u00ee\u015fek\u00ea de hat hedef kirin. Li gor agahiy\u00ean di dest\u00ea me de, arte\u015fa Tirkiy\u00ea fermandarek\u00ee PKK\u00ea bi nav\u00ea Bedred\u00een Bedirxan bi kod nav\u00ea \u00cebrah\u00eem \u015eengul, li Xetay\u00ea hedef kir\u00eeye \u00fb ew ku\u015ftiye. Navb\u00fbr\u00ee di l\u00eesta reng sor [&hellip;]","og_url":"https:\/\/darkamazi.info\/archives\/1019236","og_site_name":"Darka Maz\u00ee","article_publisher":"https:\/\/www.facebook.com\/DarMaziKurmanci","article_published_time":"2021-02-03T13:07:35+00:00","og_image":[{"width":900,"height":497,"url":"https:\/\/darkamazi.info\/file\/2021\/02\/pkk-2.jpg","type":"image\/jpeg"}],"author":"darka mazi","twitter_card":"summary_large_image","twitter_creator":"@DarkaMaziLatini","twitter_site":"@DarkaMaziLatini","twitter_misc":{"Written by":"darka mazi","Est. reading time":"1 minute"},"schema":{"@context":"https:\/\/schema.org","@graph":[{"@type":"Article","@id":"https:\/\/darkamazi.info\/archives\/1019236#article","isPartOf":{"@id":"https:\/\/darkamazi.info\/archives\/1019236"},"author":{"name":"darka mazi","@id":"https:\/\/darkamazi.info\/#\/schema\/person\/5ad3e24553a0567993fa8ed4bd0a776c"},"headline":"Tirkiy\u00ea fermandarek\u00ee PKK\u00ea ku\u015ft","datePublished":"2021-02-03T13:07:35+00:00","mainEntityOfPage":{"@id":"https:\/\/darkamazi.info\/archives\/1019236"},"wordCount":175,"publisher":{"@id":"https:\/\/darkamazi.info\/#organization"},"image":{"@id":"https:\/\/darkamazi.info\/archives\/1019236#primaryimage"},"thumbnailUrl":"https:\/\/darkamazi.info\/file\/2021\/02\/pkk-2.jpg","keywords":["sereke"],"articleSection":["Kurdistan"],"inLanguage":"en-US"},{"@type":"WebPage","@id":"https:\/\/darkamazi.info\/archives\/1019236","url":"https:\/\/darkamazi.info\/archives\/1019236","name":"Tirkiy\u00ea fermandarek\u00ee PKK\u00ea ku\u015ft - Darka Maz\u00ee","isPartOf":{"@id":"https:\/\/darkamazi.info\/#website"},"primaryImageOfPage":{"@id":"https:\/\/darkamazi.info\/archives\/1019236#primaryimage"},"image":{"@id":"https:\/\/darkamazi.info\/archives\/1019236#primaryimage"},"thumbnailUrl":"https:\/\/darkamazi.info\/file\/2021\/02\/pkk-2.jpg","datePublished":"2021-02-03T13:07:35+00:00","breadcrumb":{"@id":"https:\/\/darkamazi.info\/archives\/1019236#breadcrumb"},"inLanguage":"en-US","potentialAction":[{"@type":"ReadAction","target":["https:\/\/darkamazi.info\/archives\/1019236"]}]},{"@type":"ImageObject","inLanguage":"en-US","@id":"https:\/\/darkamazi.info\/archives\/1019236#primaryimage","url":"https:\/\/darkamazi.info\/file\/2021\/02\/pkk-2.jpg","contentUrl":"https:\/\/darkamazi.info\/file\/2021\/02\/pkk-2.jpg","width":900,"height":497,"caption":"Tirkiy\u00ea fermandarek\u00ee PKK\u00ea ku\u015ft"},{"@type":"BreadcrumbList","@id":"https:\/\/darkamazi.info\/archives\/1019236#breadcrumb","itemListElement":[{"@type":"ListItem","position":1,"name":"Home","item":"https:\/\/darkamazi.info\/"},{"@type":"ListItem","position":2,"name":"Tirkiy\u00ea fermandarek\u00ee PKK\u00ea ku\u015ft"}]},{"@type":"WebSite","@id":"https:\/\/darkamazi.info\/#website","url":"https:\/\/darkamazi.info\/","name":"Darka Maz\u00ee","description":"P\u00eageha Zanyariy\u00ean Nebih\u00eest\u00ee","publisher":{"@id":"https:\/\/darkamazi.info\/#organization"},"potentialAction":[{"@type":"SearchAction","target":{"@type":"EntryPoint","urlTemplate":"https:\/\/darkamazi.info\/?s={search_term_string}"},"query-input":{"@type":"PropertyValueSpecification","valueRequired":true,"valueName":"search_term_string"}}],"inLanguage":"en-US"},{"@type":"Organization","@id":"https:\/\/darkamazi.info\/#organization","name":"Darka Maz\u00ee","url":"https:\/\/darkamazi.info\/","logo":{"@type":"ImageObject","inLanguage":"en-US","@id":"https:\/\/darkamazi.info\/#\/schema\/logo\/image\/","url":"https:\/\/darkamazi.info\/file\/2017\/12\/darka-mazi-logo.png","contentUrl":"https:\/\/darkamazi.info\/file\/2017\/12\/darka-mazi-logo.png","width":151,"height":75,"caption":"Darka Maz\u00ee"},"image":{"@id":"https:\/\/darkamazi.info\/#\/schema\/logo\/image\/"},"sameAs":["https:\/\/www.facebook.com\/DarMaziKurmanci","https:\/\/x.com\/DarkaMaziLatini","https:\/\/www.instagram.com\/darkamazi.kurmanci\/","https:\/\/www.youtube.com\/channel\/UCa5HkTdmI8U1qCUFuTw8B2g"]},{"@type":"Person","@id":"https:\/\/darkamazi.info\/#\/schema\/person\/5ad3e24553a0567993fa8ed4bd0a776c","name":"darka mazi","sameAs":["https:\/\/darkamazi.info\/"],"url":"https:\/\/darkamazi.info\/archives\/author\/kurdi"}]}},"_links":{"self":[{"href":"https:\/\/darkamazi.info\/funavuv\/wp\/v2\/posts\/1019236","targetHints":{"allow":["GET"]}}],"collection":[{"href":"https:\/\/darkamazi.info\/funavuv\/wp\/v2\/posts"}],"about":[{"href":"https:\/\/darkamazi.info\/funavuv\/wp\/v2\/types\/post"}],"author":[{"embeddable":true,"href":"https:\/\/darkamazi.info\/funavuv\/wp\/v2\/users\/2"}],"replies":[{"embeddable":true,"href":"https:\/\/darkamazi.info\/funavuv\/wp\/v2\/comments?post=1019236"}],"version-history":[{"count":0,"href":"https:\/\/darkamazi.info\/funavuv\/wp\/v2\/posts\/1019236\/revisions"}],"wp:featuredmedia":[{"embeddable":true,"href":"https:\/\/darkamazi.info\/funavuv\/wp\/v2\/media\/1019237"}],"wp:attachment":[{"href":"https:\/\/darkamazi.info\/funavuv\/wp\/v2\/media?parent=1019236"}],"wp:term":[{"taxonomy":"category","embeddable":true,"href":"https:\/\/darkamazi.info\/funavuv\/wp\/v2\/categories?post=1019236"},{"taxonomy":"post_tag","embeddable":true,"href":"https:\/\/darkamazi.info\/funavuv\/wp\/v2\/tags?post=1019236"}],"curies":[{"name":"wp","href":"https:\/\/api.w.org\/{rel}","templated":true}]}}