{"id":1019427,"date":"2021-02-12T16:39:17","date_gmt":"2021-02-12T13:39:17","guid":{"rendered":"https:\/\/darkamazi.info\/?p=1019427"},"modified":"2021-02-12T16:41:48","modified_gmt":"2021-02-12T13:41:48","slug":"1019427","status":"publish","type":"post","link":"https:\/\/darkamazi.info\/archives\/1019427","title":{"rendered":"Balefir\u00ean ceng\u00ea PKKe li \u00e7iyay\u00ea Gare hedef kir"},"content":{"rendered":"<h3 style=\"text-align: justify\"><span style=\"font-family: 'arial black', sans-serif\">Balefir\u00ean ceng y\u00ean dewleta Tirkiy\u00ea \u00eero pa\u015f n\u00eevroj\u00ea, hereketa \u00e7ekdar\u00ean PKK\u00ea li binara \u00e7iyay\u00ea Gare hedef kir, bordoman li n\u00eaz\u00ee gund\u00ea \u00eakmale p\u00eakhat\u00eeye.<\/span><\/h3>\n<h3 style=\"text-align: justify\">\u00c7avkany\u00ean p\u00eageha Darka Maz\u00ee li Ba\u015f\u00fbr\u00ea Kurdistan\u00ea e\u015fkere kir, \u00eero roja \u00een\u00ee 12\/2\/2021an, balefir\u00ean ceng\u00ea y\u00ea dewleta Tirkiy\u00ea, liv \u00fb tevger\u00ean \u00e7ekdar\u00ean PKK\u00ea li \u00e7iyay\u00ea gare hedef kirin, ev bordoman li n\u00eaz\u00ee gund\u00ea \u00cakmale y\u00ea nav\u00e7eya Sersink\u00ea gir\u00eaday devera Ber\u00ea Gare p\u00eakhat\u00eeye.<\/h3>\n<h3 style=\"text-align: justify\">Li gor agahiy\u00ean dest\u00ea me, balefiran li sa&#8217;et 2:55 \u00eavara \u00eero, d\u00fb roket li hereketa \u00e7ekdar\u00ean PKK\u00ea xistine, l\u00ea bel\u00ea agah\u00ee li derbara zrar\u00ean can\u00ee tunene.<\/h3>\n<h3 style=\"text-align: justify\">Ev \u00ear\u00ee\u015f hemwexta \u00ear\u00ee\u015fa \u015feva derbasb\u00fby\u00ee t\u00ea, wexta ku balefiran li sa&#8217;et 11:50 Gir\u00ea Miran\u00ea y\u00ea hindav\u00ee nav\u00e7eya \u00c7emank\u00ea bordoman kir\u00ee.<\/h3>\n<h3 style=\"text-align: justify\">Dewleta Tirkiy\u00ea li roja \u00e7ar\u015fem\u00ee ya rab\u00fbr\u00ee 10\/2\/2021an, operasyona bi nav\u00ea Penca Baz \u2013 2 li Ba\u015f\u00fbr\u00ea Kurdistan\u00ea li dij\u00ee r\u00eaxistina PKK\u00ea dest p\u00ea kir, ji w\u00ea dem\u00ea ve ev cara s\u00eayem\u00eene liv \u00fb tevger\u00ean \u00e7ekdar\u00ean PKK\u00ea li \u00e7iyay\u00ea Gare bi dijwar\u00ee t\u00ean hedef kirin.<\/h3>\n<h3 style=\"text-align: justify\">R\u00eaxistina PKK\u00ea ji wexta destp\u00eakirina q\u00fbnaxa yekem\u00een ya operasyona Penca Baz ku li xiz\u00eerana sala rab\u00fbr\u00ee b\u00fb, hereketa \u00e7ekdar\u00ean xwe xistine nava gund \u00fb n\u00eaz\u00ee bajarokan, ev y\u00eak b\u00fbye sedema \u015feh\u00eed \u00fb bir\u00eendar ketina hejmareke siv\u00eel\u00ean Ba\u015f\u00fbr\u00ea welat bi taybet li s\u00eenor\u00ea par\u00eazgeh\u00eeya Dihok\u00ea, PKKe v\u00ea yek\u00ea bi enqest dike ji bo ku arte\u015fa Tirkiy\u00ea k\u00ea\u015f\u00ee Ba\u015f\u00fbr bike \u00fb \u015fer n\u00eaz\u00ee gund \u00fb bajarokan bibe.<\/h3>\n","protected":false},"excerpt":{"rendered":"<p>Balefir\u00ean ceng y\u00ean dewleta Tirkiy\u00ea \u00eero pa\u015f n\u00eevroj\u00ea, hereketa \u00e7ekdar\u00ean PKK\u00ea li binara \u00e7iyay\u00ea Gare hedef kir, bordoman li n\u00eaz\u00ee gund\u00ea \u00eakmale p\u00eakhat\u00eeye. \u00c7avkany\u00ean p\u00eageha Darka Maz\u00ee li Ba\u015f\u00fbr\u00ea Kurdistan\u00ea e\u015fkere kir, \u00eero roja \u00een\u00ee 12\/2\/2021an, balefir\u00ean ceng\u00ea y\u00ea dewleta Tirkiy\u00ea, liv \u00fb tevger\u00ean \u00e7ekdar\u00ean PKK\u00ea li \u00e7iyay\u00ea gare hedef kirin, ev bordoman li n\u00eaz\u00ee [&hellip;]<\/p>\n","protected":false},"author":2,"featured_media":1019429,"comment_status":"closed","ping_status":"closed","sticky":false,"template":"","format":"standard","meta":{"footnotes":""},"categories":[29],"tags":[37],"class_list":["post-1019427","post","type-post","status-publish","format-standard","has-post-thumbnail","hentry","category-kurdistan","tag-sereke"],"blocksy_meta":[],"seo_head":"<!-- This site is optimized with the Yoast SEO plugin v27.5 - https:\/\/yoast.com\/product\/yoast-seo-wordpress\/ -->\n<title>Balefir\u00ean ceng\u00ea PKKe li \u00e7iyay\u00ea Gare hedef kir - Darka Maz\u00ee<\/title>\n<meta name=\"robots\" content=\"index, follow, max-snippet:-1, max-image-preview:large, max-video-preview:-1\" \/>\n<link rel=\"canonical\" href=\"https:\/\/darkamazi.info\/archives\/1019427\" \/>\n<meta property=\"og:locale\" content=\"en_US\" \/>\n<meta property=\"og:type\" content=\"article\" \/>\n<meta property=\"og:title\" content=\"Balefir\u00ean ceng\u00ea PKKe li \u00e7iyay\u00ea Gare hedef kir - Darka Maz\u00ee\" \/>\n<meta property=\"og:description\" content=\"Balefir\u00ean ceng y\u00ean dewleta Tirkiy\u00ea \u00eero pa\u015f n\u00eevroj\u00ea, hereketa \u00e7ekdar\u00ean PKK\u00ea li binara \u00e7iyay\u00ea Gare hedef kir, bordoman li n\u00eaz\u00ee gund\u00ea \u00eakmale p\u00eakhat\u00eeye. \u00c7avkany\u00ean p\u00eageha Darka Maz\u00ee li Ba\u015f\u00fbr\u00ea Kurdistan\u00ea e\u015fkere kir, \u00eero roja \u00een\u00ee 12\/2\/2021an, balefir\u00ean ceng\u00ea y\u00ea dewleta Tirkiy\u00ea, liv \u00fb tevger\u00ean \u00e7ekdar\u00ean PKK\u00ea li \u00e7iyay\u00ea gare hedef kirin, ev bordoman li n\u00eaz\u00ee [&hellip;]\" \/>\n<meta property=\"og:url\" content=\"https:\/\/darkamazi.info\/archives\/1019427\" \/>\n<meta property=\"og:site_name\" content=\"Darka Maz\u00ee\" \/>\n<meta property=\"article:publisher\" content=\"https:\/\/www.facebook.com\/DarMaziKurmanci\" \/>\n<meta property=\"article:published_time\" content=\"2021-02-12T13:39:17+00:00\" \/>\n<meta property=\"article:modified_time\" content=\"2021-02-12T13:41:48+00:00\" \/>\n<meta property=\"og:image\" content=\"https:\/\/darkamazi.info\/file\/2021\/02\/Balefiren-cenge-PKKe-li-ciyaye-Gare-hedef-kir-2.jpg\" \/>\n\t<meta property=\"og:image:width\" content=\"900\" \/>\n\t<meta property=\"og:image:height\" content=\"497\" \/>\n\t<meta property=\"og:image:type\" content=\"image\/jpeg\" \/>\n<meta name=\"author\" content=\"darka mazi\" \/>\n<meta name=\"twitter:card\" content=\"summary_large_image\" \/>\n<meta name=\"twitter:creator\" content=\"@DarkaMaziLatini\" \/>\n<meta name=\"twitter:site\" content=\"@DarkaMaziLatini\" \/>\n<meta name=\"twitter:label1\" content=\"Written by\" \/>\n\t<meta name=\"twitter:data1\" content=\"darka mazi\" \/>\n\t<meta name=\"twitter:label2\" content=\"Est. reading time\" \/>\n\t<meta name=\"twitter:data2\" content=\"1 minute\" \/>\n<script type=\"application\/ld+json\" class=\"seo-schema-graph\">{\"@context\":\"https:\\\/\\\/schema.org\",\"@graph\":[{\"@type\":\"Article\",\"@id\":\"https:\\\/\\\/darkamazi.info\\\/archives\\\/1019427#article\",\"isPartOf\":{\"@id\":\"https:\\\/\\\/darkamazi.info\\\/archives\\\/1019427\"},\"author\":{\"name\":\"darka mazi\",\"@id\":\"https:\\\/\\\/darkamazi.info\\\/#\\\/schema\\\/person\\\/5ad3e24553a0567993fa8ed4bd0a776c\"},\"headline\":\"Balefir\u00ean ceng\u00ea PKKe li \u00e7iyay\u00ea Gare hedef kir\",\"datePublished\":\"2021-02-12T13:39:17+00:00\",\"dateModified\":\"2021-02-12T13:41:48+00:00\",\"mainEntityOfPage\":{\"@id\":\"https:\\\/\\\/darkamazi.info\\\/archives\\\/1019427\"},\"wordCount\":278,\"publisher\":{\"@id\":\"https:\\\/\\\/darkamazi.info\\\/#organization\"},\"image\":{\"@id\":\"https:\\\/\\\/darkamazi.info\\\/archives\\\/1019427#primaryimage\"},\"thumbnailUrl\":\"https:\\\/\\\/darkamazi.info\\\/darka-content\\\/uploads\\\/2021\\\/02\\\/Balefiren-cenge-PKKe-li-ciyaye-Gare-hedef-kir-2.jpg\",\"keywords\":[\"sereke\"],\"articleSection\":[\"Kurdistan\"],\"inLanguage\":\"en-US\"},{\"@type\":\"WebPage\",\"@id\":\"https:\\\/\\\/darkamazi.info\\\/archives\\\/1019427\",\"url\":\"https:\\\/\\\/darkamazi.info\\\/archives\\\/1019427\",\"name\":\"Balefir\u00ean ceng\u00ea PKKe li \u00e7iyay\u00ea Gare hedef kir - Darka Maz\u00ee\",\"isPartOf\":{\"@id\":\"https:\\\/\\\/darkamazi.info\\\/#website\"},\"primaryImageOfPage\":{\"@id\":\"https:\\\/\\\/darkamazi.info\\\/archives\\\/1019427#primaryimage\"},\"image\":{\"@id\":\"https:\\\/\\\/darkamazi.info\\\/archives\\\/1019427#primaryimage\"},\"thumbnailUrl\":\"https:\\\/\\\/darkamazi.info\\\/darka-content\\\/uploads\\\/2021\\\/02\\\/Balefiren-cenge-PKKe-li-ciyaye-Gare-hedef-kir-2.jpg\",\"datePublished\":\"2021-02-12T13:39:17+00:00\",\"dateModified\":\"2021-02-12T13:41:48+00:00\",\"breadcrumb\":{\"@id\":\"https:\\\/\\\/darkamazi.info\\\/archives\\\/1019427#breadcrumb\"},\"inLanguage\":\"en-US\",\"potentialAction\":[{\"@type\":\"ReadAction\",\"target\":[\"https:\\\/\\\/darkamazi.info\\\/archives\\\/1019427\"]}]},{\"@type\":\"ImageObject\",\"inLanguage\":\"en-US\",\"@id\":\"https:\\\/\\\/darkamazi.info\\\/archives\\\/1019427#primaryimage\",\"url\":\"https:\\\/\\\/darkamazi.info\\\/darka-content\\\/uploads\\\/2021\\\/02\\\/Balefiren-cenge-PKKe-li-ciyaye-Gare-hedef-kir-2.jpg\",\"contentUrl\":\"https:\\\/\\\/darkamazi.info\\\/darka-content\\\/uploads\\\/2021\\\/02\\\/Balefiren-cenge-PKKe-li-ciyaye-Gare-hedef-kir-2.jpg\",\"width\":900,\"height\":497,\"caption\":\"Balefir\u00ean ceng\u00ea PKKe li \u00e7iyay\u00ea Gare hedef kir\"},{\"@type\":\"BreadcrumbList\",\"@id\":\"https:\\\/\\\/darkamazi.info\\\/archives\\\/1019427#breadcrumb\",\"itemListElement\":[{\"@type\":\"ListItem\",\"position\":1,\"name\":\"Home\",\"item\":\"https:\\\/\\\/darkamazi.info\\\/\"},{\"@type\":\"ListItem\",\"position\":2,\"name\":\"Balefir\u00ean ceng\u00ea PKKe li \u00e7iyay\u00ea Gare hedef kir\"}]},{\"@type\":\"WebSite\",\"@id\":\"https:\\\/\\\/darkamazi.info\\\/#website\",\"url\":\"https:\\\/\\\/darkamazi.info\\\/\",\"name\":\"Darka Maz\u00ee\",\"description\":\"P\u00eageha Zanyariy\u00ean Nebih\u00eest\u00ee\",\"publisher\":{\"@id\":\"https:\\\/\\\/darkamazi.info\\\/#organization\"},\"potentialAction\":[{\"@type\":\"SearchAction\",\"target\":{\"@type\":\"EntryPoint\",\"urlTemplate\":\"https:\\\/\\\/darkamazi.info\\\/?s={search_term_string}\"},\"query-input\":{\"@type\":\"PropertyValueSpecification\",\"valueRequired\":true,\"valueName\":\"search_term_string\"}}],\"inLanguage\":\"en-US\"},{\"@type\":\"Organization\",\"@id\":\"https:\\\/\\\/darkamazi.info\\\/#organization\",\"name\":\"Darka Maz\u00ee\",\"url\":\"https:\\\/\\\/darkamazi.info\\\/\",\"logo\":{\"@type\":\"ImageObject\",\"inLanguage\":\"en-US\",\"@id\":\"https:\\\/\\\/darkamazi.info\\\/#\\\/schema\\\/logo\\\/image\\\/\",\"url\":\"https:\\\/\\\/darkamazi.info\\\/darka-content\\\/uploads\\\/2017\\\/12\\\/darka-mazi-logo.png\",\"contentUrl\":\"https:\\\/\\\/darkamazi.info\\\/darka-content\\\/uploads\\\/2017\\\/12\\\/darka-mazi-logo.png\",\"width\":151,\"height\":75,\"caption\":\"Darka Maz\u00ee\"},\"image\":{\"@id\":\"https:\\\/\\\/darkamazi.info\\\/#\\\/schema\\\/logo\\\/image\\\/\"},\"sameAs\":[\"https:\\\/\\\/www.facebook.com\\\/DarMaziKurmanci\",\"https:\\\/\\\/x.com\\\/DarkaMaziLatini\",\"https:\\\/\\\/www.instagram.com\\\/darkamazi.kurmanci\\\/\",\"https:\\\/\\\/www.youtube.com\\\/channel\\\/UCa5HkTdmI8U1qCUFuTw8B2g\"]},{\"@type\":\"Person\",\"@id\":\"https:\\\/\\\/darkamazi.info\\\/#\\\/schema\\\/person\\\/5ad3e24553a0567993fa8ed4bd0a776c\",\"name\":\"darka mazi\",\"sameAs\":[\"https:\\\/\\\/darkamazi.info\\\/\"],\"url\":\"https:\\\/\\\/darkamazi.info\\\/archives\\\/author\\\/kurdi\"}]}<\/script>\n<!-- \/ Yoast SEO plugin. -->","seo_head_json":{"title":"Balefir\u00ean ceng\u00ea PKKe li \u00e7iyay\u00ea Gare hedef kir - Darka Maz\u00ee","robots":{"index":"index","follow":"follow","max-snippet":"max-snippet:-1","max-image-preview":"max-image-preview:large","max-video-preview":"max-video-preview:-1"},"canonical":"https:\/\/darkamazi.info\/archives\/1019427","og_locale":"en_US","og_type":"article","og_title":"Balefir\u00ean ceng\u00ea PKKe li \u00e7iyay\u00ea Gare hedef kir - Darka Maz\u00ee","og_description":"Balefir\u00ean ceng y\u00ean dewleta Tirkiy\u00ea \u00eero pa\u015f n\u00eevroj\u00ea, hereketa \u00e7ekdar\u00ean PKK\u00ea li binara \u00e7iyay\u00ea Gare hedef kir, bordoman li n\u00eaz\u00ee gund\u00ea \u00eakmale p\u00eakhat\u00eeye. \u00c7avkany\u00ean p\u00eageha Darka Maz\u00ee li Ba\u015f\u00fbr\u00ea Kurdistan\u00ea e\u015fkere kir, \u00eero roja \u00een\u00ee 12\/2\/2021an, balefir\u00ean ceng\u00ea y\u00ea dewleta Tirkiy\u00ea, liv \u00fb tevger\u00ean \u00e7ekdar\u00ean PKK\u00ea li \u00e7iyay\u00ea gare hedef kirin, ev bordoman li n\u00eaz\u00ee [&hellip;]","og_url":"https:\/\/darkamazi.info\/archives\/1019427","og_site_name":"Darka Maz\u00ee","article_publisher":"https:\/\/www.facebook.com\/DarMaziKurmanci","article_published_time":"2021-02-12T13:39:17+00:00","article_modified_time":"2021-02-12T13:41:48+00:00","og_image":[{"width":900,"height":497,"url":"https:\/\/darkamazi.info\/file\/2021\/02\/Balefiren-cenge-PKKe-li-ciyaye-Gare-hedef-kir-2.jpg","type":"image\/jpeg"}],"author":"darka mazi","twitter_card":"summary_large_image","twitter_creator":"@DarkaMaziLatini","twitter_site":"@DarkaMaziLatini","twitter_misc":{"Written by":"darka mazi","Est. reading time":"1 minute"},"schema":{"@context":"https:\/\/schema.org","@graph":[{"@type":"Article","@id":"https:\/\/darkamazi.info\/archives\/1019427#article","isPartOf":{"@id":"https:\/\/darkamazi.info\/archives\/1019427"},"author":{"name":"darka mazi","@id":"https:\/\/darkamazi.info\/#\/schema\/person\/5ad3e24553a0567993fa8ed4bd0a776c"},"headline":"Balefir\u00ean ceng\u00ea PKKe li \u00e7iyay\u00ea Gare hedef kir","datePublished":"2021-02-12T13:39:17+00:00","dateModified":"2021-02-12T13:41:48+00:00","mainEntityOfPage":{"@id":"https:\/\/darkamazi.info\/archives\/1019427"},"wordCount":278,"publisher":{"@id":"https:\/\/darkamazi.info\/#organization"},"image":{"@id":"https:\/\/darkamazi.info\/archives\/1019427#primaryimage"},"thumbnailUrl":"https:\/\/darkamazi.info\/file\/2021\/02\/Balefiren-cenge-PKKe-li-ciyaye-Gare-hedef-kir-2.jpg","keywords":["sereke"],"articleSection":["Kurdistan"],"inLanguage":"en-US"},{"@type":"WebPage","@id":"https:\/\/darkamazi.info\/archives\/1019427","url":"https:\/\/darkamazi.info\/archives\/1019427","name":"Balefir\u00ean ceng\u00ea PKKe li \u00e7iyay\u00ea Gare hedef kir - Darka Maz\u00ee","isPartOf":{"@id":"https:\/\/darkamazi.info\/#website"},"primaryImageOfPage":{"@id":"https:\/\/darkamazi.info\/archives\/1019427#primaryimage"},"image":{"@id":"https:\/\/darkamazi.info\/archives\/1019427#primaryimage"},"thumbnailUrl":"https:\/\/darkamazi.info\/file\/2021\/02\/Balefiren-cenge-PKKe-li-ciyaye-Gare-hedef-kir-2.jpg","datePublished":"2021-02-12T13:39:17+00:00","dateModified":"2021-02-12T13:41:48+00:00","breadcrumb":{"@id":"https:\/\/darkamazi.info\/archives\/1019427#breadcrumb"},"inLanguage":"en-US","potentialAction":[{"@type":"ReadAction","target":["https:\/\/darkamazi.info\/archives\/1019427"]}]},{"@type":"ImageObject","inLanguage":"en-US","@id":"https:\/\/darkamazi.info\/archives\/1019427#primaryimage","url":"https:\/\/darkamazi.info\/file\/2021\/02\/Balefiren-cenge-PKKe-li-ciyaye-Gare-hedef-kir-2.jpg","contentUrl":"https:\/\/darkamazi.info\/file\/2021\/02\/Balefiren-cenge-PKKe-li-ciyaye-Gare-hedef-kir-2.jpg","width":900,"height":497,"caption":"Balefir\u00ean ceng\u00ea PKKe li \u00e7iyay\u00ea Gare hedef kir"},{"@type":"BreadcrumbList","@id":"https:\/\/darkamazi.info\/archives\/1019427#breadcrumb","itemListElement":[{"@type":"ListItem","position":1,"name":"Home","item":"https:\/\/darkamazi.info\/"},{"@type":"ListItem","position":2,"name":"Balefir\u00ean ceng\u00ea PKKe li \u00e7iyay\u00ea Gare hedef kir"}]},{"@type":"WebSite","@id":"https:\/\/darkamazi.info\/#website","url":"https:\/\/darkamazi.info\/","name":"Darka Maz\u00ee","description":"P\u00eageha Zanyariy\u00ean Nebih\u00eest\u00ee","publisher":{"@id":"https:\/\/darkamazi.info\/#organization"},"potentialAction":[{"@type":"SearchAction","target":{"@type":"EntryPoint","urlTemplate":"https:\/\/darkamazi.info\/?s={search_term_string}"},"query-input":{"@type":"PropertyValueSpecification","valueRequired":true,"valueName":"search_term_string"}}],"inLanguage":"en-US"},{"@type":"Organization","@id":"https:\/\/darkamazi.info\/#organization","name":"Darka Maz\u00ee","url":"https:\/\/darkamazi.info\/","logo":{"@type":"ImageObject","inLanguage":"en-US","@id":"https:\/\/darkamazi.info\/#\/schema\/logo\/image\/","url":"https:\/\/darkamazi.info\/file\/2017\/12\/darka-mazi-logo.png","contentUrl":"https:\/\/darkamazi.info\/file\/2017\/12\/darka-mazi-logo.png","width":151,"height":75,"caption":"Darka Maz\u00ee"},"image":{"@id":"https:\/\/darkamazi.info\/#\/schema\/logo\/image\/"},"sameAs":["https:\/\/www.facebook.com\/DarMaziKurmanci","https:\/\/x.com\/DarkaMaziLatini","https:\/\/www.instagram.com\/darkamazi.kurmanci\/","https:\/\/www.youtube.com\/channel\/UCa5HkTdmI8U1qCUFuTw8B2g"]},{"@type":"Person","@id":"https:\/\/darkamazi.info\/#\/schema\/person\/5ad3e24553a0567993fa8ed4bd0a776c","name":"darka mazi","sameAs":["https:\/\/darkamazi.info\/"],"url":"https:\/\/darkamazi.info\/archives\/author\/kurdi"}]}},"_links":{"self":[{"href":"https:\/\/darkamazi.info\/funavuv\/wp\/v2\/posts\/1019427","targetHints":{"allow":["GET"]}}],"collection":[{"href":"https:\/\/darkamazi.info\/funavuv\/wp\/v2\/posts"}],"about":[{"href":"https:\/\/darkamazi.info\/funavuv\/wp\/v2\/types\/post"}],"author":[{"embeddable":true,"href":"https:\/\/darkamazi.info\/funavuv\/wp\/v2\/users\/2"}],"replies":[{"embeddable":true,"href":"https:\/\/darkamazi.info\/funavuv\/wp\/v2\/comments?post=1019427"}],"version-history":[{"count":0,"href":"https:\/\/darkamazi.info\/funavuv\/wp\/v2\/posts\/1019427\/revisions"}],"wp:featuredmedia":[{"embeddable":true,"href":"https:\/\/darkamazi.info\/funavuv\/wp\/v2\/media\/1019429"}],"wp:attachment":[{"href":"https:\/\/darkamazi.info\/funavuv\/wp\/v2\/media?parent=1019427"}],"wp:term":[{"taxonomy":"category","embeddable":true,"href":"https:\/\/darkamazi.info\/funavuv\/wp\/v2\/categories?post=1019427"},{"taxonomy":"post_tag","embeddable":true,"href":"https:\/\/darkamazi.info\/funavuv\/wp\/v2\/tags?post=1019427"}],"curies":[{"name":"wp","href":"https:\/\/api.w.org\/{rel}","templated":true}]}}