{"id":1019436,"date":"2021-02-13T15:17:32","date_gmt":"2021-02-13T12:17:32","guid":{"rendered":"https:\/\/darkamazi.info\/?p=1019436"},"modified":"2021-02-13T15:17:32","modified_gmt":"2021-02-13T12:17:32","slug":"gelo-qey-nirxa-gundeke-basur-bi-tene-eskerek-tirk-e","status":"publish","type":"post","link":"https:\/\/darkamazi.info\/archives\/1019436","title":{"rendered":"Gelo qey nirxa gundek\u00ea ba\u015f\u00fbr bi ten\u00ea eskerek Tirk e?!"},"content":{"rendered":"<h3 style=\"text-align: justify\"><span style=\"font-family: 'arial black', sans-serif\">Dewleta Tirkiy\u00ea ji xiz\u00eerana sala rab\u00fbr\u00ee \u00ear\u00ee\u015fa li ser Ba\u015f\u00fbr\u00ea Kurdistan\u00ea bi hinceta heb\u00fbna \u00e7ekdar\u00ean PKK\u00ea destp\u00eakir, wan nav\u00ea penc\u00ean heywanan li v\u00ea operasyon\u00ea kir, armanca v\u00ea \u00ear\u00ee\u015f\u00ea \u00e7i ji navbirina PKK\u00ea be weke tirk dib\u00eajin, yan j\u00ee dag\u00eerkirina ba\u015f\u00fbr be weke PKKe dib\u00eaje ne gir\u00eenge, ji ber ku ev y\u00eak tu ti\u015ftek\u00ea ji heq\u00eeqet\u00ea na guher\u00eene, heq\u00eeqeta ku PKKe ji bo w\u00ea tev digere ku ew j\u00ee demokrat\u00eek kirina Tirkiy\u00ea \u00fb birat\u00eeya gelane li ser binyata jinavbirina xewna kurdan \u00fb bi kolekirin \u00fb as\u00eem\u00eelekirina wan di nava dewlet\u00ean dagirker de, bi gotineke din, PKK\u00ea qada xebata xwe ya sexte pi\u015ft\u00ee \u00e7\u00fblkirina bi sedan gund\u00ean ser s\u00eenor y\u00ean Bakur\u00ea Kurdistan\u00ea \u00fb as\u00eem\u00eele kirina kurd\u00ean wan nav\u00e7eyan di nava tirkan de veguhastiye Ba\u015f\u00fbr\u00ea Kurdistan\u00ea \u00fb xeter\u00ee xist\u00eeye ser take per\u00e7eya azad a Kurdistan\u00ea.<\/span><\/h3>\n<h3 style=\"text-align: center\">\n<span style=\"color: #8c0606;font-family: 'arial black', sans-serif\">Di bazdaneke berdewam deye<\/span><\/h3>\n<h3 style=\"text-align: justify\">\nEm\u00ea di v\u00ea niv\u00ees\u00ea de bas li \u00e7end xal\u00ean gir\u00eeng bik\u00een, ew j\u00ee evin:<\/h3>\n<h3 style=\"text-align: justify\">\n\u2022 Di 8 meh\u00ean rab\u00fbr\u00ee de PKK\u00ea tu zirar li Tirkiy\u00ea xistiye \u00fb tu zirar li ba\u015f\u00fbr xistiye?<br \/>\n\u2022 Di van aloz\u00eeyan de destkeft\u00ean PKK\u00ea \u00fb Tirkiy\u00ea \u00e7i b\u00fbne?<br \/>\n\u2022 Gole destkeft\u00ean gel\u00ea ba\u015f\u00fbr di v\u00ee \u015fer\u00ea PKK\u00ea \u00fb Tirkiy\u00ea de \u00e7i b\u00fbye?<\/h3>\n<h3 style=\"text-align: justify\">\nPi\u015ftre h\u00fbn biryar\u00ea bidin gelo ev ti\u015fta ku PKKe dike, berxwedan \u00fb p\u00ea\u015f\u00ee girtine li dagirker\u00ee \u00fb fa\u015f\u00eezm\u00ea, yan r\u00eaxwe\u015f kirine ji bo dagirker\u00ee \u00fb fa\u015f\u00eezm\u00ea?<\/h3>\n<h3 style=\"text-align: justify\">Li roja 15 meha 6 ya sala 2020an, Tirkiy\u00ea \u00ear\u00ee\u015fa mezina ser Ba\u015f\u00fbr\u00ea Kurdistan\u00ea destp\u00eakir, q\u00fbnaxa duyem\u00een ya \u00ear\u00ee\u015f\u00ea li roja 10\u00ee Sibata \u00eesal destp\u00eakir, di van 8 mehan de, Tirkiy\u00ea p\u00eatr\u00ee 28 nuqtey\u00ean xwe li ba\u015f\u00fbr z\u00eade kirin, 18 KM k\u00fbrah\u00ee kete di nava xaka ba\u015f\u00fbr de.<br \/>\nDa em p\u00eatir v\u00ea gotn\u00ea zelal bikin:<\/h3>\n<h3 style=\"text-align: center\">\n<span style=\"color: #8c0606;font-family: 'arial black', sans-serif\">18 KM k\u00fbrah\u00ee t\u00ea \u00e7i watayek\u00ea?!<\/span><\/h3>\n<h3 style=\"text-align: justify\">Digel destp\u00eakirina \u00ear\u00ee\u015fa bejay\u00ee ya bi nav\u00ea \u201cPenca Piling\u201d li Heften\u00een\u00ea \u00fb dorbera Zaxo bo al\u00ea s\u00eenor, PKKe di reveke berdewam de b\u00fb, nav\u00e7ey\u00ean wan t\u00eade c\u00ee digirt, y\u00eak li pey y\u00eak ji Tirkiy\u00ea re hi\u015ftin, her ciyek\u00ea Tirkiy\u00ea j\u00ee dag\u00eer kiriba nuqte \u00fb Qereqol\u00ean xwe l\u00ea ava dikirin, li dawiy\u00ea \u00eancam bi v\u00ee away\u00ee derket:<\/h3>\n<h3 style=\"text-align: justify\">\u2022 53 gund\u00ean Zaxo ji \u015f\u00eaniy\u00ean hatin vala kirin \u00fb b\u00fbn nav\u00e7ey\u00ean Esker\u00ee.<br \/>\n\u2022 Li nahiya Derkar\u00ea 14 gund \u00fb dever hatine \u00e7\u00fbl kirin.<br \/>\n\u2022 Li nahiya Bat\u00fbf\u00ea 39 gund \u00fb dever hatine \u00e7\u00fbl kirin.<\/h3>\n<h3 style=\"text-align: justify\">PKK\u00ea digo me li Heften\u00een\u00ea dinya li p\u00ea\u015f \u00e7av\u00ean h\u00eaz\u00ean dagirker tar\u00ee kir\u00eeye, l\u00ea ya rast operasyon\u00ea bi kiryar heya meha Tebax\u00ea dewam kir \u00fb pi\u015ftre sekin\u00ee, ev y\u00eak j\u00ee bi w\u00ea watey\u00ea t\u00ea ku PKK\u00ea di van 50 roj\u00ean \u015fer de, 53 gund bo Tirkiy\u00ea hi\u015ftin \u00fb kirin nav\u00e7ey\u00ean esker\u00ee.<\/h3>\n<h3 style=\"text-align: center\">\n<span style=\"color: #8c0606;font-family: 'arial black', sans-serif\">Nirxa gundek\u00ea ba\u015f\u00fbr \u00e7i qase?<\/span><\/h3>\n<h3 style=\"text-align: justify\">\nPKKe \u015ferek\u00ee wiha li ba\u015f\u00fbr dike ku li gor zansit\u00ean le\u015fkir\u00ee hevsengiya h\u00eaz\u00ea t\u00eade tuneye, h\u00eaza ku Tirkiy\u00ea hey bi hem\u00fb \u00e7ek \u00fb teknoloj\u00eeya xwe a \u015fer li gel \u00e7ek\u00ean di dest\u00ea ger\u00eelayan de nay\u00ea himber kirin, di \u015fer de her y\u00eak ji h\u00eala xwe ve amar\u00ean zirar\u00ean can\u00ee y\u00ean hev parve dike, Tirkiy\u00ea digo me sedan \u00e7ekdar\u00ean PKK\u00ea qetil kirine \u00fb PKK\u00ea j\u00ee digo me bi sedan &#8216;esker qetil kirin, l\u00ea bel\u00ea herdu al\u00ee rast nab\u00eajin.<\/h3>\n<h3 style=\"text-align: justify\">\nHeger k\u00eafa kurdek\u00ee bi ku\u015ftina ciwanek\u00ea kurd were, p\u00eaw\u00eeste ew guman\u00ea ji kurdb\u00fbna xwe bike, n\u00eeqa\u015f li ser v\u00ea yek\u00ea nay\u00ea kirin, l\u00ea bel\u00ea em\u00ea bi data \u00fb zanyar\u00ee v\u00ea yek\u00ea ji we re bib\u00eaj\u00een.<\/h3>\n<h3 style=\"text-align: justify\">\n\u00c7avkaniy\u00ean taybet y\u00ean p\u00eageha Darka Maz\u00ee li Ba\u015f\u00fbr\u00ea Kurdistan\u00ea e\u015fkere kirin, ji roja destp\u00eakirina \u00ear\u00ee\u015fa Penca Baz wate ji roja 15\/6\/2020 \u00fb heya roja 7\/10\/2020an:<\/h3>\n<h3 style=\"text-align: justify\">\u2022 54 esker\u00ean Tirk hatine ku\u015ftin.<br \/>\n\u2022 32 esker br\u00eendar b\u00fbne.<\/h3>\n<h3 style=\"text-align: justify\">\n<span style=\"color: #8c0606;font-family: 'arial black', sans-serif\">Li himber v\u00ea<\/span><\/h3>\n<h3 style=\"text-align: justify\">\n\u2022 113 ger\u00eela can ji destda.<br \/>\n\u2022 30 ger\u00eela bir\u00eendar b\u00fbne.<br \/>\n\u2022 23 ger\u00eela d\u00eel ketin dest Tirkiy\u00ea.<\/h3>\n<h3 style=\"text-align: justify\">\nTu ji k\u00eejan quncik\u00ee li v\u00ea amar\u00ea bin\u00ear\u00ee, zirara mezin bi Ba\u015f\u00fbr\u00ea Kurdistan\u00ea ket\u00eeye, ji berku ba\u015f\u00fbr 53 gund ji dest dan, gelo em dipirsin ma qey nirxa gundek\u00ee ba\u015f\u00fbr \u00e7i qase? Ma qey loj\u00eeke tu gundek\u00ee feday\u00ee eskerek\u00ee bik\u00ee? Ma ev y\u00eak p\u00ea\u015f\u00ee girtine li dagirkeriy\u00ea yan r\u00ea xwe\u015f kirine bo dag\u00eer keriy\u00ea, bersiv bila ji boy hewey\u00ean bir\u00eaz be.<\/h3>\n<h3 style=\"text-align: center\">\n<span style=\"color: #8c0606;font-family: 'arial black', sans-serif\">Ji Heften\u00een\u00ea bo Bag\u00eara \u00fb \u00c7emank\u00ea<\/span><\/h3>\n<h3 style=\"text-align: justify\">\nJi dema q\u00fbnaxa yekem\u00een ya operasyona Pence Baz \u00fb heya q\u00fbnaxa duyem\u00een ku 8 meh di n\u00eavbera wan de ne, \u015fer ji xeta s\u00eenor wate ji Heften\u00een\u00ea ber bi k\u00fbrahiya ba\u015f\u00fbr ve hat, em bas\u00ee bazdana PKK\u00ea ya ber bi k\u00fbrahiya ba\u015f\u00fbr \u00fb \u015fikestin\u00ean esker\u00ee y\u00ean v\u00ea r\u00eaxistn\u00ea nakin, l\u00ea em\u00ea bi ten\u00ea m\u00eenakek\u00ee dan\u00een ber\u00e7av, gelo ger h\u00fbn nex\u015f\u00ea ba\u015f\u00fbr\u00ea kurdistan\u00ea danin ber\u00e7av\u00ean xwe \u00fb xetek\u00ea ji Heften\u00een\u00ea ber bi Bag\u00eara \u00fb li wir ber bi \u00c7emank\u00ea \u00fb \u00c7iyay\u00ea Gare bik\u00ea\u015fin, w\u00ea \u00e7ax\u00ea w\u00ea \u00e7i xweya bibe? Em\u00ea ji were bib\u00eaj\u00een, w\u00ea bi zelal\u00ee xweya bibe pi\u015ft\u00ee \u015fikestina PKK\u00ea li Bakur\u00ea Kurdistan\u00ea di q\u00fbnaxa yekem de PKKe \u00fb Tirkiye dixwazin nav\u00e7eya Behd\u00eenan j\u00ee bi derd\u00ea gund\u00ean Bakur bibin pi\u015ftre ber bi Qend\u00eel\u00ea \u00fb her yek ji hewl\u00ear \u00fb Sil\u00eamaniy\u00ea bi\u00e7in \u00fb statoya ba\u015f\u00fbr ji nav bibin, em rojane bi \u00e7av\u00ea ser\u00ea xwe dib\u00eenin bi t awa balefir\u00ean Tirkiy\u00ea, \u00c7emank\u00ea \u00fb dorbera komelgeha Bag\u00eara bordoman dikin, me bi \u00e7av\u00ea xwe j\u00ee d\u00eet li roja \u00e7ar\u015fem\u00ee ya rab\u00fbr\u00ee Tirkiy\u00ea &#8216;esker\u00ean xwe xistine nava gund\u00ean devera Ber\u00ea Gare, PKK\u00ea j\u00ee ji bil\u00ee hinek daxuyaniya \u00fb slogan \u00fb piropagindey\u00ean medyay\u00ee ti karek nekir, ku\u015ftna hin le\u015fker\u00ean Tirkiy\u00ea j\u00ee bi ten\u00ea ji bo \u015f\u00fbl\u00eekirina v\u00ea plan\u00ea ye ku dixwazn ba\u015f\u00fbr bikin meydana \u015fer \u00fb statoya w\u00ea ya navnetew\u00ee ji hol\u00ea rakin.<\/h3>\n<h3 style=\"text-align: justify\">\nBi kurtas\u00ee em\u00ea bi \u00e7av\u00ea ser\u00ea xwe b\u00een\u00een, li \u015f\u00fbna wan 30 &#8216;esker\u00ean ku PKKe dib\u00eaje me li Gare ku\u015ftine, w\u00ea \u00e7end gund\u00ean dever\u00ea bxe j\u00ear desthilatdariya Tirkiy\u00ea de, bi gotneke din, di q\u00fbnaxa yek\u00ea ya Pence Baz de nirxa gundek\u00ee ba\u015f\u00fbr eskerek Tirk b\u00fb, di v\u00ea q\u00fbnax\u00ea de PKKe w\u00ea nirx\u00ea erzan bike \u00fb w\u00ea her d\u00fb gundan bi eskerek\u00ea tirk bifro\u015fe.<\/h3>\n<h3 style=\"text-align: justify\">Li dawy\u00ea em ji gel\u00ea ba\u015f\u00fbr re dib\u00eajin, heger rew\u015f wisa bidome PKKe w\u00ea ne bi ten\u00ea tevahiya gund\u00ean ba\u015f\u00fbr belku hem\u00fb ba\u015f\u00fbr\u00ea kurdistan\u00ea feday\u00ee \u00e7end sed esker\u00ean tirk bike, p\u00eaw\u00eeste gel \u015fiyar be \u00fb bizanibe PKKe ji bo berjewend\u00eeya Tirkiy\u00ea li ba\u015f\u00fbr c\u00ee girtiye, mezin b\u00fbna her\u00eam\u00ean Tirkiy\u00ea \u00fb bi\u00e7\u00fbk b\u00fbna her\u00eam\u00ean PKK\u00ea li ba\u015f\u00fbr, m\u00eenakeke z\u00eend\u00ee \u00fb ber\u00e7av e ji boy v\u00ea axaftina me, heger em bi loj\u00eek bifikr\u00een \u00fb van ti\u015fta dan\u00een ber hev, w\u00ea ji bo me pir zelal be gelo ev y\u00eak berxwedan \u00fb parastina ba\u015f\u00fbr e, yan j\u00ee firotina Ba\u015f\u00fbre bi dag\u00eerkaran.<\/h3>\n","protected":false},"excerpt":{"rendered":"<p>Dewleta Tirkiy\u00ea ji xiz\u00eerana sala rab\u00fbr\u00ee \u00ear\u00ee\u015fa li ser Ba\u015f\u00fbr\u00ea Kurdistan\u00ea bi hinceta heb\u00fbna \u00e7ekdar\u00ean PKK\u00ea destp\u00eakir, wan nav\u00ea penc\u00ean heywanan li v\u00ea operasyon\u00ea kir, armanca v\u00ea \u00ear\u00ee\u015f\u00ea \u00e7i ji navbirina PKK\u00ea be weke tirk dib\u00eajin, yan j\u00ee dag\u00eerkirina ba\u015f\u00fbr be weke PKKe dib\u00eaje ne gir\u00eenge, ji ber ku ev y\u00eak tu ti\u015ftek\u00ea ji heq\u00eeqet\u00ea [&hellip;]<\/p>\n","protected":false},"author":2,"featured_media":1019437,"comment_status":"closed","ping_status":"closed","sticky":false,"template":"","format":"standard","meta":{"footnotes":""},"categories":[40],"tags":[37],"class_list":["post-1019436","post","type-post","status-publish","format-standard","has-post-thumbnail","hentry","category-niheni","tag-sereke"],"blocksy_meta":[],"seo_head":"<!-- This site is optimized with the Yoast SEO plugin v27.5 - https:\/\/yoast.com\/product\/yoast-seo-wordpress\/ -->\n<title>Gelo qey nirxa gundek\u00ea ba\u015f\u00fbr bi ten\u00ea eskerek Tirk e?! - Darka Maz\u00ee<\/title>\n<meta name=\"robots\" content=\"index, follow, max-snippet:-1, max-image-preview:large, max-video-preview:-1\" \/>\n<link rel=\"canonical\" href=\"https:\/\/darkamazi.info\/archives\/1019436\" \/>\n<meta property=\"og:locale\" content=\"en_US\" \/>\n<meta property=\"og:type\" content=\"article\" \/>\n<meta property=\"og:title\" content=\"Gelo qey nirxa gundek\u00ea ba\u015f\u00fbr bi ten\u00ea eskerek Tirk e?! - Darka Maz\u00ee\" \/>\n<meta property=\"og:description\" content=\"Dewleta Tirkiy\u00ea ji xiz\u00eerana sala rab\u00fbr\u00ee \u00ear\u00ee\u015fa li ser Ba\u015f\u00fbr\u00ea Kurdistan\u00ea bi hinceta heb\u00fbna \u00e7ekdar\u00ean PKK\u00ea destp\u00eakir, wan nav\u00ea penc\u00ean heywanan li v\u00ea operasyon\u00ea kir, armanca v\u00ea \u00ear\u00ee\u015f\u00ea \u00e7i ji navbirina PKK\u00ea be weke tirk dib\u00eajin, yan j\u00ee dag\u00eerkirina ba\u015f\u00fbr be weke PKKe dib\u00eaje ne gir\u00eenge, ji ber ku ev y\u00eak tu ti\u015ftek\u00ea ji heq\u00eeqet\u00ea [&hellip;]\" \/>\n<meta property=\"og:url\" content=\"https:\/\/darkamazi.info\/archives\/1019436\" \/>\n<meta property=\"og:site_name\" content=\"Darka Maz\u00ee\" \/>\n<meta property=\"article:publisher\" content=\"https:\/\/www.facebook.com\/DarMaziKurmanci\" \/>\n<meta property=\"article:published_time\" content=\"2021-02-13T12:17:32+00:00\" \/>\n<meta property=\"og:image\" content=\"https:\/\/darkamazi.info\/file\/2021\/02\/1-1-1-1.jpg\" \/>\n\t<meta property=\"og:image:width\" content=\"900\" \/>\n\t<meta property=\"og:image:height\" content=\"497\" \/>\n\t<meta property=\"og:image:type\" content=\"image\/jpeg\" \/>\n<meta name=\"author\" content=\"darka mazi\" \/>\n<meta name=\"twitter:card\" content=\"summary_large_image\" \/>\n<meta name=\"twitter:creator\" content=\"@DarkaMaziLatini\" \/>\n<meta name=\"twitter:site\" content=\"@DarkaMaziLatini\" \/>\n<meta name=\"twitter:label1\" content=\"Written by\" \/>\n\t<meta name=\"twitter:data1\" content=\"darka mazi\" \/>\n\t<meta name=\"twitter:label2\" content=\"Est. reading time\" \/>\n\t<meta name=\"twitter:data2\" content=\"5 minutes\" \/>\n<script type=\"application\/ld+json\" class=\"seo-schema-graph\">{\"@context\":\"https:\\\/\\\/schema.org\",\"@graph\":[{\"@type\":\"Article\",\"@id\":\"https:\\\/\\\/darkamazi.info\\\/archives\\\/1019436#article\",\"isPartOf\":{\"@id\":\"https:\\\/\\\/darkamazi.info\\\/archives\\\/1019436\"},\"author\":{\"name\":\"darka mazi\",\"@id\":\"https:\\\/\\\/darkamazi.info\\\/#\\\/schema\\\/person\\\/5ad3e24553a0567993fa8ed4bd0a776c\"},\"headline\":\"Gelo qey nirxa gundek\u00ea ba\u015f\u00fbr bi ten\u00ea eskerek Tirk e?!\",\"datePublished\":\"2021-02-13T12:17:32+00:00\",\"mainEntityOfPage\":{\"@id\":\"https:\\\/\\\/darkamazi.info\\\/archives\\\/1019436\"},\"wordCount\":1219,\"publisher\":{\"@id\":\"https:\\\/\\\/darkamazi.info\\\/#organization\"},\"image\":{\"@id\":\"https:\\\/\\\/darkamazi.info\\\/archives\\\/1019436#primaryimage\"},\"thumbnailUrl\":\"https:\\\/\\\/darkamazi.info\\\/darka-content\\\/uploads\\\/2021\\\/02\\\/1-1-1-1.jpg\",\"keywords\":[\"sereke\"],\"articleSection\":[\"Nih\u00ean\u00ee\"],\"inLanguage\":\"en-US\"},{\"@type\":\"WebPage\",\"@id\":\"https:\\\/\\\/darkamazi.info\\\/archives\\\/1019436\",\"url\":\"https:\\\/\\\/darkamazi.info\\\/archives\\\/1019436\",\"name\":\"Gelo qey nirxa gundek\u00ea ba\u015f\u00fbr bi ten\u00ea eskerek Tirk e?! - Darka Maz\u00ee\",\"isPartOf\":{\"@id\":\"https:\\\/\\\/darkamazi.info\\\/#website\"},\"primaryImageOfPage\":{\"@id\":\"https:\\\/\\\/darkamazi.info\\\/archives\\\/1019436#primaryimage\"},\"image\":{\"@id\":\"https:\\\/\\\/darkamazi.info\\\/archives\\\/1019436#primaryimage\"},\"thumbnailUrl\":\"https:\\\/\\\/darkamazi.info\\\/darka-content\\\/uploads\\\/2021\\\/02\\\/1-1-1-1.jpg\",\"datePublished\":\"2021-02-13T12:17:32+00:00\",\"breadcrumb\":{\"@id\":\"https:\\\/\\\/darkamazi.info\\\/archives\\\/1019436#breadcrumb\"},\"inLanguage\":\"en-US\",\"potentialAction\":[{\"@type\":\"ReadAction\",\"target\":[\"https:\\\/\\\/darkamazi.info\\\/archives\\\/1019436\"]}]},{\"@type\":\"ImageObject\",\"inLanguage\":\"en-US\",\"@id\":\"https:\\\/\\\/darkamazi.info\\\/archives\\\/1019436#primaryimage\",\"url\":\"https:\\\/\\\/darkamazi.info\\\/darka-content\\\/uploads\\\/2021\\\/02\\\/1-1-1-1.jpg\",\"contentUrl\":\"https:\\\/\\\/darkamazi.info\\\/darka-content\\\/uploads\\\/2021\\\/02\\\/1-1-1-1.jpg\",\"width\":900,\"height\":497,\"caption\":\"Gelo qey nirxa gundek\u00ea ba\u015f\u00fbr bi ten\u00ea eskerek Tirk e?!\"},{\"@type\":\"BreadcrumbList\",\"@id\":\"https:\\\/\\\/darkamazi.info\\\/archives\\\/1019436#breadcrumb\",\"itemListElement\":[{\"@type\":\"ListItem\",\"position\":1,\"name\":\"Home\",\"item\":\"https:\\\/\\\/darkamazi.info\\\/\"},{\"@type\":\"ListItem\",\"position\":2,\"name\":\"Gelo qey nirxa gundek\u00ea ba\u015f\u00fbr bi ten\u00ea eskerek Tirk e?!\"}]},{\"@type\":\"WebSite\",\"@id\":\"https:\\\/\\\/darkamazi.info\\\/#website\",\"url\":\"https:\\\/\\\/darkamazi.info\\\/\",\"name\":\"Darka Maz\u00ee\",\"description\":\"P\u00eageha Zanyariy\u00ean Nebih\u00eest\u00ee\",\"publisher\":{\"@id\":\"https:\\\/\\\/darkamazi.info\\\/#organization\"},\"potentialAction\":[{\"@type\":\"SearchAction\",\"target\":{\"@type\":\"EntryPoint\",\"urlTemplate\":\"https:\\\/\\\/darkamazi.info\\\/?s={search_term_string}\"},\"query-input\":{\"@type\":\"PropertyValueSpecification\",\"valueRequired\":true,\"valueName\":\"search_term_string\"}}],\"inLanguage\":\"en-US\"},{\"@type\":\"Organization\",\"@id\":\"https:\\\/\\\/darkamazi.info\\\/#organization\",\"name\":\"Darka Maz\u00ee\",\"url\":\"https:\\\/\\\/darkamazi.info\\\/\",\"logo\":{\"@type\":\"ImageObject\",\"inLanguage\":\"en-US\",\"@id\":\"https:\\\/\\\/darkamazi.info\\\/#\\\/schema\\\/logo\\\/image\\\/\",\"url\":\"https:\\\/\\\/darkamazi.info\\\/darka-content\\\/uploads\\\/2017\\\/12\\\/darka-mazi-logo.png\",\"contentUrl\":\"https:\\\/\\\/darkamazi.info\\\/darka-content\\\/uploads\\\/2017\\\/12\\\/darka-mazi-logo.png\",\"width\":151,\"height\":75,\"caption\":\"Darka Maz\u00ee\"},\"image\":{\"@id\":\"https:\\\/\\\/darkamazi.info\\\/#\\\/schema\\\/logo\\\/image\\\/\"},\"sameAs\":[\"https:\\\/\\\/www.facebook.com\\\/DarMaziKurmanci\",\"https:\\\/\\\/x.com\\\/DarkaMaziLatini\",\"https:\\\/\\\/www.instagram.com\\\/darkamazi.kurmanci\\\/\",\"https:\\\/\\\/www.youtube.com\\\/channel\\\/UCa5HkTdmI8U1qCUFuTw8B2g\"]},{\"@type\":\"Person\",\"@id\":\"https:\\\/\\\/darkamazi.info\\\/#\\\/schema\\\/person\\\/5ad3e24553a0567993fa8ed4bd0a776c\",\"name\":\"darka mazi\",\"sameAs\":[\"https:\\\/\\\/darkamazi.info\\\/\"],\"url\":\"https:\\\/\\\/darkamazi.info\\\/archives\\\/author\\\/kurdi\"}]}<\/script>\n<!-- \/ Yoast SEO plugin. -->","seo_head_json":{"title":"Gelo qey nirxa gundek\u00ea ba\u015f\u00fbr bi ten\u00ea eskerek Tirk e?! - Darka Maz\u00ee","robots":{"index":"index","follow":"follow","max-snippet":"max-snippet:-1","max-image-preview":"max-image-preview:large","max-video-preview":"max-video-preview:-1"},"canonical":"https:\/\/darkamazi.info\/archives\/1019436","og_locale":"en_US","og_type":"article","og_title":"Gelo qey nirxa gundek\u00ea ba\u015f\u00fbr bi ten\u00ea eskerek Tirk e?! - Darka Maz\u00ee","og_description":"Dewleta Tirkiy\u00ea ji xiz\u00eerana sala rab\u00fbr\u00ee \u00ear\u00ee\u015fa li ser Ba\u015f\u00fbr\u00ea Kurdistan\u00ea bi hinceta heb\u00fbna \u00e7ekdar\u00ean PKK\u00ea destp\u00eakir, wan nav\u00ea penc\u00ean heywanan li v\u00ea operasyon\u00ea kir, armanca v\u00ea \u00ear\u00ee\u015f\u00ea \u00e7i ji navbirina PKK\u00ea be weke tirk dib\u00eajin, yan j\u00ee dag\u00eerkirina ba\u015f\u00fbr be weke PKKe dib\u00eaje ne gir\u00eenge, ji ber ku ev y\u00eak tu ti\u015ftek\u00ea ji heq\u00eeqet\u00ea [&hellip;]","og_url":"https:\/\/darkamazi.info\/archives\/1019436","og_site_name":"Darka Maz\u00ee","article_publisher":"https:\/\/www.facebook.com\/DarMaziKurmanci","article_published_time":"2021-02-13T12:17:32+00:00","og_image":[{"width":900,"height":497,"url":"https:\/\/darkamazi.info\/file\/2021\/02\/1-1-1-1.jpg","type":"image\/jpeg"}],"author":"darka mazi","twitter_card":"summary_large_image","twitter_creator":"@DarkaMaziLatini","twitter_site":"@DarkaMaziLatini","twitter_misc":{"Written by":"darka mazi","Est. reading time":"5 minutes"},"schema":{"@context":"https:\/\/schema.org","@graph":[{"@type":"Article","@id":"https:\/\/darkamazi.info\/archives\/1019436#article","isPartOf":{"@id":"https:\/\/darkamazi.info\/archives\/1019436"},"author":{"name":"darka mazi","@id":"https:\/\/darkamazi.info\/#\/schema\/person\/5ad3e24553a0567993fa8ed4bd0a776c"},"headline":"Gelo qey nirxa gundek\u00ea ba\u015f\u00fbr bi ten\u00ea eskerek Tirk e?!","datePublished":"2021-02-13T12:17:32+00:00","mainEntityOfPage":{"@id":"https:\/\/darkamazi.info\/archives\/1019436"},"wordCount":1219,"publisher":{"@id":"https:\/\/darkamazi.info\/#organization"},"image":{"@id":"https:\/\/darkamazi.info\/archives\/1019436#primaryimage"},"thumbnailUrl":"https:\/\/darkamazi.info\/file\/2021\/02\/1-1-1-1.jpg","keywords":["sereke"],"articleSection":["Nih\u00ean\u00ee"],"inLanguage":"en-US"},{"@type":"WebPage","@id":"https:\/\/darkamazi.info\/archives\/1019436","url":"https:\/\/darkamazi.info\/archives\/1019436","name":"Gelo qey nirxa gundek\u00ea ba\u015f\u00fbr bi ten\u00ea eskerek Tirk e?! - Darka Maz\u00ee","isPartOf":{"@id":"https:\/\/darkamazi.info\/#website"},"primaryImageOfPage":{"@id":"https:\/\/darkamazi.info\/archives\/1019436#primaryimage"},"image":{"@id":"https:\/\/darkamazi.info\/archives\/1019436#primaryimage"},"thumbnailUrl":"https:\/\/darkamazi.info\/file\/2021\/02\/1-1-1-1.jpg","datePublished":"2021-02-13T12:17:32+00:00","breadcrumb":{"@id":"https:\/\/darkamazi.info\/archives\/1019436#breadcrumb"},"inLanguage":"en-US","potentialAction":[{"@type":"ReadAction","target":["https:\/\/darkamazi.info\/archives\/1019436"]}]},{"@type":"ImageObject","inLanguage":"en-US","@id":"https:\/\/darkamazi.info\/archives\/1019436#primaryimage","url":"https:\/\/darkamazi.info\/file\/2021\/02\/1-1-1-1.jpg","contentUrl":"https:\/\/darkamazi.info\/file\/2021\/02\/1-1-1-1.jpg","width":900,"height":497,"caption":"Gelo qey nirxa gundek\u00ea ba\u015f\u00fbr bi ten\u00ea eskerek Tirk e?!"},{"@type":"BreadcrumbList","@id":"https:\/\/darkamazi.info\/archives\/1019436#breadcrumb","itemListElement":[{"@type":"ListItem","position":1,"name":"Home","item":"https:\/\/darkamazi.info\/"},{"@type":"ListItem","position":2,"name":"Gelo qey nirxa gundek\u00ea ba\u015f\u00fbr bi ten\u00ea eskerek Tirk e?!"}]},{"@type":"WebSite","@id":"https:\/\/darkamazi.info\/#website","url":"https:\/\/darkamazi.info\/","name":"Darka Maz\u00ee","description":"P\u00eageha Zanyariy\u00ean Nebih\u00eest\u00ee","publisher":{"@id":"https:\/\/darkamazi.info\/#organization"},"potentialAction":[{"@type":"SearchAction","target":{"@type":"EntryPoint","urlTemplate":"https:\/\/darkamazi.info\/?s={search_term_string}"},"query-input":{"@type":"PropertyValueSpecification","valueRequired":true,"valueName":"search_term_string"}}],"inLanguage":"en-US"},{"@type":"Organization","@id":"https:\/\/darkamazi.info\/#organization","name":"Darka Maz\u00ee","url":"https:\/\/darkamazi.info\/","logo":{"@type":"ImageObject","inLanguage":"en-US","@id":"https:\/\/darkamazi.info\/#\/schema\/logo\/image\/","url":"https:\/\/darkamazi.info\/file\/2017\/12\/darka-mazi-logo.png","contentUrl":"https:\/\/darkamazi.info\/file\/2017\/12\/darka-mazi-logo.png","width":151,"height":75,"caption":"Darka Maz\u00ee"},"image":{"@id":"https:\/\/darkamazi.info\/#\/schema\/logo\/image\/"},"sameAs":["https:\/\/www.facebook.com\/DarMaziKurmanci","https:\/\/x.com\/DarkaMaziLatini","https:\/\/www.instagram.com\/darkamazi.kurmanci\/","https:\/\/www.youtube.com\/channel\/UCa5HkTdmI8U1qCUFuTw8B2g"]},{"@type":"Person","@id":"https:\/\/darkamazi.info\/#\/schema\/person\/5ad3e24553a0567993fa8ed4bd0a776c","name":"darka mazi","sameAs":["https:\/\/darkamazi.info\/"],"url":"https:\/\/darkamazi.info\/archives\/author\/kurdi"}]}},"_links":{"self":[{"href":"https:\/\/darkamazi.info\/funavuv\/wp\/v2\/posts\/1019436","targetHints":{"allow":["GET"]}}],"collection":[{"href":"https:\/\/darkamazi.info\/funavuv\/wp\/v2\/posts"}],"about":[{"href":"https:\/\/darkamazi.info\/funavuv\/wp\/v2\/types\/post"}],"author":[{"embeddable":true,"href":"https:\/\/darkamazi.info\/funavuv\/wp\/v2\/users\/2"}],"replies":[{"embeddable":true,"href":"https:\/\/darkamazi.info\/funavuv\/wp\/v2\/comments?post=1019436"}],"version-history":[{"count":0,"href":"https:\/\/darkamazi.info\/funavuv\/wp\/v2\/posts\/1019436\/revisions"}],"wp:featuredmedia":[{"embeddable":true,"href":"https:\/\/darkamazi.info\/funavuv\/wp\/v2\/media\/1019437"}],"wp:attachment":[{"href":"https:\/\/darkamazi.info\/funavuv\/wp\/v2\/media?parent=1019436"}],"wp:term":[{"taxonomy":"category","embeddable":true,"href":"https:\/\/darkamazi.info\/funavuv\/wp\/v2\/categories?post=1019436"},{"taxonomy":"post_tag","embeddable":true,"href":"https:\/\/darkamazi.info\/funavuv\/wp\/v2\/tags?post=1019436"}],"curies":[{"name":"wp","href":"https:\/\/api.w.org\/{rel}","templated":true}]}}