{"id":1019485,"date":"2021-02-15T18:54:33","date_gmt":"2021-02-15T15:54:33","guid":{"rendered":"https:\/\/darkamazi.info\/?p=1019485"},"modified":"2021-08-04T16:27:46","modified_gmt":"2021-08-04T13:27:46","slug":"15-sibate-komployek-navnetewi-bu-yan-ji-xwasteka-ocelan-u-tirkiye-bu","status":"publish","type":"post","link":"https:\/\/darkamazi.info\/archives\/1019485","title":{"rendered":"15 Sibat\u00ea komployek navnetew\u00ee b\u00fb yan ji xwasteka Ocelan \u00fb Tirkiy\u00ea b\u00fb?!"},"content":{"rendered":"<div class=\"wpb-content-wrapper\"><p>[darkamazi_row][darkamazi_column][darkamazi_video link=&#8221;https:\/\/www.youtube.com\/watch?v=KX0Etm3mzKA&#8221; align=&#8221;center&#8221;][darkamazi_column_text]<\/p>\n<h3 style=\"text-align: justify;\"><span style=\"font-family: 'arial black', sans-serif;\">Di ser hatina Evdila Ocelan ji bo Tirkiy\u00ea di 15 Sibat 1999 de 23 sal ders b\u00fbn. Ber\u00eeya hatina Ocelan ji bo tirkiy\u00ea \u00fb pi\u015ft\u00ee hatina w\u00ee j\u00ee, pirr ti\u015ft hene h\u00eaj ron neb\u00fbne. B\u00fbyer\u00ean ber\u00ee Sibat\u00ea \u00fb pi\u015ft\u00ee 15 \u00ea Sibat\u00ea qewim\u00een, ji h\u00eala Ocelan \u00fb PKK ve wek\u00ee berxwedank\u00ee mezin ku li dij\u00ee zalimkara t\u00ea kirin t\u00ea n\u00ee\u015fandan. Dewleta Tirk j\u00ee v\u00ea yek\u00ea wek\u00ee operasyonke serkeft\u00ee dide destn\u00ee\u015fan kirin. L\u00eabel\u00ea, di navend\u00ea de ne berxwedank\u00ee Ocelan ya leheheng\u00ee heye \u00fb ne j\u00ee h\u00eaza serkeftina mezin a art\u00ea\u015fa Tirk heye. Ev B\u00fbyer bi dan\u00fbstandin\u00ean Ocelan-Tirkiy\u00ea y\u00ean di navbera sal\u00ean 1996-1998 de p\u00eakhat\u00ee gir\u00eaday\u00ee ye.<\/span><\/h3>\n<h1 style=\"text-align: center;\"><span style=\"font-family: 'arial black', sans-serif; color: #8c0808;\">Yek wate ji boy komploya 15\u00ea Sibat\u00ea heye<\/span><\/h1>\n<h1 style=\"text-align: center;\"><span style=\"font-family: 'arial black', sans-serif; color: #8c0808;\">Dewleta Tirkiy\u00ea m\u00eesyonek\u00ee n\u00fb da Ebdulla Ocalan<\/span><\/h1>\n<h3 style=\"text-align: justify;\">Ten\u00ea yek Wateya komploya 15 \u00ea Sibat\u00ea heye, ew j\u00ee ev e: h\u00eaz\u00ean di nav dewleta Tirkiy\u00ea de \u00ean k\u00fbr, m\u00eesyonek\u00ee n\u00fb dane Evdila Ocelan. Di navbera Evdila Ocelan \u00fb dewleta Tirk de peymanek n\u00fb hatib\u00fb \u00e7\u00eakirin.<\/h3>\n<h3 style=\"text-align: justify;\">Beriya c\u00fbntaya 12 \u00ea eyl\u00fcle 1980 an, Evdila Ocelan di sala 1979 an de ji s\u00eenor\u00ea Pirs\u00fbs \u00fb Koban\u00ee derbas\u00ee S\u00fbriy\u00ea b\u00fb. Her \u00e7end Evdila Ocelan derbasb\u00fbna xwe ya S\u00fbriy\u00ea wek\u00ee &#8220;encama p\u00ea\u015fb\u00een\u00ee \u00fb z\u00eerekiya xwe ya mezin&#8221; binirx\u00eene j\u00ee, l\u00ea komek mezin a mirov\u00ean pispor heye ku ew difikirin Ocelan bi dest\u00ea dewleta k\u00fbr a Tirkan li S\u00fbriy\u00ea hat\u00eeye bic\u00eeh kirin.<\/h3>\n<h3 style=\"text-align: justify;\">Komara Tirkiyey\u00ea kevne\u015fopiyek dewlet\u00ee \u00fb hi\u015fmendiyek dewletpar\u00eaz\u00ee, ji qed\u00eem da heye. Dewlet dib\u00eene ku pirsgir\u00eaka Kurd ji bo w\u00ee pirsgir\u00eakek pirr cidd\u00ee \u00fb xetere.\u00a0 Tirkiy\u00ea ji 1960 an \u00fb virde dosyayek taybet\u00ee a Kurd heye. Dema ku mirov agah\u00ee \u00fb b\u00fbyeran t\u00eene bahev bi zelal\u00ee t\u00ea d\u00eetin ku aqil\u00ea dewleta k\u00fbr ya tirk Evdila Ocelan \u015fandiye S\u00fbriy\u00ea.<\/h3>\n<h3 style=\"text-align: justify;\">Evdila Ocelan ji sala1979 heya 1998 an 19 salan ji xeta S\u00fbriye-\u015eam \u00ea PKK bir\u00eave bir\u00eeye. Ocelan heb\u00fbna xwe ya li \u015eam\u00ea vena\u015f\u00eart\u00ee ye. Ew\u00ee dikar\u00ee bi ten\u00ea erebeyek \u00fb \u015fof\u00earek\u00ee li ser xeta Beyr\u00fbt, Beka, \u015eam, Heleb \u00fb Laziqiy\u00ea bi serbest\u00ee bigere. Ji \u00e7ar aliy\u00ean Tirkiye \u00fb c\u00eehan\u00ea mirov dihatin ziyareta w\u00ee.<\/h3>\n<h1 style=\"text-align: center;\"><span style=\"color: #8c0808; font-family: 'arial black', sans-serif;\">Li dadgeha Ergenekon de xweya b\u00fb ku Ocalan di bin parastina baskek\u00ea dewleta k\u00fbr da dij\u00eet<\/span><\/h1>\n<h3 style=\"text-align: justify;\">Ocelan, di sala 1980 de, li xaniye k\u00ee 10 qatda dima. Heman dem li w\u00ee xan\u00ee de ata\u015f\u00ea le\u015fker\u00ee y\u00ea Tirkiy\u00ea j\u00ee dijiya. Pi\u015ft\u00ee sala 1992 \u00ea, Ocelan li qesrek\u00ea du tebeq \u00fb t\u00eade hewizek j\u00ee hey\u00ee dima. Hem\u00ee endam\u00ean ber\u00ea y\u00ean PKK \u00ea diyar kirin ku li vi xaniy\u00ea li dervey\u00ee \u015eam\u00ea Ocelan 8 salan l\u00ea dijiya \u00fb parastinek\u00ee teybet tune b\u00fb. Ji ber v\u00ea yek\u00ea j\u00ee, w\u00ee ji Tirkiyey\u00ea \u00eari\u015fek h\u00eav\u00ee nedikir.<\/h3>\n<h3 style=\"text-align: justify;\">Li dij\u00ee Ocelan 6 \u00ea Gulana 1996 de teqandina wesay\u00eeteke bombebarkir\u00ee li n\u00eaz\u00eek\u00ee dibistana perwerdehiya PKK\u00ea ya li \u015eam\u00ea \u00e7\u00eab\u00fb. Di 2009 de, Yal\u00e7in Ku\u00e7uk \u00ea, ku ev kese mirov\u00ea dewleta k\u00fbr a Tirkiy\u00ea ye, got ku w\u00ee Evdila ocelan li ser v\u00ea teq\u00een\u00ea hi\u015fyar kir\u00ee ye. Yal\u00e7in Ku\u00e7uk diyar dike ku w\u00ee bi fermana serokwez\u00eer\u00ea w\u00ea deme y\u00ea Tirkiy\u00ea hi\u015fyar\u00ee daye Ocelan. Ango \u00e7eqek\u00ee y\u00ea dewleta tirk ne dixwest Apo were ku\u015ftin \u00fb ew hi\u015fhar kir\u00ee ye. Li dadgeha Ergenekon\u00ea de derket ku Ocelan di b\u00een parastina baskek\u00ee dewleta k\u00fbr de dijit.<\/h3>\n<h1 style=\"text-align: center;\"><span style=\"color: #8c0808; font-family: 'arial black', sans-serif;\">L\u00ea roj\u00ean ku Ocelan ji \u015eam\u00ea barbike n\u00eaz\u00eek bib\u00fbn.<\/span><\/h1>\n<h1 style=\"text-align: center;\"><span style=\"color: #8c0808; font-family: 'arial black', sans-serif;\">Gelo, \u00e7i \u00e7\u00eab\u00fb ku Tirkiy\u00ea ji ni\u015fk\u00eave xwest Ocelan ji S\u00fbr\u00eey\u00ea derbikeve.<\/span><\/h1>\n<h3 style=\"text-align: justify;\">H\u00eaz\u00ean k\u00fbr \u00ean ku di 1997-98 an de Tirkiye bir\u00eave dibir mijara pirsgir\u00eaka Kurd de stratej\u00eeya xwe diguher\u00eenin. Ji ber ku pergala c\u00eehan\u00ea di nava gurankar\u00eeyek\u00ea de b\u00fb. Di v\u00ea pergala c\u00eehana ku diguhere Kurd xwed\u00ee cihek\u00ee gir\u00eeng b\u00fbn. \u00car\u00ee\u015fa Seddam a li ser Kuweyt\u00ea serdema n\u00fb ya Kurdan dide destp\u00ea kirin. Ba\u015fur\u00ea Kurdistan\u00ea di navenda p\u00eavajoya siyas\u00ee de r\u00fbni\u015fti b\u00fb. Ji T\u00eermeha 1991 an ve, her\u00eama ba\u015f\u00fbr\u00ea Kurdistan\u00ea dinava paralela 36 de hate parastin \u00fb \u00eelankirin. Her\u00eama Kurdistan\u00ea ji h\u00eala H\u00eaza \u00c7ak\u00fb\u00e7\u00ee ve, bi h\u00eaz\u00ean Br\u00eetanya, Emer\u00eeka, Frensa ve di hate parastin. Dewleta Tirkiy\u00ea ev y\u00eak ji bo xwe weke kiryarek\u00ee neyar\u00ee d\u00eet \u00fb bi navkir. Tirkiy\u00ea, ji liv\u00eena Kurdan li her\u00eam\u00ea de dilteng b\u00fb. P\u00eavajoya raper\u00eena li ba\u015f\u00fbr\u00ea Kurdistan\u00ea nex\u015feya Kurdistan\u00ea xist rojeva c\u00eehan\u00ea. Seddam mufet\u00ee\u015f\u00ean \u00e7ek\u00ean k\u00eemyew\u00ee y\u00ean Netewey\u00ean Yekb\u00fby\u00ee ji Iraq\u00ea qewitandi b\u00fbn. \u00cad\u00ee Emr\u00eeka ji bo daw\u00ee an\u00eena desthilatdariya Saddam Hus\u00ean ketib\u00fb nava xebatek\u00ee lez\u00fbbez.<\/h3>\n<h1 style=\"text-align: center;\"><span style=\"color: #8c0808; font-family: 'arial black', sans-serif;\">Tirkan xwest ku \u201ckurd\u00ean xwe\u201d biafir\u00eene<\/span><\/h1>\n<h1 style=\"text-align: center;\"><span style=\"color: #8c0808; font-family: 'arial black', sans-serif;\">Ew zilam\u00ea li \u015eam \u00ea razay\u00ee t\u00ea \u015fiyar kirin \u00fb planek\u00ee n\u00fb didin p\u00ea\u015f\u00eeya w\u00ee<\/span><\/h1>\n<h3 style=\"text-align: justify;\">Di 24 \u00ea \u00c7ir\u00eeya Pa\u015fiy\u00ea ya 1997 an de, li ba\u015f\u00fbr\u00ea Kurdistan\u00ea di navbera h\u00eaz\u00ean siyas\u00ee de agirbest \u00e7\u00eab\u00fb. Emer\u00eeka ji bo yekb\u00fbna Kurdan hewlek taybet da me\u015fandin. Tirkiy\u00ea d\u00eet ku d\u00ea Kurd bibin h\u00eazk\u00ee sereke li her\u00eam\u00eade, \u00fb ev rew\u015f w\u00ea Tirkiy\u00ea t\u00eak bibe. Ge\u015fedan\u00ean li ba\u015f\u00fbr\u00ea Kurdistan\u00ea, netewe perwer\u00eeya kurd xurt kir \u00fb ji bo kurdan b\u00fb xaleke balk\u00ea\u015f. Tirkiy\u00ea xwest ku v\u00ea rew\u015f\u00ea bide sekinandin. Ji bo v\u00ea yek\u00ea, tirkan xwest ku \u201ckurd\u00ean xwe\u201d biafir\u00eene \u00fb b\u00eaxe nava liv \u00fb tevger\u00ea. Ji bo v\u00ea yek\u00ea, em dizanin ku di 15 \u00ea Sibat\u00ea de komployek heye, ew j\u00ee ji bo ku \u015f\u00eenb\u00fbna netewa Kurdistan\u00ea li ba\u015fur bixeniq\u00eene .li hember bask\u00ea netewe perwer\u00ean Kurd, bask\u00ea ku biser Tirkiy\u00ea ve derxistin p\u00ea\u015f. Ew zilam\u00ea li \u015eam \u00ea razay\u00ee t\u00ea \u015fiyar kirin \u00fb planek\u00ee n\u00fb didin p\u00ea\u015f\u00eeya w\u00ee.<\/h3>\n<h3 style=\"text-align: justify;\">Dema ku Emer\u00eeka li Wa\u015finton hewl\u00ean yek\u00eet\u00eeya Kurdan dime\u015f\u00eene, heman dem de Tirkiye j\u00ee di xwaze karta Kurd derxe p\u00ea\u015f \u00fb di keve nava guher\u00eena plan\u00ean xwe li Hember\u00ee Nex\u015feya h\u00eaz\u00ean navnetewey\u00ee y\u00ean ji bo Kurdistan\u00ea ; Tirkiye j\u00ee plana &#8220;Kurd\u00ean Tirkiyey\u00ea&#8221; derdixe p\u00ea\u015f .<\/h3>\n<h1 style=\"text-align: justify;\"><span style=\"color: #8c0808; font-family: 'arial black', sans-serif;\">Gava yekem:<\/span><\/h1>\n<h3 style=\"text-align: justify;\">Danustandin di navbera Evdila Ocelan-Yalic\u00een Ku\u00e7uk-Dogu Per\u00een\u00e7ek de dime\u015f\u00eeyan, l\u00ea \u00ead\u00ee rasterast danustandin ligel Art\u00ea\u015fa Tirk hate desp\u00eakirin.<\/h3>\n<h3 style=\"text-align: justify;\">Traf\u00eeka hevd\u00eetina desp\u00ea dike. Got\u00fbb\u00eaj\u00ean yekem di sala 1997 an de ji bo \u201cewlehiya bor\u00eeya Petrol\u00ea ya Bak\u00fb-Ceyhan \u00ea\u201d, di navbera PKK \u00fb dewleta Tirk de li London \u00ea hate kirin. Kani Y\u0131lmaz \u00fb d\u00eeplomat\u00ean din \u00ean PKK be\u015fdar\u00ee got\u00fbb\u00eajan dibin.<\/h3>\n<h3 style=\"text-align: justify;\">Navn\u00ee\u015fana hevd\u00eetin\u00ean din \u00ean sala 1997 de hat\u00ee me\u015fandin, li Hollanda ye. Amirh\u00eazek ji Sererkaniya Gi\u015ft\u00ee, li ser nav\u00ea dewleta Tirk be\u015fdar\u00ee hevd\u00eetina dibe. Li ser nav\u00ea PKK j\u00ee Kan\u00ee Y\u0131lmaz \u00fb \u015eah\u00een C\u00eelo be\u015fdar\u00ee hevd\u00eetinan dibin. Di van civ\u00eenan de sir\u00ean pir mezin ve\u015fart\u00ee hene. PKK ji bo ku ev sir \u00eef\u015fa nebin \u00fb dixwaze Kan\u00ee Y\u0131lmaz bikuje. Heman dem Kan\u00ee Yilmaz sala 2004 an ji PKK \u00ea c\u00fbda dibe \u00fb hinek rexneya li Evdila Ocelan dike.<\/h3>\n<h1 style=\"text-align: center;\"><span style=\"color: #8c0808; font-family: 'arial black', sans-serif;\">Dema ku got\u00fbb\u00eaj li Ewropa berdewam dikin li Tirkiy\u00ea j\u00ee w\u00eaneyek din t\u00ea \u00e7\u00eakirin<\/span><\/h1>\n<h3 style=\"text-align: justify;\">Di Tebaxa 1998 de di komb\u00fbna serokerkan\u00ea Tirkiy\u00ea de R\u00fby\u00ea dewlet\u00ea xweya dibe \u00fb biryara p\u00eavajoyeke n\u00fb dide. Destp\u00eak ji Serok\u00ea Sererkaniya Gi\u015ft\u00ee a Tirk\u00eeya H\u00fcseyin K\u0131vr\u0131ko\u011flu t\u00ea. K\u0131vr\u0131ko\u011flu di Tebax\u00ea de dib\u00eaje ku &#8220;div\u00ea Evdila Ocelan ji \u015eam\u00ea derbikeve&#8221;.<\/h3>\n<h3 style=\"text-align: justify;\">Evdila Ocelan di 28 \u00ea Tebax\u00ea de be\u015fdar\u00ee MedTV b\u00fb \u00fb dib\u00eaje em weke PKK, ji 1 \u00ea eyl\u00fcl \u00ea ve agirbest \u00eelan dik\u00een. N\u00eaz\u00eek\u00ee 20 rojnameger\u00ean Tirk be\u015fdar\u00ee bernamey\u00ea dibin. Di heman dem\u00ea de bername ji aliy\u00ea rojnameger\u00ea tirkiy\u00ea y\u00ea nasyar Tayfun Talipo\u011flu t\u00ea p\u00ea\u015fk\u00ea\u015f kirin. Ev rojnamevan hem\u00ee, ji h\u00eala fermandar\u00eeya serokerkan\u00eeya gi\u015ft\u00ee ya tirk ve hatine \u015fandin.<\/h3>\n<h3 style=\"text-align: justify;\">D\u00fbvre, di 15\u00ea Eyl\u00fbl \u00ea 1998 an de, Fermandar\u00ea H\u00eaz\u00ean Bejay\u00ee General Atilla Ate\u015f\u00a0 bajar\u00ea hatay reyhanli y\u00ea ku dikeve ser s\u00eenor\u00ea S\u00fbriy\u00ea, gef\u00ean t\u00fbnd li S\u00fbr\u00eey\u00ea kirin \u00fb got&#8221; bila sebrame ne f\u00fbr\u00ea\u201d hi\u015fyar\u00ee da \u015eam\u00ea.<\/h3>\n<h1 style=\"text-align: justify;\"><span style=\"color: #8c0808; font-family: 'arial black', sans-serif;\">\u00a0Ya duyem\u00een:<\/span><\/h1>\n<h3 style=\"text-align: justify;\">Li 1 \u00e7ir\u00eey\u00ea 1998 an serok komar\u00ea Tirk\u00eeya Sil\u00eaman Dem\u00eerel hi\u015fyar\u00ee da \u00fb got &#8220;\u00ead\u00ee sebra me nema&#8221;. Ti\u015ft\u00ea livir Balk\u00ea\u015f ewe ku ti berpirs\u00eanTirk ji S\u00fbr\u00eey\u00eare nab\u00eaje &#8220;Evdila Ocelan radest\u00ee me bikin&#8221;. L\u00eabel\u00ea Tirkiye ten\u00ea daxwaz dike &#8220;Evdila Ocalan li S\u00fbriy\u00ea&#8221; were derxistin. \u00cad\u00ee p\u00eaw\u00eeste Ocelan bi\u00e7e c\u00eehek din.<\/h3>\n<h1 style=\"text-align: center;\"><span style=\"color: #8c0808; font-family: 'arial black', sans-serif;\">D\u00ea Ocelan bi\u00e7e ku der\u00ea?<\/span><\/h1>\n<h3 style=\"text-align: justify;\">Di 9 \u00e7\u00eer\u00eeya p\u00ea\u015f\u00ee de Evdila Ocelan bi pasaportek\u00ee sexte ya binav\u00ea Abdullah Sar\u0131kurt ji \u015eam\u00ea derdikeve. Balafir di \u00e7e Et\u00eena balefirgeha Helikon. Bi v\u00ee reng\u00ee, Ocelan dikeve nava hatin \u00fb \u00e7\u00fby\u00eena welat\u00ean b\u00eeyan\u00ee, 130 roja r\u00eav\u00eeng\u00eeya w\u00ee bi balafir\u00ea dest p\u00ea dike.<\/h3>\n<h3 style=\"text-align: justify;\">Balafira daw\u00ee ya Ocelan l\u00ea siwar b\u00fby\u00ee, ji welat\u00ea Kenya y\u00ea hat Stenbol\u00ea. Ji destp\u00eak\u00ea ve dawiya v\u00ea ger\u00ea diyar b\u00fb. P\u00eaw\u00eeste derketina Ocelan ji s\u00fbr\u00ee bi h\u00fbrgily\u00ean wek\u00ee traf\u00eeka navbera welatan, b\u00fbyer \u00fb mirovan de \u00fb hwd ney\u00eate \u015f\u00fbl\u00eekirin. Hinek di xwazin bi v\u00ee \u015f\u00eawaz\u00ee ser b\u00fbyer\u00ea bigirin.<\/h3>\n<h3 style=\"text-align: justify;\">Pi\u015ft\u00ee girtina Ocelan ji xeyn\u00ee Tirkiy\u00ea hema b\u00eaje her kes t\u00ea tawanbar kirin. Li gor\u00ee Ocelan; Emer\u00eeka, lsra\u00eel, R\u00fbsya, Br\u00eetanya, Yewnan\u00eestan \u00fb tevahiya pergala c\u00eehan\u00ea li dij\u00ee w\u00ee komplo p\u00eak an\u00een, wan hewl da ku w\u00ee bikujin \u00fb PKK biqed\u00eenin. L\u00eabel\u00ea, di rastiy\u00ea de h\u00eazek ku dixwaze PKK \u00ea biqed\u00eene \u00fb Apo bikuje tune b\u00fb. jixwe PKK ne h\u00eazek e ku bi daw\u00ee bibe. Ger ku Emer\u00eeka \u00fb h\u00eaz\u00ean c\u00eehan\u00ee bixwasta, ewa dikar\u00eeb\u00fbn Ocelan li \u015eam\u00ea bikujin. H\u00eazek ku dikare li Bexday\u00ea Qasim Suleyman\u00ee bikuje, \u00e7ima nikaribe li \u015eam\u00ea Ocelan bikuje? B\u00ea guman, kes\u00ea hewceh\u00ee bi mirina Ocelan tineb\u00fb.<\/h3>\n<h1 style=\"text-align: center;\"><span style=\"color: #8c0808; font-family: 'arial black', sans-serif;\">Ocalan: &#8220;div\u00ea ez bij\u00eem da r\u00eay\u00ea li \u015fer\u00ea mezin\u00ea Kurd \u00fb Tirkan bigrim&#8221;<\/span><\/h1>\n<h1 style=\"text-align: center;\"><span style=\"font-family: 'arial black', sans-serif;\">L\u00ea \u015fer\u00ea Tirkan y\u00ea qirkirina kurdan rexm\u00ee ku Apo y\u00ea dij\u00eet j\u00ee, bi tund\u00ee berdewame<\/span><\/h1>\n<h3 style=\"text-align: justify;\">Her weha, ew j\u00ee direwe ya ku dib\u00eajin ger Ocelan hatiba ku\u015ftin da biba sedem\u00ea \u015ferek\u00ee b\u00eadaw\u00ee di navbera Tirk \u00fb Kurdan de. Ocelan nemir, nehat darve kirin j\u00ee, l\u00ea \u015fer\u00ea dewleta Tirk li dij\u00ee Kurdan her tim berdewam kir. Li Ser\u00eakaniy\u00ea li Efr\u00een\u00ea h\u00eaj\u00ee qirkirinek Kurd heye. Ocelan tesl\u00eemb\u00fbna xwe bi v\u00ea hincet\u00ea d\u00eeyar dike&#8221;Ez ne\u00e7ar mam ku min jiyan kiriba da ku p\u00ea\u015f\u00ee li \u015fer\u00ea mezin \u00ea Kurd \u00fb Tirk bigirim&#8221;. L\u00ea \u015fer\u00ea tirkan y\u00ea qirkirina Kurda bi rexm\u00ea ku Apo dij\u00eet j\u00ee bi tund\u00ee berdewam e.<\/h3>\n<h1 style=\"text-align: center;\"><span style=\"color: #8c0808; font-family: 'arial black', sans-serif;\">\u00c7ima dema ku Ocelan ji \u015eam\u00ea derket\u00ee ne\u00e7\u00fb Kurdistan\u00ea?<\/span><\/h1>\n<h3 style=\"text-align: justify;\">Cih\u00ea yekem \u00ea ku Ocelan bixwesta bi\u00e7\u00fby\u00ea p\u00eaw\u00eeste Kurdistan ba. W\u00ee ne hilbijart ku were \u00e7iyay\u00ean Kurdistan\u00ea, ku w\u00ee bi hezaran xort\u00ean Kurd \u015fandib\u00fb ku bi\u00e7in xwe \u00fb wel\u00eat li wan \u00e7\u00eeya azad bikin. L\u00eabel\u00ea, gelek serok\u00ean r\u00eaxistin\u00ean Kurda bi salan li wan \u00e7iyan mab\u00fbn.<\/h3>\n<h3 style=\"text-align: justify;\">Wek\u00ee din, r\u00eaveberiya ba\u015f\u00fbr\u00ea Kurdistan\u00ea di w\u00ea dem\u00ea de (PDK \u00fb YNK) peyam ji Ocelan re r\u00eakir \u00fb got, were Kurdistan\u00ea em\u00ea te bipar\u00eaz\u00een. Iran\u00ea j\u00ee daxwaz ji Ocelan kir ku ew li tehran\u00ea bi c\u00eeh bibe. L\u00ea Ocelan hem\u00fb der\u00ee li van peyaman girtin.<\/h3>\n<h3 style=\"text-align: justify;\">Her \u00e7end R\u00fbsyay\u00ea maf\u00ea r\u00fbni\u015ftin\u00ea dab\u00ea j\u00ee, l\u00ea ew li wir nema. Heman dem welat\u00ea \u00cetal\u00eeya j\u00eare got em te tesl\u00eem\u00ee Tirkiy\u00ea nak\u00een l\u00ea d\u00eesa li wir j\u00ee nema. Deh roj ber\u00ee ku Ocelan were girtin, ji Rozerin re dib\u00eaje &#8220;Ez difikirim ku wext\u00ea \u00e7\u00fby\u00eena mal\u00ea hat\u00ee ye&#8221;. Ocelan \u00e7\u00fby\u00eena \u00e7iyay\u00ean Kurdistan\u00ea ji bo xwe xeter dib\u00eene, l\u00ea ger\u00eena li dora wel\u00eat ji xwere xeter nab\u00eene.<\/h3>\n<h1 style=\"text-align: center;\"><span style=\"color: #8c0808; font-family: 'arial black', sans-serif;\">Helwesta Ocelan ya dema girtin\u00ea da \u00fb kar\u00ean d\u00fbvra kir\u00ee ew mija liser hatina w\u00ee ya tirkiy\u00ea radike.<\/span><\/h1>\n<h3 style=\"text-align: justify;\">Ocalan \u00fb PKK qala berxwedan \u00fb t\u00eako\u015f\u00eenek mezin dikin. L\u00eabel\u00ea, helwesta Ocalan ya li dadgeh\u00ean Tirk\u00eey\u00ea de day\u00ee n\u00ee\u015fandan \u00fb ya Zek\u00ee ango \u015eemdin Sakin yeke, ti c\u00fbdah\u00ee di navbera wan de t\u00eene. \u015eemdin Sakik di sala 1998 ji PKK qutb\u00fb \u00fb \u00e7\u00fb Tirk\u00eey\u00ea. Di dadgeh\u00ean tirkiy\u00ea de b\u00fb \u201c\u015fahide ned\u00eeyar\u201d \u00fb gelek \u00eetiraf kirin. l\u00ea helwesta Ocelan ya beramber dewelta Tirk b\u00eatir zirar da destkeft\u00ean Kurdan.<\/h3>\n<h3 style=\"text-align: justify;\">Dema ku Ocelan li balafir\u00ea b\u00fb, weke \u00eetirafc\u00eeyek\u00ee ad\u00ee digot, &#8220;Diya min Tirk e, heke xizmetek were xwestin, ez \u00ea wiya bikim&#8221;. Ocelan ji hem\u00fb kadir \u00fb endam\u00ean xwe re bi sala behsa leheng\u00eeya berxwdanvan\u00ean z\u00eendan\u00ea dikir, l\u00ea dema dora w\u00ee ya berxwedan\u00ea hat\u00ee, w\u00ee ew axaftin\u00ean xwe y\u00ean bere jib\u00eer kirin \u00fb b\u00fb \u00cetiraf\u00e7\u00eey\u00ea sedsal\u00ea.<\/h3>\n<h3 style=\"text-align: justify;\">Pirsgir\u00eak esas ewe ku Ocelan erkek\u00ee n\u00fb ya dij\u00ee Kurd wergirt\u00ee ye. Ocelan dema ku 12\u00ea \u00c7iriya pa\u015f\u00een ji R\u00fbsyay\u00ea di\u00e7\u00fb Italia, hevpeyv\u00eenek da rojnameya Ozgur Politika, ew dib\u00eaje: \u201cEm ji Enqerey\u00ea derket\u00een b\u00fbn part\u00ee, em \u00e7\u00fbn rojhilata nav\u00een b\u00fbn art\u00ea\u015f, em \u00e7\u00fbn Ewropa em \u00ea bibin dewlet\u201d l\u00ea 3 meh \u015f\u00fbnda, dema ku Ocelan li balafira Tirkan de b\u00fb van ti\u015ftan dib\u00eaje: Ez ji Tirkiy\u00ea \u00fb ji gel\u00ea Tirk pirr hez dikim, ji gel\u00ea Kurd j\u00ee hez dikim. Heke dewlet derfet bide min ez\u00ea xizmeteke mezin ji Tirkiy\u00ea re bikim.<\/h3>\n<h1 style=\"text-align: center;\"><span style=\"color: #8c0808; font-family: 'arial black', sans-serif;\">Apo li \u00cemraliy\u00ea ne \u00eaxs\u00eere<\/span><\/h1>\n<h3 style=\"text-align: justify;\">Ew kes\u00ea digot bi \u00e7\u00fbna xwe ya Ewropa em\u00ea bibin dewlet di nava rojek\u00ee de hem\u00fb fikra xwe guhert \u00fb got ger dewleteke kurdan \u00e7\u00eabibe ew dewlet w\u00ea bibe \u00cesra\u00eela duyem\u00een<\/h3>\n<h3 style=\"text-align: justify;\">Ew kes\u00ea digot bi \u00e7\u00fbna xwe ya ewropare em\u00ea bibin dewlet di nava rojek\u00ee de hem\u00fb fikra xwe g\u00fbhert \u00fb got ger dewletek\u00ee Kurdan \u00e7\u00eabibe ew\u00ea bi be Isra\u00eela duyem. Ev j\u00ee d\u00ea bibe sebeb ku rojhilata nav\u00een bibe gera xw\u00een\u00ea.<\/h3>\n<h3 style=\"text-align: justify;\">Ocelan \u00fb dewleta Tirk li ser yek xet\u00ea gehi\u015ftine hev \u00fb bi hevra dime\u015fin, ew j\u00ee d\u00eej\u00ee b\u00fbna dewleta Kurdistan\u00ea ye. Apo \u00ead\u00ee b\u00fbye berdevk, \u015f\u00eawirmend \u00fb r\u00eazan\u00ea \u201cdoza Tirk\u00eeya mezin\u201d ya Rojhilata Nav\u00een.<\/h3>\n<h3 style=\"text-align: justify;\">Helwesta Ocelan bi her away\u00ee li ser plansas\u00eeya dewleta Tirk ya sedsala 21 ne. Ji bo Berjewendiy\u00ean Tirkiy\u00ea li her\u00eam\u00ea \u00fb Kurdistan\u00ea projey\u00ean s\u00eeyas\u00ee \u00e7\u00eadike. Jiber v\u00ea yek\u00ea Apo li \u00cemral\u00ee ne \u00eas\u00eer\u00ea. Rew\u015fa li \u00cemral\u00ee hey\u00ee Ocelan li ser stratej\u00eeya Tirkiy\u00ea xwed\u00ee erkek\u00ee gir\u00eenge. Dixwaze Tirkiye li Kurdistan\u00ea \u00fb Rojhilata Nav\u00eende bibe h\u00eaz\u00eaek\u00ee sereke. Li ser v\u00ea armanc\u00ea Apo bizav\u00ea dike.<\/h3>\n<p>[\/darkamazi_column_text][\/darkamazi_column][\/darkamazi_row]<\/p>\n<\/div>","protected":false},"excerpt":{"rendered":"<p>[darkamazi_row][darkamazi_column][darkamazi_video link=&#8221;https:\/\/www.youtube.com\/watch?v=KX0Etm3mzKA&#8221; align=&#8221;center&#8221;][darkamazi_column_text] Di ser hatina Evdila Ocelan ji bo Tirkiy\u00ea di 15 Sibat 1999 de 23 sal ders b\u00fbn. Ber\u00eeya hatina Ocelan ji bo tirkiy\u00ea \u00fb pi\u015ft\u00ee hatina w\u00ee j\u00ee, pirr ti\u015ft hene h\u00eaj ron neb\u00fbne. B\u00fbyer\u00ean ber\u00ee Sibat\u00ea \u00fb pi\u015ft\u00ee 15 \u00ea Sibat\u00ea qewim\u00een, ji h\u00eala Ocelan \u00fb PKK ve wek\u00ee berxwedank\u00ee mezin [&hellip;]<\/p>\n","protected":false},"author":2,"featured_media":1019489,"comment_status":"closed","ping_status":"closed","sticky":false,"template":"epic_custom_post_template-1006382","format":"video","meta":{"footnotes":""},"categories":[65],"tags":[37],"class_list":["post-1019485","post","type-post","status-publish","format-video","has-post-thumbnail","hentry","category-vidiyo","tag-sereke","post_format-post-format-video"],"blocksy_meta":[],"seo_head":"<!-- This site is optimized with the Yoast SEO plugin v27.5 - https:\/\/yoast.com\/product\/yoast-seo-wordpress\/ -->\n<title>15 Sibat\u00ea komployek navnetew\u00ee b\u00fb yan ji xwasteka Ocelan \u00fb Tirkiy\u00ea b\u00fb?! - Darka Maz\u00ee<\/title>\n<meta name=\"robots\" content=\"index, follow, max-snippet:-1, max-image-preview:large, max-video-preview:-1\" \/>\n<link rel=\"canonical\" href=\"https:\/\/darkamazi.info\/archives\/1019485\" \/>\n<meta property=\"og:locale\" content=\"en_US\" \/>\n<meta property=\"og:type\" content=\"article\" \/>\n<meta property=\"og:title\" content=\"15 Sibat\u00ea komployek navnetew\u00ee b\u00fb yan ji xwasteka Ocelan \u00fb Tirkiy\u00ea b\u00fb?! - Darka Maz\u00ee\" \/>\n<meta property=\"og:description\" content=\"[darkamazi_row][darkamazi_column][darkamazi_video link=&#8221;https:\/\/www.youtube.com\/watch?v=KX0Etm3mzKA&#8221; align=&#8221;center&#8221;][darkamazi_column_text] Di ser hatina Evdila Ocelan ji bo Tirkiy\u00ea di 15 Sibat 1999 de 23 sal ders b\u00fbn. Ber\u00eeya hatina Ocelan ji bo tirkiy\u00ea \u00fb pi\u015ft\u00ee hatina w\u00ee j\u00ee, pirr ti\u015ft hene h\u00eaj ron neb\u00fbne. B\u00fbyer\u00ean ber\u00ee Sibat\u00ea \u00fb pi\u015ft\u00ee 15 \u00ea Sibat\u00ea qewim\u00een, ji h\u00eala Ocelan \u00fb PKK ve wek\u00ee berxwedank\u00ee mezin [&hellip;]\" \/>\n<meta property=\"og:url\" content=\"https:\/\/darkamazi.info\/archives\/1019485\" \/>\n<meta property=\"og:site_name\" content=\"Darka Maz\u00ee\" \/>\n<meta property=\"article:publisher\" content=\"https:\/\/www.facebook.com\/DarMaziKurmanci\" \/>\n<meta property=\"article:published_time\" content=\"2021-02-15T15:54:33+00:00\" \/>\n<meta property=\"article:modified_time\" content=\"2021-08-04T13:27:46+00:00\" \/>\n<meta property=\"og:image\" content=\"https:\/\/darkamazi.info\/file\/2021\/02\/cover.jpg\" \/>\n\t<meta property=\"og:image:width\" content=\"900\" \/>\n\t<meta property=\"og:image:height\" content=\"497\" \/>\n\t<meta property=\"og:image:type\" content=\"image\/jpeg\" \/>\n<meta name=\"author\" content=\"darka mazi\" \/>\n<meta name=\"twitter:card\" content=\"summary_large_image\" \/>\n<meta name=\"twitter:creator\" content=\"@DarkaMaziLatini\" \/>\n<meta name=\"twitter:site\" content=\"@DarkaMaziLatini\" \/>\n<meta name=\"twitter:label1\" content=\"Written by\" \/>\n\t<meta name=\"twitter:data1\" content=\"darka mazi\" \/>\n\t<meta name=\"twitter:label2\" content=\"Est. reading time\" \/>\n\t<meta name=\"twitter:data2\" content=\"10 minutes\" \/>\n<script type=\"application\/ld+json\" class=\"seo-schema-graph\">{\"@context\":\"https:\\\/\\\/schema.org\",\"@graph\":[{\"@type\":\"Article\",\"@id\":\"https:\\\/\\\/darkamazi.info\\\/archives\\\/1019485#article\",\"isPartOf\":{\"@id\":\"https:\\\/\\\/darkamazi.info\\\/archives\\\/1019485\"},\"author\":{\"name\":\"darka mazi\",\"@id\":\"https:\\\/\\\/darkamazi.info\\\/#\\\/schema\\\/person\\\/5ad3e24553a0567993fa8ed4bd0a776c\"},\"headline\":\"15 Sibat\u00ea komployek navnetew\u00ee b\u00fb yan ji xwasteka Ocelan \u00fb Tirkiy\u00ea b\u00fb?!\",\"datePublished\":\"2021-02-15T15:54:33+00:00\",\"dateModified\":\"2021-08-04T13:27:46+00:00\",\"mainEntityOfPage\":{\"@id\":\"https:\\\/\\\/darkamazi.info\\\/archives\\\/1019485\"},\"wordCount\":2459,\"publisher\":{\"@id\":\"https:\\\/\\\/darkamazi.info\\\/#organization\"},\"image\":{\"@id\":\"https:\\\/\\\/darkamazi.info\\\/archives\\\/1019485#primaryimage\"},\"thumbnailUrl\":\"https:\\\/\\\/darkamazi.info\\\/darka-content\\\/uploads\\\/2021\\\/02\\\/cover.jpg\",\"keywords\":[\"sereke\"],\"articleSection\":[\"V\u00eed\u00eeyo\"],\"inLanguage\":\"en-US\"},{\"@type\":\"WebPage\",\"@id\":\"https:\\\/\\\/darkamazi.info\\\/archives\\\/1019485\",\"url\":\"https:\\\/\\\/darkamazi.info\\\/archives\\\/1019485\",\"name\":\"15 Sibat\u00ea komployek navnetew\u00ee b\u00fb yan ji xwasteka Ocelan \u00fb Tirkiy\u00ea b\u00fb?! - Darka Maz\u00ee\",\"isPartOf\":{\"@id\":\"https:\\\/\\\/darkamazi.info\\\/#website\"},\"primaryImageOfPage\":{\"@id\":\"https:\\\/\\\/darkamazi.info\\\/archives\\\/1019485#primaryimage\"},\"image\":{\"@id\":\"https:\\\/\\\/darkamazi.info\\\/archives\\\/1019485#primaryimage\"},\"thumbnailUrl\":\"https:\\\/\\\/darkamazi.info\\\/darka-content\\\/uploads\\\/2021\\\/02\\\/cover.jpg\",\"datePublished\":\"2021-02-15T15:54:33+00:00\",\"dateModified\":\"2021-08-04T13:27:46+00:00\",\"breadcrumb\":{\"@id\":\"https:\\\/\\\/darkamazi.info\\\/archives\\\/1019485#breadcrumb\"},\"inLanguage\":\"en-US\",\"potentialAction\":[{\"@type\":\"ReadAction\",\"target\":[\"https:\\\/\\\/darkamazi.info\\\/archives\\\/1019485\"]}]},{\"@type\":\"ImageObject\",\"inLanguage\":\"en-US\",\"@id\":\"https:\\\/\\\/darkamazi.info\\\/archives\\\/1019485#primaryimage\",\"url\":\"https:\\\/\\\/darkamazi.info\\\/darka-content\\\/uploads\\\/2021\\\/02\\\/cover.jpg\",\"contentUrl\":\"https:\\\/\\\/darkamazi.info\\\/darka-content\\\/uploads\\\/2021\\\/02\\\/cover.jpg\",\"width\":900,\"height\":497,\"caption\":\"15 Sibat\u00ea komployek navnetew\u00ee b\u00fb yan ji xwasteka Ocelan \u00fb Tirkiy\u00ea b\u00fb?!\"},{\"@type\":\"BreadcrumbList\",\"@id\":\"https:\\\/\\\/darkamazi.info\\\/archives\\\/1019485#breadcrumb\",\"itemListElement\":[{\"@type\":\"ListItem\",\"position\":1,\"name\":\"Home\",\"item\":\"https:\\\/\\\/darkamazi.info\\\/\"},{\"@type\":\"ListItem\",\"position\":2,\"name\":\"15 Sibat\u00ea komployek navnetew\u00ee b\u00fb yan ji xwasteka Ocelan \u00fb Tirkiy\u00ea b\u00fb?!\"}]},{\"@type\":\"WebSite\",\"@id\":\"https:\\\/\\\/darkamazi.info\\\/#website\",\"url\":\"https:\\\/\\\/darkamazi.info\\\/\",\"name\":\"Darka Maz\u00ee\",\"description\":\"P\u00eageha Zanyariy\u00ean Nebih\u00eest\u00ee\",\"publisher\":{\"@id\":\"https:\\\/\\\/darkamazi.info\\\/#organization\"},\"potentialAction\":[{\"@type\":\"SearchAction\",\"target\":{\"@type\":\"EntryPoint\",\"urlTemplate\":\"https:\\\/\\\/darkamazi.info\\\/?s={search_term_string}\"},\"query-input\":{\"@type\":\"PropertyValueSpecification\",\"valueRequired\":true,\"valueName\":\"search_term_string\"}}],\"inLanguage\":\"en-US\"},{\"@type\":\"Organization\",\"@id\":\"https:\\\/\\\/darkamazi.info\\\/#organization\",\"name\":\"Darka Maz\u00ee\",\"url\":\"https:\\\/\\\/darkamazi.info\\\/\",\"logo\":{\"@type\":\"ImageObject\",\"inLanguage\":\"en-US\",\"@id\":\"https:\\\/\\\/darkamazi.info\\\/#\\\/schema\\\/logo\\\/image\\\/\",\"url\":\"https:\\\/\\\/darkamazi.info\\\/darka-content\\\/uploads\\\/2017\\\/12\\\/darka-mazi-logo.png\",\"contentUrl\":\"https:\\\/\\\/darkamazi.info\\\/darka-content\\\/uploads\\\/2017\\\/12\\\/darka-mazi-logo.png\",\"width\":151,\"height\":75,\"caption\":\"Darka Maz\u00ee\"},\"image\":{\"@id\":\"https:\\\/\\\/darkamazi.info\\\/#\\\/schema\\\/logo\\\/image\\\/\"},\"sameAs\":[\"https:\\\/\\\/www.facebook.com\\\/DarMaziKurmanci\",\"https:\\\/\\\/x.com\\\/DarkaMaziLatini\",\"https:\\\/\\\/www.instagram.com\\\/darkamazi.kurmanci\\\/\",\"https:\\\/\\\/www.youtube.com\\\/channel\\\/UCa5HkTdmI8U1qCUFuTw8B2g\"]},{\"@type\":\"Person\",\"@id\":\"https:\\\/\\\/darkamazi.info\\\/#\\\/schema\\\/person\\\/5ad3e24553a0567993fa8ed4bd0a776c\",\"name\":\"darka mazi\",\"sameAs\":[\"https:\\\/\\\/darkamazi.info\\\/\"],\"url\":\"https:\\\/\\\/darkamazi.info\\\/archives\\\/author\\\/kurdi\"}]}<\/script>\n<!-- \/ Yoast SEO plugin. -->","seo_head_json":{"title":"15 Sibat\u00ea komployek navnetew\u00ee b\u00fb yan ji xwasteka Ocelan \u00fb Tirkiy\u00ea b\u00fb?! - Darka Maz\u00ee","robots":{"index":"index","follow":"follow","max-snippet":"max-snippet:-1","max-image-preview":"max-image-preview:large","max-video-preview":"max-video-preview:-1"},"canonical":"https:\/\/darkamazi.info\/archives\/1019485","og_locale":"en_US","og_type":"article","og_title":"15 Sibat\u00ea komployek navnetew\u00ee b\u00fb yan ji xwasteka Ocelan \u00fb Tirkiy\u00ea b\u00fb?! - Darka Maz\u00ee","og_description":"[darkamazi_row][darkamazi_column][darkamazi_video link=&#8221;https:\/\/www.youtube.com\/watch?v=KX0Etm3mzKA&#8221; align=&#8221;center&#8221;][darkamazi_column_text] Di ser hatina Evdila Ocelan ji bo Tirkiy\u00ea di 15 Sibat 1999 de 23 sal ders b\u00fbn. Ber\u00eeya hatina Ocelan ji bo tirkiy\u00ea \u00fb pi\u015ft\u00ee hatina w\u00ee j\u00ee, pirr ti\u015ft hene h\u00eaj ron neb\u00fbne. B\u00fbyer\u00ean ber\u00ee Sibat\u00ea \u00fb pi\u015ft\u00ee 15 \u00ea Sibat\u00ea qewim\u00een, ji h\u00eala Ocelan \u00fb PKK ve wek\u00ee berxwedank\u00ee mezin [&hellip;]","og_url":"https:\/\/darkamazi.info\/archives\/1019485","og_site_name":"Darka Maz\u00ee","article_publisher":"https:\/\/www.facebook.com\/DarMaziKurmanci","article_published_time":"2021-02-15T15:54:33+00:00","article_modified_time":"2021-08-04T13:27:46+00:00","og_image":[{"width":900,"height":497,"url":"https:\/\/darkamazi.info\/file\/2021\/02\/cover.jpg","type":"image\/jpeg"}],"author":"darka mazi","twitter_card":"summary_large_image","twitter_creator":"@DarkaMaziLatini","twitter_site":"@DarkaMaziLatini","twitter_misc":{"Written by":"darka mazi","Est. reading time":"10 minutes"},"schema":{"@context":"https:\/\/schema.org","@graph":[{"@type":"Article","@id":"https:\/\/darkamazi.info\/archives\/1019485#article","isPartOf":{"@id":"https:\/\/darkamazi.info\/archives\/1019485"},"author":{"name":"darka mazi","@id":"https:\/\/darkamazi.info\/#\/schema\/person\/5ad3e24553a0567993fa8ed4bd0a776c"},"headline":"15 Sibat\u00ea komployek navnetew\u00ee b\u00fb yan ji xwasteka Ocelan \u00fb Tirkiy\u00ea b\u00fb?!","datePublished":"2021-02-15T15:54:33+00:00","dateModified":"2021-08-04T13:27:46+00:00","mainEntityOfPage":{"@id":"https:\/\/darkamazi.info\/archives\/1019485"},"wordCount":2459,"publisher":{"@id":"https:\/\/darkamazi.info\/#organization"},"image":{"@id":"https:\/\/darkamazi.info\/archives\/1019485#primaryimage"},"thumbnailUrl":"https:\/\/darkamazi.info\/file\/2021\/02\/cover.jpg","keywords":["sereke"],"articleSection":["V\u00eed\u00eeyo"],"inLanguage":"en-US"},{"@type":"WebPage","@id":"https:\/\/darkamazi.info\/archives\/1019485","url":"https:\/\/darkamazi.info\/archives\/1019485","name":"15 Sibat\u00ea komployek navnetew\u00ee b\u00fb yan ji xwasteka Ocelan \u00fb Tirkiy\u00ea b\u00fb?! - Darka Maz\u00ee","isPartOf":{"@id":"https:\/\/darkamazi.info\/#website"},"primaryImageOfPage":{"@id":"https:\/\/darkamazi.info\/archives\/1019485#primaryimage"},"image":{"@id":"https:\/\/darkamazi.info\/archives\/1019485#primaryimage"},"thumbnailUrl":"https:\/\/darkamazi.info\/file\/2021\/02\/cover.jpg","datePublished":"2021-02-15T15:54:33+00:00","dateModified":"2021-08-04T13:27:46+00:00","breadcrumb":{"@id":"https:\/\/darkamazi.info\/archives\/1019485#breadcrumb"},"inLanguage":"en-US","potentialAction":[{"@type":"ReadAction","target":["https:\/\/darkamazi.info\/archives\/1019485"]}]},{"@type":"ImageObject","inLanguage":"en-US","@id":"https:\/\/darkamazi.info\/archives\/1019485#primaryimage","url":"https:\/\/darkamazi.info\/file\/2021\/02\/cover.jpg","contentUrl":"https:\/\/darkamazi.info\/file\/2021\/02\/cover.jpg","width":900,"height":497,"caption":"15 Sibat\u00ea komployek navnetew\u00ee b\u00fb yan ji xwasteka Ocelan \u00fb Tirkiy\u00ea b\u00fb?!"},{"@type":"BreadcrumbList","@id":"https:\/\/darkamazi.info\/archives\/1019485#breadcrumb","itemListElement":[{"@type":"ListItem","position":1,"name":"Home","item":"https:\/\/darkamazi.info\/"},{"@type":"ListItem","position":2,"name":"15 Sibat\u00ea komployek navnetew\u00ee b\u00fb yan ji xwasteka Ocelan \u00fb Tirkiy\u00ea b\u00fb?!"}]},{"@type":"WebSite","@id":"https:\/\/darkamazi.info\/#website","url":"https:\/\/darkamazi.info\/","name":"Darka Maz\u00ee","description":"P\u00eageha Zanyariy\u00ean Nebih\u00eest\u00ee","publisher":{"@id":"https:\/\/darkamazi.info\/#organization"},"potentialAction":[{"@type":"SearchAction","target":{"@type":"EntryPoint","urlTemplate":"https:\/\/darkamazi.info\/?s={search_term_string}"},"query-input":{"@type":"PropertyValueSpecification","valueRequired":true,"valueName":"search_term_string"}}],"inLanguage":"en-US"},{"@type":"Organization","@id":"https:\/\/darkamazi.info\/#organization","name":"Darka Maz\u00ee","url":"https:\/\/darkamazi.info\/","logo":{"@type":"ImageObject","inLanguage":"en-US","@id":"https:\/\/darkamazi.info\/#\/schema\/logo\/image\/","url":"https:\/\/darkamazi.info\/file\/2017\/12\/darka-mazi-logo.png","contentUrl":"https:\/\/darkamazi.info\/file\/2017\/12\/darka-mazi-logo.png","width":151,"height":75,"caption":"Darka Maz\u00ee"},"image":{"@id":"https:\/\/darkamazi.info\/#\/schema\/logo\/image\/"},"sameAs":["https:\/\/www.facebook.com\/DarMaziKurmanci","https:\/\/x.com\/DarkaMaziLatini","https:\/\/www.instagram.com\/darkamazi.kurmanci\/","https:\/\/www.youtube.com\/channel\/UCa5HkTdmI8U1qCUFuTw8B2g"]},{"@type":"Person","@id":"https:\/\/darkamazi.info\/#\/schema\/person\/5ad3e24553a0567993fa8ed4bd0a776c","name":"darka mazi","sameAs":["https:\/\/darkamazi.info\/"],"url":"https:\/\/darkamazi.info\/archives\/author\/kurdi"}]}},"_links":{"self":[{"href":"https:\/\/darkamazi.info\/funavuv\/wp\/v2\/posts\/1019485","targetHints":{"allow":["GET"]}}],"collection":[{"href":"https:\/\/darkamazi.info\/funavuv\/wp\/v2\/posts"}],"about":[{"href":"https:\/\/darkamazi.info\/funavuv\/wp\/v2\/types\/post"}],"author":[{"embeddable":true,"href":"https:\/\/darkamazi.info\/funavuv\/wp\/v2\/users\/2"}],"replies":[{"embeddable":true,"href":"https:\/\/darkamazi.info\/funavuv\/wp\/v2\/comments?post=1019485"}],"version-history":[{"count":0,"href":"https:\/\/darkamazi.info\/funavuv\/wp\/v2\/posts\/1019485\/revisions"}],"wp:featuredmedia":[{"embeddable":true,"href":"https:\/\/darkamazi.info\/funavuv\/wp\/v2\/media\/1019489"}],"wp:attachment":[{"href":"https:\/\/darkamazi.info\/funavuv\/wp\/v2\/media?parent=1019485"}],"wp:term":[{"taxonomy":"category","embeddable":true,"href":"https:\/\/darkamazi.info\/funavuv\/wp\/v2\/categories?post=1019485"},{"taxonomy":"post_tag","embeddable":true,"href":"https:\/\/darkamazi.info\/funavuv\/wp\/v2\/tags?post=1019485"}],"curies":[{"name":"wp","href":"https:\/\/api.w.org\/{rel}","templated":true}]}}