{"id":1019501,"date":"2021-02-16T11:43:16","date_gmt":"2021-02-16T08:43:16","guid":{"rendered":"https:\/\/darkamazi.info\/?p=1019501"},"modified":"2021-02-16T11:43:16","modified_gmt":"2021-02-16T08:43:16","slug":"necirvan-barzani-girupen-ku-buyne-xeter-li-ser-basure-welat-dest-nisan-dike","status":"publish","type":"post","link":"https:\/\/darkamazi.info\/archives\/1019501","title":{"rendered":"N\u00ea\u00e7\u00eervan Barzan\u00ee gir\u00fbp\u00ean ku b\u00fbyne xeter li ser Ba\u015f\u00fbr\u00ea Welat dest n\u00ee\u015fan dike"},"content":{"rendered":"<h3 style=\"direction: rtl;text-align: justify\"><span style=\"font-family: 'arial black', sans-serif\">Serok\u00ea Her\u00eama Kurdistan\u00ea N\u00ea\u00e7\u00eervan Barzan\u00ee\u00a0peyamek belav kir \u00fb \u00ear\u00ee\u015fa \u015feva bor\u00ee li ser\u00a0Hewl\u00ear\u00ea\u00a0bi tund\u00ee \u015fermezar kir.<\/span><\/h3>\n<h3 style=\"direction: rtl;text-align: justify\">Serok\u00ea Her\u00eama Kurdistan\u00ea di peyama xwe de ragihand, \u201c\u00car\u00ee\u015fa teror\u00eest\u00ee ya \u015feva derbasb\u00fby\u00ee ku bi m\u00fb\u015fekan li ser Hewl\u00ear\u00ea hate kirin \u00fb b\u00fb sedema w\u00ea yek\u00ea ku kesek can\u00ea xwe ji dest da \u00fb neh kes\u00ean din j\u00ee bir\u00eendar b\u00fbn ku hejmarek ji wan Amer\u00eek\u00ee ne, bi tund\u00ee \u015fermezar dik\u00een. Serxwe\u015fiy\u00ea li kes\u00fbkar\u00ean qurbaniy\u00ea dikin \u00fb h\u00eaviya bi lez ba\u015fb\u00fbn\u00ea ji bo bir\u00eendaran dixwaz\u00een\u201d.<\/h3>\n<h3 style=\"direction: rtl;text-align: justify\">Di peyama N\u00ea\u00e7\u00eervan Barzan\u00ee de hat j\u00ee: \u201cDaxwaz ji Enc\u00fbmena Asay\u00ee\u015fa Navdewlet\u00ee \u00fb Netewey\u00ean Yekgirt\u00ee dikin metirsiya w\u00ea \u00ear\u00ee\u015f\u00ea gelek bi cidd\u00ee werbigrin \u00fb kar bikin ji bo r\u00eagirtina li nehi\u015ftina gef\u00ean li ser xelk\u00ea Her\u00eama Kurdistan\u00ea \u00fb li r\u00eaya handana\u00a0Hik\u00fbmeta Iraq\u00ea\u00a0ve ji bo bic\u00eehkirina dest\u00fbra Iraq\u00ea \u00fb bi taybet\u00ee madeya 140\u201d.<\/h3>\n<h3 style=\"direction: rtl;text-align: justify\">Herwiha di be\u015feke din a peyam\u00ea de hat, \u201cDaxwaz ji bir\u00eaz Serokwez\u00eer \u00fb Fermandey\u00ea Gi\u015ft\u00ee y\u00ea H\u00eaz\u00ean \u00c7ekdar \u00ean Iraq\u00ea \u00fb Fermandey\u00ea H\u00eaz\u00ean Hevpeymanan li Iraq\u00ea dikim, bi lez mekan\u00eezma hemahengiy\u00ea li gel Her\u00eama Kurdistan\u00ea \u00e7alak bikin \u00fb h\u00eaz\u00ean asay\u00ee\u015f \u00fb P\u00ea\u015fmerge li gel art\u00ea\u015f \u00fb dezgeh \u00fb h\u00eaz\u00ean Iraqiyan bi be\u015fdariya hevpeymanan li w\u00ea nav\u00e7ey\u00ea, p\u00eakve kar bikin \u00fb hemaheng bin\u201d.<\/h3>\n<h3 style=\"direction: rtl;text-align: justify\">Serok\u00ea Her\u00eama Kurdistan\u00ea tekez dike, \u201cNeb\u00fbna hemaheng\u00ee \u00fb heb\u00fbna hinek h\u00eaz \u00fb gr\u00fbp\u00ean \u00e7ekdar\u00ean dervey\u00ee ferman \u00fb desthilata Hik\u00fbmeta Federal, b\u00fbne sedema aloziya nav\u00e7ey\u00ea \u00fb wiha kiriye gefeke berdewam li ser Her\u00eama Kurdistan\u00ea hebe. Ji bo w\u00ea yek\u00ea daxwaz ji bir\u00eaz Serokwez\u00eer\u00ea Iraq\u00ea dikim bi lez l\u00eejneyeke hevbe\u015fa l\u00eakol\u00een\u00ea Hik\u00fbmeta Her\u00eama Kurdistan \u00fb Hik\u00fbmeta Federal destbikar b\u00ea \u00fb bi z\u00fbtir\u00een dem \u00ear\u00ee\u015fkar b\u00eane peydakirin \u00fb bi sizay\u00ean xwe y\u00ean yasay\u00ee b\u00eane gihandin\u201d.<\/h3>\n","protected":false},"excerpt":{"rendered":"<p>Serok\u00ea Her\u00eama Kurdistan\u00ea N\u00ea\u00e7\u00eervan Barzan\u00ee\u00a0peyamek belav kir \u00fb \u00ear\u00ee\u015fa \u015feva bor\u00ee li ser\u00a0Hewl\u00ear\u00ea\u00a0bi tund\u00ee \u015fermezar kir. Serok\u00ea Her\u00eama Kurdistan\u00ea di peyama xwe de ragihand, \u201c\u00car\u00ee\u015fa teror\u00eest\u00ee ya \u015feva derbasb\u00fby\u00ee ku bi m\u00fb\u015fekan li ser Hewl\u00ear\u00ea hate kirin \u00fb b\u00fb sedema w\u00ea yek\u00ea ku kesek can\u00ea xwe ji dest da \u00fb neh kes\u00ean din j\u00ee bir\u00eendar [&hellip;]<\/p>\n","protected":false},"author":2,"featured_media":1019503,"comment_status":"closed","ping_status":"closed","sticky":false,"template":"","format":"standard","meta":{"footnotes":""},"categories":[29],"tags":[37],"class_list":["post-1019501","post","type-post","status-publish","format-standard","has-post-thumbnail","hentry","category-kurdistan","tag-sereke"],"blocksy_meta":[],"seo_head":"<!-- This site is optimized with the Yoast SEO plugin v27.5 - https:\/\/yoast.com\/product\/yoast-seo-wordpress\/ -->\n<title>N\u00ea\u00e7\u00eervan Barzan\u00ee gir\u00fbp\u00ean ku b\u00fbyne xeter li ser Ba\u015f\u00fbr\u00ea Welat dest n\u00ee\u015fan dike - Darka Maz\u00ee<\/title>\n<meta name=\"robots\" content=\"index, follow, max-snippet:-1, max-image-preview:large, max-video-preview:-1\" \/>\n<link rel=\"canonical\" href=\"https:\/\/darkamazi.info\/archives\/1019501\" \/>\n<meta property=\"og:locale\" content=\"en_US\" \/>\n<meta property=\"og:type\" content=\"article\" \/>\n<meta property=\"og:title\" content=\"N\u00ea\u00e7\u00eervan Barzan\u00ee gir\u00fbp\u00ean ku b\u00fbyne xeter li ser Ba\u015f\u00fbr\u00ea Welat dest n\u00ee\u015fan dike - Darka Maz\u00ee\" \/>\n<meta property=\"og:description\" content=\"Serok\u00ea Her\u00eama Kurdistan\u00ea N\u00ea\u00e7\u00eervan Barzan\u00ee\u00a0peyamek belav kir \u00fb \u00ear\u00ee\u015fa \u015feva bor\u00ee li ser\u00a0Hewl\u00ear\u00ea\u00a0bi tund\u00ee \u015fermezar kir. Serok\u00ea Her\u00eama Kurdistan\u00ea di peyama xwe de ragihand, \u201c\u00car\u00ee\u015fa teror\u00eest\u00ee ya \u015feva derbasb\u00fby\u00ee ku bi m\u00fb\u015fekan li ser Hewl\u00ear\u00ea hate kirin \u00fb b\u00fb sedema w\u00ea yek\u00ea ku kesek can\u00ea xwe ji dest da \u00fb neh kes\u00ean din j\u00ee bir\u00eendar [&hellip;]\" \/>\n<meta property=\"og:url\" content=\"https:\/\/darkamazi.info\/archives\/1019501\" \/>\n<meta property=\"og:site_name\" content=\"Darka Maz\u00ee\" \/>\n<meta property=\"article:publisher\" content=\"https:\/\/www.facebook.com\/DarMaziKurmanci\" \/>\n<meta property=\"article:published_time\" content=\"2021-02-16T08:43:16+00:00\" \/>\n<meta property=\"og:image\" content=\"https:\/\/darkamazi.info\/file\/2021\/02\/Seroke-Herema-Kurdistane-\u0646\u06ce\u0686\u06cc\u0631\u06a4\u0627\u0646-\u0628\u0627\u0631\u0632\u0627\u0646\u06cc-2.jpg\" \/>\n\t<meta property=\"og:image:width\" content=\"900\" \/>\n\t<meta property=\"og:image:height\" content=\"497\" \/>\n\t<meta property=\"og:image:type\" content=\"image\/jpeg\" \/>\n<meta name=\"author\" content=\"darka mazi\" \/>\n<meta name=\"twitter:card\" content=\"summary_large_image\" \/>\n<meta name=\"twitter:creator\" content=\"@DarkaMaziLatini\" \/>\n<meta name=\"twitter:site\" content=\"@DarkaMaziLatini\" \/>\n<meta name=\"twitter:label1\" content=\"Written by\" \/>\n\t<meta name=\"twitter:data1\" content=\"darka mazi\" \/>\n\t<meta name=\"twitter:label2\" content=\"Est. reading time\" \/>\n\t<meta name=\"twitter:data2\" content=\"2 minutes\" \/>\n<script type=\"application\/ld+json\" class=\"seo-schema-graph\">{\"@context\":\"https:\\\/\\\/schema.org\",\"@graph\":[{\"@type\":\"Article\",\"@id\":\"https:\\\/\\\/darkamazi.info\\\/archives\\\/1019501#article\",\"isPartOf\":{\"@id\":\"https:\\\/\\\/darkamazi.info\\\/archives\\\/1019501\"},\"author\":{\"name\":\"darka mazi\",\"@id\":\"https:\\\/\\\/darkamazi.info\\\/#\\\/schema\\\/person\\\/5ad3e24553a0567993fa8ed4bd0a776c\"},\"headline\":\"N\u00ea\u00e7\u00eervan Barzan\u00ee gir\u00fbp\u00ean ku b\u00fbyne xeter li ser Ba\u015f\u00fbr\u00ea Welat dest n\u00ee\u015fan dike\",\"datePublished\":\"2021-02-16T08:43:16+00:00\",\"mainEntityOfPage\":{\"@id\":\"https:\\\/\\\/darkamazi.info\\\/archives\\\/1019501\"},\"wordCount\":347,\"publisher\":{\"@id\":\"https:\\\/\\\/darkamazi.info\\\/#organization\"},\"image\":{\"@id\":\"https:\\\/\\\/darkamazi.info\\\/archives\\\/1019501#primaryimage\"},\"thumbnailUrl\":\"https:\\\/\\\/darkamazi.info\\\/darka-content\\\/uploads\\\/2021\\\/02\\\/Seroke-Herema-Kurdistane-\u0646\u06ce\u0686\u06cc\u0631\u06a4\u0627\u0646-\u0628\u0627\u0631\u0632\u0627\u0646\u06cc-2.jpg\",\"keywords\":[\"sereke\"],\"articleSection\":[\"Kurdistan\"],\"inLanguage\":\"en-US\"},{\"@type\":\"WebPage\",\"@id\":\"https:\\\/\\\/darkamazi.info\\\/archives\\\/1019501\",\"url\":\"https:\\\/\\\/darkamazi.info\\\/archives\\\/1019501\",\"name\":\"N\u00ea\u00e7\u00eervan Barzan\u00ee gir\u00fbp\u00ean ku b\u00fbyne xeter li ser Ba\u015f\u00fbr\u00ea Welat dest n\u00ee\u015fan dike - Darka Maz\u00ee\",\"isPartOf\":{\"@id\":\"https:\\\/\\\/darkamazi.info\\\/#website\"},\"primaryImageOfPage\":{\"@id\":\"https:\\\/\\\/darkamazi.info\\\/archives\\\/1019501#primaryimage\"},\"image\":{\"@id\":\"https:\\\/\\\/darkamazi.info\\\/archives\\\/1019501#primaryimage\"},\"thumbnailUrl\":\"https:\\\/\\\/darkamazi.info\\\/darka-content\\\/uploads\\\/2021\\\/02\\\/Seroke-Herema-Kurdistane-\u0646\u06ce\u0686\u06cc\u0631\u06a4\u0627\u0646-\u0628\u0627\u0631\u0632\u0627\u0646\u06cc-2.jpg\",\"datePublished\":\"2021-02-16T08:43:16+00:00\",\"breadcrumb\":{\"@id\":\"https:\\\/\\\/darkamazi.info\\\/archives\\\/1019501#breadcrumb\"},\"inLanguage\":\"en-US\",\"potentialAction\":[{\"@type\":\"ReadAction\",\"target\":[\"https:\\\/\\\/darkamazi.info\\\/archives\\\/1019501\"]}]},{\"@type\":\"ImageObject\",\"inLanguage\":\"en-US\",\"@id\":\"https:\\\/\\\/darkamazi.info\\\/archives\\\/1019501#primaryimage\",\"url\":\"https:\\\/\\\/darkamazi.info\\\/darka-content\\\/uploads\\\/2021\\\/02\\\/Seroke-Herema-Kurdistane-\u0646\u06ce\u0686\u06cc\u0631\u06a4\u0627\u0646-\u0628\u0627\u0631\u0632\u0627\u0646\u06cc-2.jpg\",\"contentUrl\":\"https:\\\/\\\/darkamazi.info\\\/darka-content\\\/uploads\\\/2021\\\/02\\\/Seroke-Herema-Kurdistane-\u0646\u06ce\u0686\u06cc\u0631\u06a4\u0627\u0646-\u0628\u0627\u0631\u0632\u0627\u0646\u06cc-2.jpg\",\"width\":900,\"height\":497,\"caption\":\"N\u00ea\u00e7\u00eervan Barzan\u00ee gir\u00fbp\u00ean ku b\u00fbyne xeter li ser Ba\u015f\u00fbr\u00ea Welat dest n\u00ee\u015fan dike\"},{\"@type\":\"BreadcrumbList\",\"@id\":\"https:\\\/\\\/darkamazi.info\\\/archives\\\/1019501#breadcrumb\",\"itemListElement\":[{\"@type\":\"ListItem\",\"position\":1,\"name\":\"Home\",\"item\":\"https:\\\/\\\/darkamazi.info\\\/\"},{\"@type\":\"ListItem\",\"position\":2,\"name\":\"N\u00ea\u00e7\u00eervan Barzan\u00ee gir\u00fbp\u00ean ku b\u00fbyne xeter li ser Ba\u015f\u00fbr\u00ea Welat dest n\u00ee\u015fan dike\"}]},{\"@type\":\"WebSite\",\"@id\":\"https:\\\/\\\/darkamazi.info\\\/#website\",\"url\":\"https:\\\/\\\/darkamazi.info\\\/\",\"name\":\"Darka Maz\u00ee\",\"description\":\"P\u00eageha Zanyariy\u00ean Nebih\u00eest\u00ee\",\"publisher\":{\"@id\":\"https:\\\/\\\/darkamazi.info\\\/#organization\"},\"potentialAction\":[{\"@type\":\"SearchAction\",\"target\":{\"@type\":\"EntryPoint\",\"urlTemplate\":\"https:\\\/\\\/darkamazi.info\\\/?s={search_term_string}\"},\"query-input\":{\"@type\":\"PropertyValueSpecification\",\"valueRequired\":true,\"valueName\":\"search_term_string\"}}],\"inLanguage\":\"en-US\"},{\"@type\":\"Organization\",\"@id\":\"https:\\\/\\\/darkamazi.info\\\/#organization\",\"name\":\"Darka Maz\u00ee\",\"url\":\"https:\\\/\\\/darkamazi.info\\\/\",\"logo\":{\"@type\":\"ImageObject\",\"inLanguage\":\"en-US\",\"@id\":\"https:\\\/\\\/darkamazi.info\\\/#\\\/schema\\\/logo\\\/image\\\/\",\"url\":\"https:\\\/\\\/darkamazi.info\\\/darka-content\\\/uploads\\\/2017\\\/12\\\/darka-mazi-logo.png\",\"contentUrl\":\"https:\\\/\\\/darkamazi.info\\\/darka-content\\\/uploads\\\/2017\\\/12\\\/darka-mazi-logo.png\",\"width\":151,\"height\":75,\"caption\":\"Darka Maz\u00ee\"},\"image\":{\"@id\":\"https:\\\/\\\/darkamazi.info\\\/#\\\/schema\\\/logo\\\/image\\\/\"},\"sameAs\":[\"https:\\\/\\\/www.facebook.com\\\/DarMaziKurmanci\",\"https:\\\/\\\/x.com\\\/DarkaMaziLatini\",\"https:\\\/\\\/www.instagram.com\\\/darkamazi.kurmanci\\\/\",\"https:\\\/\\\/www.youtube.com\\\/channel\\\/UCa5HkTdmI8U1qCUFuTw8B2g\"]},{\"@type\":\"Person\",\"@id\":\"https:\\\/\\\/darkamazi.info\\\/#\\\/schema\\\/person\\\/5ad3e24553a0567993fa8ed4bd0a776c\",\"name\":\"darka mazi\",\"sameAs\":[\"https:\\\/\\\/darkamazi.info\\\/\"],\"url\":\"https:\\\/\\\/darkamazi.info\\\/archives\\\/author\\\/kurdi\"}]}<\/script>\n<!-- \/ Yoast SEO plugin. -->","seo_head_json":{"title":"N\u00ea\u00e7\u00eervan Barzan\u00ee gir\u00fbp\u00ean ku b\u00fbyne xeter li ser Ba\u015f\u00fbr\u00ea Welat dest n\u00ee\u015fan dike - Darka Maz\u00ee","robots":{"index":"index","follow":"follow","max-snippet":"max-snippet:-1","max-image-preview":"max-image-preview:large","max-video-preview":"max-video-preview:-1"},"canonical":"https:\/\/darkamazi.info\/archives\/1019501","og_locale":"en_US","og_type":"article","og_title":"N\u00ea\u00e7\u00eervan Barzan\u00ee gir\u00fbp\u00ean ku b\u00fbyne xeter li ser Ba\u015f\u00fbr\u00ea Welat dest n\u00ee\u015fan dike - Darka Maz\u00ee","og_description":"Serok\u00ea Her\u00eama Kurdistan\u00ea N\u00ea\u00e7\u00eervan Barzan\u00ee\u00a0peyamek belav kir \u00fb \u00ear\u00ee\u015fa \u015feva bor\u00ee li ser\u00a0Hewl\u00ear\u00ea\u00a0bi tund\u00ee \u015fermezar kir. Serok\u00ea Her\u00eama Kurdistan\u00ea di peyama xwe de ragihand, \u201c\u00car\u00ee\u015fa teror\u00eest\u00ee ya \u015feva derbasb\u00fby\u00ee ku bi m\u00fb\u015fekan li ser Hewl\u00ear\u00ea hate kirin \u00fb b\u00fb sedema w\u00ea yek\u00ea ku kesek can\u00ea xwe ji dest da \u00fb neh kes\u00ean din j\u00ee bir\u00eendar [&hellip;]","og_url":"https:\/\/darkamazi.info\/archives\/1019501","og_site_name":"Darka Maz\u00ee","article_publisher":"https:\/\/www.facebook.com\/DarMaziKurmanci","article_published_time":"2021-02-16T08:43:16+00:00","og_image":[{"width":900,"height":497,"url":"https:\/\/darkamazi.info\/file\/2021\/02\/Seroke-Herema-Kurdistane-\u0646\u06ce\u0686\u06cc\u0631\u06a4\u0627\u0646-\u0628\u0627\u0631\u0632\u0627\u0646\u06cc-2.jpg","type":"image\/jpeg"}],"author":"darka mazi","twitter_card":"summary_large_image","twitter_creator":"@DarkaMaziLatini","twitter_site":"@DarkaMaziLatini","twitter_misc":{"Written by":"darka mazi","Est. reading time":"2 minutes"},"schema":{"@context":"https:\/\/schema.org","@graph":[{"@type":"Article","@id":"https:\/\/darkamazi.info\/archives\/1019501#article","isPartOf":{"@id":"https:\/\/darkamazi.info\/archives\/1019501"},"author":{"name":"darka mazi","@id":"https:\/\/darkamazi.info\/#\/schema\/person\/5ad3e24553a0567993fa8ed4bd0a776c"},"headline":"N\u00ea\u00e7\u00eervan Barzan\u00ee gir\u00fbp\u00ean ku b\u00fbyne xeter li ser Ba\u015f\u00fbr\u00ea Welat dest n\u00ee\u015fan dike","datePublished":"2021-02-16T08:43:16+00:00","mainEntityOfPage":{"@id":"https:\/\/darkamazi.info\/archives\/1019501"},"wordCount":347,"publisher":{"@id":"https:\/\/darkamazi.info\/#organization"},"image":{"@id":"https:\/\/darkamazi.info\/archives\/1019501#primaryimage"},"thumbnailUrl":"https:\/\/darkamazi.info\/file\/2021\/02\/Seroke-Herema-Kurdistane-\u0646\u06ce\u0686\u06cc\u0631\u06a4\u0627\u0646-\u0628\u0627\u0631\u0632\u0627\u0646\u06cc-2.jpg","keywords":["sereke"],"articleSection":["Kurdistan"],"inLanguage":"en-US"},{"@type":"WebPage","@id":"https:\/\/darkamazi.info\/archives\/1019501","url":"https:\/\/darkamazi.info\/archives\/1019501","name":"N\u00ea\u00e7\u00eervan Barzan\u00ee gir\u00fbp\u00ean ku b\u00fbyne xeter li ser Ba\u015f\u00fbr\u00ea Welat dest n\u00ee\u015fan dike - Darka Maz\u00ee","isPartOf":{"@id":"https:\/\/darkamazi.info\/#website"},"primaryImageOfPage":{"@id":"https:\/\/darkamazi.info\/archives\/1019501#primaryimage"},"image":{"@id":"https:\/\/darkamazi.info\/archives\/1019501#primaryimage"},"thumbnailUrl":"https:\/\/darkamazi.info\/file\/2021\/02\/Seroke-Herema-Kurdistane-\u0646\u06ce\u0686\u06cc\u0631\u06a4\u0627\u0646-\u0628\u0627\u0631\u0632\u0627\u0646\u06cc-2.jpg","datePublished":"2021-02-16T08:43:16+00:00","breadcrumb":{"@id":"https:\/\/darkamazi.info\/archives\/1019501#breadcrumb"},"inLanguage":"en-US","potentialAction":[{"@type":"ReadAction","target":["https:\/\/darkamazi.info\/archives\/1019501"]}]},{"@type":"ImageObject","inLanguage":"en-US","@id":"https:\/\/darkamazi.info\/archives\/1019501#primaryimage","url":"https:\/\/darkamazi.info\/file\/2021\/02\/Seroke-Herema-Kurdistane-\u0646\u06ce\u0686\u06cc\u0631\u06a4\u0627\u0646-\u0628\u0627\u0631\u0632\u0627\u0646\u06cc-2.jpg","contentUrl":"https:\/\/darkamazi.info\/file\/2021\/02\/Seroke-Herema-Kurdistane-\u0646\u06ce\u0686\u06cc\u0631\u06a4\u0627\u0646-\u0628\u0627\u0631\u0632\u0627\u0646\u06cc-2.jpg","width":900,"height":497,"caption":"N\u00ea\u00e7\u00eervan Barzan\u00ee gir\u00fbp\u00ean ku b\u00fbyne xeter li ser Ba\u015f\u00fbr\u00ea Welat dest n\u00ee\u015fan dike"},{"@type":"BreadcrumbList","@id":"https:\/\/darkamazi.info\/archives\/1019501#breadcrumb","itemListElement":[{"@type":"ListItem","position":1,"name":"Home","item":"https:\/\/darkamazi.info\/"},{"@type":"ListItem","position":2,"name":"N\u00ea\u00e7\u00eervan Barzan\u00ee gir\u00fbp\u00ean ku b\u00fbyne xeter li ser Ba\u015f\u00fbr\u00ea Welat dest n\u00ee\u015fan dike"}]},{"@type":"WebSite","@id":"https:\/\/darkamazi.info\/#website","url":"https:\/\/darkamazi.info\/","name":"Darka Maz\u00ee","description":"P\u00eageha Zanyariy\u00ean Nebih\u00eest\u00ee","publisher":{"@id":"https:\/\/darkamazi.info\/#organization"},"potentialAction":[{"@type":"SearchAction","target":{"@type":"EntryPoint","urlTemplate":"https:\/\/darkamazi.info\/?s={search_term_string}"},"query-input":{"@type":"PropertyValueSpecification","valueRequired":true,"valueName":"search_term_string"}}],"inLanguage":"en-US"},{"@type":"Organization","@id":"https:\/\/darkamazi.info\/#organization","name":"Darka Maz\u00ee","url":"https:\/\/darkamazi.info\/","logo":{"@type":"ImageObject","inLanguage":"en-US","@id":"https:\/\/darkamazi.info\/#\/schema\/logo\/image\/","url":"https:\/\/darkamazi.info\/file\/2017\/12\/darka-mazi-logo.png","contentUrl":"https:\/\/darkamazi.info\/file\/2017\/12\/darka-mazi-logo.png","width":151,"height":75,"caption":"Darka Maz\u00ee"},"image":{"@id":"https:\/\/darkamazi.info\/#\/schema\/logo\/image\/"},"sameAs":["https:\/\/www.facebook.com\/DarMaziKurmanci","https:\/\/x.com\/DarkaMaziLatini","https:\/\/www.instagram.com\/darkamazi.kurmanci\/","https:\/\/www.youtube.com\/channel\/UCa5HkTdmI8U1qCUFuTw8B2g"]},{"@type":"Person","@id":"https:\/\/darkamazi.info\/#\/schema\/person\/5ad3e24553a0567993fa8ed4bd0a776c","name":"darka mazi","sameAs":["https:\/\/darkamazi.info\/"],"url":"https:\/\/darkamazi.info\/archives\/author\/kurdi"}]}},"_links":{"self":[{"href":"https:\/\/darkamazi.info\/funavuv\/wp\/v2\/posts\/1019501","targetHints":{"allow":["GET"]}}],"collection":[{"href":"https:\/\/darkamazi.info\/funavuv\/wp\/v2\/posts"}],"about":[{"href":"https:\/\/darkamazi.info\/funavuv\/wp\/v2\/types\/post"}],"author":[{"embeddable":true,"href":"https:\/\/darkamazi.info\/funavuv\/wp\/v2\/users\/2"}],"replies":[{"embeddable":true,"href":"https:\/\/darkamazi.info\/funavuv\/wp\/v2\/comments?post=1019501"}],"version-history":[{"count":0,"href":"https:\/\/darkamazi.info\/funavuv\/wp\/v2\/posts\/1019501\/revisions"}],"wp:featuredmedia":[{"embeddable":true,"href":"https:\/\/darkamazi.info\/funavuv\/wp\/v2\/media\/1019503"}],"wp:attachment":[{"href":"https:\/\/darkamazi.info\/funavuv\/wp\/v2\/media?parent=1019501"}],"wp:term":[{"taxonomy":"category","embeddable":true,"href":"https:\/\/darkamazi.info\/funavuv\/wp\/v2\/categories?post=1019501"},{"taxonomy":"post_tag","embeddable":true,"href":"https:\/\/darkamazi.info\/funavuv\/wp\/v2\/tags?post=1019501"}],"curies":[{"name":"wp","href":"https:\/\/api.w.org\/{rel}","templated":true}]}}