{"id":1019569,"date":"2021-02-18T17:22:04","date_gmt":"2021-02-18T14:22:04","guid":{"rendered":"https:\/\/darkamazi.info\/?p=1019569"},"modified":"2021-04-08T14:38:05","modified_gmt":"2021-04-08T11:38:05","slug":"ew-kure-kurde-kes-behsa-wi-nake-cotyar-muhsin","status":"publish","type":"post","link":"https:\/\/darkamazi.info\/archives\/1019569","title":{"rendered":"Ew Kure Kurd\u00ea kes behsa w\u00ee nake: Cotyar Muhsin"},"content":{"rendered":"<h3 style=\"text-align: justify;\"><span style=\"font-family: 'arial black', sans-serif;\">Operasyona Gare 10 Sibat\u00ea destp\u00eakir \u00fb 14\u00ea Sibat\u00ea bi dumah\u00ee hat, di encam da xweya b\u00fb di operasyon\u00ea de 13 esker\u00ean Tirkiya hatine ku\u015ftin. Niha rojev hem\u00fb li ser van 13 eskerane. L\u00ea bel\u00ea di v\u00ea operasyon\u00ea de ne ten\u00ea ev 13 kese hatib\u00fbn ku\u015ftin. Law\u00ea kurda Cotyar Muhsin j\u00ee hatiye ku\u015ftin. Kes bas li w\u00ee nake. Ji ber ku ew kurde dikare were ku\u015ftin.<\/span><\/h3>\n<h3 style=\"text-align: justify;\">Ragihandina PKK\u00ea \u00fb r\u00eaveberiya wan eve \u00e7end rojin \u00eedd\u00eea dikin ku ew ji boy kes\u00ean d\u00eelgirt\u00ee (\u00eas\u00eer) her tim bi yasay\u00ean navnetew\u00ee ve gir\u00eaday\u00ee b\u00fbne \u00fb Ocalan sala 1995 ragihandiye ku ew ti caran esker\u00ean d\u00eel nakujin. Em dikar\u00een b\u00eajin ku ev ti\u015ft e raste l\u00ea bel\u00ea ten\u00ea ji ber ku d\u00eel girt\u00eey\u00ean tirkin ne hatine ku\u015ftin. L\u00ea bel\u00ea \u00eas\u00eer\u00ean kurd ku di dest\u00ea PKK\u00ea dane gelek cara hatine ku\u015ftin. Ev nefsiyeta gel\u00ea bin deste. Ev milet\u00ean din nah\u00ean ku\u015ftin l\u00ea bel\u00ea kes\u00ean gel\u00ea xwe dikujin \u00fb wan bin ax dikin.<\/h3>\n<h3 style=\"text-align: justify;\">PKKe pir cara mirov\u00ean kurd nav gundan, li ser r\u00eaya bi nav\u00ea s\u00eexoriya dewleta tirk girtine \u00fb b\u00ea dadgeh ew ku\u015ftin e. Hatta PKKe gelek cara ev kese ku\u015ftine \u00fb bi darek\u00eave daliqandine. Heman dem gelek \u00eaxs\u00eer dest\u00ea PKK\u00ea da rast\u00ee \u00ee\u015fkenc\u00ea hatine. Ew kes\u00ean ku carek\u00ea bikevin z\u00eendana PKK\u00ea de dib\u00eajin careka din em\u00ea xwe bikujin l\u00ea bel\u00ea em nakevin zindana PKK\u00ea de. PKKe tam eyn\u00ee dewleta tirk mamel\u00ea li gel \u00eas\u00eeran dike. Cigare li ser girt\u00eeya vemrandin, kareba l\u00eadan, ava sar liser kirin. \u00db gelek \u00ee\u015fkencey\u00ean din. Hatta hinek kes weha dib\u00eajin ku bes daku ji v\u00ea \u00ee\u015fkenc\u00ea xelas bibim wan \u00e7i got min qeb\u00fbl kir.<\/h3>\n<h3 style=\"text-align: justify;\">Li gor agahiy\u00ean dest\u00ea me da li z\u00eendan\u00ean Xwakurk \u00fb geliy\u00ea Zap\u00ea de gelek genc bi gumana s\u00eexoriy\u00ea hatine \u00ee\u015fkence kirin \u00fb di encam\u00ea van \u00ee\u015fkenceya jiyana xwe ji dest day\u00eene yan j\u00ee xwe ku\u015ftine. L\u00ea ev ti\u015ft e bi ten\u00ea ji boy kurdaye. Ne ji boy esker\u00ean Tirk e. Kes behsa zarok\u00ean kurda nake.<\/h3>\n<h3 style=\"text-align: justify;\">Ew zarok\u00ean ku behsa wan nay\u00ea kirin yek ji wan j\u00ee Cotyar Muhsin y\u00ea ji Bajar\u00ea Am\u00eadiy\u00ea b\u00fb. Cotyar ev salek \u00fb 10 roj b\u00fbn di dest\u00ea PKK\u00ea de. Cotyar 23 Sibata 2020\u00ea li gund\u00ea Siyar\u00ea ji aliy\u00ea PKK\u00ea ve hatib\u00fb girtin. Girtina w\u00ee bi reng\u00ea komploy\u00ea b\u00fb. PKK\u00ea ke\u00e7ek bi kar an\u00ee \u00fb w\u00ea ke\u00e7k\u00ea li ser sosyal medyay\u00ea peywendiy\u00ea bi Cotyar re \u00e7\u00eadike. \u015eevek\u00ee ji Cotyar re got ez dixwazim bi hevre hinek\u00ee bigerin. Ke\u00e7ik \u00fb Cotyar dema \u00e7\u00fby dervey bajar\u00ee ger\u00eelay\u00ean PKK\u00ea Cotyar girt.<\/h3>\n<h3 style=\"text-align: justify;\">Kes\u00ean derdora w\u00ee gotin ku Cotyar ti peywend\u00eeyek bi PKK\u00ea re tuneye. Ew kesek\u00ea d\u00fbre ji siyaset\u00ea. 5\u00ee Gulana 2020\u00ea xelk\u00ee ji boy azadiya w\u00ee xwep\u00ea\u015fandan sazkir. L\u00ea bel\u00ea PKK \u00e7i cewaba xelk\u00ea ne da. Ragihandina HPG xwe kir ku Cotyar Ajane. Dayik \u00fb Bav\u00ea Cotyar ev ti\u015ft e bi tund\u00ee redkirin.<\/h3>\n<h3 style=\"text-align: justify;\">Niha em dipirs\u00een; k\u00ea Cotyar ku\u015ft tirkiya yan PKK\u00ea? Esasen em dikarin b\u00eajin ku her du aliya bi hev re Cotyar ku\u015ftiye. Jiberku PKK\u00ea herdem di got ajane l\u00ea eger ew kurd be dibe were ku\u015ftin, l\u00ea tirk be dibe ku ber l\u00eabor\u00een\u00ea bikeve. Cotyar her da were ku\u015ftin. B\u00ea dadgeh, b\u00ea l\u00eapirs\u00een, b\u00ea edalet. Ji ber v\u00ea yek\u00ea bikuj\u00ea Cotyar hem PKKe \u00fb hem j\u00ee tirkiya ye.<\/h3>\n","protected":false},"excerpt":{"rendered":"<p>Operasyona Gare 10 Sibat\u00ea destp\u00eakir \u00fb 14\u00ea Sibat\u00ea bi dumah\u00ee hat, di encam da xweya b\u00fb di operasyon\u00ea de 13 esker\u00ean Tirkiya hatine ku\u015ftin. Niha rojev hem\u00fb li ser van 13 eskerane. L\u00ea bel\u00ea di v\u00ea operasyon\u00ea de ne ten\u00ea ev 13 kese hatib\u00fbn ku\u015ftin. Law\u00ea kurda Cotyar Muhsin j\u00ee hatiye ku\u015ftin. Kes bas li [&hellip;]<\/p>\n","protected":false},"author":2,"featured_media":1019573,"comment_status":"closed","ping_status":"closed","sticky":false,"template":"","format":"standard","meta":{"footnotes":""},"categories":[28],"tags":[50],"class_list":["post-1019569","post","type-post","status-publish","format-standard","has-post-thumbnail","hentry","category-nerin","tag-cotyar-muhsin"],"blocksy_meta":[],"seo_head":"<!-- This site is optimized with the Yoast SEO plugin v27.5 - https:\/\/yoast.com\/product\/yoast-seo-wordpress\/ -->\n<title>Ew Kure Kurd\u00ea kes behsa w\u00ee nake: Cotyar Muhsin - Darka Maz\u00ee<\/title>\n<meta name=\"robots\" content=\"index, follow, max-snippet:-1, max-image-preview:large, max-video-preview:-1\" \/>\n<link rel=\"canonical\" href=\"https:\/\/darkamazi.info\/archives\/1019569\" \/>\n<meta property=\"og:locale\" content=\"en_US\" \/>\n<meta property=\"og:type\" content=\"article\" \/>\n<meta property=\"og:title\" content=\"Ew Kure Kurd\u00ea kes behsa w\u00ee nake: Cotyar Muhsin - Darka Maz\u00ee\" \/>\n<meta property=\"og:description\" content=\"Operasyona Gare 10 Sibat\u00ea destp\u00eakir \u00fb 14\u00ea Sibat\u00ea bi dumah\u00ee hat, di encam da xweya b\u00fb di operasyon\u00ea de 13 esker\u00ean Tirkiya hatine ku\u015ftin. Niha rojev hem\u00fb li ser van 13 eskerane. L\u00ea bel\u00ea di v\u00ea operasyon\u00ea de ne ten\u00ea ev 13 kese hatib\u00fbn ku\u015ftin. Law\u00ea kurda Cotyar Muhsin j\u00ee hatiye ku\u015ftin. Kes bas li [&hellip;]\" \/>\n<meta property=\"og:url\" content=\"https:\/\/darkamazi.info\/archives\/1019569\" \/>\n<meta property=\"og:site_name\" content=\"Darka Maz\u00ee\" \/>\n<meta property=\"article:publisher\" content=\"https:\/\/www.facebook.com\/DarMaziKurmanci\" \/>\n<meta property=\"article:published_time\" content=\"2021-02-18T14:22:04+00:00\" \/>\n<meta property=\"article:modified_time\" content=\"2021-04-08T11:38:05+00:00\" \/>\n<meta property=\"og:image\" content=\"https:\/\/darkamazi.info\/file\/2021\/02\/Cotyar-Muhsin.jpg\" \/>\n\t<meta property=\"og:image:width\" content=\"900\" \/>\n\t<meta property=\"og:image:height\" content=\"506\" \/>\n\t<meta property=\"og:image:type\" content=\"image\/jpeg\" \/>\n<meta name=\"author\" content=\"darka mazi\" \/>\n<meta name=\"twitter:card\" content=\"summary_large_image\" \/>\n<meta name=\"twitter:creator\" content=\"@DarkaMaziLatini\" \/>\n<meta name=\"twitter:site\" content=\"@DarkaMaziLatini\" \/>\n<meta name=\"twitter:label1\" content=\"Written by\" \/>\n\t<meta name=\"twitter:data1\" content=\"darka mazi\" \/>\n\t<meta name=\"twitter:label2\" content=\"Est. reading time\" \/>\n\t<meta name=\"twitter:data2\" content=\"3 minutes\" \/>\n<script type=\"application\/ld+json\" class=\"seo-schema-graph\">{\"@context\":\"https:\\\/\\\/schema.org\",\"@graph\":[{\"@type\":\"Article\",\"@id\":\"https:\\\/\\\/darkamazi.info\\\/archives\\\/1019569#article\",\"isPartOf\":{\"@id\":\"https:\\\/\\\/darkamazi.info\\\/archives\\\/1019569\"},\"author\":{\"name\":\"darka mazi\",\"@id\":\"https:\\\/\\\/darkamazi.info\\\/#\\\/schema\\\/person\\\/5ad3e24553a0567993fa8ed4bd0a776c\"},\"headline\":\"Ew Kure Kurd\u00ea kes behsa w\u00ee nake: Cotyar Muhsin\",\"datePublished\":\"2021-02-18T14:22:04+00:00\",\"dateModified\":\"2021-04-08T11:38:05+00:00\",\"mainEntityOfPage\":{\"@id\":\"https:\\\/\\\/darkamazi.info\\\/archives\\\/1019569\"},\"wordCount\":589,\"publisher\":{\"@id\":\"https:\\\/\\\/darkamazi.info\\\/#organization\"},\"image\":{\"@id\":\"https:\\\/\\\/darkamazi.info\\\/archives\\\/1019569#primaryimage\"},\"thumbnailUrl\":\"https:\\\/\\\/darkamazi.info\\\/darka-content\\\/uploads\\\/2021\\\/02\\\/Cotyar-Muhsin.jpg\",\"keywords\":[\"Cotyar Muhsin\"],\"articleSection\":[\"Ner\u00een\"],\"inLanguage\":\"en-US\"},{\"@type\":\"WebPage\",\"@id\":\"https:\\\/\\\/darkamazi.info\\\/archives\\\/1019569\",\"url\":\"https:\\\/\\\/darkamazi.info\\\/archives\\\/1019569\",\"name\":\"Ew Kure Kurd\u00ea kes behsa w\u00ee nake: Cotyar Muhsin - Darka Maz\u00ee\",\"isPartOf\":{\"@id\":\"https:\\\/\\\/darkamazi.info\\\/#website\"},\"primaryImageOfPage\":{\"@id\":\"https:\\\/\\\/darkamazi.info\\\/archives\\\/1019569#primaryimage\"},\"image\":{\"@id\":\"https:\\\/\\\/darkamazi.info\\\/archives\\\/1019569#primaryimage\"},\"thumbnailUrl\":\"https:\\\/\\\/darkamazi.info\\\/darka-content\\\/uploads\\\/2021\\\/02\\\/Cotyar-Muhsin.jpg\",\"datePublished\":\"2021-02-18T14:22:04+00:00\",\"dateModified\":\"2021-04-08T11:38:05+00:00\",\"breadcrumb\":{\"@id\":\"https:\\\/\\\/darkamazi.info\\\/archives\\\/1019569#breadcrumb\"},\"inLanguage\":\"en-US\",\"potentialAction\":[{\"@type\":\"ReadAction\",\"target\":[\"https:\\\/\\\/darkamazi.info\\\/archives\\\/1019569\"]}]},{\"@type\":\"ImageObject\",\"inLanguage\":\"en-US\",\"@id\":\"https:\\\/\\\/darkamazi.info\\\/archives\\\/1019569#primaryimage\",\"url\":\"https:\\\/\\\/darkamazi.info\\\/darka-content\\\/uploads\\\/2021\\\/02\\\/Cotyar-Muhsin.jpg\",\"contentUrl\":\"https:\\\/\\\/darkamazi.info\\\/darka-content\\\/uploads\\\/2021\\\/02\\\/Cotyar-Muhsin.jpg\",\"width\":900,\"height\":506,\"caption\":\"Ew Kure Kurd\u00ea kes behsa w\u00ee nake: Cotyar Muhsin\"},{\"@type\":\"BreadcrumbList\",\"@id\":\"https:\\\/\\\/darkamazi.info\\\/archives\\\/1019569#breadcrumb\",\"itemListElement\":[{\"@type\":\"ListItem\",\"position\":1,\"name\":\"Home\",\"item\":\"https:\\\/\\\/darkamazi.info\\\/\"},{\"@type\":\"ListItem\",\"position\":2,\"name\":\"Ew Kure Kurd\u00ea kes behsa w\u00ee nake: Cotyar Muhsin\"}]},{\"@type\":\"WebSite\",\"@id\":\"https:\\\/\\\/darkamazi.info\\\/#website\",\"url\":\"https:\\\/\\\/darkamazi.info\\\/\",\"name\":\"Darka Maz\u00ee\",\"description\":\"P\u00eageha Zanyariy\u00ean Nebih\u00eest\u00ee\",\"publisher\":{\"@id\":\"https:\\\/\\\/darkamazi.info\\\/#organization\"},\"potentialAction\":[{\"@type\":\"SearchAction\",\"target\":{\"@type\":\"EntryPoint\",\"urlTemplate\":\"https:\\\/\\\/darkamazi.info\\\/?s={search_term_string}\"},\"query-input\":{\"@type\":\"PropertyValueSpecification\",\"valueRequired\":true,\"valueName\":\"search_term_string\"}}],\"inLanguage\":\"en-US\"},{\"@type\":\"Organization\",\"@id\":\"https:\\\/\\\/darkamazi.info\\\/#organization\",\"name\":\"Darka Maz\u00ee\",\"url\":\"https:\\\/\\\/darkamazi.info\\\/\",\"logo\":{\"@type\":\"ImageObject\",\"inLanguage\":\"en-US\",\"@id\":\"https:\\\/\\\/darkamazi.info\\\/#\\\/schema\\\/logo\\\/image\\\/\",\"url\":\"https:\\\/\\\/darkamazi.info\\\/darka-content\\\/uploads\\\/2017\\\/12\\\/darka-mazi-logo.png\",\"contentUrl\":\"https:\\\/\\\/darkamazi.info\\\/darka-content\\\/uploads\\\/2017\\\/12\\\/darka-mazi-logo.png\",\"width\":151,\"height\":75,\"caption\":\"Darka Maz\u00ee\"},\"image\":{\"@id\":\"https:\\\/\\\/darkamazi.info\\\/#\\\/schema\\\/logo\\\/image\\\/\"},\"sameAs\":[\"https:\\\/\\\/www.facebook.com\\\/DarMaziKurmanci\",\"https:\\\/\\\/x.com\\\/DarkaMaziLatini\",\"https:\\\/\\\/www.instagram.com\\\/darkamazi.kurmanci\\\/\",\"https:\\\/\\\/www.youtube.com\\\/channel\\\/UCa5HkTdmI8U1qCUFuTw8B2g\"]},{\"@type\":\"Person\",\"@id\":\"https:\\\/\\\/darkamazi.info\\\/#\\\/schema\\\/person\\\/5ad3e24553a0567993fa8ed4bd0a776c\",\"name\":\"darka mazi\",\"sameAs\":[\"https:\\\/\\\/darkamazi.info\\\/\"],\"url\":\"https:\\\/\\\/darkamazi.info\\\/archives\\\/author\\\/kurdi\"}]}<\/script>\n<!-- \/ Yoast SEO plugin. -->","seo_head_json":{"title":"Ew Kure Kurd\u00ea kes behsa w\u00ee nake: Cotyar Muhsin - Darka Maz\u00ee","robots":{"index":"index","follow":"follow","max-snippet":"max-snippet:-1","max-image-preview":"max-image-preview:large","max-video-preview":"max-video-preview:-1"},"canonical":"https:\/\/darkamazi.info\/archives\/1019569","og_locale":"en_US","og_type":"article","og_title":"Ew Kure Kurd\u00ea kes behsa w\u00ee nake: Cotyar Muhsin - Darka Maz\u00ee","og_description":"Operasyona Gare 10 Sibat\u00ea destp\u00eakir \u00fb 14\u00ea Sibat\u00ea bi dumah\u00ee hat, di encam da xweya b\u00fb di operasyon\u00ea de 13 esker\u00ean Tirkiya hatine ku\u015ftin. Niha rojev hem\u00fb li ser van 13 eskerane. L\u00ea bel\u00ea di v\u00ea operasyon\u00ea de ne ten\u00ea ev 13 kese hatib\u00fbn ku\u015ftin. Law\u00ea kurda Cotyar Muhsin j\u00ee hatiye ku\u015ftin. Kes bas li [&hellip;]","og_url":"https:\/\/darkamazi.info\/archives\/1019569","og_site_name":"Darka Maz\u00ee","article_publisher":"https:\/\/www.facebook.com\/DarMaziKurmanci","article_published_time":"2021-02-18T14:22:04+00:00","article_modified_time":"2021-04-08T11:38:05+00:00","og_image":[{"width":900,"height":506,"url":"https:\/\/darkamazi.info\/file\/2021\/02\/Cotyar-Muhsin.jpg","type":"image\/jpeg"}],"author":"darka mazi","twitter_card":"summary_large_image","twitter_creator":"@DarkaMaziLatini","twitter_site":"@DarkaMaziLatini","twitter_misc":{"Written by":"darka mazi","Est. reading time":"3 minutes"},"schema":{"@context":"https:\/\/schema.org","@graph":[{"@type":"Article","@id":"https:\/\/darkamazi.info\/archives\/1019569#article","isPartOf":{"@id":"https:\/\/darkamazi.info\/archives\/1019569"},"author":{"name":"darka mazi","@id":"https:\/\/darkamazi.info\/#\/schema\/person\/5ad3e24553a0567993fa8ed4bd0a776c"},"headline":"Ew Kure Kurd\u00ea kes behsa w\u00ee nake: Cotyar Muhsin","datePublished":"2021-02-18T14:22:04+00:00","dateModified":"2021-04-08T11:38:05+00:00","mainEntityOfPage":{"@id":"https:\/\/darkamazi.info\/archives\/1019569"},"wordCount":589,"publisher":{"@id":"https:\/\/darkamazi.info\/#organization"},"image":{"@id":"https:\/\/darkamazi.info\/archives\/1019569#primaryimage"},"thumbnailUrl":"https:\/\/darkamazi.info\/file\/2021\/02\/Cotyar-Muhsin.jpg","keywords":["Cotyar Muhsin"],"articleSection":["Ner\u00een"],"inLanguage":"en-US"},{"@type":"WebPage","@id":"https:\/\/darkamazi.info\/archives\/1019569","url":"https:\/\/darkamazi.info\/archives\/1019569","name":"Ew Kure Kurd\u00ea kes behsa w\u00ee nake: Cotyar Muhsin - Darka Maz\u00ee","isPartOf":{"@id":"https:\/\/darkamazi.info\/#website"},"primaryImageOfPage":{"@id":"https:\/\/darkamazi.info\/archives\/1019569#primaryimage"},"image":{"@id":"https:\/\/darkamazi.info\/archives\/1019569#primaryimage"},"thumbnailUrl":"https:\/\/darkamazi.info\/file\/2021\/02\/Cotyar-Muhsin.jpg","datePublished":"2021-02-18T14:22:04+00:00","dateModified":"2021-04-08T11:38:05+00:00","breadcrumb":{"@id":"https:\/\/darkamazi.info\/archives\/1019569#breadcrumb"},"inLanguage":"en-US","potentialAction":[{"@type":"ReadAction","target":["https:\/\/darkamazi.info\/archives\/1019569"]}]},{"@type":"ImageObject","inLanguage":"en-US","@id":"https:\/\/darkamazi.info\/archives\/1019569#primaryimage","url":"https:\/\/darkamazi.info\/file\/2021\/02\/Cotyar-Muhsin.jpg","contentUrl":"https:\/\/darkamazi.info\/file\/2021\/02\/Cotyar-Muhsin.jpg","width":900,"height":506,"caption":"Ew Kure Kurd\u00ea kes behsa w\u00ee nake: Cotyar Muhsin"},{"@type":"BreadcrumbList","@id":"https:\/\/darkamazi.info\/archives\/1019569#breadcrumb","itemListElement":[{"@type":"ListItem","position":1,"name":"Home","item":"https:\/\/darkamazi.info\/"},{"@type":"ListItem","position":2,"name":"Ew Kure Kurd\u00ea kes behsa w\u00ee nake: Cotyar Muhsin"}]},{"@type":"WebSite","@id":"https:\/\/darkamazi.info\/#website","url":"https:\/\/darkamazi.info\/","name":"Darka Maz\u00ee","description":"P\u00eageha Zanyariy\u00ean Nebih\u00eest\u00ee","publisher":{"@id":"https:\/\/darkamazi.info\/#organization"},"potentialAction":[{"@type":"SearchAction","target":{"@type":"EntryPoint","urlTemplate":"https:\/\/darkamazi.info\/?s={search_term_string}"},"query-input":{"@type":"PropertyValueSpecification","valueRequired":true,"valueName":"search_term_string"}}],"inLanguage":"en-US"},{"@type":"Organization","@id":"https:\/\/darkamazi.info\/#organization","name":"Darka Maz\u00ee","url":"https:\/\/darkamazi.info\/","logo":{"@type":"ImageObject","inLanguage":"en-US","@id":"https:\/\/darkamazi.info\/#\/schema\/logo\/image\/","url":"https:\/\/darkamazi.info\/file\/2017\/12\/darka-mazi-logo.png","contentUrl":"https:\/\/darkamazi.info\/file\/2017\/12\/darka-mazi-logo.png","width":151,"height":75,"caption":"Darka Maz\u00ee"},"image":{"@id":"https:\/\/darkamazi.info\/#\/schema\/logo\/image\/"},"sameAs":["https:\/\/www.facebook.com\/DarMaziKurmanci","https:\/\/x.com\/DarkaMaziLatini","https:\/\/www.instagram.com\/darkamazi.kurmanci\/","https:\/\/www.youtube.com\/channel\/UCa5HkTdmI8U1qCUFuTw8B2g"]},{"@type":"Person","@id":"https:\/\/darkamazi.info\/#\/schema\/person\/5ad3e24553a0567993fa8ed4bd0a776c","name":"darka mazi","sameAs":["https:\/\/darkamazi.info\/"],"url":"https:\/\/darkamazi.info\/archives\/author\/kurdi"}]}},"_links":{"self":[{"href":"https:\/\/darkamazi.info\/funavuv\/wp\/v2\/posts\/1019569","targetHints":{"allow":["GET"]}}],"collection":[{"href":"https:\/\/darkamazi.info\/funavuv\/wp\/v2\/posts"}],"about":[{"href":"https:\/\/darkamazi.info\/funavuv\/wp\/v2\/types\/post"}],"author":[{"embeddable":true,"href":"https:\/\/darkamazi.info\/funavuv\/wp\/v2\/users\/2"}],"replies":[{"embeddable":true,"href":"https:\/\/darkamazi.info\/funavuv\/wp\/v2\/comments?post=1019569"}],"version-history":[{"count":0,"href":"https:\/\/darkamazi.info\/funavuv\/wp\/v2\/posts\/1019569\/revisions"}],"wp:featuredmedia":[{"embeddable":true,"href":"https:\/\/darkamazi.info\/funavuv\/wp\/v2\/media\/1019573"}],"wp:attachment":[{"href":"https:\/\/darkamazi.info\/funavuv\/wp\/v2\/media?parent=1019569"}],"wp:term":[{"taxonomy":"category","embeddable":true,"href":"https:\/\/darkamazi.info\/funavuv\/wp\/v2\/categories?post=1019569"},{"taxonomy":"post_tag","embeddable":true,"href":"https:\/\/darkamazi.info\/funavuv\/wp\/v2\/tags?post=1019569"}],"curies":[{"name":"wp","href":"https:\/\/api.w.org\/{rel}","templated":true}]}}