{"id":1019595,"date":"2021-02-20T14:32:48","date_gmt":"2021-02-20T11:32:48","guid":{"rendered":"https:\/\/darkamazi.info\/?p=1019595"},"modified":"2021-02-20T14:32:48","modified_gmt":"2021-02-20T11:32:48","slug":"kenala-el-erabiye-hesde-u-pkke-erisa-ser-hewlere-encam-dayi-ye","status":"publish","type":"post","link":"https:\/\/darkamazi.info\/archives\/1019595","title":{"rendered":"Kenala &#8220;El Erabiye&#8221;: He\u015fd\u00ea \u00fb PKK\u00ea \u00ear\u00ee\u015fa ser Hewl\u00ear\u00ea encam day\u00ee ye"},"content":{"rendered":"<div class=\"wpb-content-wrapper\"><p>[darkamazi_row][darkamazi_column][darkamazi_column_text]<\/p>\n<h3 style=\"text-align: justify\"><span style=\"font-family: 'arial black', sans-serif\">Kenala El Erabiye agahiy\u00ean n\u00fb li derbara \u00ear\u00ee\u015fa ser Hewl\u00ear\u00ea ji Wa\u015fingtun\u00ea a paytexta Amer\u00eekay\u00ea bi dest xistine \u00fb li gor wan agah\u00eeyan, &#8220;He\u015fda \u015eab\u00ee \u00fb r\u00eaxistina PKK\u00ea&#8221; ev \u00ear\u00ee\u015f encam day\u00ee ye.<\/span><\/h3>\n<h3 style=\"text-align: justify\">Kenala &#8220;El Erabiye\/El Hedes&#8221; di raporek\u00ea de e\u015fkere kir, tev\u00ee ku \u00ceran red dike w\u00ea dest di \u00ear\u00ee\u015fa ser balefirgeha navdewlet\u00ee a Hewl\u00ear\u00ea \u00fb bingeha Amer\u00eekay\u00ea de hebe, l\u00ea bel\u00ea agahiy\u00ean ku \u00e7avkaniy\u00ean wan ji rayedar\u00ean Wa\u015fington\u00ea bi dest xistine, e\u015fkere dikin ku aliy\u00ean be\u015fdar di \u00ear\u00ee\u015f\u00ea de hatine dest n\u00ee\u015fan kirin.<\/h3>\n<h3 style=\"direction: rtl;text-align: justify\"><a style=\"font-size: 1.125rem\" href=\"https:\/\/darkamazi.net\/wp-content\/uploads\/2021\/02\/\u0647\u0647\u200c\u0648\u0644\u06ce\u0631-\u067e\u0647\u200c\u0643\u0647\u200c\u0643\u0647\u200c-\u062d\u0647\u200c\u0634\u062f\u0627-\u0634\u0647\u200c\u0639\u0628\u06cc-\u0626\u06cc\u0631\u0627\u0646-arbil-pkk-hashd-shabi-kurdistan-us-3.jpg\"><img decoding=\"async\" class=\"aligncenter size-full darka-image-1021437\" src=\"https:\/\/darkamazi.net\/wp-content\/uploads\/2021\/02\/\u0647\u0647\u200c\u0648\u0644\u06ce\u0631-\u067e\u0647\u200c\u0643\u0647\u200c\u0643\u0647\u200c-\u062d\u0647\u200c\u0634\u062f\u0627-\u0634\u0647\u200c\u0639\u0628\u06cc-\u0626\u06cc\u0631\u0627\u0646-arbil-pkk-hashd-shabi-kurdistan-us-3.jpg\" alt=\"\" \/><\/a><\/h3>\n<h3 style=\"text-align: justify\">Di rapor\u00ea de hat\u00eeye: &#8220;di ser red kirina berdewam a \u00ceran\u00ea de ji boy destheb\u00fbna w\u00ea di \u00ear\u00ee\u015fa roj\u00ean rab\u00fbr\u00ee a ser balefirgeha Hewl\u00ear\u00ea \u00fb bingeha Amer\u00eekay\u00ea, l\u00ea bel\u00ea \u00e7avkaniy\u00ean &#8220;El Erabiye\/El Hedes&#8221; ji hinek \u00e7avkaniy\u00ean bawerp\u00eakir\u00ee ji paytexta Amer\u00eekay\u00ea dane zan\u00een ku lekol\u00eena li ser \u00ear\u00ee\u015f\u00ea\u00a0 dest bi e\u015fkere kirina aliy\u00ean be\u015fdar t\u00eade kirine, ji gir\u00eengitr\u00een p\u00ea\u015fhat\u00ean n\u00fb y\u00ean lekol\u00een\u00ea eve ku gir\u00fbpeke gir\u00eaday\u00ee &#8220;Part\u00eeya Karker\u00ean Kurdistan\u00ea&#8221; dest di m\u00fb\u015fekbaran kirina dorbera balefirgeha Hewl\u00ear\u00ea de heye, hem wext gir\u00fbpeke &#8220;He\u015fda \u015eab\u00ee&#8221; a gir\u00eaday \u00ceran\u00ea&#8221;.<\/h3>\n<p>[\/darkamazi_column_text][\/darkamazi_column][\/darkamazi_row][darkamazi_row][darkamazi_column][darkamazi_message message_box_color=&#8221;chino&#8221;]<\/p>\n<h1 style=\"text-align: center\"><span style=\"font-family: 'arial black', sans-serif;color: #8a0303\">Agahiy\u00ean ku kenala &#8220;El Erabiye\/El Hedes&#8221; parvekir\u00een wusane:<\/span><\/h1>\n<ol>\n<li>\n<h3><strong>\u00car\u00ee\u015fa ser Hewl\u00ear\u00ea ji d\u00fb nav\u00e7eyan hat\u00eeye encam day\u00een, nav\u00e7eya yek\u00ea li j\u00ear desthilata hik\u00fbmeta \u00ceraq\u00ea de ye \u00fb li w\u00ea nav\u00e7ey\u00ea gir\u00fbpeke &#8220;He\u015fda \u015eab\u00ee&#8221; a gir\u00eaday \u00ceran\u00ea c\u00ee digre.<\/strong><\/h3>\n<\/li>\n<li>\n<h3><strong>Nav\u00e7eya d\u00fbyem\u00een ji dorbera Hewl\u00ear\u00ea ye, wate nav\u00e7eyeke li j\u00ear dest\u00ea hik\u00fbmeta Ba\u015f\u00fbr\u00ea Kurdistan\u00ea \u00fb &#8220;PKK\u00ea&#8221; encam day\u00ee ye.<\/strong><\/h3>\n<\/li>\n<\/ol>\n<p>[\/darkamazi_message][darkamazi_column_text]<\/p>\n<h3 style=\"text-align: justify\">El Erabiye dib\u00eaje: &#8220;m\u00fb\u015fek\u00ean di \u00ear\u00ee\u015f\u00ea de hatine bikaran\u00een \u00ceran\u00ea ji boy He\u015fda \u015eab\u00ee \u00fb PKK\u00ea dab\u00een kirine, lekol\u00een\u00ean Amer\u00eekay\u00ea niha li derbara \u00e7awan\u00eeya hemaheng\u00eeya li n\u00eavbera He\u015fd\u00ea \u00fb PKK\u00ea ji boy encam day\u00eena \u00ear\u00ee\u015f\u00ea t\u00ean kirin&#8221;.<\/h3>\n<p>[\/darkamazi_column_text][\/darkamazi_column][\/darkamazi_row]<\/p>\n<\/div>","protected":false},"excerpt":{"rendered":"<p>[darkamazi_row][darkamazi_column][darkamazi_column_text] Kenala El Erabiye agahiy\u00ean n\u00fb li derbara \u00ear\u00ee\u015fa ser Hewl\u00ear\u00ea ji Wa\u015fingtun\u00ea a paytexta Amer\u00eekay\u00ea bi dest xistine \u00fb li gor wan agah\u00eeyan, &#8220;He\u015fda \u015eab\u00ee \u00fb r\u00eaxistina PKK\u00ea&#8221; ev \u00ear\u00ee\u015f encam day\u00ee ye. Kenala &#8220;El Erabiye\/El Hedes&#8221; di raporek\u00ea de e\u015fkere kir, tev\u00ee ku \u00ceran red dike w\u00ea dest di \u00ear\u00ee\u015fa ser balefirgeha navdewlet\u00ee [&hellip;]<\/p>\n","protected":false},"author":2,"featured_media":1019596,"comment_status":"closed","ping_status":"closed","sticky":false,"template":"","format":"standard","meta":{"footnotes":""},"categories":[29],"tags":[37],"class_list":["post-1019595","post","type-post","status-publish","format-standard","has-post-thumbnail","hentry","category-kurdistan","tag-sereke"],"blocksy_meta":[],"seo_head":"<!-- This site is optimized with the Yoast SEO plugin v27.5 - https:\/\/yoast.com\/product\/yoast-seo-wordpress\/ -->\n<title>Kenala &quot;El Erabiye&quot;: He\u015fd\u00ea \u00fb PKK\u00ea \u00ear\u00ee\u015fa ser Hewl\u00ear\u00ea encam day\u00ee ye - Darka Maz\u00ee<\/title>\n<meta name=\"robots\" content=\"index, follow, max-snippet:-1, max-image-preview:large, max-video-preview:-1\" \/>\n<link rel=\"canonical\" href=\"https:\/\/darkamazi.info\/archives\/1019595\" \/>\n<meta property=\"og:locale\" content=\"en_US\" \/>\n<meta property=\"og:type\" content=\"article\" \/>\n<meta property=\"og:title\" content=\"Kenala &quot;El Erabiye&quot;: He\u015fd\u00ea \u00fb PKK\u00ea \u00ear\u00ee\u015fa ser Hewl\u00ear\u00ea encam day\u00ee ye - Darka Maz\u00ee\" \/>\n<meta property=\"og:description\" content=\"[darkamazi_row][darkamazi_column][darkamazi_column_text] Kenala El Erabiye agahiy\u00ean n\u00fb li derbara \u00ear\u00ee\u015fa ser Hewl\u00ear\u00ea ji Wa\u015fingtun\u00ea a paytexta Amer\u00eekay\u00ea bi dest xistine \u00fb li gor wan agah\u00eeyan, &#8220;He\u015fda \u015eab\u00ee \u00fb r\u00eaxistina PKK\u00ea&#8221; ev \u00ear\u00ee\u015f encam day\u00ee ye. Kenala &#8220;El Erabiye\/El Hedes&#8221; di raporek\u00ea de e\u015fkere kir, tev\u00ee ku \u00ceran red dike w\u00ea dest di \u00ear\u00ee\u015fa ser balefirgeha navdewlet\u00ee [&hellip;]\" \/>\n<meta property=\"og:url\" content=\"https:\/\/darkamazi.info\/archives\/1019595\" \/>\n<meta property=\"og:site_name\" content=\"Darka Maz\u00ee\" \/>\n<meta property=\"article:publisher\" content=\"https:\/\/www.facebook.com\/DarMaziKurmanci\" \/>\n<meta property=\"article:published_time\" content=\"2021-02-20T11:32:48+00:00\" \/>\n<meta property=\"og:image\" content=\"https:\/\/darkamazi.info\/file\/2021\/02\/\u0647\u0647\u200c\u0648\u0644\u06ce\u0631-\u067e\u0647\u200c\u0643\u0647\u200c\u0643\u0647\u200c-\u062d\u0647\u200c\u0634\u062f\u0627-\u0634\u0647\u200c\u0639\u0628\u06cc-\u0626\u06cc\u0631\u0627\u0646-arbil-pkk-hashd-shabi-kurdistan-us-1.jpg\" \/>\n\t<meta property=\"og:image:width\" content=\"900\" \/>\n\t<meta property=\"og:image:height\" content=\"497\" \/>\n\t<meta property=\"og:image:type\" content=\"image\/jpeg\" \/>\n<meta name=\"author\" content=\"darka mazi\" \/>\n<meta name=\"twitter:card\" content=\"summary_large_image\" \/>\n<meta name=\"twitter:creator\" content=\"@DarkaMaziLatini\" \/>\n<meta name=\"twitter:site\" content=\"@DarkaMaziLatini\" \/>\n<meta name=\"twitter:label1\" content=\"Written by\" \/>\n\t<meta name=\"twitter:data1\" content=\"darka mazi\" \/>\n\t<meta name=\"twitter:label2\" content=\"Est. reading time\" \/>\n\t<meta name=\"twitter:data2\" content=\"2 minutes\" \/>\n<script type=\"application\/ld+json\" class=\"seo-schema-graph\">{\"@context\":\"https:\\\/\\\/schema.org\",\"@graph\":[{\"@type\":\"Article\",\"@id\":\"https:\\\/\\\/darkamazi.info\\\/archives\\\/1019595#article\",\"isPartOf\":{\"@id\":\"https:\\\/\\\/darkamazi.info\\\/archives\\\/1019595\"},\"author\":{\"name\":\"darka mazi\",\"@id\":\"https:\\\/\\\/darkamazi.info\\\/#\\\/schema\\\/person\\\/5ad3e24553a0567993fa8ed4bd0a776c\"},\"headline\":\"Kenala &#8220;El Erabiye&#8221;: He\u015fd\u00ea \u00fb PKK\u00ea \u00ear\u00ee\u015fa ser Hewl\u00ear\u00ea encam day\u00ee ye\",\"datePublished\":\"2021-02-20T11:32:48+00:00\",\"mainEntityOfPage\":{\"@id\":\"https:\\\/\\\/darkamazi.info\\\/archives\\\/1019595\"},\"wordCount\":398,\"publisher\":{\"@id\":\"https:\\\/\\\/darkamazi.info\\\/#organization\"},\"image\":{\"@id\":\"https:\\\/\\\/darkamazi.info\\\/archives\\\/1019595#primaryimage\"},\"thumbnailUrl\":\"https:\\\/\\\/darkamazi.info\\\/darka-content\\\/uploads\\\/2021\\\/02\\\/\u0647\u0647\u200c\u0648\u0644\u06ce\u0631-\u067e\u0647\u200c\u0643\u0647\u200c\u0643\u0647\u200c-\u062d\u0647\u200c\u0634\u062f\u0627-\u0634\u0647\u200c\u0639\u0628\u06cc-\u0626\u06cc\u0631\u0627\u0646-arbil-pkk-hashd-shabi-kurdistan-us-1.jpg\",\"keywords\":[\"sereke\"],\"articleSection\":[\"Kurdistan\"],\"inLanguage\":\"en-US\"},{\"@type\":\"WebPage\",\"@id\":\"https:\\\/\\\/darkamazi.info\\\/archives\\\/1019595\",\"url\":\"https:\\\/\\\/darkamazi.info\\\/archives\\\/1019595\",\"name\":\"Kenala \\\"El Erabiye\\\": He\u015fd\u00ea \u00fb PKK\u00ea \u00ear\u00ee\u015fa ser Hewl\u00ear\u00ea encam day\u00ee ye - Darka Maz\u00ee\",\"isPartOf\":{\"@id\":\"https:\\\/\\\/darkamazi.info\\\/#website\"},\"primaryImageOfPage\":{\"@id\":\"https:\\\/\\\/darkamazi.info\\\/archives\\\/1019595#primaryimage\"},\"image\":{\"@id\":\"https:\\\/\\\/darkamazi.info\\\/archives\\\/1019595#primaryimage\"},\"thumbnailUrl\":\"https:\\\/\\\/darkamazi.info\\\/darka-content\\\/uploads\\\/2021\\\/02\\\/\u0647\u0647\u200c\u0648\u0644\u06ce\u0631-\u067e\u0647\u200c\u0643\u0647\u200c\u0643\u0647\u200c-\u062d\u0647\u200c\u0634\u062f\u0627-\u0634\u0647\u200c\u0639\u0628\u06cc-\u0626\u06cc\u0631\u0627\u0646-arbil-pkk-hashd-shabi-kurdistan-us-1.jpg\",\"datePublished\":\"2021-02-20T11:32:48+00:00\",\"breadcrumb\":{\"@id\":\"https:\\\/\\\/darkamazi.info\\\/archives\\\/1019595#breadcrumb\"},\"inLanguage\":\"en-US\",\"potentialAction\":[{\"@type\":\"ReadAction\",\"target\":[\"https:\\\/\\\/darkamazi.info\\\/archives\\\/1019595\"]}]},{\"@type\":\"ImageObject\",\"inLanguage\":\"en-US\",\"@id\":\"https:\\\/\\\/darkamazi.info\\\/archives\\\/1019595#primaryimage\",\"url\":\"https:\\\/\\\/darkamazi.info\\\/darka-content\\\/uploads\\\/2021\\\/02\\\/\u0647\u0647\u200c\u0648\u0644\u06ce\u0631-\u067e\u0647\u200c\u0643\u0647\u200c\u0643\u0647\u200c-\u062d\u0647\u200c\u0634\u062f\u0627-\u0634\u0647\u200c\u0639\u0628\u06cc-\u0626\u06cc\u0631\u0627\u0646-arbil-pkk-hashd-shabi-kurdistan-us-1.jpg\",\"contentUrl\":\"https:\\\/\\\/darkamazi.info\\\/darka-content\\\/uploads\\\/2021\\\/02\\\/\u0647\u0647\u200c\u0648\u0644\u06ce\u0631-\u067e\u0647\u200c\u0643\u0647\u200c\u0643\u0647\u200c-\u062d\u0647\u200c\u0634\u062f\u0627-\u0634\u0647\u200c\u0639\u0628\u06cc-\u0626\u06cc\u0631\u0627\u0646-arbil-pkk-hashd-shabi-kurdistan-us-1.jpg\",\"width\":900,\"height\":497,\"caption\":\"Kenala \\\"El Erabiye\\\": He\u015fd\u00ea \u00fb PKK\u00ea \u00ear\u00ee\u015fa ser Hewl\u00ear\u00ea encam day\u00ee ye\"},{\"@type\":\"BreadcrumbList\",\"@id\":\"https:\\\/\\\/darkamazi.info\\\/archives\\\/1019595#breadcrumb\",\"itemListElement\":[{\"@type\":\"ListItem\",\"position\":1,\"name\":\"Home\",\"item\":\"https:\\\/\\\/darkamazi.info\\\/\"},{\"@type\":\"ListItem\",\"position\":2,\"name\":\"Kenala &#8220;El Erabiye&#8221;: He\u015fd\u00ea \u00fb PKK\u00ea \u00ear\u00ee\u015fa ser Hewl\u00ear\u00ea encam day\u00ee ye\"}]},{\"@type\":\"WebSite\",\"@id\":\"https:\\\/\\\/darkamazi.info\\\/#website\",\"url\":\"https:\\\/\\\/darkamazi.info\\\/\",\"name\":\"Darka Maz\u00ee\",\"description\":\"P\u00eageha Zanyariy\u00ean Nebih\u00eest\u00ee\",\"publisher\":{\"@id\":\"https:\\\/\\\/darkamazi.info\\\/#organization\"},\"potentialAction\":[{\"@type\":\"SearchAction\",\"target\":{\"@type\":\"EntryPoint\",\"urlTemplate\":\"https:\\\/\\\/darkamazi.info\\\/?s={search_term_string}\"},\"query-input\":{\"@type\":\"PropertyValueSpecification\",\"valueRequired\":true,\"valueName\":\"search_term_string\"}}],\"inLanguage\":\"en-US\"},{\"@type\":\"Organization\",\"@id\":\"https:\\\/\\\/darkamazi.info\\\/#organization\",\"name\":\"Darka Maz\u00ee\",\"url\":\"https:\\\/\\\/darkamazi.info\\\/\",\"logo\":{\"@type\":\"ImageObject\",\"inLanguage\":\"en-US\",\"@id\":\"https:\\\/\\\/darkamazi.info\\\/#\\\/schema\\\/logo\\\/image\\\/\",\"url\":\"https:\\\/\\\/darkamazi.info\\\/darka-content\\\/uploads\\\/2017\\\/12\\\/darka-mazi-logo.png\",\"contentUrl\":\"https:\\\/\\\/darkamazi.info\\\/darka-content\\\/uploads\\\/2017\\\/12\\\/darka-mazi-logo.png\",\"width\":151,\"height\":75,\"caption\":\"Darka Maz\u00ee\"},\"image\":{\"@id\":\"https:\\\/\\\/darkamazi.info\\\/#\\\/schema\\\/logo\\\/image\\\/\"},\"sameAs\":[\"https:\\\/\\\/www.facebook.com\\\/DarMaziKurmanci\",\"https:\\\/\\\/x.com\\\/DarkaMaziLatini\",\"https:\\\/\\\/www.instagram.com\\\/darkamazi.kurmanci\\\/\",\"https:\\\/\\\/www.youtube.com\\\/channel\\\/UCa5HkTdmI8U1qCUFuTw8B2g\"]},{\"@type\":\"Person\",\"@id\":\"https:\\\/\\\/darkamazi.info\\\/#\\\/schema\\\/person\\\/5ad3e24553a0567993fa8ed4bd0a776c\",\"name\":\"darka mazi\",\"sameAs\":[\"https:\\\/\\\/darkamazi.info\\\/\"],\"url\":\"https:\\\/\\\/darkamazi.info\\\/archives\\\/author\\\/kurdi\"}]}<\/script>\n<!-- \/ Yoast SEO plugin. -->","seo_head_json":{"title":"Kenala \"El Erabiye\": He\u015fd\u00ea \u00fb PKK\u00ea \u00ear\u00ee\u015fa ser Hewl\u00ear\u00ea encam day\u00ee ye - Darka Maz\u00ee","robots":{"index":"index","follow":"follow","max-snippet":"max-snippet:-1","max-image-preview":"max-image-preview:large","max-video-preview":"max-video-preview:-1"},"canonical":"https:\/\/darkamazi.info\/archives\/1019595","og_locale":"en_US","og_type":"article","og_title":"Kenala \"El Erabiye\": He\u015fd\u00ea \u00fb PKK\u00ea \u00ear\u00ee\u015fa ser Hewl\u00ear\u00ea encam day\u00ee ye - Darka Maz\u00ee","og_description":"[darkamazi_row][darkamazi_column][darkamazi_column_text] Kenala El Erabiye agahiy\u00ean n\u00fb li derbara \u00ear\u00ee\u015fa ser Hewl\u00ear\u00ea ji Wa\u015fingtun\u00ea a paytexta Amer\u00eekay\u00ea bi dest xistine \u00fb li gor wan agah\u00eeyan, &#8220;He\u015fda \u015eab\u00ee \u00fb r\u00eaxistina PKK\u00ea&#8221; ev \u00ear\u00ee\u015f encam day\u00ee ye. Kenala &#8220;El Erabiye\/El Hedes&#8221; di raporek\u00ea de e\u015fkere kir, tev\u00ee ku \u00ceran red dike w\u00ea dest di \u00ear\u00ee\u015fa ser balefirgeha navdewlet\u00ee [&hellip;]","og_url":"https:\/\/darkamazi.info\/archives\/1019595","og_site_name":"Darka Maz\u00ee","article_publisher":"https:\/\/www.facebook.com\/DarMaziKurmanci","article_published_time":"2021-02-20T11:32:48+00:00","og_image":[{"width":900,"height":497,"url":"https:\/\/darkamazi.info\/file\/2021\/02\/\u0647\u0647\u200c\u0648\u0644\u06ce\u0631-\u067e\u0647\u200c\u0643\u0647\u200c\u0643\u0647\u200c-\u062d\u0647\u200c\u0634\u062f\u0627-\u0634\u0647\u200c\u0639\u0628\u06cc-\u0626\u06cc\u0631\u0627\u0646-arbil-pkk-hashd-shabi-kurdistan-us-1.jpg","type":"image\/jpeg"}],"author":"darka mazi","twitter_card":"summary_large_image","twitter_creator":"@DarkaMaziLatini","twitter_site":"@DarkaMaziLatini","twitter_misc":{"Written by":"darka mazi","Est. reading time":"2 minutes"},"schema":{"@context":"https:\/\/schema.org","@graph":[{"@type":"Article","@id":"https:\/\/darkamazi.info\/archives\/1019595#article","isPartOf":{"@id":"https:\/\/darkamazi.info\/archives\/1019595"},"author":{"name":"darka mazi","@id":"https:\/\/darkamazi.info\/#\/schema\/person\/5ad3e24553a0567993fa8ed4bd0a776c"},"headline":"Kenala &#8220;El Erabiye&#8221;: He\u015fd\u00ea \u00fb PKK\u00ea \u00ear\u00ee\u015fa ser Hewl\u00ear\u00ea encam day\u00ee ye","datePublished":"2021-02-20T11:32:48+00:00","mainEntityOfPage":{"@id":"https:\/\/darkamazi.info\/archives\/1019595"},"wordCount":398,"publisher":{"@id":"https:\/\/darkamazi.info\/#organization"},"image":{"@id":"https:\/\/darkamazi.info\/archives\/1019595#primaryimage"},"thumbnailUrl":"https:\/\/darkamazi.info\/file\/2021\/02\/\u0647\u0647\u200c\u0648\u0644\u06ce\u0631-\u067e\u0647\u200c\u0643\u0647\u200c\u0643\u0647\u200c-\u062d\u0647\u200c\u0634\u062f\u0627-\u0634\u0647\u200c\u0639\u0628\u06cc-\u0626\u06cc\u0631\u0627\u0646-arbil-pkk-hashd-shabi-kurdistan-us-1.jpg","keywords":["sereke"],"articleSection":["Kurdistan"],"inLanguage":"en-US"},{"@type":"WebPage","@id":"https:\/\/darkamazi.info\/archives\/1019595","url":"https:\/\/darkamazi.info\/archives\/1019595","name":"Kenala \"El Erabiye\": He\u015fd\u00ea \u00fb PKK\u00ea \u00ear\u00ee\u015fa ser Hewl\u00ear\u00ea encam day\u00ee ye - Darka Maz\u00ee","isPartOf":{"@id":"https:\/\/darkamazi.info\/#website"},"primaryImageOfPage":{"@id":"https:\/\/darkamazi.info\/archives\/1019595#primaryimage"},"image":{"@id":"https:\/\/darkamazi.info\/archives\/1019595#primaryimage"},"thumbnailUrl":"https:\/\/darkamazi.info\/file\/2021\/02\/\u0647\u0647\u200c\u0648\u0644\u06ce\u0631-\u067e\u0647\u200c\u0643\u0647\u200c\u0643\u0647\u200c-\u062d\u0647\u200c\u0634\u062f\u0627-\u0634\u0647\u200c\u0639\u0628\u06cc-\u0626\u06cc\u0631\u0627\u0646-arbil-pkk-hashd-shabi-kurdistan-us-1.jpg","datePublished":"2021-02-20T11:32:48+00:00","breadcrumb":{"@id":"https:\/\/darkamazi.info\/archives\/1019595#breadcrumb"},"inLanguage":"en-US","potentialAction":[{"@type":"ReadAction","target":["https:\/\/darkamazi.info\/archives\/1019595"]}]},{"@type":"ImageObject","inLanguage":"en-US","@id":"https:\/\/darkamazi.info\/archives\/1019595#primaryimage","url":"https:\/\/darkamazi.info\/file\/2021\/02\/\u0647\u0647\u200c\u0648\u0644\u06ce\u0631-\u067e\u0647\u200c\u0643\u0647\u200c\u0643\u0647\u200c-\u062d\u0647\u200c\u0634\u062f\u0627-\u0634\u0647\u200c\u0639\u0628\u06cc-\u0626\u06cc\u0631\u0627\u0646-arbil-pkk-hashd-shabi-kurdistan-us-1.jpg","contentUrl":"https:\/\/darkamazi.info\/file\/2021\/02\/\u0647\u0647\u200c\u0648\u0644\u06ce\u0631-\u067e\u0647\u200c\u0643\u0647\u200c\u0643\u0647\u200c-\u062d\u0647\u200c\u0634\u062f\u0627-\u0634\u0647\u200c\u0639\u0628\u06cc-\u0626\u06cc\u0631\u0627\u0646-arbil-pkk-hashd-shabi-kurdistan-us-1.jpg","width":900,"height":497,"caption":"Kenala \"El Erabiye\": He\u015fd\u00ea \u00fb PKK\u00ea \u00ear\u00ee\u015fa ser Hewl\u00ear\u00ea encam day\u00ee ye"},{"@type":"BreadcrumbList","@id":"https:\/\/darkamazi.info\/archives\/1019595#breadcrumb","itemListElement":[{"@type":"ListItem","position":1,"name":"Home","item":"https:\/\/darkamazi.info\/"},{"@type":"ListItem","position":2,"name":"Kenala &#8220;El Erabiye&#8221;: He\u015fd\u00ea \u00fb PKK\u00ea \u00ear\u00ee\u015fa ser Hewl\u00ear\u00ea encam day\u00ee ye"}]},{"@type":"WebSite","@id":"https:\/\/darkamazi.info\/#website","url":"https:\/\/darkamazi.info\/","name":"Darka Maz\u00ee","description":"P\u00eageha Zanyariy\u00ean Nebih\u00eest\u00ee","publisher":{"@id":"https:\/\/darkamazi.info\/#organization"},"potentialAction":[{"@type":"SearchAction","target":{"@type":"EntryPoint","urlTemplate":"https:\/\/darkamazi.info\/?s={search_term_string}"},"query-input":{"@type":"PropertyValueSpecification","valueRequired":true,"valueName":"search_term_string"}}],"inLanguage":"en-US"},{"@type":"Organization","@id":"https:\/\/darkamazi.info\/#organization","name":"Darka Maz\u00ee","url":"https:\/\/darkamazi.info\/","logo":{"@type":"ImageObject","inLanguage":"en-US","@id":"https:\/\/darkamazi.info\/#\/schema\/logo\/image\/","url":"https:\/\/darkamazi.info\/file\/2017\/12\/darka-mazi-logo.png","contentUrl":"https:\/\/darkamazi.info\/file\/2017\/12\/darka-mazi-logo.png","width":151,"height":75,"caption":"Darka Maz\u00ee"},"image":{"@id":"https:\/\/darkamazi.info\/#\/schema\/logo\/image\/"},"sameAs":["https:\/\/www.facebook.com\/DarMaziKurmanci","https:\/\/x.com\/DarkaMaziLatini","https:\/\/www.instagram.com\/darkamazi.kurmanci\/","https:\/\/www.youtube.com\/channel\/UCa5HkTdmI8U1qCUFuTw8B2g"]},{"@type":"Person","@id":"https:\/\/darkamazi.info\/#\/schema\/person\/5ad3e24553a0567993fa8ed4bd0a776c","name":"darka mazi","sameAs":["https:\/\/darkamazi.info\/"],"url":"https:\/\/darkamazi.info\/archives\/author\/kurdi"}]}},"_links":{"self":[{"href":"https:\/\/darkamazi.info\/funavuv\/wp\/v2\/posts\/1019595","targetHints":{"allow":["GET"]}}],"collection":[{"href":"https:\/\/darkamazi.info\/funavuv\/wp\/v2\/posts"}],"about":[{"href":"https:\/\/darkamazi.info\/funavuv\/wp\/v2\/types\/post"}],"author":[{"embeddable":true,"href":"https:\/\/darkamazi.info\/funavuv\/wp\/v2\/users\/2"}],"replies":[{"embeddable":true,"href":"https:\/\/darkamazi.info\/funavuv\/wp\/v2\/comments?post=1019595"}],"version-history":[{"count":0,"href":"https:\/\/darkamazi.info\/funavuv\/wp\/v2\/posts\/1019595\/revisions"}],"wp:featuredmedia":[{"embeddable":true,"href":"https:\/\/darkamazi.info\/funavuv\/wp\/v2\/media\/1019596"}],"wp:attachment":[{"href":"https:\/\/darkamazi.info\/funavuv\/wp\/v2\/media?parent=1019595"}],"wp:term":[{"taxonomy":"category","embeddable":true,"href":"https:\/\/darkamazi.info\/funavuv\/wp\/v2\/categories?post=1019595"},{"taxonomy":"post_tag","embeddable":true,"href":"https:\/\/darkamazi.info\/funavuv\/wp\/v2\/tags?post=1019595"}],"curies":[{"name":"wp","href":"https:\/\/api.w.org\/{rel}","templated":true}]}}