{"id":1019616,"date":"2021-02-21T11:38:56","date_gmt":"2021-02-21T08:38:56","guid":{"rendered":"https:\/\/darkamazi.info\/?p=1019616"},"modified":"2021-02-21T11:44:24","modified_gmt":"2021-02-21T08:44:24","slug":"nifse-nu-ye-kovide-li-basure-welat-xweya-bu","status":"publish","type":"post","link":"https:\/\/darkamazi.info\/archives\/1019616","title":{"rendered":"Nif\u015f\u00ea n\u00fb y\u00ea Kov\u00eed\u00ea li Ba\u015f\u00fbr\u00ea welat xweya b\u00fb"},"content":{"rendered":"<h3 style=\"text-align: justify\"><span style=\"font-family: 'arial black', sans-serif\">Nif\u015f\u00ea n\u00fb y\u00ea v\u00eerosa Koronay\u00ea &#8220;COVID-19&#8221; li Ba\u015f\u00fbr\u00ea welat xweya dibe, pa\u015f ku duh hinek \u015fikbar p\u00ea hatine dest n\u00ee\u015fan kirin.<\/span><\/h3>\n<h3 style=\"text-align: justify\">Wezareta tendirustiy\u00ea ya hik\u00fbmeta Ba\u015f\u00fbr\u00ea Kurdistan\u00ea \u00eero roja yek\u015fem\u00ee 21\/2\/2021an, daxuyan\u00ee da \u00fb e\u015fkere kir, pa\u015f test kirina \u015fikbar\u00ean ku duh bi nif\u015f\u00ea n\u00fb y\u00ea v\u00eerosa COVID \u00ea hatine dest n\u00ee\u015fan kirin, \u00eero xweya b\u00fb ku ew bi nif\u015f\u00ea n\u00fb y\u00ea COVID \u00ea ketine.<\/h3>\n<h3 style=\"text-align: justify\">Berdevk\u00ea wezareta tendirustiy\u00ea y\u00ea her\u00eama Kurdistan\u00ea Dr. Aso Hew\u00eaz\u00ee ragihand, 5 halet\u00ean p\u00eaketin\u00ea bi nif\u015f\u00ea n\u00fb y\u00ea v\u00eerosa Koronay\u00ea hatine tomar kirin.<\/h3>\n<h3 style=\"text-align: justify\">Dr. Aso Hew\u00eaz\u00ee diyar kir, hinek halet\u00ean din y\u00ean bi guman hene, l\u00ea heta test\u00ean p\u00eaw\u00eest ji wan re ney\u00ean kirin, ew pi\u015ftrast nakin.<\/h3>\n<h3 style=\"text-align: justify\">T\u00ea zan\u00een nif\u015f\u00ea n\u00fb y\u00ea v\u00eerosa Koronay\u00ea li Amer\u00eekay\u00ea, Beraz\u00eel \u00fb hinek dewlet\u00ean Ewropay\u00ea xweya b\u00fbye, lekol\u00eenan tesb\u00eet kir ku hereketa v\u00ea v\u00eeros\u00ea lezg\u00eene.<\/h3>\n<h3 style=\"text-align: justify\">Wezareta tendirustiy\u00ea dib\u00eaje: rew\u015fa p\u00eaketiy\u00ean nif\u015f\u00ea n\u00fb li Ba\u015f\u00fbr\u00ea Kurdistan\u00ea ba\u015fe \u00fb h\u00eajan tu xeter\u00eeyek li ser can\u00ea wan \u00e7\u00eaneb\u00fbye.<\/h3>\n","protected":false},"excerpt":{"rendered":"<p>Nif\u015f\u00ea n\u00fb y\u00ea v\u00eerosa Koronay\u00ea &#8220;COVID-19&#8221; li Ba\u015f\u00fbr\u00ea welat xweya dibe, pa\u015f ku duh hinek \u015fikbar p\u00ea hatine dest n\u00ee\u015fan kirin. Wezareta tendirustiy\u00ea ya hik\u00fbmeta Ba\u015f\u00fbr\u00ea Kurdistan\u00ea \u00eero roja yek\u015fem\u00ee 21\/2\/2021an, daxuyan\u00ee da \u00fb e\u015fkere kir, pa\u015f test kirina \u015fikbar\u00ean ku duh bi nif\u015f\u00ea n\u00fb y\u00ea v\u00eerosa COVID \u00ea hatine dest n\u00ee\u015fan kirin, \u00eero xweya [&hellip;]<\/p>\n","protected":false},"author":2,"featured_media":1019618,"comment_status":"closed","ping_status":"closed","sticky":false,"template":"","format":"standard","meta":{"footnotes":""},"categories":[29],"tags":[37],"class_list":["post-1019616","post","type-post","status-publish","format-standard","has-post-thumbnail","hentry","category-kurdistan","tag-sereke"],"blocksy_meta":[],"seo_head":"<!-- This site is optimized with the Yoast SEO plugin v27.5 - https:\/\/yoast.com\/product\/yoast-seo-wordpress\/ -->\n<title>Nif\u015f\u00ea n\u00fb y\u00ea Kov\u00eed\u00ea li Ba\u015f\u00fbr\u00ea welat xweya b\u00fb - Darka Maz\u00ee<\/title>\n<meta name=\"robots\" content=\"index, follow, max-snippet:-1, max-image-preview:large, max-video-preview:-1\" \/>\n<link rel=\"canonical\" href=\"https:\/\/darkamazi.info\/archives\/1019616\" \/>\n<meta property=\"og:locale\" content=\"en_US\" \/>\n<meta property=\"og:type\" content=\"article\" \/>\n<meta property=\"og:title\" content=\"Nif\u015f\u00ea n\u00fb y\u00ea Kov\u00eed\u00ea li Ba\u015f\u00fbr\u00ea welat xweya b\u00fb - Darka Maz\u00ee\" \/>\n<meta property=\"og:description\" content=\"Nif\u015f\u00ea n\u00fb y\u00ea v\u00eerosa Koronay\u00ea &#8220;COVID-19&#8221; li Ba\u015f\u00fbr\u00ea welat xweya dibe, pa\u015f ku duh hinek \u015fikbar p\u00ea hatine dest n\u00ee\u015fan kirin. Wezareta tendirustiy\u00ea ya hik\u00fbmeta Ba\u015f\u00fbr\u00ea Kurdistan\u00ea \u00eero roja yek\u015fem\u00ee 21\/2\/2021an, daxuyan\u00ee da \u00fb e\u015fkere kir, pa\u015f test kirina \u015fikbar\u00ean ku duh bi nif\u015f\u00ea n\u00fb y\u00ea v\u00eerosa COVID \u00ea hatine dest n\u00ee\u015fan kirin, \u00eero xweya [&hellip;]\" \/>\n<meta property=\"og:url\" content=\"https:\/\/darkamazi.info\/archives\/1019616\" \/>\n<meta property=\"og:site_name\" content=\"Darka Maz\u00ee\" \/>\n<meta property=\"article:publisher\" content=\"https:\/\/www.facebook.com\/DarMaziKurmanci\" \/>\n<meta property=\"article:published_time\" content=\"2021-02-21T08:38:56+00:00\" \/>\n<meta property=\"article:modified_time\" content=\"2021-02-21T08:44:24+00:00\" \/>\n<meta property=\"og:image\" content=\"https:\/\/darkamazi.info\/file\/2021\/02\/5-haleten-Koronaya-nu-li-Herema-Kurdistane-hatin-tomarkirin-2.jpg\" \/>\n\t<meta property=\"og:image:width\" content=\"900\" \/>\n\t<meta property=\"og:image:height\" content=\"497\" \/>\n\t<meta property=\"og:image:type\" content=\"image\/jpeg\" \/>\n<meta name=\"author\" content=\"darka mazi\" \/>\n<meta name=\"twitter:card\" content=\"summary_large_image\" \/>\n<meta name=\"twitter:creator\" content=\"@DarkaMaziLatini\" \/>\n<meta name=\"twitter:site\" content=\"@DarkaMaziLatini\" \/>\n<meta name=\"twitter:label1\" content=\"Written by\" \/>\n\t<meta name=\"twitter:data1\" content=\"darka mazi\" \/>\n\t<meta name=\"twitter:label2\" content=\"Est. reading time\" \/>\n\t<meta name=\"twitter:data2\" content=\"1 minute\" \/>\n<script type=\"application\/ld+json\" class=\"seo-schema-graph\">{\"@context\":\"https:\\\/\\\/schema.org\",\"@graph\":[{\"@type\":\"Article\",\"@id\":\"https:\\\/\\\/darkamazi.info\\\/archives\\\/1019616#article\",\"isPartOf\":{\"@id\":\"https:\\\/\\\/darkamazi.info\\\/archives\\\/1019616\"},\"author\":{\"name\":\"darka mazi\",\"@id\":\"https:\\\/\\\/darkamazi.info\\\/#\\\/schema\\\/person\\\/5ad3e24553a0567993fa8ed4bd0a776c\"},\"headline\":\"Nif\u015f\u00ea n\u00fb y\u00ea Kov\u00eed\u00ea li Ba\u015f\u00fbr\u00ea welat xweya b\u00fb\",\"datePublished\":\"2021-02-21T08:38:56+00:00\",\"dateModified\":\"2021-02-21T08:44:24+00:00\",\"mainEntityOfPage\":{\"@id\":\"https:\\\/\\\/darkamazi.info\\\/archives\\\/1019616\"},\"wordCount\":202,\"publisher\":{\"@id\":\"https:\\\/\\\/darkamazi.info\\\/#organization\"},\"image\":{\"@id\":\"https:\\\/\\\/darkamazi.info\\\/archives\\\/1019616#primaryimage\"},\"thumbnailUrl\":\"https:\\\/\\\/darkamazi.info\\\/darka-content\\\/uploads\\\/2021\\\/02\\\/5-haleten-Koronaya-nu-li-Herema-Kurdistane-hatin-tomarkirin-2.jpg\",\"keywords\":[\"sereke\"],\"articleSection\":[\"Kurdistan\"],\"inLanguage\":\"en-US\"},{\"@type\":\"WebPage\",\"@id\":\"https:\\\/\\\/darkamazi.info\\\/archives\\\/1019616\",\"url\":\"https:\\\/\\\/darkamazi.info\\\/archives\\\/1019616\",\"name\":\"Nif\u015f\u00ea n\u00fb y\u00ea Kov\u00eed\u00ea li Ba\u015f\u00fbr\u00ea welat xweya b\u00fb - Darka Maz\u00ee\",\"isPartOf\":{\"@id\":\"https:\\\/\\\/darkamazi.info\\\/#website\"},\"primaryImageOfPage\":{\"@id\":\"https:\\\/\\\/darkamazi.info\\\/archives\\\/1019616#primaryimage\"},\"image\":{\"@id\":\"https:\\\/\\\/darkamazi.info\\\/archives\\\/1019616#primaryimage\"},\"thumbnailUrl\":\"https:\\\/\\\/darkamazi.info\\\/darka-content\\\/uploads\\\/2021\\\/02\\\/5-haleten-Koronaya-nu-li-Herema-Kurdistane-hatin-tomarkirin-2.jpg\",\"datePublished\":\"2021-02-21T08:38:56+00:00\",\"dateModified\":\"2021-02-21T08:44:24+00:00\",\"breadcrumb\":{\"@id\":\"https:\\\/\\\/darkamazi.info\\\/archives\\\/1019616#breadcrumb\"},\"inLanguage\":\"en-US\",\"potentialAction\":[{\"@type\":\"ReadAction\",\"target\":[\"https:\\\/\\\/darkamazi.info\\\/archives\\\/1019616\"]}]},{\"@type\":\"ImageObject\",\"inLanguage\":\"en-US\",\"@id\":\"https:\\\/\\\/darkamazi.info\\\/archives\\\/1019616#primaryimage\",\"url\":\"https:\\\/\\\/darkamazi.info\\\/darka-content\\\/uploads\\\/2021\\\/02\\\/5-haleten-Koronaya-nu-li-Herema-Kurdistane-hatin-tomarkirin-2.jpg\",\"contentUrl\":\"https:\\\/\\\/darkamazi.info\\\/darka-content\\\/uploads\\\/2021\\\/02\\\/5-haleten-Koronaya-nu-li-Herema-Kurdistane-hatin-tomarkirin-2.jpg\",\"width\":900,\"height\":497,\"caption\":\"Nif\u015f\u00ea n\u00fb y\u00ea Kov\u00eed\u00ea li Ba\u015f\u00fbr\u00ea welat xweya b\u00fb\"},{\"@type\":\"BreadcrumbList\",\"@id\":\"https:\\\/\\\/darkamazi.info\\\/archives\\\/1019616#breadcrumb\",\"itemListElement\":[{\"@type\":\"ListItem\",\"position\":1,\"name\":\"Home\",\"item\":\"https:\\\/\\\/darkamazi.info\\\/\"},{\"@type\":\"ListItem\",\"position\":2,\"name\":\"Nif\u015f\u00ea n\u00fb y\u00ea Kov\u00eed\u00ea li Ba\u015f\u00fbr\u00ea welat xweya b\u00fb\"}]},{\"@type\":\"WebSite\",\"@id\":\"https:\\\/\\\/darkamazi.info\\\/#website\",\"url\":\"https:\\\/\\\/darkamazi.info\\\/\",\"name\":\"Darka Maz\u00ee\",\"description\":\"P\u00eageha Zanyariy\u00ean Nebih\u00eest\u00ee\",\"publisher\":{\"@id\":\"https:\\\/\\\/darkamazi.info\\\/#organization\"},\"potentialAction\":[{\"@type\":\"SearchAction\",\"target\":{\"@type\":\"EntryPoint\",\"urlTemplate\":\"https:\\\/\\\/darkamazi.info\\\/?s={search_term_string}\"},\"query-input\":{\"@type\":\"PropertyValueSpecification\",\"valueRequired\":true,\"valueName\":\"search_term_string\"}}],\"inLanguage\":\"en-US\"},{\"@type\":\"Organization\",\"@id\":\"https:\\\/\\\/darkamazi.info\\\/#organization\",\"name\":\"Darka Maz\u00ee\",\"url\":\"https:\\\/\\\/darkamazi.info\\\/\",\"logo\":{\"@type\":\"ImageObject\",\"inLanguage\":\"en-US\",\"@id\":\"https:\\\/\\\/darkamazi.info\\\/#\\\/schema\\\/logo\\\/image\\\/\",\"url\":\"https:\\\/\\\/darkamazi.info\\\/darka-content\\\/uploads\\\/2017\\\/12\\\/darka-mazi-logo.png\",\"contentUrl\":\"https:\\\/\\\/darkamazi.info\\\/darka-content\\\/uploads\\\/2017\\\/12\\\/darka-mazi-logo.png\",\"width\":151,\"height\":75,\"caption\":\"Darka Maz\u00ee\"},\"image\":{\"@id\":\"https:\\\/\\\/darkamazi.info\\\/#\\\/schema\\\/logo\\\/image\\\/\"},\"sameAs\":[\"https:\\\/\\\/www.facebook.com\\\/DarMaziKurmanci\",\"https:\\\/\\\/x.com\\\/DarkaMaziLatini\",\"https:\\\/\\\/www.instagram.com\\\/darkamazi.kurmanci\\\/\",\"https:\\\/\\\/www.youtube.com\\\/channel\\\/UCa5HkTdmI8U1qCUFuTw8B2g\"]},{\"@type\":\"Person\",\"@id\":\"https:\\\/\\\/darkamazi.info\\\/#\\\/schema\\\/person\\\/5ad3e24553a0567993fa8ed4bd0a776c\",\"name\":\"darka mazi\",\"sameAs\":[\"https:\\\/\\\/darkamazi.info\\\/\"],\"url\":\"https:\\\/\\\/darkamazi.info\\\/archives\\\/author\\\/kurdi\"}]}<\/script>\n<!-- \/ Yoast SEO plugin. -->","seo_head_json":{"title":"Nif\u015f\u00ea n\u00fb y\u00ea Kov\u00eed\u00ea li Ba\u015f\u00fbr\u00ea welat xweya b\u00fb - Darka Maz\u00ee","robots":{"index":"index","follow":"follow","max-snippet":"max-snippet:-1","max-image-preview":"max-image-preview:large","max-video-preview":"max-video-preview:-1"},"canonical":"https:\/\/darkamazi.info\/archives\/1019616","og_locale":"en_US","og_type":"article","og_title":"Nif\u015f\u00ea n\u00fb y\u00ea Kov\u00eed\u00ea li Ba\u015f\u00fbr\u00ea welat xweya b\u00fb - Darka Maz\u00ee","og_description":"Nif\u015f\u00ea n\u00fb y\u00ea v\u00eerosa Koronay\u00ea &#8220;COVID-19&#8221; li Ba\u015f\u00fbr\u00ea welat xweya dibe, pa\u015f ku duh hinek \u015fikbar p\u00ea hatine dest n\u00ee\u015fan kirin. Wezareta tendirustiy\u00ea ya hik\u00fbmeta Ba\u015f\u00fbr\u00ea Kurdistan\u00ea \u00eero roja yek\u015fem\u00ee 21\/2\/2021an, daxuyan\u00ee da \u00fb e\u015fkere kir, pa\u015f test kirina \u015fikbar\u00ean ku duh bi nif\u015f\u00ea n\u00fb y\u00ea v\u00eerosa COVID \u00ea hatine dest n\u00ee\u015fan kirin, \u00eero xweya [&hellip;]","og_url":"https:\/\/darkamazi.info\/archives\/1019616","og_site_name":"Darka Maz\u00ee","article_publisher":"https:\/\/www.facebook.com\/DarMaziKurmanci","article_published_time":"2021-02-21T08:38:56+00:00","article_modified_time":"2021-02-21T08:44:24+00:00","og_image":[{"width":900,"height":497,"url":"https:\/\/darkamazi.info\/file\/2021\/02\/5-haleten-Koronaya-nu-li-Herema-Kurdistane-hatin-tomarkirin-2.jpg","type":"image\/jpeg"}],"author":"darka mazi","twitter_card":"summary_large_image","twitter_creator":"@DarkaMaziLatini","twitter_site":"@DarkaMaziLatini","twitter_misc":{"Written by":"darka mazi","Est. reading time":"1 minute"},"schema":{"@context":"https:\/\/schema.org","@graph":[{"@type":"Article","@id":"https:\/\/darkamazi.info\/archives\/1019616#article","isPartOf":{"@id":"https:\/\/darkamazi.info\/archives\/1019616"},"author":{"name":"darka mazi","@id":"https:\/\/darkamazi.info\/#\/schema\/person\/5ad3e24553a0567993fa8ed4bd0a776c"},"headline":"Nif\u015f\u00ea n\u00fb y\u00ea Kov\u00eed\u00ea li Ba\u015f\u00fbr\u00ea welat xweya b\u00fb","datePublished":"2021-02-21T08:38:56+00:00","dateModified":"2021-02-21T08:44:24+00:00","mainEntityOfPage":{"@id":"https:\/\/darkamazi.info\/archives\/1019616"},"wordCount":202,"publisher":{"@id":"https:\/\/darkamazi.info\/#organization"},"image":{"@id":"https:\/\/darkamazi.info\/archives\/1019616#primaryimage"},"thumbnailUrl":"https:\/\/darkamazi.info\/file\/2021\/02\/5-haleten-Koronaya-nu-li-Herema-Kurdistane-hatin-tomarkirin-2.jpg","keywords":["sereke"],"articleSection":["Kurdistan"],"inLanguage":"en-US"},{"@type":"WebPage","@id":"https:\/\/darkamazi.info\/archives\/1019616","url":"https:\/\/darkamazi.info\/archives\/1019616","name":"Nif\u015f\u00ea n\u00fb y\u00ea Kov\u00eed\u00ea li Ba\u015f\u00fbr\u00ea welat xweya b\u00fb - Darka Maz\u00ee","isPartOf":{"@id":"https:\/\/darkamazi.info\/#website"},"primaryImageOfPage":{"@id":"https:\/\/darkamazi.info\/archives\/1019616#primaryimage"},"image":{"@id":"https:\/\/darkamazi.info\/archives\/1019616#primaryimage"},"thumbnailUrl":"https:\/\/darkamazi.info\/file\/2021\/02\/5-haleten-Koronaya-nu-li-Herema-Kurdistane-hatin-tomarkirin-2.jpg","datePublished":"2021-02-21T08:38:56+00:00","dateModified":"2021-02-21T08:44:24+00:00","breadcrumb":{"@id":"https:\/\/darkamazi.info\/archives\/1019616#breadcrumb"},"inLanguage":"en-US","potentialAction":[{"@type":"ReadAction","target":["https:\/\/darkamazi.info\/archives\/1019616"]}]},{"@type":"ImageObject","inLanguage":"en-US","@id":"https:\/\/darkamazi.info\/archives\/1019616#primaryimage","url":"https:\/\/darkamazi.info\/file\/2021\/02\/5-haleten-Koronaya-nu-li-Herema-Kurdistane-hatin-tomarkirin-2.jpg","contentUrl":"https:\/\/darkamazi.info\/file\/2021\/02\/5-haleten-Koronaya-nu-li-Herema-Kurdistane-hatin-tomarkirin-2.jpg","width":900,"height":497,"caption":"Nif\u015f\u00ea n\u00fb y\u00ea Kov\u00eed\u00ea li Ba\u015f\u00fbr\u00ea welat xweya b\u00fb"},{"@type":"BreadcrumbList","@id":"https:\/\/darkamazi.info\/archives\/1019616#breadcrumb","itemListElement":[{"@type":"ListItem","position":1,"name":"Home","item":"https:\/\/darkamazi.info\/"},{"@type":"ListItem","position":2,"name":"Nif\u015f\u00ea n\u00fb y\u00ea Kov\u00eed\u00ea li Ba\u015f\u00fbr\u00ea welat xweya b\u00fb"}]},{"@type":"WebSite","@id":"https:\/\/darkamazi.info\/#website","url":"https:\/\/darkamazi.info\/","name":"Darka Maz\u00ee","description":"P\u00eageha Zanyariy\u00ean Nebih\u00eest\u00ee","publisher":{"@id":"https:\/\/darkamazi.info\/#organization"},"potentialAction":[{"@type":"SearchAction","target":{"@type":"EntryPoint","urlTemplate":"https:\/\/darkamazi.info\/?s={search_term_string}"},"query-input":{"@type":"PropertyValueSpecification","valueRequired":true,"valueName":"search_term_string"}}],"inLanguage":"en-US"},{"@type":"Organization","@id":"https:\/\/darkamazi.info\/#organization","name":"Darka Maz\u00ee","url":"https:\/\/darkamazi.info\/","logo":{"@type":"ImageObject","inLanguage":"en-US","@id":"https:\/\/darkamazi.info\/#\/schema\/logo\/image\/","url":"https:\/\/darkamazi.info\/file\/2017\/12\/darka-mazi-logo.png","contentUrl":"https:\/\/darkamazi.info\/file\/2017\/12\/darka-mazi-logo.png","width":151,"height":75,"caption":"Darka Maz\u00ee"},"image":{"@id":"https:\/\/darkamazi.info\/#\/schema\/logo\/image\/"},"sameAs":["https:\/\/www.facebook.com\/DarMaziKurmanci","https:\/\/x.com\/DarkaMaziLatini","https:\/\/www.instagram.com\/darkamazi.kurmanci\/","https:\/\/www.youtube.com\/channel\/UCa5HkTdmI8U1qCUFuTw8B2g"]},{"@type":"Person","@id":"https:\/\/darkamazi.info\/#\/schema\/person\/5ad3e24553a0567993fa8ed4bd0a776c","name":"darka mazi","sameAs":["https:\/\/darkamazi.info\/"],"url":"https:\/\/darkamazi.info\/archives\/author\/kurdi"}]}},"_links":{"self":[{"href":"https:\/\/darkamazi.info\/funavuv\/wp\/v2\/posts\/1019616","targetHints":{"allow":["GET"]}}],"collection":[{"href":"https:\/\/darkamazi.info\/funavuv\/wp\/v2\/posts"}],"about":[{"href":"https:\/\/darkamazi.info\/funavuv\/wp\/v2\/types\/post"}],"author":[{"embeddable":true,"href":"https:\/\/darkamazi.info\/funavuv\/wp\/v2\/users\/2"}],"replies":[{"embeddable":true,"href":"https:\/\/darkamazi.info\/funavuv\/wp\/v2\/comments?post=1019616"}],"version-history":[{"count":0,"href":"https:\/\/darkamazi.info\/funavuv\/wp\/v2\/posts\/1019616\/revisions"}],"wp:featuredmedia":[{"embeddable":true,"href":"https:\/\/darkamazi.info\/funavuv\/wp\/v2\/media\/1019618"}],"wp:attachment":[{"href":"https:\/\/darkamazi.info\/funavuv\/wp\/v2\/media?parent=1019616"}],"wp:term":[{"taxonomy":"category","embeddable":true,"href":"https:\/\/darkamazi.info\/funavuv\/wp\/v2\/categories?post=1019616"},{"taxonomy":"post_tag","embeddable":true,"href":"https:\/\/darkamazi.info\/funavuv\/wp\/v2\/tags?post=1019616"}],"curies":[{"name":"wp","href":"https:\/\/api.w.org\/{rel}","templated":true}]}}